{"id":10105,"date":"2021-04-06T12:29:35","date_gmt":"2021-04-06T11:29:35","guid":{"rendered":"https:\/\/radioljubuski.ba\/?p=10105"},"modified":"2021-04-06T12:29:36","modified_gmt":"2021-04-06T11:29:36","slug":"simonovic-einwalter-ne-treba-cekati-tragediju-da-se-mijenja-sustav","status":"publish","type":"post","link":"https:\/\/radioljubuski.ba\/index.php\/2021\/04\/06\/simonovic-einwalter-ne-treba-cekati-tragediju-da-se-mijenja-sustav\/","title":{"rendered":"\u0160imonovi\u0107 Einwalter: Ne treba \u010dekati tragediju da se mijenja sustav"},"content":{"rendered":"\n<p>Ovo je tragedija za koju nema primjerenih rije\u010di da bi se opisala, ali sad treba vidjeti \u0161to mo\u017eemo napraviti da se to nikad ne ponovi. \u010cini mi se da je pet koraka. Prvo, sankcioniranje konkretnih po\u010dinitelja &#8211; majke i oca. Drugo, sankcioniranje stru\u010dnih propusta u ovoj konkretnoj situaciji. Tre\u0107i korak je izmjena zakona o socijalnoj skrbi. Potreban je i \u010detvrti korak jer se ne mijenja sve izmjenom zakona, izmjena i drugih propisa, protokola i obrazaca koji se koriste. Peti korak je podizanje svijesti gra\u0111ana, svih onih koji vide nasilje da ga prijave, rekla je Tena \u0160imonovi\u0107 Einwalter, pu\u010dka pravobraniteljica u emisiji &#8220;Studio 4&#8221;.<\/p>\n\n\n\n<p>&#8211; Trebalo bi napraviti detaljnu analizu ovog slu\u010daja jer je vjerojatno da nije jedna osoba pogrije\u0161ila, ve\u0107 da je tu bio cijeli niz pogre\u0161aka i spletova okolnosti, dodala je.<br><br>\u0160imonovi\u0107 Einwalter je rekla da ve\u0107 godinama upozoravaju na potrebu dono\u0161enja novog zakona o socijalnoj skrbi.<br><br>&#8211; Svaki put kad se dogodi neka tragedija, ovo nije prva, dobivamo obe\u0107anje da \u0107e se promijeniti zakon, ali, na\u017ealost, do tih promjena ne dolazi. Od 2018. najavljuje se novi zakon o socijalnoj skrbi, bilo bi krajnje vrijeme da do toga do\u0111e. Postoji jo\u0161 niz stvari koje su va\u017ene, smanjivanje administriranja stru\u010dnih radnika, uspostava efikasnije me\u0111uresorne suradnje, jasnija odgovornost svih koji se bave problemima pojedinaca i obitelji. Trenuta\u010dno je to jedan veliki resor koji je spojen s drugim velikim resorom, to mo\u017eda isto uzrokuje neke probleme, rekla je.<br><br>Upozorila je kako ne treba \u010dekati da se dogode tragedije da bi se zahtijevale promjene u sustavu.<br><br>Osvrnula se i na izdvajanja za socijalnu skrb.<br><br>&#8211; Hrvatska je prema Ustavu socijalna dr\u017eava. Za socijalnu skrb treba izdvojiti dostatna sredstva. No nije samo stvar u sredstvima, jedan dio je u propustima, jedan dio u protokolima kako se u konkretnim slu\u010dajevima postupa. Nije dovoljno i\u0107i samo u izmjenu zakona, rekla je pu\u010dka pravobraniteljica.<br><br>&#8211; Ovo su prilike u kojima trebaju sjesti za stol svi koji imaju konstruktivne i stru\u010dne sadr\u017eaje koji mogu doprinijeti raspravama kako prona\u0107i bolja rje\u0161enja, poru\u010dila je.<br><br>Pu\u010dka pravobraniteljica istaknula&nbsp; je da rje\u0161enje treba na\u0107i pravnim sustavom.<br><br>&#8211; Ulica ne smije suditi. Moramo zadr\u017eati hladnu glavu i zdrav razum. Pozivam gra\u0111ane koji su s pravom ljuti i \u017eele promjene da to nikako ne ide u smjeru nasilja, ve\u0107 zagovaranja promjena, apelirala je pu\u010dka pravobraniteljica.<br><br>&#8211; Toga \u0107e biti sve vi\u0161e. Imamo veliko nepovjerenje i sumnju gra\u0111ana, potrebu da se odmah na\u0111e krivca. Nala\u017eenje krivca je bitno, ali to mora napraviti sustav. Javnost nema sve podatke. Trebamo sustavno rje\u0161avati problem, kazala je.<br><br>Fokus \u0107e joj biti na ja\u010danju svijesti gra\u0111ana o pravima, o tome da postoje mehanizmi ostvarivanja prava, te da se zajedno mogu i moraju stvari mijenjati na bolje, isti\u010de.<br><br>&#8211; Promjene su spore, zato sve vrijeme treba ozbiljno zagovarati strukturne promjene jer bez toga \u0107emo stalno imati nove, pojedina\u010dne tragi\u010dne doga\u0111aje. Mislim da mo\u017eemo bolje, poru\u010dila je.<\/p>\n\n\n\n<p>Izvor:hrt.hr<\/p>\n","protected":false},"excerpt":{"rendered":"<p>Ovo je tragedija za koju nema primjerenih rije\u010di da bi se opisala, ali sad treba vidjeti \u0161to mo\u017eemo napraviti da se to nikad ne ponovi. \u010cini mi se da je pet koraka. Prvo, sankcioniranje konkretnih po\u010dinitelja &#8211; majke i oca. Drugo, sankcioniranje stru\u010dnih propusta u ovoj konkretnoj situaciji. Tre\u0107i korak je izmjena zakona o socijalnoj [&hellip;]<\/p>\n","protected":false},"author":2,"featured_media":10107,"comment_status":"closed","ping_status":"closed","sticky":false,"template":"","format":"standard","meta":{"h5ap_radio_sources":[],"footnotes":""},"categories":[1],"tags":[],"class_list":["post-10105","post","type-post","status-publish","format-standard","has-post-thumbnail","hentry","category-bihiregija"],"yoast_head":"<!-- This site is optimized with the Yoast SEO plugin v27.5 - https:\/\/yoast.com\/product\/yoast-seo-wordpress\/ -->\n<title>\u0160imonovi\u0107 Einwalter: Ne treba \u010dekati tragediju da se mijenja sustav - RADIO LJUBU\u0160KI<\/title>\n<meta name=\"robots\" content=\"index, follow, max-snippet:-1, max-image-preview:large, max-video-preview:-1\" \/>\n<link rel=\"canonical\" href=\"https:\/\/radioljubuski.ba\/index.php\/2021\/04\/06\/simonovic-einwalter-ne-treba-cekati-tragediju-da-se-mijenja-sustav\/\" \/>\n<meta property=\"og:locale\" content=\"hr_HR\" \/>\n<meta property=\"og:type\" content=\"article\" \/>\n<meta property=\"og:title\" content=\"\u0160imonovi\u0107 Einwalter: Ne treba \u010dekati tragediju da se mijenja sustav - RADIO LJUBU\u0160KI\" \/>\n<meta property=\"og:description\" content=\"Ovo je tragedija za koju nema primjerenih rije\u010di da bi se opisala, ali sad treba vidjeti \u0161to mo\u017eemo napraviti da se to nikad ne ponovi. \u010cini mi se da je pet koraka. Prvo, sankcioniranje konkretnih po\u010dinitelja &#8211; majke i oca. Drugo, sankcioniranje stru\u010dnih propusta u ovoj konkretnoj situaciji. Tre\u0107i korak je izmjena zakona o socijalnoj [&hellip;]\" \/>\n<meta property=\"og:url\" content=\"https:\/\/radioljubuski.ba\/index.php\/2021\/04\/06\/simonovic-einwalter-ne-treba-cekati-tragediju-da-se-mijenja-sustav\/\" \/>\n<meta property=\"og:site_name\" content=\"RADIO LJUBU\u0160KI\" \/>\n<meta property=\"article:publisher\" content=\"https:\/\/www.facebook.com\/Radiio-Ljubuski-1490835324566332\" \/>\n<meta property=\"article:published_time\" content=\"2021-04-06T11:29:35+00:00\" \/>\n<meta property=\"article:modified_time\" content=\"2021-04-06T11:29:36+00:00\" \/>\n<meta property=\"og:image\" content=\"https:\/\/radioljubuski.ba\/wp-content\/uploads\/2021\/04\/9.png\" \/>\n\t<meta property=\"og:image:width\" content=\"645\" \/>\n\t<meta property=\"og:image:height\" content=\"360\" \/>\n\t<meta property=\"og:image:type\" content=\"image\/png\" \/>\n<meta name=\"author\" content=\"Radio Ljubu\u0161ki\" \/>\n<meta name=\"twitter:card\" content=\"summary_large_image\" \/>\n<meta name=\"twitter:creator\" content=\"@radioljubuski\" \/>\n<meta name=\"twitter:site\" content=\"@radioljubuski\" \/>\n<meta name=\"twitter:label1\" content=\"Napisao\/la\" \/>\n\t<meta name=\"twitter:data1\" content=\"Radio Ljubu\u0161ki\" \/>\n\t<meta name=\"twitter:label2\" content=\"Procijenjeno vrijeme \u010ditanja\" \/>\n\t<meta name=\"twitter:data2\" content=\"3 minute\" \/>\n<script type=\"application\/ld+json\" class=\"yoast-schema-graph\">{\"@context\":\"https:\\\/\\\/schema.org\",\"@graph\":[{\"@type\":\"Article\",\"@id\":\"https:\\\/\\\/radioljubuski.ba\\\/index.php\\\/2021\\\/04\\\/06\\\/simonovic-einwalter-ne-treba-cekati-tragediju-da-se-mijenja-sustav\\\/#article\",\"isPartOf\":{\"@id\":\"https:\\\/\\\/radioljubuski.ba\\\/index.php\\\/2021\\\/04\\\/06\\\/simonovic-einwalter-ne-treba-cekati-tragediju-da-se-mijenja-sustav\\\/\"},\"author\":{\"name\":\"Radio Ljubu\u0161ki\",\"@id\":\"https:\\\/\\\/radioljubuski.ba\\\/#\\\/schema\\\/person\\\/19fc700381a780f69665d7956c469e3b\"},\"headline\":\"\u0160imonovi\u0107 Einwalter: Ne treba \u010dekati tragediju da se mijenja sustav\",\"datePublished\":\"2021-04-06T11:29:35+00:00\",\"dateModified\":\"2021-04-06T11:29:36+00:00\",\"mainEntityOfPage\":{\"@id\":\"https:\\\/\\\/radioljubuski.ba\\\/index.php\\\/2021\\\/04\\\/06\\\/simonovic-einwalter-ne-treba-cekati-tragediju-da-se-mijenja-sustav\\\/\"},\"wordCount\":534,\"publisher\":{\"@id\":\"https:\\\/\\\/radioljubuski.ba\\\/#organization\"},\"image\":{\"@id\":\"https:\\\/\\\/radioljubuski.ba\\\/index.php\\\/2021\\\/04\\\/06\\\/simonovic-einwalter-ne-treba-cekati-tragediju-da-se-mijenja-sustav\\\/#primaryimage\"},\"thumbnailUrl\":\"https:\\\/\\\/radioljubuski.ba\\\/wp-content\\\/uploads\\\/2021\\\/04\\\/9.png\",\"articleSection\":[\"BIH i regija\"],\"inLanguage\":\"hr\"},{\"@type\":\"WebPage\",\"@id\":\"https:\\\/\\\/radioljubuski.ba\\\/index.php\\\/2021\\\/04\\\/06\\\/simonovic-einwalter-ne-treba-cekati-tragediju-da-se-mijenja-sustav\\\/\",\"url\":\"https:\\\/\\\/radioljubuski.ba\\\/index.php\\\/2021\\\/04\\\/06\\\/simonovic-einwalter-ne-treba-cekati-tragediju-da-se-mijenja-sustav\\\/\",\"name\":\"\u0160imonovi\u0107 Einwalter: Ne treba \u010dekati tragediju da se mijenja sustav - RADIO LJUBU\u0160KI\",\"isPartOf\":{\"@id\":\"https:\\\/\\\/radioljubuski.ba\\\/#website\"},\"primaryImageOfPage\":{\"@id\":\"https:\\\/\\\/radioljubuski.ba\\\/index.php\\\/2021\\\/04\\\/06\\\/simonovic-einwalter-ne-treba-cekati-tragediju-da-se-mijenja-sustav\\\/#primaryimage\"},\"image\":{\"@id\":\"https:\\\/\\\/radioljubuski.ba\\\/index.php\\\/2021\\\/04\\\/06\\\/simonovic-einwalter-ne-treba-cekati-tragediju-da-se-mijenja-sustav\\\/#primaryimage\"},\"thumbnailUrl\":\"https:\\\/\\\/radioljubuski.ba\\\/wp-content\\\/uploads\\\/2021\\\/04\\\/9.png\",\"datePublished\":\"2021-04-06T11:29:35+00:00\",\"dateModified\":\"2021-04-06T11:29:36+00:00\",\"breadcrumb\":{\"@id\":\"https:\\\/\\\/radioljubuski.ba\\\/index.php\\\/2021\\\/04\\\/06\\\/simonovic-einwalter-ne-treba-cekati-tragediju-da-se-mijenja-sustav\\\/#breadcrumb\"},\"inLanguage\":\"hr\",\"potentialAction\":[{\"@type\":\"ReadAction\",\"target\":[\"https:\\\/\\\/radioljubuski.ba\\\/index.php\\\/2021\\\/04\\\/06\\\/simonovic-einwalter-ne-treba-cekati-tragediju-da-se-mijenja-sustav\\\/\"]}]},{\"@type\":\"ImageObject\",\"inLanguage\":\"hr\",\"@id\":\"https:\\\/\\\/radioljubuski.ba\\\/index.php\\\/2021\\\/04\\\/06\\\/simonovic-einwalter-ne-treba-cekati-tragediju-da-se-mijenja-sustav\\\/#primaryimage\",\"url\":\"https:\\\/\\\/radioljubuski.ba\\\/wp-content\\\/uploads\\\/2021\\\/04\\\/9.png\",\"contentUrl\":\"https:\\\/\\\/radioljubuski.ba\\\/wp-content\\\/uploads\\\/2021\\\/04\\\/9.png\",\"width\":645,\"height\":360},{\"@type\":\"BreadcrumbList\",\"@id\":\"https:\\\/\\\/radioljubuski.ba\\\/index.php\\\/2021\\\/04\\\/06\\\/simonovic-einwalter-ne-treba-cekati-tragediju-da-se-mijenja-sustav\\\/#breadcrumb\",\"itemListElement\":[{\"@type\":\"ListItem\",\"position\":1,\"name\":\"Po\u010detna stranica\",\"item\":\"https:\\\/\\\/radioljubuski.ba\\\/\"},{\"@type\":\"ListItem\",\"position\":2,\"name\":\"\u0160imonovi\u0107 Einwalter: Ne treba \u010dekati tragediju da se mijenja sustav\"}]},{\"@type\":\"WebSite\",\"@id\":\"https:\\\/\\\/radioljubuski.ba\\\/#website\",\"url\":\"https:\\\/\\\/radioljubuski.ba\\\/\",\"name\":\"Radio Ljubu\u0161ki\",\"description\":\"Sun\u010dana frekvencija Hercegovine\",\"publisher\":{\"@id\":\"https:\\\/\\\/radioljubuski.ba\\\/#organization\"},\"potentialAction\":[{\"@type\":\"SearchAction\",\"target\":{\"@type\":\"EntryPoint\",\"urlTemplate\":\"https:\\\/\\\/radioljubuski.ba\\\/?s={search_term_string}\"},\"query-input\":{\"@type\":\"PropertyValueSpecification\",\"valueRequired\":true,\"valueName\":\"search_term_string\"}}],\"inLanguage\":\"hr\"},{\"@type\":\"Organization\",\"@id\":\"https:\\\/\\\/radioljubuski.ba\\\/#organization\",\"name\":\"Radio Ljubu\u0161ki\",\"url\":\"https:\\\/\\\/radioljubuski.ba\\\/\",\"logo\":{\"@type\":\"ImageObject\",\"inLanguage\":\"hr\",\"@id\":\"https:\\\/\\\/radioljubuski.ba\\\/#\\\/schema\\\/logo\\\/image\\\/\",\"url\":\"https:\\\/\\\/radioljubuski.ba\\\/wp-content\\\/uploads\\\/2021\\\/02\\\/cropped-Radio_Ljubuski_logo1.jpg\",\"contentUrl\":\"https:\\\/\\\/radioljubuski.ba\\\/wp-content\\\/uploads\\\/2021\\\/02\\\/cropped-Radio_Ljubuski_logo1.jpg\",\"width\":512,\"height\":512,\"caption\":\"Radio Ljubu\u0161ki\"},\"image\":{\"@id\":\"https:\\\/\\\/radioljubuski.ba\\\/#\\\/schema\\\/logo\\\/image\\\/\"},\"sameAs\":[\"https:\\\/\\\/www.facebook.com\\\/Radiio-Ljubuski-1490835324566332\",\"https:\\\/\\\/x.com\\\/radioljubuski\",\"https:\\\/\\\/hr.linkedin.com\\\/company\\\/radio-ljubuski\",\"https:\\\/\\\/www.youtube.com\\\/channel\\\/UCHYaeO_n0Db3tjNGudGpXyw\"]},{\"@type\":\"Person\",\"@id\":\"https:\\\/\\\/radioljubuski.ba\\\/#\\\/schema\\\/person\\\/19fc700381a780f69665d7956c469e3b\",\"name\":\"Radio Ljubu\u0161ki\"}]}<\/script>\n<!-- \/ Yoast SEO plugin. -->","yoast_head_json":{"title":"\u0160imonovi\u0107 Einwalter: Ne treba \u010dekati tragediju da se mijenja sustav - RADIO LJUBU\u0160KI","robots":{"index":"index","follow":"follow","max-snippet":"max-snippet:-1","max-image-preview":"max-image-preview:large","max-video-preview":"max-video-preview:-1"},"canonical":"https:\/\/radioljubuski.ba\/index.php\/2021\/04\/06\/simonovic-einwalter-ne-treba-cekati-tragediju-da-se-mijenja-sustav\/","og_locale":"hr_HR","og_type":"article","og_title":"\u0160imonovi\u0107 Einwalter: Ne treba \u010dekati tragediju da se mijenja sustav - RADIO LJUBU\u0160KI","og_description":"Ovo je tragedija za koju nema primjerenih rije\u010di da bi se opisala, ali sad treba vidjeti \u0161to mo\u017eemo napraviti da se to nikad ne ponovi. \u010cini mi se da je pet koraka. Prvo, sankcioniranje konkretnih po\u010dinitelja &#8211; majke i oca. Drugo, sankcioniranje stru\u010dnih propusta u ovoj konkretnoj situaciji. Tre\u0107i korak je izmjena zakona o socijalnoj [&hellip;]","og_url":"https:\/\/radioljubuski.ba\/index.php\/2021\/04\/06\/simonovic-einwalter-ne-treba-cekati-tragediju-da-se-mijenja-sustav\/","og_site_name":"RADIO LJUBU\u0160KI","article_publisher":"https:\/\/www.facebook.com\/Radiio-Ljubuski-1490835324566332","article_published_time":"2021-04-06T11:29:35+00:00","article_modified_time":"2021-04-06T11:29:36+00:00","og_image":[{"width":645,"height":360,"url":"https:\/\/radioljubuski.ba\/wp-content\/uploads\/2021\/04\/9.png","type":"image\/png"}],"author":"Radio Ljubu\u0161ki","twitter_card":"summary_large_image","twitter_creator":"@radioljubuski","twitter_site":"@radioljubuski","twitter_misc":{"Napisao\/la":"Radio Ljubu\u0161ki","Procijenjeno vrijeme \u010ditanja":"3 minute"},"schema":{"@context":"https:\/\/schema.org","@graph":[{"@type":"Article","@id":"https:\/\/radioljubuski.ba\/index.php\/2021\/04\/06\/simonovic-einwalter-ne-treba-cekati-tragediju-da-se-mijenja-sustav\/#article","isPartOf":{"@id":"https:\/\/radioljubuski.ba\/index.php\/2021\/04\/06\/simonovic-einwalter-ne-treba-cekati-tragediju-da-se-mijenja-sustav\/"},"author":{"name":"Radio Ljubu\u0161ki","@id":"https:\/\/radioljubuski.ba\/#\/schema\/person\/19fc700381a780f69665d7956c469e3b"},"headline":"\u0160imonovi\u0107 Einwalter: Ne treba \u010dekati tragediju da se mijenja sustav","datePublished":"2021-04-06T11:29:35+00:00","dateModified":"2021-04-06T11:29:36+00:00","mainEntityOfPage":{"@id":"https:\/\/radioljubuski.ba\/index.php\/2021\/04\/06\/simonovic-einwalter-ne-treba-cekati-tragediju-da-se-mijenja-sustav\/"},"wordCount":534,"publisher":{"@id":"https:\/\/radioljubuski.ba\/#organization"},"image":{"@id":"https:\/\/radioljubuski.ba\/index.php\/2021\/04\/06\/simonovic-einwalter-ne-treba-cekati-tragediju-da-se-mijenja-sustav\/#primaryimage"},"thumbnailUrl":"https:\/\/radioljubuski.ba\/wp-content\/uploads\/2021\/04\/9.png","articleSection":["BIH i regija"],"inLanguage":"hr"},{"@type":"WebPage","@id":"https:\/\/radioljubuski.ba\/index.php\/2021\/04\/06\/simonovic-einwalter-ne-treba-cekati-tragediju-da-se-mijenja-sustav\/","url":"https:\/\/radioljubuski.ba\/index.php\/2021\/04\/06\/simonovic-einwalter-ne-treba-cekati-tragediju-da-se-mijenja-sustav\/","name":"\u0160imonovi\u0107 Einwalter: Ne treba \u010dekati tragediju da se mijenja sustav - RADIO LJUBU\u0160KI","isPartOf":{"@id":"https:\/\/radioljubuski.ba\/#website"},"primaryImageOfPage":{"@id":"https:\/\/radioljubuski.ba\/index.php\/2021\/04\/06\/simonovic-einwalter-ne-treba-cekati-tragediju-da-se-mijenja-sustav\/#primaryimage"},"image":{"@id":"https:\/\/radioljubuski.ba\/index.php\/2021\/04\/06\/simonovic-einwalter-ne-treba-cekati-tragediju-da-se-mijenja-sustav\/#primaryimage"},"thumbnailUrl":"https:\/\/radioljubuski.ba\/wp-content\/uploads\/2021\/04\/9.png","datePublished":"2021-04-06T11:29:35+00:00","dateModified":"2021-04-06T11:29:36+00:00","breadcrumb":{"@id":"https:\/\/radioljubuski.ba\/index.php\/2021\/04\/06\/simonovic-einwalter-ne-treba-cekati-tragediju-da-se-mijenja-sustav\/#breadcrumb"},"inLanguage":"hr","potentialAction":[{"@type":"ReadAction","target":["https:\/\/radioljubuski.ba\/index.php\/2021\/04\/06\/simonovic-einwalter-ne-treba-cekati-tragediju-da-se-mijenja-sustav\/"]}]},{"@type":"ImageObject","inLanguage":"hr","@id":"https:\/\/radioljubuski.ba\/index.php\/2021\/04\/06\/simonovic-einwalter-ne-treba-cekati-tragediju-da-se-mijenja-sustav\/#primaryimage","url":"https:\/\/radioljubuski.ba\/wp-content\/uploads\/2021\/04\/9.png","contentUrl":"https:\/\/radioljubuski.ba\/wp-content\/uploads\/2021\/04\/9.png","width":645,"height":360},{"@type":"BreadcrumbList","@id":"https:\/\/radioljubuski.ba\/index.php\/2021\/04\/06\/simonovic-einwalter-ne-treba-cekati-tragediju-da-se-mijenja-sustav\/#breadcrumb","itemListElement":[{"@type":"ListItem","position":1,"name":"Po\u010detna stranica","item":"https:\/\/radioljubuski.ba\/"},{"@type":"ListItem","position":2,"name":"\u0160imonovi\u0107 Einwalter: Ne treba \u010dekati tragediju da se mijenja sustav"}]},{"@type":"WebSite","@id":"https:\/\/radioljubuski.ba\/#website","url":"https:\/\/radioljubuski.ba\/","name":"Radio Ljubu\u0161ki","description":"Sun\u010dana frekvencija Hercegovine","publisher":{"@id":"https:\/\/radioljubuski.ba\/#organization"},"potentialAction":[{"@type":"SearchAction","target":{"@type":"EntryPoint","urlTemplate":"https:\/\/radioljubuski.ba\/?s={search_term_string}"},"query-input":{"@type":"PropertyValueSpecification","valueRequired":true,"valueName":"search_term_string"}}],"inLanguage":"hr"},{"@type":"Organization","@id":"https:\/\/radioljubuski.ba\/#organization","name":"Radio Ljubu\u0161ki","url":"https:\/\/radioljubuski.ba\/","logo":{"@type":"ImageObject","inLanguage":"hr","@id":"https:\/\/radioljubuski.ba\/#\/schema\/logo\/image\/","url":"https:\/\/radioljubuski.ba\/wp-content\/uploads\/2021\/02\/cropped-Radio_Ljubuski_logo1.jpg","contentUrl":"https:\/\/radioljubuski.ba\/wp-content\/uploads\/2021\/02\/cropped-Radio_Ljubuski_logo1.jpg","width":512,"height":512,"caption":"Radio Ljubu\u0161ki"},"image":{"@id":"https:\/\/radioljubuski.ba\/#\/schema\/logo\/image\/"},"sameAs":["https:\/\/www.facebook.com\/Radiio-Ljubuski-1490835324566332","https:\/\/x.com\/radioljubuski","https:\/\/hr.linkedin.com\/company\/radio-ljubuski","https:\/\/www.youtube.com\/channel\/UCHYaeO_n0Db3tjNGudGpXyw"]},{"@type":"Person","@id":"https:\/\/radioljubuski.ba\/#\/schema\/person\/19fc700381a780f69665d7956c469e3b","name":"Radio Ljubu\u0161ki"}]}},"_links":{"self":[{"href":"https:\/\/radioljubuski.ba\/index.php\/wp-json\/wp\/v2\/posts\/10105","targetHints":{"allow":["GET"]}}],"collection":[{"href":"https:\/\/radioljubuski.ba\/index.php\/wp-json\/wp\/v2\/posts"}],"about":[{"href":"https:\/\/radioljubuski.ba\/index.php\/wp-json\/wp\/v2\/types\/post"}],"author":[{"embeddable":true,"href":"https:\/\/radioljubuski.ba\/index.php\/wp-json\/wp\/v2\/users\/2"}],"replies":[{"embeddable":true,"href":"https:\/\/radioljubuski.ba\/index.php\/wp-json\/wp\/v2\/comments?post=10105"}],"version-history":[{"count":1,"href":"https:\/\/radioljubuski.ba\/index.php\/wp-json\/wp\/v2\/posts\/10105\/revisions"}],"predecessor-version":[{"id":10108,"href":"https:\/\/radioljubuski.ba\/index.php\/wp-json\/wp\/v2\/posts\/10105\/revisions\/10108"}],"wp:featuredmedia":[{"embeddable":true,"href":"https:\/\/radioljubuski.ba\/index.php\/wp-json\/wp\/v2\/media\/10107"}],"wp:attachment":[{"href":"https:\/\/radioljubuski.ba\/index.php\/wp-json\/wp\/v2\/media?parent=10105"}],"wp:term":[{"taxonomy":"category","embeddable":true,"href":"https:\/\/radioljubuski.ba\/index.php\/wp-json\/wp\/v2\/categories?post=10105"},{"taxonomy":"post_tag","embeddable":true,"href":"https:\/\/radioljubuski.ba\/index.php\/wp-json\/wp\/v2\/tags?post=10105"}],"curies":[{"name":"wp","href":"https:\/\/api.w.org\/{rel}","templated":true}]}}