{"id":1014,"date":"2021-03-03T23:47:33","date_gmt":"2021-03-03T23:47:33","guid":{"rendered":"https:\/\/radioljubuski.ba\/?p=1014"},"modified":"2021-03-03T23:47:34","modified_gmt":"2021-03-03T23:47:34","slug":"barcelona-nakon-produzetaka-izborila-finale-kupa","status":"publish","type":"post","link":"https:\/\/radioljubuski.ba\/index.php\/2021\/03\/03\/barcelona-nakon-produzetaka-izborila-finale-kupa\/","title":{"rendered":"Barcelona nakon produ\u017eetaka izborila finale Kupa"},"content":{"rendered":"\n<p><strong>U uzvratnom susretu polufinala \u0161panjolskog nogometnog Kupa kralja Barcelona je na Camp Nou nakon produ\u017eetaka pobijedila Sevillu s 3-0, nadoknadiv\u0161i tako poraz 0-2 iz prve utakmice.<\/strong><\/p>\n\n\n\n<p>Jo\u0161 dugo \u0107e nogometa\u0161i Seville \u017ealiti za prilikom koju su propustili na Camp Nou. Andalu\u017eani su ispustili 2-0 iz prve utakmice, proma\u0161ili su kazneni udarac, u samoj zavr\u0161nici ostali bez igra\u010da, a drugi gol primili su u \u010detvrtoj minuti nadoknade.<br><br>Barcelona je povela u 12. minuti krasnim golom&nbsp;<strong>Ousmanea Dembelea<\/strong>. Francuski napada\u010d je s ruba kaznenog prostora pogodio desne &#8220;ra\u0161lje&#8221; pored nemo\u0107nog&nbsp;<strong>Tomasa Vaclika<\/strong>. Doma\u0107in je mogao anulirati zaostatak iz prve utakmice u 67. minuti, no<strong>&nbsp;Jordi Alba&nbsp;<\/strong>je na Dembeleov uba\u010daj pogodio vratnicu.<br><br>Sevilla je u 73. minuti imala priliku sve rije\u0161iti kada je<strong>&nbsp;Oscar Mingueza<\/strong>&nbsp;sru\u0161io&nbsp;<strong>Lucasa Ocamposa<\/strong>, a sudac&nbsp;<strong>Jose Sanchez&nbsp;<\/strong>pokazao na bijelu to\u010dku. Argentinac je sam izveo kazneni udarac i to o\u010dajno.&nbsp;<strong>Marc-Andre ter Stegen<\/strong>&nbsp;je lako\u0107om zaustavio njegov udarac.<br><br>Novi udarac gosti su do\u017eivjeli u suda\u010dkoj nadoknadi kada je&nbsp;<strong>Fernando&nbsp;<\/strong>isklju\u010den zbog drugog \u017eutog kartona. U akciji koja je uslijedila Barca je preko&nbsp;<strong>Gerarda Piquea&nbsp;<\/strong>zabila za 2-0 i tako izjedna\u010dila rezultat iz prve utakmice gurnuv\u0161i susret u produ\u017eetak.<br><br>S igra\u010dem vi\u0161e Barca je ve\u0107 u 95. minuti stigla do prednosti.&nbsp;<strong>Alba&nbsp;<\/strong>je ubacio, a&nbsp;<strong>Martin Braithwaite<\/strong>, koji je u\u0161ao u 89. minuti, na prvoj stativi zabio za 3-0.<br><br>Biv\u0161i hrvatski reprezentativac&nbsp;<strong>Ivan Rakiti\u0107<\/strong>&nbsp;igrao je za Sevillu od 54. minute.<br><br>Barcelona \u0107e u finalu igrati protiv pobjednika susreta Levante &#8211; Athletic Bilbao, a prva utakmica je zavr\u0161ila 1-1.<br><br>REZULTATI<br>Barcelona &#8211; Sevilla 3-0 (Dembele 12, Piquet 90+4, Braithwaite 95)<br>(prva utakmica 0-2)<br><br>U \u010detvrtak:<br>Levante &#8211; Athletic Bilbao<br>(prva utakmica 1-1)<\/p>\n\n\n\n<p>Izvor:hrt.hr<\/p>\n","protected":false},"excerpt":{"rendered":"<p>U uzvratnom susretu polufinala \u0161panjolskog nogometnog Kupa kralja Barcelona je na Camp Nou nakon produ\u017eetaka pobijedila Sevillu s 3-0, nadoknadiv\u0161i tako poraz 0-2 iz prve utakmice. Jo\u0161 dugo \u0107e nogometa\u0161i Seville \u017ealiti za prilikom koju su propustili na Camp Nou. Andalu\u017eani su ispustili 2-0 iz prve utakmice, proma\u0161ili su kazneni udarac, u samoj zavr\u0161nici ostali [&hellip;]<\/p>\n","protected":false},"author":2,"featured_media":1015,"comment_status":"closed","ping_status":"closed","sticky":false,"template":"","format":"standard","meta":{"h5ap_radio_sources":[],"footnotes":""},"categories":[1],"tags":[],"class_list":["post-1014","post","type-post","status-publish","format-standard","has-post-thumbnail","hentry","category-bihiregija"],"yoast_head":"<!-- This site is optimized with the Yoast SEO plugin v27.5 - https:\/\/yoast.com\/product\/yoast-seo-wordpress\/ -->\n<title>Barcelona nakon produ\u017eetaka izborila finale Kupa - RADIO LJUBU\u0160KI<\/title>\n<meta name=\"robots\" content=\"index, follow, max-snippet:-1, max-image-preview:large, max-video-preview:-1\" \/>\n<link rel=\"canonical\" href=\"https:\/\/radioljubuski.ba\/index.php\/2021\/03\/03\/barcelona-nakon-produzetaka-izborila-finale-kupa\/\" \/>\n<meta property=\"og:locale\" content=\"hr_HR\" \/>\n<meta property=\"og:type\" content=\"article\" \/>\n<meta property=\"og:title\" content=\"Barcelona nakon produ\u017eetaka izborila finale Kupa - RADIO LJUBU\u0160KI\" \/>\n<meta property=\"og:description\" content=\"U uzvratnom susretu polufinala \u0161panjolskog nogometnog Kupa kralja Barcelona je na Camp Nou nakon produ\u017eetaka pobijedila Sevillu s 3-0, nadoknadiv\u0161i tako poraz 0-2 iz prve utakmice. Jo\u0161 dugo \u0107e nogometa\u0161i Seville \u017ealiti za prilikom koju su propustili na Camp Nou. Andalu\u017eani su ispustili 2-0 iz prve utakmice, proma\u0161ili su kazneni udarac, u samoj zavr\u0161nici ostali [&hellip;]\" \/>\n<meta property=\"og:url\" content=\"https:\/\/radioljubuski.ba\/index.php\/2021\/03\/03\/barcelona-nakon-produzetaka-izborila-finale-kupa\/\" \/>\n<meta property=\"og:site_name\" content=\"RADIO LJUBU\u0160KI\" \/>\n<meta property=\"article:publisher\" content=\"https:\/\/www.facebook.com\/Radiio-Ljubuski-1490835324566332\" \/>\n<meta property=\"article:published_time\" content=\"2021-03-03T23:47:33+00:00\" \/>\n<meta property=\"article:modified_time\" content=\"2021-03-03T23:47:34+00:00\" \/>\n<meta property=\"og:image\" content=\"https:\/\/radioljubuski.ba\/wp-content\/uploads\/2021\/03\/1-1.png\" \/>\n\t<meta property=\"og:image:width\" content=\"500\" \/>\n\t<meta property=\"og:image:height\" content=\"295\" \/>\n\t<meta property=\"og:image:type\" content=\"image\/png\" \/>\n<meta name=\"author\" content=\"Radio Ljubu\u0161ki\" \/>\n<meta name=\"twitter:card\" content=\"summary_large_image\" \/>\n<meta name=\"twitter:creator\" content=\"@radioljubuski\" \/>\n<meta name=\"twitter:site\" content=\"@radioljubuski\" \/>\n<meta name=\"twitter:label1\" content=\"Napisao\/la\" \/>\n\t<meta name=\"twitter:data1\" content=\"Radio Ljubu\u0161ki\" \/>\n\t<meta name=\"twitter:label2\" content=\"Procijenjeno vrijeme \u010ditanja\" \/>\n\t<meta name=\"twitter:data2\" content=\"2 minute\" \/>\n<script type=\"application\/ld+json\" class=\"yoast-schema-graph\">{\"@context\":\"https:\\\/\\\/schema.org\",\"@graph\":[{\"@type\":\"Article\",\"@id\":\"https:\\\/\\\/radioljubuski.ba\\\/index.php\\\/2021\\\/03\\\/03\\\/barcelona-nakon-produzetaka-izborila-finale-kupa\\\/#article\",\"isPartOf\":{\"@id\":\"https:\\\/\\\/radioljubuski.ba\\\/index.php\\\/2021\\\/03\\\/03\\\/barcelona-nakon-produzetaka-izborila-finale-kupa\\\/\"},\"author\":{\"name\":\"Radio Ljubu\u0161ki\",\"@id\":\"https:\\\/\\\/radioljubuski.ba\\\/#\\\/schema\\\/person\\\/19fc700381a780f69665d7956c469e3b\"},\"headline\":\"Barcelona nakon produ\u017eetaka izborila finale Kupa\",\"datePublished\":\"2021-03-03T23:47:33+00:00\",\"dateModified\":\"2021-03-03T23:47:34+00:00\",\"mainEntityOfPage\":{\"@id\":\"https:\\\/\\\/radioljubuski.ba\\\/index.php\\\/2021\\\/03\\\/03\\\/barcelona-nakon-produzetaka-izborila-finale-kupa\\\/\"},\"wordCount\":321,\"publisher\":{\"@id\":\"https:\\\/\\\/radioljubuski.ba\\\/#organization\"},\"image\":{\"@id\":\"https:\\\/\\\/radioljubuski.ba\\\/index.php\\\/2021\\\/03\\\/03\\\/barcelona-nakon-produzetaka-izborila-finale-kupa\\\/#primaryimage\"},\"thumbnailUrl\":\"https:\\\/\\\/radioljubuski.ba\\\/wp-content\\\/uploads\\\/2021\\\/03\\\/1-1.png\",\"articleSection\":[\"BIH i regija\"],\"inLanguage\":\"hr\"},{\"@type\":\"WebPage\",\"@id\":\"https:\\\/\\\/radioljubuski.ba\\\/index.php\\\/2021\\\/03\\\/03\\\/barcelona-nakon-produzetaka-izborila-finale-kupa\\\/\",\"url\":\"https:\\\/\\\/radioljubuski.ba\\\/index.php\\\/2021\\\/03\\\/03\\\/barcelona-nakon-produzetaka-izborila-finale-kupa\\\/\",\"name\":\"Barcelona nakon produ\u017eetaka izborila finale Kupa - RADIO LJUBU\u0160KI\",\"isPartOf\":{\"@id\":\"https:\\\/\\\/radioljubuski.ba\\\/#website\"},\"primaryImageOfPage\":{\"@id\":\"https:\\\/\\\/radioljubuski.ba\\\/index.php\\\/2021\\\/03\\\/03\\\/barcelona-nakon-produzetaka-izborila-finale-kupa\\\/#primaryimage\"},\"image\":{\"@id\":\"https:\\\/\\\/radioljubuski.ba\\\/index.php\\\/2021\\\/03\\\/03\\\/barcelona-nakon-produzetaka-izborila-finale-kupa\\\/#primaryimage\"},\"thumbnailUrl\":\"https:\\\/\\\/radioljubuski.ba\\\/wp-content\\\/uploads\\\/2021\\\/03\\\/1-1.png\",\"datePublished\":\"2021-03-03T23:47:33+00:00\",\"dateModified\":\"2021-03-03T23:47:34+00:00\",\"breadcrumb\":{\"@id\":\"https:\\\/\\\/radioljubuski.ba\\\/index.php\\\/2021\\\/03\\\/03\\\/barcelona-nakon-produzetaka-izborila-finale-kupa\\\/#breadcrumb\"},\"inLanguage\":\"hr\",\"potentialAction\":[{\"@type\":\"ReadAction\",\"target\":[\"https:\\\/\\\/radioljubuski.ba\\\/index.php\\\/2021\\\/03\\\/03\\\/barcelona-nakon-produzetaka-izborila-finale-kupa\\\/\"]}]},{\"@type\":\"ImageObject\",\"inLanguage\":\"hr\",\"@id\":\"https:\\\/\\\/radioljubuski.ba\\\/index.php\\\/2021\\\/03\\\/03\\\/barcelona-nakon-produzetaka-izborila-finale-kupa\\\/#primaryimage\",\"url\":\"https:\\\/\\\/radioljubuski.ba\\\/wp-content\\\/uploads\\\/2021\\\/03\\\/1-1.png\",\"contentUrl\":\"https:\\\/\\\/radioljubuski.ba\\\/wp-content\\\/uploads\\\/2021\\\/03\\\/1-1.png\",\"width\":500,\"height\":295},{\"@type\":\"BreadcrumbList\",\"@id\":\"https:\\\/\\\/radioljubuski.ba\\\/index.php\\\/2021\\\/03\\\/03\\\/barcelona-nakon-produzetaka-izborila-finale-kupa\\\/#breadcrumb\",\"itemListElement\":[{\"@type\":\"ListItem\",\"position\":1,\"name\":\"Po\u010detna stranica\",\"item\":\"https:\\\/\\\/radioljubuski.ba\\\/\"},{\"@type\":\"ListItem\",\"position\":2,\"name\":\"Barcelona nakon produ\u017eetaka izborila finale Kupa\"}]},{\"@type\":\"WebSite\",\"@id\":\"https:\\\/\\\/radioljubuski.ba\\\/#website\",\"url\":\"https:\\\/\\\/radioljubuski.ba\\\/\",\"name\":\"Radio Ljubu\u0161ki\",\"description\":\"Sun\u010dana frekvencija Hercegovine\",\"publisher\":{\"@id\":\"https:\\\/\\\/radioljubuski.ba\\\/#organization\"},\"potentialAction\":[{\"@type\":\"SearchAction\",\"target\":{\"@type\":\"EntryPoint\",\"urlTemplate\":\"https:\\\/\\\/radioljubuski.ba\\\/?s={search_term_string}\"},\"query-input\":{\"@type\":\"PropertyValueSpecification\",\"valueRequired\":true,\"valueName\":\"search_term_string\"}}],\"inLanguage\":\"hr\"},{\"@type\":\"Organization\",\"@id\":\"https:\\\/\\\/radioljubuski.ba\\\/#organization\",\"name\":\"Radio Ljubu\u0161ki\",\"url\":\"https:\\\/\\\/radioljubuski.ba\\\/\",\"logo\":{\"@type\":\"ImageObject\",\"inLanguage\":\"hr\",\"@id\":\"https:\\\/\\\/radioljubuski.ba\\\/#\\\/schema\\\/logo\\\/image\\\/\",\"url\":\"https:\\\/\\\/radioljubuski.ba\\\/wp-content\\\/uploads\\\/2021\\\/02\\\/cropped-Radio_Ljubuski_logo1.jpg\",\"contentUrl\":\"https:\\\/\\\/radioljubuski.ba\\\/wp-content\\\/uploads\\\/2021\\\/02\\\/cropped-Radio_Ljubuski_logo1.jpg\",\"width\":512,\"height\":512,\"caption\":\"Radio Ljubu\u0161ki\"},\"image\":{\"@id\":\"https:\\\/\\\/radioljubuski.ba\\\/#\\\/schema\\\/logo\\\/image\\\/\"},\"sameAs\":[\"https:\\\/\\\/www.facebook.com\\\/Radiio-Ljubuski-1490835324566332\",\"https:\\\/\\\/x.com\\\/radioljubuski\",\"https:\\\/\\\/hr.linkedin.com\\\/company\\\/radio-ljubuski\",\"https:\\\/\\\/www.youtube.com\\\/channel\\\/UCHYaeO_n0Db3tjNGudGpXyw\"]},{\"@type\":\"Person\",\"@id\":\"https:\\\/\\\/radioljubuski.ba\\\/#\\\/schema\\\/person\\\/19fc700381a780f69665d7956c469e3b\",\"name\":\"Radio Ljubu\u0161ki\"}]}<\/script>\n<!-- \/ Yoast SEO plugin. -->","yoast_head_json":{"title":"Barcelona nakon produ\u017eetaka izborila finale Kupa - RADIO LJUBU\u0160KI","robots":{"index":"index","follow":"follow","max-snippet":"max-snippet:-1","max-image-preview":"max-image-preview:large","max-video-preview":"max-video-preview:-1"},"canonical":"https:\/\/radioljubuski.ba\/index.php\/2021\/03\/03\/barcelona-nakon-produzetaka-izborila-finale-kupa\/","og_locale":"hr_HR","og_type":"article","og_title":"Barcelona nakon produ\u017eetaka izborila finale Kupa - RADIO LJUBU\u0160KI","og_description":"U uzvratnom susretu polufinala \u0161panjolskog nogometnog Kupa kralja Barcelona je na Camp Nou nakon produ\u017eetaka pobijedila Sevillu s 3-0, nadoknadiv\u0161i tako poraz 0-2 iz prve utakmice. Jo\u0161 dugo \u0107e nogometa\u0161i Seville \u017ealiti za prilikom koju su propustili na Camp Nou. Andalu\u017eani su ispustili 2-0 iz prve utakmice, proma\u0161ili su kazneni udarac, u samoj zavr\u0161nici ostali [&hellip;]","og_url":"https:\/\/radioljubuski.ba\/index.php\/2021\/03\/03\/barcelona-nakon-produzetaka-izborila-finale-kupa\/","og_site_name":"RADIO LJUBU\u0160KI","article_publisher":"https:\/\/www.facebook.com\/Radiio-Ljubuski-1490835324566332","article_published_time":"2021-03-03T23:47:33+00:00","article_modified_time":"2021-03-03T23:47:34+00:00","og_image":[{"width":500,"height":295,"url":"https:\/\/radioljubuski.ba\/wp-content\/uploads\/2021\/03\/1-1.png","type":"image\/png"}],"author":"Radio Ljubu\u0161ki","twitter_card":"summary_large_image","twitter_creator":"@radioljubuski","twitter_site":"@radioljubuski","twitter_misc":{"Napisao\/la":"Radio Ljubu\u0161ki","Procijenjeno vrijeme \u010ditanja":"2 minute"},"schema":{"@context":"https:\/\/schema.org","@graph":[{"@type":"Article","@id":"https:\/\/radioljubuski.ba\/index.php\/2021\/03\/03\/barcelona-nakon-produzetaka-izborila-finale-kupa\/#article","isPartOf":{"@id":"https:\/\/radioljubuski.ba\/index.php\/2021\/03\/03\/barcelona-nakon-produzetaka-izborila-finale-kupa\/"},"author":{"name":"Radio Ljubu\u0161ki","@id":"https:\/\/radioljubuski.ba\/#\/schema\/person\/19fc700381a780f69665d7956c469e3b"},"headline":"Barcelona nakon produ\u017eetaka izborila finale Kupa","datePublished":"2021-03-03T23:47:33+00:00","dateModified":"2021-03-03T23:47:34+00:00","mainEntityOfPage":{"@id":"https:\/\/radioljubuski.ba\/index.php\/2021\/03\/03\/barcelona-nakon-produzetaka-izborila-finale-kupa\/"},"wordCount":321,"publisher":{"@id":"https:\/\/radioljubuski.ba\/#organization"},"image":{"@id":"https:\/\/radioljubuski.ba\/index.php\/2021\/03\/03\/barcelona-nakon-produzetaka-izborila-finale-kupa\/#primaryimage"},"thumbnailUrl":"https:\/\/radioljubuski.ba\/wp-content\/uploads\/2021\/03\/1-1.png","articleSection":["BIH i regija"],"inLanguage":"hr"},{"@type":"WebPage","@id":"https:\/\/radioljubuski.ba\/index.php\/2021\/03\/03\/barcelona-nakon-produzetaka-izborila-finale-kupa\/","url":"https:\/\/radioljubuski.ba\/index.php\/2021\/03\/03\/barcelona-nakon-produzetaka-izborila-finale-kupa\/","name":"Barcelona nakon produ\u017eetaka izborila finale Kupa - RADIO LJUBU\u0160KI","isPartOf":{"@id":"https:\/\/radioljubuski.ba\/#website"},"primaryImageOfPage":{"@id":"https:\/\/radioljubuski.ba\/index.php\/2021\/03\/03\/barcelona-nakon-produzetaka-izborila-finale-kupa\/#primaryimage"},"image":{"@id":"https:\/\/radioljubuski.ba\/index.php\/2021\/03\/03\/barcelona-nakon-produzetaka-izborila-finale-kupa\/#primaryimage"},"thumbnailUrl":"https:\/\/radioljubuski.ba\/wp-content\/uploads\/2021\/03\/1-1.png","datePublished":"2021-03-03T23:47:33+00:00","dateModified":"2021-03-03T23:47:34+00:00","breadcrumb":{"@id":"https:\/\/radioljubuski.ba\/index.php\/2021\/03\/03\/barcelona-nakon-produzetaka-izborila-finale-kupa\/#breadcrumb"},"inLanguage":"hr","potentialAction":[{"@type":"ReadAction","target":["https:\/\/radioljubuski.ba\/index.php\/2021\/03\/03\/barcelona-nakon-produzetaka-izborila-finale-kupa\/"]}]},{"@type":"ImageObject","inLanguage":"hr","@id":"https:\/\/radioljubuski.ba\/index.php\/2021\/03\/03\/barcelona-nakon-produzetaka-izborila-finale-kupa\/#primaryimage","url":"https:\/\/radioljubuski.ba\/wp-content\/uploads\/2021\/03\/1-1.png","contentUrl":"https:\/\/radioljubuski.ba\/wp-content\/uploads\/2021\/03\/1-1.png","width":500,"height":295},{"@type":"BreadcrumbList","@id":"https:\/\/radioljubuski.ba\/index.php\/2021\/03\/03\/barcelona-nakon-produzetaka-izborila-finale-kupa\/#breadcrumb","itemListElement":[{"@type":"ListItem","position":1,"name":"Po\u010detna stranica","item":"https:\/\/radioljubuski.ba\/"},{"@type":"ListItem","position":2,"name":"Barcelona nakon produ\u017eetaka izborila finale Kupa"}]},{"@type":"WebSite","@id":"https:\/\/radioljubuski.ba\/#website","url":"https:\/\/radioljubuski.ba\/","name":"Radio Ljubu\u0161ki","description":"Sun\u010dana frekvencija Hercegovine","publisher":{"@id":"https:\/\/radioljubuski.ba\/#organization"},"potentialAction":[{"@type":"SearchAction","target":{"@type":"EntryPoint","urlTemplate":"https:\/\/radioljubuski.ba\/?s={search_term_string}"},"query-input":{"@type":"PropertyValueSpecification","valueRequired":true,"valueName":"search_term_string"}}],"inLanguage":"hr"},{"@type":"Organization","@id":"https:\/\/radioljubuski.ba\/#organization","name":"Radio Ljubu\u0161ki","url":"https:\/\/radioljubuski.ba\/","logo":{"@type":"ImageObject","inLanguage":"hr","@id":"https:\/\/radioljubuski.ba\/#\/schema\/logo\/image\/","url":"https:\/\/radioljubuski.ba\/wp-content\/uploads\/2021\/02\/cropped-Radio_Ljubuski_logo1.jpg","contentUrl":"https:\/\/radioljubuski.ba\/wp-content\/uploads\/2021\/02\/cropped-Radio_Ljubuski_logo1.jpg","width":512,"height":512,"caption":"Radio Ljubu\u0161ki"},"image":{"@id":"https:\/\/radioljubuski.ba\/#\/schema\/logo\/image\/"},"sameAs":["https:\/\/www.facebook.com\/Radiio-Ljubuski-1490835324566332","https:\/\/x.com\/radioljubuski","https:\/\/hr.linkedin.com\/company\/radio-ljubuski","https:\/\/www.youtube.com\/channel\/UCHYaeO_n0Db3tjNGudGpXyw"]},{"@type":"Person","@id":"https:\/\/radioljubuski.ba\/#\/schema\/person\/19fc700381a780f69665d7956c469e3b","name":"Radio Ljubu\u0161ki"}]}},"_links":{"self":[{"href":"https:\/\/radioljubuski.ba\/index.php\/wp-json\/wp\/v2\/posts\/1014","targetHints":{"allow":["GET"]}}],"collection":[{"href":"https:\/\/radioljubuski.ba\/index.php\/wp-json\/wp\/v2\/posts"}],"about":[{"href":"https:\/\/radioljubuski.ba\/index.php\/wp-json\/wp\/v2\/types\/post"}],"author":[{"embeddable":true,"href":"https:\/\/radioljubuski.ba\/index.php\/wp-json\/wp\/v2\/users\/2"}],"replies":[{"embeddable":true,"href":"https:\/\/radioljubuski.ba\/index.php\/wp-json\/wp\/v2\/comments?post=1014"}],"version-history":[{"count":1,"href":"https:\/\/radioljubuski.ba\/index.php\/wp-json\/wp\/v2\/posts\/1014\/revisions"}],"predecessor-version":[{"id":1016,"href":"https:\/\/radioljubuski.ba\/index.php\/wp-json\/wp\/v2\/posts\/1014\/revisions\/1016"}],"wp:featuredmedia":[{"embeddable":true,"href":"https:\/\/radioljubuski.ba\/index.php\/wp-json\/wp\/v2\/media\/1015"}],"wp:attachment":[{"href":"https:\/\/radioljubuski.ba\/index.php\/wp-json\/wp\/v2\/media?parent=1014"}],"wp:term":[{"taxonomy":"category","embeddable":true,"href":"https:\/\/radioljubuski.ba\/index.php\/wp-json\/wp\/v2\/categories?post=1014"},{"taxonomy":"post_tag","embeddable":true,"href":"https:\/\/radioljubuski.ba\/index.php\/wp-json\/wp\/v2\/tags?post=1014"}],"curies":[{"name":"wp","href":"https:\/\/api.w.org\/{rel}","templated":true}]}}