{"id":101418,"date":"2021-12-17T17:45:22","date_gmt":"2021-12-17T16:45:22","guid":{"rendered":"https:\/\/radioljubuski.ba\/?p=101418"},"modified":"2021-12-17T17:45:24","modified_gmt":"2021-12-17T16:45:24","slug":"premier-liga-u-vrtlogu-koronavirusa-novi-zarazeni-u-chelseaju","status":"publish","type":"post","link":"https:\/\/radioljubuski.ba\/index.php\/2021\/12\/17\/premier-liga-u-vrtlogu-koronavirusa-novi-zarazeni-u-chelseaju\/","title":{"rendered":"Premier liga u vrtlogu koronavirusa, novi zara\u017eeni u Chelseaju"},"content":{"rendered":"\n<p><strong>Zbog velikog broja novih pozitivnih slu\u010dajeva na koronavirus novi dio protokola u engleskoj Premier ligi su dnevna testiranja.<\/strong><\/p>\n\n\n\n<p>Zbog sve ve\u0107eg broja pozitivnih testova u brojnim prvoliga\u0161ima posljednjih dana odgo\u0111en je veliki broj utakmica.<br><br>Ne\u0107e se igrati predvi\u0111eni dvoboj ovog \u010detvrtka izme\u0111u Leicestera i Tottenhama, a odgo\u0111eni su i ogled Manchester United &#8211; Brighton, Brighton &#8211; Tottenham, Brentford &#8211; Manchester United, Burnley &#8211; Watford, Southampton &#8211; Brentford, Watford &#8211; Crystal Palace, West Ham &#8211; Norwich te Everton &#8211; Leicester.<\/p>\n\n\n\n<p>Samo dva sata prije po\u010detka utakmice Chelseja i Evertona na Stamford Bridgeu iz Chelseaja su slu\u017ebeno obznanili kako imaju nova tri pozitivna testa unutar igra\u010dkog kadra.<br><br>Imena nisu objavljena, a podsjetimo kako je od ranije u izolaciji zbog pozitivnog testa hrvatski reprezentativac\u00a0<strong>Mateo Kova\u010di\u0107<\/strong>.<br><br>Sve ja\u010de odzvanja \u017eelja mnogih klubova da se zbog aktualne situacije zaustavi igranje u Premier ligi, dok se stanje s COVID-19 ne smiri.<\/p>\n\n\n\n<blockquote class=\"twitter-tweet\"><p lang=\"en\" dir=\"ltr\">Chelsea become the latest club to be struck by Covid-19. Understand at least four players have tested positive in last 24 hours. <br><br>First team has been re-tested this afternoon ahead of the game vs Everton, which still going ahead as things stand.<a href=\"https:\/\/t.co\/YUjUTTClY4\">https:\/\/t.co\/YUjUTTClY4<\/a><\/p>&mdash; Adam Newson (@AdamNewson) <a href=\"https:\/\/twitter.com\/AdamNewson\/status\/1471462913026240516?ref_src=twsrc%5Etfw\">December 16, 2021<\/a><\/blockquote> <script async src=\"https:\/\/platform.twitter.com\/widgets.js\" charset=\"utf-8\"><\/script>\n\n\n\n<p>Izvor:hrt.hr<\/p>\n","protected":false},"excerpt":{"rendered":"<p>Zbog velikog broja novih pozitivnih slu\u010dajeva na koronavirus novi dio protokola u engleskoj Premier ligi su dnevna testiranja. Zbog sve ve\u0107eg broja pozitivnih testova u brojnim prvoliga\u0161ima posljednjih dana odgo\u0111en je veliki broj utakmica. Ne\u0107e se igrati predvi\u0111eni dvoboj ovog \u010detvrtka izme\u0111u Leicestera i Tottenhama, a odgo\u0111eni su i ogled Manchester United &#8211; Brighton, Brighton [&hellip;]<\/p>\n","protected":false},"author":2,"featured_media":101419,"comment_status":"closed","ping_status":"closed","sticky":false,"template":"","format":"standard","meta":{"h5ap_radio_sources":[],"footnotes":""},"categories":[7],"tags":[],"class_list":["post-101418","post","type-post","status-publish","format-standard","has-post-thumbnail","hentry","category-sport"],"yoast_head":"<!-- This site is optimized with the Yoast SEO plugin v27.4 - https:\/\/yoast.com\/product\/yoast-seo-wordpress\/ -->\n<title>Premier liga u vrtlogu koronavirusa, novi zara\u017eeni u Chelseaju - RADIO LJUBU\u0160KI<\/title>\n<meta name=\"robots\" content=\"index, follow, max-snippet:-1, max-image-preview:large, max-video-preview:-1\" \/>\n<link rel=\"canonical\" href=\"https:\/\/radioljubuski.ba\/index.php\/2021\/12\/17\/premier-liga-u-vrtlogu-koronavirusa-novi-zarazeni-u-chelseaju\/\" \/>\n<meta property=\"og:locale\" content=\"hr_HR\" \/>\n<meta property=\"og:type\" content=\"article\" \/>\n<meta property=\"og:title\" content=\"Premier liga u vrtlogu koronavirusa, novi zara\u017eeni u Chelseaju - RADIO LJUBU\u0160KI\" \/>\n<meta property=\"og:description\" content=\"Zbog velikog broja novih pozitivnih slu\u010dajeva na koronavirus novi dio protokola u engleskoj Premier ligi su dnevna testiranja. Zbog sve ve\u0107eg broja pozitivnih testova u brojnim prvoliga\u0161ima posljednjih dana odgo\u0111en je veliki broj utakmica. Ne\u0107e se igrati predvi\u0111eni dvoboj ovog \u010detvrtka izme\u0111u Leicestera i Tottenhama, a odgo\u0111eni su i ogled Manchester United &#8211; Brighton, Brighton [&hellip;]\" \/>\n<meta property=\"og:url\" content=\"https:\/\/radioljubuski.ba\/index.php\/2021\/12\/17\/premier-liga-u-vrtlogu-koronavirusa-novi-zarazeni-u-chelseaju\/\" \/>\n<meta property=\"og:site_name\" content=\"RADIO LJUBU\u0160KI\" \/>\n<meta property=\"article:publisher\" content=\"https:\/\/www.facebook.com\/Radiio-Ljubuski-1490835324566332\" \/>\n<meta property=\"article:published_time\" content=\"2021-12-17T16:45:22+00:00\" \/>\n<meta property=\"article:modified_time\" content=\"2021-12-17T16:45:24+00:00\" \/>\n<meta property=\"og:image\" content=\"https:\/\/radioljubuski.ba\/wp-content\/uploads\/2021\/12\/preuzmi-2-13.jpg\" \/>\n\t<meta property=\"og:image:width\" content=\"293\" \/>\n\t<meta property=\"og:image:height\" content=\"172\" \/>\n\t<meta property=\"og:image:type\" content=\"image\/jpeg\" \/>\n<meta name=\"author\" content=\"Radio Ljubu\u0161ki\" \/>\n<meta name=\"twitter:card\" content=\"summary_large_image\" \/>\n<meta name=\"twitter:creator\" content=\"@radioljubuski\" \/>\n<meta name=\"twitter:site\" content=\"@radioljubuski\" \/>\n<meta name=\"twitter:label1\" content=\"Napisao\/la\" \/>\n\t<meta name=\"twitter:data1\" content=\"Radio Ljubu\u0161ki\" \/>\n\t<meta name=\"twitter:label2\" content=\"Procijenjeno vrijeme \u010ditanja\" \/>\n\t<meta name=\"twitter:data2\" content=\"1 minuta\" \/>\n<script type=\"application\/ld+json\" class=\"yoast-schema-graph\">{\"@context\":\"https:\\\/\\\/schema.org\",\"@graph\":[{\"@type\":\"Article\",\"@id\":\"https:\\\/\\\/radioljubuski.ba\\\/index.php\\\/2021\\\/12\\\/17\\\/premier-liga-u-vrtlogu-koronavirusa-novi-zarazeni-u-chelseaju\\\/#article\",\"isPartOf\":{\"@id\":\"https:\\\/\\\/radioljubuski.ba\\\/index.php\\\/2021\\\/12\\\/17\\\/premier-liga-u-vrtlogu-koronavirusa-novi-zarazeni-u-chelseaju\\\/\"},\"author\":{\"name\":\"Radio Ljubu\u0161ki\",\"@id\":\"https:\\\/\\\/radioljubuski.ba\\\/#\\\/schema\\\/person\\\/19fc700381a780f69665d7956c469e3b\"},\"headline\":\"Premier liga u vrtlogu koronavirusa, novi zara\u017eeni u Chelseaju\",\"datePublished\":\"2021-12-17T16:45:22+00:00\",\"dateModified\":\"2021-12-17T16:45:24+00:00\",\"mainEntityOfPage\":{\"@id\":\"https:\\\/\\\/radioljubuski.ba\\\/index.php\\\/2021\\\/12\\\/17\\\/premier-liga-u-vrtlogu-koronavirusa-novi-zarazeni-u-chelseaju\\\/\"},\"wordCount\":222,\"publisher\":{\"@id\":\"https:\\\/\\\/radioljubuski.ba\\\/#organization\"},\"image\":{\"@id\":\"https:\\\/\\\/radioljubuski.ba\\\/index.php\\\/2021\\\/12\\\/17\\\/premier-liga-u-vrtlogu-koronavirusa-novi-zarazeni-u-chelseaju\\\/#primaryimage\"},\"thumbnailUrl\":\"https:\\\/\\\/radioljubuski.ba\\\/wp-content\\\/uploads\\\/2021\\\/12\\\/preuzmi-2-13.jpg\",\"articleSection\":[\"\u0160port\"],\"inLanguage\":\"hr\"},{\"@type\":\"WebPage\",\"@id\":\"https:\\\/\\\/radioljubuski.ba\\\/index.php\\\/2021\\\/12\\\/17\\\/premier-liga-u-vrtlogu-koronavirusa-novi-zarazeni-u-chelseaju\\\/\",\"url\":\"https:\\\/\\\/radioljubuski.ba\\\/index.php\\\/2021\\\/12\\\/17\\\/premier-liga-u-vrtlogu-koronavirusa-novi-zarazeni-u-chelseaju\\\/\",\"name\":\"Premier liga u vrtlogu koronavirusa, novi zara\u017eeni u Chelseaju - RADIO LJUBU\u0160KI\",\"isPartOf\":{\"@id\":\"https:\\\/\\\/radioljubuski.ba\\\/#website\"},\"primaryImageOfPage\":{\"@id\":\"https:\\\/\\\/radioljubuski.ba\\\/index.php\\\/2021\\\/12\\\/17\\\/premier-liga-u-vrtlogu-koronavirusa-novi-zarazeni-u-chelseaju\\\/#primaryimage\"},\"image\":{\"@id\":\"https:\\\/\\\/radioljubuski.ba\\\/index.php\\\/2021\\\/12\\\/17\\\/premier-liga-u-vrtlogu-koronavirusa-novi-zarazeni-u-chelseaju\\\/#primaryimage\"},\"thumbnailUrl\":\"https:\\\/\\\/radioljubuski.ba\\\/wp-content\\\/uploads\\\/2021\\\/12\\\/preuzmi-2-13.jpg\",\"datePublished\":\"2021-12-17T16:45:22+00:00\",\"dateModified\":\"2021-12-17T16:45:24+00:00\",\"breadcrumb\":{\"@id\":\"https:\\\/\\\/radioljubuski.ba\\\/index.php\\\/2021\\\/12\\\/17\\\/premier-liga-u-vrtlogu-koronavirusa-novi-zarazeni-u-chelseaju\\\/#breadcrumb\"},\"inLanguage\":\"hr\",\"potentialAction\":[{\"@type\":\"ReadAction\",\"target\":[\"https:\\\/\\\/radioljubuski.ba\\\/index.php\\\/2021\\\/12\\\/17\\\/premier-liga-u-vrtlogu-koronavirusa-novi-zarazeni-u-chelseaju\\\/\"]}]},{\"@type\":\"ImageObject\",\"inLanguage\":\"hr\",\"@id\":\"https:\\\/\\\/radioljubuski.ba\\\/index.php\\\/2021\\\/12\\\/17\\\/premier-liga-u-vrtlogu-koronavirusa-novi-zarazeni-u-chelseaju\\\/#primaryimage\",\"url\":\"https:\\\/\\\/radioljubuski.ba\\\/wp-content\\\/uploads\\\/2021\\\/12\\\/preuzmi-2-13.jpg\",\"contentUrl\":\"https:\\\/\\\/radioljubuski.ba\\\/wp-content\\\/uploads\\\/2021\\\/12\\\/preuzmi-2-13.jpg\",\"width\":293,\"height\":172},{\"@type\":\"BreadcrumbList\",\"@id\":\"https:\\\/\\\/radioljubuski.ba\\\/index.php\\\/2021\\\/12\\\/17\\\/premier-liga-u-vrtlogu-koronavirusa-novi-zarazeni-u-chelseaju\\\/#breadcrumb\",\"itemListElement\":[{\"@type\":\"ListItem\",\"position\":1,\"name\":\"Po\u010detna stranica\",\"item\":\"https:\\\/\\\/radioljubuski.ba\\\/\"},{\"@type\":\"ListItem\",\"position\":2,\"name\":\"Premier liga u vrtlogu koronavirusa, novi zara\u017eeni u Chelseaju\"}]},{\"@type\":\"WebSite\",\"@id\":\"https:\\\/\\\/radioljubuski.ba\\\/#website\",\"url\":\"https:\\\/\\\/radioljubuski.ba\\\/\",\"name\":\"Radio Ljubu\u0161ki\",\"description\":\"Sun\u010dana frekvencija Hercegovine\",\"publisher\":{\"@id\":\"https:\\\/\\\/radioljubuski.ba\\\/#organization\"},\"potentialAction\":[{\"@type\":\"SearchAction\",\"target\":{\"@type\":\"EntryPoint\",\"urlTemplate\":\"https:\\\/\\\/radioljubuski.ba\\\/?s={search_term_string}\"},\"query-input\":{\"@type\":\"PropertyValueSpecification\",\"valueRequired\":true,\"valueName\":\"search_term_string\"}}],\"inLanguage\":\"hr\"},{\"@type\":\"Organization\",\"@id\":\"https:\\\/\\\/radioljubuski.ba\\\/#organization\",\"name\":\"Radio Ljubu\u0161ki\",\"url\":\"https:\\\/\\\/radioljubuski.ba\\\/\",\"logo\":{\"@type\":\"ImageObject\",\"inLanguage\":\"hr\",\"@id\":\"https:\\\/\\\/radioljubuski.ba\\\/#\\\/schema\\\/logo\\\/image\\\/\",\"url\":\"https:\\\/\\\/radioljubuski.ba\\\/wp-content\\\/uploads\\\/2021\\\/02\\\/cropped-Radio_Ljubuski_logo1.jpg\",\"contentUrl\":\"https:\\\/\\\/radioljubuski.ba\\\/wp-content\\\/uploads\\\/2021\\\/02\\\/cropped-Radio_Ljubuski_logo1.jpg\",\"width\":512,\"height\":512,\"caption\":\"Radio Ljubu\u0161ki\"},\"image\":{\"@id\":\"https:\\\/\\\/radioljubuski.ba\\\/#\\\/schema\\\/logo\\\/image\\\/\"},\"sameAs\":[\"https:\\\/\\\/www.facebook.com\\\/Radiio-Ljubuski-1490835324566332\",\"https:\\\/\\\/x.com\\\/radioljubuski\",\"https:\\\/\\\/hr.linkedin.com\\\/company\\\/radio-ljubuski\",\"https:\\\/\\\/www.youtube.com\\\/channel\\\/UCHYaeO_n0Db3tjNGudGpXyw\"]},{\"@type\":\"Person\",\"@id\":\"https:\\\/\\\/radioljubuski.ba\\\/#\\\/schema\\\/person\\\/19fc700381a780f69665d7956c469e3b\",\"name\":\"Radio Ljubu\u0161ki\"}]}<\/script>\n<!-- \/ Yoast SEO plugin. -->","yoast_head_json":{"title":"Premier liga u vrtlogu koronavirusa, novi zara\u017eeni u Chelseaju - RADIO LJUBU\u0160KI","robots":{"index":"index","follow":"follow","max-snippet":"max-snippet:-1","max-image-preview":"max-image-preview:large","max-video-preview":"max-video-preview:-1"},"canonical":"https:\/\/radioljubuski.ba\/index.php\/2021\/12\/17\/premier-liga-u-vrtlogu-koronavirusa-novi-zarazeni-u-chelseaju\/","og_locale":"hr_HR","og_type":"article","og_title":"Premier liga u vrtlogu koronavirusa, novi zara\u017eeni u Chelseaju - RADIO LJUBU\u0160KI","og_description":"Zbog velikog broja novih pozitivnih slu\u010dajeva na koronavirus novi dio protokola u engleskoj Premier ligi su dnevna testiranja. Zbog sve ve\u0107eg broja pozitivnih testova u brojnim prvoliga\u0161ima posljednjih dana odgo\u0111en je veliki broj utakmica. Ne\u0107e se igrati predvi\u0111eni dvoboj ovog \u010detvrtka izme\u0111u Leicestera i Tottenhama, a odgo\u0111eni su i ogled Manchester United &#8211; Brighton, Brighton [&hellip;]","og_url":"https:\/\/radioljubuski.ba\/index.php\/2021\/12\/17\/premier-liga-u-vrtlogu-koronavirusa-novi-zarazeni-u-chelseaju\/","og_site_name":"RADIO LJUBU\u0160KI","article_publisher":"https:\/\/www.facebook.com\/Radiio-Ljubuski-1490835324566332","article_published_time":"2021-12-17T16:45:22+00:00","article_modified_time":"2021-12-17T16:45:24+00:00","og_image":[{"width":293,"height":172,"url":"https:\/\/radioljubuski.ba\/wp-content\/uploads\/2021\/12\/preuzmi-2-13.jpg","type":"image\/jpeg"}],"author":"Radio Ljubu\u0161ki","twitter_card":"summary_large_image","twitter_creator":"@radioljubuski","twitter_site":"@radioljubuski","twitter_misc":{"Napisao\/la":"Radio Ljubu\u0161ki","Procijenjeno vrijeme \u010ditanja":"1 minuta"},"schema":{"@context":"https:\/\/schema.org","@graph":[{"@type":"Article","@id":"https:\/\/radioljubuski.ba\/index.php\/2021\/12\/17\/premier-liga-u-vrtlogu-koronavirusa-novi-zarazeni-u-chelseaju\/#article","isPartOf":{"@id":"https:\/\/radioljubuski.ba\/index.php\/2021\/12\/17\/premier-liga-u-vrtlogu-koronavirusa-novi-zarazeni-u-chelseaju\/"},"author":{"name":"Radio Ljubu\u0161ki","@id":"https:\/\/radioljubuski.ba\/#\/schema\/person\/19fc700381a780f69665d7956c469e3b"},"headline":"Premier liga u vrtlogu koronavirusa, novi zara\u017eeni u Chelseaju","datePublished":"2021-12-17T16:45:22+00:00","dateModified":"2021-12-17T16:45:24+00:00","mainEntityOfPage":{"@id":"https:\/\/radioljubuski.ba\/index.php\/2021\/12\/17\/premier-liga-u-vrtlogu-koronavirusa-novi-zarazeni-u-chelseaju\/"},"wordCount":222,"publisher":{"@id":"https:\/\/radioljubuski.ba\/#organization"},"image":{"@id":"https:\/\/radioljubuski.ba\/index.php\/2021\/12\/17\/premier-liga-u-vrtlogu-koronavirusa-novi-zarazeni-u-chelseaju\/#primaryimage"},"thumbnailUrl":"https:\/\/radioljubuski.ba\/wp-content\/uploads\/2021\/12\/preuzmi-2-13.jpg","articleSection":["\u0160port"],"inLanguage":"hr"},{"@type":"WebPage","@id":"https:\/\/radioljubuski.ba\/index.php\/2021\/12\/17\/premier-liga-u-vrtlogu-koronavirusa-novi-zarazeni-u-chelseaju\/","url":"https:\/\/radioljubuski.ba\/index.php\/2021\/12\/17\/premier-liga-u-vrtlogu-koronavirusa-novi-zarazeni-u-chelseaju\/","name":"Premier liga u vrtlogu koronavirusa, novi zara\u017eeni u Chelseaju - RADIO LJUBU\u0160KI","isPartOf":{"@id":"https:\/\/radioljubuski.ba\/#website"},"primaryImageOfPage":{"@id":"https:\/\/radioljubuski.ba\/index.php\/2021\/12\/17\/premier-liga-u-vrtlogu-koronavirusa-novi-zarazeni-u-chelseaju\/#primaryimage"},"image":{"@id":"https:\/\/radioljubuski.ba\/index.php\/2021\/12\/17\/premier-liga-u-vrtlogu-koronavirusa-novi-zarazeni-u-chelseaju\/#primaryimage"},"thumbnailUrl":"https:\/\/radioljubuski.ba\/wp-content\/uploads\/2021\/12\/preuzmi-2-13.jpg","datePublished":"2021-12-17T16:45:22+00:00","dateModified":"2021-12-17T16:45:24+00:00","breadcrumb":{"@id":"https:\/\/radioljubuski.ba\/index.php\/2021\/12\/17\/premier-liga-u-vrtlogu-koronavirusa-novi-zarazeni-u-chelseaju\/#breadcrumb"},"inLanguage":"hr","potentialAction":[{"@type":"ReadAction","target":["https:\/\/radioljubuski.ba\/index.php\/2021\/12\/17\/premier-liga-u-vrtlogu-koronavirusa-novi-zarazeni-u-chelseaju\/"]}]},{"@type":"ImageObject","inLanguage":"hr","@id":"https:\/\/radioljubuski.ba\/index.php\/2021\/12\/17\/premier-liga-u-vrtlogu-koronavirusa-novi-zarazeni-u-chelseaju\/#primaryimage","url":"https:\/\/radioljubuski.ba\/wp-content\/uploads\/2021\/12\/preuzmi-2-13.jpg","contentUrl":"https:\/\/radioljubuski.ba\/wp-content\/uploads\/2021\/12\/preuzmi-2-13.jpg","width":293,"height":172},{"@type":"BreadcrumbList","@id":"https:\/\/radioljubuski.ba\/index.php\/2021\/12\/17\/premier-liga-u-vrtlogu-koronavirusa-novi-zarazeni-u-chelseaju\/#breadcrumb","itemListElement":[{"@type":"ListItem","position":1,"name":"Po\u010detna stranica","item":"https:\/\/radioljubuski.ba\/"},{"@type":"ListItem","position":2,"name":"Premier liga u vrtlogu koronavirusa, novi zara\u017eeni u Chelseaju"}]},{"@type":"WebSite","@id":"https:\/\/radioljubuski.ba\/#website","url":"https:\/\/radioljubuski.ba\/","name":"Radio Ljubu\u0161ki","description":"Sun\u010dana frekvencija Hercegovine","publisher":{"@id":"https:\/\/radioljubuski.ba\/#organization"},"potentialAction":[{"@type":"SearchAction","target":{"@type":"EntryPoint","urlTemplate":"https:\/\/radioljubuski.ba\/?s={search_term_string}"},"query-input":{"@type":"PropertyValueSpecification","valueRequired":true,"valueName":"search_term_string"}}],"inLanguage":"hr"},{"@type":"Organization","@id":"https:\/\/radioljubuski.ba\/#organization","name":"Radio Ljubu\u0161ki","url":"https:\/\/radioljubuski.ba\/","logo":{"@type":"ImageObject","inLanguage":"hr","@id":"https:\/\/radioljubuski.ba\/#\/schema\/logo\/image\/","url":"https:\/\/radioljubuski.ba\/wp-content\/uploads\/2021\/02\/cropped-Radio_Ljubuski_logo1.jpg","contentUrl":"https:\/\/radioljubuski.ba\/wp-content\/uploads\/2021\/02\/cropped-Radio_Ljubuski_logo1.jpg","width":512,"height":512,"caption":"Radio Ljubu\u0161ki"},"image":{"@id":"https:\/\/radioljubuski.ba\/#\/schema\/logo\/image\/"},"sameAs":["https:\/\/www.facebook.com\/Radiio-Ljubuski-1490835324566332","https:\/\/x.com\/radioljubuski","https:\/\/hr.linkedin.com\/company\/radio-ljubuski","https:\/\/www.youtube.com\/channel\/UCHYaeO_n0Db3tjNGudGpXyw"]},{"@type":"Person","@id":"https:\/\/radioljubuski.ba\/#\/schema\/person\/19fc700381a780f69665d7956c469e3b","name":"Radio Ljubu\u0161ki"}]}},"_links":{"self":[{"href":"https:\/\/radioljubuski.ba\/index.php\/wp-json\/wp\/v2\/posts\/101418","targetHints":{"allow":["GET"]}}],"collection":[{"href":"https:\/\/radioljubuski.ba\/index.php\/wp-json\/wp\/v2\/posts"}],"about":[{"href":"https:\/\/radioljubuski.ba\/index.php\/wp-json\/wp\/v2\/types\/post"}],"author":[{"embeddable":true,"href":"https:\/\/radioljubuski.ba\/index.php\/wp-json\/wp\/v2\/users\/2"}],"replies":[{"embeddable":true,"href":"https:\/\/radioljubuski.ba\/index.php\/wp-json\/wp\/v2\/comments?post=101418"}],"version-history":[{"count":1,"href":"https:\/\/radioljubuski.ba\/index.php\/wp-json\/wp\/v2\/posts\/101418\/revisions"}],"predecessor-version":[{"id":101420,"href":"https:\/\/radioljubuski.ba\/index.php\/wp-json\/wp\/v2\/posts\/101418\/revisions\/101420"}],"wp:featuredmedia":[{"embeddable":true,"href":"https:\/\/radioljubuski.ba\/index.php\/wp-json\/wp\/v2\/media\/101419"}],"wp:attachment":[{"href":"https:\/\/radioljubuski.ba\/index.php\/wp-json\/wp\/v2\/media?parent=101418"}],"wp:term":[{"taxonomy":"category","embeddable":true,"href":"https:\/\/radioljubuski.ba\/index.php\/wp-json\/wp\/v2\/categories?post=101418"},{"taxonomy":"post_tag","embeddable":true,"href":"https:\/\/radioljubuski.ba\/index.php\/wp-json\/wp\/v2\/tags?post=101418"}],"curies":[{"name":"wp","href":"https:\/\/api.w.org\/{rel}","templated":true}]}}