{"id":10143,"date":"2021-04-06T16:03:56","date_gmt":"2021-04-06T15:03:56","guid":{"rendered":"https:\/\/radioljubuski.ba\/?p=10143"},"modified":"2021-04-06T16:03:57","modified_gmt":"2021-04-06T15:03:57","slug":"u-ljubuskom-3-novozarazenih-19-oporavljenih-preminule-4-muske-osobe","status":"publish","type":"post","link":"https:\/\/radioljubuski.ba\/index.php\/2021\/04\/06\/u-ljubuskom-3-novozarazenih-19-oporavljenih-preminule-4-muske-osobe\/","title":{"rendered":"U Ljubu\u0161kom 3 novozara\u017eenih, 19 oporavljenih, preminule 4 mu\u0161ke osobe"},"content":{"rendered":"\n<p>U protekla 24 sata na podru\u010dju \u017dupanije Zapadnohercegova\u010dke na prisustvo koronavirusa &nbsp;testirane 102 osobe, od \u010dega je 3 retestiranih.<\/p>\n\n\n\n<p>Prema<strong>&nbsp;<\/strong>rezultatima Zavoda za mikrobiologiju i molekularnu dijagnostiku Sveu\u010dili\u0161ne klini\u010dke bolnice Mostar do 12 sati, registrirano je 28 novozara\u017eenih osoba na prisustvo koronavirusa iz \u0160irokog Brijega 22 (9 mu\u0161kih i 13 \u017eenskih), Gruda 2 \u017eenske, Ljubu\u0161kog 3 (2 mu\u0161ke i 1 \u017eenska) te Posu\u0161ja 1 mu\u0161ka osoba.<\/p>\n\n\n\n<p>U Klinici za infektivne bolesti Sveu\u010dili\u0161ne klini\u010dke bolnice Mostar tijekom protekla tri dana od COVID-19 preminulo je 10 osoba, iz Ljubu\u0161kog mu\u0161karac 1956., mu\u0161karac 1935., mu\u0161karac 1953., mu\u0161karac 1959., iz \u0160irokog Brijega \u017eena 1964., \u017eena 1957., \u017eena 1936., iz Gruda \u017eena 1937., \u017eena 1934. te iz Posu\u0161ja \u017eena 1944. godi\u0161te.&nbsp;&nbsp;&nbsp;&nbsp;&nbsp; &nbsp;<\/p>\n\n\n\n<p>Od prisustva koronavirusa oporavile su se 124 osobe, iz \u0160irokog Brijega 51, Gruda 21, Ljubu\u0161kog 19, Posu\u0161ja 33.&nbsp;&nbsp;&nbsp;&nbsp;&nbsp;&nbsp;&nbsp;&nbsp;&nbsp;&nbsp;&nbsp;&nbsp;&nbsp;&nbsp;&nbsp;&nbsp;&nbsp;&nbsp;&nbsp;&nbsp;<\/p>\n\n\n\n<p>U samoizolaciji nalazi se 2.100 osoba, dok su 193 osobe iza\u0161le iz samoizolacije.<\/p>\n\n\n\n<p>Na podru\u010dju \u017dupanije Zapadnohercegova\u010dke na prisustvo koronavirusa pozitivno je 1.420 osoba:<\/p>\n\n\n\n<p>&#8211;&nbsp;&nbsp;&nbsp;&nbsp;&nbsp;&nbsp;&nbsp;&nbsp;&nbsp;&nbsp;\u0160iroki Brijeg \u2013 566<\/p>\n\n\n\n<p>&#8211;&nbsp;&nbsp;&nbsp;&nbsp;&nbsp;&nbsp;&nbsp;&nbsp;&nbsp;&nbsp;Ljubu\u0161ki \u2013 322<\/p>\n\n\n\n<p>&#8211;&nbsp;&nbsp;&nbsp;&nbsp;&nbsp;&nbsp;&nbsp;&nbsp;&nbsp;&nbsp;Grude -285<\/p>\n\n\n\n<p>&#8211;&nbsp;&nbsp;&nbsp;&nbsp;&nbsp;&nbsp;&nbsp;&nbsp;&nbsp;&nbsp;Posu\u0161je \u2013247<\/p>\n\n\n\n<p>Radio Ljubu\u0161ki<\/p>\n","protected":false},"excerpt":{"rendered":"<p>U protekla 24 sata na podru\u010dju \u017dupanije Zapadnohercegova\u010dke na prisustvo koronavirusa &nbsp;testirane 102 osobe, od \u010dega je 3 retestiranih. Prema&nbsp;rezultatima Zavoda za mikrobiologiju i molekularnu dijagnostiku Sveu\u010dili\u0161ne klini\u010dke bolnice Mostar do 12 sati, registrirano je 28 novozara\u017eenih osoba na prisustvo koronavirusa iz \u0160irokog Brijega 22 (9 mu\u0161kih i 13 \u017eenskih), Gruda 2 \u017eenske, Ljubu\u0161kog 3 [&hellip;]<\/p>\n","protected":false},"author":2,"featured_media":0,"comment_status":"closed","ping_status":"closed","sticky":false,"template":"","format":"standard","meta":{"h5ap_radio_sources":[],"footnotes":""},"categories":[3],"tags":[],"class_list":["post-10143","post","type-post","status-publish","format-standard","hentry","category-ljubuski"],"yoast_head":"<!-- This site is optimized with the Yoast SEO plugin v27.5 - https:\/\/yoast.com\/product\/yoast-seo-wordpress\/ -->\n<title>U Ljubu\u0161kom 3 novozara\u017eenih, 19 oporavljenih, preminule 4 mu\u0161ke osobe - RADIO LJUBU\u0160KI<\/title>\n<meta name=\"robots\" content=\"index, follow, max-snippet:-1, max-image-preview:large, max-video-preview:-1\" \/>\n<link rel=\"canonical\" href=\"https:\/\/radioljubuski.ba\/index.php\/2021\/04\/06\/u-ljubuskom-3-novozarazenih-19-oporavljenih-preminule-4-muske-osobe\/\" \/>\n<meta property=\"og:locale\" content=\"hr_HR\" \/>\n<meta property=\"og:type\" content=\"article\" \/>\n<meta property=\"og:title\" content=\"U Ljubu\u0161kom 3 novozara\u017eenih, 19 oporavljenih, preminule 4 mu\u0161ke osobe - RADIO LJUBU\u0160KI\" \/>\n<meta property=\"og:description\" content=\"U protekla 24 sata na podru\u010dju \u017dupanije Zapadnohercegova\u010dke na prisustvo koronavirusa &nbsp;testirane 102 osobe, od \u010dega je 3 retestiranih. Prema&nbsp;rezultatima Zavoda za mikrobiologiju i molekularnu dijagnostiku Sveu\u010dili\u0161ne klini\u010dke bolnice Mostar do 12 sati, registrirano je 28 novozara\u017eenih osoba na prisustvo koronavirusa iz \u0160irokog Brijega 22 (9 mu\u0161kih i 13 \u017eenskih), Gruda 2 \u017eenske, Ljubu\u0161kog 3 [&hellip;]\" \/>\n<meta property=\"og:url\" content=\"https:\/\/radioljubuski.ba\/index.php\/2021\/04\/06\/u-ljubuskom-3-novozarazenih-19-oporavljenih-preminule-4-muske-osobe\/\" \/>\n<meta property=\"og:site_name\" content=\"RADIO LJUBU\u0160KI\" \/>\n<meta property=\"article:publisher\" content=\"https:\/\/www.facebook.com\/Radiio-Ljubuski-1490835324566332\" \/>\n<meta property=\"article:published_time\" content=\"2021-04-06T15:03:56+00:00\" \/>\n<meta property=\"article:modified_time\" content=\"2021-04-06T15:03:57+00:00\" \/>\n<meta property=\"og:image\" content=\"https:\/\/radioljubuski.ba\/wp-content\/uploads\/2021\/04\/campak-reuters-msl.jpg\" \/>\n\t<meta property=\"og:image:width\" content=\"600\" \/>\n\t<meta property=\"og:image:height\" content=\"400\" \/>\n\t<meta property=\"og:image:type\" content=\"image\/jpeg\" \/>\n<meta name=\"author\" content=\"Radio Ljubu\u0161ki\" \/>\n<meta name=\"twitter:card\" content=\"summary_large_image\" \/>\n<meta name=\"twitter:creator\" content=\"@radioljubuski\" \/>\n<meta name=\"twitter:site\" content=\"@radioljubuski\" \/>\n<meta name=\"twitter:label1\" content=\"Napisao\/la\" \/>\n\t<meta name=\"twitter:data1\" content=\"Radio Ljubu\u0161ki\" \/>\n\t<meta name=\"twitter:label2\" content=\"Procijenjeno vrijeme \u010ditanja\" \/>\n\t<meta name=\"twitter:data2\" content=\"1 minuta\" \/>\n<script type=\"application\/ld+json\" class=\"yoast-schema-graph\">{\"@context\":\"https:\\\/\\\/schema.org\",\"@graph\":[{\"@type\":\"Article\",\"@id\":\"https:\\\/\\\/radioljubuski.ba\\\/index.php\\\/2021\\\/04\\\/06\\\/u-ljubuskom-3-novozarazenih-19-oporavljenih-preminule-4-muske-osobe\\\/#article\",\"isPartOf\":{\"@id\":\"https:\\\/\\\/radioljubuski.ba\\\/index.php\\\/2021\\\/04\\\/06\\\/u-ljubuskom-3-novozarazenih-19-oporavljenih-preminule-4-muske-osobe\\\/\"},\"author\":{\"name\":\"Radio Ljubu\u0161ki\",\"@id\":\"https:\\\/\\\/radioljubuski.ba\\\/#\\\/schema\\\/person\\\/19fc700381a780f69665d7956c469e3b\"},\"headline\":\"U Ljubu\u0161kom 3 novozara\u017eenih, 19 oporavljenih, preminule 4 mu\u0161ke osobe\",\"datePublished\":\"2021-04-06T15:03:56+00:00\",\"dateModified\":\"2021-04-06T15:03:57+00:00\",\"mainEntityOfPage\":{\"@id\":\"https:\\\/\\\/radioljubuski.ba\\\/index.php\\\/2021\\\/04\\\/06\\\/u-ljubuskom-3-novozarazenih-19-oporavljenih-preminule-4-muske-osobe\\\/\"},\"wordCount\":245,\"publisher\":{\"@id\":\"https:\\\/\\\/radioljubuski.ba\\\/#organization\"},\"articleSection\":[\"Ljubu\u0161ki\"],\"inLanguage\":\"hr\"},{\"@type\":\"WebPage\",\"@id\":\"https:\\\/\\\/radioljubuski.ba\\\/index.php\\\/2021\\\/04\\\/06\\\/u-ljubuskom-3-novozarazenih-19-oporavljenih-preminule-4-muske-osobe\\\/\",\"url\":\"https:\\\/\\\/radioljubuski.ba\\\/index.php\\\/2021\\\/04\\\/06\\\/u-ljubuskom-3-novozarazenih-19-oporavljenih-preminule-4-muske-osobe\\\/\",\"name\":\"U Ljubu\u0161kom 3 novozara\u017eenih, 19 oporavljenih, preminule 4 mu\u0161ke osobe - RADIO LJUBU\u0160KI\",\"isPartOf\":{\"@id\":\"https:\\\/\\\/radioljubuski.ba\\\/#website\"},\"datePublished\":\"2021-04-06T15:03:56+00:00\",\"dateModified\":\"2021-04-06T15:03:57+00:00\",\"breadcrumb\":{\"@id\":\"https:\\\/\\\/radioljubuski.ba\\\/index.php\\\/2021\\\/04\\\/06\\\/u-ljubuskom-3-novozarazenih-19-oporavljenih-preminule-4-muske-osobe\\\/#breadcrumb\"},\"inLanguage\":\"hr\",\"potentialAction\":[{\"@type\":\"ReadAction\",\"target\":[\"https:\\\/\\\/radioljubuski.ba\\\/index.php\\\/2021\\\/04\\\/06\\\/u-ljubuskom-3-novozarazenih-19-oporavljenih-preminule-4-muske-osobe\\\/\"]}]},{\"@type\":\"BreadcrumbList\",\"@id\":\"https:\\\/\\\/radioljubuski.ba\\\/index.php\\\/2021\\\/04\\\/06\\\/u-ljubuskom-3-novozarazenih-19-oporavljenih-preminule-4-muske-osobe\\\/#breadcrumb\",\"itemListElement\":[{\"@type\":\"ListItem\",\"position\":1,\"name\":\"Po\u010detna stranica\",\"item\":\"https:\\\/\\\/radioljubuski.ba\\\/\"},{\"@type\":\"ListItem\",\"position\":2,\"name\":\"U Ljubu\u0161kom 3 novozara\u017eenih, 19 oporavljenih, preminule 4 mu\u0161ke osobe\"}]},{\"@type\":\"WebSite\",\"@id\":\"https:\\\/\\\/radioljubuski.ba\\\/#website\",\"url\":\"https:\\\/\\\/radioljubuski.ba\\\/\",\"name\":\"Radio Ljubu\u0161ki\",\"description\":\"Sun\u010dana frekvencija Hercegovine\",\"publisher\":{\"@id\":\"https:\\\/\\\/radioljubuski.ba\\\/#organization\"},\"potentialAction\":[{\"@type\":\"SearchAction\",\"target\":{\"@type\":\"EntryPoint\",\"urlTemplate\":\"https:\\\/\\\/radioljubuski.ba\\\/?s={search_term_string}\"},\"query-input\":{\"@type\":\"PropertyValueSpecification\",\"valueRequired\":true,\"valueName\":\"search_term_string\"}}],\"inLanguage\":\"hr\"},{\"@type\":\"Organization\",\"@id\":\"https:\\\/\\\/radioljubuski.ba\\\/#organization\",\"name\":\"Radio Ljubu\u0161ki\",\"url\":\"https:\\\/\\\/radioljubuski.ba\\\/\",\"logo\":{\"@type\":\"ImageObject\",\"inLanguage\":\"hr\",\"@id\":\"https:\\\/\\\/radioljubuski.ba\\\/#\\\/schema\\\/logo\\\/image\\\/\",\"url\":\"https:\\\/\\\/radioljubuski.ba\\\/wp-content\\\/uploads\\\/2021\\\/02\\\/cropped-Radio_Ljubuski_logo1.jpg\",\"contentUrl\":\"https:\\\/\\\/radioljubuski.ba\\\/wp-content\\\/uploads\\\/2021\\\/02\\\/cropped-Radio_Ljubuski_logo1.jpg\",\"width\":512,\"height\":512,\"caption\":\"Radio Ljubu\u0161ki\"},\"image\":{\"@id\":\"https:\\\/\\\/radioljubuski.ba\\\/#\\\/schema\\\/logo\\\/image\\\/\"},\"sameAs\":[\"https:\\\/\\\/www.facebook.com\\\/Radiio-Ljubuski-1490835324566332\",\"https:\\\/\\\/x.com\\\/radioljubuski\",\"https:\\\/\\\/hr.linkedin.com\\\/company\\\/radio-ljubuski\",\"https:\\\/\\\/www.youtube.com\\\/channel\\\/UCHYaeO_n0Db3tjNGudGpXyw\"]},{\"@type\":\"Person\",\"@id\":\"https:\\\/\\\/radioljubuski.ba\\\/#\\\/schema\\\/person\\\/19fc700381a780f69665d7956c469e3b\",\"name\":\"Radio Ljubu\u0161ki\"}]}<\/script>\n<!-- \/ Yoast SEO plugin. -->","yoast_head_json":{"title":"U Ljubu\u0161kom 3 novozara\u017eenih, 19 oporavljenih, preminule 4 mu\u0161ke osobe - RADIO LJUBU\u0160KI","robots":{"index":"index","follow":"follow","max-snippet":"max-snippet:-1","max-image-preview":"max-image-preview:large","max-video-preview":"max-video-preview:-1"},"canonical":"https:\/\/radioljubuski.ba\/index.php\/2021\/04\/06\/u-ljubuskom-3-novozarazenih-19-oporavljenih-preminule-4-muske-osobe\/","og_locale":"hr_HR","og_type":"article","og_title":"U Ljubu\u0161kom 3 novozara\u017eenih, 19 oporavljenih, preminule 4 mu\u0161ke osobe - RADIO LJUBU\u0160KI","og_description":"U protekla 24 sata na podru\u010dju \u017dupanije Zapadnohercegova\u010dke na prisustvo koronavirusa &nbsp;testirane 102 osobe, od \u010dega je 3 retestiranih. Prema&nbsp;rezultatima Zavoda za mikrobiologiju i molekularnu dijagnostiku Sveu\u010dili\u0161ne klini\u010dke bolnice Mostar do 12 sati, registrirano je 28 novozara\u017eenih osoba na prisustvo koronavirusa iz \u0160irokog Brijega 22 (9 mu\u0161kih i 13 \u017eenskih), Gruda 2 \u017eenske, Ljubu\u0161kog 3 [&hellip;]","og_url":"https:\/\/radioljubuski.ba\/index.php\/2021\/04\/06\/u-ljubuskom-3-novozarazenih-19-oporavljenih-preminule-4-muske-osobe\/","og_site_name":"RADIO LJUBU\u0160KI","article_publisher":"https:\/\/www.facebook.com\/Radiio-Ljubuski-1490835324566332","article_published_time":"2021-04-06T15:03:56+00:00","article_modified_time":"2021-04-06T15:03:57+00:00","og_image":[{"width":600,"height":400,"url":"https:\/\/radioljubuski.ba\/wp-content\/uploads\/2021\/04\/campak-reuters-msl.jpg","type":"image\/jpeg"}],"author":"Radio Ljubu\u0161ki","twitter_card":"summary_large_image","twitter_creator":"@radioljubuski","twitter_site":"@radioljubuski","twitter_misc":{"Napisao\/la":"Radio Ljubu\u0161ki","Procijenjeno vrijeme \u010ditanja":"1 minuta"},"schema":{"@context":"https:\/\/schema.org","@graph":[{"@type":"Article","@id":"https:\/\/radioljubuski.ba\/index.php\/2021\/04\/06\/u-ljubuskom-3-novozarazenih-19-oporavljenih-preminule-4-muske-osobe\/#article","isPartOf":{"@id":"https:\/\/radioljubuski.ba\/index.php\/2021\/04\/06\/u-ljubuskom-3-novozarazenih-19-oporavljenih-preminule-4-muske-osobe\/"},"author":{"name":"Radio Ljubu\u0161ki","@id":"https:\/\/radioljubuski.ba\/#\/schema\/person\/19fc700381a780f69665d7956c469e3b"},"headline":"U Ljubu\u0161kom 3 novozara\u017eenih, 19 oporavljenih, preminule 4 mu\u0161ke osobe","datePublished":"2021-04-06T15:03:56+00:00","dateModified":"2021-04-06T15:03:57+00:00","mainEntityOfPage":{"@id":"https:\/\/radioljubuski.ba\/index.php\/2021\/04\/06\/u-ljubuskom-3-novozarazenih-19-oporavljenih-preminule-4-muske-osobe\/"},"wordCount":245,"publisher":{"@id":"https:\/\/radioljubuski.ba\/#organization"},"articleSection":["Ljubu\u0161ki"],"inLanguage":"hr"},{"@type":"WebPage","@id":"https:\/\/radioljubuski.ba\/index.php\/2021\/04\/06\/u-ljubuskom-3-novozarazenih-19-oporavljenih-preminule-4-muske-osobe\/","url":"https:\/\/radioljubuski.ba\/index.php\/2021\/04\/06\/u-ljubuskom-3-novozarazenih-19-oporavljenih-preminule-4-muske-osobe\/","name":"U Ljubu\u0161kom 3 novozara\u017eenih, 19 oporavljenih, preminule 4 mu\u0161ke osobe - RADIO LJUBU\u0160KI","isPartOf":{"@id":"https:\/\/radioljubuski.ba\/#website"},"datePublished":"2021-04-06T15:03:56+00:00","dateModified":"2021-04-06T15:03:57+00:00","breadcrumb":{"@id":"https:\/\/radioljubuski.ba\/index.php\/2021\/04\/06\/u-ljubuskom-3-novozarazenih-19-oporavljenih-preminule-4-muske-osobe\/#breadcrumb"},"inLanguage":"hr","potentialAction":[{"@type":"ReadAction","target":["https:\/\/radioljubuski.ba\/index.php\/2021\/04\/06\/u-ljubuskom-3-novozarazenih-19-oporavljenih-preminule-4-muske-osobe\/"]}]},{"@type":"BreadcrumbList","@id":"https:\/\/radioljubuski.ba\/index.php\/2021\/04\/06\/u-ljubuskom-3-novozarazenih-19-oporavljenih-preminule-4-muske-osobe\/#breadcrumb","itemListElement":[{"@type":"ListItem","position":1,"name":"Po\u010detna stranica","item":"https:\/\/radioljubuski.ba\/"},{"@type":"ListItem","position":2,"name":"U Ljubu\u0161kom 3 novozara\u017eenih, 19 oporavljenih, preminule 4 mu\u0161ke osobe"}]},{"@type":"WebSite","@id":"https:\/\/radioljubuski.ba\/#website","url":"https:\/\/radioljubuski.ba\/","name":"Radio Ljubu\u0161ki","description":"Sun\u010dana frekvencija Hercegovine","publisher":{"@id":"https:\/\/radioljubuski.ba\/#organization"},"potentialAction":[{"@type":"SearchAction","target":{"@type":"EntryPoint","urlTemplate":"https:\/\/radioljubuski.ba\/?s={search_term_string}"},"query-input":{"@type":"PropertyValueSpecification","valueRequired":true,"valueName":"search_term_string"}}],"inLanguage":"hr"},{"@type":"Organization","@id":"https:\/\/radioljubuski.ba\/#organization","name":"Radio Ljubu\u0161ki","url":"https:\/\/radioljubuski.ba\/","logo":{"@type":"ImageObject","inLanguage":"hr","@id":"https:\/\/radioljubuski.ba\/#\/schema\/logo\/image\/","url":"https:\/\/radioljubuski.ba\/wp-content\/uploads\/2021\/02\/cropped-Radio_Ljubuski_logo1.jpg","contentUrl":"https:\/\/radioljubuski.ba\/wp-content\/uploads\/2021\/02\/cropped-Radio_Ljubuski_logo1.jpg","width":512,"height":512,"caption":"Radio Ljubu\u0161ki"},"image":{"@id":"https:\/\/radioljubuski.ba\/#\/schema\/logo\/image\/"},"sameAs":["https:\/\/www.facebook.com\/Radiio-Ljubuski-1490835324566332","https:\/\/x.com\/radioljubuski","https:\/\/hr.linkedin.com\/company\/radio-ljubuski","https:\/\/www.youtube.com\/channel\/UCHYaeO_n0Db3tjNGudGpXyw"]},{"@type":"Person","@id":"https:\/\/radioljubuski.ba\/#\/schema\/person\/19fc700381a780f69665d7956c469e3b","name":"Radio Ljubu\u0161ki"}]}},"_links":{"self":[{"href":"https:\/\/radioljubuski.ba\/index.php\/wp-json\/wp\/v2\/posts\/10143","targetHints":{"allow":["GET"]}}],"collection":[{"href":"https:\/\/radioljubuski.ba\/index.php\/wp-json\/wp\/v2\/posts"}],"about":[{"href":"https:\/\/radioljubuski.ba\/index.php\/wp-json\/wp\/v2\/types\/post"}],"author":[{"embeddable":true,"href":"https:\/\/radioljubuski.ba\/index.php\/wp-json\/wp\/v2\/users\/2"}],"replies":[{"embeddable":true,"href":"https:\/\/radioljubuski.ba\/index.php\/wp-json\/wp\/v2\/comments?post=10143"}],"version-history":[{"count":1,"href":"https:\/\/radioljubuski.ba\/index.php\/wp-json\/wp\/v2\/posts\/10143\/revisions"}],"predecessor-version":[{"id":10145,"href":"https:\/\/radioljubuski.ba\/index.php\/wp-json\/wp\/v2\/posts\/10143\/revisions\/10145"}],"wp:attachment":[{"href":"https:\/\/radioljubuski.ba\/index.php\/wp-json\/wp\/v2\/media?parent=10143"}],"wp:term":[{"taxonomy":"category","embeddable":true,"href":"https:\/\/radioljubuski.ba\/index.php\/wp-json\/wp\/v2\/categories?post=10143"},{"taxonomy":"post_tag","embeddable":true,"href":"https:\/\/radioljubuski.ba\/index.php\/wp-json\/wp\/v2\/tags?post=10143"}],"curies":[{"name":"wp","href":"https:\/\/api.w.org\/{rel}","templated":true}]}}