{"id":101430,"date":"2021-12-17T17:50:15","date_gmt":"2021-12-17T16:50:15","guid":{"rendered":"https:\/\/radioljubuski.ba\/?p=101430"},"modified":"2021-12-17T17:50:16","modified_gmt":"2021-12-17T16:50:16","slug":"klopp-ne-vidi-korist-od-privremenog-prekida-natjecanja","status":"publish","type":"post","link":"https:\/\/radioljubuski.ba\/index.php\/2021\/12\/17\/klopp-ne-vidi-korist-od-privremenog-prekida-natjecanja\/","title":{"rendered":"Klopp ne vidi korist od privremenog prekida natjecanja"},"content":{"rendered":"\n<p><strong>Trener Liverpoola Jurgen Klopp izjavio je da ne vidi korist od toga da se privremeno prekine natjecanje u Premier ligi zbog rastu\u0107eg broja zara\u017eenih koronavirusom, objavili su britanski mediji.<\/strong><\/p>\n\n\n\n<p>&#8211; Privremeno zaustaviti natjecanje vjerojatno nije dobra stvar, ali s rasporedom utakmica trebali bi biti fleksibilniji. Ja ne vidim veliku korist od privremenog prekida lige. Kad se vratimo sve \u0107e biti isto. Kada bi koronavirus nestao ja sam prvi za prekid, da odemo ku\u0107i i \u010dekamo da virus nestane. No, to se ne\u0107e dogoditi, pa ne vidim \u0161to bi dobili prekidom natjecanja, izjavio je Klopp.<\/p>\n\n\n\n<p>Trener Brentforda&nbsp;<strong>Thomas Frank&nbsp;<\/strong>predlo\u017eio je da se odlo\u017eiti kompletno kolo Premier lige ovoga vikenda i Liga kup, te da bi to dalo barem tjedan dana klubovima da se ra\u0161\u010disti situacija i prekine lanac zaraze. Po njemu, tako bi osigurali da se program utakmica na Boxing Day odvija po planu.<\/p>\n\n\n\n<p>Izvor:hrt.hr<\/p>\n","protected":false},"excerpt":{"rendered":"<p>Trener Liverpoola Jurgen Klopp izjavio je da ne vidi korist od toga da se privremeno prekine natjecanje u Premier ligi zbog rastu\u0107eg broja zara\u017eenih koronavirusom, objavili su britanski mediji. &#8211; Privremeno zaustaviti natjecanje vjerojatno nije dobra stvar, ali s rasporedom utakmica trebali bi biti fleksibilniji. Ja ne vidim veliku korist od privremenog prekida lige. Kad [&hellip;]<\/p>\n","protected":false},"author":2,"featured_media":0,"comment_status":"closed","ping_status":"closed","sticky":false,"template":"","format":"standard","meta":{"h5ap_radio_sources":[],"footnotes":""},"categories":[7],"tags":[],"class_list":["post-101430","post","type-post","status-publish","format-standard","hentry","category-sport"],"yoast_head":"<!-- This site is optimized with the Yoast SEO plugin v27.5 - https:\/\/yoast.com\/product\/yoast-seo-wordpress\/ -->\n<title>Klopp ne vidi korist od privremenog prekida natjecanja - RADIO LJUBU\u0160KI<\/title>\n<meta name=\"robots\" content=\"index, follow, max-snippet:-1, max-image-preview:large, max-video-preview:-1\" \/>\n<link rel=\"canonical\" href=\"https:\/\/radioljubuski.ba\/index.php\/2021\/12\/17\/klopp-ne-vidi-korist-od-privremenog-prekida-natjecanja\/\" \/>\n<meta property=\"og:locale\" content=\"hr_HR\" \/>\n<meta property=\"og:type\" content=\"article\" \/>\n<meta property=\"og:title\" content=\"Klopp ne vidi korist od privremenog prekida natjecanja - RADIO LJUBU\u0160KI\" \/>\n<meta property=\"og:description\" content=\"Trener Liverpoola Jurgen Klopp izjavio je da ne vidi korist od toga da se privremeno prekine natjecanje u Premier ligi zbog rastu\u0107eg broja zara\u017eenih koronavirusom, objavili su britanski mediji. &#8211; Privremeno zaustaviti natjecanje vjerojatno nije dobra stvar, ali s rasporedom utakmica trebali bi biti fleksibilniji. Ja ne vidim veliku korist od privremenog prekida lige. Kad [&hellip;]\" \/>\n<meta property=\"og:url\" content=\"https:\/\/radioljubuski.ba\/index.php\/2021\/12\/17\/klopp-ne-vidi-korist-od-privremenog-prekida-natjecanja\/\" \/>\n<meta property=\"og:site_name\" content=\"RADIO LJUBU\u0160KI\" \/>\n<meta property=\"article:publisher\" content=\"https:\/\/www.facebook.com\/Radiio-Ljubuski-1490835324566332\" \/>\n<meta property=\"article:published_time\" content=\"2021-12-17T16:50:15+00:00\" \/>\n<meta property=\"article:modified_time\" content=\"2021-12-17T16:50:16+00:00\" \/>\n<meta property=\"og:image\" content=\"https:\/\/radioljubuski.ba\/wp-content\/uploads\/2021\/09\/klopp.jpg\" \/>\n\t<meta property=\"og:image:width\" content=\"1883\" \/>\n\t<meta property=\"og:image:height\" content=\"1292\" \/>\n\t<meta property=\"og:image:type\" content=\"image\/jpeg\" \/>\n<meta name=\"author\" content=\"Radio Ljubu\u0161ki\" \/>\n<meta name=\"twitter:card\" content=\"summary_large_image\" \/>\n<meta name=\"twitter:creator\" content=\"@radioljubuski\" \/>\n<meta name=\"twitter:site\" content=\"@radioljubuski\" \/>\n<meta name=\"twitter:label1\" content=\"Napisao\/la\" \/>\n\t<meta name=\"twitter:data1\" content=\"Radio Ljubu\u0161ki\" \/>\n\t<meta name=\"twitter:label2\" content=\"Procijenjeno vrijeme \u010ditanja\" \/>\n\t<meta name=\"twitter:data2\" content=\"1 minuta\" \/>\n<script type=\"application\/ld+json\" class=\"yoast-schema-graph\">{\"@context\":\"https:\\\/\\\/schema.org\",\"@graph\":[{\"@type\":\"Article\",\"@id\":\"https:\\\/\\\/radioljubuski.ba\\\/index.php\\\/2021\\\/12\\\/17\\\/klopp-ne-vidi-korist-od-privremenog-prekida-natjecanja\\\/#article\",\"isPartOf\":{\"@id\":\"https:\\\/\\\/radioljubuski.ba\\\/index.php\\\/2021\\\/12\\\/17\\\/klopp-ne-vidi-korist-od-privremenog-prekida-natjecanja\\\/\"},\"author\":{\"name\":\"Radio Ljubu\u0161ki\",\"@id\":\"https:\\\/\\\/radioljubuski.ba\\\/#\\\/schema\\\/person\\\/19fc700381a780f69665d7956c469e3b\"},\"headline\":\"Klopp ne vidi korist od privremenog prekida natjecanja\",\"datePublished\":\"2021-12-17T16:50:15+00:00\",\"dateModified\":\"2021-12-17T16:50:16+00:00\",\"mainEntityOfPage\":{\"@id\":\"https:\\\/\\\/radioljubuski.ba\\\/index.php\\\/2021\\\/12\\\/17\\\/klopp-ne-vidi-korist-od-privremenog-prekida-natjecanja\\\/\"},\"wordCount\":164,\"publisher\":{\"@id\":\"https:\\\/\\\/radioljubuski.ba\\\/#organization\"},\"articleSection\":[\"\u0160port\"],\"inLanguage\":\"hr\"},{\"@type\":\"WebPage\",\"@id\":\"https:\\\/\\\/radioljubuski.ba\\\/index.php\\\/2021\\\/12\\\/17\\\/klopp-ne-vidi-korist-od-privremenog-prekida-natjecanja\\\/\",\"url\":\"https:\\\/\\\/radioljubuski.ba\\\/index.php\\\/2021\\\/12\\\/17\\\/klopp-ne-vidi-korist-od-privremenog-prekida-natjecanja\\\/\",\"name\":\"Klopp ne vidi korist od privremenog prekida natjecanja - RADIO LJUBU\u0160KI\",\"isPartOf\":{\"@id\":\"https:\\\/\\\/radioljubuski.ba\\\/#website\"},\"datePublished\":\"2021-12-17T16:50:15+00:00\",\"dateModified\":\"2021-12-17T16:50:16+00:00\",\"breadcrumb\":{\"@id\":\"https:\\\/\\\/radioljubuski.ba\\\/index.php\\\/2021\\\/12\\\/17\\\/klopp-ne-vidi-korist-od-privremenog-prekida-natjecanja\\\/#breadcrumb\"},\"inLanguage\":\"hr\",\"potentialAction\":[{\"@type\":\"ReadAction\",\"target\":[\"https:\\\/\\\/radioljubuski.ba\\\/index.php\\\/2021\\\/12\\\/17\\\/klopp-ne-vidi-korist-od-privremenog-prekida-natjecanja\\\/\"]}]},{\"@type\":\"BreadcrumbList\",\"@id\":\"https:\\\/\\\/radioljubuski.ba\\\/index.php\\\/2021\\\/12\\\/17\\\/klopp-ne-vidi-korist-od-privremenog-prekida-natjecanja\\\/#breadcrumb\",\"itemListElement\":[{\"@type\":\"ListItem\",\"position\":1,\"name\":\"Po\u010detna stranica\",\"item\":\"https:\\\/\\\/radioljubuski.ba\\\/\"},{\"@type\":\"ListItem\",\"position\":2,\"name\":\"Klopp ne vidi korist od privremenog prekida natjecanja\"}]},{\"@type\":\"WebSite\",\"@id\":\"https:\\\/\\\/radioljubuski.ba\\\/#website\",\"url\":\"https:\\\/\\\/radioljubuski.ba\\\/\",\"name\":\"Radio Ljubu\u0161ki\",\"description\":\"Sun\u010dana frekvencija Hercegovine\",\"publisher\":{\"@id\":\"https:\\\/\\\/radioljubuski.ba\\\/#organization\"},\"potentialAction\":[{\"@type\":\"SearchAction\",\"target\":{\"@type\":\"EntryPoint\",\"urlTemplate\":\"https:\\\/\\\/radioljubuski.ba\\\/?s={search_term_string}\"},\"query-input\":{\"@type\":\"PropertyValueSpecification\",\"valueRequired\":true,\"valueName\":\"search_term_string\"}}],\"inLanguage\":\"hr\"},{\"@type\":\"Organization\",\"@id\":\"https:\\\/\\\/radioljubuski.ba\\\/#organization\",\"name\":\"Radio Ljubu\u0161ki\",\"url\":\"https:\\\/\\\/radioljubuski.ba\\\/\",\"logo\":{\"@type\":\"ImageObject\",\"inLanguage\":\"hr\",\"@id\":\"https:\\\/\\\/radioljubuski.ba\\\/#\\\/schema\\\/logo\\\/image\\\/\",\"url\":\"https:\\\/\\\/radioljubuski.ba\\\/wp-content\\\/uploads\\\/2021\\\/02\\\/cropped-Radio_Ljubuski_logo1.jpg\",\"contentUrl\":\"https:\\\/\\\/radioljubuski.ba\\\/wp-content\\\/uploads\\\/2021\\\/02\\\/cropped-Radio_Ljubuski_logo1.jpg\",\"width\":512,\"height\":512,\"caption\":\"Radio Ljubu\u0161ki\"},\"image\":{\"@id\":\"https:\\\/\\\/radioljubuski.ba\\\/#\\\/schema\\\/logo\\\/image\\\/\"},\"sameAs\":[\"https:\\\/\\\/www.facebook.com\\\/Radiio-Ljubuski-1490835324566332\",\"https:\\\/\\\/x.com\\\/radioljubuski\",\"https:\\\/\\\/hr.linkedin.com\\\/company\\\/radio-ljubuski\",\"https:\\\/\\\/www.youtube.com\\\/channel\\\/UCHYaeO_n0Db3tjNGudGpXyw\"]},{\"@type\":\"Person\",\"@id\":\"https:\\\/\\\/radioljubuski.ba\\\/#\\\/schema\\\/person\\\/19fc700381a780f69665d7956c469e3b\",\"name\":\"Radio Ljubu\u0161ki\"}]}<\/script>\n<!-- \/ Yoast SEO plugin. -->","yoast_head_json":{"title":"Klopp ne vidi korist od privremenog prekida natjecanja - RADIO LJUBU\u0160KI","robots":{"index":"index","follow":"follow","max-snippet":"max-snippet:-1","max-image-preview":"max-image-preview:large","max-video-preview":"max-video-preview:-1"},"canonical":"https:\/\/radioljubuski.ba\/index.php\/2021\/12\/17\/klopp-ne-vidi-korist-od-privremenog-prekida-natjecanja\/","og_locale":"hr_HR","og_type":"article","og_title":"Klopp ne vidi korist od privremenog prekida natjecanja - RADIO LJUBU\u0160KI","og_description":"Trener Liverpoola Jurgen Klopp izjavio je da ne vidi korist od toga da se privremeno prekine natjecanje u Premier ligi zbog rastu\u0107eg broja zara\u017eenih koronavirusom, objavili su britanski mediji. &#8211; Privremeno zaustaviti natjecanje vjerojatno nije dobra stvar, ali s rasporedom utakmica trebali bi biti fleksibilniji. Ja ne vidim veliku korist od privremenog prekida lige. Kad [&hellip;]","og_url":"https:\/\/radioljubuski.ba\/index.php\/2021\/12\/17\/klopp-ne-vidi-korist-od-privremenog-prekida-natjecanja\/","og_site_name":"RADIO LJUBU\u0160KI","article_publisher":"https:\/\/www.facebook.com\/Radiio-Ljubuski-1490835324566332","article_published_time":"2021-12-17T16:50:15+00:00","article_modified_time":"2021-12-17T16:50:16+00:00","og_image":[{"width":1883,"height":1292,"url":"https:\/\/radioljubuski.ba\/wp-content\/uploads\/2021\/09\/klopp.jpg","type":"image\/jpeg"}],"author":"Radio Ljubu\u0161ki","twitter_card":"summary_large_image","twitter_creator":"@radioljubuski","twitter_site":"@radioljubuski","twitter_misc":{"Napisao\/la":"Radio Ljubu\u0161ki","Procijenjeno vrijeme \u010ditanja":"1 minuta"},"schema":{"@context":"https:\/\/schema.org","@graph":[{"@type":"Article","@id":"https:\/\/radioljubuski.ba\/index.php\/2021\/12\/17\/klopp-ne-vidi-korist-od-privremenog-prekida-natjecanja\/#article","isPartOf":{"@id":"https:\/\/radioljubuski.ba\/index.php\/2021\/12\/17\/klopp-ne-vidi-korist-od-privremenog-prekida-natjecanja\/"},"author":{"name":"Radio Ljubu\u0161ki","@id":"https:\/\/radioljubuski.ba\/#\/schema\/person\/19fc700381a780f69665d7956c469e3b"},"headline":"Klopp ne vidi korist od privremenog prekida natjecanja","datePublished":"2021-12-17T16:50:15+00:00","dateModified":"2021-12-17T16:50:16+00:00","mainEntityOfPage":{"@id":"https:\/\/radioljubuski.ba\/index.php\/2021\/12\/17\/klopp-ne-vidi-korist-od-privremenog-prekida-natjecanja\/"},"wordCount":164,"publisher":{"@id":"https:\/\/radioljubuski.ba\/#organization"},"articleSection":["\u0160port"],"inLanguage":"hr"},{"@type":"WebPage","@id":"https:\/\/radioljubuski.ba\/index.php\/2021\/12\/17\/klopp-ne-vidi-korist-od-privremenog-prekida-natjecanja\/","url":"https:\/\/radioljubuski.ba\/index.php\/2021\/12\/17\/klopp-ne-vidi-korist-od-privremenog-prekida-natjecanja\/","name":"Klopp ne vidi korist od privremenog prekida natjecanja - RADIO LJUBU\u0160KI","isPartOf":{"@id":"https:\/\/radioljubuski.ba\/#website"},"datePublished":"2021-12-17T16:50:15+00:00","dateModified":"2021-12-17T16:50:16+00:00","breadcrumb":{"@id":"https:\/\/radioljubuski.ba\/index.php\/2021\/12\/17\/klopp-ne-vidi-korist-od-privremenog-prekida-natjecanja\/#breadcrumb"},"inLanguage":"hr","potentialAction":[{"@type":"ReadAction","target":["https:\/\/radioljubuski.ba\/index.php\/2021\/12\/17\/klopp-ne-vidi-korist-od-privremenog-prekida-natjecanja\/"]}]},{"@type":"BreadcrumbList","@id":"https:\/\/radioljubuski.ba\/index.php\/2021\/12\/17\/klopp-ne-vidi-korist-od-privremenog-prekida-natjecanja\/#breadcrumb","itemListElement":[{"@type":"ListItem","position":1,"name":"Po\u010detna stranica","item":"https:\/\/radioljubuski.ba\/"},{"@type":"ListItem","position":2,"name":"Klopp ne vidi korist od privremenog prekida natjecanja"}]},{"@type":"WebSite","@id":"https:\/\/radioljubuski.ba\/#website","url":"https:\/\/radioljubuski.ba\/","name":"Radio Ljubu\u0161ki","description":"Sun\u010dana frekvencija Hercegovine","publisher":{"@id":"https:\/\/radioljubuski.ba\/#organization"},"potentialAction":[{"@type":"SearchAction","target":{"@type":"EntryPoint","urlTemplate":"https:\/\/radioljubuski.ba\/?s={search_term_string}"},"query-input":{"@type":"PropertyValueSpecification","valueRequired":true,"valueName":"search_term_string"}}],"inLanguage":"hr"},{"@type":"Organization","@id":"https:\/\/radioljubuski.ba\/#organization","name":"Radio Ljubu\u0161ki","url":"https:\/\/radioljubuski.ba\/","logo":{"@type":"ImageObject","inLanguage":"hr","@id":"https:\/\/radioljubuski.ba\/#\/schema\/logo\/image\/","url":"https:\/\/radioljubuski.ba\/wp-content\/uploads\/2021\/02\/cropped-Radio_Ljubuski_logo1.jpg","contentUrl":"https:\/\/radioljubuski.ba\/wp-content\/uploads\/2021\/02\/cropped-Radio_Ljubuski_logo1.jpg","width":512,"height":512,"caption":"Radio Ljubu\u0161ki"},"image":{"@id":"https:\/\/radioljubuski.ba\/#\/schema\/logo\/image\/"},"sameAs":["https:\/\/www.facebook.com\/Radiio-Ljubuski-1490835324566332","https:\/\/x.com\/radioljubuski","https:\/\/hr.linkedin.com\/company\/radio-ljubuski","https:\/\/www.youtube.com\/channel\/UCHYaeO_n0Db3tjNGudGpXyw"]},{"@type":"Person","@id":"https:\/\/radioljubuski.ba\/#\/schema\/person\/19fc700381a780f69665d7956c469e3b","name":"Radio Ljubu\u0161ki"}]}},"_links":{"self":[{"href":"https:\/\/radioljubuski.ba\/index.php\/wp-json\/wp\/v2\/posts\/101430","targetHints":{"allow":["GET"]}}],"collection":[{"href":"https:\/\/radioljubuski.ba\/index.php\/wp-json\/wp\/v2\/posts"}],"about":[{"href":"https:\/\/radioljubuski.ba\/index.php\/wp-json\/wp\/v2\/types\/post"}],"author":[{"embeddable":true,"href":"https:\/\/radioljubuski.ba\/index.php\/wp-json\/wp\/v2\/users\/2"}],"replies":[{"embeddable":true,"href":"https:\/\/radioljubuski.ba\/index.php\/wp-json\/wp\/v2\/comments?post=101430"}],"version-history":[{"count":1,"href":"https:\/\/radioljubuski.ba\/index.php\/wp-json\/wp\/v2\/posts\/101430\/revisions"}],"predecessor-version":[{"id":101431,"href":"https:\/\/radioljubuski.ba\/index.php\/wp-json\/wp\/v2\/posts\/101430\/revisions\/101431"}],"wp:attachment":[{"href":"https:\/\/radioljubuski.ba\/index.php\/wp-json\/wp\/v2\/media?parent=101430"}],"wp:term":[{"taxonomy":"category","embeddable":true,"href":"https:\/\/radioljubuski.ba\/index.php\/wp-json\/wp\/v2\/categories?post=101430"},{"taxonomy":"post_tag","embeddable":true,"href":"https:\/\/radioljubuski.ba\/index.php\/wp-json\/wp\/v2\/tags?post=101430"}],"curies":[{"name":"wp","href":"https:\/\/api.w.org\/{rel}","templated":true}]}}