{"id":10146,"date":"2021-04-06T16:06:12","date_gmt":"2021-04-06T15:06:12","guid":{"rendered":"https:\/\/radioljubuski.ba\/?p=10146"},"modified":"2021-04-06T23:34:23","modified_gmt":"2021-04-06T22:34:23","slug":"skb-mostar-trazi-vise-djelatnika-prijave-do-11-travnja","status":"publish","type":"post","link":"https:\/\/radioljubuski.ba\/index.php\/2021\/04\/06\/skb-mostar-trazi-vise-djelatnika-prijave-do-11-travnja\/","title":{"rendered":"SKB Mostar tra\u017ei vi\u0161e djelatnika, prijave do 11. travnja"},"content":{"rendered":"\n<p>Sveu\u010dili\u0161na klini\u010dka bolnica Mostar raspisala je natje\u010daj za prijem u radni odnos. Kako je navedeno tra\u017ee vi\u0161e izvr\u0161itelja.&nbsp;<\/p>\n\n\n\n<p><strong>Neodre\u0111eno vrijeme za radna mjesta:<\/strong><\/p>\n\n\n\n<p>&nbsp;Glavna sestra\/tehni\u010dar Klini\u010dkog odjela za bolesti stra\u017enjeg segmenta oka na Klinici za o\u010dne bolesti &#8211; 1 izvr\u0161itelj<br>Glavna sestra\/tehni\u010dar Dnevne bolnice na Klinici za onkologiju &#8211; 1 izvr\u0161itelj<br>Diplomirani in\u017eenjer kemije u Zavodu za laboratorijsku dijagnostiku \u2013 1 izvr\u0161itelj<br>Laboratorijski tehni\u010dar u Zavodu za laboratorijsku dijagnostiku \u2013 3 izvr\u0161itelja<br>VKV voza\u010d u Odsjeku prometa Slu\u017ebe za tehni\u010dke djelatnosti \u2013 2 izvr\u0161itelja<br>Odgovorni rukovalac boca pod tlakom u Slu\u017ebi za tehni\u010dke djelatnosti \u2013 3 izvr\u0161itelja<br>Radnik na ma\u0161inama za uni\u0161tavanje infektivnih kategorija medicinskog otpada u Slu\u017ebi za tehni\u010dke djelatnosti \u2013 1 izvr\u0161itelj<br>Radni terapeut na Klinici za psihijatriju \u2013 1 izvr\u0161itelj<br>Sprema\u010dica u Odsjeku za higijensko odr\u017eavanje prostorija Slu\u017ebe za tehni\u010dke djelatnosti \u2013 1 izvr\u0161itelj<br>Sprema\u010dica u Centru za transfuzijsku medicinu \u2013 1 izvr\u0161itelj<br>Servirka u Slu\u017ebi za prehranu bolesnika \u2013 2 izvr\u0161itelja<\/p>\n\n\n\n<p><br><strong>Odre\u0111eno vrijeme u trajanju do 2 godine u ovisnosti radi li se o zamjeni djelatnika na trudni\u010dkom, porodiljskom, dugotrajnom bolovanju i nepla\u0107enom odsustvu:<\/strong><\/p>\n\n\n\n<p>Doktor medicine na Klinici za dje\u010dje bolesti \u2013 1 izvr\u0161itelj<br>Doktor medicine u Centru za urgentnu medicinu i hitne prijeme \u2013 5 izvr\u0161itelja<br>Doktor medicine na Klinici za infektivne bolesti \u2013 1 izvr\u0161itelj<br>Magistar farmacije u Slu\u017ebi za medicinsku opskrbu \u2013 1 izvr\u0161itelj<br>Biolog u Zavodu za laboratorijsku dijagnostiku \u2013 1 izvr\u0161itelj<br>Medicinska sestra\/tehni\u010dar \u2013 13 izvr\u0161itelja<br>Odjel za anesteziju, reanimaciju i intenzivno lije\u010denje (5), Klinika za kirurgiju (4), Klinika za unutarnje bolesti s centrom za dijalizu (4)<\/p>\n\n\n\n<p>Referent na protokolu u &nbsp;Slu\u017ebi za pravne i op\u0107e poslove \u2013 1 izvr\u0161itelj<br>Sprema\u010dica u Odsjeku za higijensko odr\u017eavanje prostorija Slu\u017ebe za tehni\u010dke djelatnosti \u2013 5 izvr\u0161itelja<br>Servirka u Slu\u017ebi za prehranu bolesnika \u2013 4 izvr\u0161itelja<br>Pera\u010dica rublja u RJ Centralne praonice Slu\u017ebe za tehni\u010dke djelatnosti \u2013 1 izvr\u0161itelj<br>Rukovalac boca pod tlakom u Slu\u017ebi za tehni\u010dke djelatnosti \u2013 2 izvr\u0161itelja<br>Pera\u010dica laboratorijskog posu\u0111a u Zavodu za laboratorijsku dijagnostiku \u2013 1 izvr\u0161itelj<br>Fizi\u010dki djelatnik u Slu\u017ebi za tehni\u010dke djelatnosti \u2013 4 izvr\u0161itelja.<\/p>\n\n\n\n<p>Prijave mo\u017eete slati do 11. travnja.<\/p>\n\n\n\n<p>Detalje natje\u010daja mo\u017eete pogledati&nbsp;<a href=\"https:\/\/www.szzhnz-k.ba\/view.php?id=8721\" target=\"_blank\" rel=\"noreferrer noopener\">OVDJE.<\/a><\/p>\n\n\n\n<p>Izvor:pogled.ba<\/p>\n","protected":false},"excerpt":{"rendered":"<p>Sveu\u010dili\u0161na klini\u010dka bolnica Mostar raspisala je natje\u010daj za prijem u radni odnos. Kako je navedeno tra\u017ee vi\u0161e izvr\u0161itelja.&nbsp; Neodre\u0111eno vrijeme za radna mjesta: &nbsp;Glavna sestra\/tehni\u010dar Klini\u010dkog odjela za bolesti stra\u017enjeg segmenta oka na Klinici za o\u010dne bolesti &#8211; 1 izvr\u0161iteljGlavna sestra\/tehni\u010dar Dnevne bolnice na Klinici za onkologiju &#8211; 1 izvr\u0161iteljDiplomirani in\u017eenjer kemije u Zavodu za [&hellip;]<\/p>\n","protected":false},"author":2,"featured_media":10147,"comment_status":"closed","ping_status":"closed","sticky":false,"template":"","format":"standard","meta":{"h5ap_radio_sources":[],"footnotes":""},"categories":[1],"tags":[],"class_list":["post-10146","post","type-post","status-publish","format-standard","has-post-thumbnail","hentry","category-bihiregija"],"yoast_head":"<!-- This site is optimized with the Yoast SEO plugin v27.5 - https:\/\/yoast.com\/product\/yoast-seo-wordpress\/ -->\n<title>SKB Mostar tra\u017ei vi\u0161e djelatnika, prijave do 11. travnja - RADIO LJUBU\u0160KI<\/title>\n<meta name=\"robots\" content=\"index, follow, max-snippet:-1, max-image-preview:large, max-video-preview:-1\" \/>\n<link rel=\"canonical\" href=\"https:\/\/radioljubuski.ba\/index.php\/2021\/04\/06\/skb-mostar-trazi-vise-djelatnika-prijave-do-11-travnja\/\" \/>\n<meta property=\"og:locale\" content=\"hr_HR\" \/>\n<meta property=\"og:type\" content=\"article\" \/>\n<meta property=\"og:title\" content=\"SKB Mostar tra\u017ei vi\u0161e djelatnika, prijave do 11. travnja - RADIO LJUBU\u0160KI\" \/>\n<meta property=\"og:description\" content=\"Sveu\u010dili\u0161na klini\u010dka bolnica Mostar raspisala je natje\u010daj za prijem u radni odnos. Kako je navedeno tra\u017ee vi\u0161e izvr\u0161itelja.&nbsp; Neodre\u0111eno vrijeme za radna mjesta: &nbsp;Glavna sestra\/tehni\u010dar Klini\u010dkog odjela za bolesti stra\u017enjeg segmenta oka na Klinici za o\u010dne bolesti &#8211; 1 izvr\u0161iteljGlavna sestra\/tehni\u010dar Dnevne bolnice na Klinici za onkologiju &#8211; 1 izvr\u0161iteljDiplomirani in\u017eenjer kemije u Zavodu za [&hellip;]\" \/>\n<meta property=\"og:url\" content=\"https:\/\/radioljubuski.ba\/index.php\/2021\/04\/06\/skb-mostar-trazi-vise-djelatnika-prijave-do-11-travnja\/\" \/>\n<meta property=\"og:site_name\" content=\"RADIO LJUBU\u0160KI\" \/>\n<meta property=\"article:publisher\" content=\"https:\/\/www.facebook.com\/Radiio-Ljubuski-1490835324566332\" \/>\n<meta property=\"article:published_time\" content=\"2021-04-06T15:06:12+00:00\" \/>\n<meta property=\"article:modified_time\" content=\"2021-04-06T22:34:23+00:00\" \/>\n<meta property=\"og:image\" content=\"https:\/\/radioljubuski.ba\/wp-content\/uploads\/2021\/04\/01VKrLes_skb.jpg\" \/>\n\t<meta property=\"og:image:width\" content=\"1000\" \/>\n\t<meta property=\"og:image:height\" content=\"625\" \/>\n\t<meta property=\"og:image:type\" content=\"image\/jpeg\" \/>\n<meta name=\"author\" content=\"Radio Ljubu\u0161ki\" \/>\n<meta name=\"twitter:card\" content=\"summary_large_image\" \/>\n<meta name=\"twitter:creator\" content=\"@radioljubuski\" \/>\n<meta name=\"twitter:site\" content=\"@radioljubuski\" \/>\n<meta name=\"twitter:label1\" content=\"Napisao\/la\" \/>\n\t<meta name=\"twitter:data1\" content=\"Radio Ljubu\u0161ki\" \/>\n\t<meta name=\"twitter:label2\" content=\"Procijenjeno vrijeme \u010ditanja\" \/>\n\t<meta name=\"twitter:data2\" content=\"2 minute\" \/>\n<script type=\"application\/ld+json\" class=\"yoast-schema-graph\">{\"@context\":\"https:\\\/\\\/schema.org\",\"@graph\":[{\"@type\":\"Article\",\"@id\":\"https:\\\/\\\/radioljubuski.ba\\\/index.php\\\/2021\\\/04\\\/06\\\/skb-mostar-trazi-vise-djelatnika-prijave-do-11-travnja\\\/#article\",\"isPartOf\":{\"@id\":\"https:\\\/\\\/radioljubuski.ba\\\/index.php\\\/2021\\\/04\\\/06\\\/skb-mostar-trazi-vise-djelatnika-prijave-do-11-travnja\\\/\"},\"author\":{\"name\":\"Radio Ljubu\u0161ki\",\"@id\":\"https:\\\/\\\/radioljubuski.ba\\\/#\\\/schema\\\/person\\\/19fc700381a780f69665d7956c469e3b\"},\"headline\":\"SKB Mostar tra\u017ei vi\u0161e djelatnika, prijave do 11. travnja\",\"datePublished\":\"2021-04-06T15:06:12+00:00\",\"dateModified\":\"2021-04-06T22:34:23+00:00\",\"mainEntityOfPage\":{\"@id\":\"https:\\\/\\\/radioljubuski.ba\\\/index.php\\\/2021\\\/04\\\/06\\\/skb-mostar-trazi-vise-djelatnika-prijave-do-11-travnja\\\/\"},\"wordCount\":376,\"publisher\":{\"@id\":\"https:\\\/\\\/radioljubuski.ba\\\/#organization\"},\"image\":{\"@id\":\"https:\\\/\\\/radioljubuski.ba\\\/index.php\\\/2021\\\/04\\\/06\\\/skb-mostar-trazi-vise-djelatnika-prijave-do-11-travnja\\\/#primaryimage\"},\"thumbnailUrl\":\"https:\\\/\\\/radioljubuski.ba\\\/wp-content\\\/uploads\\\/2021\\\/04\\\/01VKrLes_skb.jpg\",\"articleSection\":[\"BIH i regija\"],\"inLanguage\":\"hr\"},{\"@type\":\"WebPage\",\"@id\":\"https:\\\/\\\/radioljubuski.ba\\\/index.php\\\/2021\\\/04\\\/06\\\/skb-mostar-trazi-vise-djelatnika-prijave-do-11-travnja\\\/\",\"url\":\"https:\\\/\\\/radioljubuski.ba\\\/index.php\\\/2021\\\/04\\\/06\\\/skb-mostar-trazi-vise-djelatnika-prijave-do-11-travnja\\\/\",\"name\":\"SKB Mostar tra\u017ei vi\u0161e djelatnika, prijave do 11. travnja - RADIO LJUBU\u0160KI\",\"isPartOf\":{\"@id\":\"https:\\\/\\\/radioljubuski.ba\\\/#website\"},\"primaryImageOfPage\":{\"@id\":\"https:\\\/\\\/radioljubuski.ba\\\/index.php\\\/2021\\\/04\\\/06\\\/skb-mostar-trazi-vise-djelatnika-prijave-do-11-travnja\\\/#primaryimage\"},\"image\":{\"@id\":\"https:\\\/\\\/radioljubuski.ba\\\/index.php\\\/2021\\\/04\\\/06\\\/skb-mostar-trazi-vise-djelatnika-prijave-do-11-travnja\\\/#primaryimage\"},\"thumbnailUrl\":\"https:\\\/\\\/radioljubuski.ba\\\/wp-content\\\/uploads\\\/2021\\\/04\\\/01VKrLes_skb.jpg\",\"datePublished\":\"2021-04-06T15:06:12+00:00\",\"dateModified\":\"2021-04-06T22:34:23+00:00\",\"breadcrumb\":{\"@id\":\"https:\\\/\\\/radioljubuski.ba\\\/index.php\\\/2021\\\/04\\\/06\\\/skb-mostar-trazi-vise-djelatnika-prijave-do-11-travnja\\\/#breadcrumb\"},\"inLanguage\":\"hr\",\"potentialAction\":[{\"@type\":\"ReadAction\",\"target\":[\"https:\\\/\\\/radioljubuski.ba\\\/index.php\\\/2021\\\/04\\\/06\\\/skb-mostar-trazi-vise-djelatnika-prijave-do-11-travnja\\\/\"]}]},{\"@type\":\"ImageObject\",\"inLanguage\":\"hr\",\"@id\":\"https:\\\/\\\/radioljubuski.ba\\\/index.php\\\/2021\\\/04\\\/06\\\/skb-mostar-trazi-vise-djelatnika-prijave-do-11-travnja\\\/#primaryimage\",\"url\":\"https:\\\/\\\/radioljubuski.ba\\\/wp-content\\\/uploads\\\/2021\\\/04\\\/01VKrLes_skb.jpg\",\"contentUrl\":\"https:\\\/\\\/radioljubuski.ba\\\/wp-content\\\/uploads\\\/2021\\\/04\\\/01VKrLes_skb.jpg\",\"width\":1000,\"height\":625},{\"@type\":\"BreadcrumbList\",\"@id\":\"https:\\\/\\\/radioljubuski.ba\\\/index.php\\\/2021\\\/04\\\/06\\\/skb-mostar-trazi-vise-djelatnika-prijave-do-11-travnja\\\/#breadcrumb\",\"itemListElement\":[{\"@type\":\"ListItem\",\"position\":1,\"name\":\"Po\u010detna stranica\",\"item\":\"https:\\\/\\\/radioljubuski.ba\\\/\"},{\"@type\":\"ListItem\",\"position\":2,\"name\":\"SKB Mostar tra\u017ei vi\u0161e djelatnika, prijave do 11. travnja\"}]},{\"@type\":\"WebSite\",\"@id\":\"https:\\\/\\\/radioljubuski.ba\\\/#website\",\"url\":\"https:\\\/\\\/radioljubuski.ba\\\/\",\"name\":\"Radio Ljubu\u0161ki\",\"description\":\"Sun\u010dana frekvencija Hercegovine\",\"publisher\":{\"@id\":\"https:\\\/\\\/radioljubuski.ba\\\/#organization\"},\"potentialAction\":[{\"@type\":\"SearchAction\",\"target\":{\"@type\":\"EntryPoint\",\"urlTemplate\":\"https:\\\/\\\/radioljubuski.ba\\\/?s={search_term_string}\"},\"query-input\":{\"@type\":\"PropertyValueSpecification\",\"valueRequired\":true,\"valueName\":\"search_term_string\"}}],\"inLanguage\":\"hr\"},{\"@type\":\"Organization\",\"@id\":\"https:\\\/\\\/radioljubuski.ba\\\/#organization\",\"name\":\"Radio Ljubu\u0161ki\",\"url\":\"https:\\\/\\\/radioljubuski.ba\\\/\",\"logo\":{\"@type\":\"ImageObject\",\"inLanguage\":\"hr\",\"@id\":\"https:\\\/\\\/radioljubuski.ba\\\/#\\\/schema\\\/logo\\\/image\\\/\",\"url\":\"https:\\\/\\\/radioljubuski.ba\\\/wp-content\\\/uploads\\\/2021\\\/02\\\/cropped-Radio_Ljubuski_logo1.jpg\",\"contentUrl\":\"https:\\\/\\\/radioljubuski.ba\\\/wp-content\\\/uploads\\\/2021\\\/02\\\/cropped-Radio_Ljubuski_logo1.jpg\",\"width\":512,\"height\":512,\"caption\":\"Radio Ljubu\u0161ki\"},\"image\":{\"@id\":\"https:\\\/\\\/radioljubuski.ba\\\/#\\\/schema\\\/logo\\\/image\\\/\"},\"sameAs\":[\"https:\\\/\\\/www.facebook.com\\\/Radiio-Ljubuski-1490835324566332\",\"https:\\\/\\\/x.com\\\/radioljubuski\",\"https:\\\/\\\/hr.linkedin.com\\\/company\\\/radio-ljubuski\",\"https:\\\/\\\/www.youtube.com\\\/channel\\\/UCHYaeO_n0Db3tjNGudGpXyw\"]},{\"@type\":\"Person\",\"@id\":\"https:\\\/\\\/radioljubuski.ba\\\/#\\\/schema\\\/person\\\/19fc700381a780f69665d7956c469e3b\",\"name\":\"Radio Ljubu\u0161ki\"}]}<\/script>\n<!-- \/ Yoast SEO plugin. -->","yoast_head_json":{"title":"SKB Mostar tra\u017ei vi\u0161e djelatnika, prijave do 11. travnja - RADIO LJUBU\u0160KI","robots":{"index":"index","follow":"follow","max-snippet":"max-snippet:-1","max-image-preview":"max-image-preview:large","max-video-preview":"max-video-preview:-1"},"canonical":"https:\/\/radioljubuski.ba\/index.php\/2021\/04\/06\/skb-mostar-trazi-vise-djelatnika-prijave-do-11-travnja\/","og_locale":"hr_HR","og_type":"article","og_title":"SKB Mostar tra\u017ei vi\u0161e djelatnika, prijave do 11. travnja - RADIO LJUBU\u0160KI","og_description":"Sveu\u010dili\u0161na klini\u010dka bolnica Mostar raspisala je natje\u010daj za prijem u radni odnos. Kako je navedeno tra\u017ee vi\u0161e izvr\u0161itelja.&nbsp; Neodre\u0111eno vrijeme za radna mjesta: &nbsp;Glavna sestra\/tehni\u010dar Klini\u010dkog odjela za bolesti stra\u017enjeg segmenta oka na Klinici za o\u010dne bolesti &#8211; 1 izvr\u0161iteljGlavna sestra\/tehni\u010dar Dnevne bolnice na Klinici za onkologiju &#8211; 1 izvr\u0161iteljDiplomirani in\u017eenjer kemije u Zavodu za [&hellip;]","og_url":"https:\/\/radioljubuski.ba\/index.php\/2021\/04\/06\/skb-mostar-trazi-vise-djelatnika-prijave-do-11-travnja\/","og_site_name":"RADIO LJUBU\u0160KI","article_publisher":"https:\/\/www.facebook.com\/Radiio-Ljubuski-1490835324566332","article_published_time":"2021-04-06T15:06:12+00:00","article_modified_time":"2021-04-06T22:34:23+00:00","og_image":[{"width":1000,"height":625,"url":"https:\/\/radioljubuski.ba\/wp-content\/uploads\/2021\/04\/01VKrLes_skb.jpg","type":"image\/jpeg"}],"author":"Radio Ljubu\u0161ki","twitter_card":"summary_large_image","twitter_creator":"@radioljubuski","twitter_site":"@radioljubuski","twitter_misc":{"Napisao\/la":"Radio Ljubu\u0161ki","Procijenjeno vrijeme \u010ditanja":"2 minute"},"schema":{"@context":"https:\/\/schema.org","@graph":[{"@type":"Article","@id":"https:\/\/radioljubuski.ba\/index.php\/2021\/04\/06\/skb-mostar-trazi-vise-djelatnika-prijave-do-11-travnja\/#article","isPartOf":{"@id":"https:\/\/radioljubuski.ba\/index.php\/2021\/04\/06\/skb-mostar-trazi-vise-djelatnika-prijave-do-11-travnja\/"},"author":{"name":"Radio Ljubu\u0161ki","@id":"https:\/\/radioljubuski.ba\/#\/schema\/person\/19fc700381a780f69665d7956c469e3b"},"headline":"SKB Mostar tra\u017ei vi\u0161e djelatnika, prijave do 11. travnja","datePublished":"2021-04-06T15:06:12+00:00","dateModified":"2021-04-06T22:34:23+00:00","mainEntityOfPage":{"@id":"https:\/\/radioljubuski.ba\/index.php\/2021\/04\/06\/skb-mostar-trazi-vise-djelatnika-prijave-do-11-travnja\/"},"wordCount":376,"publisher":{"@id":"https:\/\/radioljubuski.ba\/#organization"},"image":{"@id":"https:\/\/radioljubuski.ba\/index.php\/2021\/04\/06\/skb-mostar-trazi-vise-djelatnika-prijave-do-11-travnja\/#primaryimage"},"thumbnailUrl":"https:\/\/radioljubuski.ba\/wp-content\/uploads\/2021\/04\/01VKrLes_skb.jpg","articleSection":["BIH i regija"],"inLanguage":"hr"},{"@type":"WebPage","@id":"https:\/\/radioljubuski.ba\/index.php\/2021\/04\/06\/skb-mostar-trazi-vise-djelatnika-prijave-do-11-travnja\/","url":"https:\/\/radioljubuski.ba\/index.php\/2021\/04\/06\/skb-mostar-trazi-vise-djelatnika-prijave-do-11-travnja\/","name":"SKB Mostar tra\u017ei vi\u0161e djelatnika, prijave do 11. travnja - RADIO LJUBU\u0160KI","isPartOf":{"@id":"https:\/\/radioljubuski.ba\/#website"},"primaryImageOfPage":{"@id":"https:\/\/radioljubuski.ba\/index.php\/2021\/04\/06\/skb-mostar-trazi-vise-djelatnika-prijave-do-11-travnja\/#primaryimage"},"image":{"@id":"https:\/\/radioljubuski.ba\/index.php\/2021\/04\/06\/skb-mostar-trazi-vise-djelatnika-prijave-do-11-travnja\/#primaryimage"},"thumbnailUrl":"https:\/\/radioljubuski.ba\/wp-content\/uploads\/2021\/04\/01VKrLes_skb.jpg","datePublished":"2021-04-06T15:06:12+00:00","dateModified":"2021-04-06T22:34:23+00:00","breadcrumb":{"@id":"https:\/\/radioljubuski.ba\/index.php\/2021\/04\/06\/skb-mostar-trazi-vise-djelatnika-prijave-do-11-travnja\/#breadcrumb"},"inLanguage":"hr","potentialAction":[{"@type":"ReadAction","target":["https:\/\/radioljubuski.ba\/index.php\/2021\/04\/06\/skb-mostar-trazi-vise-djelatnika-prijave-do-11-travnja\/"]}]},{"@type":"ImageObject","inLanguage":"hr","@id":"https:\/\/radioljubuski.ba\/index.php\/2021\/04\/06\/skb-mostar-trazi-vise-djelatnika-prijave-do-11-travnja\/#primaryimage","url":"https:\/\/radioljubuski.ba\/wp-content\/uploads\/2021\/04\/01VKrLes_skb.jpg","contentUrl":"https:\/\/radioljubuski.ba\/wp-content\/uploads\/2021\/04\/01VKrLes_skb.jpg","width":1000,"height":625},{"@type":"BreadcrumbList","@id":"https:\/\/radioljubuski.ba\/index.php\/2021\/04\/06\/skb-mostar-trazi-vise-djelatnika-prijave-do-11-travnja\/#breadcrumb","itemListElement":[{"@type":"ListItem","position":1,"name":"Po\u010detna stranica","item":"https:\/\/radioljubuski.ba\/"},{"@type":"ListItem","position":2,"name":"SKB Mostar tra\u017ei vi\u0161e djelatnika, prijave do 11. travnja"}]},{"@type":"WebSite","@id":"https:\/\/radioljubuski.ba\/#website","url":"https:\/\/radioljubuski.ba\/","name":"Radio Ljubu\u0161ki","description":"Sun\u010dana frekvencija Hercegovine","publisher":{"@id":"https:\/\/radioljubuski.ba\/#organization"},"potentialAction":[{"@type":"SearchAction","target":{"@type":"EntryPoint","urlTemplate":"https:\/\/radioljubuski.ba\/?s={search_term_string}"},"query-input":{"@type":"PropertyValueSpecification","valueRequired":true,"valueName":"search_term_string"}}],"inLanguage":"hr"},{"@type":"Organization","@id":"https:\/\/radioljubuski.ba\/#organization","name":"Radio Ljubu\u0161ki","url":"https:\/\/radioljubuski.ba\/","logo":{"@type":"ImageObject","inLanguage":"hr","@id":"https:\/\/radioljubuski.ba\/#\/schema\/logo\/image\/","url":"https:\/\/radioljubuski.ba\/wp-content\/uploads\/2021\/02\/cropped-Radio_Ljubuski_logo1.jpg","contentUrl":"https:\/\/radioljubuski.ba\/wp-content\/uploads\/2021\/02\/cropped-Radio_Ljubuski_logo1.jpg","width":512,"height":512,"caption":"Radio Ljubu\u0161ki"},"image":{"@id":"https:\/\/radioljubuski.ba\/#\/schema\/logo\/image\/"},"sameAs":["https:\/\/www.facebook.com\/Radiio-Ljubuski-1490835324566332","https:\/\/x.com\/radioljubuski","https:\/\/hr.linkedin.com\/company\/radio-ljubuski","https:\/\/www.youtube.com\/channel\/UCHYaeO_n0Db3tjNGudGpXyw"]},{"@type":"Person","@id":"https:\/\/radioljubuski.ba\/#\/schema\/person\/19fc700381a780f69665d7956c469e3b","name":"Radio Ljubu\u0161ki"}]}},"_links":{"self":[{"href":"https:\/\/radioljubuski.ba\/index.php\/wp-json\/wp\/v2\/posts\/10146","targetHints":{"allow":["GET"]}}],"collection":[{"href":"https:\/\/radioljubuski.ba\/index.php\/wp-json\/wp\/v2\/posts"}],"about":[{"href":"https:\/\/radioljubuski.ba\/index.php\/wp-json\/wp\/v2\/types\/post"}],"author":[{"embeddable":true,"href":"https:\/\/radioljubuski.ba\/index.php\/wp-json\/wp\/v2\/users\/2"}],"replies":[{"embeddable":true,"href":"https:\/\/radioljubuski.ba\/index.php\/wp-json\/wp\/v2\/comments?post=10146"}],"version-history":[{"count":1,"href":"https:\/\/radioljubuski.ba\/index.php\/wp-json\/wp\/v2\/posts\/10146\/revisions"}],"predecessor-version":[{"id":10148,"href":"https:\/\/radioljubuski.ba\/index.php\/wp-json\/wp\/v2\/posts\/10146\/revisions\/10148"}],"wp:featuredmedia":[{"embeddable":true,"href":"https:\/\/radioljubuski.ba\/index.php\/wp-json\/wp\/v2\/media\/10147"}],"wp:attachment":[{"href":"https:\/\/radioljubuski.ba\/index.php\/wp-json\/wp\/v2\/media?parent=10146"}],"wp:term":[{"taxonomy":"category","embeddable":true,"href":"https:\/\/radioljubuski.ba\/index.php\/wp-json\/wp\/v2\/categories?post=10146"},{"taxonomy":"post_tag","embeddable":true,"href":"https:\/\/radioljubuski.ba\/index.php\/wp-json\/wp\/v2\/tags?post=10146"}],"curies":[{"name":"wp","href":"https:\/\/api.w.org\/{rel}","templated":true}]}}