{"id":101586,"date":"2021-12-19T12:13:33","date_gmt":"2021-12-19T11:13:33","guid":{"rendered":"https:\/\/radioljubuski.ba\/?p=101586"},"modified":"2021-12-19T12:13:35","modified_gmt":"2021-12-19T11:13:35","slug":"sok-mostar-polusezonu-zavrsio-u-sredini-ljestvice-premijer-lige-bih","status":"publish","type":"post","link":"https:\/\/radioljubuski.ba\/index.php\/2021\/12\/19\/sok-mostar-polusezonu-zavrsio-u-sredini-ljestvice-premijer-lige-bih\/","title":{"rendered":"SOK Mostar polusezonu zavr\u0161io u sredini ljestvice Premijer lige BiH"},"content":{"rendered":"\n<p>SOK Mostar odbojka\u0161ku polusezonu ostaje plasiran na sredini ljestvice Premijer lige BiH.<\/p>\n\n\n\n<p>Ve\u010deras su mostarske odbojka\u0161ice pora\u017eene na doma\u0107em terenu od lidera \u017dOK \u201cBimal-Jedinstvo\u201d rezultatom 3-0 u setovima.<\/p>\n\n\n\n<p>Odbojka\u0161ice iz Br\u010dkog su u prvom setu me\u010da pokazale za\u0161to su nedodirljive ve\u0107 godinama u doma\u0107em prvenstvu. Ako ka\u017eemo da je rezultat prvog seta bio 25-10 za gostuju\u0107i tim, sasvim je jasno o kakvoj se dominaciji radilo.&nbsp;<\/p>\n\n\n\n<p>Ipak, &#8216;Sokice&#8217; u nastavak me\u010da ulaze mnogo ozbiljnije i rezultatska neizvjesnost traje sve do 18-18. Stru\u010dni sto\u017eer gostiju u tim trenutcima me\u010da ulazi u raspravu sa sucima, te izaziva reakcije publike na tribinama, a verbalni okr\u0161aji o\u010dito su ostavili traga na doma\u0107oj ekipi. Go\u0161\u0107e iz Br\u010dkog nastavak seta odigravaju na vi\u0161oj razini od &#8216;Sokica&#8217;, te ovaj dio me\u010da zavr\u0161ava rezultatom 25-20 za \u017dOK \u201cBimal-Jedinstvo\u201d.<\/p>\n\n\n\n<p>SOK Mostar u tre\u0107i dio me\u010da ulazi odlu\u010dno, te uspijeva ostvariti rezultatsku prednost. Doma\u0107e igra\u010dice imale su 16-13 u tre\u0107em setu, te najavljuju kako bi ovaj dio igre mogao pripasti njima. Na\u017ealost, dolazi do pada koncetracije, \u0161to koriste gostuju\u0107e igra\u010dice, te prvo poravnavaju rezultat i na kraju slave i u tre\u0107em setu rezultatom 25-20.<\/p>\n\n\n\n<p>Ova utakmica je ujedno bila i zadnja u ovome dijelu Premijer lige za SOK Mostar. Kada se podvu\u010de linija, &#8216;Sokice&#8217; ipak mogu biti zadovoljne ostvarenim rezultatima. Iako se od njih mo\u017eda o\u010dekivalo vi\u0161e u doma\u0107em prvenstvu, treba uzeti u obzir da ih je cijelo vrijeme pratio problem povreda, da su tjedno igrale i po tri utakmice, te \u010dinjenica da je ove sezone mostarski klub prvi put igrao u europskim natjecanjima. Da je bilo malo vi\u0161e \u0161portske sre\u0107e, izostanka povreda i svih drugih problema koji su ih pratili ove sezone, rezultati bi svakako bi daleko bolji nego to trenutno govori ljestvica Premijer lige.<\/p>\n\n\n\n<p>SOK Mostar sigurno pripada vrhu doma\u0107eg prvenstva i u drugom dijelu sezone mo\u017ee se o\u010dekivati da \u0107e &#8216;Sokice&#8217; zauzeti poziciju koja im pripada. A to je vrh Premijer lige u odbojci.<\/p>\n\n\n\n<figure class=\"wp-block-image\"><img decoding=\"async\" src=\"https:\/\/storage.pogled.ba\/images\/bfbd\/ec78\/219828\/original\/2-2021-12-18-19-44-48-sok8.jpg\" alt=\"\"\/><\/figure>\n\n\n\n<p>\u00a0<\/p>\n\n\n\n<figure class=\"wp-block-image\"><img decoding=\"async\" src=\"https:\/\/storage.pogled.ba\/images\/e0dd\/e5f4\/219829\/original\/2-2021-12-18-19-44-48-sok7.jpg\" alt=\"\"\/><\/figure>\n\n\n\n<figure class=\"wp-block-image\"><img decoding=\"async\" src=\"https:\/\/storage.pogled.ba\/images\/1d05\/2e99\/219830\/original\/2-2021-12-18-19-44-48-sok6.jpg\" alt=\"\"\/><\/figure>\n\n\n\n<figure class=\"wp-block-image\"><img decoding=\"async\" src=\"https:\/\/storage.pogled.ba\/images\/dbb2\/73c1\/219833\/original\/2-2021-12-18-19-44-48-sok3.jpg\" alt=\"\"\/><\/figure>\n\n\n\n<figure class=\"wp-block-image\"><img decoding=\"async\" src=\"https:\/\/storage.pogled.ba\/images\/e073\/e690\/219835\/original\/2-2021-12-18-19-44-48-sok.jpg\" alt=\"\"\/><\/figure>\n\n\n\n<p>Izvor:pogled.ba<\/p>\n","protected":false},"excerpt":{"rendered":"<p>SOK Mostar odbojka\u0161ku polusezonu ostaje plasiran na sredini ljestvice Premijer lige BiH. Ve\u010deras su mostarske odbojka\u0161ice pora\u017eene na doma\u0107em terenu od lidera \u017dOK \u201cBimal-Jedinstvo\u201d rezultatom 3-0 u setovima. Odbojka\u0161ice iz Br\u010dkog su u prvom setu me\u010da pokazale za\u0161to su nedodirljive ve\u0107 godinama u doma\u0107em prvenstvu. Ako ka\u017eemo da je rezultat prvog seta bio 25-10 za [&hellip;]<\/p>\n","protected":false},"author":2,"featured_media":101587,"comment_status":"closed","ping_status":"closed","sticky":false,"template":"","format":"standard","meta":{"h5ap_radio_sources":[],"footnotes":""},"categories":[7],"tags":[],"class_list":["post-101586","post","type-post","status-publish","format-standard","has-post-thumbnail","hentry","category-sport"],"yoast_head":"<!-- This site is optimized with the Yoast SEO plugin v27.4 - https:\/\/yoast.com\/product\/yoast-seo-wordpress\/ -->\n<title>SOK Mostar polusezonu zavr\u0161io u sredini ljestvice Premijer lige BiH - RADIO LJUBU\u0160KI<\/title>\n<meta name=\"robots\" content=\"index, follow, max-snippet:-1, max-image-preview:large, max-video-preview:-1\" \/>\n<link rel=\"canonical\" href=\"https:\/\/radioljubuski.ba\/index.php\/2021\/12\/19\/sok-mostar-polusezonu-zavrsio-u-sredini-ljestvice-premijer-lige-bih\/\" \/>\n<meta property=\"og:locale\" content=\"hr_HR\" \/>\n<meta property=\"og:type\" content=\"article\" \/>\n<meta property=\"og:title\" content=\"SOK Mostar polusezonu zavr\u0161io u sredini ljestvice Premijer lige BiH - RADIO LJUBU\u0160KI\" \/>\n<meta property=\"og:description\" content=\"SOK Mostar odbojka\u0161ku polusezonu ostaje plasiran na sredini ljestvice Premijer lige BiH. Ve\u010deras su mostarske odbojka\u0161ice pora\u017eene na doma\u0107em terenu od lidera \u017dOK \u201cBimal-Jedinstvo\u201d rezultatom 3-0 u setovima. Odbojka\u0161ice iz Br\u010dkog su u prvom setu me\u010da pokazale za\u0161to su nedodirljive ve\u0107 godinama u doma\u0107em prvenstvu. Ako ka\u017eemo da je rezultat prvog seta bio 25-10 za [&hellip;]\" \/>\n<meta property=\"og:url\" content=\"https:\/\/radioljubuski.ba\/index.php\/2021\/12\/19\/sok-mostar-polusezonu-zavrsio-u-sredini-ljestvice-premijer-lige-bih\/\" \/>\n<meta property=\"og:site_name\" content=\"RADIO LJUBU\u0160KI\" \/>\n<meta property=\"article:publisher\" content=\"https:\/\/www.facebook.com\/Radiio-Ljubuski-1490835324566332\" \/>\n<meta property=\"article:published_time\" content=\"2021-12-19T11:13:33+00:00\" \/>\n<meta property=\"article:modified_time\" content=\"2021-12-19T11:13:35+00:00\" \/>\n<meta property=\"og:image\" content=\"https:\/\/radioljubuski.ba\/wp-content\/uploads\/2021\/12\/2-2021-12-18-19-44-48-sok4.jpg\" \/>\n\t<meta property=\"og:image:width\" content=\"1000\" \/>\n\t<meta property=\"og:image:height\" content=\"625\" \/>\n\t<meta property=\"og:image:type\" content=\"image\/jpeg\" \/>\n<meta name=\"author\" content=\"Radio Ljubu\u0161ki\" \/>\n<meta name=\"twitter:card\" content=\"summary_large_image\" \/>\n<meta name=\"twitter:creator\" content=\"@radioljubuski\" \/>\n<meta name=\"twitter:site\" content=\"@radioljubuski\" \/>\n<meta name=\"twitter:label1\" content=\"Napisao\/la\" \/>\n\t<meta name=\"twitter:data1\" content=\"Radio Ljubu\u0161ki\" \/>\n\t<meta name=\"twitter:label2\" content=\"Procijenjeno vrijeme \u010ditanja\" \/>\n\t<meta name=\"twitter:data2\" content=\"3 minute\" \/>\n<script type=\"application\/ld+json\" class=\"yoast-schema-graph\">{\"@context\":\"https:\\\/\\\/schema.org\",\"@graph\":[{\"@type\":\"Article\",\"@id\":\"https:\\\/\\\/radioljubuski.ba\\\/index.php\\\/2021\\\/12\\\/19\\\/sok-mostar-polusezonu-zavrsio-u-sredini-ljestvice-premijer-lige-bih\\\/#article\",\"isPartOf\":{\"@id\":\"https:\\\/\\\/radioljubuski.ba\\\/index.php\\\/2021\\\/12\\\/19\\\/sok-mostar-polusezonu-zavrsio-u-sredini-ljestvice-premijer-lige-bih\\\/\"},\"author\":{\"name\":\"Radio Ljubu\u0161ki\",\"@id\":\"https:\\\/\\\/radioljubuski.ba\\\/#\\\/schema\\\/person\\\/19fc700381a780f69665d7956c469e3b\"},\"headline\":\"SOK Mostar polusezonu zavr\u0161io u sredini ljestvice Premijer lige BiH\",\"datePublished\":\"2021-12-19T11:13:33+00:00\",\"dateModified\":\"2021-12-19T11:13:35+00:00\",\"mainEntityOfPage\":{\"@id\":\"https:\\\/\\\/radioljubuski.ba\\\/index.php\\\/2021\\\/12\\\/19\\\/sok-mostar-polusezonu-zavrsio-u-sredini-ljestvice-premijer-lige-bih\\\/\"},\"wordCount\":375,\"publisher\":{\"@id\":\"https:\\\/\\\/radioljubuski.ba\\\/#organization\"},\"image\":{\"@id\":\"https:\\\/\\\/radioljubuski.ba\\\/index.php\\\/2021\\\/12\\\/19\\\/sok-mostar-polusezonu-zavrsio-u-sredini-ljestvice-premijer-lige-bih\\\/#primaryimage\"},\"thumbnailUrl\":\"https:\\\/\\\/radioljubuski.ba\\\/wp-content\\\/uploads\\\/2021\\\/12\\\/2-2021-12-18-19-44-48-sok4.jpg\",\"articleSection\":[\"\u0160port\"],\"inLanguage\":\"hr\"},{\"@type\":\"WebPage\",\"@id\":\"https:\\\/\\\/radioljubuski.ba\\\/index.php\\\/2021\\\/12\\\/19\\\/sok-mostar-polusezonu-zavrsio-u-sredini-ljestvice-premijer-lige-bih\\\/\",\"url\":\"https:\\\/\\\/radioljubuski.ba\\\/index.php\\\/2021\\\/12\\\/19\\\/sok-mostar-polusezonu-zavrsio-u-sredini-ljestvice-premijer-lige-bih\\\/\",\"name\":\"SOK Mostar polusezonu zavr\u0161io u sredini ljestvice Premijer lige BiH - RADIO LJUBU\u0160KI\",\"isPartOf\":{\"@id\":\"https:\\\/\\\/radioljubuski.ba\\\/#website\"},\"primaryImageOfPage\":{\"@id\":\"https:\\\/\\\/radioljubuski.ba\\\/index.php\\\/2021\\\/12\\\/19\\\/sok-mostar-polusezonu-zavrsio-u-sredini-ljestvice-premijer-lige-bih\\\/#primaryimage\"},\"image\":{\"@id\":\"https:\\\/\\\/radioljubuski.ba\\\/index.php\\\/2021\\\/12\\\/19\\\/sok-mostar-polusezonu-zavrsio-u-sredini-ljestvice-premijer-lige-bih\\\/#primaryimage\"},\"thumbnailUrl\":\"https:\\\/\\\/radioljubuski.ba\\\/wp-content\\\/uploads\\\/2021\\\/12\\\/2-2021-12-18-19-44-48-sok4.jpg\",\"datePublished\":\"2021-12-19T11:13:33+00:00\",\"dateModified\":\"2021-12-19T11:13:35+00:00\",\"breadcrumb\":{\"@id\":\"https:\\\/\\\/radioljubuski.ba\\\/index.php\\\/2021\\\/12\\\/19\\\/sok-mostar-polusezonu-zavrsio-u-sredini-ljestvice-premijer-lige-bih\\\/#breadcrumb\"},\"inLanguage\":\"hr\",\"potentialAction\":[{\"@type\":\"ReadAction\",\"target\":[\"https:\\\/\\\/radioljubuski.ba\\\/index.php\\\/2021\\\/12\\\/19\\\/sok-mostar-polusezonu-zavrsio-u-sredini-ljestvice-premijer-lige-bih\\\/\"]}]},{\"@type\":\"ImageObject\",\"inLanguage\":\"hr\",\"@id\":\"https:\\\/\\\/radioljubuski.ba\\\/index.php\\\/2021\\\/12\\\/19\\\/sok-mostar-polusezonu-zavrsio-u-sredini-ljestvice-premijer-lige-bih\\\/#primaryimage\",\"url\":\"https:\\\/\\\/radioljubuski.ba\\\/wp-content\\\/uploads\\\/2021\\\/12\\\/2-2021-12-18-19-44-48-sok4.jpg\",\"contentUrl\":\"https:\\\/\\\/radioljubuski.ba\\\/wp-content\\\/uploads\\\/2021\\\/12\\\/2-2021-12-18-19-44-48-sok4.jpg\",\"width\":1000,\"height\":625},{\"@type\":\"BreadcrumbList\",\"@id\":\"https:\\\/\\\/radioljubuski.ba\\\/index.php\\\/2021\\\/12\\\/19\\\/sok-mostar-polusezonu-zavrsio-u-sredini-ljestvice-premijer-lige-bih\\\/#breadcrumb\",\"itemListElement\":[{\"@type\":\"ListItem\",\"position\":1,\"name\":\"Po\u010detna stranica\",\"item\":\"https:\\\/\\\/radioljubuski.ba\\\/\"},{\"@type\":\"ListItem\",\"position\":2,\"name\":\"SOK Mostar polusezonu zavr\u0161io u sredini ljestvice Premijer lige BiH\"}]},{\"@type\":\"WebSite\",\"@id\":\"https:\\\/\\\/radioljubuski.ba\\\/#website\",\"url\":\"https:\\\/\\\/radioljubuski.ba\\\/\",\"name\":\"Radio Ljubu\u0161ki\",\"description\":\"Sun\u010dana frekvencija Hercegovine\",\"publisher\":{\"@id\":\"https:\\\/\\\/radioljubuski.ba\\\/#organization\"},\"potentialAction\":[{\"@type\":\"SearchAction\",\"target\":{\"@type\":\"EntryPoint\",\"urlTemplate\":\"https:\\\/\\\/radioljubuski.ba\\\/?s={search_term_string}\"},\"query-input\":{\"@type\":\"PropertyValueSpecification\",\"valueRequired\":true,\"valueName\":\"search_term_string\"}}],\"inLanguage\":\"hr\"},{\"@type\":\"Organization\",\"@id\":\"https:\\\/\\\/radioljubuski.ba\\\/#organization\",\"name\":\"Radio Ljubu\u0161ki\",\"url\":\"https:\\\/\\\/radioljubuski.ba\\\/\",\"logo\":{\"@type\":\"ImageObject\",\"inLanguage\":\"hr\",\"@id\":\"https:\\\/\\\/radioljubuski.ba\\\/#\\\/schema\\\/logo\\\/image\\\/\",\"url\":\"https:\\\/\\\/radioljubuski.ba\\\/wp-content\\\/uploads\\\/2021\\\/02\\\/cropped-Radio_Ljubuski_logo1.jpg\",\"contentUrl\":\"https:\\\/\\\/radioljubuski.ba\\\/wp-content\\\/uploads\\\/2021\\\/02\\\/cropped-Radio_Ljubuski_logo1.jpg\",\"width\":512,\"height\":512,\"caption\":\"Radio Ljubu\u0161ki\"},\"image\":{\"@id\":\"https:\\\/\\\/radioljubuski.ba\\\/#\\\/schema\\\/logo\\\/image\\\/\"},\"sameAs\":[\"https:\\\/\\\/www.facebook.com\\\/Radiio-Ljubuski-1490835324566332\",\"https:\\\/\\\/x.com\\\/radioljubuski\",\"https:\\\/\\\/hr.linkedin.com\\\/company\\\/radio-ljubuski\",\"https:\\\/\\\/www.youtube.com\\\/channel\\\/UCHYaeO_n0Db3tjNGudGpXyw\"]},{\"@type\":\"Person\",\"@id\":\"https:\\\/\\\/radioljubuski.ba\\\/#\\\/schema\\\/person\\\/19fc700381a780f69665d7956c469e3b\",\"name\":\"Radio Ljubu\u0161ki\"}]}<\/script>\n<!-- \/ Yoast SEO plugin. -->","yoast_head_json":{"title":"SOK Mostar polusezonu zavr\u0161io u sredini ljestvice Premijer lige BiH - RADIO LJUBU\u0160KI","robots":{"index":"index","follow":"follow","max-snippet":"max-snippet:-1","max-image-preview":"max-image-preview:large","max-video-preview":"max-video-preview:-1"},"canonical":"https:\/\/radioljubuski.ba\/index.php\/2021\/12\/19\/sok-mostar-polusezonu-zavrsio-u-sredini-ljestvice-premijer-lige-bih\/","og_locale":"hr_HR","og_type":"article","og_title":"SOK Mostar polusezonu zavr\u0161io u sredini ljestvice Premijer lige BiH - RADIO LJUBU\u0160KI","og_description":"SOK Mostar odbojka\u0161ku polusezonu ostaje plasiran na sredini ljestvice Premijer lige BiH. Ve\u010deras su mostarske odbojka\u0161ice pora\u017eene na doma\u0107em terenu od lidera \u017dOK \u201cBimal-Jedinstvo\u201d rezultatom 3-0 u setovima. Odbojka\u0161ice iz Br\u010dkog su u prvom setu me\u010da pokazale za\u0161to su nedodirljive ve\u0107 godinama u doma\u0107em prvenstvu. Ako ka\u017eemo da je rezultat prvog seta bio 25-10 za [&hellip;]","og_url":"https:\/\/radioljubuski.ba\/index.php\/2021\/12\/19\/sok-mostar-polusezonu-zavrsio-u-sredini-ljestvice-premijer-lige-bih\/","og_site_name":"RADIO LJUBU\u0160KI","article_publisher":"https:\/\/www.facebook.com\/Radiio-Ljubuski-1490835324566332","article_published_time":"2021-12-19T11:13:33+00:00","article_modified_time":"2021-12-19T11:13:35+00:00","og_image":[{"width":1000,"height":625,"url":"https:\/\/radioljubuski.ba\/wp-content\/uploads\/2021\/12\/2-2021-12-18-19-44-48-sok4.jpg","type":"image\/jpeg"}],"author":"Radio Ljubu\u0161ki","twitter_card":"summary_large_image","twitter_creator":"@radioljubuski","twitter_site":"@radioljubuski","twitter_misc":{"Napisao\/la":"Radio Ljubu\u0161ki","Procijenjeno vrijeme \u010ditanja":"3 minute"},"schema":{"@context":"https:\/\/schema.org","@graph":[{"@type":"Article","@id":"https:\/\/radioljubuski.ba\/index.php\/2021\/12\/19\/sok-mostar-polusezonu-zavrsio-u-sredini-ljestvice-premijer-lige-bih\/#article","isPartOf":{"@id":"https:\/\/radioljubuski.ba\/index.php\/2021\/12\/19\/sok-mostar-polusezonu-zavrsio-u-sredini-ljestvice-premijer-lige-bih\/"},"author":{"name":"Radio Ljubu\u0161ki","@id":"https:\/\/radioljubuski.ba\/#\/schema\/person\/19fc700381a780f69665d7956c469e3b"},"headline":"SOK Mostar polusezonu zavr\u0161io u sredini ljestvice Premijer lige BiH","datePublished":"2021-12-19T11:13:33+00:00","dateModified":"2021-12-19T11:13:35+00:00","mainEntityOfPage":{"@id":"https:\/\/radioljubuski.ba\/index.php\/2021\/12\/19\/sok-mostar-polusezonu-zavrsio-u-sredini-ljestvice-premijer-lige-bih\/"},"wordCount":375,"publisher":{"@id":"https:\/\/radioljubuski.ba\/#organization"},"image":{"@id":"https:\/\/radioljubuski.ba\/index.php\/2021\/12\/19\/sok-mostar-polusezonu-zavrsio-u-sredini-ljestvice-premijer-lige-bih\/#primaryimage"},"thumbnailUrl":"https:\/\/radioljubuski.ba\/wp-content\/uploads\/2021\/12\/2-2021-12-18-19-44-48-sok4.jpg","articleSection":["\u0160port"],"inLanguage":"hr"},{"@type":"WebPage","@id":"https:\/\/radioljubuski.ba\/index.php\/2021\/12\/19\/sok-mostar-polusezonu-zavrsio-u-sredini-ljestvice-premijer-lige-bih\/","url":"https:\/\/radioljubuski.ba\/index.php\/2021\/12\/19\/sok-mostar-polusezonu-zavrsio-u-sredini-ljestvice-premijer-lige-bih\/","name":"SOK Mostar polusezonu zavr\u0161io u sredini ljestvice Premijer lige BiH - RADIO LJUBU\u0160KI","isPartOf":{"@id":"https:\/\/radioljubuski.ba\/#website"},"primaryImageOfPage":{"@id":"https:\/\/radioljubuski.ba\/index.php\/2021\/12\/19\/sok-mostar-polusezonu-zavrsio-u-sredini-ljestvice-premijer-lige-bih\/#primaryimage"},"image":{"@id":"https:\/\/radioljubuski.ba\/index.php\/2021\/12\/19\/sok-mostar-polusezonu-zavrsio-u-sredini-ljestvice-premijer-lige-bih\/#primaryimage"},"thumbnailUrl":"https:\/\/radioljubuski.ba\/wp-content\/uploads\/2021\/12\/2-2021-12-18-19-44-48-sok4.jpg","datePublished":"2021-12-19T11:13:33+00:00","dateModified":"2021-12-19T11:13:35+00:00","breadcrumb":{"@id":"https:\/\/radioljubuski.ba\/index.php\/2021\/12\/19\/sok-mostar-polusezonu-zavrsio-u-sredini-ljestvice-premijer-lige-bih\/#breadcrumb"},"inLanguage":"hr","potentialAction":[{"@type":"ReadAction","target":["https:\/\/radioljubuski.ba\/index.php\/2021\/12\/19\/sok-mostar-polusezonu-zavrsio-u-sredini-ljestvice-premijer-lige-bih\/"]}]},{"@type":"ImageObject","inLanguage":"hr","@id":"https:\/\/radioljubuski.ba\/index.php\/2021\/12\/19\/sok-mostar-polusezonu-zavrsio-u-sredini-ljestvice-premijer-lige-bih\/#primaryimage","url":"https:\/\/radioljubuski.ba\/wp-content\/uploads\/2021\/12\/2-2021-12-18-19-44-48-sok4.jpg","contentUrl":"https:\/\/radioljubuski.ba\/wp-content\/uploads\/2021\/12\/2-2021-12-18-19-44-48-sok4.jpg","width":1000,"height":625},{"@type":"BreadcrumbList","@id":"https:\/\/radioljubuski.ba\/index.php\/2021\/12\/19\/sok-mostar-polusezonu-zavrsio-u-sredini-ljestvice-premijer-lige-bih\/#breadcrumb","itemListElement":[{"@type":"ListItem","position":1,"name":"Po\u010detna stranica","item":"https:\/\/radioljubuski.ba\/"},{"@type":"ListItem","position":2,"name":"SOK Mostar polusezonu zavr\u0161io u sredini ljestvice Premijer lige BiH"}]},{"@type":"WebSite","@id":"https:\/\/radioljubuski.ba\/#website","url":"https:\/\/radioljubuski.ba\/","name":"Radio Ljubu\u0161ki","description":"Sun\u010dana frekvencija Hercegovine","publisher":{"@id":"https:\/\/radioljubuski.ba\/#organization"},"potentialAction":[{"@type":"SearchAction","target":{"@type":"EntryPoint","urlTemplate":"https:\/\/radioljubuski.ba\/?s={search_term_string}"},"query-input":{"@type":"PropertyValueSpecification","valueRequired":true,"valueName":"search_term_string"}}],"inLanguage":"hr"},{"@type":"Organization","@id":"https:\/\/radioljubuski.ba\/#organization","name":"Radio Ljubu\u0161ki","url":"https:\/\/radioljubuski.ba\/","logo":{"@type":"ImageObject","inLanguage":"hr","@id":"https:\/\/radioljubuski.ba\/#\/schema\/logo\/image\/","url":"https:\/\/radioljubuski.ba\/wp-content\/uploads\/2021\/02\/cropped-Radio_Ljubuski_logo1.jpg","contentUrl":"https:\/\/radioljubuski.ba\/wp-content\/uploads\/2021\/02\/cropped-Radio_Ljubuski_logo1.jpg","width":512,"height":512,"caption":"Radio Ljubu\u0161ki"},"image":{"@id":"https:\/\/radioljubuski.ba\/#\/schema\/logo\/image\/"},"sameAs":["https:\/\/www.facebook.com\/Radiio-Ljubuski-1490835324566332","https:\/\/x.com\/radioljubuski","https:\/\/hr.linkedin.com\/company\/radio-ljubuski","https:\/\/www.youtube.com\/channel\/UCHYaeO_n0Db3tjNGudGpXyw"]},{"@type":"Person","@id":"https:\/\/radioljubuski.ba\/#\/schema\/person\/19fc700381a780f69665d7956c469e3b","name":"Radio Ljubu\u0161ki"}]}},"_links":{"self":[{"href":"https:\/\/radioljubuski.ba\/index.php\/wp-json\/wp\/v2\/posts\/101586","targetHints":{"allow":["GET"]}}],"collection":[{"href":"https:\/\/radioljubuski.ba\/index.php\/wp-json\/wp\/v2\/posts"}],"about":[{"href":"https:\/\/radioljubuski.ba\/index.php\/wp-json\/wp\/v2\/types\/post"}],"author":[{"embeddable":true,"href":"https:\/\/radioljubuski.ba\/index.php\/wp-json\/wp\/v2\/users\/2"}],"replies":[{"embeddable":true,"href":"https:\/\/radioljubuski.ba\/index.php\/wp-json\/wp\/v2\/comments?post=101586"}],"version-history":[{"count":1,"href":"https:\/\/radioljubuski.ba\/index.php\/wp-json\/wp\/v2\/posts\/101586\/revisions"}],"predecessor-version":[{"id":101588,"href":"https:\/\/radioljubuski.ba\/index.php\/wp-json\/wp\/v2\/posts\/101586\/revisions\/101588"}],"wp:featuredmedia":[{"embeddable":true,"href":"https:\/\/radioljubuski.ba\/index.php\/wp-json\/wp\/v2\/media\/101587"}],"wp:attachment":[{"href":"https:\/\/radioljubuski.ba\/index.php\/wp-json\/wp\/v2\/media?parent=101586"}],"wp:term":[{"taxonomy":"category","embeddable":true,"href":"https:\/\/radioljubuski.ba\/index.php\/wp-json\/wp\/v2\/categories?post=101586"},{"taxonomy":"post_tag","embeddable":true,"href":"https:\/\/radioljubuski.ba\/index.php\/wp-json\/wp\/v2\/tags?post=101586"}],"curies":[{"name":"wp","href":"https:\/\/api.w.org\/{rel}","templated":true}]}}