{"id":101615,"date":"2021-12-19T12:27:54","date_gmt":"2021-12-19T11:27:54","guid":{"rendered":"https:\/\/radioljubuski.ba\/?p=101615"},"modified":"2021-12-19T12:27:54","modified_gmt":"2021-12-19T11:27:54","slug":"babic-priznao-nisam-tako-dobar-kako-sam-mislio","status":"publish","type":"post","link":"https:\/\/radioljubuski.ba\/index.php\/2021\/12\/19\/babic-priznao-nisam-tako-dobar-kako-sam-mislio\/","title":{"rendered":"Babi\u0107 priznao: Nisam tako dobar kako sam mislio"},"content":{"rendered":"\n<p>Alen Babi\u0107 je u jubilarnoj desetoj borbi profesionalne boksa\u010dke karijere do\u0161ao do jubilarne desete pobjede nokautom, ali David Spilmont pokazao se kao njegov najozbiljniji dosada\u0161nji protivnik.<\/p>\n\n\n\n<p>\u201cNije bilo rutinski, ovo mi je bio najte\u017ei test dosad, ali i pouka. Ne smijem se vi\u0161e nikad ovako boriti, misliti da nisam autsajder, nego velika faca. Nisam i ovaj tip mi je u\u010dinio veliku uslugu\u201d, priznao je Babi\u0107 u razgovoru za YouTube kanal Matchroom Boxinga.<\/p>\n\n\n\n<p>\u201cImao sam te\u0161ku godinu, veliku operaciju u velja\u010di, govorili su mi da se ne\u0107u vratiti u ring do kraja godine, a ja sam u pet mjeseci odradio \u010detiri borbe. Tijelo mi je umorno i izudarano, treba mi mala stanka, barem mjesec dana. Uza sve to imao sam i koronu, te\u0161ka je bila ova godina\u201d, objasnio je Babi\u0107.<\/p>\n\n\n\n<p>\u201cNisam savr\u0161en tip koji sve zavr\u0161ava u tri runde. Mislio sam da jesam, ali nisam. Ja sam rudar, pronalazim na\u010din protiv svakog protivnika, ovaj je imao 20 kila vi\u0161e od mene. Nisam savr\u0161en nokauter, samo veliki radnik koji rudari vi\u0161e od protivnika\u201d, rekao je Babi\u0107.<\/p>\n\n\n\n<p><em>izvor: narod.hr<\/em><\/p>\n","protected":false},"excerpt":{"rendered":"<p>Alen Babi\u0107 je u jubilarnoj desetoj borbi profesionalne boksa\u010dke karijere do\u0161ao do jubilarne desete pobjede nokautom, ali David Spilmont pokazao se kao njegov najozbiljniji dosada\u0161nji protivnik. \u201cNije bilo rutinski, ovo mi je bio najte\u017ei test dosad, ali i pouka. Ne smijem se vi\u0161e nikad ovako boriti, misliti da nisam autsajder, nego velika faca. Nisam i [&hellip;]<\/p>\n","protected":false},"author":2,"featured_media":101616,"comment_status":"closed","ping_status":"closed","sticky":false,"template":"","format":"standard","meta":{"h5ap_radio_sources":[],"footnotes":""},"categories":[7],"tags":[],"class_list":["post-101615","post","type-post","status-publish","format-standard","has-post-thumbnail","hentry","category-sport"],"yoast_head":"<!-- This site is optimized with the Yoast SEO plugin v27.4 - https:\/\/yoast.com\/product\/yoast-seo-wordpress\/ -->\n<title>Babi\u0107 priznao: Nisam tako dobar kako sam mislio - RADIO LJUBU\u0160KI<\/title>\n<meta name=\"robots\" content=\"index, follow, max-snippet:-1, max-image-preview:large, max-video-preview:-1\" \/>\n<link rel=\"canonical\" href=\"https:\/\/radioljubuski.ba\/index.php\/2021\/12\/19\/babic-priznao-nisam-tako-dobar-kako-sam-mislio\/\" \/>\n<meta property=\"og:locale\" content=\"hr_HR\" \/>\n<meta property=\"og:type\" content=\"article\" \/>\n<meta property=\"og:title\" content=\"Babi\u0107 priznao: Nisam tako dobar kako sam mislio - RADIO LJUBU\u0160KI\" \/>\n<meta property=\"og:description\" content=\"Alen Babi\u0107 je u jubilarnoj desetoj borbi profesionalne boksa\u010dke karijere do\u0161ao do jubilarne desete pobjede nokautom, ali David Spilmont pokazao se kao njegov najozbiljniji dosada\u0161nji protivnik. \u201cNije bilo rutinski, ovo mi je bio najte\u017ei test dosad, ali i pouka. Ne smijem se vi\u0161e nikad ovako boriti, misliti da nisam autsajder, nego velika faca. Nisam i [&hellip;]\" \/>\n<meta property=\"og:url\" content=\"https:\/\/radioljubuski.ba\/index.php\/2021\/12\/19\/babic-priznao-nisam-tako-dobar-kako-sam-mislio\/\" \/>\n<meta property=\"og:site_name\" content=\"RADIO LJUBU\u0160KI\" \/>\n<meta property=\"article:publisher\" content=\"https:\/\/www.facebook.com\/Radiio-Ljubuski-1490835324566332\" \/>\n<meta property=\"article:published_time\" content=\"2021-12-19T11:27:54+00:00\" \/>\n<meta property=\"og:image\" content=\"https:\/\/radioljubuski.ba\/wp-content\/uploads\/2021\/12\/alen-babic-1.jpg\" \/>\n\t<meta property=\"og:image:width\" content=\"688\" \/>\n\t<meta property=\"og:image:height\" content=\"388\" \/>\n\t<meta property=\"og:image:type\" content=\"image\/jpeg\" \/>\n<meta name=\"author\" content=\"Radio Ljubu\u0161ki\" \/>\n<meta name=\"twitter:card\" content=\"summary_large_image\" \/>\n<meta name=\"twitter:creator\" content=\"@radioljubuski\" \/>\n<meta name=\"twitter:site\" content=\"@radioljubuski\" \/>\n<meta name=\"twitter:label1\" content=\"Napisao\/la\" \/>\n\t<meta name=\"twitter:data1\" content=\"Radio Ljubu\u0161ki\" \/>\n\t<meta name=\"twitter:label2\" content=\"Procijenjeno vrijeme \u010ditanja\" \/>\n\t<meta name=\"twitter:data2\" content=\"1 minuta\" \/>\n<script type=\"application\/ld+json\" class=\"yoast-schema-graph\">{\"@context\":\"https:\\\/\\\/schema.org\",\"@graph\":[{\"@type\":\"Article\",\"@id\":\"https:\\\/\\\/radioljubuski.ba\\\/index.php\\\/2021\\\/12\\\/19\\\/babic-priznao-nisam-tako-dobar-kako-sam-mislio\\\/#article\",\"isPartOf\":{\"@id\":\"https:\\\/\\\/radioljubuski.ba\\\/index.php\\\/2021\\\/12\\\/19\\\/babic-priznao-nisam-tako-dobar-kako-sam-mislio\\\/\"},\"author\":{\"name\":\"Radio Ljubu\u0161ki\",\"@id\":\"https:\\\/\\\/radioljubuski.ba\\\/#\\\/schema\\\/person\\\/19fc700381a780f69665d7956c469e3b\"},\"headline\":\"Babi\u0107 priznao: Nisam tako dobar kako sam mislio\",\"datePublished\":\"2021-12-19T11:27:54+00:00\",\"mainEntityOfPage\":{\"@id\":\"https:\\\/\\\/radioljubuski.ba\\\/index.php\\\/2021\\\/12\\\/19\\\/babic-priznao-nisam-tako-dobar-kako-sam-mislio\\\/\"},\"wordCount\":200,\"publisher\":{\"@id\":\"https:\\\/\\\/radioljubuski.ba\\\/#organization\"},\"image\":{\"@id\":\"https:\\\/\\\/radioljubuski.ba\\\/index.php\\\/2021\\\/12\\\/19\\\/babic-priznao-nisam-tako-dobar-kako-sam-mislio\\\/#primaryimage\"},\"thumbnailUrl\":\"https:\\\/\\\/radioljubuski.ba\\\/wp-content\\\/uploads\\\/2021\\\/12\\\/alen-babic-1.jpg\",\"articleSection\":[\"\u0160port\"],\"inLanguage\":\"hr\"},{\"@type\":\"WebPage\",\"@id\":\"https:\\\/\\\/radioljubuski.ba\\\/index.php\\\/2021\\\/12\\\/19\\\/babic-priznao-nisam-tako-dobar-kako-sam-mislio\\\/\",\"url\":\"https:\\\/\\\/radioljubuski.ba\\\/index.php\\\/2021\\\/12\\\/19\\\/babic-priznao-nisam-tako-dobar-kako-sam-mislio\\\/\",\"name\":\"Babi\u0107 priznao: Nisam tako dobar kako sam mislio - RADIO LJUBU\u0160KI\",\"isPartOf\":{\"@id\":\"https:\\\/\\\/radioljubuski.ba\\\/#website\"},\"primaryImageOfPage\":{\"@id\":\"https:\\\/\\\/radioljubuski.ba\\\/index.php\\\/2021\\\/12\\\/19\\\/babic-priznao-nisam-tako-dobar-kako-sam-mislio\\\/#primaryimage\"},\"image\":{\"@id\":\"https:\\\/\\\/radioljubuski.ba\\\/index.php\\\/2021\\\/12\\\/19\\\/babic-priznao-nisam-tako-dobar-kako-sam-mislio\\\/#primaryimage\"},\"thumbnailUrl\":\"https:\\\/\\\/radioljubuski.ba\\\/wp-content\\\/uploads\\\/2021\\\/12\\\/alen-babic-1.jpg\",\"datePublished\":\"2021-12-19T11:27:54+00:00\",\"breadcrumb\":{\"@id\":\"https:\\\/\\\/radioljubuski.ba\\\/index.php\\\/2021\\\/12\\\/19\\\/babic-priznao-nisam-tako-dobar-kako-sam-mislio\\\/#breadcrumb\"},\"inLanguage\":\"hr\",\"potentialAction\":[{\"@type\":\"ReadAction\",\"target\":[\"https:\\\/\\\/radioljubuski.ba\\\/index.php\\\/2021\\\/12\\\/19\\\/babic-priznao-nisam-tako-dobar-kako-sam-mislio\\\/\"]}]},{\"@type\":\"ImageObject\",\"inLanguage\":\"hr\",\"@id\":\"https:\\\/\\\/radioljubuski.ba\\\/index.php\\\/2021\\\/12\\\/19\\\/babic-priznao-nisam-tako-dobar-kako-sam-mislio\\\/#primaryimage\",\"url\":\"https:\\\/\\\/radioljubuski.ba\\\/wp-content\\\/uploads\\\/2021\\\/12\\\/alen-babic-1.jpg\",\"contentUrl\":\"https:\\\/\\\/radioljubuski.ba\\\/wp-content\\\/uploads\\\/2021\\\/12\\\/alen-babic-1.jpg\",\"width\":688,\"height\":388},{\"@type\":\"BreadcrumbList\",\"@id\":\"https:\\\/\\\/radioljubuski.ba\\\/index.php\\\/2021\\\/12\\\/19\\\/babic-priznao-nisam-tako-dobar-kako-sam-mislio\\\/#breadcrumb\",\"itemListElement\":[{\"@type\":\"ListItem\",\"position\":1,\"name\":\"Po\u010detna stranica\",\"item\":\"https:\\\/\\\/radioljubuski.ba\\\/\"},{\"@type\":\"ListItem\",\"position\":2,\"name\":\"Babi\u0107 priznao: Nisam tako dobar kako sam mislio\"}]},{\"@type\":\"WebSite\",\"@id\":\"https:\\\/\\\/radioljubuski.ba\\\/#website\",\"url\":\"https:\\\/\\\/radioljubuski.ba\\\/\",\"name\":\"Radio Ljubu\u0161ki\",\"description\":\"Sun\u010dana frekvencija Hercegovine\",\"publisher\":{\"@id\":\"https:\\\/\\\/radioljubuski.ba\\\/#organization\"},\"potentialAction\":[{\"@type\":\"SearchAction\",\"target\":{\"@type\":\"EntryPoint\",\"urlTemplate\":\"https:\\\/\\\/radioljubuski.ba\\\/?s={search_term_string}\"},\"query-input\":{\"@type\":\"PropertyValueSpecification\",\"valueRequired\":true,\"valueName\":\"search_term_string\"}}],\"inLanguage\":\"hr\"},{\"@type\":\"Organization\",\"@id\":\"https:\\\/\\\/radioljubuski.ba\\\/#organization\",\"name\":\"Radio Ljubu\u0161ki\",\"url\":\"https:\\\/\\\/radioljubuski.ba\\\/\",\"logo\":{\"@type\":\"ImageObject\",\"inLanguage\":\"hr\",\"@id\":\"https:\\\/\\\/radioljubuski.ba\\\/#\\\/schema\\\/logo\\\/image\\\/\",\"url\":\"https:\\\/\\\/radioljubuski.ba\\\/wp-content\\\/uploads\\\/2021\\\/02\\\/cropped-Radio_Ljubuski_logo1.jpg\",\"contentUrl\":\"https:\\\/\\\/radioljubuski.ba\\\/wp-content\\\/uploads\\\/2021\\\/02\\\/cropped-Radio_Ljubuski_logo1.jpg\",\"width\":512,\"height\":512,\"caption\":\"Radio Ljubu\u0161ki\"},\"image\":{\"@id\":\"https:\\\/\\\/radioljubuski.ba\\\/#\\\/schema\\\/logo\\\/image\\\/\"},\"sameAs\":[\"https:\\\/\\\/www.facebook.com\\\/Radiio-Ljubuski-1490835324566332\",\"https:\\\/\\\/x.com\\\/radioljubuski\",\"https:\\\/\\\/hr.linkedin.com\\\/company\\\/radio-ljubuski\",\"https:\\\/\\\/www.youtube.com\\\/channel\\\/UCHYaeO_n0Db3tjNGudGpXyw\"]},{\"@type\":\"Person\",\"@id\":\"https:\\\/\\\/radioljubuski.ba\\\/#\\\/schema\\\/person\\\/19fc700381a780f69665d7956c469e3b\",\"name\":\"Radio Ljubu\u0161ki\"}]}<\/script>\n<!-- \/ Yoast SEO plugin. -->","yoast_head_json":{"title":"Babi\u0107 priznao: Nisam tako dobar kako sam mislio - RADIO LJUBU\u0160KI","robots":{"index":"index","follow":"follow","max-snippet":"max-snippet:-1","max-image-preview":"max-image-preview:large","max-video-preview":"max-video-preview:-1"},"canonical":"https:\/\/radioljubuski.ba\/index.php\/2021\/12\/19\/babic-priznao-nisam-tako-dobar-kako-sam-mislio\/","og_locale":"hr_HR","og_type":"article","og_title":"Babi\u0107 priznao: Nisam tako dobar kako sam mislio - RADIO LJUBU\u0160KI","og_description":"Alen Babi\u0107 je u jubilarnoj desetoj borbi profesionalne boksa\u010dke karijere do\u0161ao do jubilarne desete pobjede nokautom, ali David Spilmont pokazao se kao njegov najozbiljniji dosada\u0161nji protivnik. \u201cNije bilo rutinski, ovo mi je bio najte\u017ei test dosad, ali i pouka. Ne smijem se vi\u0161e nikad ovako boriti, misliti da nisam autsajder, nego velika faca. Nisam i [&hellip;]","og_url":"https:\/\/radioljubuski.ba\/index.php\/2021\/12\/19\/babic-priznao-nisam-tako-dobar-kako-sam-mislio\/","og_site_name":"RADIO LJUBU\u0160KI","article_publisher":"https:\/\/www.facebook.com\/Radiio-Ljubuski-1490835324566332","article_published_time":"2021-12-19T11:27:54+00:00","og_image":[{"width":688,"height":388,"url":"https:\/\/radioljubuski.ba\/wp-content\/uploads\/2021\/12\/alen-babic-1.jpg","type":"image\/jpeg"}],"author":"Radio Ljubu\u0161ki","twitter_card":"summary_large_image","twitter_creator":"@radioljubuski","twitter_site":"@radioljubuski","twitter_misc":{"Napisao\/la":"Radio Ljubu\u0161ki","Procijenjeno vrijeme \u010ditanja":"1 minuta"},"schema":{"@context":"https:\/\/schema.org","@graph":[{"@type":"Article","@id":"https:\/\/radioljubuski.ba\/index.php\/2021\/12\/19\/babic-priznao-nisam-tako-dobar-kako-sam-mislio\/#article","isPartOf":{"@id":"https:\/\/radioljubuski.ba\/index.php\/2021\/12\/19\/babic-priznao-nisam-tako-dobar-kako-sam-mislio\/"},"author":{"name":"Radio Ljubu\u0161ki","@id":"https:\/\/radioljubuski.ba\/#\/schema\/person\/19fc700381a780f69665d7956c469e3b"},"headline":"Babi\u0107 priznao: Nisam tako dobar kako sam mislio","datePublished":"2021-12-19T11:27:54+00:00","mainEntityOfPage":{"@id":"https:\/\/radioljubuski.ba\/index.php\/2021\/12\/19\/babic-priznao-nisam-tako-dobar-kako-sam-mislio\/"},"wordCount":200,"publisher":{"@id":"https:\/\/radioljubuski.ba\/#organization"},"image":{"@id":"https:\/\/radioljubuski.ba\/index.php\/2021\/12\/19\/babic-priznao-nisam-tako-dobar-kako-sam-mislio\/#primaryimage"},"thumbnailUrl":"https:\/\/radioljubuski.ba\/wp-content\/uploads\/2021\/12\/alen-babic-1.jpg","articleSection":["\u0160port"],"inLanguage":"hr"},{"@type":"WebPage","@id":"https:\/\/radioljubuski.ba\/index.php\/2021\/12\/19\/babic-priznao-nisam-tako-dobar-kako-sam-mislio\/","url":"https:\/\/radioljubuski.ba\/index.php\/2021\/12\/19\/babic-priznao-nisam-tako-dobar-kako-sam-mislio\/","name":"Babi\u0107 priznao: Nisam tako dobar kako sam mislio - RADIO LJUBU\u0160KI","isPartOf":{"@id":"https:\/\/radioljubuski.ba\/#website"},"primaryImageOfPage":{"@id":"https:\/\/radioljubuski.ba\/index.php\/2021\/12\/19\/babic-priznao-nisam-tako-dobar-kako-sam-mislio\/#primaryimage"},"image":{"@id":"https:\/\/radioljubuski.ba\/index.php\/2021\/12\/19\/babic-priznao-nisam-tako-dobar-kako-sam-mislio\/#primaryimage"},"thumbnailUrl":"https:\/\/radioljubuski.ba\/wp-content\/uploads\/2021\/12\/alen-babic-1.jpg","datePublished":"2021-12-19T11:27:54+00:00","breadcrumb":{"@id":"https:\/\/radioljubuski.ba\/index.php\/2021\/12\/19\/babic-priznao-nisam-tako-dobar-kako-sam-mislio\/#breadcrumb"},"inLanguage":"hr","potentialAction":[{"@type":"ReadAction","target":["https:\/\/radioljubuski.ba\/index.php\/2021\/12\/19\/babic-priznao-nisam-tako-dobar-kako-sam-mislio\/"]}]},{"@type":"ImageObject","inLanguage":"hr","@id":"https:\/\/radioljubuski.ba\/index.php\/2021\/12\/19\/babic-priznao-nisam-tako-dobar-kako-sam-mislio\/#primaryimage","url":"https:\/\/radioljubuski.ba\/wp-content\/uploads\/2021\/12\/alen-babic-1.jpg","contentUrl":"https:\/\/radioljubuski.ba\/wp-content\/uploads\/2021\/12\/alen-babic-1.jpg","width":688,"height":388},{"@type":"BreadcrumbList","@id":"https:\/\/radioljubuski.ba\/index.php\/2021\/12\/19\/babic-priznao-nisam-tako-dobar-kako-sam-mislio\/#breadcrumb","itemListElement":[{"@type":"ListItem","position":1,"name":"Po\u010detna stranica","item":"https:\/\/radioljubuski.ba\/"},{"@type":"ListItem","position":2,"name":"Babi\u0107 priznao: Nisam tako dobar kako sam mislio"}]},{"@type":"WebSite","@id":"https:\/\/radioljubuski.ba\/#website","url":"https:\/\/radioljubuski.ba\/","name":"Radio Ljubu\u0161ki","description":"Sun\u010dana frekvencija Hercegovine","publisher":{"@id":"https:\/\/radioljubuski.ba\/#organization"},"potentialAction":[{"@type":"SearchAction","target":{"@type":"EntryPoint","urlTemplate":"https:\/\/radioljubuski.ba\/?s={search_term_string}"},"query-input":{"@type":"PropertyValueSpecification","valueRequired":true,"valueName":"search_term_string"}}],"inLanguage":"hr"},{"@type":"Organization","@id":"https:\/\/radioljubuski.ba\/#organization","name":"Radio Ljubu\u0161ki","url":"https:\/\/radioljubuski.ba\/","logo":{"@type":"ImageObject","inLanguage":"hr","@id":"https:\/\/radioljubuski.ba\/#\/schema\/logo\/image\/","url":"https:\/\/radioljubuski.ba\/wp-content\/uploads\/2021\/02\/cropped-Radio_Ljubuski_logo1.jpg","contentUrl":"https:\/\/radioljubuski.ba\/wp-content\/uploads\/2021\/02\/cropped-Radio_Ljubuski_logo1.jpg","width":512,"height":512,"caption":"Radio Ljubu\u0161ki"},"image":{"@id":"https:\/\/radioljubuski.ba\/#\/schema\/logo\/image\/"},"sameAs":["https:\/\/www.facebook.com\/Radiio-Ljubuski-1490835324566332","https:\/\/x.com\/radioljubuski","https:\/\/hr.linkedin.com\/company\/radio-ljubuski","https:\/\/www.youtube.com\/channel\/UCHYaeO_n0Db3tjNGudGpXyw"]},{"@type":"Person","@id":"https:\/\/radioljubuski.ba\/#\/schema\/person\/19fc700381a780f69665d7956c469e3b","name":"Radio Ljubu\u0161ki"}]}},"_links":{"self":[{"href":"https:\/\/radioljubuski.ba\/index.php\/wp-json\/wp\/v2\/posts\/101615","targetHints":{"allow":["GET"]}}],"collection":[{"href":"https:\/\/radioljubuski.ba\/index.php\/wp-json\/wp\/v2\/posts"}],"about":[{"href":"https:\/\/radioljubuski.ba\/index.php\/wp-json\/wp\/v2\/types\/post"}],"author":[{"embeddable":true,"href":"https:\/\/radioljubuski.ba\/index.php\/wp-json\/wp\/v2\/users\/2"}],"replies":[{"embeddable":true,"href":"https:\/\/radioljubuski.ba\/index.php\/wp-json\/wp\/v2\/comments?post=101615"}],"version-history":[{"count":1,"href":"https:\/\/radioljubuski.ba\/index.php\/wp-json\/wp\/v2\/posts\/101615\/revisions"}],"predecessor-version":[{"id":101617,"href":"https:\/\/radioljubuski.ba\/index.php\/wp-json\/wp\/v2\/posts\/101615\/revisions\/101617"}],"wp:featuredmedia":[{"embeddable":true,"href":"https:\/\/radioljubuski.ba\/index.php\/wp-json\/wp\/v2\/media\/101616"}],"wp:attachment":[{"href":"https:\/\/radioljubuski.ba\/index.php\/wp-json\/wp\/v2\/media?parent=101615"}],"wp:term":[{"taxonomy":"category","embeddable":true,"href":"https:\/\/radioljubuski.ba\/index.php\/wp-json\/wp\/v2\/categories?post=101615"},{"taxonomy":"post_tag","embeddable":true,"href":"https:\/\/radioljubuski.ba\/index.php\/wp-json\/wp\/v2\/tags?post=101615"}],"curies":[{"name":"wp","href":"https:\/\/api.w.org\/{rel}","templated":true}]}}