{"id":101633,"date":"2021-12-19T20:33:00","date_gmt":"2021-12-19T19:33:00","guid":{"rendered":"https:\/\/radioljubuski.ba\/?p=101633"},"modified":"2021-12-19T20:33:01","modified_gmt":"2021-12-19T19:33:01","slug":"hajduku-i-osijeku-po-bod-bjelici-crveni-karton-dinamo-jesenji-prvak","status":"publish","type":"post","link":"https:\/\/radioljubuski.ba\/index.php\/2021\/12\/19\/hajduku-i-osijeku-po-bod-bjelici-crveni-karton-dinamo-jesenji-prvak\/","title":{"rendered":"Hajduku i Osijeku po bod, Bjelici crveni karton, Dinamo jesenji prvak"},"content":{"rendered":"\n<p>U derbiju 20. kola Prve HNL Hajduk i Osijek su pred 32.000 gledatelja na stadionu Poljud odigrali 0-0, \u010dime je titula &#8220;jesenskog prvaka&#8221; pripala Dinamu, koji je u prvom nedjeljnom susretu kao gost porazio Hrvatski dragovoljac sa 2-0.<\/p>\n\n\n\n<p>Najva\u017eniji trenutak se dogodio u 11. minuti kada su gosti dobili kazneni udarac. Laszlo Kleinheisler se odli\u010dnom varkom u kaznenom prostoru oslobodio Marca Fossatija koji ga je sru\u0161io i bio je to je klasi\u010dan jedanaesterac. Damjan Bohar je pucao i pogodio, no sudac Fran Jovi\u0107 je tra\u017eio ponavljanje udarca jer je Ramon Mierez ranije u\u0161ao u \u0161esnaesterac.<\/p>\n\n\n\n<p>Ponovo je pucao Bohar, no ovoga puta Lovre Kalini\u0107 je obranio izazvav\u0161i odu\u0161evljenje na punom Poljudu.<\/p>\n\n\n\n<p>Gosti su zaprijetili i u 20. minuti nakon pogre\u0161ke Stefana Simi\u0107a i Kalini\u0107a, ali lopta je oti\u0161la u korner. U 25. minuti s ruba kaznenog prostora pucao je Mierez, no iznad grede.<\/p>\n\n\n\n<p>Mo\u017eda i jedinu pravu priliku u prvom dijelu Hajduk je imao u 34. minuti. Marko Livaja je pucao, a Marko Malenica je obranio.<\/p>\n\n\n\n<p>Nastavak susreta i dalje je nudio \u010dvrstu i \u017eustru igru, a prvu veliku priliku u drugom poluvremenu vidjeli smo u 68. minuti, kada je Livaja pro\u0161ao po krilu, ubacio povratnu loptu do Krovinovi\u0107a koji je pucao pored gola.<\/p>\n\n\n\n<p>U 70. minuti isklju\u010den je trener Osijeka Nenad Bjelica nakon protesta \u0161to Lovrencscics nije dobio drugi \u017euti karton zbog starta na Bo\u010dkaju. Sudac je procijenio kako je to bio &#8220;obi\u010dan&#8221; prekr\u0161aj, poslav\u0161i gostuju\u0107eg trenera na tribinu.<\/p>\n\n\n\n<p>\u010cetiri minute kasnije Livaja je prona\u0161ao prostor opaliv\u0161i s 20 metara, ali i njegov udarac je zavr\u0161io pored gola. Dvije minute kasnije Mierez je gotovo s centra poku\u0161ao iznenaditi Kalini\u0107a, no nije uspio.<\/p>\n\n\n\n<p>Hajduk je u 80. minuti imao najbolju priliku na utakmici, Livaja je s pet-\u0161est metara pucao iskosa s desne strane pogodiv\u0161i vratnicu. Pet minuta kasnije zaprijetio je Bo\u010dkaj, ali je Kalini\u0107 bio spreman.<\/p>\n\n\n\n<p>U 90. minuti Hajduk je uspio zatresti suparni\u010dku mre\u017eu, ali David \u010colina je bio u jasnom zale\u0111u.<\/p>\n\n\n\n<p>Remi u Splitu je najvi\u0161e odgovarao Dinamu, koji je u prvom nedjeljnom susretu stadionu u Kranj\u010devi\u0107evoj ulici pobijedio Hrvatski dragovoljac s 2-0.<\/p>\n\n\n\n<p>Izvor:pogled.ba<\/p>\n","protected":false},"excerpt":{"rendered":"<p>U derbiju 20. kola Prve HNL Hajduk i Osijek su pred 32.000 gledatelja na stadionu Poljud odigrali 0-0, \u010dime je titula &#8220;jesenskog prvaka&#8221; pripala Dinamu, koji je u prvom nedjeljnom susretu kao gost porazio Hrvatski dragovoljac sa 2-0. Najva\u017eniji trenutak se dogodio u 11. minuti kada su gosti dobili kazneni udarac. Laszlo Kleinheisler se odli\u010dnom [&hellip;]<\/p>\n","protected":false},"author":2,"featured_media":101634,"comment_status":"closed","ping_status":"closed","sticky":false,"template":"","format":"standard","meta":{"h5ap_radio_sources":[],"footnotes":""},"categories":[7],"tags":[],"class_list":["post-101633","post","type-post","status-publish","format-standard","has-post-thumbnail","hentry","category-sport"],"yoast_head":"<!-- This site is optimized with the Yoast SEO plugin v27.4 - https:\/\/yoast.com\/product\/yoast-seo-wordpress\/ -->\n<title>Hajduku i Osijeku po bod, Bjelici crveni karton, Dinamo jesenji prvak - RADIO LJUBU\u0160KI<\/title>\n<meta name=\"robots\" content=\"index, follow, max-snippet:-1, max-image-preview:large, max-video-preview:-1\" \/>\n<link rel=\"canonical\" href=\"https:\/\/radioljubuski.ba\/index.php\/2021\/12\/19\/hajduku-i-osijeku-po-bod-bjelici-crveni-karton-dinamo-jesenji-prvak\/\" \/>\n<meta property=\"og:locale\" content=\"hr_HR\" \/>\n<meta property=\"og:type\" content=\"article\" \/>\n<meta property=\"og:title\" content=\"Hajduku i Osijeku po bod, Bjelici crveni karton, Dinamo jesenji prvak - RADIO LJUBU\u0160KI\" \/>\n<meta property=\"og:description\" content=\"U derbiju 20. kola Prve HNL Hajduk i Osijek su pred 32.000 gledatelja na stadionu Poljud odigrali 0-0, \u010dime je titula &#8220;jesenskog prvaka&#8221; pripala Dinamu, koji je u prvom nedjeljnom susretu kao gost porazio Hrvatski dragovoljac sa 2-0. Najva\u017eniji trenutak se dogodio u 11. minuti kada su gosti dobili kazneni udarac. Laszlo Kleinheisler se odli\u010dnom [&hellip;]\" \/>\n<meta property=\"og:url\" content=\"https:\/\/radioljubuski.ba\/index.php\/2021\/12\/19\/hajduku-i-osijeku-po-bod-bjelici-crveni-karton-dinamo-jesenji-prvak\/\" \/>\n<meta property=\"og:site_name\" content=\"RADIO LJUBU\u0160KI\" \/>\n<meta property=\"article:publisher\" content=\"https:\/\/www.facebook.com\/Radiio-Ljubuski-1490835324566332\" \/>\n<meta property=\"article:published_time\" content=\"2021-12-19T19:33:00+00:00\" \/>\n<meta property=\"article:modified_time\" content=\"2021-12-19T19:33:01+00:00\" \/>\n<meta property=\"og:image\" content=\"https:\/\/radioljubuski.ba\/wp-content\/uploads\/2021\/12\/2-2021-12-19-19-44-09-hajduk.jpg\" \/>\n\t<meta property=\"og:image:width\" content=\"1000\" \/>\n\t<meta property=\"og:image:height\" content=\"625\" \/>\n\t<meta property=\"og:image:type\" content=\"image\/jpeg\" \/>\n<meta name=\"author\" content=\"Radio Ljubu\u0161ki\" \/>\n<meta name=\"twitter:card\" content=\"summary_large_image\" \/>\n<meta name=\"twitter:creator\" content=\"@radioljubuski\" \/>\n<meta name=\"twitter:site\" content=\"@radioljubuski\" \/>\n<meta name=\"twitter:label1\" content=\"Napisao\/la\" \/>\n\t<meta name=\"twitter:data1\" content=\"Radio Ljubu\u0161ki\" \/>\n\t<meta name=\"twitter:label2\" content=\"Procijenjeno vrijeme \u010ditanja\" \/>\n\t<meta name=\"twitter:data2\" content=\"2 minute\" \/>\n<script type=\"application\/ld+json\" class=\"yoast-schema-graph\">{\"@context\":\"https:\\\/\\\/schema.org\",\"@graph\":[{\"@type\":\"Article\",\"@id\":\"https:\\\/\\\/radioljubuski.ba\\\/index.php\\\/2021\\\/12\\\/19\\\/hajduku-i-osijeku-po-bod-bjelici-crveni-karton-dinamo-jesenji-prvak\\\/#article\",\"isPartOf\":{\"@id\":\"https:\\\/\\\/radioljubuski.ba\\\/index.php\\\/2021\\\/12\\\/19\\\/hajduku-i-osijeku-po-bod-bjelici-crveni-karton-dinamo-jesenji-prvak\\\/\"},\"author\":{\"name\":\"Radio Ljubu\u0161ki\",\"@id\":\"https:\\\/\\\/radioljubuski.ba\\\/#\\\/schema\\\/person\\\/19fc700381a780f69665d7956c469e3b\"},\"headline\":\"Hajduku i Osijeku po bod, Bjelici crveni karton, Dinamo jesenji prvak\",\"datePublished\":\"2021-12-19T19:33:00+00:00\",\"dateModified\":\"2021-12-19T19:33:01+00:00\",\"mainEntityOfPage\":{\"@id\":\"https:\\\/\\\/radioljubuski.ba\\\/index.php\\\/2021\\\/12\\\/19\\\/hajduku-i-osijeku-po-bod-bjelici-crveni-karton-dinamo-jesenji-prvak\\\/\"},\"wordCount\":383,\"publisher\":{\"@id\":\"https:\\\/\\\/radioljubuski.ba\\\/#organization\"},\"image\":{\"@id\":\"https:\\\/\\\/radioljubuski.ba\\\/index.php\\\/2021\\\/12\\\/19\\\/hajduku-i-osijeku-po-bod-bjelici-crveni-karton-dinamo-jesenji-prvak\\\/#primaryimage\"},\"thumbnailUrl\":\"https:\\\/\\\/radioljubuski.ba\\\/wp-content\\\/uploads\\\/2021\\\/12\\\/2-2021-12-19-19-44-09-hajduk.jpg\",\"articleSection\":[\"\u0160port\"],\"inLanguage\":\"hr\"},{\"@type\":\"WebPage\",\"@id\":\"https:\\\/\\\/radioljubuski.ba\\\/index.php\\\/2021\\\/12\\\/19\\\/hajduku-i-osijeku-po-bod-bjelici-crveni-karton-dinamo-jesenji-prvak\\\/\",\"url\":\"https:\\\/\\\/radioljubuski.ba\\\/index.php\\\/2021\\\/12\\\/19\\\/hajduku-i-osijeku-po-bod-bjelici-crveni-karton-dinamo-jesenji-prvak\\\/\",\"name\":\"Hajduku i Osijeku po bod, Bjelici crveni karton, Dinamo jesenji prvak - RADIO LJUBU\u0160KI\",\"isPartOf\":{\"@id\":\"https:\\\/\\\/radioljubuski.ba\\\/#website\"},\"primaryImageOfPage\":{\"@id\":\"https:\\\/\\\/radioljubuski.ba\\\/index.php\\\/2021\\\/12\\\/19\\\/hajduku-i-osijeku-po-bod-bjelici-crveni-karton-dinamo-jesenji-prvak\\\/#primaryimage\"},\"image\":{\"@id\":\"https:\\\/\\\/radioljubuski.ba\\\/index.php\\\/2021\\\/12\\\/19\\\/hajduku-i-osijeku-po-bod-bjelici-crveni-karton-dinamo-jesenji-prvak\\\/#primaryimage\"},\"thumbnailUrl\":\"https:\\\/\\\/radioljubuski.ba\\\/wp-content\\\/uploads\\\/2021\\\/12\\\/2-2021-12-19-19-44-09-hajduk.jpg\",\"datePublished\":\"2021-12-19T19:33:00+00:00\",\"dateModified\":\"2021-12-19T19:33:01+00:00\",\"breadcrumb\":{\"@id\":\"https:\\\/\\\/radioljubuski.ba\\\/index.php\\\/2021\\\/12\\\/19\\\/hajduku-i-osijeku-po-bod-bjelici-crveni-karton-dinamo-jesenji-prvak\\\/#breadcrumb\"},\"inLanguage\":\"hr\",\"potentialAction\":[{\"@type\":\"ReadAction\",\"target\":[\"https:\\\/\\\/radioljubuski.ba\\\/index.php\\\/2021\\\/12\\\/19\\\/hajduku-i-osijeku-po-bod-bjelici-crveni-karton-dinamo-jesenji-prvak\\\/\"]}]},{\"@type\":\"ImageObject\",\"inLanguage\":\"hr\",\"@id\":\"https:\\\/\\\/radioljubuski.ba\\\/index.php\\\/2021\\\/12\\\/19\\\/hajduku-i-osijeku-po-bod-bjelici-crveni-karton-dinamo-jesenji-prvak\\\/#primaryimage\",\"url\":\"https:\\\/\\\/radioljubuski.ba\\\/wp-content\\\/uploads\\\/2021\\\/12\\\/2-2021-12-19-19-44-09-hajduk.jpg\",\"contentUrl\":\"https:\\\/\\\/radioljubuski.ba\\\/wp-content\\\/uploads\\\/2021\\\/12\\\/2-2021-12-19-19-44-09-hajduk.jpg\",\"width\":1000,\"height\":625},{\"@type\":\"BreadcrumbList\",\"@id\":\"https:\\\/\\\/radioljubuski.ba\\\/index.php\\\/2021\\\/12\\\/19\\\/hajduku-i-osijeku-po-bod-bjelici-crveni-karton-dinamo-jesenji-prvak\\\/#breadcrumb\",\"itemListElement\":[{\"@type\":\"ListItem\",\"position\":1,\"name\":\"Po\u010detna stranica\",\"item\":\"https:\\\/\\\/radioljubuski.ba\\\/\"},{\"@type\":\"ListItem\",\"position\":2,\"name\":\"Hajduku i Osijeku po bod, Bjelici crveni karton, Dinamo jesenji prvak\"}]},{\"@type\":\"WebSite\",\"@id\":\"https:\\\/\\\/radioljubuski.ba\\\/#website\",\"url\":\"https:\\\/\\\/radioljubuski.ba\\\/\",\"name\":\"Radio Ljubu\u0161ki\",\"description\":\"Sun\u010dana frekvencija Hercegovine\",\"publisher\":{\"@id\":\"https:\\\/\\\/radioljubuski.ba\\\/#organization\"},\"potentialAction\":[{\"@type\":\"SearchAction\",\"target\":{\"@type\":\"EntryPoint\",\"urlTemplate\":\"https:\\\/\\\/radioljubuski.ba\\\/?s={search_term_string}\"},\"query-input\":{\"@type\":\"PropertyValueSpecification\",\"valueRequired\":true,\"valueName\":\"search_term_string\"}}],\"inLanguage\":\"hr\"},{\"@type\":\"Organization\",\"@id\":\"https:\\\/\\\/radioljubuski.ba\\\/#organization\",\"name\":\"Radio Ljubu\u0161ki\",\"url\":\"https:\\\/\\\/radioljubuski.ba\\\/\",\"logo\":{\"@type\":\"ImageObject\",\"inLanguage\":\"hr\",\"@id\":\"https:\\\/\\\/radioljubuski.ba\\\/#\\\/schema\\\/logo\\\/image\\\/\",\"url\":\"https:\\\/\\\/radioljubuski.ba\\\/wp-content\\\/uploads\\\/2021\\\/02\\\/cropped-Radio_Ljubuski_logo1.jpg\",\"contentUrl\":\"https:\\\/\\\/radioljubuski.ba\\\/wp-content\\\/uploads\\\/2021\\\/02\\\/cropped-Radio_Ljubuski_logo1.jpg\",\"width\":512,\"height\":512,\"caption\":\"Radio Ljubu\u0161ki\"},\"image\":{\"@id\":\"https:\\\/\\\/radioljubuski.ba\\\/#\\\/schema\\\/logo\\\/image\\\/\"},\"sameAs\":[\"https:\\\/\\\/www.facebook.com\\\/Radiio-Ljubuski-1490835324566332\",\"https:\\\/\\\/x.com\\\/radioljubuski\",\"https:\\\/\\\/hr.linkedin.com\\\/company\\\/radio-ljubuski\",\"https:\\\/\\\/www.youtube.com\\\/channel\\\/UCHYaeO_n0Db3tjNGudGpXyw\"]},{\"@type\":\"Person\",\"@id\":\"https:\\\/\\\/radioljubuski.ba\\\/#\\\/schema\\\/person\\\/19fc700381a780f69665d7956c469e3b\",\"name\":\"Radio Ljubu\u0161ki\"}]}<\/script>\n<!-- \/ Yoast SEO plugin. -->","yoast_head_json":{"title":"Hajduku i Osijeku po bod, Bjelici crveni karton, Dinamo jesenji prvak - RADIO LJUBU\u0160KI","robots":{"index":"index","follow":"follow","max-snippet":"max-snippet:-1","max-image-preview":"max-image-preview:large","max-video-preview":"max-video-preview:-1"},"canonical":"https:\/\/radioljubuski.ba\/index.php\/2021\/12\/19\/hajduku-i-osijeku-po-bod-bjelici-crveni-karton-dinamo-jesenji-prvak\/","og_locale":"hr_HR","og_type":"article","og_title":"Hajduku i Osijeku po bod, Bjelici crveni karton, Dinamo jesenji prvak - RADIO LJUBU\u0160KI","og_description":"U derbiju 20. kola Prve HNL Hajduk i Osijek su pred 32.000 gledatelja na stadionu Poljud odigrali 0-0, \u010dime je titula &#8220;jesenskog prvaka&#8221; pripala Dinamu, koji je u prvom nedjeljnom susretu kao gost porazio Hrvatski dragovoljac sa 2-0. Najva\u017eniji trenutak se dogodio u 11. minuti kada su gosti dobili kazneni udarac. Laszlo Kleinheisler se odli\u010dnom [&hellip;]","og_url":"https:\/\/radioljubuski.ba\/index.php\/2021\/12\/19\/hajduku-i-osijeku-po-bod-bjelici-crveni-karton-dinamo-jesenji-prvak\/","og_site_name":"RADIO LJUBU\u0160KI","article_publisher":"https:\/\/www.facebook.com\/Radiio-Ljubuski-1490835324566332","article_published_time":"2021-12-19T19:33:00+00:00","article_modified_time":"2021-12-19T19:33:01+00:00","og_image":[{"width":1000,"height":625,"url":"https:\/\/radioljubuski.ba\/wp-content\/uploads\/2021\/12\/2-2021-12-19-19-44-09-hajduk.jpg","type":"image\/jpeg"}],"author":"Radio Ljubu\u0161ki","twitter_card":"summary_large_image","twitter_creator":"@radioljubuski","twitter_site":"@radioljubuski","twitter_misc":{"Napisao\/la":"Radio Ljubu\u0161ki","Procijenjeno vrijeme \u010ditanja":"2 minute"},"schema":{"@context":"https:\/\/schema.org","@graph":[{"@type":"Article","@id":"https:\/\/radioljubuski.ba\/index.php\/2021\/12\/19\/hajduku-i-osijeku-po-bod-bjelici-crveni-karton-dinamo-jesenji-prvak\/#article","isPartOf":{"@id":"https:\/\/radioljubuski.ba\/index.php\/2021\/12\/19\/hajduku-i-osijeku-po-bod-bjelici-crveni-karton-dinamo-jesenji-prvak\/"},"author":{"name":"Radio Ljubu\u0161ki","@id":"https:\/\/radioljubuski.ba\/#\/schema\/person\/19fc700381a780f69665d7956c469e3b"},"headline":"Hajduku i Osijeku po bod, Bjelici crveni karton, Dinamo jesenji prvak","datePublished":"2021-12-19T19:33:00+00:00","dateModified":"2021-12-19T19:33:01+00:00","mainEntityOfPage":{"@id":"https:\/\/radioljubuski.ba\/index.php\/2021\/12\/19\/hajduku-i-osijeku-po-bod-bjelici-crveni-karton-dinamo-jesenji-prvak\/"},"wordCount":383,"publisher":{"@id":"https:\/\/radioljubuski.ba\/#organization"},"image":{"@id":"https:\/\/radioljubuski.ba\/index.php\/2021\/12\/19\/hajduku-i-osijeku-po-bod-bjelici-crveni-karton-dinamo-jesenji-prvak\/#primaryimage"},"thumbnailUrl":"https:\/\/radioljubuski.ba\/wp-content\/uploads\/2021\/12\/2-2021-12-19-19-44-09-hajduk.jpg","articleSection":["\u0160port"],"inLanguage":"hr"},{"@type":"WebPage","@id":"https:\/\/radioljubuski.ba\/index.php\/2021\/12\/19\/hajduku-i-osijeku-po-bod-bjelici-crveni-karton-dinamo-jesenji-prvak\/","url":"https:\/\/radioljubuski.ba\/index.php\/2021\/12\/19\/hajduku-i-osijeku-po-bod-bjelici-crveni-karton-dinamo-jesenji-prvak\/","name":"Hajduku i Osijeku po bod, Bjelici crveni karton, Dinamo jesenji prvak - RADIO LJUBU\u0160KI","isPartOf":{"@id":"https:\/\/radioljubuski.ba\/#website"},"primaryImageOfPage":{"@id":"https:\/\/radioljubuski.ba\/index.php\/2021\/12\/19\/hajduku-i-osijeku-po-bod-bjelici-crveni-karton-dinamo-jesenji-prvak\/#primaryimage"},"image":{"@id":"https:\/\/radioljubuski.ba\/index.php\/2021\/12\/19\/hajduku-i-osijeku-po-bod-bjelici-crveni-karton-dinamo-jesenji-prvak\/#primaryimage"},"thumbnailUrl":"https:\/\/radioljubuski.ba\/wp-content\/uploads\/2021\/12\/2-2021-12-19-19-44-09-hajduk.jpg","datePublished":"2021-12-19T19:33:00+00:00","dateModified":"2021-12-19T19:33:01+00:00","breadcrumb":{"@id":"https:\/\/radioljubuski.ba\/index.php\/2021\/12\/19\/hajduku-i-osijeku-po-bod-bjelici-crveni-karton-dinamo-jesenji-prvak\/#breadcrumb"},"inLanguage":"hr","potentialAction":[{"@type":"ReadAction","target":["https:\/\/radioljubuski.ba\/index.php\/2021\/12\/19\/hajduku-i-osijeku-po-bod-bjelici-crveni-karton-dinamo-jesenji-prvak\/"]}]},{"@type":"ImageObject","inLanguage":"hr","@id":"https:\/\/radioljubuski.ba\/index.php\/2021\/12\/19\/hajduku-i-osijeku-po-bod-bjelici-crveni-karton-dinamo-jesenji-prvak\/#primaryimage","url":"https:\/\/radioljubuski.ba\/wp-content\/uploads\/2021\/12\/2-2021-12-19-19-44-09-hajduk.jpg","contentUrl":"https:\/\/radioljubuski.ba\/wp-content\/uploads\/2021\/12\/2-2021-12-19-19-44-09-hajduk.jpg","width":1000,"height":625},{"@type":"BreadcrumbList","@id":"https:\/\/radioljubuski.ba\/index.php\/2021\/12\/19\/hajduku-i-osijeku-po-bod-bjelici-crveni-karton-dinamo-jesenji-prvak\/#breadcrumb","itemListElement":[{"@type":"ListItem","position":1,"name":"Po\u010detna stranica","item":"https:\/\/radioljubuski.ba\/"},{"@type":"ListItem","position":2,"name":"Hajduku i Osijeku po bod, Bjelici crveni karton, Dinamo jesenji prvak"}]},{"@type":"WebSite","@id":"https:\/\/radioljubuski.ba\/#website","url":"https:\/\/radioljubuski.ba\/","name":"Radio Ljubu\u0161ki","description":"Sun\u010dana frekvencija Hercegovine","publisher":{"@id":"https:\/\/radioljubuski.ba\/#organization"},"potentialAction":[{"@type":"SearchAction","target":{"@type":"EntryPoint","urlTemplate":"https:\/\/radioljubuski.ba\/?s={search_term_string}"},"query-input":{"@type":"PropertyValueSpecification","valueRequired":true,"valueName":"search_term_string"}}],"inLanguage":"hr"},{"@type":"Organization","@id":"https:\/\/radioljubuski.ba\/#organization","name":"Radio Ljubu\u0161ki","url":"https:\/\/radioljubuski.ba\/","logo":{"@type":"ImageObject","inLanguage":"hr","@id":"https:\/\/radioljubuski.ba\/#\/schema\/logo\/image\/","url":"https:\/\/radioljubuski.ba\/wp-content\/uploads\/2021\/02\/cropped-Radio_Ljubuski_logo1.jpg","contentUrl":"https:\/\/radioljubuski.ba\/wp-content\/uploads\/2021\/02\/cropped-Radio_Ljubuski_logo1.jpg","width":512,"height":512,"caption":"Radio Ljubu\u0161ki"},"image":{"@id":"https:\/\/radioljubuski.ba\/#\/schema\/logo\/image\/"},"sameAs":["https:\/\/www.facebook.com\/Radiio-Ljubuski-1490835324566332","https:\/\/x.com\/radioljubuski","https:\/\/hr.linkedin.com\/company\/radio-ljubuski","https:\/\/www.youtube.com\/channel\/UCHYaeO_n0Db3tjNGudGpXyw"]},{"@type":"Person","@id":"https:\/\/radioljubuski.ba\/#\/schema\/person\/19fc700381a780f69665d7956c469e3b","name":"Radio Ljubu\u0161ki"}]}},"_links":{"self":[{"href":"https:\/\/radioljubuski.ba\/index.php\/wp-json\/wp\/v2\/posts\/101633","targetHints":{"allow":["GET"]}}],"collection":[{"href":"https:\/\/radioljubuski.ba\/index.php\/wp-json\/wp\/v2\/posts"}],"about":[{"href":"https:\/\/radioljubuski.ba\/index.php\/wp-json\/wp\/v2\/types\/post"}],"author":[{"embeddable":true,"href":"https:\/\/radioljubuski.ba\/index.php\/wp-json\/wp\/v2\/users\/2"}],"replies":[{"embeddable":true,"href":"https:\/\/radioljubuski.ba\/index.php\/wp-json\/wp\/v2\/comments?post=101633"}],"version-history":[{"count":1,"href":"https:\/\/radioljubuski.ba\/index.php\/wp-json\/wp\/v2\/posts\/101633\/revisions"}],"predecessor-version":[{"id":101635,"href":"https:\/\/radioljubuski.ba\/index.php\/wp-json\/wp\/v2\/posts\/101633\/revisions\/101635"}],"wp:featuredmedia":[{"embeddable":true,"href":"https:\/\/radioljubuski.ba\/index.php\/wp-json\/wp\/v2\/media\/101634"}],"wp:attachment":[{"href":"https:\/\/radioljubuski.ba\/index.php\/wp-json\/wp\/v2\/media?parent=101633"}],"wp:term":[{"taxonomy":"category","embeddable":true,"href":"https:\/\/radioljubuski.ba\/index.php\/wp-json\/wp\/v2\/categories?post=101633"},{"taxonomy":"post_tag","embeddable":true,"href":"https:\/\/radioljubuski.ba\/index.php\/wp-json\/wp\/v2\/tags?post=101633"}],"curies":[{"name":"wp","href":"https:\/\/api.w.org\/{rel}","templated":true}]}}