{"id":10216,"date":"2021-04-06T20:22:54","date_gmt":"2021-04-06T19:22:54","guid":{"rendered":"https:\/\/radioljubuski.ba\/?p=10216"},"modified":"2021-04-06T20:22:54","modified_gmt":"2021-04-06T19:22:54","slug":"ruska-policija-uhitila-devetero-ljudi-pred-zatvorom-u-kojem-je-navaljni","status":"publish","type":"post","link":"https:\/\/radioljubuski.ba\/index.php\/2021\/04\/06\/ruska-policija-uhitila-devetero-ljudi-pred-zatvorom-u-kojem-je-navaljni\/","title":{"rendered":"Ruska policija uhitila devetero ljudi pred zatvorom u kojem je Navaljni"},"content":{"rendered":"\n<p><strong>Ruska policija u utorak je ispred zatvora u kojem je kriti\u010dar Kremlja Aleksej Navaljni pritvorila devetero njegovih prista\u0161a, uklju\u010duju\u0107i lije\u010dnicu koja ga je htjela pregledati.<\/strong><\/p>\n\n\n\n<p>Navaljni, istaknuti protivnik predsjednika Vladimira Putina, pro\u0161li je tjedan najavio \u0161trajk gla\u0111u, prosvjeduju\u0107i protiv zatvorskog osoblja koje mu odbija omogu\u0107iti tretman akutne boli u le\u0111ima i nozi.<br><br>Njegovi pobornici zaprijetili su da \u0107e od utorka prosvjedovati pred zatvorom u gradu Pokrovu isto\u010dno od Moskve, ako se Navaljnom ne dopusti posjet lije\u010dnika i lijekovi. Zatvor tvrdi kako je njegovo zdravlje zadovoljavaju\u0107e i da ima svu potrebnu medicinsku skrb.<br><br>Anastasija Vasiljeva, Navaljnijeva saveznica i \u010delnica lije\u010dni\u010dkog sindikata koji vlasti smatraju oporbenim aktivistima, u utorak je rekla da nije sudjelovala u prosvjedu, nego je imala dogovoren sastanak s du\u017enosnikom zatvora te je htjela u\u0107i u instituciju i pregledati Navaljnog, no da joj je to odbijeno.<br><br>Policija ju je kasnije privela s jo\u0161 \u0161est ljudi, me\u0111u njima nekoliko prosvjednika i dva novinara CNN-a.<br><br>&#8220;Sve na\u0161e mirne akcije ne djeluju. \u010cini se da \u017eele ubiti Alekseja, rekla je Vasiljeva dok su je odvodili.<br><br>Policija je objavila da je uhi\u0107eno devetero ljudi zbog kr\u0161enja javnog reda i mira. Vlasti su u utorak poja\u010dale osiguranje zatvora, ograni\u010dili pristup parkirali\u0161tu samo za zaposlenike i napravili improviziranu kontrolnu to\u010dku i blokadu na cesti.<br><br>Navaljni je kasno u ponedjeljak objavio da ima visoku temperaturu i te\u0161ko ka\u0161lje te da su trojica zatvorenika u njegovom odjelu hospitalizirana s tuberkulozom. Usprkos tome, najavio je nastavak \u0161trajka gla\u0111u.<br><br>Kremlj je odbio komentirati njegovo zdravstveno stanje, rekav\u0161i samo da \u0107e dobiti istu medicinsku skrb kao i svi drugi zatvorenici.<\/p>\n\n\n\n<p>Izvor:hrt.hr<\/p>\n","protected":false},"excerpt":{"rendered":"<p>Ruska policija u utorak je ispred zatvora u kojem je kriti\u010dar Kremlja Aleksej Navaljni pritvorila devetero njegovih prista\u0161a, uklju\u010duju\u0107i lije\u010dnicu koja ga je htjela pregledati. Navaljni, istaknuti protivnik predsjednika Vladimira Putina, pro\u0161li je tjedan najavio \u0161trajk gla\u0111u, prosvjeduju\u0107i protiv zatvorskog osoblja koje mu odbija omogu\u0107iti tretman akutne boli u le\u0111ima i nozi. Njegovi pobornici zaprijetili [&hellip;]<\/p>\n","protected":false},"author":2,"featured_media":10217,"comment_status":"closed","ping_status":"closed","sticky":false,"template":"","format":"standard","meta":{"h5ap_radio_sources":[],"footnotes":""},"categories":[1],"tags":[],"class_list":["post-10216","post","type-post","status-publish","format-standard","has-post-thumbnail","hentry","category-bihiregija"],"yoast_head":"<!-- This site is optimized with the Yoast SEO plugin v27.5 - https:\/\/yoast.com\/product\/yoast-seo-wordpress\/ -->\n<title>Ruska policija uhitila devetero ljudi pred zatvorom u kojem je Navaljni - RADIO LJUBU\u0160KI<\/title>\n<meta name=\"robots\" content=\"index, follow, max-snippet:-1, max-image-preview:large, max-video-preview:-1\" \/>\n<link rel=\"canonical\" href=\"https:\/\/radioljubuski.ba\/index.php\/2021\/04\/06\/ruska-policija-uhitila-devetero-ljudi-pred-zatvorom-u-kojem-je-navaljni\/\" \/>\n<meta property=\"og:locale\" content=\"hr_HR\" \/>\n<meta property=\"og:type\" content=\"article\" \/>\n<meta property=\"og:title\" content=\"Ruska policija uhitila devetero ljudi pred zatvorom u kojem je Navaljni - RADIO LJUBU\u0160KI\" \/>\n<meta property=\"og:description\" content=\"Ruska policija u utorak je ispred zatvora u kojem je kriti\u010dar Kremlja Aleksej Navaljni pritvorila devetero njegovih prista\u0161a, uklju\u010duju\u0107i lije\u010dnicu koja ga je htjela pregledati. Navaljni, istaknuti protivnik predsjednika Vladimira Putina, pro\u0161li je tjedan najavio \u0161trajk gla\u0111u, prosvjeduju\u0107i protiv zatvorskog osoblja koje mu odbija omogu\u0107iti tretman akutne boli u le\u0111ima i nozi. Njegovi pobornici zaprijetili [&hellip;]\" \/>\n<meta property=\"og:url\" content=\"https:\/\/radioljubuski.ba\/index.php\/2021\/04\/06\/ruska-policija-uhitila-devetero-ljudi-pred-zatvorom-u-kojem-je-navaljni\/\" \/>\n<meta property=\"og:site_name\" content=\"RADIO LJUBU\u0160KI\" \/>\n<meta property=\"article:publisher\" content=\"https:\/\/www.facebook.com\/Radiio-Ljubuski-1490835324566332\" \/>\n<meta property=\"article:published_time\" content=\"2021-04-06T19:22:54+00:00\" \/>\n<meta property=\"og:image\" content=\"https:\/\/radioljubuski.ba\/wp-content\/uploads\/2021\/04\/4-10.png\" \/>\n\t<meta property=\"og:image:width\" content=\"644\" \/>\n\t<meta property=\"og:image:height\" content=\"361\" \/>\n\t<meta property=\"og:image:type\" content=\"image\/png\" \/>\n<meta name=\"author\" content=\"Radio Ljubu\u0161ki\" \/>\n<meta name=\"twitter:card\" content=\"summary_large_image\" \/>\n<meta name=\"twitter:creator\" content=\"@radioljubuski\" \/>\n<meta name=\"twitter:site\" content=\"@radioljubuski\" \/>\n<meta name=\"twitter:label1\" content=\"Napisao\/la\" \/>\n\t<meta name=\"twitter:data1\" content=\"Radio Ljubu\u0161ki\" \/>\n\t<meta name=\"twitter:label2\" content=\"Procijenjeno vrijeme \u010ditanja\" \/>\n\t<meta name=\"twitter:data2\" content=\"2 minute\" \/>\n<script type=\"application\/ld+json\" class=\"yoast-schema-graph\">{\"@context\":\"https:\\\/\\\/schema.org\",\"@graph\":[{\"@type\":\"Article\",\"@id\":\"https:\\\/\\\/radioljubuski.ba\\\/index.php\\\/2021\\\/04\\\/06\\\/ruska-policija-uhitila-devetero-ljudi-pred-zatvorom-u-kojem-je-navaljni\\\/#article\",\"isPartOf\":{\"@id\":\"https:\\\/\\\/radioljubuski.ba\\\/index.php\\\/2021\\\/04\\\/06\\\/ruska-policija-uhitila-devetero-ljudi-pred-zatvorom-u-kojem-je-navaljni\\\/\"},\"author\":{\"name\":\"Radio Ljubu\u0161ki\",\"@id\":\"https:\\\/\\\/radioljubuski.ba\\\/#\\\/schema\\\/person\\\/19fc700381a780f69665d7956c469e3b\"},\"headline\":\"Ruska policija uhitila devetero ljudi pred zatvorom u kojem je Navaljni\",\"datePublished\":\"2021-04-06T19:22:54+00:00\",\"mainEntityOfPage\":{\"@id\":\"https:\\\/\\\/radioljubuski.ba\\\/index.php\\\/2021\\\/04\\\/06\\\/ruska-policija-uhitila-devetero-ljudi-pred-zatvorom-u-kojem-je-navaljni\\\/\"},\"wordCount\":303,\"publisher\":{\"@id\":\"https:\\\/\\\/radioljubuski.ba\\\/#organization\"},\"image\":{\"@id\":\"https:\\\/\\\/radioljubuski.ba\\\/index.php\\\/2021\\\/04\\\/06\\\/ruska-policija-uhitila-devetero-ljudi-pred-zatvorom-u-kojem-je-navaljni\\\/#primaryimage\"},\"thumbnailUrl\":\"https:\\\/\\\/radioljubuski.ba\\\/wp-content\\\/uploads\\\/2021\\\/04\\\/4-10.png\",\"articleSection\":[\"BIH i regija\"],\"inLanguage\":\"hr\"},{\"@type\":\"WebPage\",\"@id\":\"https:\\\/\\\/radioljubuski.ba\\\/index.php\\\/2021\\\/04\\\/06\\\/ruska-policija-uhitila-devetero-ljudi-pred-zatvorom-u-kojem-je-navaljni\\\/\",\"url\":\"https:\\\/\\\/radioljubuski.ba\\\/index.php\\\/2021\\\/04\\\/06\\\/ruska-policija-uhitila-devetero-ljudi-pred-zatvorom-u-kojem-je-navaljni\\\/\",\"name\":\"Ruska policija uhitila devetero ljudi pred zatvorom u kojem je Navaljni - RADIO LJUBU\u0160KI\",\"isPartOf\":{\"@id\":\"https:\\\/\\\/radioljubuski.ba\\\/#website\"},\"primaryImageOfPage\":{\"@id\":\"https:\\\/\\\/radioljubuski.ba\\\/index.php\\\/2021\\\/04\\\/06\\\/ruska-policija-uhitila-devetero-ljudi-pred-zatvorom-u-kojem-je-navaljni\\\/#primaryimage\"},\"image\":{\"@id\":\"https:\\\/\\\/radioljubuski.ba\\\/index.php\\\/2021\\\/04\\\/06\\\/ruska-policija-uhitila-devetero-ljudi-pred-zatvorom-u-kojem-je-navaljni\\\/#primaryimage\"},\"thumbnailUrl\":\"https:\\\/\\\/radioljubuski.ba\\\/wp-content\\\/uploads\\\/2021\\\/04\\\/4-10.png\",\"datePublished\":\"2021-04-06T19:22:54+00:00\",\"breadcrumb\":{\"@id\":\"https:\\\/\\\/radioljubuski.ba\\\/index.php\\\/2021\\\/04\\\/06\\\/ruska-policija-uhitila-devetero-ljudi-pred-zatvorom-u-kojem-je-navaljni\\\/#breadcrumb\"},\"inLanguage\":\"hr\",\"potentialAction\":[{\"@type\":\"ReadAction\",\"target\":[\"https:\\\/\\\/radioljubuski.ba\\\/index.php\\\/2021\\\/04\\\/06\\\/ruska-policija-uhitila-devetero-ljudi-pred-zatvorom-u-kojem-je-navaljni\\\/\"]}]},{\"@type\":\"ImageObject\",\"inLanguage\":\"hr\",\"@id\":\"https:\\\/\\\/radioljubuski.ba\\\/index.php\\\/2021\\\/04\\\/06\\\/ruska-policija-uhitila-devetero-ljudi-pred-zatvorom-u-kojem-je-navaljni\\\/#primaryimage\",\"url\":\"https:\\\/\\\/radioljubuski.ba\\\/wp-content\\\/uploads\\\/2021\\\/04\\\/4-10.png\",\"contentUrl\":\"https:\\\/\\\/radioljubuski.ba\\\/wp-content\\\/uploads\\\/2021\\\/04\\\/4-10.png\",\"width\":644,\"height\":361},{\"@type\":\"BreadcrumbList\",\"@id\":\"https:\\\/\\\/radioljubuski.ba\\\/index.php\\\/2021\\\/04\\\/06\\\/ruska-policija-uhitila-devetero-ljudi-pred-zatvorom-u-kojem-je-navaljni\\\/#breadcrumb\",\"itemListElement\":[{\"@type\":\"ListItem\",\"position\":1,\"name\":\"Po\u010detna stranica\",\"item\":\"https:\\\/\\\/radioljubuski.ba\\\/\"},{\"@type\":\"ListItem\",\"position\":2,\"name\":\"Ruska policija uhitila devetero ljudi pred zatvorom u kojem je Navaljni\"}]},{\"@type\":\"WebSite\",\"@id\":\"https:\\\/\\\/radioljubuski.ba\\\/#website\",\"url\":\"https:\\\/\\\/radioljubuski.ba\\\/\",\"name\":\"Radio Ljubu\u0161ki\",\"description\":\"Sun\u010dana frekvencija Hercegovine\",\"publisher\":{\"@id\":\"https:\\\/\\\/radioljubuski.ba\\\/#organization\"},\"potentialAction\":[{\"@type\":\"SearchAction\",\"target\":{\"@type\":\"EntryPoint\",\"urlTemplate\":\"https:\\\/\\\/radioljubuski.ba\\\/?s={search_term_string}\"},\"query-input\":{\"@type\":\"PropertyValueSpecification\",\"valueRequired\":true,\"valueName\":\"search_term_string\"}}],\"inLanguage\":\"hr\"},{\"@type\":\"Organization\",\"@id\":\"https:\\\/\\\/radioljubuski.ba\\\/#organization\",\"name\":\"Radio Ljubu\u0161ki\",\"url\":\"https:\\\/\\\/radioljubuski.ba\\\/\",\"logo\":{\"@type\":\"ImageObject\",\"inLanguage\":\"hr\",\"@id\":\"https:\\\/\\\/radioljubuski.ba\\\/#\\\/schema\\\/logo\\\/image\\\/\",\"url\":\"https:\\\/\\\/radioljubuski.ba\\\/wp-content\\\/uploads\\\/2021\\\/02\\\/cropped-Radio_Ljubuski_logo1.jpg\",\"contentUrl\":\"https:\\\/\\\/radioljubuski.ba\\\/wp-content\\\/uploads\\\/2021\\\/02\\\/cropped-Radio_Ljubuski_logo1.jpg\",\"width\":512,\"height\":512,\"caption\":\"Radio Ljubu\u0161ki\"},\"image\":{\"@id\":\"https:\\\/\\\/radioljubuski.ba\\\/#\\\/schema\\\/logo\\\/image\\\/\"},\"sameAs\":[\"https:\\\/\\\/www.facebook.com\\\/Radiio-Ljubuski-1490835324566332\",\"https:\\\/\\\/x.com\\\/radioljubuski\",\"https:\\\/\\\/hr.linkedin.com\\\/company\\\/radio-ljubuski\",\"https:\\\/\\\/www.youtube.com\\\/channel\\\/UCHYaeO_n0Db3tjNGudGpXyw\"]},{\"@type\":\"Person\",\"@id\":\"https:\\\/\\\/radioljubuski.ba\\\/#\\\/schema\\\/person\\\/19fc700381a780f69665d7956c469e3b\",\"name\":\"Radio Ljubu\u0161ki\"}]}<\/script>\n<!-- \/ Yoast SEO plugin. -->","yoast_head_json":{"title":"Ruska policija uhitila devetero ljudi pred zatvorom u kojem je Navaljni - RADIO LJUBU\u0160KI","robots":{"index":"index","follow":"follow","max-snippet":"max-snippet:-1","max-image-preview":"max-image-preview:large","max-video-preview":"max-video-preview:-1"},"canonical":"https:\/\/radioljubuski.ba\/index.php\/2021\/04\/06\/ruska-policija-uhitila-devetero-ljudi-pred-zatvorom-u-kojem-je-navaljni\/","og_locale":"hr_HR","og_type":"article","og_title":"Ruska policija uhitila devetero ljudi pred zatvorom u kojem je Navaljni - RADIO LJUBU\u0160KI","og_description":"Ruska policija u utorak je ispred zatvora u kojem je kriti\u010dar Kremlja Aleksej Navaljni pritvorila devetero njegovih prista\u0161a, uklju\u010duju\u0107i lije\u010dnicu koja ga je htjela pregledati. Navaljni, istaknuti protivnik predsjednika Vladimira Putina, pro\u0161li je tjedan najavio \u0161trajk gla\u0111u, prosvjeduju\u0107i protiv zatvorskog osoblja koje mu odbija omogu\u0107iti tretman akutne boli u le\u0111ima i nozi. Njegovi pobornici zaprijetili [&hellip;]","og_url":"https:\/\/radioljubuski.ba\/index.php\/2021\/04\/06\/ruska-policija-uhitila-devetero-ljudi-pred-zatvorom-u-kojem-je-navaljni\/","og_site_name":"RADIO LJUBU\u0160KI","article_publisher":"https:\/\/www.facebook.com\/Radiio-Ljubuski-1490835324566332","article_published_time":"2021-04-06T19:22:54+00:00","og_image":[{"width":644,"height":361,"url":"https:\/\/radioljubuski.ba\/wp-content\/uploads\/2021\/04\/4-10.png","type":"image\/png"}],"author":"Radio Ljubu\u0161ki","twitter_card":"summary_large_image","twitter_creator":"@radioljubuski","twitter_site":"@radioljubuski","twitter_misc":{"Napisao\/la":"Radio Ljubu\u0161ki","Procijenjeno vrijeme \u010ditanja":"2 minute"},"schema":{"@context":"https:\/\/schema.org","@graph":[{"@type":"Article","@id":"https:\/\/radioljubuski.ba\/index.php\/2021\/04\/06\/ruska-policija-uhitila-devetero-ljudi-pred-zatvorom-u-kojem-je-navaljni\/#article","isPartOf":{"@id":"https:\/\/radioljubuski.ba\/index.php\/2021\/04\/06\/ruska-policija-uhitila-devetero-ljudi-pred-zatvorom-u-kojem-je-navaljni\/"},"author":{"name":"Radio Ljubu\u0161ki","@id":"https:\/\/radioljubuski.ba\/#\/schema\/person\/19fc700381a780f69665d7956c469e3b"},"headline":"Ruska policija uhitila devetero ljudi pred zatvorom u kojem je Navaljni","datePublished":"2021-04-06T19:22:54+00:00","mainEntityOfPage":{"@id":"https:\/\/radioljubuski.ba\/index.php\/2021\/04\/06\/ruska-policija-uhitila-devetero-ljudi-pred-zatvorom-u-kojem-je-navaljni\/"},"wordCount":303,"publisher":{"@id":"https:\/\/radioljubuski.ba\/#organization"},"image":{"@id":"https:\/\/radioljubuski.ba\/index.php\/2021\/04\/06\/ruska-policija-uhitila-devetero-ljudi-pred-zatvorom-u-kojem-je-navaljni\/#primaryimage"},"thumbnailUrl":"https:\/\/radioljubuski.ba\/wp-content\/uploads\/2021\/04\/4-10.png","articleSection":["BIH i regija"],"inLanguage":"hr"},{"@type":"WebPage","@id":"https:\/\/radioljubuski.ba\/index.php\/2021\/04\/06\/ruska-policija-uhitila-devetero-ljudi-pred-zatvorom-u-kojem-je-navaljni\/","url":"https:\/\/radioljubuski.ba\/index.php\/2021\/04\/06\/ruska-policija-uhitila-devetero-ljudi-pred-zatvorom-u-kojem-je-navaljni\/","name":"Ruska policija uhitila devetero ljudi pred zatvorom u kojem je Navaljni - RADIO LJUBU\u0160KI","isPartOf":{"@id":"https:\/\/radioljubuski.ba\/#website"},"primaryImageOfPage":{"@id":"https:\/\/radioljubuski.ba\/index.php\/2021\/04\/06\/ruska-policija-uhitila-devetero-ljudi-pred-zatvorom-u-kojem-je-navaljni\/#primaryimage"},"image":{"@id":"https:\/\/radioljubuski.ba\/index.php\/2021\/04\/06\/ruska-policija-uhitila-devetero-ljudi-pred-zatvorom-u-kojem-je-navaljni\/#primaryimage"},"thumbnailUrl":"https:\/\/radioljubuski.ba\/wp-content\/uploads\/2021\/04\/4-10.png","datePublished":"2021-04-06T19:22:54+00:00","breadcrumb":{"@id":"https:\/\/radioljubuski.ba\/index.php\/2021\/04\/06\/ruska-policija-uhitila-devetero-ljudi-pred-zatvorom-u-kojem-je-navaljni\/#breadcrumb"},"inLanguage":"hr","potentialAction":[{"@type":"ReadAction","target":["https:\/\/radioljubuski.ba\/index.php\/2021\/04\/06\/ruska-policija-uhitila-devetero-ljudi-pred-zatvorom-u-kojem-je-navaljni\/"]}]},{"@type":"ImageObject","inLanguage":"hr","@id":"https:\/\/radioljubuski.ba\/index.php\/2021\/04\/06\/ruska-policija-uhitila-devetero-ljudi-pred-zatvorom-u-kojem-je-navaljni\/#primaryimage","url":"https:\/\/radioljubuski.ba\/wp-content\/uploads\/2021\/04\/4-10.png","contentUrl":"https:\/\/radioljubuski.ba\/wp-content\/uploads\/2021\/04\/4-10.png","width":644,"height":361},{"@type":"BreadcrumbList","@id":"https:\/\/radioljubuski.ba\/index.php\/2021\/04\/06\/ruska-policija-uhitila-devetero-ljudi-pred-zatvorom-u-kojem-je-navaljni\/#breadcrumb","itemListElement":[{"@type":"ListItem","position":1,"name":"Po\u010detna stranica","item":"https:\/\/radioljubuski.ba\/"},{"@type":"ListItem","position":2,"name":"Ruska policija uhitila devetero ljudi pred zatvorom u kojem je Navaljni"}]},{"@type":"WebSite","@id":"https:\/\/radioljubuski.ba\/#website","url":"https:\/\/radioljubuski.ba\/","name":"Radio Ljubu\u0161ki","description":"Sun\u010dana frekvencija Hercegovine","publisher":{"@id":"https:\/\/radioljubuski.ba\/#organization"},"potentialAction":[{"@type":"SearchAction","target":{"@type":"EntryPoint","urlTemplate":"https:\/\/radioljubuski.ba\/?s={search_term_string}"},"query-input":{"@type":"PropertyValueSpecification","valueRequired":true,"valueName":"search_term_string"}}],"inLanguage":"hr"},{"@type":"Organization","@id":"https:\/\/radioljubuski.ba\/#organization","name":"Radio Ljubu\u0161ki","url":"https:\/\/radioljubuski.ba\/","logo":{"@type":"ImageObject","inLanguage":"hr","@id":"https:\/\/radioljubuski.ba\/#\/schema\/logo\/image\/","url":"https:\/\/radioljubuski.ba\/wp-content\/uploads\/2021\/02\/cropped-Radio_Ljubuski_logo1.jpg","contentUrl":"https:\/\/radioljubuski.ba\/wp-content\/uploads\/2021\/02\/cropped-Radio_Ljubuski_logo1.jpg","width":512,"height":512,"caption":"Radio Ljubu\u0161ki"},"image":{"@id":"https:\/\/radioljubuski.ba\/#\/schema\/logo\/image\/"},"sameAs":["https:\/\/www.facebook.com\/Radiio-Ljubuski-1490835324566332","https:\/\/x.com\/radioljubuski","https:\/\/hr.linkedin.com\/company\/radio-ljubuski","https:\/\/www.youtube.com\/channel\/UCHYaeO_n0Db3tjNGudGpXyw"]},{"@type":"Person","@id":"https:\/\/radioljubuski.ba\/#\/schema\/person\/19fc700381a780f69665d7956c469e3b","name":"Radio Ljubu\u0161ki"}]}},"_links":{"self":[{"href":"https:\/\/radioljubuski.ba\/index.php\/wp-json\/wp\/v2\/posts\/10216","targetHints":{"allow":["GET"]}}],"collection":[{"href":"https:\/\/radioljubuski.ba\/index.php\/wp-json\/wp\/v2\/posts"}],"about":[{"href":"https:\/\/radioljubuski.ba\/index.php\/wp-json\/wp\/v2\/types\/post"}],"author":[{"embeddable":true,"href":"https:\/\/radioljubuski.ba\/index.php\/wp-json\/wp\/v2\/users\/2"}],"replies":[{"embeddable":true,"href":"https:\/\/radioljubuski.ba\/index.php\/wp-json\/wp\/v2\/comments?post=10216"}],"version-history":[{"count":1,"href":"https:\/\/radioljubuski.ba\/index.php\/wp-json\/wp\/v2\/posts\/10216\/revisions"}],"predecessor-version":[{"id":10218,"href":"https:\/\/radioljubuski.ba\/index.php\/wp-json\/wp\/v2\/posts\/10216\/revisions\/10218"}],"wp:featuredmedia":[{"embeddable":true,"href":"https:\/\/radioljubuski.ba\/index.php\/wp-json\/wp\/v2\/media\/10217"}],"wp:attachment":[{"href":"https:\/\/radioljubuski.ba\/index.php\/wp-json\/wp\/v2\/media?parent=10216"}],"wp:term":[{"taxonomy":"category","embeddable":true,"href":"https:\/\/radioljubuski.ba\/index.php\/wp-json\/wp\/v2\/categories?post=10216"},{"taxonomy":"post_tag","embeddable":true,"href":"https:\/\/radioljubuski.ba\/index.php\/wp-json\/wp\/v2\/tags?post=10216"}],"curies":[{"name":"wp","href":"https:\/\/api.w.org\/{rel}","templated":true}]}}