{"id":102282,"date":"2021-12-22T01:29:19","date_gmt":"2021-12-22T00:29:19","guid":{"rendered":"https:\/\/radioljubuski.ba\/?p=102282"},"modified":"2021-12-22T01:29:19","modified_gmt":"2021-12-22T00:29:19","slug":"matea-jelic-i-tonci-stipanovic-sportasi-godine","status":"publish","type":"post","link":"https:\/\/radioljubuski.ba\/index.php\/2021\/12\/22\/matea-jelic-i-tonci-stipanovic-sportasi-godine\/","title":{"rendered":"Matea Jeli\u0107 i Ton\u010di Stipanovi\u0107 sporta\u0161i godine"},"content":{"rendered":"\n<p><strong>Na sve\u010danosti Velikog dana hrvatskog sporta u Kristalnoj dvorani zagreba\u010dkog hotela The Westin Hrvatski olimpijski odbor (HOO) tradicionalno je proglasio i nagradio najuspje\u0161nije sporta\u0161ice, sporta\u0161e i trenere u 2021. godini te dodijelio i ostala vrijedna priznanja, kao i Nagradu Matija Ljubek za \u017eivotno djelo.<\/strong><\/p>\n\n\n\n<p>Godinu na izmaku predsjednik HOO-a&nbsp;<strong>Zlatko Mate\u0161a<\/strong>&nbsp;okarakterizirao je vrlo slo\u017eenom i izazovnom, ali i vrlo uspje\u0161nom u odnosu na pandemijske okolnosti u kojima su nastupali na\u0161i sporta\u0161i na me\u0111unarodnim natjecanjima. Apostrofirao je sredi\u0161nji sportski doga\u0111aj godine &#8211; Olimpijske igre u Tokiju, druge na\u0161e najuspje\u0161nije Igre po broju osvojenih odli\u010dja (8), nakon rekordnog Rija 2016. (10 medalja). Sporta\u0161icama i sporta\u0161ima na iznimno uspje\u0161noj godini \u010destitala je i ministrica turizma i sporta&nbsp;<strong>Nikolina Brnjac<\/strong>.<\/p>\n\n\n\n<p>A prema mjerilima HOO-a, najuspje\u0161niji u pojedina\u010dnoj kategoriji su zlatna olimpijka iz Tokija&nbsp;<strong>Matea Jeli\u0107<\/strong>&nbsp;(taekwondo\/do 67 kg), koja je ove godine u Sofiji osvojila i naslov europske prvakinje, te srebrni olimpijac&nbsp;<strong>Ton\u010di Stipanovi\u0107<\/strong>&nbsp;(jedrenje\/klasa Laser), ujedno i vlasnik ovogodi\u0161nje svjetske bronce iz Barcelone. Jeli\u0107 je izabrana u konkurenciji devet nominiranih, Stipanovi\u0107 me\u0111u 12 kandidata za sporta\u0161a godine, a oboje su po drugi put zaredom laureati HOO-ova izbora.<\/p>\n\n\n\n<p>Ni u mom\u010dadskom izboru nije nedostajalo konkurentnosti, ali nije bilo ni previ\u0161e dvojbe. Hrvatska teniska reprezentacija (<strong>Marin \u010cili\u0107, Ivan Dodig, Mate Pavi\u0107, Nikola Mekti\u0107, Borna Gojo\u00a0<\/strong>i\u00a0<strong>Nino Serdaru\u0161i\u0107<\/strong>) laureat je izbora za osvojeno drugo mjesto u ovogodi\u0161njem izdanju Davisova kupa. U \u017eenskoj ekipnoj konkurenciji nagradu su dobile \u010dlanice hrvatske karate reprezentacije (<strong>Ana Lenard, Lea Vukoja, Lucija Lesjak, Mia Greta Zorko<\/strong>) za osvojenu broncu u borbama na Europskom prvenstvu u Pore\u010du.<\/p>\n\n\n\n<figure class=\"wp-block-image\"><img decoding=\"async\" src=\"https:\/\/sport.hrt.hr\/_next\/image?url=https%3A%2F%2Fapi.hrt.hr%2Fmedia%2F23%2F83%2F740x438-veliki-dan-hrvatskog-sporta-hoo-frame-69701-20211221204111.png&amp;w=1280&amp;q=90\" alt=\"Hrvatska karate reprezentacija\"\/><\/figure>\n\n\n\n<p>A prema mjerilima HOO-a, najuspje\u0161niji u pojedina\u010dnoj kategoriji su zlatna olimpijka iz Tokija&nbsp;<strong>Matea Jeli\u0107<\/strong>&nbsp;(taekwondo\/do 67 kg), koja je ove godine u Sofiji osvojila i naslov europske prvakinje, te srebrni olimpijac&nbsp;<strong>Ton\u010di Stipanovi\u0107<\/strong>&nbsp;(jedrenje\/klasa Laser), ujedno i vlasnik ovogodi\u0161nje svjetske bronce iz Barcelone. Jeli\u0107 je izabrana u konkurenciji devet nominiranih, Stipanovi\u0107 me\u0111u 12 kandidata za sporta\u0161a godine, a oboje su po drugi put zaredom laureati HOO-ova izbora.<\/p>\n\n\n\n<p>Ni u mom\u010dadskom izboru nije nedostajalo konkurentnosti, ali nije bilo ni previ\u0161e dvojbe. Hrvatska teniska reprezentacija (<strong>Marin \u010cili\u0107, Ivan Dodig, Mate Pavi\u0107, Nikola Mekti\u0107, Borna Gojo&nbsp;<\/strong>i&nbsp;<strong>Nino Serdaru\u0161i\u0107<\/strong>) laureat je izbora za osvojeno drugo mjesto u ovogodi\u0161njem izdanju Davisova kupa. U \u017eenskoj ekipnoj konkurenciji nagradu su dobile \u010dlanice hrvatske karate reprezentacije (<strong>Ana Lenard, Lea Vukoja, Lucija Lesjak, Mia Greta Zorko<\/strong>) za osvojenu broncu u borbama na Europskom prvenstvu u Pore\u010du.<\/p>\n\n\n\n<p>Olimpijski pobjednici i europski prvaci u vesla\u010dkom dvojcu bez kormilara&nbsp;<strong>Martin&nbsp;<\/strong>i&nbsp;<strong>Valent Sinkovi\u0107<\/strong>&nbsp;jo\u0161 jednom su primili nagradu u kategoriji Najuspje\u0161niji sportski par, \u0161tafeta ili posada, iako su kao protukandidate imali i osvaja\u010de olimpijskog zlata (<strong>Pavi\u0107<\/strong>,&nbsp;<strong>Mekti\u0107<\/strong>) i olimpijskog srebra (<strong>\u010cili\u0107<\/strong>,&nbsp;<strong>Dodig<\/strong>). Presudilo je europsko zlato i ukupna pobjeda bra\u0107a Sinkovi\u0107 u Svjetskom kupu. Zato su \u010dlanovi najboljeg svjetskog teniskog para &#8211;&nbsp;<strong>Nikola Mekti\u0107&nbsp;<\/strong>i&nbsp;<strong>Mate Pavi\u0107<\/strong>&nbsp;&#8211; \u201eprepoznati\u201c kao najve\u0107i sportski promicatelji Hrvatske u svijetu, a kakvu su godinu imali, to priznanje zavr\u0161ilo je u pravim rukama. Na\u017ealost, Mate Pavi\u0107 je bio sprije\u010den osobno primiti priznanje.<\/p>\n\n\n\n<p>Jednako tako, posebno HOO-ovo priznanje za promicanje sporta pogodilo je pravu \u201eadresu\u201c &#8211; Sportske novosti. Preuzeo ga je glavni urednik jedinog nam sportskog dnevnika,&nbsp;<strong>Robert \u0160ola<\/strong>.<\/p>\n\n\n\n<p>U kategoriji najuspje\u0161nijeg trenera, HOO je izabrao tercet.&nbsp;<strong>Toni Tomas<\/strong>&nbsp;(taekwondo),&nbsp;<strong>Nikola Brali\u0107&nbsp;<\/strong>(veslanje) i&nbsp;<strong>Vedran Marti\u0107&nbsp;<\/strong>(tenis) sjajnim su dometima svojih sporta\u0161(ic)a uistinu obilje\u017eili 2021. godinu.&nbsp;&nbsp;<\/p>\n\n\n\n<p>Nagradu za fair play dobili su&nbsp;<strong>Goran Juki\u0107<\/strong>&nbsp;i Hrvatski \u0161kolski sportski savez (H\u0160SS), iz \u010dije je kreativnosti proiza\u0161ao fair play karton, izvrsno prakticiran i udoma\u0107en na \u0161kolskim sportskim natjecanjima pod okriljem H\u0160SS-a.<\/p>\n\n\n\n<p>No, jo\u0161 dva vrijedna priznanja za fair play uru\u010dena su na sve\u010danosti HOO-a. Europski fair play pokret je odaslao zaslu\u017eena priznanja dvjema Hrvaticama. Europsku fair play diplomu dobila je&nbsp;<strong>Valentina Pereglin&nbsp;<\/strong>za poznati \u010din uru\u010divanja ve\u0107 osvojene medalje suparnici, nakon \u0161to joj je dodijeljena na temelju bodovnog previda sudaca na SP-u u samostrelu. Zaslu\u017eeno priznanje stiglo je i djelatnici Uprave za sport Ministarstva turizma i sporta<strong>&nbsp;Nata\u0161i Mu\u017edalo<\/strong>&nbsp;za hvalevrijedan projekt \u201eBonton pona\u0161anja u sportu\u201c.<\/p>\n\n\n\n<p>Kao i svake godine, Hrvatski olimpijski odbor dodijelio je i Nagradu Matija Ljubek, velikim sportskim zaslu\u017enicima za \u017eivotno djelo. Ovogodi\u0161nji laureati su:<strong>&nbsp;Branka Batini\u0107<\/strong>&nbsp;(stolni tenis) i&nbsp;<strong>Josip \u0160ojat<\/strong>&nbsp;(rukomet) iz Zagreba,&nbsp;<strong>Milivoj Bebi\u0107<\/strong>&nbsp;(vaterpolo) iz Solina,&nbsp;<strong>\u017delimir Feitl&nbsp;<\/strong>(karate) iz Karlovca i&nbsp;<strong>Alojz Muha<\/strong>&nbsp;(odbojka) iz Osijeka.<\/p>\n\n\n\n<h4 class=\"wp-block-heading\">Najuspje\u0161nija hrvatska sporta\u0161ica &#8211; Matea Jeli\u0107<\/h4>\n\n\n\n<h4 class=\"wp-block-heading\">Najuspje\u0161niji hrvatski sporta\u0161 &#8211; Ton\u010di Stipanovi\u0107<\/h4>\n\n\n\n<h4 class=\"wp-block-heading\"><br>Najuspje\u0161nija hrvatska mu\u0161ka sportska ekipa &#8211; hrvatska teniska reprezentacija (Marin \u010cili\u0107, Borna Gojo, Nikola Mekti\u0107, Mate Pavi\u0107, Nino Serdaru\u0161i\u0107)<\/h4>\n\n\n\n<figure class=\"wp-block-image\"><img decoding=\"async\" src=\"https:\/\/sport.hrt.hr\/_next\/image?url=https%3A%2F%2Fapi.hrt.hr%2Fmedia%2F77%2F31%2F740x438-veliki-dan-hrvatskog-sporta-hoo-frame-84624-20211221200852.png&amp;w=1280&amp;q=90\" alt=\"Hrvatska Davis Cup reprezentacija\"\/><\/figure>\n\n\n\n<h4 class=\"wp-block-heading\">Najuspje\u0161nija hrvatska \u017eenska sportska ekipa &#8211; hrvatska karate reprezentacija (Ana Lenard, Lea Vukoja, Lucija Lesjak, Mia Greta Zorko)<\/h4>\n\n\n\n<h4 class=\"wp-block-heading\">Najuspje\u0161niji sportski par, \u0161tafeta ili posada &#8211; Martin Sinkovi\u0107 i Valent Sinkovi\u0107<\/h4>\n\n\n\n<figure class=\"wp-block-image\"><img decoding=\"async\" src=\"https:\/\/sport.hrt.hr\/_next\/image?url=https%3A%2F%2Fapi.hrt.hr%2Fmedia%2Fbb%2F3f%2F740x438-veliki-dan-hrvatskog-sporta-hoo-frame-65101-20211221200102.png&amp;w=1280&amp;q=90\" alt=\"Martin i Valent Sinkovi\u0107\"\/><\/figure>\n\n\n\n<h4 class=\"wp-block-heading\">Najuspje\u0161niji hrvatski trener &#8211; Toni Tomas, Nikola Brali\u0107, Vedran Marti\u0107<\/h4>\n\n\n\n<figure class=\"wp-block-image\"><img decoding=\"async\" src=\"https:\/\/sport.hrt.hr\/_next\/image?url=https%3A%2F%2Fapi.hrt.hr%2Fmedia%2F0a%2F05%2F740x438-veliki-dan-hrvatskog-sporta-hoo-frame-59062-20211221195142.png&amp;w=1280&amp;q=90\" alt=\"Toni Tomas\"\/><\/figure>\n\n\n\n<h4 class=\"wp-block-heading\">Nagrada Matija Ljubek, velikim sportskim zaslu\u017enicima za \u017eivotno djelo &#8211; Branka Batini\u0107 (stolni tenis) i Josip \u0160ojat (rukomet) iz Zagreba, Milivoj Bebi\u0107 (vaterpolo) iz Solina, \u017delimir Feitl (karate) iz Karlovca i Alojz Muha (odbojka) iz Osijeka<\/h4>\n\n\n\n<h4 class=\"wp-block-heading\">Najve\u0107i sportski promicatelji Hrvatske u svijetu &#8211; Mate Pavi\u0107 i Nikola Mekti\u0107<\/h4>\n\n\n\n<figure class=\"wp-block-image\"><img decoding=\"async\" src=\"https:\/\/sport.hrt.hr\/_next\/image?url=https%3A%2F%2Fapi.hrt.hr%2Fmedia%2Fc8%2F1e%2F740x438-veliki-dan-hrvatskog-sporta-hoo-frame-26079-20211221193001.png&amp;w=1280&amp;q=90\" alt=\"Nikola Mekti\u0107\"\/><\/figure>\n\n\n\n<h4 class=\"wp-block-heading\">Nagrada HOO-a za fair play &#8211; Goran Juki\u0107 i Hrvatski \u0161kolski sportski savez<\/h4>\n\n\n\n<h4 class=\"wp-block-heading\">Posebna nagrada HOO-a za promicanje sporta &#8211; Sportske novosti<\/h4>\n\n\n\n<figure class=\"wp-block-image\"><img decoding=\"async\" src=\"https:\/\/sport.hrt.hr\/_next\/image?url=https%3A%2F%2Fapi.hrt.hr%2Fmedia%2Fe2%2F96%2F740x438-veliki-dan-hrvatskog-sporta-hoo-frame-8571-20211221192042.png&amp;w=1280&amp;q=90\" alt=\"Veliki dan hrvatskog sporta (HOO)\"\/><\/figure>\n\n\n\n<p>Izvor:hrt.hr<\/p>\n","protected":false},"excerpt":{"rendered":"<p>Na sve\u010danosti Velikog dana hrvatskog sporta u Kristalnoj dvorani zagreba\u010dkog hotela The Westin Hrvatski olimpijski odbor (HOO) tradicionalno je proglasio i nagradio najuspje\u0161nije sporta\u0161ice, sporta\u0161e i trenere u 2021. godini te dodijelio i ostala vrijedna priznanja, kao i Nagradu Matija Ljubek za \u017eivotno djelo. Godinu na izmaku predsjednik HOO-a&nbsp;Zlatko Mate\u0161a&nbsp;okarakterizirao je vrlo slo\u017eenom i izazovnom, [&hellip;]<\/p>\n","protected":false},"author":2,"featured_media":102283,"comment_status":"closed","ping_status":"closed","sticky":false,"template":"","format":"standard","meta":{"h5ap_radio_sources":[],"footnotes":""},"categories":[7],"tags":[],"class_list":["post-102282","post","type-post","status-publish","format-standard","has-post-thumbnail","hentry","category-sport"],"yoast_head":"<!-- This site is optimized with the Yoast SEO plugin v27.4 - https:\/\/yoast.com\/product\/yoast-seo-wordpress\/ -->\n<title>Matea Jeli\u0107 i Ton\u010di Stipanovi\u0107 sporta\u0161i godine - RADIO LJUBU\u0160KI<\/title>\n<meta name=\"robots\" content=\"index, follow, max-snippet:-1, max-image-preview:large, max-video-preview:-1\" \/>\n<link rel=\"canonical\" href=\"https:\/\/radioljubuski.ba\/index.php\/2021\/12\/22\/matea-jelic-i-tonci-stipanovic-sportasi-godine\/\" \/>\n<meta property=\"og:locale\" content=\"hr_HR\" \/>\n<meta property=\"og:type\" content=\"article\" \/>\n<meta property=\"og:title\" content=\"Matea Jeli\u0107 i Ton\u010di Stipanovi\u0107 sporta\u0161i godine - RADIO LJUBU\u0160KI\" \/>\n<meta property=\"og:description\" content=\"Na sve\u010danosti Velikog dana hrvatskog sporta u Kristalnoj dvorani zagreba\u010dkog hotela The Westin Hrvatski olimpijski odbor (HOO) tradicionalno je proglasio i nagradio najuspje\u0161nije sporta\u0161ice, sporta\u0161e i trenere u 2021. godini te dodijelio i ostala vrijedna priznanja, kao i Nagradu Matija Ljubek za \u017eivotno djelo. Godinu na izmaku predsjednik HOO-a&nbsp;Zlatko Mate\u0161a&nbsp;okarakterizirao je vrlo slo\u017eenom i izazovnom, [&hellip;]\" \/>\n<meta property=\"og:url\" content=\"https:\/\/radioljubuski.ba\/index.php\/2021\/12\/22\/matea-jelic-i-tonci-stipanovic-sportasi-godine\/\" \/>\n<meta property=\"og:site_name\" content=\"RADIO LJUBU\u0160KI\" \/>\n<meta property=\"article:publisher\" content=\"https:\/\/www.facebook.com\/Radiio-Ljubuski-1490835324566332\" \/>\n<meta property=\"article:published_time\" content=\"2021-12-22T00:29:19+00:00\" \/>\n<meta property=\"og:image\" content=\"https:\/\/radioljubuski.ba\/wp-content\/uploads\/2021\/12\/hn20211221323313_61c2389478581_970xr.jpg\" \/>\n\t<meta property=\"og:image:width\" content=\"970\" \/>\n\t<meta property=\"og:image:height\" content=\"660\" \/>\n\t<meta property=\"og:image:type\" content=\"image\/jpeg\" \/>\n<meta name=\"author\" content=\"Radio Ljubu\u0161ki\" \/>\n<meta name=\"twitter:card\" content=\"summary_large_image\" \/>\n<meta name=\"twitter:creator\" content=\"@radioljubuski\" \/>\n<meta name=\"twitter:site\" content=\"@radioljubuski\" \/>\n<meta name=\"twitter:label1\" content=\"Napisao\/la\" \/>\n\t<meta name=\"twitter:data1\" content=\"Radio Ljubu\u0161ki\" \/>\n\t<meta name=\"twitter:label2\" content=\"Procijenjeno vrijeme \u010ditanja\" \/>\n\t<meta name=\"twitter:data2\" content=\"5 minuta\" \/>\n<script type=\"application\/ld+json\" class=\"yoast-schema-graph\">{\"@context\":\"https:\\\/\\\/schema.org\",\"@graph\":[{\"@type\":\"Article\",\"@id\":\"https:\\\/\\\/radioljubuski.ba\\\/index.php\\\/2021\\\/12\\\/22\\\/matea-jelic-i-tonci-stipanovic-sportasi-godine\\\/#article\",\"isPartOf\":{\"@id\":\"https:\\\/\\\/radioljubuski.ba\\\/index.php\\\/2021\\\/12\\\/22\\\/matea-jelic-i-tonci-stipanovic-sportasi-godine\\\/\"},\"author\":{\"name\":\"Radio Ljubu\u0161ki\",\"@id\":\"https:\\\/\\\/radioljubuski.ba\\\/#\\\/schema\\\/person\\\/19fc700381a780f69665d7956c469e3b\"},\"headline\":\"Matea Jeli\u0107 i Ton\u010di Stipanovi\u0107 sporta\u0161i godine\",\"datePublished\":\"2021-12-22T00:29:19+00:00\",\"mainEntityOfPage\":{\"@id\":\"https:\\\/\\\/radioljubuski.ba\\\/index.php\\\/2021\\\/12\\\/22\\\/matea-jelic-i-tonci-stipanovic-sportasi-godine\\\/\"},\"wordCount\":977,\"publisher\":{\"@id\":\"https:\\\/\\\/radioljubuski.ba\\\/#organization\"},\"image\":{\"@id\":\"https:\\\/\\\/radioljubuski.ba\\\/index.php\\\/2021\\\/12\\\/22\\\/matea-jelic-i-tonci-stipanovic-sportasi-godine\\\/#primaryimage\"},\"thumbnailUrl\":\"https:\\\/\\\/radioljubuski.ba\\\/wp-content\\\/uploads\\\/2021\\\/12\\\/hn20211221323313_61c2389478581_970xr.jpg\",\"articleSection\":[\"\u0160port\"],\"inLanguage\":\"hr\"},{\"@type\":\"WebPage\",\"@id\":\"https:\\\/\\\/radioljubuski.ba\\\/index.php\\\/2021\\\/12\\\/22\\\/matea-jelic-i-tonci-stipanovic-sportasi-godine\\\/\",\"url\":\"https:\\\/\\\/radioljubuski.ba\\\/index.php\\\/2021\\\/12\\\/22\\\/matea-jelic-i-tonci-stipanovic-sportasi-godine\\\/\",\"name\":\"Matea Jeli\u0107 i Ton\u010di Stipanovi\u0107 sporta\u0161i godine - RADIO LJUBU\u0160KI\",\"isPartOf\":{\"@id\":\"https:\\\/\\\/radioljubuski.ba\\\/#website\"},\"primaryImageOfPage\":{\"@id\":\"https:\\\/\\\/radioljubuski.ba\\\/index.php\\\/2021\\\/12\\\/22\\\/matea-jelic-i-tonci-stipanovic-sportasi-godine\\\/#primaryimage\"},\"image\":{\"@id\":\"https:\\\/\\\/radioljubuski.ba\\\/index.php\\\/2021\\\/12\\\/22\\\/matea-jelic-i-tonci-stipanovic-sportasi-godine\\\/#primaryimage\"},\"thumbnailUrl\":\"https:\\\/\\\/radioljubuski.ba\\\/wp-content\\\/uploads\\\/2021\\\/12\\\/hn20211221323313_61c2389478581_970xr.jpg\",\"datePublished\":\"2021-12-22T00:29:19+00:00\",\"breadcrumb\":{\"@id\":\"https:\\\/\\\/radioljubuski.ba\\\/index.php\\\/2021\\\/12\\\/22\\\/matea-jelic-i-tonci-stipanovic-sportasi-godine\\\/#breadcrumb\"},\"inLanguage\":\"hr\",\"potentialAction\":[{\"@type\":\"ReadAction\",\"target\":[\"https:\\\/\\\/radioljubuski.ba\\\/index.php\\\/2021\\\/12\\\/22\\\/matea-jelic-i-tonci-stipanovic-sportasi-godine\\\/\"]}]},{\"@type\":\"ImageObject\",\"inLanguage\":\"hr\",\"@id\":\"https:\\\/\\\/radioljubuski.ba\\\/index.php\\\/2021\\\/12\\\/22\\\/matea-jelic-i-tonci-stipanovic-sportasi-godine\\\/#primaryimage\",\"url\":\"https:\\\/\\\/radioljubuski.ba\\\/wp-content\\\/uploads\\\/2021\\\/12\\\/hn20211221323313_61c2389478581_970xr.jpg\",\"contentUrl\":\"https:\\\/\\\/radioljubuski.ba\\\/wp-content\\\/uploads\\\/2021\\\/12\\\/hn20211221323313_61c2389478581_970xr.jpg\",\"width\":970,\"height\":660},{\"@type\":\"BreadcrumbList\",\"@id\":\"https:\\\/\\\/radioljubuski.ba\\\/index.php\\\/2021\\\/12\\\/22\\\/matea-jelic-i-tonci-stipanovic-sportasi-godine\\\/#breadcrumb\",\"itemListElement\":[{\"@type\":\"ListItem\",\"position\":1,\"name\":\"Po\u010detna stranica\",\"item\":\"https:\\\/\\\/radioljubuski.ba\\\/\"},{\"@type\":\"ListItem\",\"position\":2,\"name\":\"Matea Jeli\u0107 i Ton\u010di Stipanovi\u0107 sporta\u0161i godine\"}]},{\"@type\":\"WebSite\",\"@id\":\"https:\\\/\\\/radioljubuski.ba\\\/#website\",\"url\":\"https:\\\/\\\/radioljubuski.ba\\\/\",\"name\":\"Radio Ljubu\u0161ki\",\"description\":\"Sun\u010dana frekvencija Hercegovine\",\"publisher\":{\"@id\":\"https:\\\/\\\/radioljubuski.ba\\\/#organization\"},\"potentialAction\":[{\"@type\":\"SearchAction\",\"target\":{\"@type\":\"EntryPoint\",\"urlTemplate\":\"https:\\\/\\\/radioljubuski.ba\\\/?s={search_term_string}\"},\"query-input\":{\"@type\":\"PropertyValueSpecification\",\"valueRequired\":true,\"valueName\":\"search_term_string\"}}],\"inLanguage\":\"hr\"},{\"@type\":\"Organization\",\"@id\":\"https:\\\/\\\/radioljubuski.ba\\\/#organization\",\"name\":\"Radio Ljubu\u0161ki\",\"url\":\"https:\\\/\\\/radioljubuski.ba\\\/\",\"logo\":{\"@type\":\"ImageObject\",\"inLanguage\":\"hr\",\"@id\":\"https:\\\/\\\/radioljubuski.ba\\\/#\\\/schema\\\/logo\\\/image\\\/\",\"url\":\"https:\\\/\\\/radioljubuski.ba\\\/wp-content\\\/uploads\\\/2021\\\/02\\\/cropped-Radio_Ljubuski_logo1.jpg\",\"contentUrl\":\"https:\\\/\\\/radioljubuski.ba\\\/wp-content\\\/uploads\\\/2021\\\/02\\\/cropped-Radio_Ljubuski_logo1.jpg\",\"width\":512,\"height\":512,\"caption\":\"Radio Ljubu\u0161ki\"},\"image\":{\"@id\":\"https:\\\/\\\/radioljubuski.ba\\\/#\\\/schema\\\/logo\\\/image\\\/\"},\"sameAs\":[\"https:\\\/\\\/www.facebook.com\\\/Radiio-Ljubuski-1490835324566332\",\"https:\\\/\\\/x.com\\\/radioljubuski\",\"https:\\\/\\\/hr.linkedin.com\\\/company\\\/radio-ljubuski\",\"https:\\\/\\\/www.youtube.com\\\/channel\\\/UCHYaeO_n0Db3tjNGudGpXyw\"]},{\"@type\":\"Person\",\"@id\":\"https:\\\/\\\/radioljubuski.ba\\\/#\\\/schema\\\/person\\\/19fc700381a780f69665d7956c469e3b\",\"name\":\"Radio Ljubu\u0161ki\"}]}<\/script>\n<!-- \/ Yoast SEO plugin. -->","yoast_head_json":{"title":"Matea Jeli\u0107 i Ton\u010di Stipanovi\u0107 sporta\u0161i godine - RADIO LJUBU\u0160KI","robots":{"index":"index","follow":"follow","max-snippet":"max-snippet:-1","max-image-preview":"max-image-preview:large","max-video-preview":"max-video-preview:-1"},"canonical":"https:\/\/radioljubuski.ba\/index.php\/2021\/12\/22\/matea-jelic-i-tonci-stipanovic-sportasi-godine\/","og_locale":"hr_HR","og_type":"article","og_title":"Matea Jeli\u0107 i Ton\u010di Stipanovi\u0107 sporta\u0161i godine - RADIO LJUBU\u0160KI","og_description":"Na sve\u010danosti Velikog dana hrvatskog sporta u Kristalnoj dvorani zagreba\u010dkog hotela The Westin Hrvatski olimpijski odbor (HOO) tradicionalno je proglasio i nagradio najuspje\u0161nije sporta\u0161ice, sporta\u0161e i trenere u 2021. godini te dodijelio i ostala vrijedna priznanja, kao i Nagradu Matija Ljubek za \u017eivotno djelo. Godinu na izmaku predsjednik HOO-a&nbsp;Zlatko Mate\u0161a&nbsp;okarakterizirao je vrlo slo\u017eenom i izazovnom, [&hellip;]","og_url":"https:\/\/radioljubuski.ba\/index.php\/2021\/12\/22\/matea-jelic-i-tonci-stipanovic-sportasi-godine\/","og_site_name":"RADIO LJUBU\u0160KI","article_publisher":"https:\/\/www.facebook.com\/Radiio-Ljubuski-1490835324566332","article_published_time":"2021-12-22T00:29:19+00:00","og_image":[{"width":970,"height":660,"url":"https:\/\/radioljubuski.ba\/wp-content\/uploads\/2021\/12\/hn20211221323313_61c2389478581_970xr.jpg","type":"image\/jpeg"}],"author":"Radio Ljubu\u0161ki","twitter_card":"summary_large_image","twitter_creator":"@radioljubuski","twitter_site":"@radioljubuski","twitter_misc":{"Napisao\/la":"Radio Ljubu\u0161ki","Procijenjeno vrijeme \u010ditanja":"5 minuta"},"schema":{"@context":"https:\/\/schema.org","@graph":[{"@type":"Article","@id":"https:\/\/radioljubuski.ba\/index.php\/2021\/12\/22\/matea-jelic-i-tonci-stipanovic-sportasi-godine\/#article","isPartOf":{"@id":"https:\/\/radioljubuski.ba\/index.php\/2021\/12\/22\/matea-jelic-i-tonci-stipanovic-sportasi-godine\/"},"author":{"name":"Radio Ljubu\u0161ki","@id":"https:\/\/radioljubuski.ba\/#\/schema\/person\/19fc700381a780f69665d7956c469e3b"},"headline":"Matea Jeli\u0107 i Ton\u010di Stipanovi\u0107 sporta\u0161i godine","datePublished":"2021-12-22T00:29:19+00:00","mainEntityOfPage":{"@id":"https:\/\/radioljubuski.ba\/index.php\/2021\/12\/22\/matea-jelic-i-tonci-stipanovic-sportasi-godine\/"},"wordCount":977,"publisher":{"@id":"https:\/\/radioljubuski.ba\/#organization"},"image":{"@id":"https:\/\/radioljubuski.ba\/index.php\/2021\/12\/22\/matea-jelic-i-tonci-stipanovic-sportasi-godine\/#primaryimage"},"thumbnailUrl":"https:\/\/radioljubuski.ba\/wp-content\/uploads\/2021\/12\/hn20211221323313_61c2389478581_970xr.jpg","articleSection":["\u0160port"],"inLanguage":"hr"},{"@type":"WebPage","@id":"https:\/\/radioljubuski.ba\/index.php\/2021\/12\/22\/matea-jelic-i-tonci-stipanovic-sportasi-godine\/","url":"https:\/\/radioljubuski.ba\/index.php\/2021\/12\/22\/matea-jelic-i-tonci-stipanovic-sportasi-godine\/","name":"Matea Jeli\u0107 i Ton\u010di Stipanovi\u0107 sporta\u0161i godine - RADIO LJUBU\u0160KI","isPartOf":{"@id":"https:\/\/radioljubuski.ba\/#website"},"primaryImageOfPage":{"@id":"https:\/\/radioljubuski.ba\/index.php\/2021\/12\/22\/matea-jelic-i-tonci-stipanovic-sportasi-godine\/#primaryimage"},"image":{"@id":"https:\/\/radioljubuski.ba\/index.php\/2021\/12\/22\/matea-jelic-i-tonci-stipanovic-sportasi-godine\/#primaryimage"},"thumbnailUrl":"https:\/\/radioljubuski.ba\/wp-content\/uploads\/2021\/12\/hn20211221323313_61c2389478581_970xr.jpg","datePublished":"2021-12-22T00:29:19+00:00","breadcrumb":{"@id":"https:\/\/radioljubuski.ba\/index.php\/2021\/12\/22\/matea-jelic-i-tonci-stipanovic-sportasi-godine\/#breadcrumb"},"inLanguage":"hr","potentialAction":[{"@type":"ReadAction","target":["https:\/\/radioljubuski.ba\/index.php\/2021\/12\/22\/matea-jelic-i-tonci-stipanovic-sportasi-godine\/"]}]},{"@type":"ImageObject","inLanguage":"hr","@id":"https:\/\/radioljubuski.ba\/index.php\/2021\/12\/22\/matea-jelic-i-tonci-stipanovic-sportasi-godine\/#primaryimage","url":"https:\/\/radioljubuski.ba\/wp-content\/uploads\/2021\/12\/hn20211221323313_61c2389478581_970xr.jpg","contentUrl":"https:\/\/radioljubuski.ba\/wp-content\/uploads\/2021\/12\/hn20211221323313_61c2389478581_970xr.jpg","width":970,"height":660},{"@type":"BreadcrumbList","@id":"https:\/\/radioljubuski.ba\/index.php\/2021\/12\/22\/matea-jelic-i-tonci-stipanovic-sportasi-godine\/#breadcrumb","itemListElement":[{"@type":"ListItem","position":1,"name":"Po\u010detna stranica","item":"https:\/\/radioljubuski.ba\/"},{"@type":"ListItem","position":2,"name":"Matea Jeli\u0107 i Ton\u010di Stipanovi\u0107 sporta\u0161i godine"}]},{"@type":"WebSite","@id":"https:\/\/radioljubuski.ba\/#website","url":"https:\/\/radioljubuski.ba\/","name":"Radio Ljubu\u0161ki","description":"Sun\u010dana frekvencija Hercegovine","publisher":{"@id":"https:\/\/radioljubuski.ba\/#organization"},"potentialAction":[{"@type":"SearchAction","target":{"@type":"EntryPoint","urlTemplate":"https:\/\/radioljubuski.ba\/?s={search_term_string}"},"query-input":{"@type":"PropertyValueSpecification","valueRequired":true,"valueName":"search_term_string"}}],"inLanguage":"hr"},{"@type":"Organization","@id":"https:\/\/radioljubuski.ba\/#organization","name":"Radio Ljubu\u0161ki","url":"https:\/\/radioljubuski.ba\/","logo":{"@type":"ImageObject","inLanguage":"hr","@id":"https:\/\/radioljubuski.ba\/#\/schema\/logo\/image\/","url":"https:\/\/radioljubuski.ba\/wp-content\/uploads\/2021\/02\/cropped-Radio_Ljubuski_logo1.jpg","contentUrl":"https:\/\/radioljubuski.ba\/wp-content\/uploads\/2021\/02\/cropped-Radio_Ljubuski_logo1.jpg","width":512,"height":512,"caption":"Radio Ljubu\u0161ki"},"image":{"@id":"https:\/\/radioljubuski.ba\/#\/schema\/logo\/image\/"},"sameAs":["https:\/\/www.facebook.com\/Radiio-Ljubuski-1490835324566332","https:\/\/x.com\/radioljubuski","https:\/\/hr.linkedin.com\/company\/radio-ljubuski","https:\/\/www.youtube.com\/channel\/UCHYaeO_n0Db3tjNGudGpXyw"]},{"@type":"Person","@id":"https:\/\/radioljubuski.ba\/#\/schema\/person\/19fc700381a780f69665d7956c469e3b","name":"Radio Ljubu\u0161ki"}]}},"_links":{"self":[{"href":"https:\/\/radioljubuski.ba\/index.php\/wp-json\/wp\/v2\/posts\/102282","targetHints":{"allow":["GET"]}}],"collection":[{"href":"https:\/\/radioljubuski.ba\/index.php\/wp-json\/wp\/v2\/posts"}],"about":[{"href":"https:\/\/radioljubuski.ba\/index.php\/wp-json\/wp\/v2\/types\/post"}],"author":[{"embeddable":true,"href":"https:\/\/radioljubuski.ba\/index.php\/wp-json\/wp\/v2\/users\/2"}],"replies":[{"embeddable":true,"href":"https:\/\/radioljubuski.ba\/index.php\/wp-json\/wp\/v2\/comments?post=102282"}],"version-history":[{"count":1,"href":"https:\/\/radioljubuski.ba\/index.php\/wp-json\/wp\/v2\/posts\/102282\/revisions"}],"predecessor-version":[{"id":102284,"href":"https:\/\/radioljubuski.ba\/index.php\/wp-json\/wp\/v2\/posts\/102282\/revisions\/102284"}],"wp:featuredmedia":[{"embeddable":true,"href":"https:\/\/radioljubuski.ba\/index.php\/wp-json\/wp\/v2\/media\/102283"}],"wp:attachment":[{"href":"https:\/\/radioljubuski.ba\/index.php\/wp-json\/wp\/v2\/media?parent=102282"}],"wp:term":[{"taxonomy":"category","embeddable":true,"href":"https:\/\/radioljubuski.ba\/index.php\/wp-json\/wp\/v2\/categories?post=102282"},{"taxonomy":"post_tag","embeddable":true,"href":"https:\/\/radioljubuski.ba\/index.php\/wp-json\/wp\/v2\/tags?post=102282"}],"curies":[{"name":"wp","href":"https:\/\/api.w.org\/{rel}","templated":true}]}}