{"id":102285,"date":"2021-12-22T01:31:09","date_gmt":"2021-12-22T00:31:09","guid":{"rendered":"https:\/\/radioljubuski.ba\/?p=102285"},"modified":"2021-12-22T01:31:10","modified_gmt":"2021-12-22T00:31:10","slug":"matesa-nenormalna-ali-opet-uspjesna-godina-hrvatskog-sporta","status":"publish","type":"post","link":"https:\/\/radioljubuski.ba\/index.php\/2021\/12\/22\/matesa-nenormalna-ali-opet-uspjesna-godina-hrvatskog-sporta\/","title":{"rendered":"Mate\u0161a: Nenormalna, ali opet uspje\u0161na godina hrvatskog sporta"},"content":{"rendered":"\n<p><strong>Godina na izmaku ponovno je bila uspje\u0161na za hrvatski sport. Na Olimpijskim igrama u Tokiju osvojili smo osam odli\u010dja, od toga tri zlata. Ve\u010deras doznajemo tko su najbolji sporta\u0161i u 2021. godini u izboru Hrvatskog olimpijskog odbora.\u00a0 Predsjednik HOO-a Zlatko Mate\u0161a prokomentirao je ovu te\u0161ku, ali opet vrlo produktivnu sportsku godinu.<\/strong><\/p>\n\n\n\n<div style=\"width: 640px;\" class=\"wp-video\"><video class=\"wp-video-shortcode\" id=\"video-102285-1\" width=\"640\" height=\"360\" preload=\"metadata\" controls=\"controls\"><source type=\"video\/mp4\" src=\"https:\/\/api.hrt.hr\/media\/9a\/79\/matesatvd-20211221191444.mp4?_=1\" \/><a href=\"https:\/\/api.hrt.hr\/media\/9a\/79\/matesatvd-20211221191444.mp4\">https:\/\/api.hrt.hr\/media\/9a\/79\/matesatvd-20211221191444.mp4<\/a><\/video><\/div>\n\n\n\n<p>&#8211; Bila je jedna nenormalna godina, ne znate ho\u0107e biti treninga, putovanja, natjecanja, ako su natjecanja onda su u izoliranim uvjetima bez gledatelja, to je sve zahtijevalo ogroman napor sporta\u0161ica i sporta\u0161a. Ali bila je izvrsna godina, hrvatski sporta\u0161i i sporta\u0161ice su pokazali da su ja\u010di od pandemije. Do\u0107i na Olimpijske igre u takvim uvjetima i biti me\u0111u 30-ak najboljih zemalja u svijetu od 206 koji su nastupili. Bolji od primjerice Turske, Ukrajine, Belgije ili bilo koje druge zemlje koje su bile na toj tabeli medalja. To je veliki uspjeh, rekao je Mate\u0161a i nastavio:<\/p>\n\n\n\n<p>&#8211; Ako tome dodamo tenisa\u010de, vesla\u010de, nogometa i kvalifikacije za Katar, karate, taekwondo, u ovakvim uvjetima ostvariti takve rezultate vrijedi nagraditi te uspjehe!<\/p>\n\n\n\n<p>Istaknuo je najve\u0107i problem hrvatskog sporta:<\/p>\n\n\n\n<p>&#8211; Iskreno re\u010deno mi imamo manji problem na nivou HOO-a jer se brinemo za nacionalne selekcije i vrhunski sport i u nekom malom dijelu za lokalni sport. Na\u0161 najve\u0107i problem danas su klubovi, usto demografija i pandemija, jer zbog pandemije je jedan znatan broj djece odustao od sporta jer nije mogao trenirati. U vremenu koje je ispred nas, nadam se obi\u010dnoj godini, upravo smo pripremili dio programa da se podr\u017ee klubovi, \u017eenski sport i sport mladih tako da mislimo da je to put kojim treba i\u0107i.<\/p>\n\n\n\n<p>Izvor:hrt.hr<\/p>\n","protected":false},"excerpt":{"rendered":"<p>Godina na izmaku ponovno je bila uspje\u0161na za hrvatski sport. Na Olimpijskim igrama u Tokiju osvojili smo osam odli\u010dja, od toga tri zlata. Ve\u010deras doznajemo tko su najbolji sporta\u0161i u 2021. godini u izboru Hrvatskog olimpijskog odbora.\u00a0 Predsjednik HOO-a Zlatko Mate\u0161a prokomentirao je ovu te\u0161ku, ali opet vrlo produktivnu sportsku godinu. https:\/\/api.hrt.hr\/media\/9a\/79\/matesatvd-20211221191444.mp4 &#8211; Bila je [&hellip;]<\/p>\n","protected":false},"author":2,"featured_media":102286,"comment_status":"closed","ping_status":"closed","sticky":false,"template":"","format":"standard","meta":{"h5ap_radio_sources":[],"footnotes":""},"categories":[7],"tags":[],"class_list":["post-102285","post","type-post","status-publish","format-standard","has-post-thumbnail","hentry","category-sport"],"yoast_head":"<!-- This site is optimized with the Yoast SEO plugin v27.4 - https:\/\/yoast.com\/product\/yoast-seo-wordpress\/ -->\n<title>Mate\u0161a: Nenormalna, ali opet uspje\u0161na godina hrvatskog sporta - RADIO LJUBU\u0160KI<\/title>\n<meta name=\"robots\" content=\"index, follow, max-snippet:-1, max-image-preview:large, max-video-preview:-1\" \/>\n<link rel=\"canonical\" href=\"https:\/\/radioljubuski.ba\/index.php\/2021\/12\/22\/matesa-nenormalna-ali-opet-uspjesna-godina-hrvatskog-sporta\/\" \/>\n<meta property=\"og:locale\" content=\"hr_HR\" \/>\n<meta property=\"og:type\" content=\"article\" \/>\n<meta property=\"og:title\" content=\"Mate\u0161a: Nenormalna, ali opet uspje\u0161na godina hrvatskog sporta - RADIO LJUBU\u0160KI\" \/>\n<meta property=\"og:description\" content=\"Godina na izmaku ponovno je bila uspje\u0161na za hrvatski sport. Na Olimpijskim igrama u Tokiju osvojili smo osam odli\u010dja, od toga tri zlata. Ve\u010deras doznajemo tko su najbolji sporta\u0161i u 2021. godini u izboru Hrvatskog olimpijskog odbora.\u00a0 Predsjednik HOO-a Zlatko Mate\u0161a prokomentirao je ovu te\u0161ku, ali opet vrlo produktivnu sportsku godinu. https:\/\/api.hrt.hr\/media\/9a\/79\/matesatvd-20211221191444.mp4 &#8211; Bila je [&hellip;]\" \/>\n<meta property=\"og:url\" content=\"https:\/\/radioljubuski.ba\/index.php\/2021\/12\/22\/matesa-nenormalna-ali-opet-uspjesna-godina-hrvatskog-sporta\/\" \/>\n<meta property=\"og:site_name\" content=\"RADIO LJUBU\u0160KI\" \/>\n<meta property=\"article:publisher\" content=\"https:\/\/www.facebook.com\/Radiio-Ljubuski-1490835324566332\" \/>\n<meta property=\"article:published_time\" content=\"2021-12-22T00:31:09+00:00\" \/>\n<meta property=\"article:modified_time\" content=\"2021-12-22T00:31:10+00:00\" \/>\n<meta property=\"og:image\" content=\"https:\/\/radioljubuski.ba\/wp-content\/uploads\/2021\/12\/matesa-1.jpg\" \/>\n\t<meta property=\"og:image:width\" content=\"1280\" \/>\n\t<meta property=\"og:image:height\" content=\"720\" \/>\n\t<meta property=\"og:image:type\" content=\"image\/jpeg\" \/>\n<meta name=\"author\" content=\"Radio Ljubu\u0161ki\" \/>\n<meta name=\"twitter:card\" content=\"summary_large_image\" \/>\n<meta name=\"twitter:creator\" content=\"@radioljubuski\" \/>\n<meta name=\"twitter:site\" content=\"@radioljubuski\" \/>\n<meta name=\"twitter:label1\" content=\"Napisao\/la\" \/>\n\t<meta name=\"twitter:data1\" content=\"Radio Ljubu\u0161ki\" \/>\n\t<meta name=\"twitter:label2\" content=\"Procijenjeno vrijeme \u010ditanja\" \/>\n\t<meta name=\"twitter:data2\" content=\"2 minute\" \/>\n<script type=\"application\/ld+json\" class=\"yoast-schema-graph\">{\"@context\":\"https:\\\/\\\/schema.org\",\"@graph\":[{\"@type\":\"Article\",\"@id\":\"https:\\\/\\\/radioljubuski.ba\\\/index.php\\\/2021\\\/12\\\/22\\\/matesa-nenormalna-ali-opet-uspjesna-godina-hrvatskog-sporta\\\/#article\",\"isPartOf\":{\"@id\":\"https:\\\/\\\/radioljubuski.ba\\\/index.php\\\/2021\\\/12\\\/22\\\/matesa-nenormalna-ali-opet-uspjesna-godina-hrvatskog-sporta\\\/\"},\"author\":{\"name\":\"Radio Ljubu\u0161ki\",\"@id\":\"https:\\\/\\\/radioljubuski.ba\\\/#\\\/schema\\\/person\\\/19fc700381a780f69665d7956c469e3b\"},\"headline\":\"Mate\u0161a: Nenormalna, ali opet uspje\u0161na godina hrvatskog sporta\",\"datePublished\":\"2021-12-22T00:31:09+00:00\",\"dateModified\":\"2021-12-22T00:31:10+00:00\",\"mainEntityOfPage\":{\"@id\":\"https:\\\/\\\/radioljubuski.ba\\\/index.php\\\/2021\\\/12\\\/22\\\/matesa-nenormalna-ali-opet-uspjesna-godina-hrvatskog-sporta\\\/\"},\"wordCount\":303,\"publisher\":{\"@id\":\"https:\\\/\\\/radioljubuski.ba\\\/#organization\"},\"image\":{\"@id\":\"https:\\\/\\\/radioljubuski.ba\\\/index.php\\\/2021\\\/12\\\/22\\\/matesa-nenormalna-ali-opet-uspjesna-godina-hrvatskog-sporta\\\/#primaryimage\"},\"thumbnailUrl\":\"https:\\\/\\\/radioljubuski.ba\\\/wp-content\\\/uploads\\\/2021\\\/12\\\/matesa-1.jpg\",\"articleSection\":[\"\u0160port\"],\"inLanguage\":\"hr\"},{\"@type\":\"WebPage\",\"@id\":\"https:\\\/\\\/radioljubuski.ba\\\/index.php\\\/2021\\\/12\\\/22\\\/matesa-nenormalna-ali-opet-uspjesna-godina-hrvatskog-sporta\\\/\",\"url\":\"https:\\\/\\\/radioljubuski.ba\\\/index.php\\\/2021\\\/12\\\/22\\\/matesa-nenormalna-ali-opet-uspjesna-godina-hrvatskog-sporta\\\/\",\"name\":\"Mate\u0161a: Nenormalna, ali opet uspje\u0161na godina hrvatskog sporta - RADIO LJUBU\u0160KI\",\"isPartOf\":{\"@id\":\"https:\\\/\\\/radioljubuski.ba\\\/#website\"},\"primaryImageOfPage\":{\"@id\":\"https:\\\/\\\/radioljubuski.ba\\\/index.php\\\/2021\\\/12\\\/22\\\/matesa-nenormalna-ali-opet-uspjesna-godina-hrvatskog-sporta\\\/#primaryimage\"},\"image\":{\"@id\":\"https:\\\/\\\/radioljubuski.ba\\\/index.php\\\/2021\\\/12\\\/22\\\/matesa-nenormalna-ali-opet-uspjesna-godina-hrvatskog-sporta\\\/#primaryimage\"},\"thumbnailUrl\":\"https:\\\/\\\/radioljubuski.ba\\\/wp-content\\\/uploads\\\/2021\\\/12\\\/matesa-1.jpg\",\"datePublished\":\"2021-12-22T00:31:09+00:00\",\"dateModified\":\"2021-12-22T00:31:10+00:00\",\"breadcrumb\":{\"@id\":\"https:\\\/\\\/radioljubuski.ba\\\/index.php\\\/2021\\\/12\\\/22\\\/matesa-nenormalna-ali-opet-uspjesna-godina-hrvatskog-sporta\\\/#breadcrumb\"},\"inLanguage\":\"hr\",\"potentialAction\":[{\"@type\":\"ReadAction\",\"target\":[\"https:\\\/\\\/radioljubuski.ba\\\/index.php\\\/2021\\\/12\\\/22\\\/matesa-nenormalna-ali-opet-uspjesna-godina-hrvatskog-sporta\\\/\"]}]},{\"@type\":\"ImageObject\",\"inLanguage\":\"hr\",\"@id\":\"https:\\\/\\\/radioljubuski.ba\\\/index.php\\\/2021\\\/12\\\/22\\\/matesa-nenormalna-ali-opet-uspjesna-godina-hrvatskog-sporta\\\/#primaryimage\",\"url\":\"https:\\\/\\\/radioljubuski.ba\\\/wp-content\\\/uploads\\\/2021\\\/12\\\/matesa-1.jpg\",\"contentUrl\":\"https:\\\/\\\/radioljubuski.ba\\\/wp-content\\\/uploads\\\/2021\\\/12\\\/matesa-1.jpg\",\"width\":1280,\"height\":720},{\"@type\":\"BreadcrumbList\",\"@id\":\"https:\\\/\\\/radioljubuski.ba\\\/index.php\\\/2021\\\/12\\\/22\\\/matesa-nenormalna-ali-opet-uspjesna-godina-hrvatskog-sporta\\\/#breadcrumb\",\"itemListElement\":[{\"@type\":\"ListItem\",\"position\":1,\"name\":\"Po\u010detna stranica\",\"item\":\"https:\\\/\\\/radioljubuski.ba\\\/\"},{\"@type\":\"ListItem\",\"position\":2,\"name\":\"Mate\u0161a: Nenormalna, ali opet uspje\u0161na godina hrvatskog sporta\"}]},{\"@type\":\"WebSite\",\"@id\":\"https:\\\/\\\/radioljubuski.ba\\\/#website\",\"url\":\"https:\\\/\\\/radioljubuski.ba\\\/\",\"name\":\"Radio Ljubu\u0161ki\",\"description\":\"Sun\u010dana frekvencija Hercegovine\",\"publisher\":{\"@id\":\"https:\\\/\\\/radioljubuski.ba\\\/#organization\"},\"potentialAction\":[{\"@type\":\"SearchAction\",\"target\":{\"@type\":\"EntryPoint\",\"urlTemplate\":\"https:\\\/\\\/radioljubuski.ba\\\/?s={search_term_string}\"},\"query-input\":{\"@type\":\"PropertyValueSpecification\",\"valueRequired\":true,\"valueName\":\"search_term_string\"}}],\"inLanguage\":\"hr\"},{\"@type\":\"Organization\",\"@id\":\"https:\\\/\\\/radioljubuski.ba\\\/#organization\",\"name\":\"Radio Ljubu\u0161ki\",\"url\":\"https:\\\/\\\/radioljubuski.ba\\\/\",\"logo\":{\"@type\":\"ImageObject\",\"inLanguage\":\"hr\",\"@id\":\"https:\\\/\\\/radioljubuski.ba\\\/#\\\/schema\\\/logo\\\/image\\\/\",\"url\":\"https:\\\/\\\/radioljubuski.ba\\\/wp-content\\\/uploads\\\/2021\\\/02\\\/cropped-Radio_Ljubuski_logo1.jpg\",\"contentUrl\":\"https:\\\/\\\/radioljubuski.ba\\\/wp-content\\\/uploads\\\/2021\\\/02\\\/cropped-Radio_Ljubuski_logo1.jpg\",\"width\":512,\"height\":512,\"caption\":\"Radio Ljubu\u0161ki\"},\"image\":{\"@id\":\"https:\\\/\\\/radioljubuski.ba\\\/#\\\/schema\\\/logo\\\/image\\\/\"},\"sameAs\":[\"https:\\\/\\\/www.facebook.com\\\/Radiio-Ljubuski-1490835324566332\",\"https:\\\/\\\/x.com\\\/radioljubuski\",\"https:\\\/\\\/hr.linkedin.com\\\/company\\\/radio-ljubuski\",\"https:\\\/\\\/www.youtube.com\\\/channel\\\/UCHYaeO_n0Db3tjNGudGpXyw\"]},{\"@type\":\"Person\",\"@id\":\"https:\\\/\\\/radioljubuski.ba\\\/#\\\/schema\\\/person\\\/19fc700381a780f69665d7956c469e3b\",\"name\":\"Radio Ljubu\u0161ki\"}]}<\/script>\n<!-- \/ Yoast SEO plugin. -->","yoast_head_json":{"title":"Mate\u0161a: Nenormalna, ali opet uspje\u0161na godina hrvatskog sporta - RADIO LJUBU\u0160KI","robots":{"index":"index","follow":"follow","max-snippet":"max-snippet:-1","max-image-preview":"max-image-preview:large","max-video-preview":"max-video-preview:-1"},"canonical":"https:\/\/radioljubuski.ba\/index.php\/2021\/12\/22\/matesa-nenormalna-ali-opet-uspjesna-godina-hrvatskog-sporta\/","og_locale":"hr_HR","og_type":"article","og_title":"Mate\u0161a: Nenormalna, ali opet uspje\u0161na godina hrvatskog sporta - RADIO LJUBU\u0160KI","og_description":"Godina na izmaku ponovno je bila uspje\u0161na za hrvatski sport. Na Olimpijskim igrama u Tokiju osvojili smo osam odli\u010dja, od toga tri zlata. Ve\u010deras doznajemo tko su najbolji sporta\u0161i u 2021. godini u izboru Hrvatskog olimpijskog odbora.\u00a0 Predsjednik HOO-a Zlatko Mate\u0161a prokomentirao je ovu te\u0161ku, ali opet vrlo produktivnu sportsku godinu. https:\/\/api.hrt.hr\/media\/9a\/79\/matesatvd-20211221191444.mp4 &#8211; Bila je [&hellip;]","og_url":"https:\/\/radioljubuski.ba\/index.php\/2021\/12\/22\/matesa-nenormalna-ali-opet-uspjesna-godina-hrvatskog-sporta\/","og_site_name":"RADIO LJUBU\u0160KI","article_publisher":"https:\/\/www.facebook.com\/Radiio-Ljubuski-1490835324566332","article_published_time":"2021-12-22T00:31:09+00:00","article_modified_time":"2021-12-22T00:31:10+00:00","og_image":[{"width":1280,"height":720,"url":"https:\/\/radioljubuski.ba\/wp-content\/uploads\/2021\/12\/matesa-1.jpg","type":"image\/jpeg"}],"author":"Radio Ljubu\u0161ki","twitter_card":"summary_large_image","twitter_creator":"@radioljubuski","twitter_site":"@radioljubuski","twitter_misc":{"Napisao\/la":"Radio Ljubu\u0161ki","Procijenjeno vrijeme \u010ditanja":"2 minute"},"schema":{"@context":"https:\/\/schema.org","@graph":[{"@type":"Article","@id":"https:\/\/radioljubuski.ba\/index.php\/2021\/12\/22\/matesa-nenormalna-ali-opet-uspjesna-godina-hrvatskog-sporta\/#article","isPartOf":{"@id":"https:\/\/radioljubuski.ba\/index.php\/2021\/12\/22\/matesa-nenormalna-ali-opet-uspjesna-godina-hrvatskog-sporta\/"},"author":{"name":"Radio Ljubu\u0161ki","@id":"https:\/\/radioljubuski.ba\/#\/schema\/person\/19fc700381a780f69665d7956c469e3b"},"headline":"Mate\u0161a: Nenormalna, ali opet uspje\u0161na godina hrvatskog sporta","datePublished":"2021-12-22T00:31:09+00:00","dateModified":"2021-12-22T00:31:10+00:00","mainEntityOfPage":{"@id":"https:\/\/radioljubuski.ba\/index.php\/2021\/12\/22\/matesa-nenormalna-ali-opet-uspjesna-godina-hrvatskog-sporta\/"},"wordCount":303,"publisher":{"@id":"https:\/\/radioljubuski.ba\/#organization"},"image":{"@id":"https:\/\/radioljubuski.ba\/index.php\/2021\/12\/22\/matesa-nenormalna-ali-opet-uspjesna-godina-hrvatskog-sporta\/#primaryimage"},"thumbnailUrl":"https:\/\/radioljubuski.ba\/wp-content\/uploads\/2021\/12\/matesa-1.jpg","articleSection":["\u0160port"],"inLanguage":"hr"},{"@type":"WebPage","@id":"https:\/\/radioljubuski.ba\/index.php\/2021\/12\/22\/matesa-nenormalna-ali-opet-uspjesna-godina-hrvatskog-sporta\/","url":"https:\/\/radioljubuski.ba\/index.php\/2021\/12\/22\/matesa-nenormalna-ali-opet-uspjesna-godina-hrvatskog-sporta\/","name":"Mate\u0161a: Nenormalna, ali opet uspje\u0161na godina hrvatskog sporta - RADIO LJUBU\u0160KI","isPartOf":{"@id":"https:\/\/radioljubuski.ba\/#website"},"primaryImageOfPage":{"@id":"https:\/\/radioljubuski.ba\/index.php\/2021\/12\/22\/matesa-nenormalna-ali-opet-uspjesna-godina-hrvatskog-sporta\/#primaryimage"},"image":{"@id":"https:\/\/radioljubuski.ba\/index.php\/2021\/12\/22\/matesa-nenormalna-ali-opet-uspjesna-godina-hrvatskog-sporta\/#primaryimage"},"thumbnailUrl":"https:\/\/radioljubuski.ba\/wp-content\/uploads\/2021\/12\/matesa-1.jpg","datePublished":"2021-12-22T00:31:09+00:00","dateModified":"2021-12-22T00:31:10+00:00","breadcrumb":{"@id":"https:\/\/radioljubuski.ba\/index.php\/2021\/12\/22\/matesa-nenormalna-ali-opet-uspjesna-godina-hrvatskog-sporta\/#breadcrumb"},"inLanguage":"hr","potentialAction":[{"@type":"ReadAction","target":["https:\/\/radioljubuski.ba\/index.php\/2021\/12\/22\/matesa-nenormalna-ali-opet-uspjesna-godina-hrvatskog-sporta\/"]}]},{"@type":"ImageObject","inLanguage":"hr","@id":"https:\/\/radioljubuski.ba\/index.php\/2021\/12\/22\/matesa-nenormalna-ali-opet-uspjesna-godina-hrvatskog-sporta\/#primaryimage","url":"https:\/\/radioljubuski.ba\/wp-content\/uploads\/2021\/12\/matesa-1.jpg","contentUrl":"https:\/\/radioljubuski.ba\/wp-content\/uploads\/2021\/12\/matesa-1.jpg","width":1280,"height":720},{"@type":"BreadcrumbList","@id":"https:\/\/radioljubuski.ba\/index.php\/2021\/12\/22\/matesa-nenormalna-ali-opet-uspjesna-godina-hrvatskog-sporta\/#breadcrumb","itemListElement":[{"@type":"ListItem","position":1,"name":"Po\u010detna stranica","item":"https:\/\/radioljubuski.ba\/"},{"@type":"ListItem","position":2,"name":"Mate\u0161a: Nenormalna, ali opet uspje\u0161na godina hrvatskog sporta"}]},{"@type":"WebSite","@id":"https:\/\/radioljubuski.ba\/#website","url":"https:\/\/radioljubuski.ba\/","name":"Radio Ljubu\u0161ki","description":"Sun\u010dana frekvencija Hercegovine","publisher":{"@id":"https:\/\/radioljubuski.ba\/#organization"},"potentialAction":[{"@type":"SearchAction","target":{"@type":"EntryPoint","urlTemplate":"https:\/\/radioljubuski.ba\/?s={search_term_string}"},"query-input":{"@type":"PropertyValueSpecification","valueRequired":true,"valueName":"search_term_string"}}],"inLanguage":"hr"},{"@type":"Organization","@id":"https:\/\/radioljubuski.ba\/#organization","name":"Radio Ljubu\u0161ki","url":"https:\/\/radioljubuski.ba\/","logo":{"@type":"ImageObject","inLanguage":"hr","@id":"https:\/\/radioljubuski.ba\/#\/schema\/logo\/image\/","url":"https:\/\/radioljubuski.ba\/wp-content\/uploads\/2021\/02\/cropped-Radio_Ljubuski_logo1.jpg","contentUrl":"https:\/\/radioljubuski.ba\/wp-content\/uploads\/2021\/02\/cropped-Radio_Ljubuski_logo1.jpg","width":512,"height":512,"caption":"Radio Ljubu\u0161ki"},"image":{"@id":"https:\/\/radioljubuski.ba\/#\/schema\/logo\/image\/"},"sameAs":["https:\/\/www.facebook.com\/Radiio-Ljubuski-1490835324566332","https:\/\/x.com\/radioljubuski","https:\/\/hr.linkedin.com\/company\/radio-ljubuski","https:\/\/www.youtube.com\/channel\/UCHYaeO_n0Db3tjNGudGpXyw"]},{"@type":"Person","@id":"https:\/\/radioljubuski.ba\/#\/schema\/person\/19fc700381a780f69665d7956c469e3b","name":"Radio Ljubu\u0161ki"}]}},"_links":{"self":[{"href":"https:\/\/radioljubuski.ba\/index.php\/wp-json\/wp\/v2\/posts\/102285","targetHints":{"allow":["GET"]}}],"collection":[{"href":"https:\/\/radioljubuski.ba\/index.php\/wp-json\/wp\/v2\/posts"}],"about":[{"href":"https:\/\/radioljubuski.ba\/index.php\/wp-json\/wp\/v2\/types\/post"}],"author":[{"embeddable":true,"href":"https:\/\/radioljubuski.ba\/index.php\/wp-json\/wp\/v2\/users\/2"}],"replies":[{"embeddable":true,"href":"https:\/\/radioljubuski.ba\/index.php\/wp-json\/wp\/v2\/comments?post=102285"}],"version-history":[{"count":1,"href":"https:\/\/radioljubuski.ba\/index.php\/wp-json\/wp\/v2\/posts\/102285\/revisions"}],"predecessor-version":[{"id":102287,"href":"https:\/\/radioljubuski.ba\/index.php\/wp-json\/wp\/v2\/posts\/102285\/revisions\/102287"}],"wp:featuredmedia":[{"embeddable":true,"href":"https:\/\/radioljubuski.ba\/index.php\/wp-json\/wp\/v2\/media\/102286"}],"wp:attachment":[{"href":"https:\/\/radioljubuski.ba\/index.php\/wp-json\/wp\/v2\/media?parent=102285"}],"wp:term":[{"taxonomy":"category","embeddable":true,"href":"https:\/\/radioljubuski.ba\/index.php\/wp-json\/wp\/v2\/categories?post=102285"},{"taxonomy":"post_tag","embeddable":true,"href":"https:\/\/radioljubuski.ba\/index.php\/wp-json\/wp\/v2\/tags?post=102285"}],"curies":[{"name":"wp","href":"https:\/\/api.w.org\/{rel}","templated":true}]}}