{"id":102288,"date":"2021-12-22T01:35:15","date_gmt":"2021-12-22T00:35:15","guid":{"rendered":"https:\/\/radioljubuski.ba\/?p=102288"},"modified":"2021-12-22T01:35:16","modified_gmt":"2021-12-22T00:35:16","slug":"hoo-u-nije-bilo-lako-odluciti-sjajna-godina-za-hrvatski-sport","status":"publish","type":"post","link":"https:\/\/radioljubuski.ba\/index.php\/2021\/12\/22\/hoo-u-nije-bilo-lako-odluciti-sjajna-godina-za-hrvatski-sport\/","title":{"rendered":"HOO-u nije bilo lako odlu\u010diti &#8211; sjajna godina za hrvatski sport"},"content":{"rendered":"\n<p><strong>Osvaja\u010dica olimpijskog zlata u taekwondou Matea Jeli\u0107 i olimpijski doprvak u jedrenju Ton\u010di Stipanovi\u0107 progla\u0161eni su najboljim sporta\u0161ima u 2021. u izboru Hrvatskog olimpijskog odbora, a nagrade su im uru\u010dene na sve\u010danosti Velikog dana hrvatskog sporta u Kristalnoj dvorani zagreba\u010dkog hotela The Westin.<\/strong><\/p>\n\n\n\n<p>Jeli\u0107 je osim olimpijskog zlata u Tokiju osvojila i naslov europske prvakinje, a uz ponovno osvojeno olimpijsko srebro u klasi Laser, Stipanovi\u0107 je u godini na izmaku postao i vlasnik bronce na Svjetskom prvenstvu u Barceloni. Zanimljivo je da su oboje bili progla\u0161eni sporta\u0161ima godine i 2020. kada je Jeli\u0107 nagradu podijelila s d\u017euda\u0161icom&nbsp;<strong>Karlom Prodan<\/strong>.<\/p>\n\n\n\n<p>Jeli\u0107 je nagradu osvojila u konkurenciji devet sporta\u0161ica, a Stipanovi\u0107 je imao jo\u0161 11 konkurenata za najboljeg pojedinca.<\/p>\n\n\n\n<p>&#8211; Velika mi je \u010dast primiti ovu nagradu, svjesna sam veli\u010dine imena sporta\u0161a koji su prije mene stajali ovdje. Nadam se da \u0107u u godinama koje dolaze dokazati da vrijedim jo\u0161 vi\u0161e, rekla je mlada Kninjanka koja je u ovom izboru slavila i pro\u0161le godine.<\/p>\n\n\n\n<p>&#8211; Pro\u0161le godine sam tako\u0111er progla\u0161ena najboljom sporta\u0161icom, ali sve je bilo online. Tako da sam tek sada vidjela kako je sve ovo lijepo i predivno. Nadam se da \u0107u jo\u0161 par godina osvajati ovu nagradu, dodala je Matea sa smije\u0161kom.<\/p>\n\n\n\n<iframe loading=\"lazy\" src=\"https:\/\/www.facebook.com\/plugins\/video.php?height=476&#038;href=https%3A%2F%2Fwww.facebook.com%2FHRTsport%2Fvideos%2F931103227515432%2F&#038;show_text=false&#038;width=476&#038;t=0\" width=\"476\" height=\"476\" style=\"border:none;overflow:hidden\" scrolling=\"no\" frameborder=\"0\" allowfullscreen=\"true\" allow=\"autoplay; clipboard-write; encrypted-media; picture-in-picture; web-share\" allowFullScreen=\"true\"><\/iframe>\n\n\n\n<p>Stipanovi\u0107 je istaknuo kako je ponosan zbog osvojene nagrade u jakoj konkurenciji.<\/p>\n\n\n\n<p>&#8211; Stvarno sam ponosan na ovu nagradu. Znam da HOO-u nije bilo lako pored svih ovih sjajnih rezultata i u ovako uspje\u0161noj godini za hrvatski sport, naglasio je Stipanovi\u0107.<\/p>\n\n\n\n<p>&#8211; Nadam se kako \u0107u kroz idu\u0107i olimpijski ciklus imati jo\u0161 koji put priliku obratiti vam se s ovog mjesta, dodao je.<\/p>\n\n\n\n<iframe loading=\"lazy\" src=\"https:\/\/www.facebook.com\/plugins\/video.php?height=476&#038;href=https%3A%2F%2Fwww.facebook.com%2FHRTsport%2Fvideos%2F773093463542321%2F&#038;show_text=false&#038;width=476&#038;t=0\" width=\"476\" height=\"476\" style=\"border:none;overflow:hidden\" scrolling=\"no\" frameborder=\"0\" allowfullscreen=\"true\" allow=\"autoplay; clipboard-write; encrypted-media; picture-in-picture; web-share\" allowFullScreen=\"true\"><\/iframe>\n\n\n\n<p>Prema kriterijima HOO-a vesla\u010dka bra\u0107a\u00a0<strong>Martin\u00a0<\/strong>i\u00a0<strong>Valent Sinkovi\u0107<\/strong>, olimpijski pobjednici i europski prvaci u dvojcu bez kormilara te ukupni pobjednici Svjetskog kupa, pobijedili su najbolji teniski par svijeta, olimpijske i wimbledonske pobjednike\u00a0<strong>Nikolu Mekti\u0107a\u00a0<\/strong>i\u00a0<strong>Matu Pavi\u0107a<\/strong>, u izboru za najbolji par, \u0161tafetu ili posadu.<\/p>\n\n\n\n<iframe loading=\"lazy\" src=\"https:\/\/www.facebook.com\/plugins\/video.php?height=476&#038;href=https%3A%2F%2Fwww.facebook.com%2FHRTsport%2Fvideos%2F1340148816501633%2F&#038;show_text=false&#038;width=476&#038;t=0\" width=\"476\" height=\"476\" style=\"border:none;overflow:hidden\" scrolling=\"no\" frameborder=\"0\" allowfullscreen=\"true\" allow=\"autoplay; clipboard-write; encrypted-media; picture-in-picture; web-share\" allowFullScreen=\"true\"><\/iframe>\n\n\n\n<p>Bra\u0107a Martin i Valent Sinkovi\u0107 su se ve\u0107 11. put u posljednjih 12 izbora na\u0161li me\u0111u dobitnicima ove nagrade. Od 2010. do 2013. triput su osvojili nagradu kao dio trofejnog \u010detverca na pari\u0107e, a osam puta su je dobili u dvojcu (triput u dvojcu na pari\u0107e i pet puta u dvojcu bez kormilara). Pavi\u0107u i Mekti\u0107u je dodijeljena nagrada za &#8220;najve\u0107e sportske promicatelje u svijetu&#8221;.<\/p>\n\n\n\n<p>&#8211; \u017delim se zahvaliti treneru&nbsp;<strong>Brali\u0107u<\/strong>&nbsp;jer bez njega ne bi mogli sve ove godine pobje\u0111ivati, kazao je Martin dodav\u0161i: &#8211; Bilo je to ne\u0161to posebno, drugo olimpijsko zlato, ali jo\u0161 smo gladni za dalje.<\/p>\n\n\n\n<p>Njegov brat Valent \u017eelio se zahvaliti onima kojima se do sada nikada nije zahvalio: &#8211; Misiji HOO-a, ljudima koji su s nama na OI. Stvarno paze da nam ni\u010dega ne nedostaje, a ponekad s nama sporta\u0161ima nije lako. Posebno u ovoj pandemijskoj godini.<\/p>\n\n\n\n<figure class=\"wp-block-image\"><img decoding=\"async\" src=\"https:\/\/api.hrt.hr\/media\/09\/a4\/740x438-veliki-dan-hrvatskog-sporta-hoo-frame-93380-20211221205054.png\" alt=\"\"\/><\/figure>\n\n\n\n<figure class=\"wp-block-image\"><img decoding=\"async\" src=\"https:\/\/api.hrt.hr\/media\/bb\/3f\/740x438-veliki-dan-hrvatskog-sporta-hoo-frame-65101-20211221200102.png\" alt=\"\"\/><\/figure>\n\n\n\n<figure class=\"wp-block-image\"><img decoding=\"async\" src=\"https:\/\/api.hrt.hr\/media\/ba\/f5\/740x438-veliki-dan-hrvatskog-sporta-hoo-frame-89591-20211221205117.png\" alt=\"\"\/><\/figure>\n\n\n\n<p>Izvor:hrt.hr<\/p>\n","protected":false},"excerpt":{"rendered":"<p>Osvaja\u010dica olimpijskog zlata u taekwondou Matea Jeli\u0107 i olimpijski doprvak u jedrenju Ton\u010di Stipanovi\u0107 progla\u0161eni su najboljim sporta\u0161ima u 2021. u izboru Hrvatskog olimpijskog odbora, a nagrade su im uru\u010dene na sve\u010danosti Velikog dana hrvatskog sporta u Kristalnoj dvorani zagreba\u010dkog hotela The Westin. Jeli\u0107 je osim olimpijskog zlata u Tokiju osvojila i naslov europske prvakinje, [&hellip;]<\/p>\n","protected":false},"author":2,"featured_media":102289,"comment_status":"closed","ping_status":"closed","sticky":false,"template":"","format":"standard","meta":{"h5ap_radio_sources":[],"footnotes":""},"categories":[7],"tags":[],"class_list":["post-102288","post","type-post","status-publish","format-standard","has-post-thumbnail","hentry","category-sport"],"yoast_head":"<!-- This site is optimized with the Yoast SEO plugin v27.5 - https:\/\/yoast.com\/product\/yoast-seo-wordpress\/ -->\n<title>HOO-u nije bilo lako odlu\u010diti - sjajna godina za hrvatski sport - RADIO LJUBU\u0160KI<\/title>\n<meta name=\"robots\" content=\"index, follow, max-snippet:-1, max-image-preview:large, max-video-preview:-1\" \/>\n<link rel=\"canonical\" href=\"https:\/\/radioljubuski.ba\/index.php\/2021\/12\/22\/hoo-u-nije-bilo-lako-odluciti-sjajna-godina-za-hrvatski-sport\/\" \/>\n<meta property=\"og:locale\" content=\"hr_HR\" \/>\n<meta property=\"og:type\" content=\"article\" \/>\n<meta property=\"og:title\" content=\"HOO-u nije bilo lako odlu\u010diti - sjajna godina za hrvatski sport - RADIO LJUBU\u0160KI\" \/>\n<meta property=\"og:description\" content=\"Osvaja\u010dica olimpijskog zlata u taekwondou Matea Jeli\u0107 i olimpijski doprvak u jedrenju Ton\u010di Stipanovi\u0107 progla\u0161eni su najboljim sporta\u0161ima u 2021. u izboru Hrvatskog olimpijskog odbora, a nagrade su im uru\u010dene na sve\u010danosti Velikog dana hrvatskog sporta u Kristalnoj dvorani zagreba\u010dkog hotela The Westin. Jeli\u0107 je osim olimpijskog zlata u Tokiju osvojila i naslov europske prvakinje, [&hellip;]\" \/>\n<meta property=\"og:url\" content=\"https:\/\/radioljubuski.ba\/index.php\/2021\/12\/22\/hoo-u-nije-bilo-lako-odluciti-sjajna-godina-za-hrvatski-sport\/\" \/>\n<meta property=\"og:site_name\" content=\"RADIO LJUBU\u0160KI\" \/>\n<meta property=\"article:publisher\" content=\"https:\/\/www.facebook.com\/Radiio-Ljubuski-1490835324566332\" \/>\n<meta property=\"article:published_time\" content=\"2021-12-22T00:35:15+00:00\" \/>\n<meta property=\"article:modified_time\" content=\"2021-12-22T00:35:16+00:00\" \/>\n<meta property=\"og:image\" content=\"https:\/\/radioljubuski.ba\/wp-content\/uploads\/2021\/12\/pxl-211221-91240057.jpg\" \/>\n\t<meta property=\"og:image:width\" content=\"622\" \/>\n\t<meta property=\"og:image:height\" content=\"414\" \/>\n\t<meta property=\"og:image:type\" content=\"image\/jpeg\" \/>\n<meta name=\"author\" content=\"Radio Ljubu\u0161ki\" \/>\n<meta name=\"twitter:card\" content=\"summary_large_image\" \/>\n<meta name=\"twitter:creator\" content=\"@radioljubuski\" \/>\n<meta name=\"twitter:site\" content=\"@radioljubuski\" \/>\n<meta name=\"twitter:label1\" content=\"Napisao\/la\" \/>\n\t<meta name=\"twitter:data1\" content=\"Radio Ljubu\u0161ki\" \/>\n\t<meta name=\"twitter:label2\" content=\"Procijenjeno vrijeme \u010ditanja\" \/>\n\t<meta name=\"twitter:data2\" content=\"3 minute\" \/>\n<script type=\"application\/ld+json\" class=\"yoast-schema-graph\">{\"@context\":\"https:\\\/\\\/schema.org\",\"@graph\":[{\"@type\":\"Article\",\"@id\":\"https:\\\/\\\/radioljubuski.ba\\\/index.php\\\/2021\\\/12\\\/22\\\/hoo-u-nije-bilo-lako-odluciti-sjajna-godina-za-hrvatski-sport\\\/#article\",\"isPartOf\":{\"@id\":\"https:\\\/\\\/radioljubuski.ba\\\/index.php\\\/2021\\\/12\\\/22\\\/hoo-u-nije-bilo-lako-odluciti-sjajna-godina-za-hrvatski-sport\\\/\"},\"author\":{\"name\":\"Radio Ljubu\u0161ki\",\"@id\":\"https:\\\/\\\/radioljubuski.ba\\\/#\\\/schema\\\/person\\\/19fc700381a780f69665d7956c469e3b\"},\"headline\":\"HOO-u nije bilo lako odlu\u010diti &#8211; sjajna godina za hrvatski sport\",\"datePublished\":\"2021-12-22T00:35:15+00:00\",\"dateModified\":\"2021-12-22T00:35:16+00:00\",\"mainEntityOfPage\":{\"@id\":\"https:\\\/\\\/radioljubuski.ba\\\/index.php\\\/2021\\\/12\\\/22\\\/hoo-u-nije-bilo-lako-odluciti-sjajna-godina-za-hrvatski-sport\\\/\"},\"wordCount\":507,\"publisher\":{\"@id\":\"https:\\\/\\\/radioljubuski.ba\\\/#organization\"},\"image\":{\"@id\":\"https:\\\/\\\/radioljubuski.ba\\\/index.php\\\/2021\\\/12\\\/22\\\/hoo-u-nije-bilo-lako-odluciti-sjajna-godina-za-hrvatski-sport\\\/#primaryimage\"},\"thumbnailUrl\":\"https:\\\/\\\/radioljubuski.ba\\\/wp-content\\\/uploads\\\/2021\\\/12\\\/pxl-211221-91240057.jpg\",\"articleSection\":[\"\u0160port\"],\"inLanguage\":\"hr\"},{\"@type\":\"WebPage\",\"@id\":\"https:\\\/\\\/radioljubuski.ba\\\/index.php\\\/2021\\\/12\\\/22\\\/hoo-u-nije-bilo-lako-odluciti-sjajna-godina-za-hrvatski-sport\\\/\",\"url\":\"https:\\\/\\\/radioljubuski.ba\\\/index.php\\\/2021\\\/12\\\/22\\\/hoo-u-nije-bilo-lako-odluciti-sjajna-godina-za-hrvatski-sport\\\/\",\"name\":\"HOO-u nije bilo lako odlu\u010diti - sjajna godina za hrvatski sport - RADIO LJUBU\u0160KI\",\"isPartOf\":{\"@id\":\"https:\\\/\\\/radioljubuski.ba\\\/#website\"},\"primaryImageOfPage\":{\"@id\":\"https:\\\/\\\/radioljubuski.ba\\\/index.php\\\/2021\\\/12\\\/22\\\/hoo-u-nije-bilo-lako-odluciti-sjajna-godina-za-hrvatski-sport\\\/#primaryimage\"},\"image\":{\"@id\":\"https:\\\/\\\/radioljubuski.ba\\\/index.php\\\/2021\\\/12\\\/22\\\/hoo-u-nije-bilo-lako-odluciti-sjajna-godina-za-hrvatski-sport\\\/#primaryimage\"},\"thumbnailUrl\":\"https:\\\/\\\/radioljubuski.ba\\\/wp-content\\\/uploads\\\/2021\\\/12\\\/pxl-211221-91240057.jpg\",\"datePublished\":\"2021-12-22T00:35:15+00:00\",\"dateModified\":\"2021-12-22T00:35:16+00:00\",\"breadcrumb\":{\"@id\":\"https:\\\/\\\/radioljubuski.ba\\\/index.php\\\/2021\\\/12\\\/22\\\/hoo-u-nije-bilo-lako-odluciti-sjajna-godina-za-hrvatski-sport\\\/#breadcrumb\"},\"inLanguage\":\"hr\",\"potentialAction\":[{\"@type\":\"ReadAction\",\"target\":[\"https:\\\/\\\/radioljubuski.ba\\\/index.php\\\/2021\\\/12\\\/22\\\/hoo-u-nije-bilo-lako-odluciti-sjajna-godina-za-hrvatski-sport\\\/\"]}]},{\"@type\":\"ImageObject\",\"inLanguage\":\"hr\",\"@id\":\"https:\\\/\\\/radioljubuski.ba\\\/index.php\\\/2021\\\/12\\\/22\\\/hoo-u-nije-bilo-lako-odluciti-sjajna-godina-za-hrvatski-sport\\\/#primaryimage\",\"url\":\"https:\\\/\\\/radioljubuski.ba\\\/wp-content\\\/uploads\\\/2021\\\/12\\\/pxl-211221-91240057.jpg\",\"contentUrl\":\"https:\\\/\\\/radioljubuski.ba\\\/wp-content\\\/uploads\\\/2021\\\/12\\\/pxl-211221-91240057.jpg\",\"width\":622,\"height\":414},{\"@type\":\"BreadcrumbList\",\"@id\":\"https:\\\/\\\/radioljubuski.ba\\\/index.php\\\/2021\\\/12\\\/22\\\/hoo-u-nije-bilo-lako-odluciti-sjajna-godina-za-hrvatski-sport\\\/#breadcrumb\",\"itemListElement\":[{\"@type\":\"ListItem\",\"position\":1,\"name\":\"Po\u010detna stranica\",\"item\":\"https:\\\/\\\/radioljubuski.ba\\\/\"},{\"@type\":\"ListItem\",\"position\":2,\"name\":\"HOO-u nije bilo lako odlu\u010diti &#8211; sjajna godina za hrvatski sport\"}]},{\"@type\":\"WebSite\",\"@id\":\"https:\\\/\\\/radioljubuski.ba\\\/#website\",\"url\":\"https:\\\/\\\/radioljubuski.ba\\\/\",\"name\":\"Radio Ljubu\u0161ki\",\"description\":\"Sun\u010dana frekvencija Hercegovine\",\"publisher\":{\"@id\":\"https:\\\/\\\/radioljubuski.ba\\\/#organization\"},\"potentialAction\":[{\"@type\":\"SearchAction\",\"target\":{\"@type\":\"EntryPoint\",\"urlTemplate\":\"https:\\\/\\\/radioljubuski.ba\\\/?s={search_term_string}\"},\"query-input\":{\"@type\":\"PropertyValueSpecification\",\"valueRequired\":true,\"valueName\":\"search_term_string\"}}],\"inLanguage\":\"hr\"},{\"@type\":\"Organization\",\"@id\":\"https:\\\/\\\/radioljubuski.ba\\\/#organization\",\"name\":\"Radio Ljubu\u0161ki\",\"url\":\"https:\\\/\\\/radioljubuski.ba\\\/\",\"logo\":{\"@type\":\"ImageObject\",\"inLanguage\":\"hr\",\"@id\":\"https:\\\/\\\/radioljubuski.ba\\\/#\\\/schema\\\/logo\\\/image\\\/\",\"url\":\"https:\\\/\\\/radioljubuski.ba\\\/wp-content\\\/uploads\\\/2021\\\/02\\\/cropped-Radio_Ljubuski_logo1.jpg\",\"contentUrl\":\"https:\\\/\\\/radioljubuski.ba\\\/wp-content\\\/uploads\\\/2021\\\/02\\\/cropped-Radio_Ljubuski_logo1.jpg\",\"width\":512,\"height\":512,\"caption\":\"Radio Ljubu\u0161ki\"},\"image\":{\"@id\":\"https:\\\/\\\/radioljubuski.ba\\\/#\\\/schema\\\/logo\\\/image\\\/\"},\"sameAs\":[\"https:\\\/\\\/www.facebook.com\\\/Radiio-Ljubuski-1490835324566332\",\"https:\\\/\\\/x.com\\\/radioljubuski\",\"https:\\\/\\\/hr.linkedin.com\\\/company\\\/radio-ljubuski\",\"https:\\\/\\\/www.youtube.com\\\/channel\\\/UCHYaeO_n0Db3tjNGudGpXyw\"]},{\"@type\":\"Person\",\"@id\":\"https:\\\/\\\/radioljubuski.ba\\\/#\\\/schema\\\/person\\\/19fc700381a780f69665d7956c469e3b\",\"name\":\"Radio Ljubu\u0161ki\"}]}<\/script>\n<!-- \/ Yoast SEO plugin. -->","yoast_head_json":{"title":"HOO-u nije bilo lako odlu\u010diti - sjajna godina za hrvatski sport - RADIO LJUBU\u0160KI","robots":{"index":"index","follow":"follow","max-snippet":"max-snippet:-1","max-image-preview":"max-image-preview:large","max-video-preview":"max-video-preview:-1"},"canonical":"https:\/\/radioljubuski.ba\/index.php\/2021\/12\/22\/hoo-u-nije-bilo-lako-odluciti-sjajna-godina-za-hrvatski-sport\/","og_locale":"hr_HR","og_type":"article","og_title":"HOO-u nije bilo lako odlu\u010diti - sjajna godina za hrvatski sport - RADIO LJUBU\u0160KI","og_description":"Osvaja\u010dica olimpijskog zlata u taekwondou Matea Jeli\u0107 i olimpijski doprvak u jedrenju Ton\u010di Stipanovi\u0107 progla\u0161eni su najboljim sporta\u0161ima u 2021. u izboru Hrvatskog olimpijskog odbora, a nagrade su im uru\u010dene na sve\u010danosti Velikog dana hrvatskog sporta u Kristalnoj dvorani zagreba\u010dkog hotela The Westin. Jeli\u0107 je osim olimpijskog zlata u Tokiju osvojila i naslov europske prvakinje, [&hellip;]","og_url":"https:\/\/radioljubuski.ba\/index.php\/2021\/12\/22\/hoo-u-nije-bilo-lako-odluciti-sjajna-godina-za-hrvatski-sport\/","og_site_name":"RADIO LJUBU\u0160KI","article_publisher":"https:\/\/www.facebook.com\/Radiio-Ljubuski-1490835324566332","article_published_time":"2021-12-22T00:35:15+00:00","article_modified_time":"2021-12-22T00:35:16+00:00","og_image":[{"width":622,"height":414,"url":"https:\/\/radioljubuski.ba\/wp-content\/uploads\/2021\/12\/pxl-211221-91240057.jpg","type":"image\/jpeg"}],"author":"Radio Ljubu\u0161ki","twitter_card":"summary_large_image","twitter_creator":"@radioljubuski","twitter_site":"@radioljubuski","twitter_misc":{"Napisao\/la":"Radio Ljubu\u0161ki","Procijenjeno vrijeme \u010ditanja":"3 minute"},"schema":{"@context":"https:\/\/schema.org","@graph":[{"@type":"Article","@id":"https:\/\/radioljubuski.ba\/index.php\/2021\/12\/22\/hoo-u-nije-bilo-lako-odluciti-sjajna-godina-za-hrvatski-sport\/#article","isPartOf":{"@id":"https:\/\/radioljubuski.ba\/index.php\/2021\/12\/22\/hoo-u-nije-bilo-lako-odluciti-sjajna-godina-za-hrvatski-sport\/"},"author":{"name":"Radio Ljubu\u0161ki","@id":"https:\/\/radioljubuski.ba\/#\/schema\/person\/19fc700381a780f69665d7956c469e3b"},"headline":"HOO-u nije bilo lako odlu\u010diti &#8211; sjajna godina za hrvatski sport","datePublished":"2021-12-22T00:35:15+00:00","dateModified":"2021-12-22T00:35:16+00:00","mainEntityOfPage":{"@id":"https:\/\/radioljubuski.ba\/index.php\/2021\/12\/22\/hoo-u-nije-bilo-lako-odluciti-sjajna-godina-za-hrvatski-sport\/"},"wordCount":507,"publisher":{"@id":"https:\/\/radioljubuski.ba\/#organization"},"image":{"@id":"https:\/\/radioljubuski.ba\/index.php\/2021\/12\/22\/hoo-u-nije-bilo-lako-odluciti-sjajna-godina-za-hrvatski-sport\/#primaryimage"},"thumbnailUrl":"https:\/\/radioljubuski.ba\/wp-content\/uploads\/2021\/12\/pxl-211221-91240057.jpg","articleSection":["\u0160port"],"inLanguage":"hr"},{"@type":"WebPage","@id":"https:\/\/radioljubuski.ba\/index.php\/2021\/12\/22\/hoo-u-nije-bilo-lako-odluciti-sjajna-godina-za-hrvatski-sport\/","url":"https:\/\/radioljubuski.ba\/index.php\/2021\/12\/22\/hoo-u-nije-bilo-lako-odluciti-sjajna-godina-za-hrvatski-sport\/","name":"HOO-u nije bilo lako odlu\u010diti - sjajna godina za hrvatski sport - RADIO LJUBU\u0160KI","isPartOf":{"@id":"https:\/\/radioljubuski.ba\/#website"},"primaryImageOfPage":{"@id":"https:\/\/radioljubuski.ba\/index.php\/2021\/12\/22\/hoo-u-nije-bilo-lako-odluciti-sjajna-godina-za-hrvatski-sport\/#primaryimage"},"image":{"@id":"https:\/\/radioljubuski.ba\/index.php\/2021\/12\/22\/hoo-u-nije-bilo-lako-odluciti-sjajna-godina-za-hrvatski-sport\/#primaryimage"},"thumbnailUrl":"https:\/\/radioljubuski.ba\/wp-content\/uploads\/2021\/12\/pxl-211221-91240057.jpg","datePublished":"2021-12-22T00:35:15+00:00","dateModified":"2021-12-22T00:35:16+00:00","breadcrumb":{"@id":"https:\/\/radioljubuski.ba\/index.php\/2021\/12\/22\/hoo-u-nije-bilo-lako-odluciti-sjajna-godina-za-hrvatski-sport\/#breadcrumb"},"inLanguage":"hr","potentialAction":[{"@type":"ReadAction","target":["https:\/\/radioljubuski.ba\/index.php\/2021\/12\/22\/hoo-u-nije-bilo-lako-odluciti-sjajna-godina-za-hrvatski-sport\/"]}]},{"@type":"ImageObject","inLanguage":"hr","@id":"https:\/\/radioljubuski.ba\/index.php\/2021\/12\/22\/hoo-u-nije-bilo-lako-odluciti-sjajna-godina-za-hrvatski-sport\/#primaryimage","url":"https:\/\/radioljubuski.ba\/wp-content\/uploads\/2021\/12\/pxl-211221-91240057.jpg","contentUrl":"https:\/\/radioljubuski.ba\/wp-content\/uploads\/2021\/12\/pxl-211221-91240057.jpg","width":622,"height":414},{"@type":"BreadcrumbList","@id":"https:\/\/radioljubuski.ba\/index.php\/2021\/12\/22\/hoo-u-nije-bilo-lako-odluciti-sjajna-godina-za-hrvatski-sport\/#breadcrumb","itemListElement":[{"@type":"ListItem","position":1,"name":"Po\u010detna stranica","item":"https:\/\/radioljubuski.ba\/"},{"@type":"ListItem","position":2,"name":"HOO-u nije bilo lako odlu\u010diti &#8211; sjajna godina za hrvatski sport"}]},{"@type":"WebSite","@id":"https:\/\/radioljubuski.ba\/#website","url":"https:\/\/radioljubuski.ba\/","name":"Radio Ljubu\u0161ki","description":"Sun\u010dana frekvencija Hercegovine","publisher":{"@id":"https:\/\/radioljubuski.ba\/#organization"},"potentialAction":[{"@type":"SearchAction","target":{"@type":"EntryPoint","urlTemplate":"https:\/\/radioljubuski.ba\/?s={search_term_string}"},"query-input":{"@type":"PropertyValueSpecification","valueRequired":true,"valueName":"search_term_string"}}],"inLanguage":"hr"},{"@type":"Organization","@id":"https:\/\/radioljubuski.ba\/#organization","name":"Radio Ljubu\u0161ki","url":"https:\/\/radioljubuski.ba\/","logo":{"@type":"ImageObject","inLanguage":"hr","@id":"https:\/\/radioljubuski.ba\/#\/schema\/logo\/image\/","url":"https:\/\/radioljubuski.ba\/wp-content\/uploads\/2021\/02\/cropped-Radio_Ljubuski_logo1.jpg","contentUrl":"https:\/\/radioljubuski.ba\/wp-content\/uploads\/2021\/02\/cropped-Radio_Ljubuski_logo1.jpg","width":512,"height":512,"caption":"Radio Ljubu\u0161ki"},"image":{"@id":"https:\/\/radioljubuski.ba\/#\/schema\/logo\/image\/"},"sameAs":["https:\/\/www.facebook.com\/Radiio-Ljubuski-1490835324566332","https:\/\/x.com\/radioljubuski","https:\/\/hr.linkedin.com\/company\/radio-ljubuski","https:\/\/www.youtube.com\/channel\/UCHYaeO_n0Db3tjNGudGpXyw"]},{"@type":"Person","@id":"https:\/\/radioljubuski.ba\/#\/schema\/person\/19fc700381a780f69665d7956c469e3b","name":"Radio Ljubu\u0161ki"}]}},"_links":{"self":[{"href":"https:\/\/radioljubuski.ba\/index.php\/wp-json\/wp\/v2\/posts\/102288","targetHints":{"allow":["GET"]}}],"collection":[{"href":"https:\/\/radioljubuski.ba\/index.php\/wp-json\/wp\/v2\/posts"}],"about":[{"href":"https:\/\/radioljubuski.ba\/index.php\/wp-json\/wp\/v2\/types\/post"}],"author":[{"embeddable":true,"href":"https:\/\/radioljubuski.ba\/index.php\/wp-json\/wp\/v2\/users\/2"}],"replies":[{"embeddable":true,"href":"https:\/\/radioljubuski.ba\/index.php\/wp-json\/wp\/v2\/comments?post=102288"}],"version-history":[{"count":1,"href":"https:\/\/radioljubuski.ba\/index.php\/wp-json\/wp\/v2\/posts\/102288\/revisions"}],"predecessor-version":[{"id":102290,"href":"https:\/\/radioljubuski.ba\/index.php\/wp-json\/wp\/v2\/posts\/102288\/revisions\/102290"}],"wp:featuredmedia":[{"embeddable":true,"href":"https:\/\/radioljubuski.ba\/index.php\/wp-json\/wp\/v2\/media\/102289"}],"wp:attachment":[{"href":"https:\/\/radioljubuski.ba\/index.php\/wp-json\/wp\/v2\/media?parent=102288"}],"wp:term":[{"taxonomy":"category","embeddable":true,"href":"https:\/\/radioljubuski.ba\/index.php\/wp-json\/wp\/v2\/categories?post=102288"},{"taxonomy":"post_tag","embeddable":true,"href":"https:\/\/radioljubuski.ba\/index.php\/wp-json\/wp\/v2\/tags?post=102288"}],"curies":[{"name":"wp","href":"https:\/\/api.w.org\/{rel}","templated":true}]}}