{"id":102485,"date":"2021-12-22T11:49:58","date_gmt":"2021-12-22T10:49:58","guid":{"rendered":"https:\/\/radioljubuski.ba\/?p=102485"},"modified":"2021-12-22T11:50:00","modified_gmt":"2021-12-22T10:50:00","slug":"rakitic-briljira-u-spanjolskoj-srusio-novi-rekord","status":"publish","type":"post","link":"https:\/\/radioljubuski.ba\/index.php\/2021\/12\/22\/rakitic-briljira-u-spanjolskoj-srusio-novi-rekord\/","title":{"rendered":"Rakiti\u0107 briljira u \u0160panjolskoj, sru\u0161io novi rekord"},"content":{"rendered":"\n<p><strong>Ivan Rakiti\u0107 <\/strong>ponovno je bio u sredi\u0161tu pozornosti ve\u0107 drugo kolo zaredom u La Ligi. Biv\u0161i Vatreni odigrao je jo\u0161 jednu veliku utakmicu protiv svog biv\u0161eg kluba Barcelone.<\/p>\n\n\n\n<p>Rakiti\u0107 je sino\u0107 upisao lijepu asistenciju za vode\u0107i pogodak svoje Seville koji je bio dovoljan za osvajanje iznimno va\u017enog boda u borbi za titulu jer Sevilla igra odli\u010dno ove sezone. Trenutno je druga mom\u010dad na tablici, sa pet bodova zaostatka za vode\u0107im Real Madridom.&nbsp;<\/p>\n\n\n\n<p>Vatreni je sino\u0107 odigrao 70 minuta i upisao svoj 369. nastup u La Ligi \u0161to ga \u010dini nogometa\u0161em s najvi\u0161e nastupa s prostora biv\u0161e Jugoslavije, rekord je dr\u017eao Srbin <strong>Miroslav \u0110uki\u0107<\/strong>,koji je igrao za Deportivo, Valenciju i Tenerife.&nbsp; Rakiti\u0107 je ukupno odigrao 200 utakmica za Barcelonu te 169 za Sevillu.&nbsp;<\/p>\n\n\n\n<p>Podsjetimo kako je Ivan zaklju\u010dio ovu godinu na fantasti\u010dan na\u010din, pro\u0161li vikend zabio je prekrasan gol u pobjedi protiv Atletico Madrida, te sudjelovao u akciji za pobjedni\u010dki gol.\u00a0<\/p>\n\n\n\n<blockquote class=\"twitter-tweet\"><p lang=\"en\" dir=\"ltr\">2021 comes to an end ! Hard fought game ! Thank you, Fans, for your support ! \u2665\ufe0f\u26aa\ufe0f <a href=\"https:\/\/twitter.com\/SevillaFC?ref_src=twsrc%5Etfw\">@SevillaFC<\/a> <a href=\"https:\/\/twitter.com\/hashtag\/vamosmisevilla?src=hash&amp;ref_src=twsrc%5Etfw\">#vamosmisevilla<\/a> <a href=\"https:\/\/twitter.com\/hashtag\/SevillaFCBarca?src=hash&amp;ref_src=twsrc%5Etfw\">#SevillaFCBarca<\/a> <a href=\"https:\/\/twitter.com\/hashtag\/LaLiga?src=hash&amp;ref_src=twsrc%5Etfw\">#LaLiga<\/a> <a href=\"https:\/\/t.co\/0TkxdSZ651\">pic.twitter.com\/0TkxdSZ651<\/a><\/p>&mdash; Ivan Rakitic (@ivanrakitic) <a href=\"https:\/\/twitter.com\/ivanrakitic\/status\/1473438389290426371?ref_src=twsrc%5Etfw\">December 21, 2021<\/a><\/blockquote> <script async src=\"https:\/\/platform.twitter.com\/widgets.js\" charset=\"utf-8\"><\/script> \n\n\n\n<p>\u0160panjolski mediji isti\u010du i dirljivi trenutak sa sino\u0107nje utakmice izme\u0111u nekada\u0161njih suigra\u010da, a danas rivala. Trener Barcelone <strong>Xavi <\/strong>i na\u0161 Rakiti\u0107 razmijenili su srda\u010dan pozdrav prilikom jedne akcije u kojoj se Hrvat na\u0161ao na podu.&nbsp;<\/p>\n\n\n\n<p>Rakiti\u0107 je nedavno nahvalio novog trenera Barce:<\/p>\n\n\n\n<p>&#8211; Toliko sam nau\u010dio od Xavija na terenu i izvan njega, tijekom na\u0161ih gostovanja, u svla\u010dionici. Iskoristio sam svaki trenutak uz njega tijekom te jedne sezone. Ono \u0161to je Xavi dao Barci, svojim suigra\u010dima i navija\u010dima je jedinstveno.<\/p>\n\n\n\n<blockquote class=\"twitter-tweet\"><p lang=\"lt\" dir=\"ltr\">Rakitic \ud83e\udd1d Xavi <a href=\"https:\/\/t.co\/g3D82mXfCW\">pic.twitter.com\/g3D82mXfCW<\/a><\/p>&mdash; Matheo Homerin (@MatheoHomerin) <a href=\"https:\/\/twitter.com\/MatheoHomerin\/status\/1473420873096908805?ref_src=twsrc%5Etfw\">December 21, 2021<\/a><\/blockquote> <script async src=\"https:\/\/platform.twitter.com\/widgets.js\" charset=\"utf-8\"><\/script> \n\n\n\n<p>Izvor:hrt.hr<\/p>\n","protected":false},"excerpt":{"rendered":"<p>Ivan Rakiti\u0107 ponovno je bio u sredi\u0161tu pozornosti ve\u0107 drugo kolo zaredom u La Ligi. Biv\u0161i Vatreni odigrao je jo\u0161 jednu veliku utakmicu protiv svog biv\u0161eg kluba Barcelone. Rakiti\u0107 je sino\u0107 upisao lijepu asistenciju za vode\u0107i pogodak svoje Seville koji je bio dovoljan za osvajanje iznimno va\u017enog boda u borbi za titulu jer Sevilla igra [&hellip;]<\/p>\n","protected":false},"author":2,"featured_media":102486,"comment_status":"closed","ping_status":"closed","sticky":false,"template":"","format":"standard","meta":{"h5ap_radio_sources":[],"footnotes":""},"categories":[7],"tags":[],"class_list":["post-102485","post","type-post","status-publish","format-standard","has-post-thumbnail","hentry","category-sport"],"yoast_head":"<!-- This site is optimized with the Yoast SEO plugin v27.4 - https:\/\/yoast.com\/product\/yoast-seo-wordpress\/ -->\n<title>Rakiti\u0107 briljira u \u0160panjolskoj, sru\u0161io novi rekord - RADIO LJUBU\u0160KI<\/title>\n<meta name=\"robots\" content=\"index, follow, max-snippet:-1, max-image-preview:large, max-video-preview:-1\" \/>\n<link rel=\"canonical\" href=\"https:\/\/radioljubuski.ba\/index.php\/2021\/12\/22\/rakitic-briljira-u-spanjolskoj-srusio-novi-rekord\/\" \/>\n<meta property=\"og:locale\" content=\"hr_HR\" \/>\n<meta property=\"og:type\" content=\"article\" \/>\n<meta property=\"og:title\" content=\"Rakiti\u0107 briljira u \u0160panjolskoj, sru\u0161io novi rekord - RADIO LJUBU\u0160KI\" \/>\n<meta property=\"og:description\" content=\"Ivan Rakiti\u0107 ponovno je bio u sredi\u0161tu pozornosti ve\u0107 drugo kolo zaredom u La Ligi. Biv\u0161i Vatreni odigrao je jo\u0161 jednu veliku utakmicu protiv svog biv\u0161eg kluba Barcelone. Rakiti\u0107 je sino\u0107 upisao lijepu asistenciju za vode\u0107i pogodak svoje Seville koji je bio dovoljan za osvajanje iznimno va\u017enog boda u borbi za titulu jer Sevilla igra [&hellip;]\" \/>\n<meta property=\"og:url\" content=\"https:\/\/radioljubuski.ba\/index.php\/2021\/12\/22\/rakitic-briljira-u-spanjolskoj-srusio-novi-rekord\/\" \/>\n<meta property=\"og:site_name\" content=\"RADIO LJUBU\u0160KI\" \/>\n<meta property=\"article:publisher\" content=\"https:\/\/www.facebook.com\/Radiio-Ljubuski-1490835324566332\" \/>\n<meta property=\"article:published_time\" content=\"2021-12-22T10:49:58+00:00\" \/>\n<meta property=\"article:modified_time\" content=\"2021-12-22T10:50:00+00:00\" \/>\n<meta property=\"og:image\" content=\"https:\/\/radioljubuski.ba\/wp-content\/uploads\/2021\/12\/rakitic-1.jpg\" \/>\n\t<meta property=\"og:image:width\" content=\"2500\" \/>\n\t<meta property=\"og:image:height\" content=\"1801\" \/>\n\t<meta property=\"og:image:type\" content=\"image\/jpeg\" \/>\n<meta name=\"author\" content=\"Radio Ljubu\u0161ki\" \/>\n<meta name=\"twitter:card\" content=\"summary_large_image\" \/>\n<meta name=\"twitter:creator\" content=\"@radioljubuski\" \/>\n<meta name=\"twitter:site\" content=\"@radioljubuski\" \/>\n<meta name=\"twitter:label1\" content=\"Napisao\/la\" \/>\n\t<meta name=\"twitter:data1\" content=\"Radio Ljubu\u0161ki\" \/>\n\t<meta name=\"twitter:label2\" content=\"Procijenjeno vrijeme \u010ditanja\" \/>\n\t<meta name=\"twitter:data2\" content=\"2 minute\" \/>\n<script type=\"application\/ld+json\" class=\"yoast-schema-graph\">{\"@context\":\"https:\\\/\\\/schema.org\",\"@graph\":[{\"@type\":\"Article\",\"@id\":\"https:\\\/\\\/radioljubuski.ba\\\/index.php\\\/2021\\\/12\\\/22\\\/rakitic-briljira-u-spanjolskoj-srusio-novi-rekord\\\/#article\",\"isPartOf\":{\"@id\":\"https:\\\/\\\/radioljubuski.ba\\\/index.php\\\/2021\\\/12\\\/22\\\/rakitic-briljira-u-spanjolskoj-srusio-novi-rekord\\\/\"},\"author\":{\"name\":\"Radio Ljubu\u0161ki\",\"@id\":\"https:\\\/\\\/radioljubuski.ba\\\/#\\\/schema\\\/person\\\/19fc700381a780f69665d7956c469e3b\"},\"headline\":\"Rakiti\u0107 briljira u \u0160panjolskoj, sru\u0161io novi rekord\",\"datePublished\":\"2021-12-22T10:49:58+00:00\",\"dateModified\":\"2021-12-22T10:50:00+00:00\",\"mainEntityOfPage\":{\"@id\":\"https:\\\/\\\/radioljubuski.ba\\\/index.php\\\/2021\\\/12\\\/22\\\/rakitic-briljira-u-spanjolskoj-srusio-novi-rekord\\\/\"},\"wordCount\":310,\"publisher\":{\"@id\":\"https:\\\/\\\/radioljubuski.ba\\\/#organization\"},\"image\":{\"@id\":\"https:\\\/\\\/radioljubuski.ba\\\/index.php\\\/2021\\\/12\\\/22\\\/rakitic-briljira-u-spanjolskoj-srusio-novi-rekord\\\/#primaryimage\"},\"thumbnailUrl\":\"https:\\\/\\\/radioljubuski.ba\\\/wp-content\\\/uploads\\\/2021\\\/12\\\/rakitic-1.jpg\",\"articleSection\":[\"\u0160port\"],\"inLanguage\":\"hr\"},{\"@type\":\"WebPage\",\"@id\":\"https:\\\/\\\/radioljubuski.ba\\\/index.php\\\/2021\\\/12\\\/22\\\/rakitic-briljira-u-spanjolskoj-srusio-novi-rekord\\\/\",\"url\":\"https:\\\/\\\/radioljubuski.ba\\\/index.php\\\/2021\\\/12\\\/22\\\/rakitic-briljira-u-spanjolskoj-srusio-novi-rekord\\\/\",\"name\":\"Rakiti\u0107 briljira u \u0160panjolskoj, sru\u0161io novi rekord - RADIO LJUBU\u0160KI\",\"isPartOf\":{\"@id\":\"https:\\\/\\\/radioljubuski.ba\\\/#website\"},\"primaryImageOfPage\":{\"@id\":\"https:\\\/\\\/radioljubuski.ba\\\/index.php\\\/2021\\\/12\\\/22\\\/rakitic-briljira-u-spanjolskoj-srusio-novi-rekord\\\/#primaryimage\"},\"image\":{\"@id\":\"https:\\\/\\\/radioljubuski.ba\\\/index.php\\\/2021\\\/12\\\/22\\\/rakitic-briljira-u-spanjolskoj-srusio-novi-rekord\\\/#primaryimage\"},\"thumbnailUrl\":\"https:\\\/\\\/radioljubuski.ba\\\/wp-content\\\/uploads\\\/2021\\\/12\\\/rakitic-1.jpg\",\"datePublished\":\"2021-12-22T10:49:58+00:00\",\"dateModified\":\"2021-12-22T10:50:00+00:00\",\"breadcrumb\":{\"@id\":\"https:\\\/\\\/radioljubuski.ba\\\/index.php\\\/2021\\\/12\\\/22\\\/rakitic-briljira-u-spanjolskoj-srusio-novi-rekord\\\/#breadcrumb\"},\"inLanguage\":\"hr\",\"potentialAction\":[{\"@type\":\"ReadAction\",\"target\":[\"https:\\\/\\\/radioljubuski.ba\\\/index.php\\\/2021\\\/12\\\/22\\\/rakitic-briljira-u-spanjolskoj-srusio-novi-rekord\\\/\"]}]},{\"@type\":\"ImageObject\",\"inLanguage\":\"hr\",\"@id\":\"https:\\\/\\\/radioljubuski.ba\\\/index.php\\\/2021\\\/12\\\/22\\\/rakitic-briljira-u-spanjolskoj-srusio-novi-rekord\\\/#primaryimage\",\"url\":\"https:\\\/\\\/radioljubuski.ba\\\/wp-content\\\/uploads\\\/2021\\\/12\\\/rakitic-1.jpg\",\"contentUrl\":\"https:\\\/\\\/radioljubuski.ba\\\/wp-content\\\/uploads\\\/2021\\\/12\\\/rakitic-1.jpg\",\"width\":2500,\"height\":1801},{\"@type\":\"BreadcrumbList\",\"@id\":\"https:\\\/\\\/radioljubuski.ba\\\/index.php\\\/2021\\\/12\\\/22\\\/rakitic-briljira-u-spanjolskoj-srusio-novi-rekord\\\/#breadcrumb\",\"itemListElement\":[{\"@type\":\"ListItem\",\"position\":1,\"name\":\"Po\u010detna stranica\",\"item\":\"https:\\\/\\\/radioljubuski.ba\\\/\"},{\"@type\":\"ListItem\",\"position\":2,\"name\":\"Rakiti\u0107 briljira u \u0160panjolskoj, sru\u0161io novi rekord\"}]},{\"@type\":\"WebSite\",\"@id\":\"https:\\\/\\\/radioljubuski.ba\\\/#website\",\"url\":\"https:\\\/\\\/radioljubuski.ba\\\/\",\"name\":\"Radio Ljubu\u0161ki\",\"description\":\"Sun\u010dana frekvencija Hercegovine\",\"publisher\":{\"@id\":\"https:\\\/\\\/radioljubuski.ba\\\/#organization\"},\"potentialAction\":[{\"@type\":\"SearchAction\",\"target\":{\"@type\":\"EntryPoint\",\"urlTemplate\":\"https:\\\/\\\/radioljubuski.ba\\\/?s={search_term_string}\"},\"query-input\":{\"@type\":\"PropertyValueSpecification\",\"valueRequired\":true,\"valueName\":\"search_term_string\"}}],\"inLanguage\":\"hr\"},{\"@type\":\"Organization\",\"@id\":\"https:\\\/\\\/radioljubuski.ba\\\/#organization\",\"name\":\"Radio Ljubu\u0161ki\",\"url\":\"https:\\\/\\\/radioljubuski.ba\\\/\",\"logo\":{\"@type\":\"ImageObject\",\"inLanguage\":\"hr\",\"@id\":\"https:\\\/\\\/radioljubuski.ba\\\/#\\\/schema\\\/logo\\\/image\\\/\",\"url\":\"https:\\\/\\\/radioljubuski.ba\\\/wp-content\\\/uploads\\\/2021\\\/02\\\/cropped-Radio_Ljubuski_logo1.jpg\",\"contentUrl\":\"https:\\\/\\\/radioljubuski.ba\\\/wp-content\\\/uploads\\\/2021\\\/02\\\/cropped-Radio_Ljubuski_logo1.jpg\",\"width\":512,\"height\":512,\"caption\":\"Radio Ljubu\u0161ki\"},\"image\":{\"@id\":\"https:\\\/\\\/radioljubuski.ba\\\/#\\\/schema\\\/logo\\\/image\\\/\"},\"sameAs\":[\"https:\\\/\\\/www.facebook.com\\\/Radiio-Ljubuski-1490835324566332\",\"https:\\\/\\\/x.com\\\/radioljubuski\",\"https:\\\/\\\/hr.linkedin.com\\\/company\\\/radio-ljubuski\",\"https:\\\/\\\/www.youtube.com\\\/channel\\\/UCHYaeO_n0Db3tjNGudGpXyw\"]},{\"@type\":\"Person\",\"@id\":\"https:\\\/\\\/radioljubuski.ba\\\/#\\\/schema\\\/person\\\/19fc700381a780f69665d7956c469e3b\",\"name\":\"Radio Ljubu\u0161ki\"}]}<\/script>\n<!-- \/ Yoast SEO plugin. -->","yoast_head_json":{"title":"Rakiti\u0107 briljira u \u0160panjolskoj, sru\u0161io novi rekord - RADIO LJUBU\u0160KI","robots":{"index":"index","follow":"follow","max-snippet":"max-snippet:-1","max-image-preview":"max-image-preview:large","max-video-preview":"max-video-preview:-1"},"canonical":"https:\/\/radioljubuski.ba\/index.php\/2021\/12\/22\/rakitic-briljira-u-spanjolskoj-srusio-novi-rekord\/","og_locale":"hr_HR","og_type":"article","og_title":"Rakiti\u0107 briljira u \u0160panjolskoj, sru\u0161io novi rekord - RADIO LJUBU\u0160KI","og_description":"Ivan Rakiti\u0107 ponovno je bio u sredi\u0161tu pozornosti ve\u0107 drugo kolo zaredom u La Ligi. Biv\u0161i Vatreni odigrao je jo\u0161 jednu veliku utakmicu protiv svog biv\u0161eg kluba Barcelone. Rakiti\u0107 je sino\u0107 upisao lijepu asistenciju za vode\u0107i pogodak svoje Seville koji je bio dovoljan za osvajanje iznimno va\u017enog boda u borbi za titulu jer Sevilla igra [&hellip;]","og_url":"https:\/\/radioljubuski.ba\/index.php\/2021\/12\/22\/rakitic-briljira-u-spanjolskoj-srusio-novi-rekord\/","og_site_name":"RADIO LJUBU\u0160KI","article_publisher":"https:\/\/www.facebook.com\/Radiio-Ljubuski-1490835324566332","article_published_time":"2021-12-22T10:49:58+00:00","article_modified_time":"2021-12-22T10:50:00+00:00","og_image":[{"width":2500,"height":1801,"url":"https:\/\/radioljubuski.ba\/wp-content\/uploads\/2021\/12\/rakitic-1.jpg","type":"image\/jpeg"}],"author":"Radio Ljubu\u0161ki","twitter_card":"summary_large_image","twitter_creator":"@radioljubuski","twitter_site":"@radioljubuski","twitter_misc":{"Napisao\/la":"Radio Ljubu\u0161ki","Procijenjeno vrijeme \u010ditanja":"2 minute"},"schema":{"@context":"https:\/\/schema.org","@graph":[{"@type":"Article","@id":"https:\/\/radioljubuski.ba\/index.php\/2021\/12\/22\/rakitic-briljira-u-spanjolskoj-srusio-novi-rekord\/#article","isPartOf":{"@id":"https:\/\/radioljubuski.ba\/index.php\/2021\/12\/22\/rakitic-briljira-u-spanjolskoj-srusio-novi-rekord\/"},"author":{"name":"Radio Ljubu\u0161ki","@id":"https:\/\/radioljubuski.ba\/#\/schema\/person\/19fc700381a780f69665d7956c469e3b"},"headline":"Rakiti\u0107 briljira u \u0160panjolskoj, sru\u0161io novi rekord","datePublished":"2021-12-22T10:49:58+00:00","dateModified":"2021-12-22T10:50:00+00:00","mainEntityOfPage":{"@id":"https:\/\/radioljubuski.ba\/index.php\/2021\/12\/22\/rakitic-briljira-u-spanjolskoj-srusio-novi-rekord\/"},"wordCount":310,"publisher":{"@id":"https:\/\/radioljubuski.ba\/#organization"},"image":{"@id":"https:\/\/radioljubuski.ba\/index.php\/2021\/12\/22\/rakitic-briljira-u-spanjolskoj-srusio-novi-rekord\/#primaryimage"},"thumbnailUrl":"https:\/\/radioljubuski.ba\/wp-content\/uploads\/2021\/12\/rakitic-1.jpg","articleSection":["\u0160port"],"inLanguage":"hr"},{"@type":"WebPage","@id":"https:\/\/radioljubuski.ba\/index.php\/2021\/12\/22\/rakitic-briljira-u-spanjolskoj-srusio-novi-rekord\/","url":"https:\/\/radioljubuski.ba\/index.php\/2021\/12\/22\/rakitic-briljira-u-spanjolskoj-srusio-novi-rekord\/","name":"Rakiti\u0107 briljira u \u0160panjolskoj, sru\u0161io novi rekord - RADIO LJUBU\u0160KI","isPartOf":{"@id":"https:\/\/radioljubuski.ba\/#website"},"primaryImageOfPage":{"@id":"https:\/\/radioljubuski.ba\/index.php\/2021\/12\/22\/rakitic-briljira-u-spanjolskoj-srusio-novi-rekord\/#primaryimage"},"image":{"@id":"https:\/\/radioljubuski.ba\/index.php\/2021\/12\/22\/rakitic-briljira-u-spanjolskoj-srusio-novi-rekord\/#primaryimage"},"thumbnailUrl":"https:\/\/radioljubuski.ba\/wp-content\/uploads\/2021\/12\/rakitic-1.jpg","datePublished":"2021-12-22T10:49:58+00:00","dateModified":"2021-12-22T10:50:00+00:00","breadcrumb":{"@id":"https:\/\/radioljubuski.ba\/index.php\/2021\/12\/22\/rakitic-briljira-u-spanjolskoj-srusio-novi-rekord\/#breadcrumb"},"inLanguage":"hr","potentialAction":[{"@type":"ReadAction","target":["https:\/\/radioljubuski.ba\/index.php\/2021\/12\/22\/rakitic-briljira-u-spanjolskoj-srusio-novi-rekord\/"]}]},{"@type":"ImageObject","inLanguage":"hr","@id":"https:\/\/radioljubuski.ba\/index.php\/2021\/12\/22\/rakitic-briljira-u-spanjolskoj-srusio-novi-rekord\/#primaryimage","url":"https:\/\/radioljubuski.ba\/wp-content\/uploads\/2021\/12\/rakitic-1.jpg","contentUrl":"https:\/\/radioljubuski.ba\/wp-content\/uploads\/2021\/12\/rakitic-1.jpg","width":2500,"height":1801},{"@type":"BreadcrumbList","@id":"https:\/\/radioljubuski.ba\/index.php\/2021\/12\/22\/rakitic-briljira-u-spanjolskoj-srusio-novi-rekord\/#breadcrumb","itemListElement":[{"@type":"ListItem","position":1,"name":"Po\u010detna stranica","item":"https:\/\/radioljubuski.ba\/"},{"@type":"ListItem","position":2,"name":"Rakiti\u0107 briljira u \u0160panjolskoj, sru\u0161io novi rekord"}]},{"@type":"WebSite","@id":"https:\/\/radioljubuski.ba\/#website","url":"https:\/\/radioljubuski.ba\/","name":"Radio Ljubu\u0161ki","description":"Sun\u010dana frekvencija Hercegovine","publisher":{"@id":"https:\/\/radioljubuski.ba\/#organization"},"potentialAction":[{"@type":"SearchAction","target":{"@type":"EntryPoint","urlTemplate":"https:\/\/radioljubuski.ba\/?s={search_term_string}"},"query-input":{"@type":"PropertyValueSpecification","valueRequired":true,"valueName":"search_term_string"}}],"inLanguage":"hr"},{"@type":"Organization","@id":"https:\/\/radioljubuski.ba\/#organization","name":"Radio Ljubu\u0161ki","url":"https:\/\/radioljubuski.ba\/","logo":{"@type":"ImageObject","inLanguage":"hr","@id":"https:\/\/radioljubuski.ba\/#\/schema\/logo\/image\/","url":"https:\/\/radioljubuski.ba\/wp-content\/uploads\/2021\/02\/cropped-Radio_Ljubuski_logo1.jpg","contentUrl":"https:\/\/radioljubuski.ba\/wp-content\/uploads\/2021\/02\/cropped-Radio_Ljubuski_logo1.jpg","width":512,"height":512,"caption":"Radio Ljubu\u0161ki"},"image":{"@id":"https:\/\/radioljubuski.ba\/#\/schema\/logo\/image\/"},"sameAs":["https:\/\/www.facebook.com\/Radiio-Ljubuski-1490835324566332","https:\/\/x.com\/radioljubuski","https:\/\/hr.linkedin.com\/company\/radio-ljubuski","https:\/\/www.youtube.com\/channel\/UCHYaeO_n0Db3tjNGudGpXyw"]},{"@type":"Person","@id":"https:\/\/radioljubuski.ba\/#\/schema\/person\/19fc700381a780f69665d7956c469e3b","name":"Radio Ljubu\u0161ki"}]}},"_links":{"self":[{"href":"https:\/\/radioljubuski.ba\/index.php\/wp-json\/wp\/v2\/posts\/102485","targetHints":{"allow":["GET"]}}],"collection":[{"href":"https:\/\/radioljubuski.ba\/index.php\/wp-json\/wp\/v2\/posts"}],"about":[{"href":"https:\/\/radioljubuski.ba\/index.php\/wp-json\/wp\/v2\/types\/post"}],"author":[{"embeddable":true,"href":"https:\/\/radioljubuski.ba\/index.php\/wp-json\/wp\/v2\/users\/2"}],"replies":[{"embeddable":true,"href":"https:\/\/radioljubuski.ba\/index.php\/wp-json\/wp\/v2\/comments?post=102485"}],"version-history":[{"count":1,"href":"https:\/\/radioljubuski.ba\/index.php\/wp-json\/wp\/v2\/posts\/102485\/revisions"}],"predecessor-version":[{"id":102487,"href":"https:\/\/radioljubuski.ba\/index.php\/wp-json\/wp\/v2\/posts\/102485\/revisions\/102487"}],"wp:featuredmedia":[{"embeddable":true,"href":"https:\/\/radioljubuski.ba\/index.php\/wp-json\/wp\/v2\/media\/102486"}],"wp:attachment":[{"href":"https:\/\/radioljubuski.ba\/index.php\/wp-json\/wp\/v2\/media?parent=102485"}],"wp:term":[{"taxonomy":"category","embeddable":true,"href":"https:\/\/radioljubuski.ba\/index.php\/wp-json\/wp\/v2\/categories?post=102485"},{"taxonomy":"post_tag","embeddable":true,"href":"https:\/\/radioljubuski.ba\/index.php\/wp-json\/wp\/v2\/tags?post=102485"}],"curies":[{"name":"wp","href":"https:\/\/api.w.org\/{rel}","templated":true}]}}