{"id":102497,"date":"2021-12-22T12:05:01","date_gmt":"2021-12-22T11:05:01","guid":{"rendered":"https:\/\/radioljubuski.ba\/?p=102497"},"modified":"2021-12-22T12:05:01","modified_gmt":"2021-12-22T11:05:01","slug":"schumacher-u-sezoni-nanio-cetiri-milijuna-funti-stete-bolidu","status":"publish","type":"post","link":"https:\/\/radioljubuski.ba\/index.php\/2021\/12\/22\/schumacher-u-sezoni-nanio-cetiri-milijuna-funti-stete-bolidu\/","title":{"rendered":"Schumacher u sezoni nanio \u010detiri milijuna funti \u0161tete bolidu"},"content":{"rendered":"\n<p>Prednje krilo milijun funti, mjenja\u010d milijun i sto tisu\u0107a funti, stra\u017enji i prednji ovjes po 377 i pol tisu\u0107a funti&#8230; Da, Guenther Steiner dobro se oznojio kad je na kraju sezone stigao ra\u010dun za svu \u0161tetu na bolidu Micka Schumachera u debitantskoj sezoni u Formuli 1. Sin slavnog svjetskog prvaka Michaela vozi u najslabijem bolidu na gridu, a iako je gotovo u svim utrkama bio bolji od timskog kolege, bio je i mnogo skuplji &#8211; barem \u0161to se \u0161tete ti\u010de, pi\u0161e <a href=\"https:\/\/www.24sata.hr\/sport\/schumacher-razbijac-u-prosloj-sezoni-nanio-cetiri-milijuna-funti-stete-bolidu-najvise-na-gridu-804725\">24sata<\/a>.<\/p>\n\n\n\n<p>Nije osvojio ni jedan bod u sezoni, a najbolji rezultat mu je 12. mjesto iz Ma\u0111arske. No, pred njim su tek novi veliki izazovi gdje \u0107e se poku\u0161ati dokazati i do\u0107i do nekog boljeg bolida i tima, a do tada \u0107e ra\u010dune pla\u0107ati HAAS. Trebao je \u010dak osam novih prednjih krila te devet ovjesa, a zbog svih nesre\u0107a bilo je pitanje ho\u0107e li uop\u0107e nastupiti na posljednjoj utrci sezone.&nbsp;<\/p>\n\n\n\n<p>U Saudijskoj Arabiji se Schumacher zaletio u zid, a Steiner je sve iz boksa pratio u nevjerici.<\/p>\n\n\n\n<p>-Iskoristili smo sve \u0161to smo imali. Ako \u0107e biti nesre\u0107e na treninzima prije posljednje utrke, bit \u0107e gusto &#8211; rekao je tad Guenther, ali su njegovi voza\u010di uspjeli pro\u0107i bez ve\u0107ih problema te je Mick posljednju utrku sezone zavr\u0161io na 14. mjestu.<\/p>\n\n\n\n<p>Neiskusan voza\u010d, bolid koji nisu mogli izbalansirati cijelu sezonu, sve je to vodilo do ove brojke. Iako je na po\u010detku izgledalo kako \u0107e otac Nikite Mazepina dobro odrije\u0161iti kesu da plati sve njegove eskapade, na kraju je Rus tim ko\u0161tao dva milijuna i 111 tisu\u0107a funti, skoro duplo manje nego Nijemac.<\/p>\n\n\n\n<p>Na drugom mjestu s najvi\u0161e \u0161tete je Charles Leclerc iz Ferrarija koji je talijansku mom\u010dad ko\u0161tao oko 3,5 milijuna funti, dok je tre\u0107i novi svjetski prvak Max Verstappen koji je Red Bullu izbio 3,3 milijuna funti. U TOP10 s najvi\u0161e \u0161tete su jo\u0161 Williamsov Nicholas Latifi (2,7 milijuna funti), zatim Valtteri Bottas iz Mercedesa i Lance Stroll iz Aston Martina s po 2,4 milijuna funti, Yuki Tsunoda iz AlphaTaurija s 2,3 milijuna, spomenuti Mazepin i Kimi Raikkonen iz Alfa Romea (1,7 milijuna funti) te George Russell iz Williamsa s 1,5 milijuna.<\/p>\n\n\n\n<p>Lewis Hamilton je na 13. mjestu s ne\u0161to vi\u0161e od milijun funti \u0161tete, ali pristao bi Toto Wolff i na mnogo vi\u0161e samo da se Britanac okrunio novim naslovom prvaka. Bilo kako bilo, na tome \u0107e morati poraditi idu\u0107e godine.<\/p>\n\n\n\n<p>Izvor:pogled.ba<\/p>\n","protected":false},"excerpt":{"rendered":"<p>Prednje krilo milijun funti, mjenja\u010d milijun i sto tisu\u0107a funti, stra\u017enji i prednji ovjes po 377 i pol tisu\u0107a funti&#8230; Da, Guenther Steiner dobro se oznojio kad je na kraju sezone stigao ra\u010dun za svu \u0161tetu na bolidu Micka Schumachera u debitantskoj sezoni u Formuli 1. Sin slavnog svjetskog prvaka Michaela vozi u najslabijem bolidu [&hellip;]<\/p>\n","protected":false},"author":2,"featured_media":102498,"comment_status":"closed","ping_status":"closed","sticky":false,"template":"","format":"standard","meta":{"h5ap_radio_sources":[],"footnotes":""},"categories":[7],"tags":[],"class_list":["post-102497","post","type-post","status-publish","format-standard","has-post-thumbnail","hentry","category-sport"],"yoast_head":"<!-- This site is optimized with the Yoast SEO plugin v27.4 - https:\/\/yoast.com\/product\/yoast-seo-wordpress\/ -->\n<title>Schumacher u sezoni nanio \u010detiri milijuna funti \u0161tete bolidu - RADIO LJUBU\u0160KI<\/title>\n<meta name=\"robots\" content=\"index, follow, max-snippet:-1, max-image-preview:large, max-video-preview:-1\" \/>\n<link rel=\"canonical\" href=\"https:\/\/radioljubuski.ba\/index.php\/2021\/12\/22\/schumacher-u-sezoni-nanio-cetiri-milijuna-funti-stete-bolidu\/\" \/>\n<meta property=\"og:locale\" content=\"hr_HR\" \/>\n<meta property=\"og:type\" content=\"article\" \/>\n<meta property=\"og:title\" content=\"Schumacher u sezoni nanio \u010detiri milijuna funti \u0161tete bolidu - RADIO LJUBU\u0160KI\" \/>\n<meta property=\"og:description\" content=\"Prednje krilo milijun funti, mjenja\u010d milijun i sto tisu\u0107a funti, stra\u017enji i prednji ovjes po 377 i pol tisu\u0107a funti&#8230; Da, Guenther Steiner dobro se oznojio kad je na kraju sezone stigao ra\u010dun za svu \u0161tetu na bolidu Micka Schumachera u debitantskoj sezoni u Formuli 1. Sin slavnog svjetskog prvaka Michaela vozi u najslabijem bolidu [&hellip;]\" \/>\n<meta property=\"og:url\" content=\"https:\/\/radioljubuski.ba\/index.php\/2021\/12\/22\/schumacher-u-sezoni-nanio-cetiri-milijuna-funti-stete-bolidu\/\" \/>\n<meta property=\"og:site_name\" content=\"RADIO LJUBU\u0160KI\" \/>\n<meta property=\"article:publisher\" content=\"https:\/\/www.facebook.com\/Radiio-Ljubuski-1490835324566332\" \/>\n<meta property=\"article:published_time\" content=\"2021-12-22T11:05:01+00:00\" \/>\n<meta property=\"og:image\" content=\"https:\/\/radioljubuski.ba\/wp-content\/uploads\/2021\/12\/2-2021-12-22-10-16-30-bolid.jpg\" \/>\n\t<meta property=\"og:image:width\" content=\"1000\" \/>\n\t<meta property=\"og:image:height\" content=\"625\" \/>\n\t<meta property=\"og:image:type\" content=\"image\/jpeg\" \/>\n<meta name=\"author\" content=\"Radio Ljubu\u0161ki\" \/>\n<meta name=\"twitter:card\" content=\"summary_large_image\" \/>\n<meta name=\"twitter:creator\" content=\"@radioljubuski\" \/>\n<meta name=\"twitter:site\" content=\"@radioljubuski\" \/>\n<meta name=\"twitter:label1\" content=\"Napisao\/la\" \/>\n\t<meta name=\"twitter:data1\" content=\"Radio Ljubu\u0161ki\" \/>\n\t<meta name=\"twitter:label2\" content=\"Procijenjeno vrijeme \u010ditanja\" \/>\n\t<meta name=\"twitter:data2\" content=\"2 minute\" \/>\n<script type=\"application\/ld+json\" class=\"yoast-schema-graph\">{\"@context\":\"https:\\\/\\\/schema.org\",\"@graph\":[{\"@type\":\"Article\",\"@id\":\"https:\\\/\\\/radioljubuski.ba\\\/index.php\\\/2021\\\/12\\\/22\\\/schumacher-u-sezoni-nanio-cetiri-milijuna-funti-stete-bolidu\\\/#article\",\"isPartOf\":{\"@id\":\"https:\\\/\\\/radioljubuski.ba\\\/index.php\\\/2021\\\/12\\\/22\\\/schumacher-u-sezoni-nanio-cetiri-milijuna-funti-stete-bolidu\\\/\"},\"author\":{\"name\":\"Radio Ljubu\u0161ki\",\"@id\":\"https:\\\/\\\/radioljubuski.ba\\\/#\\\/schema\\\/person\\\/19fc700381a780f69665d7956c469e3b\"},\"headline\":\"Schumacher u sezoni nanio \u010detiri milijuna funti \u0161tete bolidu\",\"datePublished\":\"2021-12-22T11:05:01+00:00\",\"mainEntityOfPage\":{\"@id\":\"https:\\\/\\\/radioljubuski.ba\\\/index.php\\\/2021\\\/12\\\/22\\\/schumacher-u-sezoni-nanio-cetiri-milijuna-funti-stete-bolidu\\\/\"},\"wordCount\":424,\"publisher\":{\"@id\":\"https:\\\/\\\/radioljubuski.ba\\\/#organization\"},\"image\":{\"@id\":\"https:\\\/\\\/radioljubuski.ba\\\/index.php\\\/2021\\\/12\\\/22\\\/schumacher-u-sezoni-nanio-cetiri-milijuna-funti-stete-bolidu\\\/#primaryimage\"},\"thumbnailUrl\":\"https:\\\/\\\/radioljubuski.ba\\\/wp-content\\\/uploads\\\/2021\\\/12\\\/2-2021-12-22-10-16-30-bolid.jpg\",\"articleSection\":[\"\u0160port\"],\"inLanguage\":\"hr\"},{\"@type\":\"WebPage\",\"@id\":\"https:\\\/\\\/radioljubuski.ba\\\/index.php\\\/2021\\\/12\\\/22\\\/schumacher-u-sezoni-nanio-cetiri-milijuna-funti-stete-bolidu\\\/\",\"url\":\"https:\\\/\\\/radioljubuski.ba\\\/index.php\\\/2021\\\/12\\\/22\\\/schumacher-u-sezoni-nanio-cetiri-milijuna-funti-stete-bolidu\\\/\",\"name\":\"Schumacher u sezoni nanio \u010detiri milijuna funti \u0161tete bolidu - RADIO LJUBU\u0160KI\",\"isPartOf\":{\"@id\":\"https:\\\/\\\/radioljubuski.ba\\\/#website\"},\"primaryImageOfPage\":{\"@id\":\"https:\\\/\\\/radioljubuski.ba\\\/index.php\\\/2021\\\/12\\\/22\\\/schumacher-u-sezoni-nanio-cetiri-milijuna-funti-stete-bolidu\\\/#primaryimage\"},\"image\":{\"@id\":\"https:\\\/\\\/radioljubuski.ba\\\/index.php\\\/2021\\\/12\\\/22\\\/schumacher-u-sezoni-nanio-cetiri-milijuna-funti-stete-bolidu\\\/#primaryimage\"},\"thumbnailUrl\":\"https:\\\/\\\/radioljubuski.ba\\\/wp-content\\\/uploads\\\/2021\\\/12\\\/2-2021-12-22-10-16-30-bolid.jpg\",\"datePublished\":\"2021-12-22T11:05:01+00:00\",\"breadcrumb\":{\"@id\":\"https:\\\/\\\/radioljubuski.ba\\\/index.php\\\/2021\\\/12\\\/22\\\/schumacher-u-sezoni-nanio-cetiri-milijuna-funti-stete-bolidu\\\/#breadcrumb\"},\"inLanguage\":\"hr\",\"potentialAction\":[{\"@type\":\"ReadAction\",\"target\":[\"https:\\\/\\\/radioljubuski.ba\\\/index.php\\\/2021\\\/12\\\/22\\\/schumacher-u-sezoni-nanio-cetiri-milijuna-funti-stete-bolidu\\\/\"]}]},{\"@type\":\"ImageObject\",\"inLanguage\":\"hr\",\"@id\":\"https:\\\/\\\/radioljubuski.ba\\\/index.php\\\/2021\\\/12\\\/22\\\/schumacher-u-sezoni-nanio-cetiri-milijuna-funti-stete-bolidu\\\/#primaryimage\",\"url\":\"https:\\\/\\\/radioljubuski.ba\\\/wp-content\\\/uploads\\\/2021\\\/12\\\/2-2021-12-22-10-16-30-bolid.jpg\",\"contentUrl\":\"https:\\\/\\\/radioljubuski.ba\\\/wp-content\\\/uploads\\\/2021\\\/12\\\/2-2021-12-22-10-16-30-bolid.jpg\",\"width\":1000,\"height\":625},{\"@type\":\"BreadcrumbList\",\"@id\":\"https:\\\/\\\/radioljubuski.ba\\\/index.php\\\/2021\\\/12\\\/22\\\/schumacher-u-sezoni-nanio-cetiri-milijuna-funti-stete-bolidu\\\/#breadcrumb\",\"itemListElement\":[{\"@type\":\"ListItem\",\"position\":1,\"name\":\"Po\u010detna stranica\",\"item\":\"https:\\\/\\\/radioljubuski.ba\\\/\"},{\"@type\":\"ListItem\",\"position\":2,\"name\":\"Schumacher u sezoni nanio \u010detiri milijuna funti \u0161tete bolidu\"}]},{\"@type\":\"WebSite\",\"@id\":\"https:\\\/\\\/radioljubuski.ba\\\/#website\",\"url\":\"https:\\\/\\\/radioljubuski.ba\\\/\",\"name\":\"Radio Ljubu\u0161ki\",\"description\":\"Sun\u010dana frekvencija Hercegovine\",\"publisher\":{\"@id\":\"https:\\\/\\\/radioljubuski.ba\\\/#organization\"},\"potentialAction\":[{\"@type\":\"SearchAction\",\"target\":{\"@type\":\"EntryPoint\",\"urlTemplate\":\"https:\\\/\\\/radioljubuski.ba\\\/?s={search_term_string}\"},\"query-input\":{\"@type\":\"PropertyValueSpecification\",\"valueRequired\":true,\"valueName\":\"search_term_string\"}}],\"inLanguage\":\"hr\"},{\"@type\":\"Organization\",\"@id\":\"https:\\\/\\\/radioljubuski.ba\\\/#organization\",\"name\":\"Radio Ljubu\u0161ki\",\"url\":\"https:\\\/\\\/radioljubuski.ba\\\/\",\"logo\":{\"@type\":\"ImageObject\",\"inLanguage\":\"hr\",\"@id\":\"https:\\\/\\\/radioljubuski.ba\\\/#\\\/schema\\\/logo\\\/image\\\/\",\"url\":\"https:\\\/\\\/radioljubuski.ba\\\/wp-content\\\/uploads\\\/2021\\\/02\\\/cropped-Radio_Ljubuski_logo1.jpg\",\"contentUrl\":\"https:\\\/\\\/radioljubuski.ba\\\/wp-content\\\/uploads\\\/2021\\\/02\\\/cropped-Radio_Ljubuski_logo1.jpg\",\"width\":512,\"height\":512,\"caption\":\"Radio Ljubu\u0161ki\"},\"image\":{\"@id\":\"https:\\\/\\\/radioljubuski.ba\\\/#\\\/schema\\\/logo\\\/image\\\/\"},\"sameAs\":[\"https:\\\/\\\/www.facebook.com\\\/Radiio-Ljubuski-1490835324566332\",\"https:\\\/\\\/x.com\\\/radioljubuski\",\"https:\\\/\\\/hr.linkedin.com\\\/company\\\/radio-ljubuski\",\"https:\\\/\\\/www.youtube.com\\\/channel\\\/UCHYaeO_n0Db3tjNGudGpXyw\"]},{\"@type\":\"Person\",\"@id\":\"https:\\\/\\\/radioljubuski.ba\\\/#\\\/schema\\\/person\\\/19fc700381a780f69665d7956c469e3b\",\"name\":\"Radio Ljubu\u0161ki\"}]}<\/script>\n<!-- \/ Yoast SEO plugin. -->","yoast_head_json":{"title":"Schumacher u sezoni nanio \u010detiri milijuna funti \u0161tete bolidu - RADIO LJUBU\u0160KI","robots":{"index":"index","follow":"follow","max-snippet":"max-snippet:-1","max-image-preview":"max-image-preview:large","max-video-preview":"max-video-preview:-1"},"canonical":"https:\/\/radioljubuski.ba\/index.php\/2021\/12\/22\/schumacher-u-sezoni-nanio-cetiri-milijuna-funti-stete-bolidu\/","og_locale":"hr_HR","og_type":"article","og_title":"Schumacher u sezoni nanio \u010detiri milijuna funti \u0161tete bolidu - RADIO LJUBU\u0160KI","og_description":"Prednje krilo milijun funti, mjenja\u010d milijun i sto tisu\u0107a funti, stra\u017enji i prednji ovjes po 377 i pol tisu\u0107a funti&#8230; Da, Guenther Steiner dobro se oznojio kad je na kraju sezone stigao ra\u010dun za svu \u0161tetu na bolidu Micka Schumachera u debitantskoj sezoni u Formuli 1. Sin slavnog svjetskog prvaka Michaela vozi u najslabijem bolidu [&hellip;]","og_url":"https:\/\/radioljubuski.ba\/index.php\/2021\/12\/22\/schumacher-u-sezoni-nanio-cetiri-milijuna-funti-stete-bolidu\/","og_site_name":"RADIO LJUBU\u0160KI","article_publisher":"https:\/\/www.facebook.com\/Radiio-Ljubuski-1490835324566332","article_published_time":"2021-12-22T11:05:01+00:00","og_image":[{"width":1000,"height":625,"url":"https:\/\/radioljubuski.ba\/wp-content\/uploads\/2021\/12\/2-2021-12-22-10-16-30-bolid.jpg","type":"image\/jpeg"}],"author":"Radio Ljubu\u0161ki","twitter_card":"summary_large_image","twitter_creator":"@radioljubuski","twitter_site":"@radioljubuski","twitter_misc":{"Napisao\/la":"Radio Ljubu\u0161ki","Procijenjeno vrijeme \u010ditanja":"2 minute"},"schema":{"@context":"https:\/\/schema.org","@graph":[{"@type":"Article","@id":"https:\/\/radioljubuski.ba\/index.php\/2021\/12\/22\/schumacher-u-sezoni-nanio-cetiri-milijuna-funti-stete-bolidu\/#article","isPartOf":{"@id":"https:\/\/radioljubuski.ba\/index.php\/2021\/12\/22\/schumacher-u-sezoni-nanio-cetiri-milijuna-funti-stete-bolidu\/"},"author":{"name":"Radio Ljubu\u0161ki","@id":"https:\/\/radioljubuski.ba\/#\/schema\/person\/19fc700381a780f69665d7956c469e3b"},"headline":"Schumacher u sezoni nanio \u010detiri milijuna funti \u0161tete bolidu","datePublished":"2021-12-22T11:05:01+00:00","mainEntityOfPage":{"@id":"https:\/\/radioljubuski.ba\/index.php\/2021\/12\/22\/schumacher-u-sezoni-nanio-cetiri-milijuna-funti-stete-bolidu\/"},"wordCount":424,"publisher":{"@id":"https:\/\/radioljubuski.ba\/#organization"},"image":{"@id":"https:\/\/radioljubuski.ba\/index.php\/2021\/12\/22\/schumacher-u-sezoni-nanio-cetiri-milijuna-funti-stete-bolidu\/#primaryimage"},"thumbnailUrl":"https:\/\/radioljubuski.ba\/wp-content\/uploads\/2021\/12\/2-2021-12-22-10-16-30-bolid.jpg","articleSection":["\u0160port"],"inLanguage":"hr"},{"@type":"WebPage","@id":"https:\/\/radioljubuski.ba\/index.php\/2021\/12\/22\/schumacher-u-sezoni-nanio-cetiri-milijuna-funti-stete-bolidu\/","url":"https:\/\/radioljubuski.ba\/index.php\/2021\/12\/22\/schumacher-u-sezoni-nanio-cetiri-milijuna-funti-stete-bolidu\/","name":"Schumacher u sezoni nanio \u010detiri milijuna funti \u0161tete bolidu - RADIO LJUBU\u0160KI","isPartOf":{"@id":"https:\/\/radioljubuski.ba\/#website"},"primaryImageOfPage":{"@id":"https:\/\/radioljubuski.ba\/index.php\/2021\/12\/22\/schumacher-u-sezoni-nanio-cetiri-milijuna-funti-stete-bolidu\/#primaryimage"},"image":{"@id":"https:\/\/radioljubuski.ba\/index.php\/2021\/12\/22\/schumacher-u-sezoni-nanio-cetiri-milijuna-funti-stete-bolidu\/#primaryimage"},"thumbnailUrl":"https:\/\/radioljubuski.ba\/wp-content\/uploads\/2021\/12\/2-2021-12-22-10-16-30-bolid.jpg","datePublished":"2021-12-22T11:05:01+00:00","breadcrumb":{"@id":"https:\/\/radioljubuski.ba\/index.php\/2021\/12\/22\/schumacher-u-sezoni-nanio-cetiri-milijuna-funti-stete-bolidu\/#breadcrumb"},"inLanguage":"hr","potentialAction":[{"@type":"ReadAction","target":["https:\/\/radioljubuski.ba\/index.php\/2021\/12\/22\/schumacher-u-sezoni-nanio-cetiri-milijuna-funti-stete-bolidu\/"]}]},{"@type":"ImageObject","inLanguage":"hr","@id":"https:\/\/radioljubuski.ba\/index.php\/2021\/12\/22\/schumacher-u-sezoni-nanio-cetiri-milijuna-funti-stete-bolidu\/#primaryimage","url":"https:\/\/radioljubuski.ba\/wp-content\/uploads\/2021\/12\/2-2021-12-22-10-16-30-bolid.jpg","contentUrl":"https:\/\/radioljubuski.ba\/wp-content\/uploads\/2021\/12\/2-2021-12-22-10-16-30-bolid.jpg","width":1000,"height":625},{"@type":"BreadcrumbList","@id":"https:\/\/radioljubuski.ba\/index.php\/2021\/12\/22\/schumacher-u-sezoni-nanio-cetiri-milijuna-funti-stete-bolidu\/#breadcrumb","itemListElement":[{"@type":"ListItem","position":1,"name":"Po\u010detna stranica","item":"https:\/\/radioljubuski.ba\/"},{"@type":"ListItem","position":2,"name":"Schumacher u sezoni nanio \u010detiri milijuna funti \u0161tete bolidu"}]},{"@type":"WebSite","@id":"https:\/\/radioljubuski.ba\/#website","url":"https:\/\/radioljubuski.ba\/","name":"Radio Ljubu\u0161ki","description":"Sun\u010dana frekvencija Hercegovine","publisher":{"@id":"https:\/\/radioljubuski.ba\/#organization"},"potentialAction":[{"@type":"SearchAction","target":{"@type":"EntryPoint","urlTemplate":"https:\/\/radioljubuski.ba\/?s={search_term_string}"},"query-input":{"@type":"PropertyValueSpecification","valueRequired":true,"valueName":"search_term_string"}}],"inLanguage":"hr"},{"@type":"Organization","@id":"https:\/\/radioljubuski.ba\/#organization","name":"Radio Ljubu\u0161ki","url":"https:\/\/radioljubuski.ba\/","logo":{"@type":"ImageObject","inLanguage":"hr","@id":"https:\/\/radioljubuski.ba\/#\/schema\/logo\/image\/","url":"https:\/\/radioljubuski.ba\/wp-content\/uploads\/2021\/02\/cropped-Radio_Ljubuski_logo1.jpg","contentUrl":"https:\/\/radioljubuski.ba\/wp-content\/uploads\/2021\/02\/cropped-Radio_Ljubuski_logo1.jpg","width":512,"height":512,"caption":"Radio Ljubu\u0161ki"},"image":{"@id":"https:\/\/radioljubuski.ba\/#\/schema\/logo\/image\/"},"sameAs":["https:\/\/www.facebook.com\/Radiio-Ljubuski-1490835324566332","https:\/\/x.com\/radioljubuski","https:\/\/hr.linkedin.com\/company\/radio-ljubuski","https:\/\/www.youtube.com\/channel\/UCHYaeO_n0Db3tjNGudGpXyw"]},{"@type":"Person","@id":"https:\/\/radioljubuski.ba\/#\/schema\/person\/19fc700381a780f69665d7956c469e3b","name":"Radio Ljubu\u0161ki"}]}},"_links":{"self":[{"href":"https:\/\/radioljubuski.ba\/index.php\/wp-json\/wp\/v2\/posts\/102497","targetHints":{"allow":["GET"]}}],"collection":[{"href":"https:\/\/radioljubuski.ba\/index.php\/wp-json\/wp\/v2\/posts"}],"about":[{"href":"https:\/\/radioljubuski.ba\/index.php\/wp-json\/wp\/v2\/types\/post"}],"author":[{"embeddable":true,"href":"https:\/\/radioljubuski.ba\/index.php\/wp-json\/wp\/v2\/users\/2"}],"replies":[{"embeddable":true,"href":"https:\/\/radioljubuski.ba\/index.php\/wp-json\/wp\/v2\/comments?post=102497"}],"version-history":[{"count":1,"href":"https:\/\/radioljubuski.ba\/index.php\/wp-json\/wp\/v2\/posts\/102497\/revisions"}],"predecessor-version":[{"id":102499,"href":"https:\/\/radioljubuski.ba\/index.php\/wp-json\/wp\/v2\/posts\/102497\/revisions\/102499"}],"wp:featuredmedia":[{"embeddable":true,"href":"https:\/\/radioljubuski.ba\/index.php\/wp-json\/wp\/v2\/media\/102498"}],"wp:attachment":[{"href":"https:\/\/radioljubuski.ba\/index.php\/wp-json\/wp\/v2\/media?parent=102497"}],"wp:term":[{"taxonomy":"category","embeddable":true,"href":"https:\/\/radioljubuski.ba\/index.php\/wp-json\/wp\/v2\/categories?post=102497"},{"taxonomy":"post_tag","embeddable":true,"href":"https:\/\/radioljubuski.ba\/index.php\/wp-json\/wp\/v2\/tags?post=102497"}],"curies":[{"name":"wp","href":"https:\/\/api.w.org\/{rel}","templated":true}]}}