{"id":10259,"date":"2021-04-06T22:45:47","date_gmt":"2021-04-06T21:45:47","guid":{"rendered":"https:\/\/radioljubuski.ba\/?p=10259"},"modified":"2021-04-06T22:45:47","modified_gmt":"2021-04-06T21:45:47","slug":"modric-asistirao-u-velikoj-pobjedi-reala","status":"publish","type":"post","link":"https:\/\/radioljubuski.ba\/index.php\/2021\/04\/06\/modric-asistirao-u-velikoj-pobjedi-reala\/","title":{"rendered":"Modri\u0107 asistirao u velikoj pobjedi Reala"},"content":{"rendered":"\n<p><strong>U prvom susretu \u010detvrtfinala nogometne Lige prvaka Real Madrid je pobijedio Liverpool s 3-1, a asistenciju za tre\u0107i gol &#8220;Kraljevskog kluba&#8221; upisao je kapetan hrvatske reprezentacije Luka Modri\u0107.<\/strong><\/p>\n\n\n\n<p>Strijelci za \u0161panjolski sastav bili su<strong>&nbsp;Vinicius Junior&nbsp;<\/strong>(27, 65) i<strong>&nbsp;Marco Asensio<\/strong>&nbsp;(36), dok je za Liverpool zabio&nbsp;<strong>Mohamed Salah&nbsp;<\/strong>(51).<br><br>Uzvratni susret je 14. travnja na Anfieldu.<\/p>\n\n\n\n<p>Bio je to sudar europskih te\u0161ka\u0161a, klubova koji su zajedno osvojili \u010dak 19 europskih naslova, Real 13, a Liverpool \u0161est. Zanimljivo, &#8220;Kraljevski klub&#8221; i &#8220;Redsi&#8221; su do sada u europskim natjecanjima igrali me\u0111usobno tek sedam puta, a Real vodi s 4-3 u pobjedama.<br><br><strong>Zinedine Zidane&nbsp;<\/strong>za dvoboj na stadionu Alfredo Di Stefano nije mogao ra\u010dunati prakti\u010dki na cijelu obranu, zbog ozljeda su otpali kapetan&nbsp;<strong>Sergio Ramos&nbsp;<\/strong>i desni bo\u010dni&nbsp;<strong>Dani Carvajal<\/strong>, dok je na posljednjem testiranju francuski brani\u010d<strong>&nbsp;Raphael Varane<\/strong>&nbsp;imao pozitivan nalaz na koronavirus. S druge strane&nbsp;<strong>Jurgen Klopp<\/strong>&nbsp;ve\u0107 neko vrijeme ne mo\u017ee ra\u010dunati na&nbsp;<strong>Joea Gomeza, Virgila van Dijka, Joela Matipa, Jordana Hendersona bDivicka Origija<\/strong>.<br><br>Real je daleko bolje u\u0161ao u susret i doma\u0107in je posve zaslu\u017eeno stigao do vodstva u 27. minuti preko Viniciusa Juniora.<strong>&nbsp;Toni Kroos&nbsp;<\/strong>je uputio sjajnu dugu loptu do Viniciusa koji je primio prsima, pobjegao&nbsp;<strong>Phillipsu&nbsp;<\/strong>i&nbsp;<strong>Arnoldu&nbsp;<\/strong>te zabio za vodstvo.<br><br>U 36. minuti Real je pove\u0107ao prednost. Kroos je ponovno poslao dugu loptu prema Viniciusu, no&nbsp;<strong>Alexander-Arnold<\/strong>&nbsp;je glavom lo\u0161e reagirao &#8216;asistirav\u0161i&#8217; Asensiju koji je iza\u0161ao sam ispred&nbsp;<strong>Alissona&nbsp;<\/strong>i pogodio za 2-0.<br><br>Liverpool u prvom poluvremenu nije uputio nijedan udarac u okvir gola \u0161to mu se nije dogodilo u Ligi prvaka od 2014. i susreta tako\u0111er protiv Reala. Dodajmo i kako su &#8220;Redsi&#8221; prvi put u posljednjih 16 godina u fazi na ispadanje u prvom poluvremenu primili dva gola. Zadnji put im se to dogodilo u finalu 2005. protiv Milana.<br><br>Gosti su bolje otvorili nastavak susreta i u 51. minuti &#8220;Redsi&#8221; su smanjili na 2-1.&nbsp;<strong>Wijnaldum&nbsp;<\/strong>je odli\u010dno pro\u0161ao kroz sredinu terena, dodav\u0161i do&nbsp;<strong>Jote&nbsp;<\/strong>koji je pucao, no njegov je udarac blokiran. Lopta se odbila do Salaha, a egipatski napada\u010d je&nbsp; smanjio prednost doma\u0107ina. \u010cinilo se kako je Salah u zale\u0111u, no nakon pregleda snimke bilo je jasno kako je pogodak ispravan.<br><br>Real je u 65. minuti vratio dva gola prednosti, a strijelac je ponovo bio Vinicius i to na asistenciju Luke Modri\u0107a. Vazquez je izveo aut dobaciv\u0161i do Benzeme koji je uposlio Viniciusa, a ovaj iz prve pucao i pogodio.<br><br>REAL MADRID &#8211; LIVERPOOL 3-1<br>Strijelci: 1-0 Vinicius (27), 2-0 Asensio (36), 2-1 Salah (51), 3-1 Vinicius (65)<br>Dvoboj se igrao na stadionu Alfredo Di Stefano, a sudio je Nijemac Felix Brych<\/p>\n\n\n\n<p>Izvor:hrt.hr<\/p>\n","protected":false},"excerpt":{"rendered":"<p>U prvom susretu \u010detvrtfinala nogometne Lige prvaka Real Madrid je pobijedio Liverpool s 3-1, a asistenciju za tre\u0107i gol &#8220;Kraljevskog kluba&#8221; upisao je kapetan hrvatske reprezentacije Luka Modri\u0107. Strijelci za \u0161panjolski sastav bili su&nbsp;Vinicius Junior&nbsp;(27, 65) i&nbsp;Marco Asensio&nbsp;(36), dok je za Liverpool zabio&nbsp;Mohamed Salah&nbsp;(51). Uzvratni susret je 14. travnja na Anfieldu. Bio je to sudar [&hellip;]<\/p>\n","protected":false},"author":2,"featured_media":10260,"comment_status":"closed","ping_status":"closed","sticky":false,"template":"","format":"standard","meta":{"h5ap_radio_sources":[],"footnotes":""},"categories":[1],"tags":[],"class_list":["post-10259","post","type-post","status-publish","format-standard","has-post-thumbnail","hentry","category-bihiregija"],"yoast_head":"<!-- This site is optimized with the Yoast SEO plugin v27.5 - https:\/\/yoast.com\/product\/yoast-seo-wordpress\/ -->\n<title>Modri\u0107 asistirao u velikoj pobjedi Reala - RADIO LJUBU\u0160KI<\/title>\n<meta name=\"robots\" content=\"index, follow, max-snippet:-1, max-image-preview:large, max-video-preview:-1\" \/>\n<link rel=\"canonical\" href=\"https:\/\/radioljubuski.ba\/index.php\/2021\/04\/06\/modric-asistirao-u-velikoj-pobjedi-reala\/\" \/>\n<meta property=\"og:locale\" content=\"hr_HR\" \/>\n<meta property=\"og:type\" content=\"article\" \/>\n<meta property=\"og:title\" content=\"Modri\u0107 asistirao u velikoj pobjedi Reala - RADIO LJUBU\u0160KI\" \/>\n<meta property=\"og:description\" content=\"U prvom susretu \u010detvrtfinala nogometne Lige prvaka Real Madrid je pobijedio Liverpool s 3-1, a asistenciju za tre\u0107i gol &#8220;Kraljevskog kluba&#8221; upisao je kapetan hrvatske reprezentacije Luka Modri\u0107. Strijelci za \u0161panjolski sastav bili su&nbsp;Vinicius Junior&nbsp;(27, 65) i&nbsp;Marco Asensio&nbsp;(36), dok je za Liverpool zabio&nbsp;Mohamed Salah&nbsp;(51). Uzvratni susret je 14. travnja na Anfieldu. Bio je to sudar [&hellip;]\" \/>\n<meta property=\"og:url\" content=\"https:\/\/radioljubuski.ba\/index.php\/2021\/04\/06\/modric-asistirao-u-velikoj-pobjedi-reala\/\" \/>\n<meta property=\"og:site_name\" content=\"RADIO LJUBU\u0160KI\" \/>\n<meta property=\"article:publisher\" content=\"https:\/\/www.facebook.com\/Radiio-Ljubuski-1490835324566332\" \/>\n<meta property=\"article:published_time\" content=\"2021-04-06T21:45:47+00:00\" \/>\n<meta property=\"og:image\" content=\"https:\/\/radioljubuski.ba\/wp-content\/uploads\/2021\/04\/77-3.png\" \/>\n\t<meta property=\"og:image:width\" content=\"645\" \/>\n\t<meta property=\"og:image:height\" content=\"360\" \/>\n\t<meta property=\"og:image:type\" content=\"image\/png\" \/>\n<meta name=\"author\" content=\"Radio Ljubu\u0161ki\" \/>\n<meta name=\"twitter:card\" content=\"summary_large_image\" \/>\n<meta name=\"twitter:creator\" content=\"@radioljubuski\" \/>\n<meta name=\"twitter:site\" content=\"@radioljubuski\" \/>\n<meta name=\"twitter:label1\" content=\"Napisao\/la\" \/>\n\t<meta name=\"twitter:data1\" content=\"Radio Ljubu\u0161ki\" \/>\n\t<meta name=\"twitter:label2\" content=\"Procijenjeno vrijeme \u010ditanja\" \/>\n\t<meta name=\"twitter:data2\" content=\"2 minute\" \/>\n<script type=\"application\/ld+json\" class=\"yoast-schema-graph\">{\"@context\":\"https:\\\/\\\/schema.org\",\"@graph\":[{\"@type\":\"Article\",\"@id\":\"https:\\\/\\\/radioljubuski.ba\\\/index.php\\\/2021\\\/04\\\/06\\\/modric-asistirao-u-velikoj-pobjedi-reala\\\/#article\",\"isPartOf\":{\"@id\":\"https:\\\/\\\/radioljubuski.ba\\\/index.php\\\/2021\\\/04\\\/06\\\/modric-asistirao-u-velikoj-pobjedi-reala\\\/\"},\"author\":{\"name\":\"Radio Ljubu\u0161ki\",\"@id\":\"https:\\\/\\\/radioljubuski.ba\\\/#\\\/schema\\\/person\\\/19fc700381a780f69665d7956c469e3b\"},\"headline\":\"Modri\u0107 asistirao u velikoj pobjedi Reala\",\"datePublished\":\"2021-04-06T21:45:47+00:00\",\"mainEntityOfPage\":{\"@id\":\"https:\\\/\\\/radioljubuski.ba\\\/index.php\\\/2021\\\/04\\\/06\\\/modric-asistirao-u-velikoj-pobjedi-reala\\\/\"},\"wordCount\":477,\"publisher\":{\"@id\":\"https:\\\/\\\/radioljubuski.ba\\\/#organization\"},\"image\":{\"@id\":\"https:\\\/\\\/radioljubuski.ba\\\/index.php\\\/2021\\\/04\\\/06\\\/modric-asistirao-u-velikoj-pobjedi-reala\\\/#primaryimage\"},\"thumbnailUrl\":\"https:\\\/\\\/radioljubuski.ba\\\/wp-content\\\/uploads\\\/2021\\\/04\\\/77-3.png\",\"articleSection\":[\"BIH i regija\"],\"inLanguage\":\"hr\"},{\"@type\":\"WebPage\",\"@id\":\"https:\\\/\\\/radioljubuski.ba\\\/index.php\\\/2021\\\/04\\\/06\\\/modric-asistirao-u-velikoj-pobjedi-reala\\\/\",\"url\":\"https:\\\/\\\/radioljubuski.ba\\\/index.php\\\/2021\\\/04\\\/06\\\/modric-asistirao-u-velikoj-pobjedi-reala\\\/\",\"name\":\"Modri\u0107 asistirao u velikoj pobjedi Reala - RADIO LJUBU\u0160KI\",\"isPartOf\":{\"@id\":\"https:\\\/\\\/radioljubuski.ba\\\/#website\"},\"primaryImageOfPage\":{\"@id\":\"https:\\\/\\\/radioljubuski.ba\\\/index.php\\\/2021\\\/04\\\/06\\\/modric-asistirao-u-velikoj-pobjedi-reala\\\/#primaryimage\"},\"image\":{\"@id\":\"https:\\\/\\\/radioljubuski.ba\\\/index.php\\\/2021\\\/04\\\/06\\\/modric-asistirao-u-velikoj-pobjedi-reala\\\/#primaryimage\"},\"thumbnailUrl\":\"https:\\\/\\\/radioljubuski.ba\\\/wp-content\\\/uploads\\\/2021\\\/04\\\/77-3.png\",\"datePublished\":\"2021-04-06T21:45:47+00:00\",\"breadcrumb\":{\"@id\":\"https:\\\/\\\/radioljubuski.ba\\\/index.php\\\/2021\\\/04\\\/06\\\/modric-asistirao-u-velikoj-pobjedi-reala\\\/#breadcrumb\"},\"inLanguage\":\"hr\",\"potentialAction\":[{\"@type\":\"ReadAction\",\"target\":[\"https:\\\/\\\/radioljubuski.ba\\\/index.php\\\/2021\\\/04\\\/06\\\/modric-asistirao-u-velikoj-pobjedi-reala\\\/\"]}]},{\"@type\":\"ImageObject\",\"inLanguage\":\"hr\",\"@id\":\"https:\\\/\\\/radioljubuski.ba\\\/index.php\\\/2021\\\/04\\\/06\\\/modric-asistirao-u-velikoj-pobjedi-reala\\\/#primaryimage\",\"url\":\"https:\\\/\\\/radioljubuski.ba\\\/wp-content\\\/uploads\\\/2021\\\/04\\\/77-3.png\",\"contentUrl\":\"https:\\\/\\\/radioljubuski.ba\\\/wp-content\\\/uploads\\\/2021\\\/04\\\/77-3.png\",\"width\":645,\"height\":360},{\"@type\":\"BreadcrumbList\",\"@id\":\"https:\\\/\\\/radioljubuski.ba\\\/index.php\\\/2021\\\/04\\\/06\\\/modric-asistirao-u-velikoj-pobjedi-reala\\\/#breadcrumb\",\"itemListElement\":[{\"@type\":\"ListItem\",\"position\":1,\"name\":\"Po\u010detna stranica\",\"item\":\"https:\\\/\\\/radioljubuski.ba\\\/\"},{\"@type\":\"ListItem\",\"position\":2,\"name\":\"Modri\u0107 asistirao u velikoj pobjedi Reala\"}]},{\"@type\":\"WebSite\",\"@id\":\"https:\\\/\\\/radioljubuski.ba\\\/#website\",\"url\":\"https:\\\/\\\/radioljubuski.ba\\\/\",\"name\":\"Radio Ljubu\u0161ki\",\"description\":\"Sun\u010dana frekvencija Hercegovine\",\"publisher\":{\"@id\":\"https:\\\/\\\/radioljubuski.ba\\\/#organization\"},\"potentialAction\":[{\"@type\":\"SearchAction\",\"target\":{\"@type\":\"EntryPoint\",\"urlTemplate\":\"https:\\\/\\\/radioljubuski.ba\\\/?s={search_term_string}\"},\"query-input\":{\"@type\":\"PropertyValueSpecification\",\"valueRequired\":true,\"valueName\":\"search_term_string\"}}],\"inLanguage\":\"hr\"},{\"@type\":\"Organization\",\"@id\":\"https:\\\/\\\/radioljubuski.ba\\\/#organization\",\"name\":\"Radio Ljubu\u0161ki\",\"url\":\"https:\\\/\\\/radioljubuski.ba\\\/\",\"logo\":{\"@type\":\"ImageObject\",\"inLanguage\":\"hr\",\"@id\":\"https:\\\/\\\/radioljubuski.ba\\\/#\\\/schema\\\/logo\\\/image\\\/\",\"url\":\"https:\\\/\\\/radioljubuski.ba\\\/wp-content\\\/uploads\\\/2021\\\/02\\\/cropped-Radio_Ljubuski_logo1.jpg\",\"contentUrl\":\"https:\\\/\\\/radioljubuski.ba\\\/wp-content\\\/uploads\\\/2021\\\/02\\\/cropped-Radio_Ljubuski_logo1.jpg\",\"width\":512,\"height\":512,\"caption\":\"Radio Ljubu\u0161ki\"},\"image\":{\"@id\":\"https:\\\/\\\/radioljubuski.ba\\\/#\\\/schema\\\/logo\\\/image\\\/\"},\"sameAs\":[\"https:\\\/\\\/www.facebook.com\\\/Radiio-Ljubuski-1490835324566332\",\"https:\\\/\\\/x.com\\\/radioljubuski\",\"https:\\\/\\\/hr.linkedin.com\\\/company\\\/radio-ljubuski\",\"https:\\\/\\\/www.youtube.com\\\/channel\\\/UCHYaeO_n0Db3tjNGudGpXyw\"]},{\"@type\":\"Person\",\"@id\":\"https:\\\/\\\/radioljubuski.ba\\\/#\\\/schema\\\/person\\\/19fc700381a780f69665d7956c469e3b\",\"name\":\"Radio Ljubu\u0161ki\"}]}<\/script>\n<!-- \/ Yoast SEO plugin. -->","yoast_head_json":{"title":"Modri\u0107 asistirao u velikoj pobjedi Reala - RADIO LJUBU\u0160KI","robots":{"index":"index","follow":"follow","max-snippet":"max-snippet:-1","max-image-preview":"max-image-preview:large","max-video-preview":"max-video-preview:-1"},"canonical":"https:\/\/radioljubuski.ba\/index.php\/2021\/04\/06\/modric-asistirao-u-velikoj-pobjedi-reala\/","og_locale":"hr_HR","og_type":"article","og_title":"Modri\u0107 asistirao u velikoj pobjedi Reala - RADIO LJUBU\u0160KI","og_description":"U prvom susretu \u010detvrtfinala nogometne Lige prvaka Real Madrid je pobijedio Liverpool s 3-1, a asistenciju za tre\u0107i gol &#8220;Kraljevskog kluba&#8221; upisao je kapetan hrvatske reprezentacije Luka Modri\u0107. Strijelci za \u0161panjolski sastav bili su&nbsp;Vinicius Junior&nbsp;(27, 65) i&nbsp;Marco Asensio&nbsp;(36), dok je za Liverpool zabio&nbsp;Mohamed Salah&nbsp;(51). Uzvratni susret je 14. travnja na Anfieldu. Bio je to sudar [&hellip;]","og_url":"https:\/\/radioljubuski.ba\/index.php\/2021\/04\/06\/modric-asistirao-u-velikoj-pobjedi-reala\/","og_site_name":"RADIO LJUBU\u0160KI","article_publisher":"https:\/\/www.facebook.com\/Radiio-Ljubuski-1490835324566332","article_published_time":"2021-04-06T21:45:47+00:00","og_image":[{"width":645,"height":360,"url":"https:\/\/radioljubuski.ba\/wp-content\/uploads\/2021\/04\/77-3.png","type":"image\/png"}],"author":"Radio Ljubu\u0161ki","twitter_card":"summary_large_image","twitter_creator":"@radioljubuski","twitter_site":"@radioljubuski","twitter_misc":{"Napisao\/la":"Radio Ljubu\u0161ki","Procijenjeno vrijeme \u010ditanja":"2 minute"},"schema":{"@context":"https:\/\/schema.org","@graph":[{"@type":"Article","@id":"https:\/\/radioljubuski.ba\/index.php\/2021\/04\/06\/modric-asistirao-u-velikoj-pobjedi-reala\/#article","isPartOf":{"@id":"https:\/\/radioljubuski.ba\/index.php\/2021\/04\/06\/modric-asistirao-u-velikoj-pobjedi-reala\/"},"author":{"name":"Radio Ljubu\u0161ki","@id":"https:\/\/radioljubuski.ba\/#\/schema\/person\/19fc700381a780f69665d7956c469e3b"},"headline":"Modri\u0107 asistirao u velikoj pobjedi Reala","datePublished":"2021-04-06T21:45:47+00:00","mainEntityOfPage":{"@id":"https:\/\/radioljubuski.ba\/index.php\/2021\/04\/06\/modric-asistirao-u-velikoj-pobjedi-reala\/"},"wordCount":477,"publisher":{"@id":"https:\/\/radioljubuski.ba\/#organization"},"image":{"@id":"https:\/\/radioljubuski.ba\/index.php\/2021\/04\/06\/modric-asistirao-u-velikoj-pobjedi-reala\/#primaryimage"},"thumbnailUrl":"https:\/\/radioljubuski.ba\/wp-content\/uploads\/2021\/04\/77-3.png","articleSection":["BIH i regija"],"inLanguage":"hr"},{"@type":"WebPage","@id":"https:\/\/radioljubuski.ba\/index.php\/2021\/04\/06\/modric-asistirao-u-velikoj-pobjedi-reala\/","url":"https:\/\/radioljubuski.ba\/index.php\/2021\/04\/06\/modric-asistirao-u-velikoj-pobjedi-reala\/","name":"Modri\u0107 asistirao u velikoj pobjedi Reala - RADIO LJUBU\u0160KI","isPartOf":{"@id":"https:\/\/radioljubuski.ba\/#website"},"primaryImageOfPage":{"@id":"https:\/\/radioljubuski.ba\/index.php\/2021\/04\/06\/modric-asistirao-u-velikoj-pobjedi-reala\/#primaryimage"},"image":{"@id":"https:\/\/radioljubuski.ba\/index.php\/2021\/04\/06\/modric-asistirao-u-velikoj-pobjedi-reala\/#primaryimage"},"thumbnailUrl":"https:\/\/radioljubuski.ba\/wp-content\/uploads\/2021\/04\/77-3.png","datePublished":"2021-04-06T21:45:47+00:00","breadcrumb":{"@id":"https:\/\/radioljubuski.ba\/index.php\/2021\/04\/06\/modric-asistirao-u-velikoj-pobjedi-reala\/#breadcrumb"},"inLanguage":"hr","potentialAction":[{"@type":"ReadAction","target":["https:\/\/radioljubuski.ba\/index.php\/2021\/04\/06\/modric-asistirao-u-velikoj-pobjedi-reala\/"]}]},{"@type":"ImageObject","inLanguage":"hr","@id":"https:\/\/radioljubuski.ba\/index.php\/2021\/04\/06\/modric-asistirao-u-velikoj-pobjedi-reala\/#primaryimage","url":"https:\/\/radioljubuski.ba\/wp-content\/uploads\/2021\/04\/77-3.png","contentUrl":"https:\/\/radioljubuski.ba\/wp-content\/uploads\/2021\/04\/77-3.png","width":645,"height":360},{"@type":"BreadcrumbList","@id":"https:\/\/radioljubuski.ba\/index.php\/2021\/04\/06\/modric-asistirao-u-velikoj-pobjedi-reala\/#breadcrumb","itemListElement":[{"@type":"ListItem","position":1,"name":"Po\u010detna stranica","item":"https:\/\/radioljubuski.ba\/"},{"@type":"ListItem","position":2,"name":"Modri\u0107 asistirao u velikoj pobjedi Reala"}]},{"@type":"WebSite","@id":"https:\/\/radioljubuski.ba\/#website","url":"https:\/\/radioljubuski.ba\/","name":"Radio Ljubu\u0161ki","description":"Sun\u010dana frekvencija Hercegovine","publisher":{"@id":"https:\/\/radioljubuski.ba\/#organization"},"potentialAction":[{"@type":"SearchAction","target":{"@type":"EntryPoint","urlTemplate":"https:\/\/radioljubuski.ba\/?s={search_term_string}"},"query-input":{"@type":"PropertyValueSpecification","valueRequired":true,"valueName":"search_term_string"}}],"inLanguage":"hr"},{"@type":"Organization","@id":"https:\/\/radioljubuski.ba\/#organization","name":"Radio Ljubu\u0161ki","url":"https:\/\/radioljubuski.ba\/","logo":{"@type":"ImageObject","inLanguage":"hr","@id":"https:\/\/radioljubuski.ba\/#\/schema\/logo\/image\/","url":"https:\/\/radioljubuski.ba\/wp-content\/uploads\/2021\/02\/cropped-Radio_Ljubuski_logo1.jpg","contentUrl":"https:\/\/radioljubuski.ba\/wp-content\/uploads\/2021\/02\/cropped-Radio_Ljubuski_logo1.jpg","width":512,"height":512,"caption":"Radio Ljubu\u0161ki"},"image":{"@id":"https:\/\/radioljubuski.ba\/#\/schema\/logo\/image\/"},"sameAs":["https:\/\/www.facebook.com\/Radiio-Ljubuski-1490835324566332","https:\/\/x.com\/radioljubuski","https:\/\/hr.linkedin.com\/company\/radio-ljubuski","https:\/\/www.youtube.com\/channel\/UCHYaeO_n0Db3tjNGudGpXyw"]},{"@type":"Person","@id":"https:\/\/radioljubuski.ba\/#\/schema\/person\/19fc700381a780f69665d7956c469e3b","name":"Radio Ljubu\u0161ki"}]}},"_links":{"self":[{"href":"https:\/\/radioljubuski.ba\/index.php\/wp-json\/wp\/v2\/posts\/10259","targetHints":{"allow":["GET"]}}],"collection":[{"href":"https:\/\/radioljubuski.ba\/index.php\/wp-json\/wp\/v2\/posts"}],"about":[{"href":"https:\/\/radioljubuski.ba\/index.php\/wp-json\/wp\/v2\/types\/post"}],"author":[{"embeddable":true,"href":"https:\/\/radioljubuski.ba\/index.php\/wp-json\/wp\/v2\/users\/2"}],"replies":[{"embeddable":true,"href":"https:\/\/radioljubuski.ba\/index.php\/wp-json\/wp\/v2\/comments?post=10259"}],"version-history":[{"count":1,"href":"https:\/\/radioljubuski.ba\/index.php\/wp-json\/wp\/v2\/posts\/10259\/revisions"}],"predecessor-version":[{"id":10261,"href":"https:\/\/radioljubuski.ba\/index.php\/wp-json\/wp\/v2\/posts\/10259\/revisions\/10261"}],"wp:featuredmedia":[{"embeddable":true,"href":"https:\/\/radioljubuski.ba\/index.php\/wp-json\/wp\/v2\/media\/10260"}],"wp:attachment":[{"href":"https:\/\/radioljubuski.ba\/index.php\/wp-json\/wp\/v2\/media?parent=10259"}],"wp:term":[{"taxonomy":"category","embeddable":true,"href":"https:\/\/radioljubuski.ba\/index.php\/wp-json\/wp\/v2\/categories?post=10259"},{"taxonomy":"post_tag","embeddable":true,"href":"https:\/\/radioljubuski.ba\/index.php\/wp-json\/wp\/v2\/tags?post=10259"}],"curies":[{"name":"wp","href":"https:\/\/api.w.org\/{rel}","templated":true}]}}