{"id":102652,"date":"2021-12-23T00:24:13","date_gmt":"2021-12-22T23:24:13","guid":{"rendered":"https:\/\/radioljubuski.ba\/?p=102652"},"modified":"2021-12-23T00:24:14","modified_gmt":"2021-12-22T23:24:14","slug":"benzema-u-tri-minute-potopio-athletic-bilbao","status":"publish","type":"post","link":"https:\/\/radioljubuski.ba\/index.php\/2021\/12\/23\/benzema-u-tri-minute-potopio-athletic-bilbao\/","title":{"rendered":"Benzema u tri minute potopio Athletic Bilbao"},"content":{"rendered":"\n<p><strong>U zaostalom dvoboju Primere Real Madrid je, bez bolesnog Luke Modri\u0107a, pobijedio u Bilbaou Athletic s 2-1 i pove\u0107ao svoje vodstvo na tablici.<\/strong><\/p>\n\n\n\n<p>Dva gola je u prvih sedam minuta zabio&nbsp;<strong>Karim Benzema&nbsp;<\/strong>(4. i 7.), a u 10. minuti je za doma\u0107e pogodio<strong>&nbsp;Sancet<\/strong>. U preostalih 80 minuta igre na San Mamesu nije bilo golova i klub iz Madrida je ubilje\u017eio va\u017enu pobjedu na te\u0161kom gostovanju.<\/p>\n\n\n\n<p>Granada je s 2:1 svladala Atletico Madrid, koji je poveo preko&nbsp;<strong>Felixa<\/strong>&nbsp;u drugoj minuti, no izjedna\u010dio je&nbsp;<strong>Machis<\/strong>&nbsp;u 17., a pobjedu je Granadi osigurao&nbsp;<strong>Molina<\/strong>&nbsp;u 61. minuti.<\/p>\n\n\n\n<p>Real sada ima 46 bodova, osam vi\u0161e od drugoplasirane Seville, dok je Athletic deseti s 24 boda.<\/p>\n\n\n\n<p>1. Real Madrid 19 14 4 1 41:16 25 46&nbsp;<\/p>\n\n\n\n<p>2. FC Sevilla 18 11 5 2 29:13 16 38&nbsp;<\/p>\n\n\n\n<p>3. Betis Sevilla 18 10 3 5 32:21 11 33&nbsp;<\/p>\n\n\n\n<p>4. Rayo Vallecano 18 9 3 6 26:18 8 30&nbsp;<\/p>\n\n\n\n<p>5. Atletico Madrid 18 8 5 5 29:22 7 29&nbsp;<\/p>\n\n\n\n<p>6. Real Sociedad 18 8 5 5 20:20 0 29&nbsp;<\/p>\n\n\n\n<p>7. FC Barcelona 18 7 7 4 29:22 7 28&nbsp;<\/p>\n\n\n\n<p>8. Valencia 18 7 7 4 30:26 4 28&nbsp;<\/p>\n\n\n\n<p>9. Villarreal 18 6 7 5 26:20 6 25&nbsp;<\/p>\n\n\n\n<p>10. Athletic Bilbao 19 5 9 5 17:16 1 24&nbsp;<\/p>\n\n\n\n<p>11. Espanyol Barcelona 18 6 5 7 20:21 -1 23&nbsp;<\/p>\n\n\n\n<p>12. Granada 18 5 7 6 23:26 -3 22&nbsp;<\/p>\n\n\n\n<p>13. CA Osasuna 18 5 7 6 17:22 -5 22&nbsp;<\/p>\n\n\n\n<p>14. Celta de Vigo 18 5 5 8 20:22 -2 20&nbsp;<\/p>\n\n\n\n<p>15. Real Mallorca 18 4 8 6 17:27 -10 20&nbsp;<\/p>\n\n\n\n<p>16. Getafe 18 3 6 9 12:20 -8 15&nbsp;<\/p>\n\n\n\n<p>17. Elche 18 3 6 9 18:27 -9 15&nbsp;<\/p>\n\n\n\n<p>18. Alaves 18 4 3 11 15:29 -14 15&nbsp;<\/p>\n\n\n\n<p>19. FC Cadiz 18 2 8 8 15:31 -16 14&nbsp;<\/p>\n\n\n\n<p>20. Levante 18 0 8 10 19:36 -17 8<\/p>\n\n\n\n<p>Izvor:hrt.hr<\/p>\n","protected":false},"excerpt":{"rendered":"<p>U zaostalom dvoboju Primere Real Madrid je, bez bolesnog Luke Modri\u0107a, pobijedio u Bilbaou Athletic s 2-1 i pove\u0107ao svoje vodstvo na tablici. Dva gola je u prvih sedam minuta zabio&nbsp;Karim Benzema&nbsp;(4. i 7.), a u 10. minuti je za doma\u0107e pogodio&nbsp;Sancet. U preostalih 80 minuta igre na San Mamesu nije bilo golova i klub [&hellip;]<\/p>\n","protected":false},"author":2,"featured_media":102653,"comment_status":"closed","ping_status":"closed","sticky":false,"template":"","format":"standard","meta":{"h5ap_radio_sources":[],"footnotes":""},"categories":[7],"tags":[],"class_list":["post-102652","post","type-post","status-publish","format-standard","has-post-thumbnail","hentry","category-sport"],"yoast_head":"<!-- This site is optimized with the Yoast SEO plugin v27.4 - https:\/\/yoast.com\/product\/yoast-seo-wordpress\/ -->\n<title>Benzema u tri minute potopio Athletic Bilbao - RADIO LJUBU\u0160KI<\/title>\n<meta name=\"robots\" content=\"index, follow, max-snippet:-1, max-image-preview:large, max-video-preview:-1\" \/>\n<link rel=\"canonical\" href=\"https:\/\/radioljubuski.ba\/index.php\/2021\/12\/23\/benzema-u-tri-minute-potopio-athletic-bilbao\/\" \/>\n<meta property=\"og:locale\" content=\"hr_HR\" \/>\n<meta property=\"og:type\" content=\"article\" \/>\n<meta property=\"og:title\" content=\"Benzema u tri minute potopio Athletic Bilbao - RADIO LJUBU\u0160KI\" \/>\n<meta property=\"og:description\" content=\"U zaostalom dvoboju Primere Real Madrid je, bez bolesnog Luke Modri\u0107a, pobijedio u Bilbaou Athletic s 2-1 i pove\u0107ao svoje vodstvo na tablici. Dva gola je u prvih sedam minuta zabio&nbsp;Karim Benzema&nbsp;(4. i 7.), a u 10. minuti je za doma\u0107e pogodio&nbsp;Sancet. U preostalih 80 minuta igre na San Mamesu nije bilo golova i klub [&hellip;]\" \/>\n<meta property=\"og:url\" content=\"https:\/\/radioljubuski.ba\/index.php\/2021\/12\/23\/benzema-u-tri-minute-potopio-athletic-bilbao\/\" \/>\n<meta property=\"og:site_name\" content=\"RADIO LJUBU\u0160KI\" \/>\n<meta property=\"article:publisher\" content=\"https:\/\/www.facebook.com\/Radiio-Ljubuski-1490835324566332\" \/>\n<meta property=\"article:published_time\" content=\"2021-12-22T23:24:13+00:00\" \/>\n<meta property=\"article:modified_time\" content=\"2021-12-22T23:24:14+00:00\" \/>\n<meta property=\"og:image\" content=\"https:\/\/radioljubuski.ba\/wp-content\/uploads\/2021\/12\/karim-be-2021-12-22t204839z-2004948522-up1ehcm1lt0da-rtrmadp-3-soccer-spain-atb-mad-report-20211222223022.jpg\" \/>\n\t<meta property=\"og:image:width\" content=\"1600\" \/>\n\t<meta property=\"og:image:height\" content=\"894\" \/>\n\t<meta property=\"og:image:type\" content=\"image\/jpeg\" \/>\n<meta name=\"author\" content=\"Radio Ljubu\u0161ki\" \/>\n<meta name=\"twitter:card\" content=\"summary_large_image\" \/>\n<meta name=\"twitter:creator\" content=\"@radioljubuski\" \/>\n<meta name=\"twitter:site\" content=\"@radioljubuski\" \/>\n<meta name=\"twitter:label1\" content=\"Napisao\/la\" \/>\n\t<meta name=\"twitter:data1\" content=\"Radio Ljubu\u0161ki\" \/>\n\t<meta name=\"twitter:label2\" content=\"Procijenjeno vrijeme \u010ditanja\" \/>\n\t<meta name=\"twitter:data2\" content=\"2 minute\" \/>\n<script type=\"application\/ld+json\" class=\"yoast-schema-graph\">{\"@context\":\"https:\\\/\\\/schema.org\",\"@graph\":[{\"@type\":\"Article\",\"@id\":\"https:\\\/\\\/radioljubuski.ba\\\/index.php\\\/2021\\\/12\\\/23\\\/benzema-u-tri-minute-potopio-athletic-bilbao\\\/#article\",\"isPartOf\":{\"@id\":\"https:\\\/\\\/radioljubuski.ba\\\/index.php\\\/2021\\\/12\\\/23\\\/benzema-u-tri-minute-potopio-athletic-bilbao\\\/\"},\"author\":{\"name\":\"Radio Ljubu\u0161ki\",\"@id\":\"https:\\\/\\\/radioljubuski.ba\\\/#\\\/schema\\\/person\\\/19fc700381a780f69665d7956c469e3b\"},\"headline\":\"Benzema u tri minute potopio Athletic Bilbao\",\"datePublished\":\"2021-12-22T23:24:13+00:00\",\"dateModified\":\"2021-12-22T23:24:14+00:00\",\"mainEntityOfPage\":{\"@id\":\"https:\\\/\\\/radioljubuski.ba\\\/index.php\\\/2021\\\/12\\\/23\\\/benzema-u-tri-minute-potopio-athletic-bilbao\\\/\"},\"wordCount\":195,\"publisher\":{\"@id\":\"https:\\\/\\\/radioljubuski.ba\\\/#organization\"},\"image\":{\"@id\":\"https:\\\/\\\/radioljubuski.ba\\\/index.php\\\/2021\\\/12\\\/23\\\/benzema-u-tri-minute-potopio-athletic-bilbao\\\/#primaryimage\"},\"thumbnailUrl\":\"https:\\\/\\\/radioljubuski.ba\\\/wp-content\\\/uploads\\\/2021\\\/12\\\/karim-be-2021-12-22t204839z-2004948522-up1ehcm1lt0da-rtrmadp-3-soccer-spain-atb-mad-report-20211222223022.jpg\",\"articleSection\":[\"\u0160port\"],\"inLanguage\":\"hr\"},{\"@type\":\"WebPage\",\"@id\":\"https:\\\/\\\/radioljubuski.ba\\\/index.php\\\/2021\\\/12\\\/23\\\/benzema-u-tri-minute-potopio-athletic-bilbao\\\/\",\"url\":\"https:\\\/\\\/radioljubuski.ba\\\/index.php\\\/2021\\\/12\\\/23\\\/benzema-u-tri-minute-potopio-athletic-bilbao\\\/\",\"name\":\"Benzema u tri minute potopio Athletic Bilbao - RADIO LJUBU\u0160KI\",\"isPartOf\":{\"@id\":\"https:\\\/\\\/radioljubuski.ba\\\/#website\"},\"primaryImageOfPage\":{\"@id\":\"https:\\\/\\\/radioljubuski.ba\\\/index.php\\\/2021\\\/12\\\/23\\\/benzema-u-tri-minute-potopio-athletic-bilbao\\\/#primaryimage\"},\"image\":{\"@id\":\"https:\\\/\\\/radioljubuski.ba\\\/index.php\\\/2021\\\/12\\\/23\\\/benzema-u-tri-minute-potopio-athletic-bilbao\\\/#primaryimage\"},\"thumbnailUrl\":\"https:\\\/\\\/radioljubuski.ba\\\/wp-content\\\/uploads\\\/2021\\\/12\\\/karim-be-2021-12-22t204839z-2004948522-up1ehcm1lt0da-rtrmadp-3-soccer-spain-atb-mad-report-20211222223022.jpg\",\"datePublished\":\"2021-12-22T23:24:13+00:00\",\"dateModified\":\"2021-12-22T23:24:14+00:00\",\"breadcrumb\":{\"@id\":\"https:\\\/\\\/radioljubuski.ba\\\/index.php\\\/2021\\\/12\\\/23\\\/benzema-u-tri-minute-potopio-athletic-bilbao\\\/#breadcrumb\"},\"inLanguage\":\"hr\",\"potentialAction\":[{\"@type\":\"ReadAction\",\"target\":[\"https:\\\/\\\/radioljubuski.ba\\\/index.php\\\/2021\\\/12\\\/23\\\/benzema-u-tri-minute-potopio-athletic-bilbao\\\/\"]}]},{\"@type\":\"ImageObject\",\"inLanguage\":\"hr\",\"@id\":\"https:\\\/\\\/radioljubuski.ba\\\/index.php\\\/2021\\\/12\\\/23\\\/benzema-u-tri-minute-potopio-athletic-bilbao\\\/#primaryimage\",\"url\":\"https:\\\/\\\/radioljubuski.ba\\\/wp-content\\\/uploads\\\/2021\\\/12\\\/karim-be-2021-12-22t204839z-2004948522-up1ehcm1lt0da-rtrmadp-3-soccer-spain-atb-mad-report-20211222223022.jpg\",\"contentUrl\":\"https:\\\/\\\/radioljubuski.ba\\\/wp-content\\\/uploads\\\/2021\\\/12\\\/karim-be-2021-12-22t204839z-2004948522-up1ehcm1lt0da-rtrmadp-3-soccer-spain-atb-mad-report-20211222223022.jpg\",\"width\":1600,\"height\":894},{\"@type\":\"BreadcrumbList\",\"@id\":\"https:\\\/\\\/radioljubuski.ba\\\/index.php\\\/2021\\\/12\\\/23\\\/benzema-u-tri-minute-potopio-athletic-bilbao\\\/#breadcrumb\",\"itemListElement\":[{\"@type\":\"ListItem\",\"position\":1,\"name\":\"Po\u010detna stranica\",\"item\":\"https:\\\/\\\/radioljubuski.ba\\\/\"},{\"@type\":\"ListItem\",\"position\":2,\"name\":\"Benzema u tri minute potopio Athletic Bilbao\"}]},{\"@type\":\"WebSite\",\"@id\":\"https:\\\/\\\/radioljubuski.ba\\\/#website\",\"url\":\"https:\\\/\\\/radioljubuski.ba\\\/\",\"name\":\"Radio Ljubu\u0161ki\",\"description\":\"Sun\u010dana frekvencija Hercegovine\",\"publisher\":{\"@id\":\"https:\\\/\\\/radioljubuski.ba\\\/#organization\"},\"potentialAction\":[{\"@type\":\"SearchAction\",\"target\":{\"@type\":\"EntryPoint\",\"urlTemplate\":\"https:\\\/\\\/radioljubuski.ba\\\/?s={search_term_string}\"},\"query-input\":{\"@type\":\"PropertyValueSpecification\",\"valueRequired\":true,\"valueName\":\"search_term_string\"}}],\"inLanguage\":\"hr\"},{\"@type\":\"Organization\",\"@id\":\"https:\\\/\\\/radioljubuski.ba\\\/#organization\",\"name\":\"Radio Ljubu\u0161ki\",\"url\":\"https:\\\/\\\/radioljubuski.ba\\\/\",\"logo\":{\"@type\":\"ImageObject\",\"inLanguage\":\"hr\",\"@id\":\"https:\\\/\\\/radioljubuski.ba\\\/#\\\/schema\\\/logo\\\/image\\\/\",\"url\":\"https:\\\/\\\/radioljubuski.ba\\\/wp-content\\\/uploads\\\/2021\\\/02\\\/cropped-Radio_Ljubuski_logo1.jpg\",\"contentUrl\":\"https:\\\/\\\/radioljubuski.ba\\\/wp-content\\\/uploads\\\/2021\\\/02\\\/cropped-Radio_Ljubuski_logo1.jpg\",\"width\":512,\"height\":512,\"caption\":\"Radio Ljubu\u0161ki\"},\"image\":{\"@id\":\"https:\\\/\\\/radioljubuski.ba\\\/#\\\/schema\\\/logo\\\/image\\\/\"},\"sameAs\":[\"https:\\\/\\\/www.facebook.com\\\/Radiio-Ljubuski-1490835324566332\",\"https:\\\/\\\/x.com\\\/radioljubuski\",\"https:\\\/\\\/hr.linkedin.com\\\/company\\\/radio-ljubuski\",\"https:\\\/\\\/www.youtube.com\\\/channel\\\/UCHYaeO_n0Db3tjNGudGpXyw\"]},{\"@type\":\"Person\",\"@id\":\"https:\\\/\\\/radioljubuski.ba\\\/#\\\/schema\\\/person\\\/19fc700381a780f69665d7956c469e3b\",\"name\":\"Radio Ljubu\u0161ki\"}]}<\/script>\n<!-- \/ Yoast SEO plugin. -->","yoast_head_json":{"title":"Benzema u tri minute potopio Athletic Bilbao - RADIO LJUBU\u0160KI","robots":{"index":"index","follow":"follow","max-snippet":"max-snippet:-1","max-image-preview":"max-image-preview:large","max-video-preview":"max-video-preview:-1"},"canonical":"https:\/\/radioljubuski.ba\/index.php\/2021\/12\/23\/benzema-u-tri-minute-potopio-athletic-bilbao\/","og_locale":"hr_HR","og_type":"article","og_title":"Benzema u tri minute potopio Athletic Bilbao - RADIO LJUBU\u0160KI","og_description":"U zaostalom dvoboju Primere Real Madrid je, bez bolesnog Luke Modri\u0107a, pobijedio u Bilbaou Athletic s 2-1 i pove\u0107ao svoje vodstvo na tablici. Dva gola je u prvih sedam minuta zabio&nbsp;Karim Benzema&nbsp;(4. i 7.), a u 10. minuti je za doma\u0107e pogodio&nbsp;Sancet. U preostalih 80 minuta igre na San Mamesu nije bilo golova i klub [&hellip;]","og_url":"https:\/\/radioljubuski.ba\/index.php\/2021\/12\/23\/benzema-u-tri-minute-potopio-athletic-bilbao\/","og_site_name":"RADIO LJUBU\u0160KI","article_publisher":"https:\/\/www.facebook.com\/Radiio-Ljubuski-1490835324566332","article_published_time":"2021-12-22T23:24:13+00:00","article_modified_time":"2021-12-22T23:24:14+00:00","og_image":[{"width":1600,"height":894,"url":"https:\/\/radioljubuski.ba\/wp-content\/uploads\/2021\/12\/karim-be-2021-12-22t204839z-2004948522-up1ehcm1lt0da-rtrmadp-3-soccer-spain-atb-mad-report-20211222223022.jpg","type":"image\/jpeg"}],"author":"Radio Ljubu\u0161ki","twitter_card":"summary_large_image","twitter_creator":"@radioljubuski","twitter_site":"@radioljubuski","twitter_misc":{"Napisao\/la":"Radio Ljubu\u0161ki","Procijenjeno vrijeme \u010ditanja":"2 minute"},"schema":{"@context":"https:\/\/schema.org","@graph":[{"@type":"Article","@id":"https:\/\/radioljubuski.ba\/index.php\/2021\/12\/23\/benzema-u-tri-minute-potopio-athletic-bilbao\/#article","isPartOf":{"@id":"https:\/\/radioljubuski.ba\/index.php\/2021\/12\/23\/benzema-u-tri-minute-potopio-athletic-bilbao\/"},"author":{"name":"Radio Ljubu\u0161ki","@id":"https:\/\/radioljubuski.ba\/#\/schema\/person\/19fc700381a780f69665d7956c469e3b"},"headline":"Benzema u tri minute potopio Athletic Bilbao","datePublished":"2021-12-22T23:24:13+00:00","dateModified":"2021-12-22T23:24:14+00:00","mainEntityOfPage":{"@id":"https:\/\/radioljubuski.ba\/index.php\/2021\/12\/23\/benzema-u-tri-minute-potopio-athletic-bilbao\/"},"wordCount":195,"publisher":{"@id":"https:\/\/radioljubuski.ba\/#organization"},"image":{"@id":"https:\/\/radioljubuski.ba\/index.php\/2021\/12\/23\/benzema-u-tri-minute-potopio-athletic-bilbao\/#primaryimage"},"thumbnailUrl":"https:\/\/radioljubuski.ba\/wp-content\/uploads\/2021\/12\/karim-be-2021-12-22t204839z-2004948522-up1ehcm1lt0da-rtrmadp-3-soccer-spain-atb-mad-report-20211222223022.jpg","articleSection":["\u0160port"],"inLanguage":"hr"},{"@type":"WebPage","@id":"https:\/\/radioljubuski.ba\/index.php\/2021\/12\/23\/benzema-u-tri-minute-potopio-athletic-bilbao\/","url":"https:\/\/radioljubuski.ba\/index.php\/2021\/12\/23\/benzema-u-tri-minute-potopio-athletic-bilbao\/","name":"Benzema u tri minute potopio Athletic Bilbao - RADIO LJUBU\u0160KI","isPartOf":{"@id":"https:\/\/radioljubuski.ba\/#website"},"primaryImageOfPage":{"@id":"https:\/\/radioljubuski.ba\/index.php\/2021\/12\/23\/benzema-u-tri-minute-potopio-athletic-bilbao\/#primaryimage"},"image":{"@id":"https:\/\/radioljubuski.ba\/index.php\/2021\/12\/23\/benzema-u-tri-minute-potopio-athletic-bilbao\/#primaryimage"},"thumbnailUrl":"https:\/\/radioljubuski.ba\/wp-content\/uploads\/2021\/12\/karim-be-2021-12-22t204839z-2004948522-up1ehcm1lt0da-rtrmadp-3-soccer-spain-atb-mad-report-20211222223022.jpg","datePublished":"2021-12-22T23:24:13+00:00","dateModified":"2021-12-22T23:24:14+00:00","breadcrumb":{"@id":"https:\/\/radioljubuski.ba\/index.php\/2021\/12\/23\/benzema-u-tri-minute-potopio-athletic-bilbao\/#breadcrumb"},"inLanguage":"hr","potentialAction":[{"@type":"ReadAction","target":["https:\/\/radioljubuski.ba\/index.php\/2021\/12\/23\/benzema-u-tri-minute-potopio-athletic-bilbao\/"]}]},{"@type":"ImageObject","inLanguage":"hr","@id":"https:\/\/radioljubuski.ba\/index.php\/2021\/12\/23\/benzema-u-tri-minute-potopio-athletic-bilbao\/#primaryimage","url":"https:\/\/radioljubuski.ba\/wp-content\/uploads\/2021\/12\/karim-be-2021-12-22t204839z-2004948522-up1ehcm1lt0da-rtrmadp-3-soccer-spain-atb-mad-report-20211222223022.jpg","contentUrl":"https:\/\/radioljubuski.ba\/wp-content\/uploads\/2021\/12\/karim-be-2021-12-22t204839z-2004948522-up1ehcm1lt0da-rtrmadp-3-soccer-spain-atb-mad-report-20211222223022.jpg","width":1600,"height":894},{"@type":"BreadcrumbList","@id":"https:\/\/radioljubuski.ba\/index.php\/2021\/12\/23\/benzema-u-tri-minute-potopio-athletic-bilbao\/#breadcrumb","itemListElement":[{"@type":"ListItem","position":1,"name":"Po\u010detna stranica","item":"https:\/\/radioljubuski.ba\/"},{"@type":"ListItem","position":2,"name":"Benzema u tri minute potopio Athletic Bilbao"}]},{"@type":"WebSite","@id":"https:\/\/radioljubuski.ba\/#website","url":"https:\/\/radioljubuski.ba\/","name":"Radio Ljubu\u0161ki","description":"Sun\u010dana frekvencija Hercegovine","publisher":{"@id":"https:\/\/radioljubuski.ba\/#organization"},"potentialAction":[{"@type":"SearchAction","target":{"@type":"EntryPoint","urlTemplate":"https:\/\/radioljubuski.ba\/?s={search_term_string}"},"query-input":{"@type":"PropertyValueSpecification","valueRequired":true,"valueName":"search_term_string"}}],"inLanguage":"hr"},{"@type":"Organization","@id":"https:\/\/radioljubuski.ba\/#organization","name":"Radio Ljubu\u0161ki","url":"https:\/\/radioljubuski.ba\/","logo":{"@type":"ImageObject","inLanguage":"hr","@id":"https:\/\/radioljubuski.ba\/#\/schema\/logo\/image\/","url":"https:\/\/radioljubuski.ba\/wp-content\/uploads\/2021\/02\/cropped-Radio_Ljubuski_logo1.jpg","contentUrl":"https:\/\/radioljubuski.ba\/wp-content\/uploads\/2021\/02\/cropped-Radio_Ljubuski_logo1.jpg","width":512,"height":512,"caption":"Radio Ljubu\u0161ki"},"image":{"@id":"https:\/\/radioljubuski.ba\/#\/schema\/logo\/image\/"},"sameAs":["https:\/\/www.facebook.com\/Radiio-Ljubuski-1490835324566332","https:\/\/x.com\/radioljubuski","https:\/\/hr.linkedin.com\/company\/radio-ljubuski","https:\/\/www.youtube.com\/channel\/UCHYaeO_n0Db3tjNGudGpXyw"]},{"@type":"Person","@id":"https:\/\/radioljubuski.ba\/#\/schema\/person\/19fc700381a780f69665d7956c469e3b","name":"Radio Ljubu\u0161ki"}]}},"_links":{"self":[{"href":"https:\/\/radioljubuski.ba\/index.php\/wp-json\/wp\/v2\/posts\/102652","targetHints":{"allow":["GET"]}}],"collection":[{"href":"https:\/\/radioljubuski.ba\/index.php\/wp-json\/wp\/v2\/posts"}],"about":[{"href":"https:\/\/radioljubuski.ba\/index.php\/wp-json\/wp\/v2\/types\/post"}],"author":[{"embeddable":true,"href":"https:\/\/radioljubuski.ba\/index.php\/wp-json\/wp\/v2\/users\/2"}],"replies":[{"embeddable":true,"href":"https:\/\/radioljubuski.ba\/index.php\/wp-json\/wp\/v2\/comments?post=102652"}],"version-history":[{"count":1,"href":"https:\/\/radioljubuski.ba\/index.php\/wp-json\/wp\/v2\/posts\/102652\/revisions"}],"predecessor-version":[{"id":102654,"href":"https:\/\/radioljubuski.ba\/index.php\/wp-json\/wp\/v2\/posts\/102652\/revisions\/102654"}],"wp:featuredmedia":[{"embeddable":true,"href":"https:\/\/radioljubuski.ba\/index.php\/wp-json\/wp\/v2\/media\/102653"}],"wp:attachment":[{"href":"https:\/\/radioljubuski.ba\/index.php\/wp-json\/wp\/v2\/media?parent=102652"}],"wp:term":[{"taxonomy":"category","embeddable":true,"href":"https:\/\/radioljubuski.ba\/index.php\/wp-json\/wp\/v2\/categories?post=102652"},{"taxonomy":"post_tag","embeddable":true,"href":"https:\/\/radioljubuski.ba\/index.php\/wp-json\/wp\/v2\/tags?post=102652"}],"curies":[{"name":"wp","href":"https:\/\/api.w.org\/{rel}","templated":true}]}}