{"id":102658,"date":"2021-12-23T00:31:51","date_gmt":"2021-12-22T23:31:51","guid":{"rendered":"https:\/\/radioljubuski.ba\/?p=102658"},"modified":"2021-12-23T00:31:51","modified_gmt":"2021-12-22T23:31:51","slug":"ciro-blazevic-imenovan-pocasnim-izbornikom","status":"publish","type":"post","link":"https:\/\/radioljubuski.ba\/index.php\/2021\/12\/23\/ciro-blazevic-imenovan-pocasnim-izbornikom\/","title":{"rendered":"\u0106iro Bla\u017eevi\u0107 imenovan po\u010dasnim izbornikom"},"content":{"rendered":"\n<p><strong>U zagreba\u010dkom hotelu Westin odr\u017eana je redovna Skup\u0161tina Hrvatskog nogometnog saveza (HNS) koja je pro\u0161la u mirnom i slavljeni\u010dkom tonu, bez iznena\u0111enja.<\/strong><\/p>\n\n\n\n<p>Sve je bilo vrlo brzo gotovo, za tek ne\u0161to vi\u0161e od 60 minuta. Na sjednici su prisustvovala 72 od 79 zastupnika.<\/p>\n\n\n\n<p>U svom govoru predsjednik Hrvatskog nogometnog saveza (HNS)&nbsp;<strong>Marijan Kusti\u0107&nbsp;<\/strong>je istaknuo kako unato\u010d izazovnoj, te\u0161koj pandemijskoj godini, mo\u017eemo biti ponosni \u0161to je hrvatski nogomet svojim uspjesima bio me\u0111u svijetlim to\u010dkama. Naglasiv\u0161i kako je plasman na Svjetsko prvenstvo svakako najljep\u0161a i najva\u017enija slika hrvatskog nogometa ove godine.<\/p>\n\n\n\n<p>&#8211; Iza nas je sjajna nogometna sezona, koja je rezultat i plod zajedni\u0161tva na\u0161e nogometne obitelji. Mo\u017eemo biti sretni i ponosni. Va\u017eno je \u0161to smo se plasirali u Katar i to bez dodatnih kvalifikacija. Na\u0161a Prva HNL nikada nije bila tako interesantna i zanimljiva, to pokazuje da se radi dobro. Nastavili smo i s ulaganjima u infrastrukturu, a ulo\u017eili smo i 3,5 milijuna kuna u \u017eenski nogomet. U 2021. smo napravili odli\u010dan temelj, a u idu\u0107oj \u0107emo, nadam se, napraviti jo\u0161 bolji rezultat. Nadam se i da \u0107e problemi s Covidom splasnuti ili nestati, poru\u010dio je Kusti\u0107 kojem je to bila prva sjednica Skup\u0161tine koju je vodio kao predsjednik.<\/p>\n\n\n\n<p>Zahvalio se \u010dlanovima i na jednoglasnoj podr\u0161ci koju je dobio na Izbornoj skup\u0161tini koja je odr\u017eana u srpnju ove godine te jo\u0161 jednom \u010destitao&nbsp;<strong>Zlatku Dali\u0107<\/strong>&nbsp;na plasmanu na SP 2022., kao i na prolazu u drugi krug Eura. Kusti\u0107 je \u010destitao i izborniku U-21 reprezentacije&nbsp;<strong>Igoru Bi\u0161\u0107anu<\/strong>&nbsp;na odli\u010dnim rezultatima mlade reprezentacije, kao i izborniku futsal reprezentacije te izbornicima reprezentacija mla\u0111ih uzrasta.<\/p>\n\n\n\n<p>Predsjednik HNS-a posebno se zahvalio&nbsp;<strong>Miroslavu Bla\u017eevi\u0107u&nbsp;<\/strong>na svemu \u0161to je u\u010dinio u hrvatskom sportu i nogometu. Skup\u0161tina je usvojila i prijedlog da \u0106iro postane po\u010dasni izbornik hrvatske vrste.<\/p>\n\n\n\n<p>&#8211; Izuzetno sam sretan i ponosan. Mi vi\u0161e nismo anonimni, ovo zadnje \u0161to smo napravili u Rusiji to je zahvaljuju\u0107i i svima vama. Kada ne \u0161tima vodstvo, to se manifestira i na terenu. Ponosan sam na ovu generaciju, no lak\u0161e je posti\u0107i nego sa\u010duvati. Mi smo sad favoriti, doprvaci svijeta. Morat \u0107emo jo\u0161 vi\u0161e raditi, ali vjerujem da \u0107emo na najve\u0107oj smotri igrati zna\u010dajnu ulogu. Rekao sam izborniku Zlatku Dali\u0107u da mo\u017eemo biti spokojni i ponosni. Hvala vam \u0161to ste me se sjetili, rekao je Bla\u017eevi\u0107 pred skup\u0161tinarima.<\/p>\n\n\n\n<p>Za 30 godina rada u hrvatskom nogometu prigodan poklon je dobila i<strong>&nbsp;Ivan\u010dica Sudac<\/strong>.<\/p>\n\n\n\n<p>&#8211; Hvala vam, 30 godina je brzo pro\u0161lo, a nadam se kako \u0107e idu\u0107ih 30 pro\u0107i jo\u0161 br\u017ee, naglasila je dugogodi\u0161nja voditeljica odjela za licenciranje i me\u0111unarodne poslove Hrvatskog nogometnog saveza.<\/p>\n\n\n\n<p>Uz biv\u0161eg izbornika &#8220;Vatrenih&#8221; Miroslava Bla\u017eevi\u0107a, skup\u0161tini je nazo\u010dio i aktualni strateg svjetskih doprvaka Zlatko Dali\u0107.<\/p>\n\n\n\n<p>U ime Europske nogometne federacije (UEFA) prisutnima se obratio&nbsp;<strong>Jozef Kliment<\/strong>&nbsp;iz Uefina odjela za nacionalne saveze.<\/p>\n\n\n\n<p>&#8211; Pro\u0161la godina je bila izazovna, morali smo odgoditi Euro, ali zahvaljuju\u0107i svih 55 saveza uspjeli smo u kontinuitetu nastaviti zapo\u010deto. Imali smo jo\u0161 jedan izazov, kada je nekoliko klubova odlu\u010dilo pokrenuti Superligu, ali smo uspjeli i u tome. Kako je rekao predsjednik Uefe, moramo za\u0161titi nogomet jer pripada svima. Sada imamo jo\u0161 jedan izazov, nakon \u0161to je Fifa predlo\u017eila Svjetsko prvenstvo svake dvije godine. Nadamo se da \u0107emo i u ovom slu\u010daju na\u0107i zadovoljavaju\u0107e rje\u0161enje, kazao je Kliment dodav\u0161i kako nije \u010dudno \u0161to Hrvatska posti\u017ee tako dobre rezultate.<\/p>\n\n\n\n<p>&#8211; HNS je po\u0161tovan unutar na\u0161e organizacije i obitelji, istaknuo je Kliment koji je na poklon dobio dres hrvatske reprezentacije s brojem 10.<\/p>\n\n\n\n<p>Izvor:hrt.hr<\/p>\n","protected":false},"excerpt":{"rendered":"<p>U zagreba\u010dkom hotelu Westin odr\u017eana je redovna Skup\u0161tina Hrvatskog nogometnog saveza (HNS) koja je pro\u0161la u mirnom i slavljeni\u010dkom tonu, bez iznena\u0111enja. Sve je bilo vrlo brzo gotovo, za tek ne\u0161to vi\u0161e od 60 minuta. Na sjednici su prisustvovala 72 od 79 zastupnika. U svom govoru predsjednik Hrvatskog nogometnog saveza (HNS)&nbsp;Marijan Kusti\u0107&nbsp;je istaknuo kako unato\u010d [&hellip;]<\/p>\n","protected":false},"author":2,"featured_media":102659,"comment_status":"closed","ping_status":"closed","sticky":false,"template":"","format":"standard","meta":{"h5ap_radio_sources":[],"footnotes":""},"categories":[7],"tags":[],"class_list":["post-102658","post","type-post","status-publish","format-standard","has-post-thumbnail","hentry","category-sport"],"yoast_head":"<!-- This site is optimized with the Yoast SEO plugin v27.4 - https:\/\/yoast.com\/product\/yoast-seo-wordpress\/ -->\n<title>\u0106iro Bla\u017eevi\u0107 imenovan po\u010dasnim izbornikom - RADIO LJUBU\u0160KI<\/title>\n<meta name=\"robots\" content=\"index, follow, max-snippet:-1, max-image-preview:large, max-video-preview:-1\" \/>\n<link rel=\"canonical\" href=\"https:\/\/radioljubuski.ba\/index.php\/2021\/12\/23\/ciro-blazevic-imenovan-pocasnim-izbornikom\/\" \/>\n<meta property=\"og:locale\" content=\"hr_HR\" \/>\n<meta property=\"og:type\" content=\"article\" \/>\n<meta property=\"og:title\" content=\"\u0106iro Bla\u017eevi\u0107 imenovan po\u010dasnim izbornikom - RADIO LJUBU\u0160KI\" \/>\n<meta property=\"og:description\" content=\"U zagreba\u010dkom hotelu Westin odr\u017eana je redovna Skup\u0161tina Hrvatskog nogometnog saveza (HNS) koja je pro\u0161la u mirnom i slavljeni\u010dkom tonu, bez iznena\u0111enja. Sve je bilo vrlo brzo gotovo, za tek ne\u0161to vi\u0161e od 60 minuta. Na sjednici su prisustvovala 72 od 79 zastupnika. U svom govoru predsjednik Hrvatskog nogometnog saveza (HNS)&nbsp;Marijan Kusti\u0107&nbsp;je istaknuo kako unato\u010d [&hellip;]\" \/>\n<meta property=\"og:url\" content=\"https:\/\/radioljubuski.ba\/index.php\/2021\/12\/23\/ciro-blazevic-imenovan-pocasnim-izbornikom\/\" \/>\n<meta property=\"og:site_name\" content=\"RADIO LJUBU\u0160KI\" \/>\n<meta property=\"article:publisher\" content=\"https:\/\/www.facebook.com\/Radiio-Ljubuski-1490835324566332\" \/>\n<meta property=\"article:published_time\" content=\"2021-12-22T23:31:51+00:00\" \/>\n<meta property=\"og:image\" content=\"https:\/\/radioljubuski.ba\/wp-content\/uploads\/2021\/12\/pxl-161221-91174597-20211222164846.jpg\" \/>\n\t<meta property=\"og:image:width\" content=\"1600\" \/>\n\t<meta property=\"og:image:height\" content=\"1159\" \/>\n\t<meta property=\"og:image:type\" content=\"image\/jpeg\" \/>\n<meta name=\"author\" content=\"Radio Ljubu\u0161ki\" \/>\n<meta name=\"twitter:card\" content=\"summary_large_image\" \/>\n<meta name=\"twitter:creator\" content=\"@radioljubuski\" \/>\n<meta name=\"twitter:site\" content=\"@radioljubuski\" \/>\n<meta name=\"twitter:label1\" content=\"Napisao\/la\" \/>\n\t<meta name=\"twitter:data1\" content=\"Radio Ljubu\u0161ki\" \/>\n\t<meta name=\"twitter:label2\" content=\"Procijenjeno vrijeme \u010ditanja\" \/>\n\t<meta name=\"twitter:data2\" content=\"3 minute\" \/>\n<script type=\"application\/ld+json\" class=\"yoast-schema-graph\">{\"@context\":\"https:\\\/\\\/schema.org\",\"@graph\":[{\"@type\":\"Article\",\"@id\":\"https:\\\/\\\/radioljubuski.ba\\\/index.php\\\/2021\\\/12\\\/23\\\/ciro-blazevic-imenovan-pocasnim-izbornikom\\\/#article\",\"isPartOf\":{\"@id\":\"https:\\\/\\\/radioljubuski.ba\\\/index.php\\\/2021\\\/12\\\/23\\\/ciro-blazevic-imenovan-pocasnim-izbornikom\\\/\"},\"author\":{\"name\":\"Radio Ljubu\u0161ki\",\"@id\":\"https:\\\/\\\/radioljubuski.ba\\\/#\\\/schema\\\/person\\\/19fc700381a780f69665d7956c469e3b\"},\"headline\":\"\u0106iro Bla\u017eevi\u0107 imenovan po\u010dasnim izbornikom\",\"datePublished\":\"2021-12-22T23:31:51+00:00\",\"mainEntityOfPage\":{\"@id\":\"https:\\\/\\\/radioljubuski.ba\\\/index.php\\\/2021\\\/12\\\/23\\\/ciro-blazevic-imenovan-pocasnim-izbornikom\\\/\"},\"wordCount\":653,\"publisher\":{\"@id\":\"https:\\\/\\\/radioljubuski.ba\\\/#organization\"},\"image\":{\"@id\":\"https:\\\/\\\/radioljubuski.ba\\\/index.php\\\/2021\\\/12\\\/23\\\/ciro-blazevic-imenovan-pocasnim-izbornikom\\\/#primaryimage\"},\"thumbnailUrl\":\"https:\\\/\\\/radioljubuski.ba\\\/wp-content\\\/uploads\\\/2021\\\/12\\\/pxl-161221-91174597-20211222164846.jpg\",\"articleSection\":[\"\u0160port\"],\"inLanguage\":\"hr\"},{\"@type\":\"WebPage\",\"@id\":\"https:\\\/\\\/radioljubuski.ba\\\/index.php\\\/2021\\\/12\\\/23\\\/ciro-blazevic-imenovan-pocasnim-izbornikom\\\/\",\"url\":\"https:\\\/\\\/radioljubuski.ba\\\/index.php\\\/2021\\\/12\\\/23\\\/ciro-blazevic-imenovan-pocasnim-izbornikom\\\/\",\"name\":\"\u0106iro Bla\u017eevi\u0107 imenovan po\u010dasnim izbornikom - RADIO LJUBU\u0160KI\",\"isPartOf\":{\"@id\":\"https:\\\/\\\/radioljubuski.ba\\\/#website\"},\"primaryImageOfPage\":{\"@id\":\"https:\\\/\\\/radioljubuski.ba\\\/index.php\\\/2021\\\/12\\\/23\\\/ciro-blazevic-imenovan-pocasnim-izbornikom\\\/#primaryimage\"},\"image\":{\"@id\":\"https:\\\/\\\/radioljubuski.ba\\\/index.php\\\/2021\\\/12\\\/23\\\/ciro-blazevic-imenovan-pocasnim-izbornikom\\\/#primaryimage\"},\"thumbnailUrl\":\"https:\\\/\\\/radioljubuski.ba\\\/wp-content\\\/uploads\\\/2021\\\/12\\\/pxl-161221-91174597-20211222164846.jpg\",\"datePublished\":\"2021-12-22T23:31:51+00:00\",\"breadcrumb\":{\"@id\":\"https:\\\/\\\/radioljubuski.ba\\\/index.php\\\/2021\\\/12\\\/23\\\/ciro-blazevic-imenovan-pocasnim-izbornikom\\\/#breadcrumb\"},\"inLanguage\":\"hr\",\"potentialAction\":[{\"@type\":\"ReadAction\",\"target\":[\"https:\\\/\\\/radioljubuski.ba\\\/index.php\\\/2021\\\/12\\\/23\\\/ciro-blazevic-imenovan-pocasnim-izbornikom\\\/\"]}]},{\"@type\":\"ImageObject\",\"inLanguage\":\"hr\",\"@id\":\"https:\\\/\\\/radioljubuski.ba\\\/index.php\\\/2021\\\/12\\\/23\\\/ciro-blazevic-imenovan-pocasnim-izbornikom\\\/#primaryimage\",\"url\":\"https:\\\/\\\/radioljubuski.ba\\\/wp-content\\\/uploads\\\/2021\\\/12\\\/pxl-161221-91174597-20211222164846.jpg\",\"contentUrl\":\"https:\\\/\\\/radioljubuski.ba\\\/wp-content\\\/uploads\\\/2021\\\/12\\\/pxl-161221-91174597-20211222164846.jpg\",\"width\":1600,\"height\":1159,\"caption\":\"16.12.2021., Zagreb - Kaptol Boutiqe, odrzana je premijera dokumentarnog filma Miroslav Ciro Blazevic - Nikad ispricina prica, autora Sabahudina Topalbecirevica. Zlatko Dalic Photo: Marko Lukunic\\\/PIXSELL\"},{\"@type\":\"BreadcrumbList\",\"@id\":\"https:\\\/\\\/radioljubuski.ba\\\/index.php\\\/2021\\\/12\\\/23\\\/ciro-blazevic-imenovan-pocasnim-izbornikom\\\/#breadcrumb\",\"itemListElement\":[{\"@type\":\"ListItem\",\"position\":1,\"name\":\"Po\u010detna stranica\",\"item\":\"https:\\\/\\\/radioljubuski.ba\\\/\"},{\"@type\":\"ListItem\",\"position\":2,\"name\":\"\u0106iro Bla\u017eevi\u0107 imenovan po\u010dasnim izbornikom\"}]},{\"@type\":\"WebSite\",\"@id\":\"https:\\\/\\\/radioljubuski.ba\\\/#website\",\"url\":\"https:\\\/\\\/radioljubuski.ba\\\/\",\"name\":\"Radio Ljubu\u0161ki\",\"description\":\"Sun\u010dana frekvencija Hercegovine\",\"publisher\":{\"@id\":\"https:\\\/\\\/radioljubuski.ba\\\/#organization\"},\"potentialAction\":[{\"@type\":\"SearchAction\",\"target\":{\"@type\":\"EntryPoint\",\"urlTemplate\":\"https:\\\/\\\/radioljubuski.ba\\\/?s={search_term_string}\"},\"query-input\":{\"@type\":\"PropertyValueSpecification\",\"valueRequired\":true,\"valueName\":\"search_term_string\"}}],\"inLanguage\":\"hr\"},{\"@type\":\"Organization\",\"@id\":\"https:\\\/\\\/radioljubuski.ba\\\/#organization\",\"name\":\"Radio Ljubu\u0161ki\",\"url\":\"https:\\\/\\\/radioljubuski.ba\\\/\",\"logo\":{\"@type\":\"ImageObject\",\"inLanguage\":\"hr\",\"@id\":\"https:\\\/\\\/radioljubuski.ba\\\/#\\\/schema\\\/logo\\\/image\\\/\",\"url\":\"https:\\\/\\\/radioljubuski.ba\\\/wp-content\\\/uploads\\\/2021\\\/02\\\/cropped-Radio_Ljubuski_logo1.jpg\",\"contentUrl\":\"https:\\\/\\\/radioljubuski.ba\\\/wp-content\\\/uploads\\\/2021\\\/02\\\/cropped-Radio_Ljubuski_logo1.jpg\",\"width\":512,\"height\":512,\"caption\":\"Radio Ljubu\u0161ki\"},\"image\":{\"@id\":\"https:\\\/\\\/radioljubuski.ba\\\/#\\\/schema\\\/logo\\\/image\\\/\"},\"sameAs\":[\"https:\\\/\\\/www.facebook.com\\\/Radiio-Ljubuski-1490835324566332\",\"https:\\\/\\\/x.com\\\/radioljubuski\",\"https:\\\/\\\/hr.linkedin.com\\\/company\\\/radio-ljubuski\",\"https:\\\/\\\/www.youtube.com\\\/channel\\\/UCHYaeO_n0Db3tjNGudGpXyw\"]},{\"@type\":\"Person\",\"@id\":\"https:\\\/\\\/radioljubuski.ba\\\/#\\\/schema\\\/person\\\/19fc700381a780f69665d7956c469e3b\",\"name\":\"Radio Ljubu\u0161ki\"}]}<\/script>\n<!-- \/ Yoast SEO plugin. -->","yoast_head_json":{"title":"\u0106iro Bla\u017eevi\u0107 imenovan po\u010dasnim izbornikom - RADIO LJUBU\u0160KI","robots":{"index":"index","follow":"follow","max-snippet":"max-snippet:-1","max-image-preview":"max-image-preview:large","max-video-preview":"max-video-preview:-1"},"canonical":"https:\/\/radioljubuski.ba\/index.php\/2021\/12\/23\/ciro-blazevic-imenovan-pocasnim-izbornikom\/","og_locale":"hr_HR","og_type":"article","og_title":"\u0106iro Bla\u017eevi\u0107 imenovan po\u010dasnim izbornikom - RADIO LJUBU\u0160KI","og_description":"U zagreba\u010dkom hotelu Westin odr\u017eana je redovna Skup\u0161tina Hrvatskog nogometnog saveza (HNS) koja je pro\u0161la u mirnom i slavljeni\u010dkom tonu, bez iznena\u0111enja. Sve je bilo vrlo brzo gotovo, za tek ne\u0161to vi\u0161e od 60 minuta. Na sjednici su prisustvovala 72 od 79 zastupnika. U svom govoru predsjednik Hrvatskog nogometnog saveza (HNS)&nbsp;Marijan Kusti\u0107&nbsp;je istaknuo kako unato\u010d [&hellip;]","og_url":"https:\/\/radioljubuski.ba\/index.php\/2021\/12\/23\/ciro-blazevic-imenovan-pocasnim-izbornikom\/","og_site_name":"RADIO LJUBU\u0160KI","article_publisher":"https:\/\/www.facebook.com\/Radiio-Ljubuski-1490835324566332","article_published_time":"2021-12-22T23:31:51+00:00","og_image":[{"width":1600,"height":1159,"url":"https:\/\/radioljubuski.ba\/wp-content\/uploads\/2021\/12\/pxl-161221-91174597-20211222164846.jpg","type":"image\/jpeg"}],"author":"Radio Ljubu\u0161ki","twitter_card":"summary_large_image","twitter_creator":"@radioljubuski","twitter_site":"@radioljubuski","twitter_misc":{"Napisao\/la":"Radio Ljubu\u0161ki","Procijenjeno vrijeme \u010ditanja":"3 minute"},"schema":{"@context":"https:\/\/schema.org","@graph":[{"@type":"Article","@id":"https:\/\/radioljubuski.ba\/index.php\/2021\/12\/23\/ciro-blazevic-imenovan-pocasnim-izbornikom\/#article","isPartOf":{"@id":"https:\/\/radioljubuski.ba\/index.php\/2021\/12\/23\/ciro-blazevic-imenovan-pocasnim-izbornikom\/"},"author":{"name":"Radio Ljubu\u0161ki","@id":"https:\/\/radioljubuski.ba\/#\/schema\/person\/19fc700381a780f69665d7956c469e3b"},"headline":"\u0106iro Bla\u017eevi\u0107 imenovan po\u010dasnim izbornikom","datePublished":"2021-12-22T23:31:51+00:00","mainEntityOfPage":{"@id":"https:\/\/radioljubuski.ba\/index.php\/2021\/12\/23\/ciro-blazevic-imenovan-pocasnim-izbornikom\/"},"wordCount":653,"publisher":{"@id":"https:\/\/radioljubuski.ba\/#organization"},"image":{"@id":"https:\/\/radioljubuski.ba\/index.php\/2021\/12\/23\/ciro-blazevic-imenovan-pocasnim-izbornikom\/#primaryimage"},"thumbnailUrl":"https:\/\/radioljubuski.ba\/wp-content\/uploads\/2021\/12\/pxl-161221-91174597-20211222164846.jpg","articleSection":["\u0160port"],"inLanguage":"hr"},{"@type":"WebPage","@id":"https:\/\/radioljubuski.ba\/index.php\/2021\/12\/23\/ciro-blazevic-imenovan-pocasnim-izbornikom\/","url":"https:\/\/radioljubuski.ba\/index.php\/2021\/12\/23\/ciro-blazevic-imenovan-pocasnim-izbornikom\/","name":"\u0106iro Bla\u017eevi\u0107 imenovan po\u010dasnim izbornikom - RADIO LJUBU\u0160KI","isPartOf":{"@id":"https:\/\/radioljubuski.ba\/#website"},"primaryImageOfPage":{"@id":"https:\/\/radioljubuski.ba\/index.php\/2021\/12\/23\/ciro-blazevic-imenovan-pocasnim-izbornikom\/#primaryimage"},"image":{"@id":"https:\/\/radioljubuski.ba\/index.php\/2021\/12\/23\/ciro-blazevic-imenovan-pocasnim-izbornikom\/#primaryimage"},"thumbnailUrl":"https:\/\/radioljubuski.ba\/wp-content\/uploads\/2021\/12\/pxl-161221-91174597-20211222164846.jpg","datePublished":"2021-12-22T23:31:51+00:00","breadcrumb":{"@id":"https:\/\/radioljubuski.ba\/index.php\/2021\/12\/23\/ciro-blazevic-imenovan-pocasnim-izbornikom\/#breadcrumb"},"inLanguage":"hr","potentialAction":[{"@type":"ReadAction","target":["https:\/\/radioljubuski.ba\/index.php\/2021\/12\/23\/ciro-blazevic-imenovan-pocasnim-izbornikom\/"]}]},{"@type":"ImageObject","inLanguage":"hr","@id":"https:\/\/radioljubuski.ba\/index.php\/2021\/12\/23\/ciro-blazevic-imenovan-pocasnim-izbornikom\/#primaryimage","url":"https:\/\/radioljubuski.ba\/wp-content\/uploads\/2021\/12\/pxl-161221-91174597-20211222164846.jpg","contentUrl":"https:\/\/radioljubuski.ba\/wp-content\/uploads\/2021\/12\/pxl-161221-91174597-20211222164846.jpg","width":1600,"height":1159,"caption":"16.12.2021., Zagreb - Kaptol Boutiqe, odrzana je premijera dokumentarnog filma Miroslav Ciro Blazevic - Nikad ispricina prica, autora Sabahudina Topalbecirevica. Zlatko Dalic Photo: Marko Lukunic\/PIXSELL"},{"@type":"BreadcrumbList","@id":"https:\/\/radioljubuski.ba\/index.php\/2021\/12\/23\/ciro-blazevic-imenovan-pocasnim-izbornikom\/#breadcrumb","itemListElement":[{"@type":"ListItem","position":1,"name":"Po\u010detna stranica","item":"https:\/\/radioljubuski.ba\/"},{"@type":"ListItem","position":2,"name":"\u0106iro Bla\u017eevi\u0107 imenovan po\u010dasnim izbornikom"}]},{"@type":"WebSite","@id":"https:\/\/radioljubuski.ba\/#website","url":"https:\/\/radioljubuski.ba\/","name":"Radio Ljubu\u0161ki","description":"Sun\u010dana frekvencija Hercegovine","publisher":{"@id":"https:\/\/radioljubuski.ba\/#organization"},"potentialAction":[{"@type":"SearchAction","target":{"@type":"EntryPoint","urlTemplate":"https:\/\/radioljubuski.ba\/?s={search_term_string}"},"query-input":{"@type":"PropertyValueSpecification","valueRequired":true,"valueName":"search_term_string"}}],"inLanguage":"hr"},{"@type":"Organization","@id":"https:\/\/radioljubuski.ba\/#organization","name":"Radio Ljubu\u0161ki","url":"https:\/\/radioljubuski.ba\/","logo":{"@type":"ImageObject","inLanguage":"hr","@id":"https:\/\/radioljubuski.ba\/#\/schema\/logo\/image\/","url":"https:\/\/radioljubuski.ba\/wp-content\/uploads\/2021\/02\/cropped-Radio_Ljubuski_logo1.jpg","contentUrl":"https:\/\/radioljubuski.ba\/wp-content\/uploads\/2021\/02\/cropped-Radio_Ljubuski_logo1.jpg","width":512,"height":512,"caption":"Radio Ljubu\u0161ki"},"image":{"@id":"https:\/\/radioljubuski.ba\/#\/schema\/logo\/image\/"},"sameAs":["https:\/\/www.facebook.com\/Radiio-Ljubuski-1490835324566332","https:\/\/x.com\/radioljubuski","https:\/\/hr.linkedin.com\/company\/radio-ljubuski","https:\/\/www.youtube.com\/channel\/UCHYaeO_n0Db3tjNGudGpXyw"]},{"@type":"Person","@id":"https:\/\/radioljubuski.ba\/#\/schema\/person\/19fc700381a780f69665d7956c469e3b","name":"Radio Ljubu\u0161ki"}]}},"_links":{"self":[{"href":"https:\/\/radioljubuski.ba\/index.php\/wp-json\/wp\/v2\/posts\/102658","targetHints":{"allow":["GET"]}}],"collection":[{"href":"https:\/\/radioljubuski.ba\/index.php\/wp-json\/wp\/v2\/posts"}],"about":[{"href":"https:\/\/radioljubuski.ba\/index.php\/wp-json\/wp\/v2\/types\/post"}],"author":[{"embeddable":true,"href":"https:\/\/radioljubuski.ba\/index.php\/wp-json\/wp\/v2\/users\/2"}],"replies":[{"embeddable":true,"href":"https:\/\/radioljubuski.ba\/index.php\/wp-json\/wp\/v2\/comments?post=102658"}],"version-history":[{"count":1,"href":"https:\/\/radioljubuski.ba\/index.php\/wp-json\/wp\/v2\/posts\/102658\/revisions"}],"predecessor-version":[{"id":102660,"href":"https:\/\/radioljubuski.ba\/index.php\/wp-json\/wp\/v2\/posts\/102658\/revisions\/102660"}],"wp:featuredmedia":[{"embeddable":true,"href":"https:\/\/radioljubuski.ba\/index.php\/wp-json\/wp\/v2\/media\/102659"}],"wp:attachment":[{"href":"https:\/\/radioljubuski.ba\/index.php\/wp-json\/wp\/v2\/media?parent=102658"}],"wp:term":[{"taxonomy":"category","embeddable":true,"href":"https:\/\/radioljubuski.ba\/index.php\/wp-json\/wp\/v2\/categories?post=102658"},{"taxonomy":"post_tag","embeddable":true,"href":"https:\/\/radioljubuski.ba\/index.php\/wp-json\/wp\/v2\/tags?post=102658"}],"curies":[{"name":"wp","href":"https:\/\/api.w.org\/{rel}","templated":true}]}}