{"id":102661,"date":"2021-12-23T00:33:49","date_gmt":"2021-12-22T23:33:49","guid":{"rendered":"https:\/\/radioljubuski.ba\/?p=102661"},"modified":"2021-12-23T00:33:51","modified_gmt":"2021-12-22T23:33:51","slug":"dalic-o-sjajnoj-godini-za-hrvatski-nogomet","status":"publish","type":"post","link":"https:\/\/radioljubuski.ba\/index.php\/2021\/12\/23\/dalic-o-sjajnoj-godini-za-hrvatski-nogomet\/","title":{"rendered":"Dali\u0107 o sjajnoj godini za hrvatski nogomet"},"content":{"rendered":"\n<p><strong>&#8211; Iza nas je sjajna nogometna godina, bila je te\u0161ka, ali je na kraju uspje\u0161na i sretna, kazao je izbornik hrvatske nogometne reprezentacije Zlatko Dali\u0107 nakon redovne Skup\u0161tine Hrvatskog nogometnog saveza (HNS) koja je odr\u017eana u zagreba\u010dkom hotelu Westin.<\/strong><\/p>\n\n\n\n<p>&#8211; Bila je to sjajna nogometna godina, bila je te\u0161ka, ali na kraju uspje\u0161na i sretna. Imamo i najbolju Prvu HNL do sada \u0161to govori i broj igra\u010da iz hrvatskih klubova u reprezentaciji. Idu\u0107e godine nas o\u010dekuje veliko natjecanje, Svjetsko prvenstvo, a fokus je na njemu, kazao je hrvatski strateg.<\/p>\n\n\n\n<p>Dali\u0107 je najavio kako \u0107e Vatreni u o\u017eujku odigrati dvije prijateljske utakmice, najvjerojatnije u Dohi kako bi se upoznali s podnebljem i lak\u0161e aklimatizirali za World Cup.<\/p>\n\n\n\n<p>&#8211; U o\u017eujku \u0107emo imati dva ispita, najvjerojatnije u Dohi, ali jo\u0161 ne mo\u017eemo potvrditi imena suparnika, dodao je.<\/p>\n\n\n\n<p>Osvrnuo se i na ulazak<strong>&nbsp;Vedrana \u0106orluke&nbsp;<\/strong>i&nbsp;<strong>Marija Mand\u017euki\u0107a&nbsp;<\/strong>u sto\u017eer svjetskih doprvaka. Sprema li mo\u017eda jo\u0161 neko iznena\u0111enje?<\/p>\n\n\n\n<p>&#8211; Bilo je dosta iznena\u0111enja, naravno \u0161alim se, kazao je te nastavio: &#8211; Na\u0161 cilj je \u0161to vi\u0161e vatrenih uklju\u010diti u sto\u017eer, nitko nije pozvaniji od njih da sudjeluje u radu reprezentacije. Veselim se \u0161to su upisali trenerske \u0161kole i dok sam ja izbornik moj \u0107e cilj biti \u0161to vi\u0161e ih uklju\u010diti. Malo je \u010dudno \u0161to je prvi posao odmah u reprezentaciji, ali njihovo iskustvo i karijere im daju na tome. \u0160to se ti\u010de sto\u017eera, mi smo ga kompletirali.<\/p>\n\n\n\n<iframe loading=\"lazy\" src=\"https:\/\/www.facebook.com\/plugins\/video.php?height=476&#038;href=https%3A%2F%2Fwww.facebook.com%2FHRTsport%2Fvideos%2F900827820796582%2F&#038;show_text=false&#038;width=476&#038;t=0\" width=\"476\" height=\"476\" style=\"border:none;overflow:hidden\" scrolling=\"no\" frameborder=\"0\" allowfullscreen=\"true\" allow=\"autoplay; clipboard-write; encrypted-media; picture-in-picture; web-share\" allowFullScreen=\"true\"><\/iframe>\n\n\n\n<p>Izbornik je bio prepun pohvala za mlade snage koje dolaze, ali i naglasio kako mogu biti sretni \u0161to uz sebe imaju senatore kao \u0161to su&nbsp;<strong>Luka Modri\u0107, Ivan Peri\u0161i\u0107<\/strong>&nbsp;i drugi i uz koje mogu samo napredovati.<\/p>\n\n\n\n<p>&#8211; Netko \u0107e napraviti veliki rezultat jer dolaze sjajne generacije mladih igra\u010da.&nbsp;<strong>Gvardiol<\/strong>,&nbsp;<strong>Sosa<\/strong>,&nbsp;<strong>Brekalo&nbsp;<\/strong>to su ve\u0107 pokazali. Ima ih jo\u0161 koji kucaju na vrata reprezentacije. Hrvatska ima mir idu\u0107ih 10 godina, ali bez senatora oni to ne bi mogli napraviti. Mogu biti sretni \u0161to uz sebe imaju igra\u010de kao \u0161to su Luka Modri\u0107, Ivan Peri\u0161i\u0107&#8230;, istaknuo je izbornik.<\/p>\n\n\n\n<p>Dali\u0107 je komentirao i potez vodstva HNS-a koje je na Skup\u0161tini proglasilo<strong>&nbsp;Miroslava Bla\u017eevi\u0107a<\/strong>&nbsp;&#8220;po\u010dasnim izbornikom.&#8221;<\/p>\n\n\n\n<p>&#8211; Moram pohvaliti Savez na sjajnoj reakciji. \u0106iro je za mene puno napravio, bio je moj u\u010ditelj, trenerski mentor. Uvijek je vjerovao u mene. Uvijek je gurao pozitivu. Mogu mu zahvaliti na vjeri u nas i za sve \u0161to je u\u010dinio u hrvatskom nogometu. Ovo je sjajna stvar \u0161to je \u0106iro dobio priznanje. Mogu u Kataru biti prvi, ali trener svih trenera je \u0106iro, zaklju\u010dio je Dali\u0107.<\/p>\n\n\n\n<p>Izvor:hrt.hr<\/p>\n","protected":false},"excerpt":{"rendered":"<p>&#8211; Iza nas je sjajna nogometna godina, bila je te\u0161ka, ali je na kraju uspje\u0161na i sretna, kazao je izbornik hrvatske nogometne reprezentacije Zlatko Dali\u0107 nakon redovne Skup\u0161tine Hrvatskog nogometnog saveza (HNS) koja je odr\u017eana u zagreba\u010dkom hotelu Westin. &#8211; Bila je to sjajna nogometna godina, bila je te\u0161ka, ali na kraju uspje\u0161na i sretna. [&hellip;]<\/p>\n","protected":false},"author":2,"featured_media":0,"comment_status":"closed","ping_status":"closed","sticky":false,"template":"","format":"standard","meta":{"h5ap_radio_sources":[],"footnotes":""},"categories":[7],"tags":[],"class_list":["post-102661","post","type-post","status-publish","format-standard","hentry","category-sport"],"yoast_head":"<!-- This site is optimized with the Yoast SEO plugin v27.4 - https:\/\/yoast.com\/product\/yoast-seo-wordpress\/ -->\n<title>Dali\u0107 o sjajnoj godini za hrvatski nogomet - RADIO LJUBU\u0160KI<\/title>\n<meta name=\"robots\" content=\"index, follow, max-snippet:-1, max-image-preview:large, max-video-preview:-1\" \/>\n<link rel=\"canonical\" href=\"https:\/\/radioljubuski.ba\/index.php\/2021\/12\/23\/dalic-o-sjajnoj-godini-za-hrvatski-nogomet\/\" \/>\n<meta property=\"og:locale\" content=\"hr_HR\" \/>\n<meta property=\"og:type\" content=\"article\" \/>\n<meta property=\"og:title\" content=\"Dali\u0107 o sjajnoj godini za hrvatski nogomet - RADIO LJUBU\u0160KI\" \/>\n<meta property=\"og:description\" content=\"&#8211; Iza nas je sjajna nogometna godina, bila je te\u0161ka, ali je na kraju uspje\u0161na i sretna, kazao je izbornik hrvatske nogometne reprezentacije Zlatko Dali\u0107 nakon redovne Skup\u0161tine Hrvatskog nogometnog saveza (HNS) koja je odr\u017eana u zagreba\u010dkom hotelu Westin. &#8211; Bila je to sjajna nogometna godina, bila je te\u0161ka, ali na kraju uspje\u0161na i sretna. [&hellip;]\" \/>\n<meta property=\"og:url\" content=\"https:\/\/radioljubuski.ba\/index.php\/2021\/12\/23\/dalic-o-sjajnoj-godini-za-hrvatski-nogomet\/\" \/>\n<meta property=\"og:site_name\" content=\"RADIO LJUBU\u0160KI\" \/>\n<meta property=\"article:publisher\" content=\"https:\/\/www.facebook.com\/Radiio-Ljubuski-1490835324566332\" \/>\n<meta property=\"article:published_time\" content=\"2021-12-22T23:33:49+00:00\" \/>\n<meta property=\"article:modified_time\" content=\"2021-12-22T23:33:51+00:00\" \/>\n<meta property=\"og:image\" content=\"https:\/\/radioljubuski.ba\/wp-content\/uploads\/2021\/12\/HN20211004218046.jpg\" \/>\n\t<meta property=\"og:image:width\" content=\"1024\" \/>\n\t<meta property=\"og:image:height\" content=\"705\" \/>\n\t<meta property=\"og:image:type\" content=\"image\/jpeg\" \/>\n<meta name=\"author\" content=\"Radio Ljubu\u0161ki\" \/>\n<meta name=\"twitter:card\" content=\"summary_large_image\" \/>\n<meta name=\"twitter:creator\" content=\"@radioljubuski\" \/>\n<meta name=\"twitter:site\" content=\"@radioljubuski\" \/>\n<meta name=\"twitter:label1\" content=\"Napisao\/la\" \/>\n\t<meta name=\"twitter:data1\" content=\"Radio Ljubu\u0161ki\" \/>\n\t<meta name=\"twitter:label2\" content=\"Procijenjeno vrijeme \u010ditanja\" \/>\n\t<meta name=\"twitter:data2\" content=\"2 minute\" \/>\n<script type=\"application\/ld+json\" class=\"yoast-schema-graph\">{\"@context\":\"https:\\\/\\\/schema.org\",\"@graph\":[{\"@type\":\"Article\",\"@id\":\"https:\\\/\\\/radioljubuski.ba\\\/index.php\\\/2021\\\/12\\\/23\\\/dalic-o-sjajnoj-godini-za-hrvatski-nogomet\\\/#article\",\"isPartOf\":{\"@id\":\"https:\\\/\\\/radioljubuski.ba\\\/index.php\\\/2021\\\/12\\\/23\\\/dalic-o-sjajnoj-godini-za-hrvatski-nogomet\\\/\"},\"author\":{\"name\":\"Radio Ljubu\u0161ki\",\"@id\":\"https:\\\/\\\/radioljubuski.ba\\\/#\\\/schema\\\/person\\\/19fc700381a780f69665d7956c469e3b\"},\"headline\":\"Dali\u0107 o sjajnoj godini za hrvatski nogomet\",\"datePublished\":\"2021-12-22T23:33:49+00:00\",\"dateModified\":\"2021-12-22T23:33:51+00:00\",\"mainEntityOfPage\":{\"@id\":\"https:\\\/\\\/radioljubuski.ba\\\/index.php\\\/2021\\\/12\\\/23\\\/dalic-o-sjajnoj-godini-za-hrvatski-nogomet\\\/\"},\"wordCount\":474,\"publisher\":{\"@id\":\"https:\\\/\\\/radioljubuski.ba\\\/#organization\"},\"articleSection\":[\"\u0160port\"],\"inLanguage\":\"hr\"},{\"@type\":\"WebPage\",\"@id\":\"https:\\\/\\\/radioljubuski.ba\\\/index.php\\\/2021\\\/12\\\/23\\\/dalic-o-sjajnoj-godini-za-hrvatski-nogomet\\\/\",\"url\":\"https:\\\/\\\/radioljubuski.ba\\\/index.php\\\/2021\\\/12\\\/23\\\/dalic-o-sjajnoj-godini-za-hrvatski-nogomet\\\/\",\"name\":\"Dali\u0107 o sjajnoj godini za hrvatski nogomet - RADIO LJUBU\u0160KI\",\"isPartOf\":{\"@id\":\"https:\\\/\\\/radioljubuski.ba\\\/#website\"},\"datePublished\":\"2021-12-22T23:33:49+00:00\",\"dateModified\":\"2021-12-22T23:33:51+00:00\",\"breadcrumb\":{\"@id\":\"https:\\\/\\\/radioljubuski.ba\\\/index.php\\\/2021\\\/12\\\/23\\\/dalic-o-sjajnoj-godini-za-hrvatski-nogomet\\\/#breadcrumb\"},\"inLanguage\":\"hr\",\"potentialAction\":[{\"@type\":\"ReadAction\",\"target\":[\"https:\\\/\\\/radioljubuski.ba\\\/index.php\\\/2021\\\/12\\\/23\\\/dalic-o-sjajnoj-godini-za-hrvatski-nogomet\\\/\"]}]},{\"@type\":\"BreadcrumbList\",\"@id\":\"https:\\\/\\\/radioljubuski.ba\\\/index.php\\\/2021\\\/12\\\/23\\\/dalic-o-sjajnoj-godini-za-hrvatski-nogomet\\\/#breadcrumb\",\"itemListElement\":[{\"@type\":\"ListItem\",\"position\":1,\"name\":\"Po\u010detna stranica\",\"item\":\"https:\\\/\\\/radioljubuski.ba\\\/\"},{\"@type\":\"ListItem\",\"position\":2,\"name\":\"Dali\u0107 o sjajnoj godini za hrvatski nogomet\"}]},{\"@type\":\"WebSite\",\"@id\":\"https:\\\/\\\/radioljubuski.ba\\\/#website\",\"url\":\"https:\\\/\\\/radioljubuski.ba\\\/\",\"name\":\"Radio Ljubu\u0161ki\",\"description\":\"Sun\u010dana frekvencija Hercegovine\",\"publisher\":{\"@id\":\"https:\\\/\\\/radioljubuski.ba\\\/#organization\"},\"potentialAction\":[{\"@type\":\"SearchAction\",\"target\":{\"@type\":\"EntryPoint\",\"urlTemplate\":\"https:\\\/\\\/radioljubuski.ba\\\/?s={search_term_string}\"},\"query-input\":{\"@type\":\"PropertyValueSpecification\",\"valueRequired\":true,\"valueName\":\"search_term_string\"}}],\"inLanguage\":\"hr\"},{\"@type\":\"Organization\",\"@id\":\"https:\\\/\\\/radioljubuski.ba\\\/#organization\",\"name\":\"Radio Ljubu\u0161ki\",\"url\":\"https:\\\/\\\/radioljubuski.ba\\\/\",\"logo\":{\"@type\":\"ImageObject\",\"inLanguage\":\"hr\",\"@id\":\"https:\\\/\\\/radioljubuski.ba\\\/#\\\/schema\\\/logo\\\/image\\\/\",\"url\":\"https:\\\/\\\/radioljubuski.ba\\\/wp-content\\\/uploads\\\/2021\\\/02\\\/cropped-Radio_Ljubuski_logo1.jpg\",\"contentUrl\":\"https:\\\/\\\/radioljubuski.ba\\\/wp-content\\\/uploads\\\/2021\\\/02\\\/cropped-Radio_Ljubuski_logo1.jpg\",\"width\":512,\"height\":512,\"caption\":\"Radio Ljubu\u0161ki\"},\"image\":{\"@id\":\"https:\\\/\\\/radioljubuski.ba\\\/#\\\/schema\\\/logo\\\/image\\\/\"},\"sameAs\":[\"https:\\\/\\\/www.facebook.com\\\/Radiio-Ljubuski-1490835324566332\",\"https:\\\/\\\/x.com\\\/radioljubuski\",\"https:\\\/\\\/hr.linkedin.com\\\/company\\\/radio-ljubuski\",\"https:\\\/\\\/www.youtube.com\\\/channel\\\/UCHYaeO_n0Db3tjNGudGpXyw\"]},{\"@type\":\"Person\",\"@id\":\"https:\\\/\\\/radioljubuski.ba\\\/#\\\/schema\\\/person\\\/19fc700381a780f69665d7956c469e3b\",\"name\":\"Radio Ljubu\u0161ki\"}]}<\/script>\n<!-- \/ Yoast SEO plugin. -->","yoast_head_json":{"title":"Dali\u0107 o sjajnoj godini za hrvatski nogomet - RADIO LJUBU\u0160KI","robots":{"index":"index","follow":"follow","max-snippet":"max-snippet:-1","max-image-preview":"max-image-preview:large","max-video-preview":"max-video-preview:-1"},"canonical":"https:\/\/radioljubuski.ba\/index.php\/2021\/12\/23\/dalic-o-sjajnoj-godini-za-hrvatski-nogomet\/","og_locale":"hr_HR","og_type":"article","og_title":"Dali\u0107 o sjajnoj godini za hrvatski nogomet - RADIO LJUBU\u0160KI","og_description":"&#8211; Iza nas je sjajna nogometna godina, bila je te\u0161ka, ali je na kraju uspje\u0161na i sretna, kazao je izbornik hrvatske nogometne reprezentacije Zlatko Dali\u0107 nakon redovne Skup\u0161tine Hrvatskog nogometnog saveza (HNS) koja je odr\u017eana u zagreba\u010dkom hotelu Westin. &#8211; Bila je to sjajna nogometna godina, bila je te\u0161ka, ali na kraju uspje\u0161na i sretna. [&hellip;]","og_url":"https:\/\/radioljubuski.ba\/index.php\/2021\/12\/23\/dalic-o-sjajnoj-godini-za-hrvatski-nogomet\/","og_site_name":"RADIO LJUBU\u0160KI","article_publisher":"https:\/\/www.facebook.com\/Radiio-Ljubuski-1490835324566332","article_published_time":"2021-12-22T23:33:49+00:00","article_modified_time":"2021-12-22T23:33:51+00:00","og_image":[{"width":1024,"height":705,"url":"https:\/\/radioljubuski.ba\/wp-content\/uploads\/2021\/12\/HN20211004218046.jpg","type":"image\/jpeg"}],"author":"Radio Ljubu\u0161ki","twitter_card":"summary_large_image","twitter_creator":"@radioljubuski","twitter_site":"@radioljubuski","twitter_misc":{"Napisao\/la":"Radio Ljubu\u0161ki","Procijenjeno vrijeme \u010ditanja":"2 minute"},"schema":{"@context":"https:\/\/schema.org","@graph":[{"@type":"Article","@id":"https:\/\/radioljubuski.ba\/index.php\/2021\/12\/23\/dalic-o-sjajnoj-godini-za-hrvatski-nogomet\/#article","isPartOf":{"@id":"https:\/\/radioljubuski.ba\/index.php\/2021\/12\/23\/dalic-o-sjajnoj-godini-za-hrvatski-nogomet\/"},"author":{"name":"Radio Ljubu\u0161ki","@id":"https:\/\/radioljubuski.ba\/#\/schema\/person\/19fc700381a780f69665d7956c469e3b"},"headline":"Dali\u0107 o sjajnoj godini za hrvatski nogomet","datePublished":"2021-12-22T23:33:49+00:00","dateModified":"2021-12-22T23:33:51+00:00","mainEntityOfPage":{"@id":"https:\/\/radioljubuski.ba\/index.php\/2021\/12\/23\/dalic-o-sjajnoj-godini-za-hrvatski-nogomet\/"},"wordCount":474,"publisher":{"@id":"https:\/\/radioljubuski.ba\/#organization"},"articleSection":["\u0160port"],"inLanguage":"hr"},{"@type":"WebPage","@id":"https:\/\/radioljubuski.ba\/index.php\/2021\/12\/23\/dalic-o-sjajnoj-godini-za-hrvatski-nogomet\/","url":"https:\/\/radioljubuski.ba\/index.php\/2021\/12\/23\/dalic-o-sjajnoj-godini-za-hrvatski-nogomet\/","name":"Dali\u0107 o sjajnoj godini za hrvatski nogomet - RADIO LJUBU\u0160KI","isPartOf":{"@id":"https:\/\/radioljubuski.ba\/#website"},"datePublished":"2021-12-22T23:33:49+00:00","dateModified":"2021-12-22T23:33:51+00:00","breadcrumb":{"@id":"https:\/\/radioljubuski.ba\/index.php\/2021\/12\/23\/dalic-o-sjajnoj-godini-za-hrvatski-nogomet\/#breadcrumb"},"inLanguage":"hr","potentialAction":[{"@type":"ReadAction","target":["https:\/\/radioljubuski.ba\/index.php\/2021\/12\/23\/dalic-o-sjajnoj-godini-za-hrvatski-nogomet\/"]}]},{"@type":"BreadcrumbList","@id":"https:\/\/radioljubuski.ba\/index.php\/2021\/12\/23\/dalic-o-sjajnoj-godini-za-hrvatski-nogomet\/#breadcrumb","itemListElement":[{"@type":"ListItem","position":1,"name":"Po\u010detna stranica","item":"https:\/\/radioljubuski.ba\/"},{"@type":"ListItem","position":2,"name":"Dali\u0107 o sjajnoj godini za hrvatski nogomet"}]},{"@type":"WebSite","@id":"https:\/\/radioljubuski.ba\/#website","url":"https:\/\/radioljubuski.ba\/","name":"Radio Ljubu\u0161ki","description":"Sun\u010dana frekvencija Hercegovine","publisher":{"@id":"https:\/\/radioljubuski.ba\/#organization"},"potentialAction":[{"@type":"SearchAction","target":{"@type":"EntryPoint","urlTemplate":"https:\/\/radioljubuski.ba\/?s={search_term_string}"},"query-input":{"@type":"PropertyValueSpecification","valueRequired":true,"valueName":"search_term_string"}}],"inLanguage":"hr"},{"@type":"Organization","@id":"https:\/\/radioljubuski.ba\/#organization","name":"Radio Ljubu\u0161ki","url":"https:\/\/radioljubuski.ba\/","logo":{"@type":"ImageObject","inLanguage":"hr","@id":"https:\/\/radioljubuski.ba\/#\/schema\/logo\/image\/","url":"https:\/\/radioljubuski.ba\/wp-content\/uploads\/2021\/02\/cropped-Radio_Ljubuski_logo1.jpg","contentUrl":"https:\/\/radioljubuski.ba\/wp-content\/uploads\/2021\/02\/cropped-Radio_Ljubuski_logo1.jpg","width":512,"height":512,"caption":"Radio Ljubu\u0161ki"},"image":{"@id":"https:\/\/radioljubuski.ba\/#\/schema\/logo\/image\/"},"sameAs":["https:\/\/www.facebook.com\/Radiio-Ljubuski-1490835324566332","https:\/\/x.com\/radioljubuski","https:\/\/hr.linkedin.com\/company\/radio-ljubuski","https:\/\/www.youtube.com\/channel\/UCHYaeO_n0Db3tjNGudGpXyw"]},{"@type":"Person","@id":"https:\/\/radioljubuski.ba\/#\/schema\/person\/19fc700381a780f69665d7956c469e3b","name":"Radio Ljubu\u0161ki"}]}},"_links":{"self":[{"href":"https:\/\/radioljubuski.ba\/index.php\/wp-json\/wp\/v2\/posts\/102661","targetHints":{"allow":["GET"]}}],"collection":[{"href":"https:\/\/radioljubuski.ba\/index.php\/wp-json\/wp\/v2\/posts"}],"about":[{"href":"https:\/\/radioljubuski.ba\/index.php\/wp-json\/wp\/v2\/types\/post"}],"author":[{"embeddable":true,"href":"https:\/\/radioljubuski.ba\/index.php\/wp-json\/wp\/v2\/users\/2"}],"replies":[{"embeddable":true,"href":"https:\/\/radioljubuski.ba\/index.php\/wp-json\/wp\/v2\/comments?post=102661"}],"version-history":[{"count":1,"href":"https:\/\/radioljubuski.ba\/index.php\/wp-json\/wp\/v2\/posts\/102661\/revisions"}],"predecessor-version":[{"id":102663,"href":"https:\/\/radioljubuski.ba\/index.php\/wp-json\/wp\/v2\/posts\/102661\/revisions\/102663"}],"wp:attachment":[{"href":"https:\/\/radioljubuski.ba\/index.php\/wp-json\/wp\/v2\/media?parent=102661"}],"wp:term":[{"taxonomy":"category","embeddable":true,"href":"https:\/\/radioljubuski.ba\/index.php\/wp-json\/wp\/v2\/categories?post=102661"},{"taxonomy":"post_tag","embeddable":true,"href":"https:\/\/radioljubuski.ba\/index.php\/wp-json\/wp\/v2\/tags?post=102661"}],"curies":[{"name":"wp","href":"https:\/\/api.w.org\/{rel}","templated":true}]}}