{"id":102667,"date":"2021-12-23T00:38:14","date_gmt":"2021-12-22T23:38:14","guid":{"rendered":"https:\/\/radioljubuski.ba\/?p=102667"},"modified":"2021-12-23T00:38:15","modified_gmt":"2021-12-22T23:38:15","slug":"emotivni-oprostaj-od-legendarnog-gorana-sobina","status":"publish","type":"post","link":"https:\/\/radioljubuski.ba\/index.php\/2021\/12\/23\/emotivni-oprostaj-od-legendarnog-gorana-sobina\/","title":{"rendered":"Emotivni opro\u0161taj od legendarnog Gorana Sobina"},"content":{"rendered":"\n<p><strong>Posljednji pozdrav&nbsp;Goranu Sobinu&nbsp;s njegovih Gripa. U ovoj je dvorani proveo najljep\u0161e dane s Jugoplastikom, najboljom sportskom mom\u010dadi Europe 20-og stolje\u0107a.<\/strong><\/p>\n\n\n\n<p>Ko\u0161arka\u0161a veli\u010dina, vrstan centar i jednostavan, skroman \u010dovjek koji je posljednje godine \u017eivota provodio daleko od javnosti.<\/p>\n\n\n\n<div style=\"width: 640px;\" class=\"wp-video\"><video class=\"wp-video-shortcode\" id=\"video-102667-1\" width=\"640\" height=\"360\" preload=\"metadata\" controls=\"controls\"><source type=\"video\/mp4\" src=\"https:\/\/api.hrt.hr\/media\/da\/5f\/sobin-komemoracija-1-61c37db179904f260264baa6-dec-22-2021-19-38-45-20211222211655.mp4?_=1\" \/><a href=\"https:\/\/api.hrt.hr\/media\/da\/5f\/sobin-komemoracija-1-61c37db179904f260264baa6-dec-22-2021-19-38-45-20211222211655.mp4\">https:\/\/api.hrt.hr\/media\/da\/5f\/sobin-komemoracija-1-61c37db179904f260264baa6-dec-22-2021-19-38-45-20211222211655.mp4<\/a><\/video><\/div>\n\n\n\n<p>Njemu su svjetla pozornice smetala. On je volio nekakav svoj mir. Uvijek je \u017eivio tako skromno, uvijek je bio nasmijan, uvijek je bio veseo, uvijek je bio pozitivan, rekao je&nbsp;<strong>Dino Ra\u0111a<\/strong>, koji je uz Sobina sazrio i postao ko\u0161arka\u0161ki majstor.<\/p>\n\n\n\n<p>&#8211; Oti\u0161ao je jedan veliki, a samozatajni, skromni \u010dovjek koji je gra\u0111anima Splita priu\u0161tio mnoge radosti, rekao je gradona\u010delnik Splita&nbsp;<strong>Ivica Puljak<\/strong>.&nbsp;<\/p>\n\n\n\n<p>Sobinovim iznenadnim odlaskom simboli\u010dno se zatvara jedna stranica ko\u0161arka\u0161ke povijesti. Ljudi odlaze, ali njihova djela ostaju. Split \u0107e se s nostalgijom uvijek sje\u0107ati Gorana Sobina, omiljene osmice legendarne Jugoplastike.\u00a0<\/p>\n\n\n\n<blockquote class=\"twitter-tweet\"><p lang=\"und\" dir=\"ltr\">Na parketu Gripa oprostili smo se od na\u0161eg Gorana Sobina&#8230;\ud83d\udc9b @ Dvorana Gripe <a href=\"https:\/\/t.co\/zaMkqvzrzh\">https:\/\/t.co\/zaMkqvzrzh<\/a><\/p>&mdash; KK Split (@kksplit_) <a href=\"https:\/\/twitter.com\/kksplit_\/status\/1473604747366121480?ref_src=twsrc%5Etfw\">December 22, 2021<\/a><\/blockquote> <script async src=\"https:\/\/platform.twitter.com\/widgets.js\" charset=\"utf-8\"><\/script>\n\n\n\n<p>Izvor:hrt.hr<\/p>\n","protected":false},"excerpt":{"rendered":"<p>Posljednji pozdrav&nbsp;Goranu Sobinu&nbsp;s njegovih Gripa. U ovoj je dvorani proveo najljep\u0161e dane s Jugoplastikom, najboljom sportskom mom\u010dadi Europe 20-og stolje\u0107a. Ko\u0161arka\u0161a veli\u010dina, vrstan centar i jednostavan, skroman \u010dovjek koji je posljednje godine \u017eivota provodio daleko od javnosti. https:\/\/api.hrt.hr\/media\/da\/5f\/sobin-komemoracija-1-61c37db179904f260264baa6-dec-22-2021-19-38-45-20211222211655.mp4 Njemu su svjetla pozornice smetala. On je volio nekakav svoj mir. Uvijek je \u017eivio tako skromno, uvijek [&hellip;]<\/p>\n","protected":false},"author":2,"featured_media":102668,"comment_status":"closed","ping_status":"closed","sticky":false,"template":"","format":"standard","meta":{"h5ap_radio_sources":[],"footnotes":""},"categories":[7],"tags":[],"class_list":["post-102667","post","type-post","status-publish","format-standard","has-post-thumbnail","hentry","category-sport"],"yoast_head":"<!-- This site is optimized with the Yoast SEO plugin v27.4 - https:\/\/yoast.com\/product\/yoast-seo-wordpress\/ -->\n<title>Emotivni opro\u0161taj od legendarnog Gorana Sobina - RADIO LJUBU\u0160KI<\/title>\n<meta name=\"robots\" content=\"index, follow, max-snippet:-1, max-image-preview:large, max-video-preview:-1\" \/>\n<link rel=\"canonical\" href=\"https:\/\/radioljubuski.ba\/index.php\/2021\/12\/23\/emotivni-oprostaj-od-legendarnog-gorana-sobina\/\" \/>\n<meta property=\"og:locale\" content=\"hr_HR\" \/>\n<meta property=\"og:type\" content=\"article\" \/>\n<meta property=\"og:title\" content=\"Emotivni opro\u0161taj od legendarnog Gorana Sobina - RADIO LJUBU\u0160KI\" \/>\n<meta property=\"og:description\" content=\"Posljednji pozdrav&nbsp;Goranu Sobinu&nbsp;s njegovih Gripa. U ovoj je dvorani proveo najljep\u0161e dane s Jugoplastikom, najboljom sportskom mom\u010dadi Europe 20-og stolje\u0107a. Ko\u0161arka\u0161a veli\u010dina, vrstan centar i jednostavan, skroman \u010dovjek koji je posljednje godine \u017eivota provodio daleko od javnosti. https:\/\/api.hrt.hr\/media\/da\/5f\/sobin-komemoracija-1-61c37db179904f260264baa6-dec-22-2021-19-38-45-20211222211655.mp4 Njemu su svjetla pozornice smetala. On je volio nekakav svoj mir. Uvijek je \u017eivio tako skromno, uvijek [&hellip;]\" \/>\n<meta property=\"og:url\" content=\"https:\/\/radioljubuski.ba\/index.php\/2021\/12\/23\/emotivni-oprostaj-od-legendarnog-gorana-sobina\/\" \/>\n<meta property=\"og:site_name\" content=\"RADIO LJUBU\u0160KI\" \/>\n<meta property=\"article:publisher\" content=\"https:\/\/www.facebook.com\/Radiio-Ljubuski-1490835324566332\" \/>\n<meta property=\"article:published_time\" content=\"2021-12-22T23:38:14+00:00\" \/>\n<meta property=\"article:modified_time\" content=\"2021-12-22T23:38:15+00:00\" \/>\n<meta property=\"og:image\" content=\"https:\/\/radioljubuski.ba\/wp-content\/uploads\/2021\/12\/23138795.jpg\" \/>\n\t<meta property=\"og:image:width\" content=\"1920\" \/>\n\t<meta property=\"og:image:height\" content=\"1280\" \/>\n\t<meta property=\"og:image:type\" content=\"image\/jpeg\" \/>\n<meta name=\"author\" content=\"Radio Ljubu\u0161ki\" \/>\n<meta name=\"twitter:card\" content=\"summary_large_image\" \/>\n<meta name=\"twitter:creator\" content=\"@radioljubuski\" \/>\n<meta name=\"twitter:site\" content=\"@radioljubuski\" \/>\n<meta name=\"twitter:label1\" content=\"Napisao\/la\" \/>\n\t<meta name=\"twitter:data1\" content=\"Radio Ljubu\u0161ki\" \/>\n\t<meta name=\"twitter:label2\" content=\"Procijenjeno vrijeme \u010ditanja\" \/>\n\t<meta name=\"twitter:data2\" content=\"1 minuta\" \/>\n<script type=\"application\/ld+json\" class=\"yoast-schema-graph\">{\"@context\":\"https:\\\/\\\/schema.org\",\"@graph\":[{\"@type\":\"Article\",\"@id\":\"https:\\\/\\\/radioljubuski.ba\\\/index.php\\\/2021\\\/12\\\/23\\\/emotivni-oprostaj-od-legendarnog-gorana-sobina\\\/#article\",\"isPartOf\":{\"@id\":\"https:\\\/\\\/radioljubuski.ba\\\/index.php\\\/2021\\\/12\\\/23\\\/emotivni-oprostaj-od-legendarnog-gorana-sobina\\\/\"},\"author\":{\"name\":\"Radio Ljubu\u0161ki\",\"@id\":\"https:\\\/\\\/radioljubuski.ba\\\/#\\\/schema\\\/person\\\/19fc700381a780f69665d7956c469e3b\"},\"headline\":\"Emotivni opro\u0161taj od legendarnog Gorana Sobina\",\"datePublished\":\"2021-12-22T23:38:14+00:00\",\"dateModified\":\"2021-12-22T23:38:15+00:00\",\"mainEntityOfPage\":{\"@id\":\"https:\\\/\\\/radioljubuski.ba\\\/index.php\\\/2021\\\/12\\\/23\\\/emotivni-oprostaj-od-legendarnog-gorana-sobina\\\/\"},\"wordCount\":205,\"publisher\":{\"@id\":\"https:\\\/\\\/radioljubuski.ba\\\/#organization\"},\"image\":{\"@id\":\"https:\\\/\\\/radioljubuski.ba\\\/index.php\\\/2021\\\/12\\\/23\\\/emotivni-oprostaj-od-legendarnog-gorana-sobina\\\/#primaryimage\"},\"thumbnailUrl\":\"https:\\\/\\\/radioljubuski.ba\\\/wp-content\\\/uploads\\\/2021\\\/12\\\/23138795.jpg\",\"articleSection\":[\"\u0160port\"],\"inLanguage\":\"hr\"},{\"@type\":\"WebPage\",\"@id\":\"https:\\\/\\\/radioljubuski.ba\\\/index.php\\\/2021\\\/12\\\/23\\\/emotivni-oprostaj-od-legendarnog-gorana-sobina\\\/\",\"url\":\"https:\\\/\\\/radioljubuski.ba\\\/index.php\\\/2021\\\/12\\\/23\\\/emotivni-oprostaj-od-legendarnog-gorana-sobina\\\/\",\"name\":\"Emotivni opro\u0161taj od legendarnog Gorana Sobina - RADIO LJUBU\u0160KI\",\"isPartOf\":{\"@id\":\"https:\\\/\\\/radioljubuski.ba\\\/#website\"},\"primaryImageOfPage\":{\"@id\":\"https:\\\/\\\/radioljubuski.ba\\\/index.php\\\/2021\\\/12\\\/23\\\/emotivni-oprostaj-od-legendarnog-gorana-sobina\\\/#primaryimage\"},\"image\":{\"@id\":\"https:\\\/\\\/radioljubuski.ba\\\/index.php\\\/2021\\\/12\\\/23\\\/emotivni-oprostaj-od-legendarnog-gorana-sobina\\\/#primaryimage\"},\"thumbnailUrl\":\"https:\\\/\\\/radioljubuski.ba\\\/wp-content\\\/uploads\\\/2021\\\/12\\\/23138795.jpg\",\"datePublished\":\"2021-12-22T23:38:14+00:00\",\"dateModified\":\"2021-12-22T23:38:15+00:00\",\"breadcrumb\":{\"@id\":\"https:\\\/\\\/radioljubuski.ba\\\/index.php\\\/2021\\\/12\\\/23\\\/emotivni-oprostaj-od-legendarnog-gorana-sobina\\\/#breadcrumb\"},\"inLanguage\":\"hr\",\"potentialAction\":[{\"@type\":\"ReadAction\",\"target\":[\"https:\\\/\\\/radioljubuski.ba\\\/index.php\\\/2021\\\/12\\\/23\\\/emotivni-oprostaj-od-legendarnog-gorana-sobina\\\/\"]}]},{\"@type\":\"ImageObject\",\"inLanguage\":\"hr\",\"@id\":\"https:\\\/\\\/radioljubuski.ba\\\/index.php\\\/2021\\\/12\\\/23\\\/emotivni-oprostaj-od-legendarnog-gorana-sobina\\\/#primaryimage\",\"url\":\"https:\\\/\\\/radioljubuski.ba\\\/wp-content\\\/uploads\\\/2021\\\/12\\\/23138795.jpg\",\"contentUrl\":\"https:\\\/\\\/radioljubuski.ba\\\/wp-content\\\/uploads\\\/2021\\\/12\\\/23138795.jpg\",\"width\":1920,\"height\":1280},{\"@type\":\"BreadcrumbList\",\"@id\":\"https:\\\/\\\/radioljubuski.ba\\\/index.php\\\/2021\\\/12\\\/23\\\/emotivni-oprostaj-od-legendarnog-gorana-sobina\\\/#breadcrumb\",\"itemListElement\":[{\"@type\":\"ListItem\",\"position\":1,\"name\":\"Po\u010detna stranica\",\"item\":\"https:\\\/\\\/radioljubuski.ba\\\/\"},{\"@type\":\"ListItem\",\"position\":2,\"name\":\"Emotivni opro\u0161taj od legendarnog Gorana Sobina\"}]},{\"@type\":\"WebSite\",\"@id\":\"https:\\\/\\\/radioljubuski.ba\\\/#website\",\"url\":\"https:\\\/\\\/radioljubuski.ba\\\/\",\"name\":\"Radio Ljubu\u0161ki\",\"description\":\"Sun\u010dana frekvencija Hercegovine\",\"publisher\":{\"@id\":\"https:\\\/\\\/radioljubuski.ba\\\/#organization\"},\"potentialAction\":[{\"@type\":\"SearchAction\",\"target\":{\"@type\":\"EntryPoint\",\"urlTemplate\":\"https:\\\/\\\/radioljubuski.ba\\\/?s={search_term_string}\"},\"query-input\":{\"@type\":\"PropertyValueSpecification\",\"valueRequired\":true,\"valueName\":\"search_term_string\"}}],\"inLanguage\":\"hr\"},{\"@type\":\"Organization\",\"@id\":\"https:\\\/\\\/radioljubuski.ba\\\/#organization\",\"name\":\"Radio Ljubu\u0161ki\",\"url\":\"https:\\\/\\\/radioljubuski.ba\\\/\",\"logo\":{\"@type\":\"ImageObject\",\"inLanguage\":\"hr\",\"@id\":\"https:\\\/\\\/radioljubuski.ba\\\/#\\\/schema\\\/logo\\\/image\\\/\",\"url\":\"https:\\\/\\\/radioljubuski.ba\\\/wp-content\\\/uploads\\\/2021\\\/02\\\/cropped-Radio_Ljubuski_logo1.jpg\",\"contentUrl\":\"https:\\\/\\\/radioljubuski.ba\\\/wp-content\\\/uploads\\\/2021\\\/02\\\/cropped-Radio_Ljubuski_logo1.jpg\",\"width\":512,\"height\":512,\"caption\":\"Radio Ljubu\u0161ki\"},\"image\":{\"@id\":\"https:\\\/\\\/radioljubuski.ba\\\/#\\\/schema\\\/logo\\\/image\\\/\"},\"sameAs\":[\"https:\\\/\\\/www.facebook.com\\\/Radiio-Ljubuski-1490835324566332\",\"https:\\\/\\\/x.com\\\/radioljubuski\",\"https:\\\/\\\/hr.linkedin.com\\\/company\\\/radio-ljubuski\",\"https:\\\/\\\/www.youtube.com\\\/channel\\\/UCHYaeO_n0Db3tjNGudGpXyw\"]},{\"@type\":\"Person\",\"@id\":\"https:\\\/\\\/radioljubuski.ba\\\/#\\\/schema\\\/person\\\/19fc700381a780f69665d7956c469e3b\",\"name\":\"Radio Ljubu\u0161ki\"}]}<\/script>\n<!-- \/ Yoast SEO plugin. -->","yoast_head_json":{"title":"Emotivni opro\u0161taj od legendarnog Gorana Sobina - RADIO LJUBU\u0160KI","robots":{"index":"index","follow":"follow","max-snippet":"max-snippet:-1","max-image-preview":"max-image-preview:large","max-video-preview":"max-video-preview:-1"},"canonical":"https:\/\/radioljubuski.ba\/index.php\/2021\/12\/23\/emotivni-oprostaj-od-legendarnog-gorana-sobina\/","og_locale":"hr_HR","og_type":"article","og_title":"Emotivni opro\u0161taj od legendarnog Gorana Sobina - RADIO LJUBU\u0160KI","og_description":"Posljednji pozdrav&nbsp;Goranu Sobinu&nbsp;s njegovih Gripa. U ovoj je dvorani proveo najljep\u0161e dane s Jugoplastikom, najboljom sportskom mom\u010dadi Europe 20-og stolje\u0107a. Ko\u0161arka\u0161a veli\u010dina, vrstan centar i jednostavan, skroman \u010dovjek koji je posljednje godine \u017eivota provodio daleko od javnosti. https:\/\/api.hrt.hr\/media\/da\/5f\/sobin-komemoracija-1-61c37db179904f260264baa6-dec-22-2021-19-38-45-20211222211655.mp4 Njemu su svjetla pozornice smetala. On je volio nekakav svoj mir. Uvijek je \u017eivio tako skromno, uvijek [&hellip;]","og_url":"https:\/\/radioljubuski.ba\/index.php\/2021\/12\/23\/emotivni-oprostaj-od-legendarnog-gorana-sobina\/","og_site_name":"RADIO LJUBU\u0160KI","article_publisher":"https:\/\/www.facebook.com\/Radiio-Ljubuski-1490835324566332","article_published_time":"2021-12-22T23:38:14+00:00","article_modified_time":"2021-12-22T23:38:15+00:00","og_image":[{"width":1920,"height":1280,"url":"https:\/\/radioljubuski.ba\/wp-content\/uploads\/2021\/12\/23138795.jpg","type":"image\/jpeg"}],"author":"Radio Ljubu\u0161ki","twitter_card":"summary_large_image","twitter_creator":"@radioljubuski","twitter_site":"@radioljubuski","twitter_misc":{"Napisao\/la":"Radio Ljubu\u0161ki","Procijenjeno vrijeme \u010ditanja":"1 minuta"},"schema":{"@context":"https:\/\/schema.org","@graph":[{"@type":"Article","@id":"https:\/\/radioljubuski.ba\/index.php\/2021\/12\/23\/emotivni-oprostaj-od-legendarnog-gorana-sobina\/#article","isPartOf":{"@id":"https:\/\/radioljubuski.ba\/index.php\/2021\/12\/23\/emotivni-oprostaj-od-legendarnog-gorana-sobina\/"},"author":{"name":"Radio Ljubu\u0161ki","@id":"https:\/\/radioljubuski.ba\/#\/schema\/person\/19fc700381a780f69665d7956c469e3b"},"headline":"Emotivni opro\u0161taj od legendarnog Gorana Sobina","datePublished":"2021-12-22T23:38:14+00:00","dateModified":"2021-12-22T23:38:15+00:00","mainEntityOfPage":{"@id":"https:\/\/radioljubuski.ba\/index.php\/2021\/12\/23\/emotivni-oprostaj-od-legendarnog-gorana-sobina\/"},"wordCount":205,"publisher":{"@id":"https:\/\/radioljubuski.ba\/#organization"},"image":{"@id":"https:\/\/radioljubuski.ba\/index.php\/2021\/12\/23\/emotivni-oprostaj-od-legendarnog-gorana-sobina\/#primaryimage"},"thumbnailUrl":"https:\/\/radioljubuski.ba\/wp-content\/uploads\/2021\/12\/23138795.jpg","articleSection":["\u0160port"],"inLanguage":"hr"},{"@type":"WebPage","@id":"https:\/\/radioljubuski.ba\/index.php\/2021\/12\/23\/emotivni-oprostaj-od-legendarnog-gorana-sobina\/","url":"https:\/\/radioljubuski.ba\/index.php\/2021\/12\/23\/emotivni-oprostaj-od-legendarnog-gorana-sobina\/","name":"Emotivni opro\u0161taj od legendarnog Gorana Sobina - RADIO LJUBU\u0160KI","isPartOf":{"@id":"https:\/\/radioljubuski.ba\/#website"},"primaryImageOfPage":{"@id":"https:\/\/radioljubuski.ba\/index.php\/2021\/12\/23\/emotivni-oprostaj-od-legendarnog-gorana-sobina\/#primaryimage"},"image":{"@id":"https:\/\/radioljubuski.ba\/index.php\/2021\/12\/23\/emotivni-oprostaj-od-legendarnog-gorana-sobina\/#primaryimage"},"thumbnailUrl":"https:\/\/radioljubuski.ba\/wp-content\/uploads\/2021\/12\/23138795.jpg","datePublished":"2021-12-22T23:38:14+00:00","dateModified":"2021-12-22T23:38:15+00:00","breadcrumb":{"@id":"https:\/\/radioljubuski.ba\/index.php\/2021\/12\/23\/emotivni-oprostaj-od-legendarnog-gorana-sobina\/#breadcrumb"},"inLanguage":"hr","potentialAction":[{"@type":"ReadAction","target":["https:\/\/radioljubuski.ba\/index.php\/2021\/12\/23\/emotivni-oprostaj-od-legendarnog-gorana-sobina\/"]}]},{"@type":"ImageObject","inLanguage":"hr","@id":"https:\/\/radioljubuski.ba\/index.php\/2021\/12\/23\/emotivni-oprostaj-od-legendarnog-gorana-sobina\/#primaryimage","url":"https:\/\/radioljubuski.ba\/wp-content\/uploads\/2021\/12\/23138795.jpg","contentUrl":"https:\/\/radioljubuski.ba\/wp-content\/uploads\/2021\/12\/23138795.jpg","width":1920,"height":1280},{"@type":"BreadcrumbList","@id":"https:\/\/radioljubuski.ba\/index.php\/2021\/12\/23\/emotivni-oprostaj-od-legendarnog-gorana-sobina\/#breadcrumb","itemListElement":[{"@type":"ListItem","position":1,"name":"Po\u010detna stranica","item":"https:\/\/radioljubuski.ba\/"},{"@type":"ListItem","position":2,"name":"Emotivni opro\u0161taj od legendarnog Gorana Sobina"}]},{"@type":"WebSite","@id":"https:\/\/radioljubuski.ba\/#website","url":"https:\/\/radioljubuski.ba\/","name":"Radio Ljubu\u0161ki","description":"Sun\u010dana frekvencija Hercegovine","publisher":{"@id":"https:\/\/radioljubuski.ba\/#organization"},"potentialAction":[{"@type":"SearchAction","target":{"@type":"EntryPoint","urlTemplate":"https:\/\/radioljubuski.ba\/?s={search_term_string}"},"query-input":{"@type":"PropertyValueSpecification","valueRequired":true,"valueName":"search_term_string"}}],"inLanguage":"hr"},{"@type":"Organization","@id":"https:\/\/radioljubuski.ba\/#organization","name":"Radio Ljubu\u0161ki","url":"https:\/\/radioljubuski.ba\/","logo":{"@type":"ImageObject","inLanguage":"hr","@id":"https:\/\/radioljubuski.ba\/#\/schema\/logo\/image\/","url":"https:\/\/radioljubuski.ba\/wp-content\/uploads\/2021\/02\/cropped-Radio_Ljubuski_logo1.jpg","contentUrl":"https:\/\/radioljubuski.ba\/wp-content\/uploads\/2021\/02\/cropped-Radio_Ljubuski_logo1.jpg","width":512,"height":512,"caption":"Radio Ljubu\u0161ki"},"image":{"@id":"https:\/\/radioljubuski.ba\/#\/schema\/logo\/image\/"},"sameAs":["https:\/\/www.facebook.com\/Radiio-Ljubuski-1490835324566332","https:\/\/x.com\/radioljubuski","https:\/\/hr.linkedin.com\/company\/radio-ljubuski","https:\/\/www.youtube.com\/channel\/UCHYaeO_n0Db3tjNGudGpXyw"]},{"@type":"Person","@id":"https:\/\/radioljubuski.ba\/#\/schema\/person\/19fc700381a780f69665d7956c469e3b","name":"Radio Ljubu\u0161ki"}]}},"_links":{"self":[{"href":"https:\/\/radioljubuski.ba\/index.php\/wp-json\/wp\/v2\/posts\/102667","targetHints":{"allow":["GET"]}}],"collection":[{"href":"https:\/\/radioljubuski.ba\/index.php\/wp-json\/wp\/v2\/posts"}],"about":[{"href":"https:\/\/radioljubuski.ba\/index.php\/wp-json\/wp\/v2\/types\/post"}],"author":[{"embeddable":true,"href":"https:\/\/radioljubuski.ba\/index.php\/wp-json\/wp\/v2\/users\/2"}],"replies":[{"embeddable":true,"href":"https:\/\/radioljubuski.ba\/index.php\/wp-json\/wp\/v2\/comments?post=102667"}],"version-history":[{"count":1,"href":"https:\/\/radioljubuski.ba\/index.php\/wp-json\/wp\/v2\/posts\/102667\/revisions"}],"predecessor-version":[{"id":102669,"href":"https:\/\/radioljubuski.ba\/index.php\/wp-json\/wp\/v2\/posts\/102667\/revisions\/102669"}],"wp:featuredmedia":[{"embeddable":true,"href":"https:\/\/radioljubuski.ba\/index.php\/wp-json\/wp\/v2\/media\/102668"}],"wp:attachment":[{"href":"https:\/\/radioljubuski.ba\/index.php\/wp-json\/wp\/v2\/media?parent=102667"}],"wp:term":[{"taxonomy":"category","embeddable":true,"href":"https:\/\/radioljubuski.ba\/index.php\/wp-json\/wp\/v2\/categories?post=102667"},{"taxonomy":"post_tag","embeddable":true,"href":"https:\/\/radioljubuski.ba\/index.php\/wp-json\/wp\/v2\/tags?post=102667"}],"curies":[{"name":"wp","href":"https:\/\/api.w.org\/{rel}","templated":true}]}}