{"id":102693,"date":"2021-12-23T01:09:39","date_gmt":"2021-12-23T00:09:39","guid":{"rendered":"https:\/\/radioljubuski.ba\/?p=102693"},"modified":"2021-12-23T01:09:40","modified_gmt":"2021-12-23T00:09:40","slug":"plenkovic-mozemo-zastititi-interes-hrvata-u-bih-bez-da-se-posvadamo-s-bilo-kim-milanovic-je-stetocina","status":"publish","type":"post","link":"https:\/\/radioljubuski.ba\/index.php\/2021\/12\/23\/plenkovic-mozemo-zastititi-interes-hrvata-u-bih-bez-da-se-posvadamo-s-bilo-kim-milanovic-je-stetocina\/","title":{"rendered":"Plenkovi\u0107: Mo\u017eemo za\u0161tititi interes Hrvata u BiH bez da se posva\u0111amo s bilo kim, Milanovi\u0107 je \u0161teto\u010dina"},"content":{"rendered":"\n<p><strong>Andrej Plenkovi\u0107, predsjednik HDZ-a i Vlade RH, gostovao je ve\u010deras u Dnevniku Nove TV, a dijelom se dotaknuo politike prema BiH te poteza predsjednika RH, Zorana Milanovi\u0107a.<\/strong><\/p>\n\n\n\n<p>Upitan je li Hrvatska ikada ulagala veto u Bruxellesu, aludiraju\u0107i na to da je Milanovi\u0107 optu\u017eio Plenkovi\u0107a da se u posljednjim zaklju\u010dcima Vije\u0107a EU ne jam\u010de prava Hrvata kao konstitutivnog naroda.<\/p>\n\n\n\n<p>\u201dTo su Milanovi\u0107eve gluposti. Da se ula\u017ee veto na \u0161to? Mi imamo manevarski prostor da za\u0161titimo interes Hrvata u BiH bez da se posva\u0111amo s bilo kim. Milanovi\u0107 Ma\u0111are naziva klaunovima. Dajte mi poka\u017eite primjer da se netko europskoj uniji tako pona\u0161a? \u010covjek je \u0161teto\u010dina i to se vidi\u201d, rekao je hrvatski premijer.<\/p>\n\n\n\n<p>\/HMS\/<\/p>\n","protected":false},"excerpt":{"rendered":"<p>Andrej Plenkovi\u0107, predsjednik HDZ-a i Vlade RH, gostovao je ve\u010deras u Dnevniku Nove TV, a dijelom se dotaknuo politike prema BiH te poteza predsjednika RH, Zorana Milanovi\u0107a. Upitan je li Hrvatska ikada ulagala veto u Bruxellesu, aludiraju\u0107i na to da je Milanovi\u0107 optu\u017eio Plenkovi\u0107a da se u posljednjim zaklju\u010dcima Vije\u0107a EU ne jam\u010de prava Hrvata [&hellip;]<\/p>\n","protected":false},"author":2,"featured_media":102694,"comment_status":"closed","ping_status":"closed","sticky":false,"template":"","format":"standard","meta":{"h5ap_radio_sources":[],"footnotes":""},"categories":[1],"tags":[],"class_list":["post-102693","post","type-post","status-publish","format-standard","has-post-thumbnail","hentry","category-bihiregija"],"yoast_head":"<!-- This site is optimized with the Yoast SEO plugin v27.5 - https:\/\/yoast.com\/product\/yoast-seo-wordpress\/ -->\n<title>Plenkovi\u0107: Mo\u017eemo za\u0161tititi interes Hrvata u BiH bez da se posva\u0111amo s bilo kim, Milanovi\u0107 je \u0161teto\u010dina - RADIO LJUBU\u0160KI<\/title>\n<meta name=\"robots\" content=\"index, follow, max-snippet:-1, max-image-preview:large, max-video-preview:-1\" \/>\n<link rel=\"canonical\" href=\"https:\/\/radioljubuski.ba\/index.php\/2021\/12\/23\/plenkovic-mozemo-zastititi-interes-hrvata-u-bih-bez-da-se-posvadamo-s-bilo-kim-milanovic-je-stetocina\/\" \/>\n<meta property=\"og:locale\" content=\"hr_HR\" \/>\n<meta property=\"og:type\" content=\"article\" \/>\n<meta property=\"og:title\" content=\"Plenkovi\u0107: Mo\u017eemo za\u0161tititi interes Hrvata u BiH bez da se posva\u0111amo s bilo kim, Milanovi\u0107 je \u0161teto\u010dina - RADIO LJUBU\u0160KI\" \/>\n<meta property=\"og:description\" content=\"Andrej Plenkovi\u0107, predsjednik HDZ-a i Vlade RH, gostovao je ve\u010deras u Dnevniku Nove TV, a dijelom se dotaknuo politike prema BiH te poteza predsjednika RH, Zorana Milanovi\u0107a. Upitan je li Hrvatska ikada ulagala veto u Bruxellesu, aludiraju\u0107i na to da je Milanovi\u0107 optu\u017eio Plenkovi\u0107a da se u posljednjim zaklju\u010dcima Vije\u0107a EU ne jam\u010de prava Hrvata [&hellip;]\" \/>\n<meta property=\"og:url\" content=\"https:\/\/radioljubuski.ba\/index.php\/2021\/12\/23\/plenkovic-mozemo-zastititi-interes-hrvata-u-bih-bez-da-se-posvadamo-s-bilo-kim-milanovic-je-stetocina\/\" \/>\n<meta property=\"og:site_name\" content=\"RADIO LJUBU\u0160KI\" \/>\n<meta property=\"article:publisher\" content=\"https:\/\/www.facebook.com\/Radiio-Ljubuski-1490835324566332\" \/>\n<meta property=\"article:published_time\" content=\"2021-12-23T00:09:39+00:00\" \/>\n<meta property=\"article:modified_time\" content=\"2021-12-23T00:09:40+00:00\" \/>\n<meta property=\"og:image\" content=\"https:\/\/radioljubuski.ba\/wp-content\/uploads\/2021\/12\/plenkovic11222.jpg\" \/>\n\t<meta property=\"og:image:width\" content=\"631\" \/>\n\t<meta property=\"og:image:height\" content=\"358\" \/>\n\t<meta property=\"og:image:type\" content=\"image\/jpeg\" \/>\n<meta name=\"author\" content=\"Radio Ljubu\u0161ki\" \/>\n<meta name=\"twitter:card\" content=\"summary_large_image\" \/>\n<meta name=\"twitter:creator\" content=\"@radioljubuski\" \/>\n<meta name=\"twitter:site\" content=\"@radioljubuski\" \/>\n<meta name=\"twitter:label1\" content=\"Napisao\/la\" \/>\n\t<meta name=\"twitter:data1\" content=\"Radio Ljubu\u0161ki\" \/>\n\t<meta name=\"twitter:label2\" content=\"Procijenjeno vrijeme \u010ditanja\" \/>\n\t<meta name=\"twitter:data2\" content=\"1 minuta\" \/>\n<script type=\"application\/ld+json\" class=\"yoast-schema-graph\">{\"@context\":\"https:\\\/\\\/schema.org\",\"@graph\":[{\"@type\":\"Article\",\"@id\":\"https:\\\/\\\/radioljubuski.ba\\\/index.php\\\/2021\\\/12\\\/23\\\/plenkovic-mozemo-zastititi-interes-hrvata-u-bih-bez-da-se-posvadamo-s-bilo-kim-milanovic-je-stetocina\\\/#article\",\"isPartOf\":{\"@id\":\"https:\\\/\\\/radioljubuski.ba\\\/index.php\\\/2021\\\/12\\\/23\\\/plenkovic-mozemo-zastititi-interes-hrvata-u-bih-bez-da-se-posvadamo-s-bilo-kim-milanovic-je-stetocina\\\/\"},\"author\":{\"name\":\"Radio Ljubu\u0161ki\",\"@id\":\"https:\\\/\\\/radioljubuski.ba\\\/#\\\/schema\\\/person\\\/19fc700381a780f69665d7956c469e3b\"},\"headline\":\"Plenkovi\u0107: Mo\u017eemo za\u0161tititi interes Hrvata u BiH bez da se posva\u0111amo s bilo kim, Milanovi\u0107 je \u0161teto\u010dina\",\"datePublished\":\"2021-12-23T00:09:39+00:00\",\"dateModified\":\"2021-12-23T00:09:40+00:00\",\"mainEntityOfPage\":{\"@id\":\"https:\\\/\\\/radioljubuski.ba\\\/index.php\\\/2021\\\/12\\\/23\\\/plenkovic-mozemo-zastititi-interes-hrvata-u-bih-bez-da-se-posvadamo-s-bilo-kim-milanovic-je-stetocina\\\/\"},\"wordCount\":149,\"publisher\":{\"@id\":\"https:\\\/\\\/radioljubuski.ba\\\/#organization\"},\"image\":{\"@id\":\"https:\\\/\\\/radioljubuski.ba\\\/index.php\\\/2021\\\/12\\\/23\\\/plenkovic-mozemo-zastititi-interes-hrvata-u-bih-bez-da-se-posvadamo-s-bilo-kim-milanovic-je-stetocina\\\/#primaryimage\"},\"thumbnailUrl\":\"https:\\\/\\\/radioljubuski.ba\\\/wp-content\\\/uploads\\\/2021\\\/12\\\/plenkovic11222.jpg\",\"articleSection\":[\"BIH i regija\"],\"inLanguage\":\"hr\"},{\"@type\":\"WebPage\",\"@id\":\"https:\\\/\\\/radioljubuski.ba\\\/index.php\\\/2021\\\/12\\\/23\\\/plenkovic-mozemo-zastititi-interes-hrvata-u-bih-bez-da-se-posvadamo-s-bilo-kim-milanovic-je-stetocina\\\/\",\"url\":\"https:\\\/\\\/radioljubuski.ba\\\/index.php\\\/2021\\\/12\\\/23\\\/plenkovic-mozemo-zastititi-interes-hrvata-u-bih-bez-da-se-posvadamo-s-bilo-kim-milanovic-je-stetocina\\\/\",\"name\":\"Plenkovi\u0107: Mo\u017eemo za\u0161tititi interes Hrvata u BiH bez da se posva\u0111amo s bilo kim, Milanovi\u0107 je \u0161teto\u010dina - RADIO LJUBU\u0160KI\",\"isPartOf\":{\"@id\":\"https:\\\/\\\/radioljubuski.ba\\\/#website\"},\"primaryImageOfPage\":{\"@id\":\"https:\\\/\\\/radioljubuski.ba\\\/index.php\\\/2021\\\/12\\\/23\\\/plenkovic-mozemo-zastititi-interes-hrvata-u-bih-bez-da-se-posvadamo-s-bilo-kim-milanovic-je-stetocina\\\/#primaryimage\"},\"image\":{\"@id\":\"https:\\\/\\\/radioljubuski.ba\\\/index.php\\\/2021\\\/12\\\/23\\\/plenkovic-mozemo-zastititi-interes-hrvata-u-bih-bez-da-se-posvadamo-s-bilo-kim-milanovic-je-stetocina\\\/#primaryimage\"},\"thumbnailUrl\":\"https:\\\/\\\/radioljubuski.ba\\\/wp-content\\\/uploads\\\/2021\\\/12\\\/plenkovic11222.jpg\",\"datePublished\":\"2021-12-23T00:09:39+00:00\",\"dateModified\":\"2021-12-23T00:09:40+00:00\",\"breadcrumb\":{\"@id\":\"https:\\\/\\\/radioljubuski.ba\\\/index.php\\\/2021\\\/12\\\/23\\\/plenkovic-mozemo-zastititi-interes-hrvata-u-bih-bez-da-se-posvadamo-s-bilo-kim-milanovic-je-stetocina\\\/#breadcrumb\"},\"inLanguage\":\"hr\",\"potentialAction\":[{\"@type\":\"ReadAction\",\"target\":[\"https:\\\/\\\/radioljubuski.ba\\\/index.php\\\/2021\\\/12\\\/23\\\/plenkovic-mozemo-zastititi-interes-hrvata-u-bih-bez-da-se-posvadamo-s-bilo-kim-milanovic-je-stetocina\\\/\"]}]},{\"@type\":\"ImageObject\",\"inLanguage\":\"hr\",\"@id\":\"https:\\\/\\\/radioljubuski.ba\\\/index.php\\\/2021\\\/12\\\/23\\\/plenkovic-mozemo-zastititi-interes-hrvata-u-bih-bez-da-se-posvadamo-s-bilo-kim-milanovic-je-stetocina\\\/#primaryimage\",\"url\":\"https:\\\/\\\/radioljubuski.ba\\\/wp-content\\\/uploads\\\/2021\\\/12\\\/plenkovic11222.jpg\",\"contentUrl\":\"https:\\\/\\\/radioljubuski.ba\\\/wp-content\\\/uploads\\\/2021\\\/12\\\/plenkovic11222.jpg\",\"width\":631,\"height\":358},{\"@type\":\"BreadcrumbList\",\"@id\":\"https:\\\/\\\/radioljubuski.ba\\\/index.php\\\/2021\\\/12\\\/23\\\/plenkovic-mozemo-zastititi-interes-hrvata-u-bih-bez-da-se-posvadamo-s-bilo-kim-milanovic-je-stetocina\\\/#breadcrumb\",\"itemListElement\":[{\"@type\":\"ListItem\",\"position\":1,\"name\":\"Po\u010detna stranica\",\"item\":\"https:\\\/\\\/radioljubuski.ba\\\/\"},{\"@type\":\"ListItem\",\"position\":2,\"name\":\"Plenkovi\u0107: Mo\u017eemo za\u0161tititi interes Hrvata u BiH bez da se posva\u0111amo s bilo kim, Milanovi\u0107 je \u0161teto\u010dina\"}]},{\"@type\":\"WebSite\",\"@id\":\"https:\\\/\\\/radioljubuski.ba\\\/#website\",\"url\":\"https:\\\/\\\/radioljubuski.ba\\\/\",\"name\":\"Radio Ljubu\u0161ki\",\"description\":\"Sun\u010dana frekvencija Hercegovine\",\"publisher\":{\"@id\":\"https:\\\/\\\/radioljubuski.ba\\\/#organization\"},\"potentialAction\":[{\"@type\":\"SearchAction\",\"target\":{\"@type\":\"EntryPoint\",\"urlTemplate\":\"https:\\\/\\\/radioljubuski.ba\\\/?s={search_term_string}\"},\"query-input\":{\"@type\":\"PropertyValueSpecification\",\"valueRequired\":true,\"valueName\":\"search_term_string\"}}],\"inLanguage\":\"hr\"},{\"@type\":\"Organization\",\"@id\":\"https:\\\/\\\/radioljubuski.ba\\\/#organization\",\"name\":\"Radio Ljubu\u0161ki\",\"url\":\"https:\\\/\\\/radioljubuski.ba\\\/\",\"logo\":{\"@type\":\"ImageObject\",\"inLanguage\":\"hr\",\"@id\":\"https:\\\/\\\/radioljubuski.ba\\\/#\\\/schema\\\/logo\\\/image\\\/\",\"url\":\"https:\\\/\\\/radioljubuski.ba\\\/wp-content\\\/uploads\\\/2021\\\/02\\\/cropped-Radio_Ljubuski_logo1.jpg\",\"contentUrl\":\"https:\\\/\\\/radioljubuski.ba\\\/wp-content\\\/uploads\\\/2021\\\/02\\\/cropped-Radio_Ljubuski_logo1.jpg\",\"width\":512,\"height\":512,\"caption\":\"Radio Ljubu\u0161ki\"},\"image\":{\"@id\":\"https:\\\/\\\/radioljubuski.ba\\\/#\\\/schema\\\/logo\\\/image\\\/\"},\"sameAs\":[\"https:\\\/\\\/www.facebook.com\\\/Radiio-Ljubuski-1490835324566332\",\"https:\\\/\\\/x.com\\\/radioljubuski\",\"https:\\\/\\\/hr.linkedin.com\\\/company\\\/radio-ljubuski\",\"https:\\\/\\\/www.youtube.com\\\/channel\\\/UCHYaeO_n0Db3tjNGudGpXyw\"]},{\"@type\":\"Person\",\"@id\":\"https:\\\/\\\/radioljubuski.ba\\\/#\\\/schema\\\/person\\\/19fc700381a780f69665d7956c469e3b\",\"name\":\"Radio Ljubu\u0161ki\"}]}<\/script>\n<!-- \/ Yoast SEO plugin. -->","yoast_head_json":{"title":"Plenkovi\u0107: Mo\u017eemo za\u0161tititi interes Hrvata u BiH bez da se posva\u0111amo s bilo kim, Milanovi\u0107 je \u0161teto\u010dina - RADIO LJUBU\u0160KI","robots":{"index":"index","follow":"follow","max-snippet":"max-snippet:-1","max-image-preview":"max-image-preview:large","max-video-preview":"max-video-preview:-1"},"canonical":"https:\/\/radioljubuski.ba\/index.php\/2021\/12\/23\/plenkovic-mozemo-zastititi-interes-hrvata-u-bih-bez-da-se-posvadamo-s-bilo-kim-milanovic-je-stetocina\/","og_locale":"hr_HR","og_type":"article","og_title":"Plenkovi\u0107: Mo\u017eemo za\u0161tititi interes Hrvata u BiH bez da se posva\u0111amo s bilo kim, Milanovi\u0107 je \u0161teto\u010dina - RADIO LJUBU\u0160KI","og_description":"Andrej Plenkovi\u0107, predsjednik HDZ-a i Vlade RH, gostovao je ve\u010deras u Dnevniku Nove TV, a dijelom se dotaknuo politike prema BiH te poteza predsjednika RH, Zorana Milanovi\u0107a. Upitan je li Hrvatska ikada ulagala veto u Bruxellesu, aludiraju\u0107i na to da je Milanovi\u0107 optu\u017eio Plenkovi\u0107a da se u posljednjim zaklju\u010dcima Vije\u0107a EU ne jam\u010de prava Hrvata [&hellip;]","og_url":"https:\/\/radioljubuski.ba\/index.php\/2021\/12\/23\/plenkovic-mozemo-zastititi-interes-hrvata-u-bih-bez-da-se-posvadamo-s-bilo-kim-milanovic-je-stetocina\/","og_site_name":"RADIO LJUBU\u0160KI","article_publisher":"https:\/\/www.facebook.com\/Radiio-Ljubuski-1490835324566332","article_published_time":"2021-12-23T00:09:39+00:00","article_modified_time":"2021-12-23T00:09:40+00:00","og_image":[{"width":631,"height":358,"url":"https:\/\/radioljubuski.ba\/wp-content\/uploads\/2021\/12\/plenkovic11222.jpg","type":"image\/jpeg"}],"author":"Radio Ljubu\u0161ki","twitter_card":"summary_large_image","twitter_creator":"@radioljubuski","twitter_site":"@radioljubuski","twitter_misc":{"Napisao\/la":"Radio Ljubu\u0161ki","Procijenjeno vrijeme \u010ditanja":"1 minuta"},"schema":{"@context":"https:\/\/schema.org","@graph":[{"@type":"Article","@id":"https:\/\/radioljubuski.ba\/index.php\/2021\/12\/23\/plenkovic-mozemo-zastititi-interes-hrvata-u-bih-bez-da-se-posvadamo-s-bilo-kim-milanovic-je-stetocina\/#article","isPartOf":{"@id":"https:\/\/radioljubuski.ba\/index.php\/2021\/12\/23\/plenkovic-mozemo-zastititi-interes-hrvata-u-bih-bez-da-se-posvadamo-s-bilo-kim-milanovic-je-stetocina\/"},"author":{"name":"Radio Ljubu\u0161ki","@id":"https:\/\/radioljubuski.ba\/#\/schema\/person\/19fc700381a780f69665d7956c469e3b"},"headline":"Plenkovi\u0107: Mo\u017eemo za\u0161tititi interes Hrvata u BiH bez da se posva\u0111amo s bilo kim, Milanovi\u0107 je \u0161teto\u010dina","datePublished":"2021-12-23T00:09:39+00:00","dateModified":"2021-12-23T00:09:40+00:00","mainEntityOfPage":{"@id":"https:\/\/radioljubuski.ba\/index.php\/2021\/12\/23\/plenkovic-mozemo-zastititi-interes-hrvata-u-bih-bez-da-se-posvadamo-s-bilo-kim-milanovic-je-stetocina\/"},"wordCount":149,"publisher":{"@id":"https:\/\/radioljubuski.ba\/#organization"},"image":{"@id":"https:\/\/radioljubuski.ba\/index.php\/2021\/12\/23\/plenkovic-mozemo-zastititi-interes-hrvata-u-bih-bez-da-se-posvadamo-s-bilo-kim-milanovic-je-stetocina\/#primaryimage"},"thumbnailUrl":"https:\/\/radioljubuski.ba\/wp-content\/uploads\/2021\/12\/plenkovic11222.jpg","articleSection":["BIH i regija"],"inLanguage":"hr"},{"@type":"WebPage","@id":"https:\/\/radioljubuski.ba\/index.php\/2021\/12\/23\/plenkovic-mozemo-zastititi-interes-hrvata-u-bih-bez-da-se-posvadamo-s-bilo-kim-milanovic-je-stetocina\/","url":"https:\/\/radioljubuski.ba\/index.php\/2021\/12\/23\/plenkovic-mozemo-zastititi-interes-hrvata-u-bih-bez-da-se-posvadamo-s-bilo-kim-milanovic-je-stetocina\/","name":"Plenkovi\u0107: Mo\u017eemo za\u0161tititi interes Hrvata u BiH bez da se posva\u0111amo s bilo kim, Milanovi\u0107 je \u0161teto\u010dina - RADIO LJUBU\u0160KI","isPartOf":{"@id":"https:\/\/radioljubuski.ba\/#website"},"primaryImageOfPage":{"@id":"https:\/\/radioljubuski.ba\/index.php\/2021\/12\/23\/plenkovic-mozemo-zastititi-interes-hrvata-u-bih-bez-da-se-posvadamo-s-bilo-kim-milanovic-je-stetocina\/#primaryimage"},"image":{"@id":"https:\/\/radioljubuski.ba\/index.php\/2021\/12\/23\/plenkovic-mozemo-zastititi-interes-hrvata-u-bih-bez-da-se-posvadamo-s-bilo-kim-milanovic-je-stetocina\/#primaryimage"},"thumbnailUrl":"https:\/\/radioljubuski.ba\/wp-content\/uploads\/2021\/12\/plenkovic11222.jpg","datePublished":"2021-12-23T00:09:39+00:00","dateModified":"2021-12-23T00:09:40+00:00","breadcrumb":{"@id":"https:\/\/radioljubuski.ba\/index.php\/2021\/12\/23\/plenkovic-mozemo-zastititi-interes-hrvata-u-bih-bez-da-se-posvadamo-s-bilo-kim-milanovic-je-stetocina\/#breadcrumb"},"inLanguage":"hr","potentialAction":[{"@type":"ReadAction","target":["https:\/\/radioljubuski.ba\/index.php\/2021\/12\/23\/plenkovic-mozemo-zastititi-interes-hrvata-u-bih-bez-da-se-posvadamo-s-bilo-kim-milanovic-je-stetocina\/"]}]},{"@type":"ImageObject","inLanguage":"hr","@id":"https:\/\/radioljubuski.ba\/index.php\/2021\/12\/23\/plenkovic-mozemo-zastititi-interes-hrvata-u-bih-bez-da-se-posvadamo-s-bilo-kim-milanovic-je-stetocina\/#primaryimage","url":"https:\/\/radioljubuski.ba\/wp-content\/uploads\/2021\/12\/plenkovic11222.jpg","contentUrl":"https:\/\/radioljubuski.ba\/wp-content\/uploads\/2021\/12\/plenkovic11222.jpg","width":631,"height":358},{"@type":"BreadcrumbList","@id":"https:\/\/radioljubuski.ba\/index.php\/2021\/12\/23\/plenkovic-mozemo-zastititi-interes-hrvata-u-bih-bez-da-se-posvadamo-s-bilo-kim-milanovic-je-stetocina\/#breadcrumb","itemListElement":[{"@type":"ListItem","position":1,"name":"Po\u010detna stranica","item":"https:\/\/radioljubuski.ba\/"},{"@type":"ListItem","position":2,"name":"Plenkovi\u0107: Mo\u017eemo za\u0161tititi interes Hrvata u BiH bez da se posva\u0111amo s bilo kim, Milanovi\u0107 je \u0161teto\u010dina"}]},{"@type":"WebSite","@id":"https:\/\/radioljubuski.ba\/#website","url":"https:\/\/radioljubuski.ba\/","name":"Radio Ljubu\u0161ki","description":"Sun\u010dana frekvencija Hercegovine","publisher":{"@id":"https:\/\/radioljubuski.ba\/#organization"},"potentialAction":[{"@type":"SearchAction","target":{"@type":"EntryPoint","urlTemplate":"https:\/\/radioljubuski.ba\/?s={search_term_string}"},"query-input":{"@type":"PropertyValueSpecification","valueRequired":true,"valueName":"search_term_string"}}],"inLanguage":"hr"},{"@type":"Organization","@id":"https:\/\/radioljubuski.ba\/#organization","name":"Radio Ljubu\u0161ki","url":"https:\/\/radioljubuski.ba\/","logo":{"@type":"ImageObject","inLanguage":"hr","@id":"https:\/\/radioljubuski.ba\/#\/schema\/logo\/image\/","url":"https:\/\/radioljubuski.ba\/wp-content\/uploads\/2021\/02\/cropped-Radio_Ljubuski_logo1.jpg","contentUrl":"https:\/\/radioljubuski.ba\/wp-content\/uploads\/2021\/02\/cropped-Radio_Ljubuski_logo1.jpg","width":512,"height":512,"caption":"Radio Ljubu\u0161ki"},"image":{"@id":"https:\/\/radioljubuski.ba\/#\/schema\/logo\/image\/"},"sameAs":["https:\/\/www.facebook.com\/Radiio-Ljubuski-1490835324566332","https:\/\/x.com\/radioljubuski","https:\/\/hr.linkedin.com\/company\/radio-ljubuski","https:\/\/www.youtube.com\/channel\/UCHYaeO_n0Db3tjNGudGpXyw"]},{"@type":"Person","@id":"https:\/\/radioljubuski.ba\/#\/schema\/person\/19fc700381a780f69665d7956c469e3b","name":"Radio Ljubu\u0161ki"}]}},"_links":{"self":[{"href":"https:\/\/radioljubuski.ba\/index.php\/wp-json\/wp\/v2\/posts\/102693","targetHints":{"allow":["GET"]}}],"collection":[{"href":"https:\/\/radioljubuski.ba\/index.php\/wp-json\/wp\/v2\/posts"}],"about":[{"href":"https:\/\/radioljubuski.ba\/index.php\/wp-json\/wp\/v2\/types\/post"}],"author":[{"embeddable":true,"href":"https:\/\/radioljubuski.ba\/index.php\/wp-json\/wp\/v2\/users\/2"}],"replies":[{"embeddable":true,"href":"https:\/\/radioljubuski.ba\/index.php\/wp-json\/wp\/v2\/comments?post=102693"}],"version-history":[{"count":1,"href":"https:\/\/radioljubuski.ba\/index.php\/wp-json\/wp\/v2\/posts\/102693\/revisions"}],"predecessor-version":[{"id":102695,"href":"https:\/\/radioljubuski.ba\/index.php\/wp-json\/wp\/v2\/posts\/102693\/revisions\/102695"}],"wp:featuredmedia":[{"embeddable":true,"href":"https:\/\/radioljubuski.ba\/index.php\/wp-json\/wp\/v2\/media\/102694"}],"wp:attachment":[{"href":"https:\/\/radioljubuski.ba\/index.php\/wp-json\/wp\/v2\/media?parent=102693"}],"wp:term":[{"taxonomy":"category","embeddable":true,"href":"https:\/\/radioljubuski.ba\/index.php\/wp-json\/wp\/v2\/categories?post=102693"},{"taxonomy":"post_tag","embeddable":true,"href":"https:\/\/radioljubuski.ba\/index.php\/wp-json\/wp\/v2\/tags?post=102693"}],"curies":[{"name":"wp","href":"https:\/\/api.w.org\/{rel}","templated":true}]}}