{"id":102696,"date":"2021-12-23T01:11:09","date_gmt":"2021-12-23T00:11:09","guid":{"rendered":"https:\/\/radioljubuski.ba\/?p=102696"},"modified":"2021-12-23T01:11:09","modified_gmt":"2021-12-23T00:11:09","slug":"izetbegovic-mi-se-ne-sjecamo-naseg-dolaska-dok-su-madari-dosli-s-urala","status":"publish","type":"post","link":"https:\/\/radioljubuski.ba\/index.php\/2021\/12\/23\/izetbegovic-mi-se-ne-sjecamo-naseg-dolaska-dok-su-madari-dosli-s-urala\/","title":{"rendered":"Izetbegovi\u0107: Mi se ne sje\u0107amo na\u0161eg dolaska, dok su Ma\u0111ari do\u0161li s Urala"},"content":{"rendered":"\n<p><strong>Zamjenik predsjedavaju\u0107eg Doma naroda Parlamentarne skup\u0161tine Bosne i Hercegovine i predsjednik Stranke demokratske akcije (SDA) Bakir Izetbegovi\u0107 govorio je za BIR TV o aktualnim problemima u zemlji, odnosu me\u0111unarodne zajednice prema BiH, Viktoru Orbanu i posljednjim potezima Ma\u0111arske, te najavama Milorada Dodika i Narodne skup\u0161tine RS.<\/strong><\/p>\n\n\n\n<p>Na pitanje kako komentira posljednje izjave koji dolaze iz Ma\u0111arske, a gdje je navodno Viktor Orban, premijer ove zemlje, rekao da \u0107e \u201cproblem biti integracija dva milijuna muslimana iz BiH u EU\u201d, Izetbegovi\u0107 je poru\u010dio da ne vjeruje da glasnogovornik Vlade Ma\u0111arske mo\u017ee izre\u0107i takve stvari, a da nije ovla\u0161ten ili u najmanju ruku da nije prisustvovao prilikama gdje su se etablirali takvi stavovi u vezi s muslimanima.<\/p>\n\n\n\n<p>\u201cDakle, mi muslimani vjerujemo da svi poti\u010demo od jednog para i da smo, ustvari, svi bra\u0107a i ro\u0111aci. Znamo za Kur\u2019anski ajet koji ka\u017ee da nema prednost Arap nad nearapom, te da Bog ljude dijeli po bogobojaznosti i koliko se bore za one vrijednosti koje nam je Bog propisao. Za nas muslimane je svaki nacionalizam, naro\u010dito rasizam, jedna strana stvar i ne mo\u017eemo je razumjeti. Za nas je nejasan taj sustav vrijednosti koje Orban zagovara, taj neki europski nacionalizam. Bo\u0161njaci su europski narod. Kako re\u010de jedan seljak \u2013 mi smo stojnici od vajkada, mi se, ustvari, ne sje\u0107amo na\u0161eg dolaska, mi smo tu, jedan od starijih naroda. Bosna i Hercegovina je jedna od najstarijih dr\u017eava u Europi, dok su Ma\u0111ari do\u0161li s Urala, iz Azije. Ali, neva\u017eno, na kraju smo svi ravnopravni i jednaki ljudi. Orban i ljudi oko njega zaboravljaju da europske civilizacije i kulture ne bi bilo bez komponente koju su unijeli muslimani. U svemu, u znanosti, kulturi, renesansi, astronomiji, medicini\u201d, rekao je Izetbegovi\u0107.<\/p>\n\n\n\n<p>Komentari\u0161u\u0107i navodnu zabilje\u0161ku Delegacije EU u BiH, prema kojoj je usvajanje zaklju\u010daka kojima se podriva Ustav BiH i kojom se ostavlja prostor od \u0161est mjeseci do usvajanja neustavnih zakona prethodno dogovoreno izme\u0111u Milorada Dodika i europskog povjerenika za pro\u0161irenje Olivera Varhelyja, Izetbegovi\u0107 je naveo da o\u010dekuje demant ili poja\u0161njenje toga svega, i od samog veleposlanika Sattlera, kao i od samog Varhelyja.<\/p>\n\n\n\n<p>\u201cUvjerljivo mi je to, jer diplomate funkcioniraju na takav na\u010din. Jedino \u010dime se mo\u017ee zaustaviti ova Dodikova politika jesu sankcije\u201d, dodao je Izetbegovi\u0107.<\/p>\n\n\n\n<p>Osvrnuo se i na najavu Narodne skup\u0161tine RS i rok od pola godine koji se ti\u010de usvajanja seta zakona oko povrata nadle\u017enosti s razine BiH, na razinu RS.<\/p>\n\n\n\n<p>\u201cTo je antidejtonska djelatnost. OHR mora reagirati ili ne treba postojati. Mogu komotno spakirati kofere ako na to ne bude reakcije. Tu\u017eiteljstvo BiH, Ustavni sud BiH, SIPA i OSA tako\u0111er moraju reagirati. Tu\u017eiteljstvo se povla\u010dilo pred jednim siled\u017eijstvom Milorada Dodika. U slu\u010daju napada na teritorijalni integritet BiH, onda moraju djelovati Oru\u017eane snage BiH i NATO\u201d, poru\u010dio je Izetbegovi\u0107.<\/p>\n\n\n\n<p>Izetbegovi\u0107 je rekao da vjeruje u odlu\u010dnost me\u0111unarodne zajednice da sprije\u010di Dodika u, kako je kazao, ru\u0161enju dr\u017eave, s tim da je BiH bila ispod radara.<\/p>\n\n\n\n<p>\u201cMe\u0111unarodna zajednica i zapadne zemlje su imali niz drugih i mnogo opasnijih \u017eari\u0161ta od BiH. I hvala Bogu \u0161to nismo bili u fokusu i nadam se da ne\u0107emo ni biti da se, dakle, ne\u0107e morati ovdje do\u0107i u situaciju da se intervenira. Podi\u017ee se ta spremnost, vidimo reakcije Njema\u010dke, Nizozemske, Velike Britanije, Amerike. Islamski svijet se jo\u0161 nije digao, imaju i svoje probleme, ali ako zatreba bit \u0107e i oni tu za nas\u201d, uvjeren je Izetbegovi\u0107.<\/p>\n\n\n\n<p>\/Fena\/HMS\/<\/p>\n","protected":false},"excerpt":{"rendered":"<p>Zamjenik predsjedavaju\u0107eg Doma naroda Parlamentarne skup\u0161tine Bosne i Hercegovine i predsjednik Stranke demokratske akcije (SDA) Bakir Izetbegovi\u0107 govorio je za BIR TV o aktualnim problemima u zemlji, odnosu me\u0111unarodne zajednice prema BiH, Viktoru Orbanu i posljednjim potezima Ma\u0111arske, te najavama Milorada Dodika i Narodne skup\u0161tine RS. Na pitanje kako komentira posljednje izjave koji dolaze iz [&hellip;]<\/p>\n","protected":false},"author":2,"featured_media":0,"comment_status":"closed","ping_status":"closed","sticky":false,"template":"","format":"standard","meta":{"h5ap_radio_sources":[],"footnotes":""},"categories":[1],"tags":[],"class_list":["post-102696","post","type-post","status-publish","format-standard","hentry","category-bihiregija"],"yoast_head":"<!-- This site is optimized with the Yoast SEO plugin v27.5 - https:\/\/yoast.com\/product\/yoast-seo-wordpress\/ -->\n<title>Izetbegovi\u0107: Mi se ne sje\u0107amo na\u0161eg dolaska, dok su Ma\u0111ari do\u0161li s Urala - RADIO LJUBU\u0160KI<\/title>\n<meta name=\"robots\" content=\"index, follow, max-snippet:-1, max-image-preview:large, max-video-preview:-1\" \/>\n<link rel=\"canonical\" href=\"https:\/\/radioljubuski.ba\/index.php\/2021\/12\/23\/izetbegovic-mi-se-ne-sjecamo-naseg-dolaska-dok-su-madari-dosli-s-urala\/\" \/>\n<meta property=\"og:locale\" content=\"hr_HR\" \/>\n<meta property=\"og:type\" content=\"article\" \/>\n<meta property=\"og:title\" content=\"Izetbegovi\u0107: Mi se ne sje\u0107amo na\u0161eg dolaska, dok su Ma\u0111ari do\u0161li s Urala - RADIO LJUBU\u0160KI\" \/>\n<meta property=\"og:description\" content=\"Zamjenik predsjedavaju\u0107eg Doma naroda Parlamentarne skup\u0161tine Bosne i Hercegovine i predsjednik Stranke demokratske akcije (SDA) Bakir Izetbegovi\u0107 govorio je za BIR TV o aktualnim problemima u zemlji, odnosu me\u0111unarodne zajednice prema BiH, Viktoru Orbanu i posljednjim potezima Ma\u0111arske, te najavama Milorada Dodika i Narodne skup\u0161tine RS. Na pitanje kako komentira posljednje izjave koji dolaze iz [&hellip;]\" \/>\n<meta property=\"og:url\" content=\"https:\/\/radioljubuski.ba\/index.php\/2021\/12\/23\/izetbegovic-mi-se-ne-sjecamo-naseg-dolaska-dok-su-madari-dosli-s-urala\/\" \/>\n<meta property=\"og:site_name\" content=\"RADIO LJUBU\u0160KI\" \/>\n<meta property=\"article:publisher\" content=\"https:\/\/www.facebook.com\/Radiio-Ljubuski-1490835324566332\" \/>\n<meta property=\"article:published_time\" content=\"2021-12-23T00:11:09+00:00\" \/>\n<meta property=\"og:image\" content=\"https:\/\/radioljubuski.ba\/wp-content\/uploads\/2021\/03\/IZETBEGOVIC-BAKIR-KLIX.jpg\" \/>\n\t<meta property=\"og:image:width\" content=\"634\" \/>\n\t<meta property=\"og:image:height\" content=\"359\" \/>\n\t<meta property=\"og:image:type\" content=\"image\/jpeg\" \/>\n<meta name=\"author\" content=\"Radio Ljubu\u0161ki\" \/>\n<meta name=\"twitter:card\" content=\"summary_large_image\" \/>\n<meta name=\"twitter:creator\" content=\"@radioljubuski\" \/>\n<meta name=\"twitter:site\" content=\"@radioljubuski\" \/>\n<meta name=\"twitter:label1\" content=\"Napisao\/la\" \/>\n\t<meta name=\"twitter:data1\" content=\"Radio Ljubu\u0161ki\" \/>\n\t<meta name=\"twitter:label2\" content=\"Procijenjeno vrijeme \u010ditanja\" \/>\n\t<meta name=\"twitter:data2\" content=\"3 minute\" \/>\n<script type=\"application\/ld+json\" class=\"yoast-schema-graph\">{\"@context\":\"https:\\\/\\\/schema.org\",\"@graph\":[{\"@type\":\"Article\",\"@id\":\"https:\\\/\\\/radioljubuski.ba\\\/index.php\\\/2021\\\/12\\\/23\\\/izetbegovic-mi-se-ne-sjecamo-naseg-dolaska-dok-su-madari-dosli-s-urala\\\/#article\",\"isPartOf\":{\"@id\":\"https:\\\/\\\/radioljubuski.ba\\\/index.php\\\/2021\\\/12\\\/23\\\/izetbegovic-mi-se-ne-sjecamo-naseg-dolaska-dok-su-madari-dosli-s-urala\\\/\"},\"author\":{\"name\":\"Radio Ljubu\u0161ki\",\"@id\":\"https:\\\/\\\/radioljubuski.ba\\\/#\\\/schema\\\/person\\\/19fc700381a780f69665d7956c469e3b\"},\"headline\":\"Izetbegovi\u0107: Mi se ne sje\u0107amo na\u0161eg dolaska, dok su Ma\u0111ari do\u0161li s Urala\",\"datePublished\":\"2021-12-23T00:11:09+00:00\",\"mainEntityOfPage\":{\"@id\":\"https:\\\/\\\/radioljubuski.ba\\\/index.php\\\/2021\\\/12\\\/23\\\/izetbegovic-mi-se-ne-sjecamo-naseg-dolaska-dok-su-madari-dosli-s-urala\\\/\"},\"wordCount\":629,\"publisher\":{\"@id\":\"https:\\\/\\\/radioljubuski.ba\\\/#organization\"},\"articleSection\":[\"BIH i regija\"],\"inLanguage\":\"hr\"},{\"@type\":\"WebPage\",\"@id\":\"https:\\\/\\\/radioljubuski.ba\\\/index.php\\\/2021\\\/12\\\/23\\\/izetbegovic-mi-se-ne-sjecamo-naseg-dolaska-dok-su-madari-dosli-s-urala\\\/\",\"url\":\"https:\\\/\\\/radioljubuski.ba\\\/index.php\\\/2021\\\/12\\\/23\\\/izetbegovic-mi-se-ne-sjecamo-naseg-dolaska-dok-su-madari-dosli-s-urala\\\/\",\"name\":\"Izetbegovi\u0107: Mi se ne sje\u0107amo na\u0161eg dolaska, dok su Ma\u0111ari do\u0161li s Urala - RADIO LJUBU\u0160KI\",\"isPartOf\":{\"@id\":\"https:\\\/\\\/radioljubuski.ba\\\/#website\"},\"datePublished\":\"2021-12-23T00:11:09+00:00\",\"breadcrumb\":{\"@id\":\"https:\\\/\\\/radioljubuski.ba\\\/index.php\\\/2021\\\/12\\\/23\\\/izetbegovic-mi-se-ne-sjecamo-naseg-dolaska-dok-su-madari-dosli-s-urala\\\/#breadcrumb\"},\"inLanguage\":\"hr\",\"potentialAction\":[{\"@type\":\"ReadAction\",\"target\":[\"https:\\\/\\\/radioljubuski.ba\\\/index.php\\\/2021\\\/12\\\/23\\\/izetbegovic-mi-se-ne-sjecamo-naseg-dolaska-dok-su-madari-dosli-s-urala\\\/\"]}]},{\"@type\":\"BreadcrumbList\",\"@id\":\"https:\\\/\\\/radioljubuski.ba\\\/index.php\\\/2021\\\/12\\\/23\\\/izetbegovic-mi-se-ne-sjecamo-naseg-dolaska-dok-su-madari-dosli-s-urala\\\/#breadcrumb\",\"itemListElement\":[{\"@type\":\"ListItem\",\"position\":1,\"name\":\"Po\u010detna stranica\",\"item\":\"https:\\\/\\\/radioljubuski.ba\\\/\"},{\"@type\":\"ListItem\",\"position\":2,\"name\":\"Izetbegovi\u0107: Mi se ne sje\u0107amo na\u0161eg dolaska, dok su Ma\u0111ari do\u0161li s Urala\"}]},{\"@type\":\"WebSite\",\"@id\":\"https:\\\/\\\/radioljubuski.ba\\\/#website\",\"url\":\"https:\\\/\\\/radioljubuski.ba\\\/\",\"name\":\"Radio Ljubu\u0161ki\",\"description\":\"Sun\u010dana frekvencija Hercegovine\",\"publisher\":{\"@id\":\"https:\\\/\\\/radioljubuski.ba\\\/#organization\"},\"potentialAction\":[{\"@type\":\"SearchAction\",\"target\":{\"@type\":\"EntryPoint\",\"urlTemplate\":\"https:\\\/\\\/radioljubuski.ba\\\/?s={search_term_string}\"},\"query-input\":{\"@type\":\"PropertyValueSpecification\",\"valueRequired\":true,\"valueName\":\"search_term_string\"}}],\"inLanguage\":\"hr\"},{\"@type\":\"Organization\",\"@id\":\"https:\\\/\\\/radioljubuski.ba\\\/#organization\",\"name\":\"Radio Ljubu\u0161ki\",\"url\":\"https:\\\/\\\/radioljubuski.ba\\\/\",\"logo\":{\"@type\":\"ImageObject\",\"inLanguage\":\"hr\",\"@id\":\"https:\\\/\\\/radioljubuski.ba\\\/#\\\/schema\\\/logo\\\/image\\\/\",\"url\":\"https:\\\/\\\/radioljubuski.ba\\\/wp-content\\\/uploads\\\/2021\\\/02\\\/cropped-Radio_Ljubuski_logo1.jpg\",\"contentUrl\":\"https:\\\/\\\/radioljubuski.ba\\\/wp-content\\\/uploads\\\/2021\\\/02\\\/cropped-Radio_Ljubuski_logo1.jpg\",\"width\":512,\"height\":512,\"caption\":\"Radio Ljubu\u0161ki\"},\"image\":{\"@id\":\"https:\\\/\\\/radioljubuski.ba\\\/#\\\/schema\\\/logo\\\/image\\\/\"},\"sameAs\":[\"https:\\\/\\\/www.facebook.com\\\/Radiio-Ljubuski-1490835324566332\",\"https:\\\/\\\/x.com\\\/radioljubuski\",\"https:\\\/\\\/hr.linkedin.com\\\/company\\\/radio-ljubuski\",\"https:\\\/\\\/www.youtube.com\\\/channel\\\/UCHYaeO_n0Db3tjNGudGpXyw\"]},{\"@type\":\"Person\",\"@id\":\"https:\\\/\\\/radioljubuski.ba\\\/#\\\/schema\\\/person\\\/19fc700381a780f69665d7956c469e3b\",\"name\":\"Radio Ljubu\u0161ki\"}]}<\/script>\n<!-- \/ Yoast SEO plugin. -->","yoast_head_json":{"title":"Izetbegovi\u0107: Mi se ne sje\u0107amo na\u0161eg dolaska, dok su Ma\u0111ari do\u0161li s Urala - RADIO LJUBU\u0160KI","robots":{"index":"index","follow":"follow","max-snippet":"max-snippet:-1","max-image-preview":"max-image-preview:large","max-video-preview":"max-video-preview:-1"},"canonical":"https:\/\/radioljubuski.ba\/index.php\/2021\/12\/23\/izetbegovic-mi-se-ne-sjecamo-naseg-dolaska-dok-su-madari-dosli-s-urala\/","og_locale":"hr_HR","og_type":"article","og_title":"Izetbegovi\u0107: Mi se ne sje\u0107amo na\u0161eg dolaska, dok su Ma\u0111ari do\u0161li s Urala - RADIO LJUBU\u0160KI","og_description":"Zamjenik predsjedavaju\u0107eg Doma naroda Parlamentarne skup\u0161tine Bosne i Hercegovine i predsjednik Stranke demokratske akcije (SDA) Bakir Izetbegovi\u0107 govorio je za BIR TV o aktualnim problemima u zemlji, odnosu me\u0111unarodne zajednice prema BiH, Viktoru Orbanu i posljednjim potezima Ma\u0111arske, te najavama Milorada Dodika i Narodne skup\u0161tine RS. Na pitanje kako komentira posljednje izjave koji dolaze iz [&hellip;]","og_url":"https:\/\/radioljubuski.ba\/index.php\/2021\/12\/23\/izetbegovic-mi-se-ne-sjecamo-naseg-dolaska-dok-su-madari-dosli-s-urala\/","og_site_name":"RADIO LJUBU\u0160KI","article_publisher":"https:\/\/www.facebook.com\/Radiio-Ljubuski-1490835324566332","article_published_time":"2021-12-23T00:11:09+00:00","og_image":[{"width":634,"height":359,"url":"https:\/\/radioljubuski.ba\/wp-content\/uploads\/2021\/03\/IZETBEGOVIC-BAKIR-KLIX.jpg","type":"image\/jpeg"}],"author":"Radio Ljubu\u0161ki","twitter_card":"summary_large_image","twitter_creator":"@radioljubuski","twitter_site":"@radioljubuski","twitter_misc":{"Napisao\/la":"Radio Ljubu\u0161ki","Procijenjeno vrijeme \u010ditanja":"3 minute"},"schema":{"@context":"https:\/\/schema.org","@graph":[{"@type":"Article","@id":"https:\/\/radioljubuski.ba\/index.php\/2021\/12\/23\/izetbegovic-mi-se-ne-sjecamo-naseg-dolaska-dok-su-madari-dosli-s-urala\/#article","isPartOf":{"@id":"https:\/\/radioljubuski.ba\/index.php\/2021\/12\/23\/izetbegovic-mi-se-ne-sjecamo-naseg-dolaska-dok-su-madari-dosli-s-urala\/"},"author":{"name":"Radio Ljubu\u0161ki","@id":"https:\/\/radioljubuski.ba\/#\/schema\/person\/19fc700381a780f69665d7956c469e3b"},"headline":"Izetbegovi\u0107: Mi se ne sje\u0107amo na\u0161eg dolaska, dok su Ma\u0111ari do\u0161li s Urala","datePublished":"2021-12-23T00:11:09+00:00","mainEntityOfPage":{"@id":"https:\/\/radioljubuski.ba\/index.php\/2021\/12\/23\/izetbegovic-mi-se-ne-sjecamo-naseg-dolaska-dok-su-madari-dosli-s-urala\/"},"wordCount":629,"publisher":{"@id":"https:\/\/radioljubuski.ba\/#organization"},"articleSection":["BIH i regija"],"inLanguage":"hr"},{"@type":"WebPage","@id":"https:\/\/radioljubuski.ba\/index.php\/2021\/12\/23\/izetbegovic-mi-se-ne-sjecamo-naseg-dolaska-dok-su-madari-dosli-s-urala\/","url":"https:\/\/radioljubuski.ba\/index.php\/2021\/12\/23\/izetbegovic-mi-se-ne-sjecamo-naseg-dolaska-dok-su-madari-dosli-s-urala\/","name":"Izetbegovi\u0107: Mi se ne sje\u0107amo na\u0161eg dolaska, dok su Ma\u0111ari do\u0161li s Urala - RADIO LJUBU\u0160KI","isPartOf":{"@id":"https:\/\/radioljubuski.ba\/#website"},"datePublished":"2021-12-23T00:11:09+00:00","breadcrumb":{"@id":"https:\/\/radioljubuski.ba\/index.php\/2021\/12\/23\/izetbegovic-mi-se-ne-sjecamo-naseg-dolaska-dok-su-madari-dosli-s-urala\/#breadcrumb"},"inLanguage":"hr","potentialAction":[{"@type":"ReadAction","target":["https:\/\/radioljubuski.ba\/index.php\/2021\/12\/23\/izetbegovic-mi-se-ne-sjecamo-naseg-dolaska-dok-su-madari-dosli-s-urala\/"]}]},{"@type":"BreadcrumbList","@id":"https:\/\/radioljubuski.ba\/index.php\/2021\/12\/23\/izetbegovic-mi-se-ne-sjecamo-naseg-dolaska-dok-su-madari-dosli-s-urala\/#breadcrumb","itemListElement":[{"@type":"ListItem","position":1,"name":"Po\u010detna stranica","item":"https:\/\/radioljubuski.ba\/"},{"@type":"ListItem","position":2,"name":"Izetbegovi\u0107: Mi se ne sje\u0107amo na\u0161eg dolaska, dok su Ma\u0111ari do\u0161li s Urala"}]},{"@type":"WebSite","@id":"https:\/\/radioljubuski.ba\/#website","url":"https:\/\/radioljubuski.ba\/","name":"Radio Ljubu\u0161ki","description":"Sun\u010dana frekvencija Hercegovine","publisher":{"@id":"https:\/\/radioljubuski.ba\/#organization"},"potentialAction":[{"@type":"SearchAction","target":{"@type":"EntryPoint","urlTemplate":"https:\/\/radioljubuski.ba\/?s={search_term_string}"},"query-input":{"@type":"PropertyValueSpecification","valueRequired":true,"valueName":"search_term_string"}}],"inLanguage":"hr"},{"@type":"Organization","@id":"https:\/\/radioljubuski.ba\/#organization","name":"Radio Ljubu\u0161ki","url":"https:\/\/radioljubuski.ba\/","logo":{"@type":"ImageObject","inLanguage":"hr","@id":"https:\/\/radioljubuski.ba\/#\/schema\/logo\/image\/","url":"https:\/\/radioljubuski.ba\/wp-content\/uploads\/2021\/02\/cropped-Radio_Ljubuski_logo1.jpg","contentUrl":"https:\/\/radioljubuski.ba\/wp-content\/uploads\/2021\/02\/cropped-Radio_Ljubuski_logo1.jpg","width":512,"height":512,"caption":"Radio Ljubu\u0161ki"},"image":{"@id":"https:\/\/radioljubuski.ba\/#\/schema\/logo\/image\/"},"sameAs":["https:\/\/www.facebook.com\/Radiio-Ljubuski-1490835324566332","https:\/\/x.com\/radioljubuski","https:\/\/hr.linkedin.com\/company\/radio-ljubuski","https:\/\/www.youtube.com\/channel\/UCHYaeO_n0Db3tjNGudGpXyw"]},{"@type":"Person","@id":"https:\/\/radioljubuski.ba\/#\/schema\/person\/19fc700381a780f69665d7956c469e3b","name":"Radio Ljubu\u0161ki"}]}},"_links":{"self":[{"href":"https:\/\/radioljubuski.ba\/index.php\/wp-json\/wp\/v2\/posts\/102696","targetHints":{"allow":["GET"]}}],"collection":[{"href":"https:\/\/radioljubuski.ba\/index.php\/wp-json\/wp\/v2\/posts"}],"about":[{"href":"https:\/\/radioljubuski.ba\/index.php\/wp-json\/wp\/v2\/types\/post"}],"author":[{"embeddable":true,"href":"https:\/\/radioljubuski.ba\/index.php\/wp-json\/wp\/v2\/users\/2"}],"replies":[{"embeddable":true,"href":"https:\/\/radioljubuski.ba\/index.php\/wp-json\/wp\/v2\/comments?post=102696"}],"version-history":[{"count":1,"href":"https:\/\/radioljubuski.ba\/index.php\/wp-json\/wp\/v2\/posts\/102696\/revisions"}],"predecessor-version":[{"id":102697,"href":"https:\/\/radioljubuski.ba\/index.php\/wp-json\/wp\/v2\/posts\/102696\/revisions\/102697"}],"wp:attachment":[{"href":"https:\/\/radioljubuski.ba\/index.php\/wp-json\/wp\/v2\/media?parent=102696"}],"wp:term":[{"taxonomy":"category","embeddable":true,"href":"https:\/\/radioljubuski.ba\/index.php\/wp-json\/wp\/v2\/categories?post=102696"},{"taxonomy":"post_tag","embeddable":true,"href":"https:\/\/radioljubuski.ba\/index.php\/wp-json\/wp\/v2\/tags?post=102696"}],"curies":[{"name":"wp","href":"https:\/\/api.w.org\/{rel}","templated":true}]}}