{"id":10271,"date":"2021-04-06T22:55:56","date_gmt":"2021-04-06T21:55:56","guid":{"rendered":"https:\/\/radioljubuski.ba\/?p=10271"},"modified":"2021-04-06T22:55:56","modified_gmt":"2021-04-06T21:55:56","slug":"ogorcena-socijalna-radnica-po-cemu-je-veljaca-kompetentna-dati-svoj-sud","status":"publish","type":"post","link":"https:\/\/radioljubuski.ba\/index.php\/2021\/04\/06\/ogorcena-socijalna-radnica-po-cemu-je-veljaca-kompetentna-dati-svoj-sud\/","title":{"rendered":"Ogor\u010dena socijalna radnica: \u2018Po \u010demu je Velja\u010da kompetentna dati svoj sud?\u2019"},"content":{"rendered":"\n<p>\u201cSvojim izjavama sudjelujete u poticanju bijesne gomile na lin\u010d ljudi koji po\u0161teno rade svoj posao. Pitam se ho\u0107ete li i Vi mo\u0107i spavati mirno kada netko opet do\u0111e u CZSS i pobije nedu\u017ene ljude na radnom mjestu? Smatrate li Vi kao \u017eena, kao majka, kao netko tko je obrazovan i ipak nadilazi neki statisti\u010dki prosjek u RH, da u kolektivu u kojem u najve\u0107em broju rade \u017eene i majke, da je uistinu realno i mogu\u0107e da smo mi takve sotone? Da smo hladne i ravnodu\u0161ne prema patnji djece kad imamo i vlastitu djecu? Da ujutro ne ustajemo i uve\u010der ne legnemo s promi\u0161ljanjima sto se moglo u\u010diniti da se ovakve tragedije izbjegnu. (\u2026) O\u010dito su o nekim zanimanjima svi kompetentni dati svoj sud,\u201d, stoji u pismu koje je stiglo na redakciju portala Narod.hr nakon objave o prosta\u010dkim komentarima scenaristice, producentice, glumice te osniva\u010dice inicijative SpasiMe&nbsp;<strong>Jelene Velja\u010de&nbsp;<\/strong>na ra\u010dun socijalnih radnika.<\/p>\n\n\n\n<p>Zaposlenica zagreba\u010dkog Centra za socijalnu skrb (podaci poznati redakciji), obratila nam se komentiraju\u0107i tragediju, ali i objavu javne osobe koja koristi svoj profil kako bi vrije\u0111ala radnike u sustavu socijalne skrbi, a potom se sastala s ministrom koji je nadle\u017ean za isti resor te dala zajedni\u010dku izjavu.<\/p>\n\n\n\n<p>Njeno pismo uz dopu\u0161tenje i zamolbu za anonimnost prenosimo u cijelosti.<\/p>\n\n\n\n<p>\u201cPotrudit \u0107u se ostati pristojna i smirena, iako je velik broj mojih kolegica i kolega danas oti\u0161ao na posao sve samo ne smireno. Rije\u010di koje ste neki dan upotrijebili za socijalne radnike (da podsjetimo \u201ckrv im j*** uhljebarsku\u201d, \u201cubojice\u201d..i sl.) nisu \u201cpogre\u0161ne\u201d kako ste kasnije naveli.&nbsp;<strong>Vi ste previ\u0161e inteligentna \u017eena da bi Vam se takvo \u0161to omaklo.<\/strong>&nbsp;To je ono \u0161to vi uistinu mislite o nama. Ali ne bi to bio toliki problem na prvu. \u010citava dr\u017eava se di\u017ee na noge kada se u medijima pojavi pri\u010da o nesretnoj porodici kojoj se dijete oduzima zbog \u201close postavljenih plo\u010dica u kupaonici\u201d. Cijela nacija se di\u017ee na noge i pita \u201cza\u0161to se jadnim, siroma\u0161nim roditeljima ne pomogne umjesto da im otimamo djecu?\u201d Tako\u0111er su naj\u010de\u0161\u0107i komentari kako je to sigurno dogovor socijalnih radnika i udomitelja (na obostranu materijalnu korist), da tako socijalni radnici zara\u0111uju na siroma\u0161nim obiteljima s djecom (svaki udomitelj zna o kakvim je smije\u0161nim iznosima naknada rije\u010d), kako otimamo djecu i prodajemo i sl. Na takvo mi\u0161ljenje gra\u0111ana smo navikli.<strong>&nbsp;\u0160utimo i ne branimo se.<\/strong>&nbsp;Prvo, zato sto moramo \u010duvati profesionalnu tajnu, a drugo jer su to \u201cobi\u010dni\u201d ljudi \u010desto bez ikakvih (valjanih) informacija o postupcima koji provodi CZSS. Ne krivim ih, nose ih emocije ili mo\u017eda neko vlastito lo\u0161e iskustvo s CZSS (koliko znate sretnih i uspje\u0161nih rastava braka?).&nbsp;<strong>Ali Vi ste javna osoba \u010dije mi\u0161ljenje i stavovi utje\u010du na brojne ljude.<\/strong>&nbsp;Kratko sam s Vama komunicirala u grupama o prehrani za djecu i kada su Va\u0161i savjeti konstruktivni i pozitivni to ima utjecaj na mnoge majke da recimo razmisle o boljim izborima za svoje dijete. Isto tako kada svojim izjavama sudjelujete u poticanju bijesne gomile na lin\u010d ljudi koji po\u0161teno rade svoj posao, i to ima utjecaj! \u010dak i ve\u0107i utjecaj. Pitam se ho\u0107ete li i Vi mo\u0107i spavati mirno kada netko opet do\u0111e u CZSS i pobije nedu\u017ene ljude na radnom mjestu? Smatrate li Vi kao \u017eena, kao majka, kao netko tko je obrazovan i ipak nadilazi neki statisti\u010dki prosjek u RH, da u kolektivu u kojem u najve\u0107em broju rade \u017eene i majke, da je uistinu realno i mogu\u0107e da smo mi takve sotone? Da smo hladne i ravnodu\u0161ne prema patnji djece kad imamo i vlastitu djecu? Da ujutro ne ustajemo i uve\u010der ne legnemo s promi\u0161ljanjima sto se moglo u\u010diniti da se ovakve tragedije izbjegnu? Da smo mi \u017eene i majke koje ba\u0161 briga za djecu, koje \u017eele zlo drugoj djeci, koje su nemarne tako da bi dopustile da neko dijete umire u mukama? \u010cak i da nismo dodatno educirane i obrazovanje za rad, stvarno vjerujete da smo kao ljudi, a onda i profesionalci hladni na dje\u010dje modrice?? Moram Vas razo\u010darati.&nbsp;<strong>Mnogo puta sam oti\u0161la na godi\u0161nji odmor razmi\u0161ljaju\u0107i o nekoj obitelji<\/strong>&nbsp;(bez obzira na sve poduzete mjere) ho\u0107e li sve biti ok, da ne\u0107e netko \u201cpuknuti\u201d i napraviti ne\u0161to lo\u0161e, ne\u0161to sto ja ne mogu ni predvidjeti ni sprije\u010diti. A kad te pusti taj strah, onda se sjeti\u0161 da si mo\u017eda zaboravila napisati neku bilje\u0161ku zbog koje bi mogao odgovarati nadre\u0111enima. Vjerujem da ne znate koliko mojih kolega s gr\u010dem u \u017eelucu ide na posao kada osje\u0107a\u0161 da ne\u0161to nije uredu, ali za to nema\u0161 nikakvih dokaza, a u svakom svom postupanju se mora\u0161 opravdati na \u201csto adresa\u201d.<strong>&nbsp;Zamislite samo da sam kao voditelj nadzora nalo\u017eila nekim roditeljima da skinu dijete. Zamislite sad da na tom djetetu nije bilo modrica. Zamislite tu lavinu optu\u017eb<\/strong>i (do\u0161li bi sasvim sigurno i do pedofilije) i o\u010ditovanja svim mogu\u0107im institucijama za\u0161to je socijalna radnica bez ovla\u0161tenje skinula dijete??<\/p>\n\n\n\n<p>Ka\u017eete da nam pla\u0107a ide\u2026 znate kolika je naknada voditelju mjere nadzora? 400 kuna. 400 kuna MJESE\u010cNO! Recite, koliko platite sat rada kod automehani\u010dara? Koliko pla\u0107ate svoju sprema\u010dicu? Ne \u017eelim podcijeniti ni\u010dije zanimanje, samo pitati koja je posljedica njihove pogre\u0161ne procjene, a koja na\u0161e? Ali ni mala pla\u0107a nije izgovor, sla\u017eem se. I ne treba biti izgovor! I pritom uop\u0107e ne \u017eelim sugerirati da je u ovom konkretnom slu\u010daju do\u0161lo do propusta. Ja to ne mogu znati, kao ni Vi. Predsjednik na\u0161e Komore neki dan je u intervjuu medijima rekao da<strong>&nbsp;na nivou dr\u017eave imamo 20 000 intervencija u obitelji vezano za nasilje.<\/strong>&nbsp;Recite na 20000 poroda, koliko se dogodi poroda s lije\u010dni\u010dkom pogre\u0161kom s dugotrajnim posljedicama po dijete ili sa smrtnim ishodom? Na 20 000 zatvorenika, koliko psihijatara da potvrdu o slobodnom vikendu, a pacijent na tom vikendu po\u010dini kazneno djelo? Na 20000 slu\u010dajeva koliko sudaca oslobodi recidivista? O\u010dito se neke struke ipak lak\u0161e razapnu u medijima od drugih.&nbsp;<strong>O\u010dito su o nekim zanimanjima svi kompetentni dati svoj sud, dok su druga obavijena mistikom vi\u0161egodi\u0161njeg studiranja i specijalizacija.<\/strong><\/p>\n\n\n\n<p>Mogla bi jo\u0161 puno toga napisati, ali ne\u0107u. Svoju struku sam sama odabrala i volim svoj posao, ali znate, te\u0161ko je napraviti dobru seriju s lo\u0161im glumcima, oskudnom scenografijom i tre\u0107erazrednim scenarije. Vi to znate i bolje od mene\u2026\u201d, stoji u pismu diplomirane socijalne radnice redakciji portala Narod.hr.<\/p>\n\n\n\n<p>Podsjetimo, na dru\u0161tvenim mre\u017eama dijele se snimke zaslona i dio prosta\u010dke komunikacije izme\u0111u Velja\u010de, predstavnice inicijative #SpasiMe s kazali\u0161nom glumicom Nata\u0161om Janji\u0107 Medan\u010di\u0107. U njima Velja\u010da, prosta\u010dki vrije\u0111a radnike u sustavu socijalne skrbi, dok istu resorni ministar Josip Aladrovi\u0107 prima na slu\u017ebeni sastanak.<\/p>\n\n\n\n<p>Predstavnica inicijative #SpasiMe Velja\u010da, nakon sastanka je rekla kako joj se \u010dini da se stvorila atmosfera lin\u010da prema socijalnim radnicima, \u0161to joj, kako ka\u017ee, nije bila namjera.<\/p>\n\n\n\n<p>\u201cAko sam nekom svojom<strong>&nbsp;ostra\u0161\u0107enom izjavom<\/strong>, koja je bila potaknuta tragi\u010dnim ishodom monstruoznog doga\u0111aja iz Nove Gradi\u0161ke,&nbsp;<strong>izazvala i mikrodio te atmosfere, \u017eelim se ispri\u010dati, jer to nije dio ni uvjerenja ove inicijative niti mojih osobnih.\u201d<\/strong>, poru\u010dila je Velja\u010da nakon sastanka s ministrom.<\/p>\n\n\n\n<p><em>Izvor: narod.hr<\/em><\/p>\n","protected":false},"excerpt":{"rendered":"<p>\u201cSvojim izjavama sudjelujete u poticanju bijesne gomile na lin\u010d ljudi koji po\u0161teno rade svoj posao. Pitam se ho\u0107ete li i Vi mo\u0107i spavati mirno kada netko opet do\u0111e u CZSS i pobije nedu\u017ene ljude na radnom mjestu? Smatrate li Vi kao \u017eena, kao majka, kao netko tko je obrazovan i ipak nadilazi neki statisti\u010dki prosjek [&hellip;]<\/p>\n","protected":false},"author":2,"featured_media":10272,"comment_status":"closed","ping_status":"closed","sticky":false,"template":"","format":"standard","meta":{"h5ap_radio_sources":[],"footnotes":""},"categories":[1],"tags":[],"class_list":["post-10271","post","type-post","status-publish","format-standard","has-post-thumbnail","hentry","category-bihiregija"],"yoast_head":"<!-- This site is optimized with the Yoast SEO plugin v27.5 - https:\/\/yoast.com\/product\/yoast-seo-wordpress\/ -->\n<title>Ogor\u010dena socijalna radnica: \u2018Po \u010demu je Velja\u010da kompetentna dati svoj sud?\u2019 - RADIO LJUBU\u0160KI<\/title>\n<meta name=\"robots\" content=\"index, follow, max-snippet:-1, max-image-preview:large, max-video-preview:-1\" \/>\n<link rel=\"canonical\" href=\"https:\/\/radioljubuski.ba\/index.php\/2021\/04\/06\/ogorcena-socijalna-radnica-po-cemu-je-veljaca-kompetentna-dati-svoj-sud\/\" \/>\n<meta property=\"og:locale\" content=\"hr_HR\" \/>\n<meta property=\"og:type\" content=\"article\" \/>\n<meta property=\"og:title\" content=\"Ogor\u010dena socijalna radnica: \u2018Po \u010demu je Velja\u010da kompetentna dati svoj sud?\u2019 - RADIO LJUBU\u0160KI\" \/>\n<meta property=\"og:description\" content=\"\u201cSvojim izjavama sudjelujete u poticanju bijesne gomile na lin\u010d ljudi koji po\u0161teno rade svoj posao. Pitam se ho\u0107ete li i Vi mo\u0107i spavati mirno kada netko opet do\u0111e u CZSS i pobije nedu\u017ene ljude na radnom mjestu? Smatrate li Vi kao \u017eena, kao majka, kao netko tko je obrazovan i ipak nadilazi neki statisti\u010dki prosjek [&hellip;]\" \/>\n<meta property=\"og:url\" content=\"https:\/\/radioljubuski.ba\/index.php\/2021\/04\/06\/ogorcena-socijalna-radnica-po-cemu-je-veljaca-kompetentna-dati-svoj-sud\/\" \/>\n<meta property=\"og:site_name\" content=\"RADIO LJUBU\u0160KI\" \/>\n<meta property=\"article:publisher\" content=\"https:\/\/www.facebook.com\/Radiio-Ljubuski-1490835324566332\" \/>\n<meta property=\"article:published_time\" content=\"2021-04-06T21:55:56+00:00\" \/>\n<meta property=\"og:image\" content=\"https:\/\/radioljubuski.ba\/wp-content\/uploads\/2021\/04\/veljaca-socijalna-696x464-1.jpg\" \/>\n\t<meta property=\"og:image:width\" content=\"696\" \/>\n\t<meta property=\"og:image:height\" content=\"464\" \/>\n\t<meta property=\"og:image:type\" content=\"image\/jpeg\" \/>\n<meta name=\"author\" content=\"Radio Ljubu\u0161ki\" \/>\n<meta name=\"twitter:card\" content=\"summary_large_image\" \/>\n<meta name=\"twitter:creator\" content=\"@radioljubuski\" \/>\n<meta name=\"twitter:site\" content=\"@radioljubuski\" \/>\n<meta name=\"twitter:label1\" content=\"Napisao\/la\" \/>\n\t<meta name=\"twitter:data1\" content=\"Radio Ljubu\u0161ki\" \/>\n\t<meta name=\"twitter:label2\" content=\"Procijenjeno vrijeme \u010ditanja\" \/>\n\t<meta name=\"twitter:data2\" content=\"6 minuta\" \/>\n<script type=\"application\/ld+json\" class=\"yoast-schema-graph\">{\"@context\":\"https:\\\/\\\/schema.org\",\"@graph\":[{\"@type\":\"Article\",\"@id\":\"https:\\\/\\\/radioljubuski.ba\\\/index.php\\\/2021\\\/04\\\/06\\\/ogorcena-socijalna-radnica-po-cemu-je-veljaca-kompetentna-dati-svoj-sud\\\/#article\",\"isPartOf\":{\"@id\":\"https:\\\/\\\/radioljubuski.ba\\\/index.php\\\/2021\\\/04\\\/06\\\/ogorcena-socijalna-radnica-po-cemu-je-veljaca-kompetentna-dati-svoj-sud\\\/\"},\"author\":{\"name\":\"Radio Ljubu\u0161ki\",\"@id\":\"https:\\\/\\\/radioljubuski.ba\\\/#\\\/schema\\\/person\\\/19fc700381a780f69665d7956c469e3b\"},\"headline\":\"Ogor\u010dena socijalna radnica: \u2018Po \u010demu je Velja\u010da kompetentna dati svoj sud?\u2019\",\"datePublished\":\"2021-04-06T21:55:56+00:00\",\"mainEntityOfPage\":{\"@id\":\"https:\\\/\\\/radioljubuski.ba\\\/index.php\\\/2021\\\/04\\\/06\\\/ogorcena-socijalna-radnica-po-cemu-je-veljaca-kompetentna-dati-svoj-sud\\\/\"},\"wordCount\":1305,\"publisher\":{\"@id\":\"https:\\\/\\\/radioljubuski.ba\\\/#organization\"},\"image\":{\"@id\":\"https:\\\/\\\/radioljubuski.ba\\\/index.php\\\/2021\\\/04\\\/06\\\/ogorcena-socijalna-radnica-po-cemu-je-veljaca-kompetentna-dati-svoj-sud\\\/#primaryimage\"},\"thumbnailUrl\":\"https:\\\/\\\/radioljubuski.ba\\\/wp-content\\\/uploads\\\/2021\\\/04\\\/veljaca-socijalna-696x464-1.jpg\",\"articleSection\":[\"BIH i regija\"],\"inLanguage\":\"hr\"},{\"@type\":\"WebPage\",\"@id\":\"https:\\\/\\\/radioljubuski.ba\\\/index.php\\\/2021\\\/04\\\/06\\\/ogorcena-socijalna-radnica-po-cemu-je-veljaca-kompetentna-dati-svoj-sud\\\/\",\"url\":\"https:\\\/\\\/radioljubuski.ba\\\/index.php\\\/2021\\\/04\\\/06\\\/ogorcena-socijalna-radnica-po-cemu-je-veljaca-kompetentna-dati-svoj-sud\\\/\",\"name\":\"Ogor\u010dena socijalna radnica: \u2018Po \u010demu je Velja\u010da kompetentna dati svoj sud?\u2019 - RADIO LJUBU\u0160KI\",\"isPartOf\":{\"@id\":\"https:\\\/\\\/radioljubuski.ba\\\/#website\"},\"primaryImageOfPage\":{\"@id\":\"https:\\\/\\\/radioljubuski.ba\\\/index.php\\\/2021\\\/04\\\/06\\\/ogorcena-socijalna-radnica-po-cemu-je-veljaca-kompetentna-dati-svoj-sud\\\/#primaryimage\"},\"image\":{\"@id\":\"https:\\\/\\\/radioljubuski.ba\\\/index.php\\\/2021\\\/04\\\/06\\\/ogorcena-socijalna-radnica-po-cemu-je-veljaca-kompetentna-dati-svoj-sud\\\/#primaryimage\"},\"thumbnailUrl\":\"https:\\\/\\\/radioljubuski.ba\\\/wp-content\\\/uploads\\\/2021\\\/04\\\/veljaca-socijalna-696x464-1.jpg\",\"datePublished\":\"2021-04-06T21:55:56+00:00\",\"breadcrumb\":{\"@id\":\"https:\\\/\\\/radioljubuski.ba\\\/index.php\\\/2021\\\/04\\\/06\\\/ogorcena-socijalna-radnica-po-cemu-je-veljaca-kompetentna-dati-svoj-sud\\\/#breadcrumb\"},\"inLanguage\":\"hr\",\"potentialAction\":[{\"@type\":\"ReadAction\",\"target\":[\"https:\\\/\\\/radioljubuski.ba\\\/index.php\\\/2021\\\/04\\\/06\\\/ogorcena-socijalna-radnica-po-cemu-je-veljaca-kompetentna-dati-svoj-sud\\\/\"]}]},{\"@type\":\"ImageObject\",\"inLanguage\":\"hr\",\"@id\":\"https:\\\/\\\/radioljubuski.ba\\\/index.php\\\/2021\\\/04\\\/06\\\/ogorcena-socijalna-radnica-po-cemu-je-veljaca-kompetentna-dati-svoj-sud\\\/#primaryimage\",\"url\":\"https:\\\/\\\/radioljubuski.ba\\\/wp-content\\\/uploads\\\/2021\\\/04\\\/veljaca-socijalna-696x464-1.jpg\",\"contentUrl\":\"https:\\\/\\\/radioljubuski.ba\\\/wp-content\\\/uploads\\\/2021\\\/04\\\/veljaca-socijalna-696x464-1.jpg\",\"width\":696,\"height\":464},{\"@type\":\"BreadcrumbList\",\"@id\":\"https:\\\/\\\/radioljubuski.ba\\\/index.php\\\/2021\\\/04\\\/06\\\/ogorcena-socijalna-radnica-po-cemu-je-veljaca-kompetentna-dati-svoj-sud\\\/#breadcrumb\",\"itemListElement\":[{\"@type\":\"ListItem\",\"position\":1,\"name\":\"Po\u010detna stranica\",\"item\":\"https:\\\/\\\/radioljubuski.ba\\\/\"},{\"@type\":\"ListItem\",\"position\":2,\"name\":\"Ogor\u010dena socijalna radnica: \u2018Po \u010demu je Velja\u010da kompetentna dati svoj sud?\u2019\"}]},{\"@type\":\"WebSite\",\"@id\":\"https:\\\/\\\/radioljubuski.ba\\\/#website\",\"url\":\"https:\\\/\\\/radioljubuski.ba\\\/\",\"name\":\"Radio Ljubu\u0161ki\",\"description\":\"Sun\u010dana frekvencija Hercegovine\",\"publisher\":{\"@id\":\"https:\\\/\\\/radioljubuski.ba\\\/#organization\"},\"potentialAction\":[{\"@type\":\"SearchAction\",\"target\":{\"@type\":\"EntryPoint\",\"urlTemplate\":\"https:\\\/\\\/radioljubuski.ba\\\/?s={search_term_string}\"},\"query-input\":{\"@type\":\"PropertyValueSpecification\",\"valueRequired\":true,\"valueName\":\"search_term_string\"}}],\"inLanguage\":\"hr\"},{\"@type\":\"Organization\",\"@id\":\"https:\\\/\\\/radioljubuski.ba\\\/#organization\",\"name\":\"Radio Ljubu\u0161ki\",\"url\":\"https:\\\/\\\/radioljubuski.ba\\\/\",\"logo\":{\"@type\":\"ImageObject\",\"inLanguage\":\"hr\",\"@id\":\"https:\\\/\\\/radioljubuski.ba\\\/#\\\/schema\\\/logo\\\/image\\\/\",\"url\":\"https:\\\/\\\/radioljubuski.ba\\\/wp-content\\\/uploads\\\/2021\\\/02\\\/cropped-Radio_Ljubuski_logo1.jpg\",\"contentUrl\":\"https:\\\/\\\/radioljubuski.ba\\\/wp-content\\\/uploads\\\/2021\\\/02\\\/cropped-Radio_Ljubuski_logo1.jpg\",\"width\":512,\"height\":512,\"caption\":\"Radio Ljubu\u0161ki\"},\"image\":{\"@id\":\"https:\\\/\\\/radioljubuski.ba\\\/#\\\/schema\\\/logo\\\/image\\\/\"},\"sameAs\":[\"https:\\\/\\\/www.facebook.com\\\/Radiio-Ljubuski-1490835324566332\",\"https:\\\/\\\/x.com\\\/radioljubuski\",\"https:\\\/\\\/hr.linkedin.com\\\/company\\\/radio-ljubuski\",\"https:\\\/\\\/www.youtube.com\\\/channel\\\/UCHYaeO_n0Db3tjNGudGpXyw\"]},{\"@type\":\"Person\",\"@id\":\"https:\\\/\\\/radioljubuski.ba\\\/#\\\/schema\\\/person\\\/19fc700381a780f69665d7956c469e3b\",\"name\":\"Radio Ljubu\u0161ki\"}]}<\/script>\n<!-- \/ Yoast SEO plugin. -->","yoast_head_json":{"title":"Ogor\u010dena socijalna radnica: \u2018Po \u010demu je Velja\u010da kompetentna dati svoj sud?\u2019 - RADIO LJUBU\u0160KI","robots":{"index":"index","follow":"follow","max-snippet":"max-snippet:-1","max-image-preview":"max-image-preview:large","max-video-preview":"max-video-preview:-1"},"canonical":"https:\/\/radioljubuski.ba\/index.php\/2021\/04\/06\/ogorcena-socijalna-radnica-po-cemu-je-veljaca-kompetentna-dati-svoj-sud\/","og_locale":"hr_HR","og_type":"article","og_title":"Ogor\u010dena socijalna radnica: \u2018Po \u010demu je Velja\u010da kompetentna dati svoj sud?\u2019 - RADIO LJUBU\u0160KI","og_description":"\u201cSvojim izjavama sudjelujete u poticanju bijesne gomile na lin\u010d ljudi koji po\u0161teno rade svoj posao. Pitam se ho\u0107ete li i Vi mo\u0107i spavati mirno kada netko opet do\u0111e u CZSS i pobije nedu\u017ene ljude na radnom mjestu? Smatrate li Vi kao \u017eena, kao majka, kao netko tko je obrazovan i ipak nadilazi neki statisti\u010dki prosjek [&hellip;]","og_url":"https:\/\/radioljubuski.ba\/index.php\/2021\/04\/06\/ogorcena-socijalna-radnica-po-cemu-je-veljaca-kompetentna-dati-svoj-sud\/","og_site_name":"RADIO LJUBU\u0160KI","article_publisher":"https:\/\/www.facebook.com\/Radiio-Ljubuski-1490835324566332","article_published_time":"2021-04-06T21:55:56+00:00","og_image":[{"width":696,"height":464,"url":"https:\/\/radioljubuski.ba\/wp-content\/uploads\/2021\/04\/veljaca-socijalna-696x464-1.jpg","type":"image\/jpeg"}],"author":"Radio Ljubu\u0161ki","twitter_card":"summary_large_image","twitter_creator":"@radioljubuski","twitter_site":"@radioljubuski","twitter_misc":{"Napisao\/la":"Radio Ljubu\u0161ki","Procijenjeno vrijeme \u010ditanja":"6 minuta"},"schema":{"@context":"https:\/\/schema.org","@graph":[{"@type":"Article","@id":"https:\/\/radioljubuski.ba\/index.php\/2021\/04\/06\/ogorcena-socijalna-radnica-po-cemu-je-veljaca-kompetentna-dati-svoj-sud\/#article","isPartOf":{"@id":"https:\/\/radioljubuski.ba\/index.php\/2021\/04\/06\/ogorcena-socijalna-radnica-po-cemu-je-veljaca-kompetentna-dati-svoj-sud\/"},"author":{"name":"Radio Ljubu\u0161ki","@id":"https:\/\/radioljubuski.ba\/#\/schema\/person\/19fc700381a780f69665d7956c469e3b"},"headline":"Ogor\u010dena socijalna radnica: \u2018Po \u010demu je Velja\u010da kompetentna dati svoj sud?\u2019","datePublished":"2021-04-06T21:55:56+00:00","mainEntityOfPage":{"@id":"https:\/\/radioljubuski.ba\/index.php\/2021\/04\/06\/ogorcena-socijalna-radnica-po-cemu-je-veljaca-kompetentna-dati-svoj-sud\/"},"wordCount":1305,"publisher":{"@id":"https:\/\/radioljubuski.ba\/#organization"},"image":{"@id":"https:\/\/radioljubuski.ba\/index.php\/2021\/04\/06\/ogorcena-socijalna-radnica-po-cemu-je-veljaca-kompetentna-dati-svoj-sud\/#primaryimage"},"thumbnailUrl":"https:\/\/radioljubuski.ba\/wp-content\/uploads\/2021\/04\/veljaca-socijalna-696x464-1.jpg","articleSection":["BIH i regija"],"inLanguage":"hr"},{"@type":"WebPage","@id":"https:\/\/radioljubuski.ba\/index.php\/2021\/04\/06\/ogorcena-socijalna-radnica-po-cemu-je-veljaca-kompetentna-dati-svoj-sud\/","url":"https:\/\/radioljubuski.ba\/index.php\/2021\/04\/06\/ogorcena-socijalna-radnica-po-cemu-je-veljaca-kompetentna-dati-svoj-sud\/","name":"Ogor\u010dena socijalna radnica: \u2018Po \u010demu je Velja\u010da kompetentna dati svoj sud?\u2019 - RADIO LJUBU\u0160KI","isPartOf":{"@id":"https:\/\/radioljubuski.ba\/#website"},"primaryImageOfPage":{"@id":"https:\/\/radioljubuski.ba\/index.php\/2021\/04\/06\/ogorcena-socijalna-radnica-po-cemu-je-veljaca-kompetentna-dati-svoj-sud\/#primaryimage"},"image":{"@id":"https:\/\/radioljubuski.ba\/index.php\/2021\/04\/06\/ogorcena-socijalna-radnica-po-cemu-je-veljaca-kompetentna-dati-svoj-sud\/#primaryimage"},"thumbnailUrl":"https:\/\/radioljubuski.ba\/wp-content\/uploads\/2021\/04\/veljaca-socijalna-696x464-1.jpg","datePublished":"2021-04-06T21:55:56+00:00","breadcrumb":{"@id":"https:\/\/radioljubuski.ba\/index.php\/2021\/04\/06\/ogorcena-socijalna-radnica-po-cemu-je-veljaca-kompetentna-dati-svoj-sud\/#breadcrumb"},"inLanguage":"hr","potentialAction":[{"@type":"ReadAction","target":["https:\/\/radioljubuski.ba\/index.php\/2021\/04\/06\/ogorcena-socijalna-radnica-po-cemu-je-veljaca-kompetentna-dati-svoj-sud\/"]}]},{"@type":"ImageObject","inLanguage":"hr","@id":"https:\/\/radioljubuski.ba\/index.php\/2021\/04\/06\/ogorcena-socijalna-radnica-po-cemu-je-veljaca-kompetentna-dati-svoj-sud\/#primaryimage","url":"https:\/\/radioljubuski.ba\/wp-content\/uploads\/2021\/04\/veljaca-socijalna-696x464-1.jpg","contentUrl":"https:\/\/radioljubuski.ba\/wp-content\/uploads\/2021\/04\/veljaca-socijalna-696x464-1.jpg","width":696,"height":464},{"@type":"BreadcrumbList","@id":"https:\/\/radioljubuski.ba\/index.php\/2021\/04\/06\/ogorcena-socijalna-radnica-po-cemu-je-veljaca-kompetentna-dati-svoj-sud\/#breadcrumb","itemListElement":[{"@type":"ListItem","position":1,"name":"Po\u010detna stranica","item":"https:\/\/radioljubuski.ba\/"},{"@type":"ListItem","position":2,"name":"Ogor\u010dena socijalna radnica: \u2018Po \u010demu je Velja\u010da kompetentna dati svoj sud?\u2019"}]},{"@type":"WebSite","@id":"https:\/\/radioljubuski.ba\/#website","url":"https:\/\/radioljubuski.ba\/","name":"Radio Ljubu\u0161ki","description":"Sun\u010dana frekvencija Hercegovine","publisher":{"@id":"https:\/\/radioljubuski.ba\/#organization"},"potentialAction":[{"@type":"SearchAction","target":{"@type":"EntryPoint","urlTemplate":"https:\/\/radioljubuski.ba\/?s={search_term_string}"},"query-input":{"@type":"PropertyValueSpecification","valueRequired":true,"valueName":"search_term_string"}}],"inLanguage":"hr"},{"@type":"Organization","@id":"https:\/\/radioljubuski.ba\/#organization","name":"Radio Ljubu\u0161ki","url":"https:\/\/radioljubuski.ba\/","logo":{"@type":"ImageObject","inLanguage":"hr","@id":"https:\/\/radioljubuski.ba\/#\/schema\/logo\/image\/","url":"https:\/\/radioljubuski.ba\/wp-content\/uploads\/2021\/02\/cropped-Radio_Ljubuski_logo1.jpg","contentUrl":"https:\/\/radioljubuski.ba\/wp-content\/uploads\/2021\/02\/cropped-Radio_Ljubuski_logo1.jpg","width":512,"height":512,"caption":"Radio Ljubu\u0161ki"},"image":{"@id":"https:\/\/radioljubuski.ba\/#\/schema\/logo\/image\/"},"sameAs":["https:\/\/www.facebook.com\/Radiio-Ljubuski-1490835324566332","https:\/\/x.com\/radioljubuski","https:\/\/hr.linkedin.com\/company\/radio-ljubuski","https:\/\/www.youtube.com\/channel\/UCHYaeO_n0Db3tjNGudGpXyw"]},{"@type":"Person","@id":"https:\/\/radioljubuski.ba\/#\/schema\/person\/19fc700381a780f69665d7956c469e3b","name":"Radio Ljubu\u0161ki"}]}},"_links":{"self":[{"href":"https:\/\/radioljubuski.ba\/index.php\/wp-json\/wp\/v2\/posts\/10271","targetHints":{"allow":["GET"]}}],"collection":[{"href":"https:\/\/radioljubuski.ba\/index.php\/wp-json\/wp\/v2\/posts"}],"about":[{"href":"https:\/\/radioljubuski.ba\/index.php\/wp-json\/wp\/v2\/types\/post"}],"author":[{"embeddable":true,"href":"https:\/\/radioljubuski.ba\/index.php\/wp-json\/wp\/v2\/users\/2"}],"replies":[{"embeddable":true,"href":"https:\/\/radioljubuski.ba\/index.php\/wp-json\/wp\/v2\/comments?post=10271"}],"version-history":[{"count":1,"href":"https:\/\/radioljubuski.ba\/index.php\/wp-json\/wp\/v2\/posts\/10271\/revisions"}],"predecessor-version":[{"id":10273,"href":"https:\/\/radioljubuski.ba\/index.php\/wp-json\/wp\/v2\/posts\/10271\/revisions\/10273"}],"wp:featuredmedia":[{"embeddable":true,"href":"https:\/\/radioljubuski.ba\/index.php\/wp-json\/wp\/v2\/media\/10272"}],"wp:attachment":[{"href":"https:\/\/radioljubuski.ba\/index.php\/wp-json\/wp\/v2\/media?parent=10271"}],"wp:term":[{"taxonomy":"category","embeddable":true,"href":"https:\/\/radioljubuski.ba\/index.php\/wp-json\/wp\/v2\/categories?post=10271"},{"taxonomy":"post_tag","embeddable":true,"href":"https:\/\/radioljubuski.ba\/index.php\/wp-json\/wp\/v2\/tags?post=10271"}],"curies":[{"name":"wp","href":"https:\/\/api.w.org\/{rel}","templated":true}]}}