{"id":102749,"date":"2021-12-23T01:42:27","date_gmt":"2021-12-23T00:42:27","guid":{"rendered":"https:\/\/radioljubuski.ba\/?p=102749"},"modified":"2021-12-23T01:42:28","modified_gmt":"2021-12-23T00:42:28","slug":"hector-slavila-u-courchevelu-shiffrin-druga","status":"publish","type":"post","link":"https:\/\/radioljubuski.ba\/index.php\/2021\/12\/23\/hector-slavila-u-courchevelu-shiffrin-druga\/","title":{"rendered":"Hector slavila u Courchevelu, Shiffrin druga"},"content":{"rendered":"\n<p><strong>\u0160vedska skija\u0161ica&nbsp;Sara Hector&nbsp;pobjednica je veleslaloma vo\u017eenog u francuskom Courchevelu.<\/strong><\/p>\n\n\n\n<p>Odli\u010dna \u0160ve\u0111anka bila je najbr\u017ea i u prvoj vo\u017enji u kojoj je imala 11 stotinki prednosti pred Francuskinjom\u00a0<strong>Tessom Worley<\/strong>\u00a0te 34 stotinke bolje vrijeme od tre\u0107eplasirane Amerikanke\u00a0<strong>Mikaele Shiffrin,<\/strong>\u00a0pobjednice uvodna dva veleslaloma.\u00a0<br><br>Sara Hector uspjela se othrvati pritisku i i slaviti u tre\u0107em veleslalomu sezone sa 35 stotinki boljim vremenom od Shiffrin.\u00a0<br><br>Worley je na kraju ostala bez postolja zauzev\u0161i \u010detvrto mjesto sa zaostatkom od 68 stotinki za Hector, a tre\u0107e mjesto osvojila je Talijanka\u00a0<strong>Marta Bassino<\/strong>\u00a0zaostav\u0161i 60 stotinki za pobjednicom.\u00a0<\/p>\n\n\n\n<blockquote class=\"instagram-media\" data-instgrm-captioned data-instgrm-permalink=\"https:\/\/www.instagram.com\/p\/CXyVgnlIfJP\/?utm_source=ig_embed&amp;utm_campaign=loading\" data-instgrm-version=\"14\" style=\" background:#FFF; border:0; border-radius:3px; box-shadow:0 0 1px 0 rgba(0,0,0,0.5),0 1px 10px 0 rgba(0,0,0,0.15); margin: 1px; max-width:540px; min-width:326px; padding:0; width:99.375%; width:-webkit-calc(100% - 2px); width:calc(100% - 2px);\"><div style=\"padding:16px;\"> <a href=\"https:\/\/www.instagram.com\/p\/CXyVgnlIfJP\/?utm_source=ig_embed&amp;utm_campaign=loading\" style=\" background:#FFFFFF; line-height:0; padding:0 0; text-align:center; text-decoration:none; width:100%;\" target=\"_blank\" rel=\"noopener\"> <div style=\" display: flex; flex-direction: row; align-items: center;\"> <div style=\"background-color: #F4F4F4; border-radius: 50%; flex-grow: 0; height: 40px; margin-right: 14px; width: 40px;\"><\/div> <div style=\"display: flex; flex-direction: column; flex-grow: 1; justify-content: center;\"> <div style=\" background-color: #F4F4F4; border-radius: 4px; flex-grow: 0; height: 14px; margin-bottom: 6px; width: 100px;\"><\/div> <div style=\" background-color: #F4F4F4; border-radius: 4px; flex-grow: 0; height: 14px; width: 60px;\"><\/div><\/div><\/div><div style=\"padding: 19% 0;\"><\/div> <div style=\"display:block; height:50px; margin:0 auto 12px; width:50px;\"><svg width=\"50px\" height=\"50px\" viewBox=\"0 0 60 60\" version=\"1.1\" xmlns=\"https:\/\/www.w3.org\/2000\/svg\" xmlns:xlink=\"https:\/\/www.w3.org\/1999\/xlink\"><g stroke=\"none\" stroke-width=\"1\" fill=\"none\" fill-rule=\"evenodd\"><g transform=\"translate(-511.000000, -20.000000)\" fill=\"#000000\"><g><path d=\"M556.869,30.41 C554.814,30.41 553.148,32.076 553.148,34.131 C553.148,36.186 554.814,37.852 556.869,37.852 C558.924,37.852 560.59,36.186 560.59,34.131 C560.59,32.076 558.924,30.41 556.869,30.41 M541,60.657 C535.114,60.657 530.342,55.887 530.342,50 C530.342,44.114 535.114,39.342 541,39.342 C546.887,39.342 551.658,44.114 551.658,50 C551.658,55.887 546.887,60.657 541,60.657 M541,33.886 C532.1,33.886 524.886,41.1 524.886,50 C524.886,58.899 532.1,66.113 541,66.113 C549.9,66.113 557.115,58.899 557.115,50 C557.115,41.1 549.9,33.886 541,33.886 M565.378,62.101 C565.244,65.022 564.756,66.606 564.346,67.663 C563.803,69.06 563.154,70.057 562.106,71.106 C561.058,72.155 560.06,72.803 558.662,73.347 C557.607,73.757 556.021,74.244 553.102,74.378 C549.944,74.521 548.997,74.552 541,74.552 C533.003,74.552 532.056,74.521 528.898,74.378 C525.979,74.244 524.393,73.757 523.338,73.347 C521.94,72.803 520.942,72.155 519.894,71.106 C518.846,70.057 518.197,69.06 517.654,67.663 C517.244,66.606 516.755,65.022 516.623,62.101 C516.479,58.943 516.448,57.996 516.448,50 C516.448,42.003 516.479,41.056 516.623,37.899 C516.755,34.978 517.244,33.391 517.654,32.338 C518.197,30.938 518.846,29.942 519.894,28.894 C520.942,27.846 521.94,27.196 523.338,26.654 C524.393,26.244 525.979,25.756 528.898,25.623 C532.057,25.479 533.004,25.448 541,25.448 C548.997,25.448 549.943,25.479 553.102,25.623 C556.021,25.756 557.607,26.244 558.662,26.654 C560.06,27.196 561.058,27.846 562.106,28.894 C563.154,29.942 563.803,30.938 564.346,32.338 C564.756,33.391 565.244,34.978 565.378,37.899 C565.522,41.056 565.552,42.003 565.552,50 C565.552,57.996 565.522,58.943 565.378,62.101 M570.82,37.631 C570.674,34.438 570.167,32.258 569.425,30.349 C568.659,28.377 567.633,26.702 565.965,25.035 C564.297,23.368 562.623,22.342 560.652,21.575 C558.743,20.834 556.562,20.326 553.369,20.18 C550.169,20.033 549.148,20 541,20 C532.853,20 531.831,20.033 528.631,20.18 C525.438,20.326 523.257,20.834 521.349,21.575 C519.376,22.342 517.703,23.368 516.035,25.035 C514.368,26.702 513.342,28.377 512.574,30.349 C511.834,32.258 511.326,34.438 511.181,37.631 C511.035,40.831 511,41.851 511,50 C511,58.147 511.035,59.17 511.181,62.369 C511.326,65.562 511.834,67.743 512.574,69.651 C513.342,71.625 514.368,73.296 516.035,74.965 C517.703,76.634 519.376,77.658 521.349,78.425 C523.257,79.167 525.438,79.673 528.631,79.82 C531.831,79.965 532.853,80.001 541,80.001 C549.148,80.001 550.169,79.965 553.369,79.82 C556.562,79.673 558.743,79.167 560.652,78.425 C562.623,77.658 564.297,76.634 565.965,74.965 C567.633,73.296 568.659,71.625 569.425,69.651 C570.167,67.743 570.674,65.562 570.82,62.369 C570.966,59.17 571,58.147 571,50 C571,41.851 570.966,40.831 570.82,37.631\"><\/path><\/g><\/g><\/g><\/svg><\/div><div style=\"padding-top: 8px;\"> <div style=\" color:#3897f0; font-family:Arial,sans-serif; font-size:14px; font-style:normal; font-weight:550; line-height:18px;\">Pogledajte ovu objavu na Instagramu.<\/div><\/div><div style=\"padding: 12.5% 0;\"><\/div> <div style=\"display: flex; flex-direction: row; margin-bottom: 14px; align-items: center;\"><div> <div style=\"background-color: #F4F4F4; border-radius: 50%; height: 12.5px; width: 12.5px; transform: translateX(0px) translateY(7px);\"><\/div> <div style=\"background-color: #F4F4F4; height: 12.5px; transform: rotate(-45deg) translateX(3px) translateY(1px); width: 12.5px; flex-grow: 0; margin-right: 14px; margin-left: 2px;\"><\/div> <div style=\"background-color: #F4F4F4; border-radius: 50%; height: 12.5px; width: 12.5px; transform: translateX(9px) translateY(-18px);\"><\/div><\/div><div style=\"margin-left: 8px;\"> <div style=\" background-color: #F4F4F4; border-radius: 50%; flex-grow: 0; height: 20px; width: 20px;\"><\/div> <div style=\" width: 0; height: 0; border-top: 2px solid transparent; border-left: 6px solid #f4f4f4; border-bottom: 2px solid transparent; transform: translateX(16px) translateY(-4px) rotate(30deg)\"><\/div><\/div><div style=\"margin-left: auto;\"> <div style=\" width: 0px; border-top: 8px solid #F4F4F4; border-right: 8px solid transparent; transform: translateY(16px);\"><\/div> <div style=\" background-color: #F4F4F4; flex-grow: 0; height: 12px; width: 16px; transform: translateY(-4px);\"><\/div> <div style=\" width: 0; height: 0; border-top: 8px solid #F4F4F4; border-left: 8px solid transparent; transform: translateY(-4px) translateX(8px);\"><\/div><\/div><\/div> <div style=\"display: flex; flex-direction: column; flex-grow: 1; justify-content: center; margin-bottom: 24px;\"> <div style=\" background-color: #F4F4F4; border-radius: 4px; flex-grow: 0; height: 14px; margin-bottom: 6px; width: 224px;\"><\/div> <div style=\" background-color: #F4F4F4; border-radius: 4px; flex-grow: 0; height: 14px; width: 144px;\"><\/div><\/div><\/a><p style=\" color:#c9c8cd; font-family:Arial,sans-serif; font-size:14px; line-height:17px; margin-bottom:0; margin-top:8px; overflow:hidden; padding:8px 0 7px; text-align:center; text-overflow:ellipsis; white-space:nowrap;\"><a href=\"https:\/\/www.instagram.com\/p\/CXyVgnlIfJP\/?utm_source=ig_embed&amp;utm_campaign=loading\" style=\" color:#c9c8cd; font-family:Arial,sans-serif; font-size:14px; font-style:normal; font-weight:normal; line-height:17px; text-decoration:none;\" target=\"_blank\" rel=\"noopener\">Objavu dijeli Audi FIS Ski World Cup (@fisalpine)<\/a><\/p><\/div><\/blockquote> <script async src=\"\/\/www.instagram.com\/embed.js\"><\/script>\n\n\n\n<p>Pobjedni\u010dka vo\u017enja Sare Hector:<\/p>\n\n\n\n<div style=\"width: 640px;\" class=\"wp-video\"><video class=\"wp-video-shortcode\" id=\"video-102749-1\" width=\"640\" height=\"360\" preload=\"metadata\" controls=\"controls\"><source type=\"video\/mp4\" src=\"https:\/\/api.hrt.hr\/media\/79\/28\/hector-2voznjavsl-2212-20211222143832.mp4?_=1\" \/><a href=\"https:\/\/api.hrt.hr\/media\/79\/28\/hector-2voznjavsl-2212-20211222143832.mp4\">https:\/\/api.hrt.hr\/media\/79\/28\/hector-2voznjavsl-2212-20211222143832.mp4<\/a><\/video><\/div>\n\n\n\n<p>U poretku veleslaloma vodi Shiffrin s 280 bodova ispred Hector koja ima 202 boda, a na tre\u0107em mjestu je sa 155 bodova Slovakinja&nbsp;<strong>Petra Vlhova<\/strong>&nbsp;koja je dana\u0161nji veleslalom zavr\u0161ila kao peta.<br><br>Amerikanka dr\u017ei vode\u0107u poziciju i u ukupnom poretku sa 750 bodova. Druga je sa 635 bodova Talijanka<strong>&nbsp;Sofia Goggia<\/strong>, koja nije zavr\u0161ila prvu vo\u017enju. a na tre\u0107em mjestu je Vlhova sa 435 bodova.&nbsp;<\/p>\n\n\n\n<p><strong>Veleslalom, kona\u010dni poredak:<\/strong><br><br>1.Sara Hector \u0160VE&nbsp; &nbsp; &nbsp; &nbsp; &nbsp; &nbsp; &nbsp; &nbsp; &nbsp;2:13.03<br>2.Mikaela Shiffrin SAD&nbsp; &nbsp; &nbsp; &nbsp; &nbsp; &nbsp; &nbsp;+ 0.35<br>3.Marta Bassino ITA&nbsp; &nbsp; &nbsp; &nbsp; &nbsp; &nbsp; &nbsp; &nbsp; &nbsp; &nbsp; 0.60<br>4.Tessa Worley FRA&nbsp; &nbsp; &nbsp; &nbsp; &nbsp; &nbsp; &nbsp; &nbsp; &nbsp; &nbsp; 0.68<br>5.Petra Vlhova SLK&nbsp; &nbsp; &nbsp; &nbsp; &nbsp; &nbsp; &nbsp; &nbsp; &nbsp; &nbsp; &nbsp;1.24<br>6.Maryna Gasienica-Daniel POLJ 1.36<br>7.Ramona Siebenhofer AUT&nbsp; &nbsp; &nbsp; &nbsp; 1.54<br>8.Ragnhild Mowinckel NOR&nbsp; &nbsp; &nbsp; &nbsp; &nbsp;1.64<br>9.Stephanie Brunner AUT&nbsp; &nbsp; &nbsp; &nbsp; &nbsp; &nbsp;1.71<br>10.Michelle Gisin \u0160VI&nbsp; &nbsp; &nbsp; &nbsp; &nbsp; &nbsp; &nbsp; &nbsp; &nbsp;1.78<br>&#8230;<\/p>\n\n\n\n<p>Nakon \u0161to je u ju\u010dera\u0161njem veleslalomu bila 38., jedina hrvatska predstavnica u Courchevelu&nbsp;<strong>Zrinka Ljuti\u0107<\/strong>&nbsp;danas nije uspjela zavr\u0161iti prvu vo\u017enju.&nbsp;<\/p>\n\n\n\n<p>U Svjetskom kupu u akciju \u0107e danas i skija\u0161i koji u Madonni di Campiglio voze no\u0107ni slalom. Nastupit \u0107e trojica hrvatskih predstavnika, a na stazu Canalone Miramonti prvi od njih \u0107e&nbsp;<strong>Filip Zub\u010di\u0107<\/strong>&nbsp;sa startnim brojem 16.&nbsp;<strong>Matej Vidovi\u0107<\/strong>&nbsp;startat \u0107e 28., a&nbsp;<strong>Samuel Kolega<\/strong>&nbsp;40.<br><br><br><\/p>\n\n\n\n<p>Izvor:hrt.hr<\/p>\n","protected":false},"excerpt":{"rendered":"<p>\u0160vedska skija\u0161ica&nbsp;Sara Hector&nbsp;pobjednica je veleslaloma vo\u017eenog u francuskom Courchevelu. Odli\u010dna \u0160ve\u0111anka bila je najbr\u017ea i u prvoj vo\u017enji u kojoj je imala 11 stotinki prednosti pred Francuskinjom\u00a0Tessom Worley\u00a0te 34 stotinke bolje vrijeme od tre\u0107eplasirane Amerikanke\u00a0Mikaele Shiffrin,\u00a0pobjednice uvodna dva veleslaloma.\u00a0 Sara Hector uspjela se othrvati pritisku i i slaviti u tre\u0107em veleslalomu sezone sa 35 stotinki [&hellip;]<\/p>\n","protected":false},"author":2,"featured_media":102750,"comment_status":"closed","ping_status":"closed","sticky":false,"template":"","format":"standard","meta":{"h5ap_radio_sources":[],"footnotes":""},"categories":[7],"tags":[],"class_list":["post-102749","post","type-post","status-publish","format-standard","has-post-thumbnail","hentry","category-sport"],"yoast_head":"<!-- This site is optimized with the Yoast SEO plugin v27.4 - https:\/\/yoast.com\/product\/yoast-seo-wordpress\/ -->\n<title>Hector slavila u Courchevelu, Shiffrin druga - RADIO LJUBU\u0160KI<\/title>\n<meta name=\"robots\" content=\"index, follow, max-snippet:-1, max-image-preview:large, max-video-preview:-1\" \/>\n<link rel=\"canonical\" href=\"https:\/\/radioljubuski.ba\/index.php\/2021\/12\/23\/hector-slavila-u-courchevelu-shiffrin-druga\/\" \/>\n<meta property=\"og:locale\" content=\"hr_HR\" \/>\n<meta property=\"og:type\" content=\"article\" \/>\n<meta property=\"og:title\" content=\"Hector slavila u Courchevelu, Shiffrin druga - RADIO LJUBU\u0160KI\" \/>\n<meta property=\"og:description\" content=\"\u0160vedska skija\u0161ica&nbsp;Sara Hector&nbsp;pobjednica je veleslaloma vo\u017eenog u francuskom Courchevelu. Odli\u010dna \u0160ve\u0111anka bila je najbr\u017ea i u prvoj vo\u017enji u kojoj je imala 11 stotinki prednosti pred Francuskinjom\u00a0Tessom Worley\u00a0te 34 stotinke bolje vrijeme od tre\u0107eplasirane Amerikanke\u00a0Mikaele Shiffrin,\u00a0pobjednice uvodna dva veleslaloma.\u00a0 Sara Hector uspjela se othrvati pritisku i i slaviti u tre\u0107em veleslalomu sezone sa 35 stotinki [&hellip;]\" \/>\n<meta property=\"og:url\" content=\"https:\/\/radioljubuski.ba\/index.php\/2021\/12\/23\/hector-slavila-u-courchevelu-shiffrin-druga\/\" \/>\n<meta property=\"og:site_name\" content=\"RADIO LJUBU\u0160KI\" \/>\n<meta property=\"article:publisher\" content=\"https:\/\/www.facebook.com\/Radiio-Ljubuski-1490835324566332\" \/>\n<meta property=\"article:published_time\" content=\"2021-12-23T00:42:27+00:00\" \/>\n<meta property=\"article:modified_time\" content=\"2021-12-23T00:42:28+00:00\" \/>\n<meta property=\"og:image\" content=\"https:\/\/radioljubuski.ba\/wp-content\/uploads\/2021\/12\/hector-sara-20211222114007.jpg\" \/>\n\t<meta property=\"og:image:width\" content=\"1600\" \/>\n\t<meta property=\"og:image:height\" content=\"1080\" \/>\n\t<meta property=\"og:image:type\" content=\"image\/jpeg\" \/>\n<meta name=\"author\" content=\"Radio Ljubu\u0161ki\" \/>\n<meta name=\"twitter:card\" content=\"summary_large_image\" \/>\n<meta name=\"twitter:creator\" content=\"@radioljubuski\" \/>\n<meta name=\"twitter:site\" content=\"@radioljubuski\" \/>\n<meta name=\"twitter:label1\" content=\"Napisao\/la\" \/>\n\t<meta name=\"twitter:data1\" content=\"Radio Ljubu\u0161ki\" \/>\n\t<meta name=\"twitter:label2\" content=\"Procijenjeno vrijeme \u010ditanja\" \/>\n\t<meta name=\"twitter:data2\" content=\"2 minute\" \/>\n<script type=\"application\/ld+json\" class=\"yoast-schema-graph\">{\"@context\":\"https:\\\/\\\/schema.org\",\"@graph\":[{\"@type\":\"Article\",\"@id\":\"https:\\\/\\\/radioljubuski.ba\\\/index.php\\\/2021\\\/12\\\/23\\\/hector-slavila-u-courchevelu-shiffrin-druga\\\/#article\",\"isPartOf\":{\"@id\":\"https:\\\/\\\/radioljubuski.ba\\\/index.php\\\/2021\\\/12\\\/23\\\/hector-slavila-u-courchevelu-shiffrin-druga\\\/\"},\"author\":{\"name\":\"Radio Ljubu\u0161ki\",\"@id\":\"https:\\\/\\\/radioljubuski.ba\\\/#\\\/schema\\\/person\\\/19fc700381a780f69665d7956c469e3b\"},\"headline\":\"Hector slavila u Courchevelu, Shiffrin druga\",\"datePublished\":\"2021-12-23T00:42:27+00:00\",\"dateModified\":\"2021-12-23T00:42:28+00:00\",\"mainEntityOfPage\":{\"@id\":\"https:\\\/\\\/radioljubuski.ba\\\/index.php\\\/2021\\\/12\\\/23\\\/hector-slavila-u-courchevelu-shiffrin-druga\\\/\"},\"wordCount\":395,\"publisher\":{\"@id\":\"https:\\\/\\\/radioljubuski.ba\\\/#organization\"},\"image\":{\"@id\":\"https:\\\/\\\/radioljubuski.ba\\\/index.php\\\/2021\\\/12\\\/23\\\/hector-slavila-u-courchevelu-shiffrin-druga\\\/#primaryimage\"},\"thumbnailUrl\":\"https:\\\/\\\/radioljubuski.ba\\\/wp-content\\\/uploads\\\/2021\\\/12\\\/hector-sara-20211222114007.jpg\",\"articleSection\":[\"\u0160port\"],\"inLanguage\":\"hr\"},{\"@type\":\"WebPage\",\"@id\":\"https:\\\/\\\/radioljubuski.ba\\\/index.php\\\/2021\\\/12\\\/23\\\/hector-slavila-u-courchevelu-shiffrin-druga\\\/\",\"url\":\"https:\\\/\\\/radioljubuski.ba\\\/index.php\\\/2021\\\/12\\\/23\\\/hector-slavila-u-courchevelu-shiffrin-druga\\\/\",\"name\":\"Hector slavila u Courchevelu, Shiffrin druga - RADIO LJUBU\u0160KI\",\"isPartOf\":{\"@id\":\"https:\\\/\\\/radioljubuski.ba\\\/#website\"},\"primaryImageOfPage\":{\"@id\":\"https:\\\/\\\/radioljubuski.ba\\\/index.php\\\/2021\\\/12\\\/23\\\/hector-slavila-u-courchevelu-shiffrin-druga\\\/#primaryimage\"},\"image\":{\"@id\":\"https:\\\/\\\/radioljubuski.ba\\\/index.php\\\/2021\\\/12\\\/23\\\/hector-slavila-u-courchevelu-shiffrin-druga\\\/#primaryimage\"},\"thumbnailUrl\":\"https:\\\/\\\/radioljubuski.ba\\\/wp-content\\\/uploads\\\/2021\\\/12\\\/hector-sara-20211222114007.jpg\",\"datePublished\":\"2021-12-23T00:42:27+00:00\",\"dateModified\":\"2021-12-23T00:42:28+00:00\",\"breadcrumb\":{\"@id\":\"https:\\\/\\\/radioljubuski.ba\\\/index.php\\\/2021\\\/12\\\/23\\\/hector-slavila-u-courchevelu-shiffrin-druga\\\/#breadcrumb\"},\"inLanguage\":\"hr\",\"potentialAction\":[{\"@type\":\"ReadAction\",\"target\":[\"https:\\\/\\\/radioljubuski.ba\\\/index.php\\\/2021\\\/12\\\/23\\\/hector-slavila-u-courchevelu-shiffrin-druga\\\/\"]}]},{\"@type\":\"ImageObject\",\"inLanguage\":\"hr\",\"@id\":\"https:\\\/\\\/radioljubuski.ba\\\/index.php\\\/2021\\\/12\\\/23\\\/hector-slavila-u-courchevelu-shiffrin-druga\\\/#primaryimage\",\"url\":\"https:\\\/\\\/radioljubuski.ba\\\/wp-content\\\/uploads\\\/2021\\\/12\\\/hector-sara-20211222114007.jpg\",\"contentUrl\":\"https:\\\/\\\/radioljubuski.ba\\\/wp-content\\\/uploads\\\/2021\\\/12\\\/hector-sara-20211222114007.jpg\",\"width\":1600,\"height\":1080,\"caption\":\"04.01.2020., Zagreb, Sljeme - Prva voznja zenskog slaloma Audi FIS Svjetskog skijaskog kupa Snow Queen Trophy. HECTOR Sara Photo: Goran Stanzl\\\/PIXSELL (04.01.2020., Zagreb, Sljeme - Prva voznja zenskog slaloma Audi FIS Svjetskog skijaskog kupa Snow Q\"},{\"@type\":\"BreadcrumbList\",\"@id\":\"https:\\\/\\\/radioljubuski.ba\\\/index.php\\\/2021\\\/12\\\/23\\\/hector-slavila-u-courchevelu-shiffrin-druga\\\/#breadcrumb\",\"itemListElement\":[{\"@type\":\"ListItem\",\"position\":1,\"name\":\"Po\u010detna stranica\",\"item\":\"https:\\\/\\\/radioljubuski.ba\\\/\"},{\"@type\":\"ListItem\",\"position\":2,\"name\":\"Hector slavila u Courchevelu, Shiffrin druga\"}]},{\"@type\":\"WebSite\",\"@id\":\"https:\\\/\\\/radioljubuski.ba\\\/#website\",\"url\":\"https:\\\/\\\/radioljubuski.ba\\\/\",\"name\":\"Radio Ljubu\u0161ki\",\"description\":\"Sun\u010dana frekvencija Hercegovine\",\"publisher\":{\"@id\":\"https:\\\/\\\/radioljubuski.ba\\\/#organization\"},\"potentialAction\":[{\"@type\":\"SearchAction\",\"target\":{\"@type\":\"EntryPoint\",\"urlTemplate\":\"https:\\\/\\\/radioljubuski.ba\\\/?s={search_term_string}\"},\"query-input\":{\"@type\":\"PropertyValueSpecification\",\"valueRequired\":true,\"valueName\":\"search_term_string\"}}],\"inLanguage\":\"hr\"},{\"@type\":\"Organization\",\"@id\":\"https:\\\/\\\/radioljubuski.ba\\\/#organization\",\"name\":\"Radio Ljubu\u0161ki\",\"url\":\"https:\\\/\\\/radioljubuski.ba\\\/\",\"logo\":{\"@type\":\"ImageObject\",\"inLanguage\":\"hr\",\"@id\":\"https:\\\/\\\/radioljubuski.ba\\\/#\\\/schema\\\/logo\\\/image\\\/\",\"url\":\"https:\\\/\\\/radioljubuski.ba\\\/wp-content\\\/uploads\\\/2021\\\/02\\\/cropped-Radio_Ljubuski_logo1.jpg\",\"contentUrl\":\"https:\\\/\\\/radioljubuski.ba\\\/wp-content\\\/uploads\\\/2021\\\/02\\\/cropped-Radio_Ljubuski_logo1.jpg\",\"width\":512,\"height\":512,\"caption\":\"Radio Ljubu\u0161ki\"},\"image\":{\"@id\":\"https:\\\/\\\/radioljubuski.ba\\\/#\\\/schema\\\/logo\\\/image\\\/\"},\"sameAs\":[\"https:\\\/\\\/www.facebook.com\\\/Radiio-Ljubuski-1490835324566332\",\"https:\\\/\\\/x.com\\\/radioljubuski\",\"https:\\\/\\\/hr.linkedin.com\\\/company\\\/radio-ljubuski\",\"https:\\\/\\\/www.youtube.com\\\/channel\\\/UCHYaeO_n0Db3tjNGudGpXyw\"]},{\"@type\":\"Person\",\"@id\":\"https:\\\/\\\/radioljubuski.ba\\\/#\\\/schema\\\/person\\\/19fc700381a780f69665d7956c469e3b\",\"name\":\"Radio Ljubu\u0161ki\"}]}<\/script>\n<!-- \/ Yoast SEO plugin. -->","yoast_head_json":{"title":"Hector slavila u Courchevelu, Shiffrin druga - RADIO LJUBU\u0160KI","robots":{"index":"index","follow":"follow","max-snippet":"max-snippet:-1","max-image-preview":"max-image-preview:large","max-video-preview":"max-video-preview:-1"},"canonical":"https:\/\/radioljubuski.ba\/index.php\/2021\/12\/23\/hector-slavila-u-courchevelu-shiffrin-druga\/","og_locale":"hr_HR","og_type":"article","og_title":"Hector slavila u Courchevelu, Shiffrin druga - RADIO LJUBU\u0160KI","og_description":"\u0160vedska skija\u0161ica&nbsp;Sara Hector&nbsp;pobjednica je veleslaloma vo\u017eenog u francuskom Courchevelu. Odli\u010dna \u0160ve\u0111anka bila je najbr\u017ea i u prvoj vo\u017enji u kojoj je imala 11 stotinki prednosti pred Francuskinjom\u00a0Tessom Worley\u00a0te 34 stotinke bolje vrijeme od tre\u0107eplasirane Amerikanke\u00a0Mikaele Shiffrin,\u00a0pobjednice uvodna dva veleslaloma.\u00a0 Sara Hector uspjela se othrvati pritisku i i slaviti u tre\u0107em veleslalomu sezone sa 35 stotinki [&hellip;]","og_url":"https:\/\/radioljubuski.ba\/index.php\/2021\/12\/23\/hector-slavila-u-courchevelu-shiffrin-druga\/","og_site_name":"RADIO LJUBU\u0160KI","article_publisher":"https:\/\/www.facebook.com\/Radiio-Ljubuski-1490835324566332","article_published_time":"2021-12-23T00:42:27+00:00","article_modified_time":"2021-12-23T00:42:28+00:00","og_image":[{"width":1600,"height":1080,"url":"https:\/\/radioljubuski.ba\/wp-content\/uploads\/2021\/12\/hector-sara-20211222114007.jpg","type":"image\/jpeg"}],"author":"Radio Ljubu\u0161ki","twitter_card":"summary_large_image","twitter_creator":"@radioljubuski","twitter_site":"@radioljubuski","twitter_misc":{"Napisao\/la":"Radio Ljubu\u0161ki","Procijenjeno vrijeme \u010ditanja":"2 minute"},"schema":{"@context":"https:\/\/schema.org","@graph":[{"@type":"Article","@id":"https:\/\/radioljubuski.ba\/index.php\/2021\/12\/23\/hector-slavila-u-courchevelu-shiffrin-druga\/#article","isPartOf":{"@id":"https:\/\/radioljubuski.ba\/index.php\/2021\/12\/23\/hector-slavila-u-courchevelu-shiffrin-druga\/"},"author":{"name":"Radio Ljubu\u0161ki","@id":"https:\/\/radioljubuski.ba\/#\/schema\/person\/19fc700381a780f69665d7956c469e3b"},"headline":"Hector slavila u Courchevelu, Shiffrin druga","datePublished":"2021-12-23T00:42:27+00:00","dateModified":"2021-12-23T00:42:28+00:00","mainEntityOfPage":{"@id":"https:\/\/radioljubuski.ba\/index.php\/2021\/12\/23\/hector-slavila-u-courchevelu-shiffrin-druga\/"},"wordCount":395,"publisher":{"@id":"https:\/\/radioljubuski.ba\/#organization"},"image":{"@id":"https:\/\/radioljubuski.ba\/index.php\/2021\/12\/23\/hector-slavila-u-courchevelu-shiffrin-druga\/#primaryimage"},"thumbnailUrl":"https:\/\/radioljubuski.ba\/wp-content\/uploads\/2021\/12\/hector-sara-20211222114007.jpg","articleSection":["\u0160port"],"inLanguage":"hr"},{"@type":"WebPage","@id":"https:\/\/radioljubuski.ba\/index.php\/2021\/12\/23\/hector-slavila-u-courchevelu-shiffrin-druga\/","url":"https:\/\/radioljubuski.ba\/index.php\/2021\/12\/23\/hector-slavila-u-courchevelu-shiffrin-druga\/","name":"Hector slavila u Courchevelu, Shiffrin druga - RADIO LJUBU\u0160KI","isPartOf":{"@id":"https:\/\/radioljubuski.ba\/#website"},"primaryImageOfPage":{"@id":"https:\/\/radioljubuski.ba\/index.php\/2021\/12\/23\/hector-slavila-u-courchevelu-shiffrin-druga\/#primaryimage"},"image":{"@id":"https:\/\/radioljubuski.ba\/index.php\/2021\/12\/23\/hector-slavila-u-courchevelu-shiffrin-druga\/#primaryimage"},"thumbnailUrl":"https:\/\/radioljubuski.ba\/wp-content\/uploads\/2021\/12\/hector-sara-20211222114007.jpg","datePublished":"2021-12-23T00:42:27+00:00","dateModified":"2021-12-23T00:42:28+00:00","breadcrumb":{"@id":"https:\/\/radioljubuski.ba\/index.php\/2021\/12\/23\/hector-slavila-u-courchevelu-shiffrin-druga\/#breadcrumb"},"inLanguage":"hr","potentialAction":[{"@type":"ReadAction","target":["https:\/\/radioljubuski.ba\/index.php\/2021\/12\/23\/hector-slavila-u-courchevelu-shiffrin-druga\/"]}]},{"@type":"ImageObject","inLanguage":"hr","@id":"https:\/\/radioljubuski.ba\/index.php\/2021\/12\/23\/hector-slavila-u-courchevelu-shiffrin-druga\/#primaryimage","url":"https:\/\/radioljubuski.ba\/wp-content\/uploads\/2021\/12\/hector-sara-20211222114007.jpg","contentUrl":"https:\/\/radioljubuski.ba\/wp-content\/uploads\/2021\/12\/hector-sara-20211222114007.jpg","width":1600,"height":1080,"caption":"04.01.2020., Zagreb, Sljeme - Prva voznja zenskog slaloma Audi FIS Svjetskog skijaskog kupa Snow Queen Trophy. HECTOR Sara Photo: Goran Stanzl\/PIXSELL (04.01.2020., Zagreb, Sljeme - Prva voznja zenskog slaloma Audi FIS Svjetskog skijaskog kupa Snow Q"},{"@type":"BreadcrumbList","@id":"https:\/\/radioljubuski.ba\/index.php\/2021\/12\/23\/hector-slavila-u-courchevelu-shiffrin-druga\/#breadcrumb","itemListElement":[{"@type":"ListItem","position":1,"name":"Po\u010detna stranica","item":"https:\/\/radioljubuski.ba\/"},{"@type":"ListItem","position":2,"name":"Hector slavila u Courchevelu, Shiffrin druga"}]},{"@type":"WebSite","@id":"https:\/\/radioljubuski.ba\/#website","url":"https:\/\/radioljubuski.ba\/","name":"Radio Ljubu\u0161ki","description":"Sun\u010dana frekvencija Hercegovine","publisher":{"@id":"https:\/\/radioljubuski.ba\/#organization"},"potentialAction":[{"@type":"SearchAction","target":{"@type":"EntryPoint","urlTemplate":"https:\/\/radioljubuski.ba\/?s={search_term_string}"},"query-input":{"@type":"PropertyValueSpecification","valueRequired":true,"valueName":"search_term_string"}}],"inLanguage":"hr"},{"@type":"Organization","@id":"https:\/\/radioljubuski.ba\/#organization","name":"Radio Ljubu\u0161ki","url":"https:\/\/radioljubuski.ba\/","logo":{"@type":"ImageObject","inLanguage":"hr","@id":"https:\/\/radioljubuski.ba\/#\/schema\/logo\/image\/","url":"https:\/\/radioljubuski.ba\/wp-content\/uploads\/2021\/02\/cropped-Radio_Ljubuski_logo1.jpg","contentUrl":"https:\/\/radioljubuski.ba\/wp-content\/uploads\/2021\/02\/cropped-Radio_Ljubuski_logo1.jpg","width":512,"height":512,"caption":"Radio Ljubu\u0161ki"},"image":{"@id":"https:\/\/radioljubuski.ba\/#\/schema\/logo\/image\/"},"sameAs":["https:\/\/www.facebook.com\/Radiio-Ljubuski-1490835324566332","https:\/\/x.com\/radioljubuski","https:\/\/hr.linkedin.com\/company\/radio-ljubuski","https:\/\/www.youtube.com\/channel\/UCHYaeO_n0Db3tjNGudGpXyw"]},{"@type":"Person","@id":"https:\/\/radioljubuski.ba\/#\/schema\/person\/19fc700381a780f69665d7956c469e3b","name":"Radio Ljubu\u0161ki"}]}},"_links":{"self":[{"href":"https:\/\/radioljubuski.ba\/index.php\/wp-json\/wp\/v2\/posts\/102749","targetHints":{"allow":["GET"]}}],"collection":[{"href":"https:\/\/radioljubuski.ba\/index.php\/wp-json\/wp\/v2\/posts"}],"about":[{"href":"https:\/\/radioljubuski.ba\/index.php\/wp-json\/wp\/v2\/types\/post"}],"author":[{"embeddable":true,"href":"https:\/\/radioljubuski.ba\/index.php\/wp-json\/wp\/v2\/users\/2"}],"replies":[{"embeddable":true,"href":"https:\/\/radioljubuski.ba\/index.php\/wp-json\/wp\/v2\/comments?post=102749"}],"version-history":[{"count":1,"href":"https:\/\/radioljubuski.ba\/index.php\/wp-json\/wp\/v2\/posts\/102749\/revisions"}],"predecessor-version":[{"id":102751,"href":"https:\/\/radioljubuski.ba\/index.php\/wp-json\/wp\/v2\/posts\/102749\/revisions\/102751"}],"wp:featuredmedia":[{"embeddable":true,"href":"https:\/\/radioljubuski.ba\/index.php\/wp-json\/wp\/v2\/media\/102750"}],"wp:attachment":[{"href":"https:\/\/radioljubuski.ba\/index.php\/wp-json\/wp\/v2\/media?parent=102749"}],"wp:term":[{"taxonomy":"category","embeddable":true,"href":"https:\/\/radioljubuski.ba\/index.php\/wp-json\/wp\/v2\/categories?post=102749"},{"taxonomy":"post_tag","embeddable":true,"href":"https:\/\/radioljubuski.ba\/index.php\/wp-json\/wp\/v2\/tags?post=102749"}],"curies":[{"name":"wp","href":"https:\/\/api.w.org\/{rel}","templated":true}]}}