{"id":102752,"date":"2021-12-23T01:44:44","date_gmt":"2021-12-23T00:44:44","guid":{"rendered":"https:\/\/radioljubuski.ba\/?p=102752"},"modified":"2021-12-23T01:44:44","modified_gmt":"2021-12-23T00:44:44","slug":"blanka-vlasic-nova-dopredsjednica-hoo-a","status":"publish","type":"post","link":"https:\/\/radioljubuski.ba\/index.php\/2021\/12\/23\/blanka-vlasic-nova-dopredsjednica-hoo-a\/","title":{"rendered":"Blanka Vla\u0161i\u0107 nova dopredsjednica HOO-a"},"content":{"rendered":"\n<p><strong>Hrvatski olimpijski odbor (HOO) odr\u017eao je u Zagrebu 26. sjednicu Vije\u0107a, a potom i 62. sjednicu skup\u0161tine, na kojoj je za novu dopredsjednicu HOO-a imenovana proslavljena atletska olimpijka Blanka Vla\u0161i\u0107.<\/strong><\/p>\n\n\n\n<p>Najbolja hrvatska i ponajbolja svjetska skaka\u010dica u vis svih vremena u rujnu je postala predsjednica Komisije sporta\u0161a HOO-a, a osobi na toj du\u017enosti, prema Statutu HOO-a, predvi\u0111eno je i dopredsjedni\u010dko mjesto u nacionalnoj olimpijskoj udruzi.&nbsp;<\/p>\n\n\n\n<p>Blankin prethodnik na obje spomenute du\u017enosti bio je sjajni vesla\u010dki olimpijac&nbsp;<strong>Damir Martin<\/strong>, kojem je predsjednik HOO-a&nbsp;<strong>Zlatko Mate\u0161a<\/strong>&nbsp;zahvalio na dobro obavljenom poslu u prethodnom mandatnom razdoblju. Podsjetimo, Vla\u0161i\u0107 je po\u010detkom listopada izabrana i u \u010dlanstvo Komisije sporta\u0161a Europskih olimpijskih odbora (EOO).<\/p>\n\n\n\n<p>Budu\u0107i da su trenuta\u010dno uz predsjednika Mate\u0161u jo\u0161 dvije dopredsjednice (<strong>Morana Palikovi\u0107 Gruden&nbsp;<\/strong>i&nbsp;<strong>Sanda \u010corak<\/strong>) te jedan dopredsjednik (<strong>\u017deljko Jerkov<\/strong>), Vla\u0161i\u0107 je ocijenila svoju novu du\u017enost dodatnim velikim iskorakom za hrvatski \u017eenski sport i ravnopravnost spolova u sportu. Osim nje, novi \u010dlanovi skup\u0161tine HOO-a iz redova Komisije sporta\u0161a su srebrni tokijski gimnasti\u010dar<strong>&nbsp;Tin Srbi\u0107&nbsp;<\/strong>i vi\u0161estruka olimpijka u skija\u0161kom tr\u010danju<strong>&nbsp;Vedrana Malec<\/strong>.<\/p>\n\n\n\n<p>Skup\u0161tina HOO-a prihvatila je prijedlog Programa javnih potreba sporta dr\u017eavne razine i Financijski plan HOO-a za 2022. godinu u iznosu od 218,5 milijuna kuna, kao i Projekt priprema i sudjelovanja hrvatskih sporta\u0161(ic)a na Igrama XXXIII. olimpijade u Parizu 2024. godine te izmjene i dopune Pravilnika o kategorizaciji sporta\u0161a, s kriterijima kategorizacije po sportovima.<\/p>\n\n\n\n<p>U punopravno \u010dlanstvo HOO-a primljeni su dosada\u0161nji pridru\u017eeni \u010dlanovi Hrvatski cheerleading savez i Hrvatski powerlifting savez.<\/p>\n\n\n\n<p>Izvor:hrt.hr<\/p>\n","protected":false},"excerpt":{"rendered":"<p>Hrvatski olimpijski odbor (HOO) odr\u017eao je u Zagrebu 26. sjednicu Vije\u0107a, a potom i 62. sjednicu skup\u0161tine, na kojoj je za novu dopredsjednicu HOO-a imenovana proslavljena atletska olimpijka Blanka Vla\u0161i\u0107. Najbolja hrvatska i ponajbolja svjetska skaka\u010dica u vis svih vremena u rujnu je postala predsjednica Komisije sporta\u0161a HOO-a, a osobi na toj du\u017enosti, prema Statutu [&hellip;]<\/p>\n","protected":false},"author":2,"featured_media":102753,"comment_status":"closed","ping_status":"closed","sticky":false,"template":"","format":"standard","meta":{"h5ap_radio_sources":[],"footnotes":""},"categories":[7],"tags":[],"class_list":["post-102752","post","type-post","status-publish","format-standard","has-post-thumbnail","hentry","category-sport"],"yoast_head":"<!-- This site is optimized with the Yoast SEO plugin v27.4 - https:\/\/yoast.com\/product\/yoast-seo-wordpress\/ -->\n<title>Blanka Vla\u0161i\u0107 nova dopredsjednica HOO-a - RADIO LJUBU\u0160KI<\/title>\n<meta name=\"robots\" content=\"index, follow, max-snippet:-1, max-image-preview:large, max-video-preview:-1\" \/>\n<link rel=\"canonical\" href=\"https:\/\/radioljubuski.ba\/index.php\/2021\/12\/23\/blanka-vlasic-nova-dopredsjednica-hoo-a\/\" \/>\n<meta property=\"og:locale\" content=\"hr_HR\" \/>\n<meta property=\"og:type\" content=\"article\" \/>\n<meta property=\"og:title\" content=\"Blanka Vla\u0161i\u0107 nova dopredsjednica HOO-a - RADIO LJUBU\u0160KI\" \/>\n<meta property=\"og:description\" content=\"Hrvatski olimpijski odbor (HOO) odr\u017eao je u Zagrebu 26. sjednicu Vije\u0107a, a potom i 62. sjednicu skup\u0161tine, na kojoj je za novu dopredsjednicu HOO-a imenovana proslavljena atletska olimpijka Blanka Vla\u0161i\u0107. Najbolja hrvatska i ponajbolja svjetska skaka\u010dica u vis svih vremena u rujnu je postala predsjednica Komisije sporta\u0161a HOO-a, a osobi na toj du\u017enosti, prema Statutu [&hellip;]\" \/>\n<meta property=\"og:url\" content=\"https:\/\/radioljubuski.ba\/index.php\/2021\/12\/23\/blanka-vlasic-nova-dopredsjednica-hoo-a\/\" \/>\n<meta property=\"og:site_name\" content=\"RADIO LJUBU\u0160KI\" \/>\n<meta property=\"article:publisher\" content=\"https:\/\/www.facebook.com\/Radiio-Ljubuski-1490835324566332\" \/>\n<meta property=\"article:published_time\" content=\"2021-12-23T00:44:44+00:00\" \/>\n<meta property=\"og:image\" content=\"https:\/\/radioljubuski.ba\/wp-content\/uploads\/2021\/12\/blanka-vlasic-foto-hoo-20211222150806.jpg\" \/>\n\t<meta property=\"og:image:width\" content=\"1024\" \/>\n\t<meta property=\"og:image:height\" content=\"683\" \/>\n\t<meta property=\"og:image:type\" content=\"image\/jpeg\" \/>\n<meta name=\"author\" content=\"Radio Ljubu\u0161ki\" \/>\n<meta name=\"twitter:card\" content=\"summary_large_image\" \/>\n<meta name=\"twitter:creator\" content=\"@radioljubuski\" \/>\n<meta name=\"twitter:site\" content=\"@radioljubuski\" \/>\n<meta name=\"twitter:label1\" content=\"Napisao\/la\" \/>\n\t<meta name=\"twitter:data1\" content=\"Radio Ljubu\u0161ki\" \/>\n\t<meta name=\"twitter:label2\" content=\"Procijenjeno vrijeme \u010ditanja\" \/>\n\t<meta name=\"twitter:data2\" content=\"2 minute\" \/>\n<script type=\"application\/ld+json\" class=\"yoast-schema-graph\">{\"@context\":\"https:\\\/\\\/schema.org\",\"@graph\":[{\"@type\":\"Article\",\"@id\":\"https:\\\/\\\/radioljubuski.ba\\\/index.php\\\/2021\\\/12\\\/23\\\/blanka-vlasic-nova-dopredsjednica-hoo-a\\\/#article\",\"isPartOf\":{\"@id\":\"https:\\\/\\\/radioljubuski.ba\\\/index.php\\\/2021\\\/12\\\/23\\\/blanka-vlasic-nova-dopredsjednica-hoo-a\\\/\"},\"author\":{\"name\":\"Radio Ljubu\u0161ki\",\"@id\":\"https:\\\/\\\/radioljubuski.ba\\\/#\\\/schema\\\/person\\\/19fc700381a780f69665d7956c469e3b\"},\"headline\":\"Blanka Vla\u0161i\u0107 nova dopredsjednica HOO-a\",\"datePublished\":\"2021-12-23T00:44:44+00:00\",\"mainEntityOfPage\":{\"@id\":\"https:\\\/\\\/radioljubuski.ba\\\/index.php\\\/2021\\\/12\\\/23\\\/blanka-vlasic-nova-dopredsjednica-hoo-a\\\/\"},\"wordCount\":286,\"publisher\":{\"@id\":\"https:\\\/\\\/radioljubuski.ba\\\/#organization\"},\"image\":{\"@id\":\"https:\\\/\\\/radioljubuski.ba\\\/index.php\\\/2021\\\/12\\\/23\\\/blanka-vlasic-nova-dopredsjednica-hoo-a\\\/#primaryimage\"},\"thumbnailUrl\":\"https:\\\/\\\/radioljubuski.ba\\\/wp-content\\\/uploads\\\/2021\\\/12\\\/blanka-vlasic-foto-hoo-20211222150806.jpg\",\"articleSection\":[\"\u0160port\"],\"inLanguage\":\"hr\"},{\"@type\":\"WebPage\",\"@id\":\"https:\\\/\\\/radioljubuski.ba\\\/index.php\\\/2021\\\/12\\\/23\\\/blanka-vlasic-nova-dopredsjednica-hoo-a\\\/\",\"url\":\"https:\\\/\\\/radioljubuski.ba\\\/index.php\\\/2021\\\/12\\\/23\\\/blanka-vlasic-nova-dopredsjednica-hoo-a\\\/\",\"name\":\"Blanka Vla\u0161i\u0107 nova dopredsjednica HOO-a - RADIO LJUBU\u0160KI\",\"isPartOf\":{\"@id\":\"https:\\\/\\\/radioljubuski.ba\\\/#website\"},\"primaryImageOfPage\":{\"@id\":\"https:\\\/\\\/radioljubuski.ba\\\/index.php\\\/2021\\\/12\\\/23\\\/blanka-vlasic-nova-dopredsjednica-hoo-a\\\/#primaryimage\"},\"image\":{\"@id\":\"https:\\\/\\\/radioljubuski.ba\\\/index.php\\\/2021\\\/12\\\/23\\\/blanka-vlasic-nova-dopredsjednica-hoo-a\\\/#primaryimage\"},\"thumbnailUrl\":\"https:\\\/\\\/radioljubuski.ba\\\/wp-content\\\/uploads\\\/2021\\\/12\\\/blanka-vlasic-foto-hoo-20211222150806.jpg\",\"datePublished\":\"2021-12-23T00:44:44+00:00\",\"breadcrumb\":{\"@id\":\"https:\\\/\\\/radioljubuski.ba\\\/index.php\\\/2021\\\/12\\\/23\\\/blanka-vlasic-nova-dopredsjednica-hoo-a\\\/#breadcrumb\"},\"inLanguage\":\"hr\",\"potentialAction\":[{\"@type\":\"ReadAction\",\"target\":[\"https:\\\/\\\/radioljubuski.ba\\\/index.php\\\/2021\\\/12\\\/23\\\/blanka-vlasic-nova-dopredsjednica-hoo-a\\\/\"]}]},{\"@type\":\"ImageObject\",\"inLanguage\":\"hr\",\"@id\":\"https:\\\/\\\/radioljubuski.ba\\\/index.php\\\/2021\\\/12\\\/23\\\/blanka-vlasic-nova-dopredsjednica-hoo-a\\\/#primaryimage\",\"url\":\"https:\\\/\\\/radioljubuski.ba\\\/wp-content\\\/uploads\\\/2021\\\/12\\\/blanka-vlasic-foto-hoo-20211222150806.jpg\",\"contentUrl\":\"https:\\\/\\\/radioljubuski.ba\\\/wp-content\\\/uploads\\\/2021\\\/12\\\/blanka-vlasic-foto-hoo-20211222150806.jpg\",\"width\":1024,\"height\":683},{\"@type\":\"BreadcrumbList\",\"@id\":\"https:\\\/\\\/radioljubuski.ba\\\/index.php\\\/2021\\\/12\\\/23\\\/blanka-vlasic-nova-dopredsjednica-hoo-a\\\/#breadcrumb\",\"itemListElement\":[{\"@type\":\"ListItem\",\"position\":1,\"name\":\"Po\u010detna stranica\",\"item\":\"https:\\\/\\\/radioljubuski.ba\\\/\"},{\"@type\":\"ListItem\",\"position\":2,\"name\":\"Blanka Vla\u0161i\u0107 nova dopredsjednica HOO-a\"}]},{\"@type\":\"WebSite\",\"@id\":\"https:\\\/\\\/radioljubuski.ba\\\/#website\",\"url\":\"https:\\\/\\\/radioljubuski.ba\\\/\",\"name\":\"Radio Ljubu\u0161ki\",\"description\":\"Sun\u010dana frekvencija Hercegovine\",\"publisher\":{\"@id\":\"https:\\\/\\\/radioljubuski.ba\\\/#organization\"},\"potentialAction\":[{\"@type\":\"SearchAction\",\"target\":{\"@type\":\"EntryPoint\",\"urlTemplate\":\"https:\\\/\\\/radioljubuski.ba\\\/?s={search_term_string}\"},\"query-input\":{\"@type\":\"PropertyValueSpecification\",\"valueRequired\":true,\"valueName\":\"search_term_string\"}}],\"inLanguage\":\"hr\"},{\"@type\":\"Organization\",\"@id\":\"https:\\\/\\\/radioljubuski.ba\\\/#organization\",\"name\":\"Radio Ljubu\u0161ki\",\"url\":\"https:\\\/\\\/radioljubuski.ba\\\/\",\"logo\":{\"@type\":\"ImageObject\",\"inLanguage\":\"hr\",\"@id\":\"https:\\\/\\\/radioljubuski.ba\\\/#\\\/schema\\\/logo\\\/image\\\/\",\"url\":\"https:\\\/\\\/radioljubuski.ba\\\/wp-content\\\/uploads\\\/2021\\\/02\\\/cropped-Radio_Ljubuski_logo1.jpg\",\"contentUrl\":\"https:\\\/\\\/radioljubuski.ba\\\/wp-content\\\/uploads\\\/2021\\\/02\\\/cropped-Radio_Ljubuski_logo1.jpg\",\"width\":512,\"height\":512,\"caption\":\"Radio Ljubu\u0161ki\"},\"image\":{\"@id\":\"https:\\\/\\\/radioljubuski.ba\\\/#\\\/schema\\\/logo\\\/image\\\/\"},\"sameAs\":[\"https:\\\/\\\/www.facebook.com\\\/Radiio-Ljubuski-1490835324566332\",\"https:\\\/\\\/x.com\\\/radioljubuski\",\"https:\\\/\\\/hr.linkedin.com\\\/company\\\/radio-ljubuski\",\"https:\\\/\\\/www.youtube.com\\\/channel\\\/UCHYaeO_n0Db3tjNGudGpXyw\"]},{\"@type\":\"Person\",\"@id\":\"https:\\\/\\\/radioljubuski.ba\\\/#\\\/schema\\\/person\\\/19fc700381a780f69665d7956c469e3b\",\"name\":\"Radio Ljubu\u0161ki\"}]}<\/script>\n<!-- \/ Yoast SEO plugin. -->","yoast_head_json":{"title":"Blanka Vla\u0161i\u0107 nova dopredsjednica HOO-a - RADIO LJUBU\u0160KI","robots":{"index":"index","follow":"follow","max-snippet":"max-snippet:-1","max-image-preview":"max-image-preview:large","max-video-preview":"max-video-preview:-1"},"canonical":"https:\/\/radioljubuski.ba\/index.php\/2021\/12\/23\/blanka-vlasic-nova-dopredsjednica-hoo-a\/","og_locale":"hr_HR","og_type":"article","og_title":"Blanka Vla\u0161i\u0107 nova dopredsjednica HOO-a - RADIO LJUBU\u0160KI","og_description":"Hrvatski olimpijski odbor (HOO) odr\u017eao je u Zagrebu 26. sjednicu Vije\u0107a, a potom i 62. sjednicu skup\u0161tine, na kojoj je za novu dopredsjednicu HOO-a imenovana proslavljena atletska olimpijka Blanka Vla\u0161i\u0107. Najbolja hrvatska i ponajbolja svjetska skaka\u010dica u vis svih vremena u rujnu je postala predsjednica Komisije sporta\u0161a HOO-a, a osobi na toj du\u017enosti, prema Statutu [&hellip;]","og_url":"https:\/\/radioljubuski.ba\/index.php\/2021\/12\/23\/blanka-vlasic-nova-dopredsjednica-hoo-a\/","og_site_name":"RADIO LJUBU\u0160KI","article_publisher":"https:\/\/www.facebook.com\/Radiio-Ljubuski-1490835324566332","article_published_time":"2021-12-23T00:44:44+00:00","og_image":[{"width":1024,"height":683,"url":"https:\/\/radioljubuski.ba\/wp-content\/uploads\/2021\/12\/blanka-vlasic-foto-hoo-20211222150806.jpg","type":"image\/jpeg"}],"author":"Radio Ljubu\u0161ki","twitter_card":"summary_large_image","twitter_creator":"@radioljubuski","twitter_site":"@radioljubuski","twitter_misc":{"Napisao\/la":"Radio Ljubu\u0161ki","Procijenjeno vrijeme \u010ditanja":"2 minute"},"schema":{"@context":"https:\/\/schema.org","@graph":[{"@type":"Article","@id":"https:\/\/radioljubuski.ba\/index.php\/2021\/12\/23\/blanka-vlasic-nova-dopredsjednica-hoo-a\/#article","isPartOf":{"@id":"https:\/\/radioljubuski.ba\/index.php\/2021\/12\/23\/blanka-vlasic-nova-dopredsjednica-hoo-a\/"},"author":{"name":"Radio Ljubu\u0161ki","@id":"https:\/\/radioljubuski.ba\/#\/schema\/person\/19fc700381a780f69665d7956c469e3b"},"headline":"Blanka Vla\u0161i\u0107 nova dopredsjednica HOO-a","datePublished":"2021-12-23T00:44:44+00:00","mainEntityOfPage":{"@id":"https:\/\/radioljubuski.ba\/index.php\/2021\/12\/23\/blanka-vlasic-nova-dopredsjednica-hoo-a\/"},"wordCount":286,"publisher":{"@id":"https:\/\/radioljubuski.ba\/#organization"},"image":{"@id":"https:\/\/radioljubuski.ba\/index.php\/2021\/12\/23\/blanka-vlasic-nova-dopredsjednica-hoo-a\/#primaryimage"},"thumbnailUrl":"https:\/\/radioljubuski.ba\/wp-content\/uploads\/2021\/12\/blanka-vlasic-foto-hoo-20211222150806.jpg","articleSection":["\u0160port"],"inLanguage":"hr"},{"@type":"WebPage","@id":"https:\/\/radioljubuski.ba\/index.php\/2021\/12\/23\/blanka-vlasic-nova-dopredsjednica-hoo-a\/","url":"https:\/\/radioljubuski.ba\/index.php\/2021\/12\/23\/blanka-vlasic-nova-dopredsjednica-hoo-a\/","name":"Blanka Vla\u0161i\u0107 nova dopredsjednica HOO-a - RADIO LJUBU\u0160KI","isPartOf":{"@id":"https:\/\/radioljubuski.ba\/#website"},"primaryImageOfPage":{"@id":"https:\/\/radioljubuski.ba\/index.php\/2021\/12\/23\/blanka-vlasic-nova-dopredsjednica-hoo-a\/#primaryimage"},"image":{"@id":"https:\/\/radioljubuski.ba\/index.php\/2021\/12\/23\/blanka-vlasic-nova-dopredsjednica-hoo-a\/#primaryimage"},"thumbnailUrl":"https:\/\/radioljubuski.ba\/wp-content\/uploads\/2021\/12\/blanka-vlasic-foto-hoo-20211222150806.jpg","datePublished":"2021-12-23T00:44:44+00:00","breadcrumb":{"@id":"https:\/\/radioljubuski.ba\/index.php\/2021\/12\/23\/blanka-vlasic-nova-dopredsjednica-hoo-a\/#breadcrumb"},"inLanguage":"hr","potentialAction":[{"@type":"ReadAction","target":["https:\/\/radioljubuski.ba\/index.php\/2021\/12\/23\/blanka-vlasic-nova-dopredsjednica-hoo-a\/"]}]},{"@type":"ImageObject","inLanguage":"hr","@id":"https:\/\/radioljubuski.ba\/index.php\/2021\/12\/23\/blanka-vlasic-nova-dopredsjednica-hoo-a\/#primaryimage","url":"https:\/\/radioljubuski.ba\/wp-content\/uploads\/2021\/12\/blanka-vlasic-foto-hoo-20211222150806.jpg","contentUrl":"https:\/\/radioljubuski.ba\/wp-content\/uploads\/2021\/12\/blanka-vlasic-foto-hoo-20211222150806.jpg","width":1024,"height":683},{"@type":"BreadcrumbList","@id":"https:\/\/radioljubuski.ba\/index.php\/2021\/12\/23\/blanka-vlasic-nova-dopredsjednica-hoo-a\/#breadcrumb","itemListElement":[{"@type":"ListItem","position":1,"name":"Po\u010detna stranica","item":"https:\/\/radioljubuski.ba\/"},{"@type":"ListItem","position":2,"name":"Blanka Vla\u0161i\u0107 nova dopredsjednica HOO-a"}]},{"@type":"WebSite","@id":"https:\/\/radioljubuski.ba\/#website","url":"https:\/\/radioljubuski.ba\/","name":"Radio Ljubu\u0161ki","description":"Sun\u010dana frekvencija Hercegovine","publisher":{"@id":"https:\/\/radioljubuski.ba\/#organization"},"potentialAction":[{"@type":"SearchAction","target":{"@type":"EntryPoint","urlTemplate":"https:\/\/radioljubuski.ba\/?s={search_term_string}"},"query-input":{"@type":"PropertyValueSpecification","valueRequired":true,"valueName":"search_term_string"}}],"inLanguage":"hr"},{"@type":"Organization","@id":"https:\/\/radioljubuski.ba\/#organization","name":"Radio Ljubu\u0161ki","url":"https:\/\/radioljubuski.ba\/","logo":{"@type":"ImageObject","inLanguage":"hr","@id":"https:\/\/radioljubuski.ba\/#\/schema\/logo\/image\/","url":"https:\/\/radioljubuski.ba\/wp-content\/uploads\/2021\/02\/cropped-Radio_Ljubuski_logo1.jpg","contentUrl":"https:\/\/radioljubuski.ba\/wp-content\/uploads\/2021\/02\/cropped-Radio_Ljubuski_logo1.jpg","width":512,"height":512,"caption":"Radio Ljubu\u0161ki"},"image":{"@id":"https:\/\/radioljubuski.ba\/#\/schema\/logo\/image\/"},"sameAs":["https:\/\/www.facebook.com\/Radiio-Ljubuski-1490835324566332","https:\/\/x.com\/radioljubuski","https:\/\/hr.linkedin.com\/company\/radio-ljubuski","https:\/\/www.youtube.com\/channel\/UCHYaeO_n0Db3tjNGudGpXyw"]},{"@type":"Person","@id":"https:\/\/radioljubuski.ba\/#\/schema\/person\/19fc700381a780f69665d7956c469e3b","name":"Radio Ljubu\u0161ki"}]}},"_links":{"self":[{"href":"https:\/\/radioljubuski.ba\/index.php\/wp-json\/wp\/v2\/posts\/102752","targetHints":{"allow":["GET"]}}],"collection":[{"href":"https:\/\/radioljubuski.ba\/index.php\/wp-json\/wp\/v2\/posts"}],"about":[{"href":"https:\/\/radioljubuski.ba\/index.php\/wp-json\/wp\/v2\/types\/post"}],"author":[{"embeddable":true,"href":"https:\/\/radioljubuski.ba\/index.php\/wp-json\/wp\/v2\/users\/2"}],"replies":[{"embeddable":true,"href":"https:\/\/radioljubuski.ba\/index.php\/wp-json\/wp\/v2\/comments?post=102752"}],"version-history":[{"count":1,"href":"https:\/\/radioljubuski.ba\/index.php\/wp-json\/wp\/v2\/posts\/102752\/revisions"}],"predecessor-version":[{"id":102754,"href":"https:\/\/radioljubuski.ba\/index.php\/wp-json\/wp\/v2\/posts\/102752\/revisions\/102754"}],"wp:featuredmedia":[{"embeddable":true,"href":"https:\/\/radioljubuski.ba\/index.php\/wp-json\/wp\/v2\/media\/102753"}],"wp:attachment":[{"href":"https:\/\/radioljubuski.ba\/index.php\/wp-json\/wp\/v2\/media?parent=102752"}],"wp:term":[{"taxonomy":"category","embeddable":true,"href":"https:\/\/radioljubuski.ba\/index.php\/wp-json\/wp\/v2\/categories?post=102752"},{"taxonomy":"post_tag","embeddable":true,"href":"https:\/\/radioljubuski.ba\/index.php\/wp-json\/wp\/v2\/tags?post=102752"}],"curies":[{"name":"wp","href":"https:\/\/api.w.org\/{rel}","templated":true}]}}