{"id":102755,"date":"2021-12-23T01:46:02","date_gmt":"2021-12-23T00:46:02","guid":{"rendered":"https:\/\/radioljubuski.ba\/?p=102755"},"modified":"2021-12-23T01:46:03","modified_gmt":"2021-12-23T00:46:03","slug":"dramaticna-pobjeda-foss-solevaaga-filip-zubcic-16","status":"publish","type":"post","link":"https:\/\/radioljubuski.ba\/index.php\/2021\/12\/23\/dramaticna-pobjeda-foss-solevaaga-filip-zubcic-16\/","title":{"rendered":"Dramati\u010dna pobjeda Foss-Solevaaga, Filip Zub\u010di\u0107 16."},"content":{"rendered":"\n<p><strong>Svjetski prvak u slalomu Norve\u017eanin Sebastian Foss-Solevaag ostvario je svoju prvu pobjedu u Madonni di Campiglio, a drugu u karijeri u natjecanjima za Svjetski kup, nakon \u0161to je uvjerljivo najbolji u obje vo\u017enje, Francuz Clement Noel, pao i proma\u0161io zadnja vrata te ostao bez plasmana.<\/strong><\/p>\n\n\n\n<p>Hrvatski skija\u0161i&nbsp;<strong>Filip Zub\u010di\u0107<\/strong>&nbsp;i&nbsp;<strong>Matej Vidovi\u0107<\/strong>&nbsp;do\u0161li su do novih bodova. Zub\u010di\u0107 je osvojio 16. mjesto, dok je Vidovi\u0107 zavr\u0161io na 26. mjestu.<\/p>\n\n\n\n<p>Obojica su bili na za\u010delju onih koji su izborili drugu vo\u017enju. Zub\u010di\u0107 je u\u0161ao kao 27., a Vidovi\u0107 kao 28. Na\u017ealost, Matej nije uspio iskoristiti bolju startnu poziciju u drugoj vo\u017enji, u kojoj je startao kao tre\u0107i. Imao je 25. rezultat me\u0111u 26 skija\u0161a koji su do\u0161li do cilja pa je na kraju bio posljednji me\u0111u dobitnicima bodova.<\/p>\n\n\n\n<p>Filip Zub\u010di\u0107 je u drugoj vo\u017enji imao 12. rezultat, \u0161to mu je donijelo napredak od 11 mjesta i novih 15 bodova.<\/p>\n\n\n\n<p><strong>Samuel Kolega&nbsp;<\/strong>je sa startnim brojem 40 zakasnio za 27 stotinki za vremenom koje je u prvoj vo\u017enji donosilo plasman u drugu. Njegovih 48.22 sekundi bilo je dovoljno za 38. mjesto.<\/p>\n\n\n\n<p>Rasplet na samom vrhu je bio doista nevjerojatan. Ba\u0161 kao i prije deset dana u Val d&#8217;Isereu, Clement Noel je bio najbr\u017ei u prvoj vo\u017enji, a imao je i najbolje vrijeme druge vo\u017enje sve do zadnjih vrata prije kojih je bio izba\u010den iz ravnote\u017ee, pao je i proma\u0161io ih te na boku uklizao u cilj. Semafor je pokazao sekundu i jednu stotinku prednosti, ali Noel je ostao i bez nove uvjerljive pobjede i bez bodova.<\/p>\n\n\n\n<p>Do pobjede je stigao Sebastian Foss-Solevaag koji je prije deset mjeseci u Cortini d&#8217;Ampezzo osvojio naslov svjetskog prvaka, a sada je na talijanskom snijegu do\u0161ao i do prve pobjede u ovoj sezoni Svjetskog kupa.<\/p>\n\n\n\n<p>Do nje je stigao sa deset stotinki prednosti pred Francuzom&nbsp;<strong>Alexisom Pinturaultom<\/strong>, a na postolju se ponovno na\u0161ao \u0160ve\u0111anin&nbsp;<strong>Kristoffer Jakobsen<\/strong>, koji je bio samo stotinku sporiji od osvaja\u010da Velikog kristalnog globusa u pro\u0161loj sezoni.<\/p>\n\n\n\n<p>Dana\u0161njom pobjedom Foss-Solevaag je sa 140 bodova do\u0161ao na diobu prvog mjesta sa Jakobsenom u redoslijedu najboljih slaloma\u0161a, dok je tre\u0107i Noel sa 100 bodova. Filip Zub\u010di\u0107 je na toj ljestvici peti sa 75 bodova, a Matej Vidovi\u0107 je na 25. mjestu sa 17 bodova.<\/p>\n\n\n\n<p>U ukupnom redoslijedu vodi \u0160vicarac&nbsp;<strong>Marco Odermatt<\/strong>&nbsp;sa 633 boda, ispred Austrijanca&nbsp;<strong>Matthiasa Mayera<\/strong>&nbsp;koji ima 405 bodova. Filip Zub\u010di\u0107 je na 12. mjestu sa 162 boda, a Matej Vidovi\u0107 je na 94. mjestu sa 17 bodova.<\/p>\n\n\n\n<p>Svjetski kup za skija\u0161e nastavlja se sljede\u0107eg tjedna u Bormiju, gdje \u0107e od 28. do 30. prosinca biti odr\u017ean jedan spust i dva superveleslaloma, dok \u0107e prvi sljede\u0107i slalom biti odr\u017ean na sljemenskom Crvenom spustu, 5. sije\u010dnja.<\/p>\n\n\n\n<p>TIJEK UTRKE:<\/p>\n\n\n\n<p>&#8212;&#8212;&#8212;&#8212;&#8212;&#8212;-<\/p>\n\n\n\n<h4 class=\"wp-block-heading\">21:38 &#8211; IPAK NE!! Noel je diskvalificiran zbog proma\u0161enih posljednjih vrata nakon \u0161to je imao sekundu prednosti! Druga pobjeda karijere Foss-Solevaaga! Filip Zub\u010di\u0107 na kraju je 16., a Matej Vidovi\u0107 26.<\/h4>\n\n\n\n<h4 class=\"wp-block-heading\">21:36 &#8211; Clement Noel obranio je najbolje vrijeme iz prve vo\u017enje i s \u010dak sekundom i jednom stotinkom prednosti do\u0161ao je do jubilarne, 10. pobjede u Svjetskom kupu!<\/h4>\n\n\n\n<h4 class=\"wp-block-heading\">21:34 &#8211; Norve\u017eanin Sebastian Foss-Solevaag preuzima vodstvo s 10 stotinki boljim vremenom od Pinturaulta!<\/h4>\n\n\n\n<h4 class=\"wp-block-heading\">21:33 &#8211; Jakobsenu je nedostajala stotinka sekunde da &#8220;skine&#8221; Pinturaulta! Dvojica do kraja!<\/h4>\n\n\n\n<h4 class=\"wp-block-heading\">21:30 &#8211; Alexis Pinturault je 16 stotinki br\u017ei od Vinatzera! Francuz je preuzeo vrh!<\/h4>\n\n\n\n<h4 class=\"wp-block-heading\">21:28 &#8211; Talijan Alex Vinatzer odvezao je sjajno i preuzeo je vode\u0107u poziciju s \u010dak 59 stotinki prednosti!<\/h4>\n\n\n\n<h4 class=\"wp-block-heading\">21:25 &#8211; Norve\u017eanin Henrik Kristoffersen je maksimalno riskirao i platio to ispadanjem nakon \u0161to je zaka\u010dio vrata. Ostao je na tri pobjede u ovoj utrci u karijeri<\/h4>\n\n\n\n<h4 class=\"wp-block-heading\">21:18 &#8211; Evo ga, promjena na prvom mjestu! Norve\u017eanin Timon Haugan je &#8220;skinuo&#8221; Meillarda s devet stotinki boljim vremenom<\/h4>\n\n\n\n<h4 class=\"wp-block-heading\">21:15 &#8211; nakon 20 skija\u0161a u vodstvu je i dalje Loic Meillard, Filip Zub\u010di\u0107 je 10., a Vidovi\u0107 posljednji, 19. Sad slijedi 10 najboljih iz prve vo\u017enje!<\/h4>\n\n\n\n<h4 class=\"wp-block-heading\">20:58 &#8211; Nakon \u0161to se spustilo prvih 10 skija\u0161a u drugoj vo\u017enji i dalje vodi Loic Meillard (1:35.03), Filip Zub\u010di\u0107 je peti (+0.72), a Matej Vidovi\u0107 posljednji, deseti (+1.50).<\/h4>\n\n\n\n<h4 class=\"wp-block-heading\">20:50 &#8211; Filip Zub\u010di\u0107 je krenuo maksimalno riskantno, ali je izgubio jako puno vremena na prvih nekoliko vrata. Na kraju je s ukupnim vremenom 1:36.25 bio drugi, iza Meillarda. Ne \u010dini se ovo ba\u0161 neki jako dobar nastup na\u0161eg najboljeg skija\u0161a, no bit \u0107emo pametniji nakon barem jo\u0161 10-ak skija\u0161a<\/h4>\n\n\n\n<h4 class=\"wp-block-heading\">20:49 &#8211; Matej Vidovi\u0107 ima vrijeme 1:37.03<\/h4>\n\n\n\n<h4 class=\"wp-block-heading\">20:45 &#8211; po\u010dela je druga vo\u017enja, prvi je na startu Bugarin Kamen Zlatkov. Vidovi\u0107 \u0107e startati tre\u0107i, a Zub\u010di\u0107 \u010detvrti<\/h4>\n\n\n\n<p>Podsjetimo, najbolji hrvatski skija\u0161 Zub\u010di\u0107 je u prvom slalomu sezone u Val d&#8217;Isereu prvi put u karijeri bio na pobjedni\u010dkom postolju u ovoj disciplini, bio je tre\u0107i. Sljede\u0107i mu\u0161ki slalom nakon Madonne bit \u0107e u Zagrebu 5. sije\u010dnja.<\/p>\n\n\n\n<p>Izvor:hrt.hr<\/p>\n","protected":false},"excerpt":{"rendered":"<p>Svjetski prvak u slalomu Norve\u017eanin Sebastian Foss-Solevaag ostvario je svoju prvu pobjedu u Madonni di Campiglio, a drugu u karijeri u natjecanjima za Svjetski kup, nakon \u0161to je uvjerljivo najbolji u obje vo\u017enje, Francuz Clement Noel, pao i proma\u0161io zadnja vrata te ostao bez plasmana. Hrvatski skija\u0161i&nbsp;Filip Zub\u010di\u0107&nbsp;i&nbsp;Matej Vidovi\u0107&nbsp;do\u0161li su do novih bodova. Zub\u010di\u0107 je [&hellip;]<\/p>\n","protected":false},"author":2,"featured_media":102756,"comment_status":"closed","ping_status":"closed","sticky":false,"template":"","format":"standard","meta":{"h5ap_radio_sources":[],"footnotes":""},"categories":[7],"tags":[],"class_list":["post-102755","post","type-post","status-publish","format-standard","has-post-thumbnail","hentry","category-sport"],"yoast_head":"<!-- This site is optimized with the Yoast SEO plugin v27.4 - https:\/\/yoast.com\/product\/yoast-seo-wordpress\/ -->\n<title>Dramati\u010dna pobjeda Foss-Solevaaga, Filip Zub\u010di\u0107 16. - RADIO LJUBU\u0160KI<\/title>\n<meta name=\"robots\" content=\"index, follow, max-snippet:-1, max-image-preview:large, max-video-preview:-1\" \/>\n<link rel=\"canonical\" href=\"https:\/\/radioljubuski.ba\/index.php\/2021\/12\/23\/dramaticna-pobjeda-foss-solevaaga-filip-zubcic-16\/\" \/>\n<meta property=\"og:locale\" content=\"hr_HR\" \/>\n<meta property=\"og:type\" content=\"article\" \/>\n<meta property=\"og:title\" content=\"Dramati\u010dna pobjeda Foss-Solevaaga, Filip Zub\u010di\u0107 16. - RADIO LJUBU\u0160KI\" \/>\n<meta property=\"og:description\" content=\"Svjetski prvak u slalomu Norve\u017eanin Sebastian Foss-Solevaag ostvario je svoju prvu pobjedu u Madonni di Campiglio, a drugu u karijeri u natjecanjima za Svjetski kup, nakon \u0161to je uvjerljivo najbolji u obje vo\u017enje, Francuz Clement Noel, pao i proma\u0161io zadnja vrata te ostao bez plasmana. Hrvatski skija\u0161i&nbsp;Filip Zub\u010di\u0107&nbsp;i&nbsp;Matej Vidovi\u0107&nbsp;do\u0161li su do novih bodova. Zub\u010di\u0107 je [&hellip;]\" \/>\n<meta property=\"og:url\" content=\"https:\/\/radioljubuski.ba\/index.php\/2021\/12\/23\/dramaticna-pobjeda-foss-solevaaga-filip-zubcic-16\/\" \/>\n<meta property=\"og:site_name\" content=\"RADIO LJUBU\u0160KI\" \/>\n<meta property=\"article:publisher\" content=\"https:\/\/www.facebook.com\/Radiio-Ljubuski-1490835324566332\" \/>\n<meta property=\"article:published_time\" content=\"2021-12-23T00:46:02+00:00\" \/>\n<meta property=\"article:modified_time\" content=\"2021-12-23T00:46:03+00:00\" \/>\n<meta property=\"og:image\" content=\"https:\/\/radioljubuski.ba\/wp-content\/uploads\/2021\/12\/foss-2021-12-22t204252z-1224640953-up1ehcm1ljdd3-rtrmadp-3-alpine-skiing-men-20211222204443.jpg\" \/>\n\t<meta property=\"og:image:width\" content=\"1600\" \/>\n\t<meta property=\"og:image:height\" content=\"973\" \/>\n\t<meta property=\"og:image:type\" content=\"image\/jpeg\" \/>\n<meta name=\"author\" content=\"Radio Ljubu\u0161ki\" \/>\n<meta name=\"twitter:card\" content=\"summary_large_image\" \/>\n<meta name=\"twitter:creator\" content=\"@radioljubuski\" \/>\n<meta name=\"twitter:site\" content=\"@radioljubuski\" \/>\n<meta name=\"twitter:label1\" content=\"Napisao\/la\" \/>\n\t<meta name=\"twitter:data1\" content=\"Radio Ljubu\u0161ki\" \/>\n\t<meta name=\"twitter:label2\" content=\"Procijenjeno vrijeme \u010ditanja\" \/>\n\t<meta name=\"twitter:data2\" content=\"4 minute\" \/>\n<script type=\"application\/ld+json\" class=\"yoast-schema-graph\">{\"@context\":\"https:\\\/\\\/schema.org\",\"@graph\":[{\"@type\":\"Article\",\"@id\":\"https:\\\/\\\/radioljubuski.ba\\\/index.php\\\/2021\\\/12\\\/23\\\/dramaticna-pobjeda-foss-solevaaga-filip-zubcic-16\\\/#article\",\"isPartOf\":{\"@id\":\"https:\\\/\\\/radioljubuski.ba\\\/index.php\\\/2021\\\/12\\\/23\\\/dramaticna-pobjeda-foss-solevaaga-filip-zubcic-16\\\/\"},\"author\":{\"name\":\"Radio Ljubu\u0161ki\",\"@id\":\"https:\\\/\\\/radioljubuski.ba\\\/#\\\/schema\\\/person\\\/19fc700381a780f69665d7956c469e3b\"},\"headline\":\"Dramati\u010dna pobjeda Foss-Solevaaga, Filip Zub\u010di\u0107 16.\",\"datePublished\":\"2021-12-23T00:46:02+00:00\",\"dateModified\":\"2021-12-23T00:46:03+00:00\",\"mainEntityOfPage\":{\"@id\":\"https:\\\/\\\/radioljubuski.ba\\\/index.php\\\/2021\\\/12\\\/23\\\/dramaticna-pobjeda-foss-solevaaga-filip-zubcic-16\\\/\"},\"wordCount\":822,\"publisher\":{\"@id\":\"https:\\\/\\\/radioljubuski.ba\\\/#organization\"},\"image\":{\"@id\":\"https:\\\/\\\/radioljubuski.ba\\\/index.php\\\/2021\\\/12\\\/23\\\/dramaticna-pobjeda-foss-solevaaga-filip-zubcic-16\\\/#primaryimage\"},\"thumbnailUrl\":\"https:\\\/\\\/radioljubuski.ba\\\/wp-content\\\/uploads\\\/2021\\\/12\\\/foss-2021-12-22t204252z-1224640953-up1ehcm1ljdd3-rtrmadp-3-alpine-skiing-men-20211222204443.jpg\",\"articleSection\":[\"\u0160port\"],\"inLanguage\":\"hr\"},{\"@type\":\"WebPage\",\"@id\":\"https:\\\/\\\/radioljubuski.ba\\\/index.php\\\/2021\\\/12\\\/23\\\/dramaticna-pobjeda-foss-solevaaga-filip-zubcic-16\\\/\",\"url\":\"https:\\\/\\\/radioljubuski.ba\\\/index.php\\\/2021\\\/12\\\/23\\\/dramaticna-pobjeda-foss-solevaaga-filip-zubcic-16\\\/\",\"name\":\"Dramati\u010dna pobjeda Foss-Solevaaga, Filip Zub\u010di\u0107 16. - RADIO LJUBU\u0160KI\",\"isPartOf\":{\"@id\":\"https:\\\/\\\/radioljubuski.ba\\\/#website\"},\"primaryImageOfPage\":{\"@id\":\"https:\\\/\\\/radioljubuski.ba\\\/index.php\\\/2021\\\/12\\\/23\\\/dramaticna-pobjeda-foss-solevaaga-filip-zubcic-16\\\/#primaryimage\"},\"image\":{\"@id\":\"https:\\\/\\\/radioljubuski.ba\\\/index.php\\\/2021\\\/12\\\/23\\\/dramaticna-pobjeda-foss-solevaaga-filip-zubcic-16\\\/#primaryimage\"},\"thumbnailUrl\":\"https:\\\/\\\/radioljubuski.ba\\\/wp-content\\\/uploads\\\/2021\\\/12\\\/foss-2021-12-22t204252z-1224640953-up1ehcm1ljdd3-rtrmadp-3-alpine-skiing-men-20211222204443.jpg\",\"datePublished\":\"2021-12-23T00:46:02+00:00\",\"dateModified\":\"2021-12-23T00:46:03+00:00\",\"breadcrumb\":{\"@id\":\"https:\\\/\\\/radioljubuski.ba\\\/index.php\\\/2021\\\/12\\\/23\\\/dramaticna-pobjeda-foss-solevaaga-filip-zubcic-16\\\/#breadcrumb\"},\"inLanguage\":\"hr\",\"potentialAction\":[{\"@type\":\"ReadAction\",\"target\":[\"https:\\\/\\\/radioljubuski.ba\\\/index.php\\\/2021\\\/12\\\/23\\\/dramaticna-pobjeda-foss-solevaaga-filip-zubcic-16\\\/\"]}]},{\"@type\":\"ImageObject\",\"inLanguage\":\"hr\",\"@id\":\"https:\\\/\\\/radioljubuski.ba\\\/index.php\\\/2021\\\/12\\\/23\\\/dramaticna-pobjeda-foss-solevaaga-filip-zubcic-16\\\/#primaryimage\",\"url\":\"https:\\\/\\\/radioljubuski.ba\\\/wp-content\\\/uploads\\\/2021\\\/12\\\/foss-2021-12-22t204252z-1224640953-up1ehcm1ljdd3-rtrmadp-3-alpine-skiing-men-20211222204443.jpg\",\"contentUrl\":\"https:\\\/\\\/radioljubuski.ba\\\/wp-content\\\/uploads\\\/2021\\\/12\\\/foss-2021-12-22t204252z-1224640953-up1ehcm1ljdd3-rtrmadp-3-alpine-skiing-men-20211222204443.jpg\",\"width\":1600,\"height\":973},{\"@type\":\"BreadcrumbList\",\"@id\":\"https:\\\/\\\/radioljubuski.ba\\\/index.php\\\/2021\\\/12\\\/23\\\/dramaticna-pobjeda-foss-solevaaga-filip-zubcic-16\\\/#breadcrumb\",\"itemListElement\":[{\"@type\":\"ListItem\",\"position\":1,\"name\":\"Po\u010detna stranica\",\"item\":\"https:\\\/\\\/radioljubuski.ba\\\/\"},{\"@type\":\"ListItem\",\"position\":2,\"name\":\"Dramati\u010dna pobjeda Foss-Solevaaga, Filip Zub\u010di\u0107 16.\"}]},{\"@type\":\"WebSite\",\"@id\":\"https:\\\/\\\/radioljubuski.ba\\\/#website\",\"url\":\"https:\\\/\\\/radioljubuski.ba\\\/\",\"name\":\"Radio Ljubu\u0161ki\",\"description\":\"Sun\u010dana frekvencija Hercegovine\",\"publisher\":{\"@id\":\"https:\\\/\\\/radioljubuski.ba\\\/#organization\"},\"potentialAction\":[{\"@type\":\"SearchAction\",\"target\":{\"@type\":\"EntryPoint\",\"urlTemplate\":\"https:\\\/\\\/radioljubuski.ba\\\/?s={search_term_string}\"},\"query-input\":{\"@type\":\"PropertyValueSpecification\",\"valueRequired\":true,\"valueName\":\"search_term_string\"}}],\"inLanguage\":\"hr\"},{\"@type\":\"Organization\",\"@id\":\"https:\\\/\\\/radioljubuski.ba\\\/#organization\",\"name\":\"Radio Ljubu\u0161ki\",\"url\":\"https:\\\/\\\/radioljubuski.ba\\\/\",\"logo\":{\"@type\":\"ImageObject\",\"inLanguage\":\"hr\",\"@id\":\"https:\\\/\\\/radioljubuski.ba\\\/#\\\/schema\\\/logo\\\/image\\\/\",\"url\":\"https:\\\/\\\/radioljubuski.ba\\\/wp-content\\\/uploads\\\/2021\\\/02\\\/cropped-Radio_Ljubuski_logo1.jpg\",\"contentUrl\":\"https:\\\/\\\/radioljubuski.ba\\\/wp-content\\\/uploads\\\/2021\\\/02\\\/cropped-Radio_Ljubuski_logo1.jpg\",\"width\":512,\"height\":512,\"caption\":\"Radio Ljubu\u0161ki\"},\"image\":{\"@id\":\"https:\\\/\\\/radioljubuski.ba\\\/#\\\/schema\\\/logo\\\/image\\\/\"},\"sameAs\":[\"https:\\\/\\\/www.facebook.com\\\/Radiio-Ljubuski-1490835324566332\",\"https:\\\/\\\/x.com\\\/radioljubuski\",\"https:\\\/\\\/hr.linkedin.com\\\/company\\\/radio-ljubuski\",\"https:\\\/\\\/www.youtube.com\\\/channel\\\/UCHYaeO_n0Db3tjNGudGpXyw\"]},{\"@type\":\"Person\",\"@id\":\"https:\\\/\\\/radioljubuski.ba\\\/#\\\/schema\\\/person\\\/19fc700381a780f69665d7956c469e3b\",\"name\":\"Radio Ljubu\u0161ki\"}]}<\/script>\n<!-- \/ Yoast SEO plugin. -->","yoast_head_json":{"title":"Dramati\u010dna pobjeda Foss-Solevaaga, Filip Zub\u010di\u0107 16. - RADIO LJUBU\u0160KI","robots":{"index":"index","follow":"follow","max-snippet":"max-snippet:-1","max-image-preview":"max-image-preview:large","max-video-preview":"max-video-preview:-1"},"canonical":"https:\/\/radioljubuski.ba\/index.php\/2021\/12\/23\/dramaticna-pobjeda-foss-solevaaga-filip-zubcic-16\/","og_locale":"hr_HR","og_type":"article","og_title":"Dramati\u010dna pobjeda Foss-Solevaaga, Filip Zub\u010di\u0107 16. - RADIO LJUBU\u0160KI","og_description":"Svjetski prvak u slalomu Norve\u017eanin Sebastian Foss-Solevaag ostvario je svoju prvu pobjedu u Madonni di Campiglio, a drugu u karijeri u natjecanjima za Svjetski kup, nakon \u0161to je uvjerljivo najbolji u obje vo\u017enje, Francuz Clement Noel, pao i proma\u0161io zadnja vrata te ostao bez plasmana. Hrvatski skija\u0161i&nbsp;Filip Zub\u010di\u0107&nbsp;i&nbsp;Matej Vidovi\u0107&nbsp;do\u0161li su do novih bodova. Zub\u010di\u0107 je [&hellip;]","og_url":"https:\/\/radioljubuski.ba\/index.php\/2021\/12\/23\/dramaticna-pobjeda-foss-solevaaga-filip-zubcic-16\/","og_site_name":"RADIO LJUBU\u0160KI","article_publisher":"https:\/\/www.facebook.com\/Radiio-Ljubuski-1490835324566332","article_published_time":"2021-12-23T00:46:02+00:00","article_modified_time":"2021-12-23T00:46:03+00:00","og_image":[{"width":1600,"height":973,"url":"https:\/\/radioljubuski.ba\/wp-content\/uploads\/2021\/12\/foss-2021-12-22t204252z-1224640953-up1ehcm1ljdd3-rtrmadp-3-alpine-skiing-men-20211222204443.jpg","type":"image\/jpeg"}],"author":"Radio Ljubu\u0161ki","twitter_card":"summary_large_image","twitter_creator":"@radioljubuski","twitter_site":"@radioljubuski","twitter_misc":{"Napisao\/la":"Radio Ljubu\u0161ki","Procijenjeno vrijeme \u010ditanja":"4 minute"},"schema":{"@context":"https:\/\/schema.org","@graph":[{"@type":"Article","@id":"https:\/\/radioljubuski.ba\/index.php\/2021\/12\/23\/dramaticna-pobjeda-foss-solevaaga-filip-zubcic-16\/#article","isPartOf":{"@id":"https:\/\/radioljubuski.ba\/index.php\/2021\/12\/23\/dramaticna-pobjeda-foss-solevaaga-filip-zubcic-16\/"},"author":{"name":"Radio Ljubu\u0161ki","@id":"https:\/\/radioljubuski.ba\/#\/schema\/person\/19fc700381a780f69665d7956c469e3b"},"headline":"Dramati\u010dna pobjeda Foss-Solevaaga, Filip Zub\u010di\u0107 16.","datePublished":"2021-12-23T00:46:02+00:00","dateModified":"2021-12-23T00:46:03+00:00","mainEntityOfPage":{"@id":"https:\/\/radioljubuski.ba\/index.php\/2021\/12\/23\/dramaticna-pobjeda-foss-solevaaga-filip-zubcic-16\/"},"wordCount":822,"publisher":{"@id":"https:\/\/radioljubuski.ba\/#organization"},"image":{"@id":"https:\/\/radioljubuski.ba\/index.php\/2021\/12\/23\/dramaticna-pobjeda-foss-solevaaga-filip-zubcic-16\/#primaryimage"},"thumbnailUrl":"https:\/\/radioljubuski.ba\/wp-content\/uploads\/2021\/12\/foss-2021-12-22t204252z-1224640953-up1ehcm1ljdd3-rtrmadp-3-alpine-skiing-men-20211222204443.jpg","articleSection":["\u0160port"],"inLanguage":"hr"},{"@type":"WebPage","@id":"https:\/\/radioljubuski.ba\/index.php\/2021\/12\/23\/dramaticna-pobjeda-foss-solevaaga-filip-zubcic-16\/","url":"https:\/\/radioljubuski.ba\/index.php\/2021\/12\/23\/dramaticna-pobjeda-foss-solevaaga-filip-zubcic-16\/","name":"Dramati\u010dna pobjeda Foss-Solevaaga, Filip Zub\u010di\u0107 16. - RADIO LJUBU\u0160KI","isPartOf":{"@id":"https:\/\/radioljubuski.ba\/#website"},"primaryImageOfPage":{"@id":"https:\/\/radioljubuski.ba\/index.php\/2021\/12\/23\/dramaticna-pobjeda-foss-solevaaga-filip-zubcic-16\/#primaryimage"},"image":{"@id":"https:\/\/radioljubuski.ba\/index.php\/2021\/12\/23\/dramaticna-pobjeda-foss-solevaaga-filip-zubcic-16\/#primaryimage"},"thumbnailUrl":"https:\/\/radioljubuski.ba\/wp-content\/uploads\/2021\/12\/foss-2021-12-22t204252z-1224640953-up1ehcm1ljdd3-rtrmadp-3-alpine-skiing-men-20211222204443.jpg","datePublished":"2021-12-23T00:46:02+00:00","dateModified":"2021-12-23T00:46:03+00:00","breadcrumb":{"@id":"https:\/\/radioljubuski.ba\/index.php\/2021\/12\/23\/dramaticna-pobjeda-foss-solevaaga-filip-zubcic-16\/#breadcrumb"},"inLanguage":"hr","potentialAction":[{"@type":"ReadAction","target":["https:\/\/radioljubuski.ba\/index.php\/2021\/12\/23\/dramaticna-pobjeda-foss-solevaaga-filip-zubcic-16\/"]}]},{"@type":"ImageObject","inLanguage":"hr","@id":"https:\/\/radioljubuski.ba\/index.php\/2021\/12\/23\/dramaticna-pobjeda-foss-solevaaga-filip-zubcic-16\/#primaryimage","url":"https:\/\/radioljubuski.ba\/wp-content\/uploads\/2021\/12\/foss-2021-12-22t204252z-1224640953-up1ehcm1ljdd3-rtrmadp-3-alpine-skiing-men-20211222204443.jpg","contentUrl":"https:\/\/radioljubuski.ba\/wp-content\/uploads\/2021\/12\/foss-2021-12-22t204252z-1224640953-up1ehcm1ljdd3-rtrmadp-3-alpine-skiing-men-20211222204443.jpg","width":1600,"height":973},{"@type":"BreadcrumbList","@id":"https:\/\/radioljubuski.ba\/index.php\/2021\/12\/23\/dramaticna-pobjeda-foss-solevaaga-filip-zubcic-16\/#breadcrumb","itemListElement":[{"@type":"ListItem","position":1,"name":"Po\u010detna stranica","item":"https:\/\/radioljubuski.ba\/"},{"@type":"ListItem","position":2,"name":"Dramati\u010dna pobjeda Foss-Solevaaga, Filip Zub\u010di\u0107 16."}]},{"@type":"WebSite","@id":"https:\/\/radioljubuski.ba\/#website","url":"https:\/\/radioljubuski.ba\/","name":"Radio Ljubu\u0161ki","description":"Sun\u010dana frekvencija Hercegovine","publisher":{"@id":"https:\/\/radioljubuski.ba\/#organization"},"potentialAction":[{"@type":"SearchAction","target":{"@type":"EntryPoint","urlTemplate":"https:\/\/radioljubuski.ba\/?s={search_term_string}"},"query-input":{"@type":"PropertyValueSpecification","valueRequired":true,"valueName":"search_term_string"}}],"inLanguage":"hr"},{"@type":"Organization","@id":"https:\/\/radioljubuski.ba\/#organization","name":"Radio Ljubu\u0161ki","url":"https:\/\/radioljubuski.ba\/","logo":{"@type":"ImageObject","inLanguage":"hr","@id":"https:\/\/radioljubuski.ba\/#\/schema\/logo\/image\/","url":"https:\/\/radioljubuski.ba\/wp-content\/uploads\/2021\/02\/cropped-Radio_Ljubuski_logo1.jpg","contentUrl":"https:\/\/radioljubuski.ba\/wp-content\/uploads\/2021\/02\/cropped-Radio_Ljubuski_logo1.jpg","width":512,"height":512,"caption":"Radio Ljubu\u0161ki"},"image":{"@id":"https:\/\/radioljubuski.ba\/#\/schema\/logo\/image\/"},"sameAs":["https:\/\/www.facebook.com\/Radiio-Ljubuski-1490835324566332","https:\/\/x.com\/radioljubuski","https:\/\/hr.linkedin.com\/company\/radio-ljubuski","https:\/\/www.youtube.com\/channel\/UCHYaeO_n0Db3tjNGudGpXyw"]},{"@type":"Person","@id":"https:\/\/radioljubuski.ba\/#\/schema\/person\/19fc700381a780f69665d7956c469e3b","name":"Radio Ljubu\u0161ki"}]}},"_links":{"self":[{"href":"https:\/\/radioljubuski.ba\/index.php\/wp-json\/wp\/v2\/posts\/102755","targetHints":{"allow":["GET"]}}],"collection":[{"href":"https:\/\/radioljubuski.ba\/index.php\/wp-json\/wp\/v2\/posts"}],"about":[{"href":"https:\/\/radioljubuski.ba\/index.php\/wp-json\/wp\/v2\/types\/post"}],"author":[{"embeddable":true,"href":"https:\/\/radioljubuski.ba\/index.php\/wp-json\/wp\/v2\/users\/2"}],"replies":[{"embeddable":true,"href":"https:\/\/radioljubuski.ba\/index.php\/wp-json\/wp\/v2\/comments?post=102755"}],"version-history":[{"count":1,"href":"https:\/\/radioljubuski.ba\/index.php\/wp-json\/wp\/v2\/posts\/102755\/revisions"}],"predecessor-version":[{"id":102757,"href":"https:\/\/radioljubuski.ba\/index.php\/wp-json\/wp\/v2\/posts\/102755\/revisions\/102757"}],"wp:featuredmedia":[{"embeddable":true,"href":"https:\/\/radioljubuski.ba\/index.php\/wp-json\/wp\/v2\/media\/102756"}],"wp:attachment":[{"href":"https:\/\/radioljubuski.ba\/index.php\/wp-json\/wp\/v2\/media?parent=102755"}],"wp:term":[{"taxonomy":"category","embeddable":true,"href":"https:\/\/radioljubuski.ba\/index.php\/wp-json\/wp\/v2\/categories?post=102755"},{"taxonomy":"post_tag","embeddable":true,"href":"https:\/\/radioljubuski.ba\/index.php\/wp-json\/wp\/v2\/tags?post=102755"}],"curies":[{"name":"wp","href":"https:\/\/api.w.org\/{rel}","templated":true}]}}