{"id":10286,"date":"2021-04-06T23:09:14","date_gmt":"2021-04-06T22:09:14","guid":{"rendered":"https:\/\/radioljubuski.ba\/?p=10286"},"modified":"2021-04-06T23:09:14","modified_gmt":"2021-04-06T22:09:14","slug":"loncar-poslodavci-u-fbih-ocekuju-rast-obima-poslovanja-u-ovoj-godini","status":"publish","type":"post","link":"https:\/\/radioljubuski.ba\/index.php\/2021\/04\/06\/loncar-poslodavci-u-fbih-ocekuju-rast-obima-poslovanja-u-ovoj-godini\/","title":{"rendered":"Lon\u010dar: Poslodavci u FBiH o\u010dekuju rast obima poslovanja u ovoj godini"},"content":{"rendered":"\n<p>\u201eVe\u0107ina poslodavaca procjenjuje da \u0107e u 2021. godini imati rast obima poslovanja, \u0161to ukazuje na njihov optimizam, o\u010dekivanje i nadanje da \u0107e, ipak, do\u0107i do pobolj\u0161anja poslovnog ambijenta\u201c, istakla je direktorica Federalnog zavoda za zapo\u0161ljavanje Helena Lon\u010dar, nakon dobivenih rezultata istra\u017eivanja tr\u017ei\u0161ta rada u FBiH koje je provedeno u sije\u010dnju ove godine, javlja Hrvatski Medijski Servis.<\/p>\n\n\n\n<p>Istra\u017eivanje u okviru kojeg su anketirana 1232 poslodavca koji imaju pet i vi\u0161e zaposlenih, realizirali su Federalni zavod za zapo\u0161ljavanje i \u017eupanijske slu\u017ebe za zapo\u0161ljavanje uz tehni\u010dku podr\u0161ku projekta \u201eIstra\u017eivanje tr\u017ei\u0161ta rada\u201c koji financira Europska unija.<\/p>\n\n\n\n<p>Prema iskazanim potrebama poslodavaca u okviru ovog istra\u017eivanja, najtra\u017eenija zanimanja III i IV stupanja u 2021. godini su prodava\u010d, \u0161iva\u010d, voza\u010d, bravar, varilac, obu\u0107ar, za\u0161titar, tesar, mesar, call centar operater i slasti\u010dar. Istovremeno, najtra\u017eenija zanimanja visoke stru\u010dne spreme su IT stru\u010dnjak, strojarski in\u017eenjer, gra\u0111evinski in\u017einjer, in\u017einjer elektrotehnike, ekonomista, arhitekt, grafi\u010dki dizajner, magistar farmacije, komercijalista i veterinar.<\/p>\n\n\n\n<p>\u201cIspitivanje tr\u017ei\u0161ta rada predstavlja zna\u010dajan segment aktivnosti Zavoda budu\u0107i da kroz anketiranje poslodavaca dobijamo vrlo korisne podatke koji nam slu\u017ee za bolje prilago\u0111avanje mjera aktivne politike zapo\u0161ljavanja poslodavcima, kao i za unaprje\u0111enje funkcije posredovanja, \u0161to predstavlja na\u0161 strate\u0161ki cilj\u201c, dodala je direktorica Federalnog zavoda za zapo\u0161ljavanje Helena Lon\u010dar.<\/p>\n\n\n\n<p>Rezultati istra\u017eivanja pokazali su da je u 2020. godini uslijed pandemije COVID-19, \u010dak 43 posto ispitanika imalo pad obima poslovanja dok je rast obima poslovanja zabilje\u017eilo 26 posto ispitanika. Rast financijskih efekata imalo je svega 24 posto ispitanika \u0161to je u odnosu na pro\u0161lu godinu smanjenje za vi\u0161e od 35 posto.<\/p>\n\n\n\n<p>Istra\u017eivanje je pokazalo i nekoliko drugih vrlo bitnih trendova. U 2020. godini kod anketiranih poslodavaca bilje\u017ei se negativan rezultat izme\u0111u zaposlenih i radnika kojima je prekinut radni odnos. Novozaposlenih je 4076 (40 %), a radni odnos je prekinut sa 6058 osoba (60 %). U vezi s reakcijom na krizu uzrokovanu pandemijom COVID-19, poslodavci su uglavnom primjenjivali skra\u0107ivanje radnog vremena (21%). Za uvo\u0111enje rada u smjenama opredijelilo se 16 % poslodavaca, 15 % poslodavaca nije poduzimao nikakve mjere, dok je 1 % poslodavaca najavilo prekid rada.<\/p>\n\n\n\n<p>U vezi sa kandidatima za radna mjesta, poslodavci su najve\u0107e nezadovoljstvo iskazali nedostatkom tehni\u010dkih \u2013 stru\u010dnih znanja i vje\u0161tina, te nedostatak samoinicijativnosti i kreativnosti kandidata za radna mjesta. Tako\u0111er, poslodavci isti\u010du i nezadovoljstvo zbog nedostatka informati\u010dkih, organizacijskih, analiti\u010dkih i vje\u0161tina planiranja kod kandidata za radna mjesta.<\/p>\n\n\n\n<p>Kompletni rezultati istra\u017eivanja dostupni su na&nbsp;<a href=\"http:\/\/www.fzzz.ba\/\" target=\"_blank\" rel=\"noreferrer noopener\">www.fzzz.ba<\/a>.<\/p>\n\n\n\n<p>\/HMS\/<\/p>\n","protected":false},"excerpt":{"rendered":"<p>\u201eVe\u0107ina poslodavaca procjenjuje da \u0107e u 2021. godini imati rast obima poslovanja, \u0161to ukazuje na njihov optimizam, o\u010dekivanje i nadanje da \u0107e, ipak, do\u0107i do pobolj\u0161anja poslovnog ambijenta\u201c, istakla je direktorica Federalnog zavoda za zapo\u0161ljavanje Helena Lon\u010dar, nakon dobivenih rezultata istra\u017eivanja tr\u017ei\u0161ta rada u FBiH koje je provedeno u sije\u010dnju ove godine, javlja Hrvatski Medijski [&hellip;]<\/p>\n","protected":false},"author":2,"featured_media":10287,"comment_status":"closed","ping_status":"closed","sticky":false,"template":"","format":"standard","meta":{"h5ap_radio_sources":[],"footnotes":""},"categories":[1],"tags":[],"class_list":["post-10286","post","type-post","status-publish","format-standard","has-post-thumbnail","hentry","category-bihiregija"],"yoast_head":"<!-- This site is optimized with the Yoast SEO plugin v27.5 - https:\/\/yoast.com\/product\/yoast-seo-wordpress\/ -->\n<title>Lon\u010dar: Poslodavci u FBiH o\u010dekuju rast obima poslovanja u ovoj godini - RADIO LJUBU\u0160KI<\/title>\n<meta name=\"robots\" content=\"index, follow, max-snippet:-1, max-image-preview:large, max-video-preview:-1\" \/>\n<link rel=\"canonical\" href=\"https:\/\/radioljubuski.ba\/index.php\/2021\/04\/06\/loncar-poslodavci-u-fbih-ocekuju-rast-obima-poslovanja-u-ovoj-godini\/\" \/>\n<meta property=\"og:locale\" content=\"hr_HR\" \/>\n<meta property=\"og:type\" content=\"article\" \/>\n<meta property=\"og:title\" content=\"Lon\u010dar: Poslodavci u FBiH o\u010dekuju rast obima poslovanja u ovoj godini - RADIO LJUBU\u0160KI\" \/>\n<meta property=\"og:description\" content=\"\u201eVe\u0107ina poslodavaca procjenjuje da \u0107e u 2021. godini imati rast obima poslovanja, \u0161to ukazuje na njihov optimizam, o\u010dekivanje i nadanje da \u0107e, ipak, do\u0107i do pobolj\u0161anja poslovnog ambijenta\u201c, istakla je direktorica Federalnog zavoda za zapo\u0161ljavanje Helena Lon\u010dar, nakon dobivenih rezultata istra\u017eivanja tr\u017ei\u0161ta rada u FBiH koje je provedeno u sije\u010dnju ove godine, javlja Hrvatski Medijski [&hellip;]\" \/>\n<meta property=\"og:url\" content=\"https:\/\/radioljubuski.ba\/index.php\/2021\/04\/06\/loncar-poslodavci-u-fbih-ocekuju-rast-obima-poslovanja-u-ovoj-godini\/\" \/>\n<meta property=\"og:site_name\" content=\"RADIO LJUBU\u0160KI\" \/>\n<meta property=\"article:publisher\" content=\"https:\/\/www.facebook.com\/Radiio-Ljubuski-1490835324566332\" \/>\n<meta property=\"article:published_time\" content=\"2021-04-06T22:09:14+00:00\" \/>\n<meta property=\"og:image\" content=\"https:\/\/radioljubuski.ba\/wp-content\/uploads\/2021\/04\/helena_loncar.jpg\" \/>\n\t<meta property=\"og:image:width\" content=\"810\" \/>\n\t<meta property=\"og:image:height\" content=\"537\" \/>\n\t<meta property=\"og:image:type\" content=\"image\/jpeg\" \/>\n<meta name=\"author\" content=\"Radio Ljubu\u0161ki\" \/>\n<meta name=\"twitter:card\" content=\"summary_large_image\" \/>\n<meta name=\"twitter:creator\" content=\"@radioljubuski\" \/>\n<meta name=\"twitter:site\" content=\"@radioljubuski\" \/>\n<meta name=\"twitter:label1\" content=\"Napisao\/la\" \/>\n\t<meta name=\"twitter:data1\" content=\"Radio Ljubu\u0161ki\" \/>\n\t<meta name=\"twitter:label2\" content=\"Procijenjeno vrijeme \u010ditanja\" \/>\n\t<meta name=\"twitter:data2\" content=\"2 minute\" \/>\n<script type=\"application\/ld+json\" class=\"yoast-schema-graph\">{\"@context\":\"https:\\\/\\\/schema.org\",\"@graph\":[{\"@type\":\"Article\",\"@id\":\"https:\\\/\\\/radioljubuski.ba\\\/index.php\\\/2021\\\/04\\\/06\\\/loncar-poslodavci-u-fbih-ocekuju-rast-obima-poslovanja-u-ovoj-godini\\\/#article\",\"isPartOf\":{\"@id\":\"https:\\\/\\\/radioljubuski.ba\\\/index.php\\\/2021\\\/04\\\/06\\\/loncar-poslodavci-u-fbih-ocekuju-rast-obima-poslovanja-u-ovoj-godini\\\/\"},\"author\":{\"name\":\"Radio Ljubu\u0161ki\",\"@id\":\"https:\\\/\\\/radioljubuski.ba\\\/#\\\/schema\\\/person\\\/19fc700381a780f69665d7956c469e3b\"},\"headline\":\"Lon\u010dar: Poslodavci u FBiH o\u010dekuju rast obima poslovanja u ovoj godini\",\"datePublished\":\"2021-04-06T22:09:14+00:00\",\"mainEntityOfPage\":{\"@id\":\"https:\\\/\\\/radioljubuski.ba\\\/index.php\\\/2021\\\/04\\\/06\\\/loncar-poslodavci-u-fbih-ocekuju-rast-obima-poslovanja-u-ovoj-godini\\\/\"},\"wordCount\":442,\"publisher\":{\"@id\":\"https:\\\/\\\/radioljubuski.ba\\\/#organization\"},\"image\":{\"@id\":\"https:\\\/\\\/radioljubuski.ba\\\/index.php\\\/2021\\\/04\\\/06\\\/loncar-poslodavci-u-fbih-ocekuju-rast-obima-poslovanja-u-ovoj-godini\\\/#primaryimage\"},\"thumbnailUrl\":\"https:\\\/\\\/radioljubuski.ba\\\/wp-content\\\/uploads\\\/2021\\\/04\\\/helena_loncar.jpg\",\"articleSection\":[\"BIH i regija\"],\"inLanguage\":\"hr\"},{\"@type\":\"WebPage\",\"@id\":\"https:\\\/\\\/radioljubuski.ba\\\/index.php\\\/2021\\\/04\\\/06\\\/loncar-poslodavci-u-fbih-ocekuju-rast-obima-poslovanja-u-ovoj-godini\\\/\",\"url\":\"https:\\\/\\\/radioljubuski.ba\\\/index.php\\\/2021\\\/04\\\/06\\\/loncar-poslodavci-u-fbih-ocekuju-rast-obima-poslovanja-u-ovoj-godini\\\/\",\"name\":\"Lon\u010dar: Poslodavci u FBiH o\u010dekuju rast obima poslovanja u ovoj godini - RADIO LJUBU\u0160KI\",\"isPartOf\":{\"@id\":\"https:\\\/\\\/radioljubuski.ba\\\/#website\"},\"primaryImageOfPage\":{\"@id\":\"https:\\\/\\\/radioljubuski.ba\\\/index.php\\\/2021\\\/04\\\/06\\\/loncar-poslodavci-u-fbih-ocekuju-rast-obima-poslovanja-u-ovoj-godini\\\/#primaryimage\"},\"image\":{\"@id\":\"https:\\\/\\\/radioljubuski.ba\\\/index.php\\\/2021\\\/04\\\/06\\\/loncar-poslodavci-u-fbih-ocekuju-rast-obima-poslovanja-u-ovoj-godini\\\/#primaryimage\"},\"thumbnailUrl\":\"https:\\\/\\\/radioljubuski.ba\\\/wp-content\\\/uploads\\\/2021\\\/04\\\/helena_loncar.jpg\",\"datePublished\":\"2021-04-06T22:09:14+00:00\",\"breadcrumb\":{\"@id\":\"https:\\\/\\\/radioljubuski.ba\\\/index.php\\\/2021\\\/04\\\/06\\\/loncar-poslodavci-u-fbih-ocekuju-rast-obima-poslovanja-u-ovoj-godini\\\/#breadcrumb\"},\"inLanguage\":\"hr\",\"potentialAction\":[{\"@type\":\"ReadAction\",\"target\":[\"https:\\\/\\\/radioljubuski.ba\\\/index.php\\\/2021\\\/04\\\/06\\\/loncar-poslodavci-u-fbih-ocekuju-rast-obima-poslovanja-u-ovoj-godini\\\/\"]}]},{\"@type\":\"ImageObject\",\"inLanguage\":\"hr\",\"@id\":\"https:\\\/\\\/radioljubuski.ba\\\/index.php\\\/2021\\\/04\\\/06\\\/loncar-poslodavci-u-fbih-ocekuju-rast-obima-poslovanja-u-ovoj-godini\\\/#primaryimage\",\"url\":\"https:\\\/\\\/radioljubuski.ba\\\/wp-content\\\/uploads\\\/2021\\\/04\\\/helena_loncar.jpg\",\"contentUrl\":\"https:\\\/\\\/radioljubuski.ba\\\/wp-content\\\/uploads\\\/2021\\\/04\\\/helena_loncar.jpg\",\"width\":810,\"height\":537},{\"@type\":\"BreadcrumbList\",\"@id\":\"https:\\\/\\\/radioljubuski.ba\\\/index.php\\\/2021\\\/04\\\/06\\\/loncar-poslodavci-u-fbih-ocekuju-rast-obima-poslovanja-u-ovoj-godini\\\/#breadcrumb\",\"itemListElement\":[{\"@type\":\"ListItem\",\"position\":1,\"name\":\"Po\u010detna stranica\",\"item\":\"https:\\\/\\\/radioljubuski.ba\\\/\"},{\"@type\":\"ListItem\",\"position\":2,\"name\":\"Lon\u010dar: Poslodavci u FBiH o\u010dekuju rast obima poslovanja u ovoj godini\"}]},{\"@type\":\"WebSite\",\"@id\":\"https:\\\/\\\/radioljubuski.ba\\\/#website\",\"url\":\"https:\\\/\\\/radioljubuski.ba\\\/\",\"name\":\"Radio Ljubu\u0161ki\",\"description\":\"Sun\u010dana frekvencija Hercegovine\",\"publisher\":{\"@id\":\"https:\\\/\\\/radioljubuski.ba\\\/#organization\"},\"potentialAction\":[{\"@type\":\"SearchAction\",\"target\":{\"@type\":\"EntryPoint\",\"urlTemplate\":\"https:\\\/\\\/radioljubuski.ba\\\/?s={search_term_string}\"},\"query-input\":{\"@type\":\"PropertyValueSpecification\",\"valueRequired\":true,\"valueName\":\"search_term_string\"}}],\"inLanguage\":\"hr\"},{\"@type\":\"Organization\",\"@id\":\"https:\\\/\\\/radioljubuski.ba\\\/#organization\",\"name\":\"Radio Ljubu\u0161ki\",\"url\":\"https:\\\/\\\/radioljubuski.ba\\\/\",\"logo\":{\"@type\":\"ImageObject\",\"inLanguage\":\"hr\",\"@id\":\"https:\\\/\\\/radioljubuski.ba\\\/#\\\/schema\\\/logo\\\/image\\\/\",\"url\":\"https:\\\/\\\/radioljubuski.ba\\\/wp-content\\\/uploads\\\/2021\\\/02\\\/cropped-Radio_Ljubuski_logo1.jpg\",\"contentUrl\":\"https:\\\/\\\/radioljubuski.ba\\\/wp-content\\\/uploads\\\/2021\\\/02\\\/cropped-Radio_Ljubuski_logo1.jpg\",\"width\":512,\"height\":512,\"caption\":\"Radio Ljubu\u0161ki\"},\"image\":{\"@id\":\"https:\\\/\\\/radioljubuski.ba\\\/#\\\/schema\\\/logo\\\/image\\\/\"},\"sameAs\":[\"https:\\\/\\\/www.facebook.com\\\/Radiio-Ljubuski-1490835324566332\",\"https:\\\/\\\/x.com\\\/radioljubuski\",\"https:\\\/\\\/hr.linkedin.com\\\/company\\\/radio-ljubuski\",\"https:\\\/\\\/www.youtube.com\\\/channel\\\/UCHYaeO_n0Db3tjNGudGpXyw\"]},{\"@type\":\"Person\",\"@id\":\"https:\\\/\\\/radioljubuski.ba\\\/#\\\/schema\\\/person\\\/19fc700381a780f69665d7956c469e3b\",\"name\":\"Radio Ljubu\u0161ki\"}]}<\/script>\n<!-- \/ Yoast SEO plugin. -->","yoast_head_json":{"title":"Lon\u010dar: Poslodavci u FBiH o\u010dekuju rast obima poslovanja u ovoj godini - RADIO LJUBU\u0160KI","robots":{"index":"index","follow":"follow","max-snippet":"max-snippet:-1","max-image-preview":"max-image-preview:large","max-video-preview":"max-video-preview:-1"},"canonical":"https:\/\/radioljubuski.ba\/index.php\/2021\/04\/06\/loncar-poslodavci-u-fbih-ocekuju-rast-obima-poslovanja-u-ovoj-godini\/","og_locale":"hr_HR","og_type":"article","og_title":"Lon\u010dar: Poslodavci u FBiH o\u010dekuju rast obima poslovanja u ovoj godini - RADIO LJUBU\u0160KI","og_description":"\u201eVe\u0107ina poslodavaca procjenjuje da \u0107e u 2021. godini imati rast obima poslovanja, \u0161to ukazuje na njihov optimizam, o\u010dekivanje i nadanje da \u0107e, ipak, do\u0107i do pobolj\u0161anja poslovnog ambijenta\u201c, istakla je direktorica Federalnog zavoda za zapo\u0161ljavanje Helena Lon\u010dar, nakon dobivenih rezultata istra\u017eivanja tr\u017ei\u0161ta rada u FBiH koje je provedeno u sije\u010dnju ove godine, javlja Hrvatski Medijski [&hellip;]","og_url":"https:\/\/radioljubuski.ba\/index.php\/2021\/04\/06\/loncar-poslodavci-u-fbih-ocekuju-rast-obima-poslovanja-u-ovoj-godini\/","og_site_name":"RADIO LJUBU\u0160KI","article_publisher":"https:\/\/www.facebook.com\/Radiio-Ljubuski-1490835324566332","article_published_time":"2021-04-06T22:09:14+00:00","og_image":[{"width":810,"height":537,"url":"https:\/\/radioljubuski.ba\/wp-content\/uploads\/2021\/04\/helena_loncar.jpg","type":"image\/jpeg"}],"author":"Radio Ljubu\u0161ki","twitter_card":"summary_large_image","twitter_creator":"@radioljubuski","twitter_site":"@radioljubuski","twitter_misc":{"Napisao\/la":"Radio Ljubu\u0161ki","Procijenjeno vrijeme \u010ditanja":"2 minute"},"schema":{"@context":"https:\/\/schema.org","@graph":[{"@type":"Article","@id":"https:\/\/radioljubuski.ba\/index.php\/2021\/04\/06\/loncar-poslodavci-u-fbih-ocekuju-rast-obima-poslovanja-u-ovoj-godini\/#article","isPartOf":{"@id":"https:\/\/radioljubuski.ba\/index.php\/2021\/04\/06\/loncar-poslodavci-u-fbih-ocekuju-rast-obima-poslovanja-u-ovoj-godini\/"},"author":{"name":"Radio Ljubu\u0161ki","@id":"https:\/\/radioljubuski.ba\/#\/schema\/person\/19fc700381a780f69665d7956c469e3b"},"headline":"Lon\u010dar: Poslodavci u FBiH o\u010dekuju rast obima poslovanja u ovoj godini","datePublished":"2021-04-06T22:09:14+00:00","mainEntityOfPage":{"@id":"https:\/\/radioljubuski.ba\/index.php\/2021\/04\/06\/loncar-poslodavci-u-fbih-ocekuju-rast-obima-poslovanja-u-ovoj-godini\/"},"wordCount":442,"publisher":{"@id":"https:\/\/radioljubuski.ba\/#organization"},"image":{"@id":"https:\/\/radioljubuski.ba\/index.php\/2021\/04\/06\/loncar-poslodavci-u-fbih-ocekuju-rast-obima-poslovanja-u-ovoj-godini\/#primaryimage"},"thumbnailUrl":"https:\/\/radioljubuski.ba\/wp-content\/uploads\/2021\/04\/helena_loncar.jpg","articleSection":["BIH i regija"],"inLanguage":"hr"},{"@type":"WebPage","@id":"https:\/\/radioljubuski.ba\/index.php\/2021\/04\/06\/loncar-poslodavci-u-fbih-ocekuju-rast-obima-poslovanja-u-ovoj-godini\/","url":"https:\/\/radioljubuski.ba\/index.php\/2021\/04\/06\/loncar-poslodavci-u-fbih-ocekuju-rast-obima-poslovanja-u-ovoj-godini\/","name":"Lon\u010dar: Poslodavci u FBiH o\u010dekuju rast obima poslovanja u ovoj godini - RADIO LJUBU\u0160KI","isPartOf":{"@id":"https:\/\/radioljubuski.ba\/#website"},"primaryImageOfPage":{"@id":"https:\/\/radioljubuski.ba\/index.php\/2021\/04\/06\/loncar-poslodavci-u-fbih-ocekuju-rast-obima-poslovanja-u-ovoj-godini\/#primaryimage"},"image":{"@id":"https:\/\/radioljubuski.ba\/index.php\/2021\/04\/06\/loncar-poslodavci-u-fbih-ocekuju-rast-obima-poslovanja-u-ovoj-godini\/#primaryimage"},"thumbnailUrl":"https:\/\/radioljubuski.ba\/wp-content\/uploads\/2021\/04\/helena_loncar.jpg","datePublished":"2021-04-06T22:09:14+00:00","breadcrumb":{"@id":"https:\/\/radioljubuski.ba\/index.php\/2021\/04\/06\/loncar-poslodavci-u-fbih-ocekuju-rast-obima-poslovanja-u-ovoj-godini\/#breadcrumb"},"inLanguage":"hr","potentialAction":[{"@type":"ReadAction","target":["https:\/\/radioljubuski.ba\/index.php\/2021\/04\/06\/loncar-poslodavci-u-fbih-ocekuju-rast-obima-poslovanja-u-ovoj-godini\/"]}]},{"@type":"ImageObject","inLanguage":"hr","@id":"https:\/\/radioljubuski.ba\/index.php\/2021\/04\/06\/loncar-poslodavci-u-fbih-ocekuju-rast-obima-poslovanja-u-ovoj-godini\/#primaryimage","url":"https:\/\/radioljubuski.ba\/wp-content\/uploads\/2021\/04\/helena_loncar.jpg","contentUrl":"https:\/\/radioljubuski.ba\/wp-content\/uploads\/2021\/04\/helena_loncar.jpg","width":810,"height":537},{"@type":"BreadcrumbList","@id":"https:\/\/radioljubuski.ba\/index.php\/2021\/04\/06\/loncar-poslodavci-u-fbih-ocekuju-rast-obima-poslovanja-u-ovoj-godini\/#breadcrumb","itemListElement":[{"@type":"ListItem","position":1,"name":"Po\u010detna stranica","item":"https:\/\/radioljubuski.ba\/"},{"@type":"ListItem","position":2,"name":"Lon\u010dar: Poslodavci u FBiH o\u010dekuju rast obima poslovanja u ovoj godini"}]},{"@type":"WebSite","@id":"https:\/\/radioljubuski.ba\/#website","url":"https:\/\/radioljubuski.ba\/","name":"Radio Ljubu\u0161ki","description":"Sun\u010dana frekvencija Hercegovine","publisher":{"@id":"https:\/\/radioljubuski.ba\/#organization"},"potentialAction":[{"@type":"SearchAction","target":{"@type":"EntryPoint","urlTemplate":"https:\/\/radioljubuski.ba\/?s={search_term_string}"},"query-input":{"@type":"PropertyValueSpecification","valueRequired":true,"valueName":"search_term_string"}}],"inLanguage":"hr"},{"@type":"Organization","@id":"https:\/\/radioljubuski.ba\/#organization","name":"Radio Ljubu\u0161ki","url":"https:\/\/radioljubuski.ba\/","logo":{"@type":"ImageObject","inLanguage":"hr","@id":"https:\/\/radioljubuski.ba\/#\/schema\/logo\/image\/","url":"https:\/\/radioljubuski.ba\/wp-content\/uploads\/2021\/02\/cropped-Radio_Ljubuski_logo1.jpg","contentUrl":"https:\/\/radioljubuski.ba\/wp-content\/uploads\/2021\/02\/cropped-Radio_Ljubuski_logo1.jpg","width":512,"height":512,"caption":"Radio Ljubu\u0161ki"},"image":{"@id":"https:\/\/radioljubuski.ba\/#\/schema\/logo\/image\/"},"sameAs":["https:\/\/www.facebook.com\/Radiio-Ljubuski-1490835324566332","https:\/\/x.com\/radioljubuski","https:\/\/hr.linkedin.com\/company\/radio-ljubuski","https:\/\/www.youtube.com\/channel\/UCHYaeO_n0Db3tjNGudGpXyw"]},{"@type":"Person","@id":"https:\/\/radioljubuski.ba\/#\/schema\/person\/19fc700381a780f69665d7956c469e3b","name":"Radio Ljubu\u0161ki"}]}},"_links":{"self":[{"href":"https:\/\/radioljubuski.ba\/index.php\/wp-json\/wp\/v2\/posts\/10286","targetHints":{"allow":["GET"]}}],"collection":[{"href":"https:\/\/radioljubuski.ba\/index.php\/wp-json\/wp\/v2\/posts"}],"about":[{"href":"https:\/\/radioljubuski.ba\/index.php\/wp-json\/wp\/v2\/types\/post"}],"author":[{"embeddable":true,"href":"https:\/\/radioljubuski.ba\/index.php\/wp-json\/wp\/v2\/users\/2"}],"replies":[{"embeddable":true,"href":"https:\/\/radioljubuski.ba\/index.php\/wp-json\/wp\/v2\/comments?post=10286"}],"version-history":[{"count":1,"href":"https:\/\/radioljubuski.ba\/index.php\/wp-json\/wp\/v2\/posts\/10286\/revisions"}],"predecessor-version":[{"id":10288,"href":"https:\/\/radioljubuski.ba\/index.php\/wp-json\/wp\/v2\/posts\/10286\/revisions\/10288"}],"wp:featuredmedia":[{"embeddable":true,"href":"https:\/\/radioljubuski.ba\/index.php\/wp-json\/wp\/v2\/media\/10287"}],"wp:attachment":[{"href":"https:\/\/radioljubuski.ba\/index.php\/wp-json\/wp\/v2\/media?parent=10286"}],"wp:term":[{"taxonomy":"category","embeddable":true,"href":"https:\/\/radioljubuski.ba\/index.php\/wp-json\/wp\/v2\/categories?post=10286"},{"taxonomy":"post_tag","embeddable":true,"href":"https:\/\/radioljubuski.ba\/index.php\/wp-json\/wp\/v2\/tags?post=10286"}],"curies":[{"name":"wp","href":"https:\/\/api.w.org\/{rel}","templated":true}]}}