{"id":103293,"date":"2021-12-27T13:41:50","date_gmt":"2021-12-27T12:41:50","guid":{"rendered":"https:\/\/radioljubuski.ba\/?p=103293"},"modified":"2021-12-27T13:41:51","modified_gmt":"2021-12-27T12:41:51","slug":"u-new-yorku-cetverostruko-povecan-broj-hospitalizirane-djece-s-covid-om","status":"publish","type":"post","link":"https:\/\/radioljubuski.ba\/index.php\/2021\/12\/27\/u-new-yorku-cetverostruko-povecan-broj-hospitalizirane-djece-s-covid-om\/","title":{"rendered":"U New Yorku \u010detverostruko pove\u0107an broj hospitalizirane djece s Covid-om"},"content":{"rendered":"\n<p>S obzirom da je broj slu\u010dajeva soja omicron u porastu, zdravstveni du\u017enosnici u saveznoj dr\u017eavi New York u SAD-u izvijestili su o pove\u0107anju hospitalizirane djece, a Bijela ku\u0107a je obe\u0107ala u nedjelju da \u0107e brzo rije\u0161iti nedostatak testova na Covid-19 u Sjedinjenim Dr\u017eavama.<\/p>\n\n\n\n<p>Ministarstvo zdravlja dr\u017eave New York upozorilo je ,,na rastu\u0107i trend pedijatrijskih hospitalizacija povezanih s Covid-om &#8211; navodi se u priop\u0107enju, javlja ABC News.&nbsp;<\/p>\n\n\n\n<p>U New Yorku je ,,identificirao \u010detverostruko pove\u0107anje broja bolni\u010dkih prijema za djecu mla\u0111u od 18 godina, za vrijeme od 5. prosinca do ovog posljednjeg tjedna u mjesecu &#8211; navodi se.<\/p>\n\n\n\n<p>Otprilike polovica primljenih je mla\u0111a od pet godina, starosna grupa koja ne ispunjava uvjete za cijepljenje, dodali su iz ministarstva.<\/p>\n\n\n\n<p>Broj slu\u010dajeva Covida u Sjedinjenim Dr\u017eavama je u porastu, s prosje\u010dno skoro 190.000 novih infekcija dnevno u zadnjih sedam dana, prema podacima sa Univerziteta Johns Hopkins.<\/p>\n\n\n\n<p>Dolazak nove omicron varijante, uz proslave praznika koje obi\u010dno uklju\u010duju putovanja i obiteljska okupljanja, izazvao je rast potra\u017enje za testovima u Sjedinjenim Dr\u017eavama, gdje ih je te\u0161ko nabaviti na mnogim lokacijama.<\/p>\n\n\n\n<p>Glavni ameri\u010dki savjetnik za pandemiju Anthony Fauci u nedjelju je priznao ,,problem sa nedostatkom testova za Covid i obe\u0107ao da \u0107e ve\u0107i broj setova za testiranje biti dostupno Amerikancima od sljede\u0107eg mjeseca.<\/p>\n\n\n\n<p>&#8211; Jedan od problema je taj \u0161to to ne\u0107e biti potpuno dostupno svima dok ne do\u0111emo do sije\u010dnja i jo\u0161 uvijek postoje dijelovi u dr\u017eavi gdje ljudi imaju problema s testiranjem &#8211; rekao je Fauci za ABC News.<\/p>\n\n\n\n<p>Predsjednik Joe Biden najavio je niz novih mjera dok se Sjedinjene Dr\u017eave bore protiv najnovijeg porasta infekcija uklju\u010duju\u0107i isporuku pola milijarde besplatnih ku\u0107nih testova nakon nesta\u0161ice tijekom Bo\u017ei\u0107a.<\/p>\n\n\n\n<p>Me\u0111utim, Bijela ku\u0107a, \u010dija je strategija ve\u0107 tjednima uglavnom bila koncetrirana na cijepljenje, suo\u010dila se sa sna\u017enim kritikama zbog \u010dinjenice da mnogi testovi ne\u0107e biti dostupni sve do po\u010detka sije\u010dnja.<\/p>\n\n\n\n<p>Izvor:pogled.ba<\/p>\n","protected":false},"excerpt":{"rendered":"<p>S obzirom da je broj slu\u010dajeva soja omicron u porastu, zdravstveni du\u017enosnici u saveznoj dr\u017eavi New York u SAD-u izvijestili su o pove\u0107anju hospitalizirane djece, a Bijela ku\u0107a je obe\u0107ala u nedjelju da \u0107e brzo rije\u0161iti nedostatak testova na Covid-19 u Sjedinjenim Dr\u017eavama. Ministarstvo zdravlja dr\u017eave New York upozorilo je ,,na rastu\u0107i trend pedijatrijskih hospitalizacija [&hellip;]<\/p>\n","protected":false},"author":2,"featured_media":103294,"comment_status":"closed","ping_status":"closed","sticky":false,"template":"","format":"standard","meta":{"h5ap_radio_sources":[],"footnotes":""},"categories":[1],"tags":[],"class_list":["post-103293","post","type-post","status-publish","format-standard","has-post-thumbnail","hentry","category-bihiregija"],"yoast_head":"<!-- This site is optimized with the Yoast SEO plugin v27.5 - https:\/\/yoast.com\/product\/yoast-seo-wordpress\/ -->\n<title>U New Yorku \u010detverostruko pove\u0107an broj hospitalizirane djece s Covid-om - RADIO LJUBU\u0160KI<\/title>\n<meta name=\"robots\" content=\"index, follow, max-snippet:-1, max-image-preview:large, max-video-preview:-1\" \/>\n<link rel=\"canonical\" href=\"https:\/\/radioljubuski.ba\/index.php\/2021\/12\/27\/u-new-yorku-cetverostruko-povecan-broj-hospitalizirane-djece-s-covid-om\/\" \/>\n<meta property=\"og:locale\" content=\"hr_HR\" \/>\n<meta property=\"og:type\" content=\"article\" \/>\n<meta property=\"og:title\" content=\"U New Yorku \u010detverostruko pove\u0107an broj hospitalizirane djece s Covid-om - RADIO LJUBU\u0160KI\" \/>\n<meta property=\"og:description\" content=\"S obzirom da je broj slu\u010dajeva soja omicron u porastu, zdravstveni du\u017enosnici u saveznoj dr\u017eavi New York u SAD-u izvijestili su o pove\u0107anju hospitalizirane djece, a Bijela ku\u0107a je obe\u0107ala u nedjelju da \u0107e brzo rije\u0161iti nedostatak testova na Covid-19 u Sjedinjenim Dr\u017eavama. Ministarstvo zdravlja dr\u017eave New York upozorilo je ,,na rastu\u0107i trend pedijatrijskih hospitalizacija [&hellip;]\" \/>\n<meta property=\"og:url\" content=\"https:\/\/radioljubuski.ba\/index.php\/2021\/12\/27\/u-new-yorku-cetverostruko-povecan-broj-hospitalizirane-djece-s-covid-om\/\" \/>\n<meta property=\"og:site_name\" content=\"RADIO LJUBU\u0160KI\" \/>\n<meta property=\"article:publisher\" content=\"https:\/\/www.facebook.com\/Radiio-Ljubuski-1490835324566332\" \/>\n<meta property=\"article:published_time\" content=\"2021-12-27T12:41:50+00:00\" \/>\n<meta property=\"article:modified_time\" content=\"2021-12-27T12:41:51+00:00\" \/>\n<meta property=\"og:image\" content=\"https:\/\/radioljubuski.ba\/wp-content\/uploads\/2021\/12\/2-2021-12-27-09-21-58-new-york.jpg\" \/>\n\t<meta property=\"og:image:width\" content=\"1000\" \/>\n\t<meta property=\"og:image:height\" content=\"625\" \/>\n\t<meta property=\"og:image:type\" content=\"image\/jpeg\" \/>\n<meta name=\"author\" content=\"Radio Ljubu\u0161ki\" \/>\n<meta name=\"twitter:card\" content=\"summary_large_image\" \/>\n<meta name=\"twitter:creator\" content=\"@radioljubuski\" \/>\n<meta name=\"twitter:site\" content=\"@radioljubuski\" \/>\n<meta name=\"twitter:label1\" content=\"Napisao\/la\" \/>\n\t<meta name=\"twitter:data1\" content=\"Radio Ljubu\u0161ki\" \/>\n\t<meta name=\"twitter:label2\" content=\"Procijenjeno vrijeme \u010ditanja\" \/>\n\t<meta name=\"twitter:data2\" content=\"2 minute\" \/>\n<script type=\"application\/ld+json\" class=\"yoast-schema-graph\">{\"@context\":\"https:\\\/\\\/schema.org\",\"@graph\":[{\"@type\":\"Article\",\"@id\":\"https:\\\/\\\/radioljubuski.ba\\\/index.php\\\/2021\\\/12\\\/27\\\/u-new-yorku-cetverostruko-povecan-broj-hospitalizirane-djece-s-covid-om\\\/#article\",\"isPartOf\":{\"@id\":\"https:\\\/\\\/radioljubuski.ba\\\/index.php\\\/2021\\\/12\\\/27\\\/u-new-yorku-cetverostruko-povecan-broj-hospitalizirane-djece-s-covid-om\\\/\"},\"author\":{\"name\":\"Radio Ljubu\u0161ki\",\"@id\":\"https:\\\/\\\/radioljubuski.ba\\\/#\\\/schema\\\/person\\\/19fc700381a780f69665d7956c469e3b\"},\"headline\":\"U New Yorku \u010detverostruko pove\u0107an broj hospitalizirane djece s Covid-om\",\"datePublished\":\"2021-12-27T12:41:50+00:00\",\"dateModified\":\"2021-12-27T12:41:51+00:00\",\"mainEntityOfPage\":{\"@id\":\"https:\\\/\\\/radioljubuski.ba\\\/index.php\\\/2021\\\/12\\\/27\\\/u-new-yorku-cetverostruko-povecan-broj-hospitalizirane-djece-s-covid-om\\\/\"},\"wordCount\":358,\"publisher\":{\"@id\":\"https:\\\/\\\/radioljubuski.ba\\\/#organization\"},\"image\":{\"@id\":\"https:\\\/\\\/radioljubuski.ba\\\/index.php\\\/2021\\\/12\\\/27\\\/u-new-yorku-cetverostruko-povecan-broj-hospitalizirane-djece-s-covid-om\\\/#primaryimage\"},\"thumbnailUrl\":\"https:\\\/\\\/radioljubuski.ba\\\/wp-content\\\/uploads\\\/2021\\\/12\\\/2-2021-12-27-09-21-58-new-york.jpg\",\"articleSection\":[\"BIH i regija\"],\"inLanguage\":\"hr\"},{\"@type\":\"WebPage\",\"@id\":\"https:\\\/\\\/radioljubuski.ba\\\/index.php\\\/2021\\\/12\\\/27\\\/u-new-yorku-cetverostruko-povecan-broj-hospitalizirane-djece-s-covid-om\\\/\",\"url\":\"https:\\\/\\\/radioljubuski.ba\\\/index.php\\\/2021\\\/12\\\/27\\\/u-new-yorku-cetverostruko-povecan-broj-hospitalizirane-djece-s-covid-om\\\/\",\"name\":\"U New Yorku \u010detverostruko pove\u0107an broj hospitalizirane djece s Covid-om - RADIO LJUBU\u0160KI\",\"isPartOf\":{\"@id\":\"https:\\\/\\\/radioljubuski.ba\\\/#website\"},\"primaryImageOfPage\":{\"@id\":\"https:\\\/\\\/radioljubuski.ba\\\/index.php\\\/2021\\\/12\\\/27\\\/u-new-yorku-cetverostruko-povecan-broj-hospitalizirane-djece-s-covid-om\\\/#primaryimage\"},\"image\":{\"@id\":\"https:\\\/\\\/radioljubuski.ba\\\/index.php\\\/2021\\\/12\\\/27\\\/u-new-yorku-cetverostruko-povecan-broj-hospitalizirane-djece-s-covid-om\\\/#primaryimage\"},\"thumbnailUrl\":\"https:\\\/\\\/radioljubuski.ba\\\/wp-content\\\/uploads\\\/2021\\\/12\\\/2-2021-12-27-09-21-58-new-york.jpg\",\"datePublished\":\"2021-12-27T12:41:50+00:00\",\"dateModified\":\"2021-12-27T12:41:51+00:00\",\"breadcrumb\":{\"@id\":\"https:\\\/\\\/radioljubuski.ba\\\/index.php\\\/2021\\\/12\\\/27\\\/u-new-yorku-cetverostruko-povecan-broj-hospitalizirane-djece-s-covid-om\\\/#breadcrumb\"},\"inLanguage\":\"hr\",\"potentialAction\":[{\"@type\":\"ReadAction\",\"target\":[\"https:\\\/\\\/radioljubuski.ba\\\/index.php\\\/2021\\\/12\\\/27\\\/u-new-yorku-cetverostruko-povecan-broj-hospitalizirane-djece-s-covid-om\\\/\"]}]},{\"@type\":\"ImageObject\",\"inLanguage\":\"hr\",\"@id\":\"https:\\\/\\\/radioljubuski.ba\\\/index.php\\\/2021\\\/12\\\/27\\\/u-new-yorku-cetverostruko-povecan-broj-hospitalizirane-djece-s-covid-om\\\/#primaryimage\",\"url\":\"https:\\\/\\\/radioljubuski.ba\\\/wp-content\\\/uploads\\\/2021\\\/12\\\/2-2021-12-27-09-21-58-new-york.jpg\",\"contentUrl\":\"https:\\\/\\\/radioljubuski.ba\\\/wp-content\\\/uploads\\\/2021\\\/12\\\/2-2021-12-27-09-21-58-new-york.jpg\",\"width\":1000,\"height\":625},{\"@type\":\"BreadcrumbList\",\"@id\":\"https:\\\/\\\/radioljubuski.ba\\\/index.php\\\/2021\\\/12\\\/27\\\/u-new-yorku-cetverostruko-povecan-broj-hospitalizirane-djece-s-covid-om\\\/#breadcrumb\",\"itemListElement\":[{\"@type\":\"ListItem\",\"position\":1,\"name\":\"Po\u010detna stranica\",\"item\":\"https:\\\/\\\/radioljubuski.ba\\\/\"},{\"@type\":\"ListItem\",\"position\":2,\"name\":\"U New Yorku \u010detverostruko pove\u0107an broj hospitalizirane djece s Covid-om\"}]},{\"@type\":\"WebSite\",\"@id\":\"https:\\\/\\\/radioljubuski.ba\\\/#website\",\"url\":\"https:\\\/\\\/radioljubuski.ba\\\/\",\"name\":\"Radio Ljubu\u0161ki\",\"description\":\"Sun\u010dana frekvencija Hercegovine\",\"publisher\":{\"@id\":\"https:\\\/\\\/radioljubuski.ba\\\/#organization\"},\"potentialAction\":[{\"@type\":\"SearchAction\",\"target\":{\"@type\":\"EntryPoint\",\"urlTemplate\":\"https:\\\/\\\/radioljubuski.ba\\\/?s={search_term_string}\"},\"query-input\":{\"@type\":\"PropertyValueSpecification\",\"valueRequired\":true,\"valueName\":\"search_term_string\"}}],\"inLanguage\":\"hr\"},{\"@type\":\"Organization\",\"@id\":\"https:\\\/\\\/radioljubuski.ba\\\/#organization\",\"name\":\"Radio Ljubu\u0161ki\",\"url\":\"https:\\\/\\\/radioljubuski.ba\\\/\",\"logo\":{\"@type\":\"ImageObject\",\"inLanguage\":\"hr\",\"@id\":\"https:\\\/\\\/radioljubuski.ba\\\/#\\\/schema\\\/logo\\\/image\\\/\",\"url\":\"https:\\\/\\\/radioljubuski.ba\\\/wp-content\\\/uploads\\\/2021\\\/02\\\/cropped-Radio_Ljubuski_logo1.jpg\",\"contentUrl\":\"https:\\\/\\\/radioljubuski.ba\\\/wp-content\\\/uploads\\\/2021\\\/02\\\/cropped-Radio_Ljubuski_logo1.jpg\",\"width\":512,\"height\":512,\"caption\":\"Radio Ljubu\u0161ki\"},\"image\":{\"@id\":\"https:\\\/\\\/radioljubuski.ba\\\/#\\\/schema\\\/logo\\\/image\\\/\"},\"sameAs\":[\"https:\\\/\\\/www.facebook.com\\\/Radiio-Ljubuski-1490835324566332\",\"https:\\\/\\\/x.com\\\/radioljubuski\",\"https:\\\/\\\/hr.linkedin.com\\\/company\\\/radio-ljubuski\",\"https:\\\/\\\/www.youtube.com\\\/channel\\\/UCHYaeO_n0Db3tjNGudGpXyw\"]},{\"@type\":\"Person\",\"@id\":\"https:\\\/\\\/radioljubuski.ba\\\/#\\\/schema\\\/person\\\/19fc700381a780f69665d7956c469e3b\",\"name\":\"Radio Ljubu\u0161ki\"}]}<\/script>\n<!-- \/ Yoast SEO plugin. -->","yoast_head_json":{"title":"U New Yorku \u010detverostruko pove\u0107an broj hospitalizirane djece s Covid-om - RADIO LJUBU\u0160KI","robots":{"index":"index","follow":"follow","max-snippet":"max-snippet:-1","max-image-preview":"max-image-preview:large","max-video-preview":"max-video-preview:-1"},"canonical":"https:\/\/radioljubuski.ba\/index.php\/2021\/12\/27\/u-new-yorku-cetverostruko-povecan-broj-hospitalizirane-djece-s-covid-om\/","og_locale":"hr_HR","og_type":"article","og_title":"U New Yorku \u010detverostruko pove\u0107an broj hospitalizirane djece s Covid-om - RADIO LJUBU\u0160KI","og_description":"S obzirom da je broj slu\u010dajeva soja omicron u porastu, zdravstveni du\u017enosnici u saveznoj dr\u017eavi New York u SAD-u izvijestili su o pove\u0107anju hospitalizirane djece, a Bijela ku\u0107a je obe\u0107ala u nedjelju da \u0107e brzo rije\u0161iti nedostatak testova na Covid-19 u Sjedinjenim Dr\u017eavama. Ministarstvo zdravlja dr\u017eave New York upozorilo je ,,na rastu\u0107i trend pedijatrijskih hospitalizacija [&hellip;]","og_url":"https:\/\/radioljubuski.ba\/index.php\/2021\/12\/27\/u-new-yorku-cetverostruko-povecan-broj-hospitalizirane-djece-s-covid-om\/","og_site_name":"RADIO LJUBU\u0160KI","article_publisher":"https:\/\/www.facebook.com\/Radiio-Ljubuski-1490835324566332","article_published_time":"2021-12-27T12:41:50+00:00","article_modified_time":"2021-12-27T12:41:51+00:00","og_image":[{"width":1000,"height":625,"url":"https:\/\/radioljubuski.ba\/wp-content\/uploads\/2021\/12\/2-2021-12-27-09-21-58-new-york.jpg","type":"image\/jpeg"}],"author":"Radio Ljubu\u0161ki","twitter_card":"summary_large_image","twitter_creator":"@radioljubuski","twitter_site":"@radioljubuski","twitter_misc":{"Napisao\/la":"Radio Ljubu\u0161ki","Procijenjeno vrijeme \u010ditanja":"2 minute"},"schema":{"@context":"https:\/\/schema.org","@graph":[{"@type":"Article","@id":"https:\/\/radioljubuski.ba\/index.php\/2021\/12\/27\/u-new-yorku-cetverostruko-povecan-broj-hospitalizirane-djece-s-covid-om\/#article","isPartOf":{"@id":"https:\/\/radioljubuski.ba\/index.php\/2021\/12\/27\/u-new-yorku-cetverostruko-povecan-broj-hospitalizirane-djece-s-covid-om\/"},"author":{"name":"Radio Ljubu\u0161ki","@id":"https:\/\/radioljubuski.ba\/#\/schema\/person\/19fc700381a780f69665d7956c469e3b"},"headline":"U New Yorku \u010detverostruko pove\u0107an broj hospitalizirane djece s Covid-om","datePublished":"2021-12-27T12:41:50+00:00","dateModified":"2021-12-27T12:41:51+00:00","mainEntityOfPage":{"@id":"https:\/\/radioljubuski.ba\/index.php\/2021\/12\/27\/u-new-yorku-cetverostruko-povecan-broj-hospitalizirane-djece-s-covid-om\/"},"wordCount":358,"publisher":{"@id":"https:\/\/radioljubuski.ba\/#organization"},"image":{"@id":"https:\/\/radioljubuski.ba\/index.php\/2021\/12\/27\/u-new-yorku-cetverostruko-povecan-broj-hospitalizirane-djece-s-covid-om\/#primaryimage"},"thumbnailUrl":"https:\/\/radioljubuski.ba\/wp-content\/uploads\/2021\/12\/2-2021-12-27-09-21-58-new-york.jpg","articleSection":["BIH i regija"],"inLanguage":"hr"},{"@type":"WebPage","@id":"https:\/\/radioljubuski.ba\/index.php\/2021\/12\/27\/u-new-yorku-cetverostruko-povecan-broj-hospitalizirane-djece-s-covid-om\/","url":"https:\/\/radioljubuski.ba\/index.php\/2021\/12\/27\/u-new-yorku-cetverostruko-povecan-broj-hospitalizirane-djece-s-covid-om\/","name":"U New Yorku \u010detverostruko pove\u0107an broj hospitalizirane djece s Covid-om - RADIO LJUBU\u0160KI","isPartOf":{"@id":"https:\/\/radioljubuski.ba\/#website"},"primaryImageOfPage":{"@id":"https:\/\/radioljubuski.ba\/index.php\/2021\/12\/27\/u-new-yorku-cetverostruko-povecan-broj-hospitalizirane-djece-s-covid-om\/#primaryimage"},"image":{"@id":"https:\/\/radioljubuski.ba\/index.php\/2021\/12\/27\/u-new-yorku-cetverostruko-povecan-broj-hospitalizirane-djece-s-covid-om\/#primaryimage"},"thumbnailUrl":"https:\/\/radioljubuski.ba\/wp-content\/uploads\/2021\/12\/2-2021-12-27-09-21-58-new-york.jpg","datePublished":"2021-12-27T12:41:50+00:00","dateModified":"2021-12-27T12:41:51+00:00","breadcrumb":{"@id":"https:\/\/radioljubuski.ba\/index.php\/2021\/12\/27\/u-new-yorku-cetverostruko-povecan-broj-hospitalizirane-djece-s-covid-om\/#breadcrumb"},"inLanguage":"hr","potentialAction":[{"@type":"ReadAction","target":["https:\/\/radioljubuski.ba\/index.php\/2021\/12\/27\/u-new-yorku-cetverostruko-povecan-broj-hospitalizirane-djece-s-covid-om\/"]}]},{"@type":"ImageObject","inLanguage":"hr","@id":"https:\/\/radioljubuski.ba\/index.php\/2021\/12\/27\/u-new-yorku-cetverostruko-povecan-broj-hospitalizirane-djece-s-covid-om\/#primaryimage","url":"https:\/\/radioljubuski.ba\/wp-content\/uploads\/2021\/12\/2-2021-12-27-09-21-58-new-york.jpg","contentUrl":"https:\/\/radioljubuski.ba\/wp-content\/uploads\/2021\/12\/2-2021-12-27-09-21-58-new-york.jpg","width":1000,"height":625},{"@type":"BreadcrumbList","@id":"https:\/\/radioljubuski.ba\/index.php\/2021\/12\/27\/u-new-yorku-cetverostruko-povecan-broj-hospitalizirane-djece-s-covid-om\/#breadcrumb","itemListElement":[{"@type":"ListItem","position":1,"name":"Po\u010detna stranica","item":"https:\/\/radioljubuski.ba\/"},{"@type":"ListItem","position":2,"name":"U New Yorku \u010detverostruko pove\u0107an broj hospitalizirane djece s Covid-om"}]},{"@type":"WebSite","@id":"https:\/\/radioljubuski.ba\/#website","url":"https:\/\/radioljubuski.ba\/","name":"Radio Ljubu\u0161ki","description":"Sun\u010dana frekvencija Hercegovine","publisher":{"@id":"https:\/\/radioljubuski.ba\/#organization"},"potentialAction":[{"@type":"SearchAction","target":{"@type":"EntryPoint","urlTemplate":"https:\/\/radioljubuski.ba\/?s={search_term_string}"},"query-input":{"@type":"PropertyValueSpecification","valueRequired":true,"valueName":"search_term_string"}}],"inLanguage":"hr"},{"@type":"Organization","@id":"https:\/\/radioljubuski.ba\/#organization","name":"Radio Ljubu\u0161ki","url":"https:\/\/radioljubuski.ba\/","logo":{"@type":"ImageObject","inLanguage":"hr","@id":"https:\/\/radioljubuski.ba\/#\/schema\/logo\/image\/","url":"https:\/\/radioljubuski.ba\/wp-content\/uploads\/2021\/02\/cropped-Radio_Ljubuski_logo1.jpg","contentUrl":"https:\/\/radioljubuski.ba\/wp-content\/uploads\/2021\/02\/cropped-Radio_Ljubuski_logo1.jpg","width":512,"height":512,"caption":"Radio Ljubu\u0161ki"},"image":{"@id":"https:\/\/radioljubuski.ba\/#\/schema\/logo\/image\/"},"sameAs":["https:\/\/www.facebook.com\/Radiio-Ljubuski-1490835324566332","https:\/\/x.com\/radioljubuski","https:\/\/hr.linkedin.com\/company\/radio-ljubuski","https:\/\/www.youtube.com\/channel\/UCHYaeO_n0Db3tjNGudGpXyw"]},{"@type":"Person","@id":"https:\/\/radioljubuski.ba\/#\/schema\/person\/19fc700381a780f69665d7956c469e3b","name":"Radio Ljubu\u0161ki"}]}},"_links":{"self":[{"href":"https:\/\/radioljubuski.ba\/index.php\/wp-json\/wp\/v2\/posts\/103293","targetHints":{"allow":["GET"]}}],"collection":[{"href":"https:\/\/radioljubuski.ba\/index.php\/wp-json\/wp\/v2\/posts"}],"about":[{"href":"https:\/\/radioljubuski.ba\/index.php\/wp-json\/wp\/v2\/types\/post"}],"author":[{"embeddable":true,"href":"https:\/\/radioljubuski.ba\/index.php\/wp-json\/wp\/v2\/users\/2"}],"replies":[{"embeddable":true,"href":"https:\/\/radioljubuski.ba\/index.php\/wp-json\/wp\/v2\/comments?post=103293"}],"version-history":[{"count":1,"href":"https:\/\/radioljubuski.ba\/index.php\/wp-json\/wp\/v2\/posts\/103293\/revisions"}],"predecessor-version":[{"id":103295,"href":"https:\/\/radioljubuski.ba\/index.php\/wp-json\/wp\/v2\/posts\/103293\/revisions\/103295"}],"wp:featuredmedia":[{"embeddable":true,"href":"https:\/\/radioljubuski.ba\/index.php\/wp-json\/wp\/v2\/media\/103294"}],"wp:attachment":[{"href":"https:\/\/radioljubuski.ba\/index.php\/wp-json\/wp\/v2\/media?parent=103293"}],"wp:term":[{"taxonomy":"category","embeddable":true,"href":"https:\/\/radioljubuski.ba\/index.php\/wp-json\/wp\/v2\/categories?post=103293"},{"taxonomy":"post_tag","embeddable":true,"href":"https:\/\/radioljubuski.ba\/index.php\/wp-json\/wp\/v2\/tags?post=103293"}],"curies":[{"name":"wp","href":"https:\/\/api.w.org\/{rel}","templated":true}]}}