{"id":10331,"date":"2021-04-06T23:40:59","date_gmt":"2021-04-06T22:40:59","guid":{"rendered":"https:\/\/radioljubuski.ba\/?p=10331"},"modified":"2021-04-06T23:41:00","modified_gmt":"2021-04-06T22:41:00","slug":"appleova-virtualna-asistentica-siri-vise-nece-automatski-imati-zenski-glas","status":"publish","type":"post","link":"https:\/\/radioljubuski.ba\/index.php\/2021\/04\/06\/appleova-virtualna-asistentica-siri-vise-nece-automatski-imati-zenski-glas\/","title":{"rendered":"Appleova virtualna asistentica Siri vi\u0161e ne\u0107e automatski imati \u017eenski glas"},"content":{"rendered":"\n<p>Appleova virtualna asistentica Siri, ovjekovje\u010dena u mnogim filmovima i televizijskim serijama, ne\u0107e vi\u0161e automatski imati \u017eenski glas, objavila je ta tvrtka, a prenosi CNN.<\/p>\n\n\n\n<p>Korisnicima mobilnih ure\u0111aja bit \u0107e ponu\u0111en izbor razli\u010ditih glasova kada odabiru postavke za virtualnog pomo\u0107nika.<\/p>\n\n\n\n<p>Apple sada nudi izbor izme\u0111u mu\u0161kog i \u017eenskog glasa, kao i \u0161est razli\u010ditih naglasaka, me\u0111u kojima su i ameri\u010dki, britanski, indijski i irski, ali je na ameri\u010dkom tr\u017ei\u0161tu osnovna postavka \u017eenski glas.<\/p>\n\n\n\n<p>Apple je najavio i da \u0107e dodati dva nova glasa u program za Siri.<\/p>\n\n\n\n<p>&#8220;Uzbu\u0111eni smo \u0161to \u0107emo dodati dva nova glasa za Siri, za govornike engleskog jezika, i opciju za korisnike Siri da odaberu glas koji \u017eele kad ure\u0111uju postavke na ure\u0111aju&#8221;, napisao je Apple u priop\u0107enju.<\/p>\n\n\n\n<p>&#8220;To je nastavak dugotrajnog opredjeljenja Applea za razli\u010ditost i uklju\u010divost, i za proizvode i usluge koje su osmi\u0161ljenje da bolje odra\u017eavaju raznolikost svijeta u kojemu \u017eivimo&#8221;.<\/p>\n\n\n\n<p>Rodni stereotipi u virtualnim pomo\u0107nicima poput Siri, Amazonova Alexa i &nbsp;Googleova asistenta dugo su razlog za prigovore.<\/p>\n\n\n\n<p>Godine 2019. u izvje\u0161\u0107u Ujedinjenih naroda upozorava se da glasovni virtualni pomo\u0107nici podr\u017eavaju stavove da je \u017eena podlo\u017ena, poslu\u0161na, pasivna i \u017eeljna udovoljavati, raspolo\u017eiva na pritisak tipke ili na glasovnu zapovijed.<\/p>\n\n\n\n<p>Ve\u0107ina virutalnih asistenata nudi \u017eenski glas kao osnovnu postavku, a korisnici to mogu promijeniti.<\/p>\n\n\n\n<p>Izvor:pogled.ba<\/p>\n","protected":false},"excerpt":{"rendered":"<p>Appleova virtualna asistentica Siri, ovjekovje\u010dena u mnogim filmovima i televizijskim serijama, ne\u0107e vi\u0161e automatski imati \u017eenski glas, objavila je ta tvrtka, a prenosi CNN. Korisnicima mobilnih ure\u0111aja bit \u0107e ponu\u0111en izbor razli\u010ditih glasova kada odabiru postavke za virtualnog pomo\u0107nika. Apple sada nudi izbor izme\u0111u mu\u0161kog i \u017eenskog glasa, kao i \u0161est razli\u010ditih naglasaka, me\u0111u kojima [&hellip;]<\/p>\n","protected":false},"author":2,"featured_media":10332,"comment_status":"closed","ping_status":"closed","sticky":false,"template":"","format":"standard","meta":{"h5ap_radio_sources":[],"footnotes":""},"categories":[1],"tags":[],"class_list":["post-10331","post","type-post","status-publish","format-standard","has-post-thumbnail","hentry","category-bihiregija"],"yoast_head":"<!-- This site is optimized with the Yoast SEO plugin v27.5 - https:\/\/yoast.com\/product\/yoast-seo-wordpress\/ -->\n<title>Appleova virtualna asistentica Siri vi\u0161e ne\u0107e automatski imati \u017eenski glas - RADIO LJUBU\u0160KI<\/title>\n<meta name=\"robots\" content=\"index, follow, max-snippet:-1, max-image-preview:large, max-video-preview:-1\" \/>\n<link rel=\"canonical\" href=\"https:\/\/radioljubuski.ba\/index.php\/2021\/04\/06\/appleova-virtualna-asistentica-siri-vise-nece-automatski-imati-zenski-glas\/\" \/>\n<meta property=\"og:locale\" content=\"hr_HR\" \/>\n<meta property=\"og:type\" content=\"article\" \/>\n<meta property=\"og:title\" content=\"Appleova virtualna asistentica Siri vi\u0161e ne\u0107e automatski imati \u017eenski glas - RADIO LJUBU\u0160KI\" \/>\n<meta property=\"og:description\" content=\"Appleova virtualna asistentica Siri, ovjekovje\u010dena u mnogim filmovima i televizijskim serijama, ne\u0107e vi\u0161e automatski imati \u017eenski glas, objavila je ta tvrtka, a prenosi CNN. Korisnicima mobilnih ure\u0111aja bit \u0107e ponu\u0111en izbor razli\u010ditih glasova kada odabiru postavke za virtualnog pomo\u0107nika. Apple sada nudi izbor izme\u0111u mu\u0161kog i \u017eenskog glasa, kao i \u0161est razli\u010ditih naglasaka, me\u0111u kojima [&hellip;]\" \/>\n<meta property=\"og:url\" content=\"https:\/\/radioljubuski.ba\/index.php\/2021\/04\/06\/appleova-virtualna-asistentica-siri-vise-nece-automatski-imati-zenski-glas\/\" \/>\n<meta property=\"og:site_name\" content=\"RADIO LJUBU\u0160KI\" \/>\n<meta property=\"article:publisher\" content=\"https:\/\/www.facebook.com\/Radiio-Ljubuski-1490835324566332\" \/>\n<meta property=\"article:published_time\" content=\"2021-04-06T22:40:59+00:00\" \/>\n<meta property=\"article:modified_time\" content=\"2021-04-06T22:41:00+00:00\" \/>\n<meta property=\"og:image\" content=\"https:\/\/radioljubuski.ba\/wp-content\/uploads\/2021\/04\/rcnNOfl0_apple.jpg\" \/>\n\t<meta property=\"og:image:width\" content=\"1000\" \/>\n\t<meta property=\"og:image:height\" content=\"625\" \/>\n\t<meta property=\"og:image:type\" content=\"image\/jpeg\" \/>\n<meta name=\"author\" content=\"Radio Ljubu\u0161ki\" \/>\n<meta name=\"twitter:card\" content=\"summary_large_image\" \/>\n<meta name=\"twitter:creator\" content=\"@radioljubuski\" \/>\n<meta name=\"twitter:site\" content=\"@radioljubuski\" \/>\n<meta name=\"twitter:label1\" content=\"Napisao\/la\" \/>\n\t<meta name=\"twitter:data1\" content=\"Radio Ljubu\u0161ki\" \/>\n\t<meta name=\"twitter:label2\" content=\"Procijenjeno vrijeme \u010ditanja\" \/>\n\t<meta name=\"twitter:data2\" content=\"1 minuta\" \/>\n<script type=\"application\/ld+json\" class=\"yoast-schema-graph\">{\"@context\":\"https:\\\/\\\/schema.org\",\"@graph\":[{\"@type\":\"Article\",\"@id\":\"https:\\\/\\\/radioljubuski.ba\\\/index.php\\\/2021\\\/04\\\/06\\\/appleova-virtualna-asistentica-siri-vise-nece-automatski-imati-zenski-glas\\\/#article\",\"isPartOf\":{\"@id\":\"https:\\\/\\\/radioljubuski.ba\\\/index.php\\\/2021\\\/04\\\/06\\\/appleova-virtualna-asistentica-siri-vise-nece-automatski-imati-zenski-glas\\\/\"},\"author\":{\"name\":\"Radio Ljubu\u0161ki\",\"@id\":\"https:\\\/\\\/radioljubuski.ba\\\/#\\\/schema\\\/person\\\/19fc700381a780f69665d7956c469e3b\"},\"headline\":\"Appleova virtualna asistentica Siri vi\u0161e ne\u0107e automatski imati \u017eenski glas\",\"datePublished\":\"2021-04-06T22:40:59+00:00\",\"dateModified\":\"2021-04-06T22:41:00+00:00\",\"mainEntityOfPage\":{\"@id\":\"https:\\\/\\\/radioljubuski.ba\\\/index.php\\\/2021\\\/04\\\/06\\\/appleova-virtualna-asistentica-siri-vise-nece-automatski-imati-zenski-glas\\\/\"},\"wordCount\":253,\"publisher\":{\"@id\":\"https:\\\/\\\/radioljubuski.ba\\\/#organization\"},\"image\":{\"@id\":\"https:\\\/\\\/radioljubuski.ba\\\/index.php\\\/2021\\\/04\\\/06\\\/appleova-virtualna-asistentica-siri-vise-nece-automatski-imati-zenski-glas\\\/#primaryimage\"},\"thumbnailUrl\":\"https:\\\/\\\/radioljubuski.ba\\\/wp-content\\\/uploads\\\/2021\\\/04\\\/rcnNOfl0_apple.jpg\",\"articleSection\":[\"BIH i regija\"],\"inLanguage\":\"hr\"},{\"@type\":\"WebPage\",\"@id\":\"https:\\\/\\\/radioljubuski.ba\\\/index.php\\\/2021\\\/04\\\/06\\\/appleova-virtualna-asistentica-siri-vise-nece-automatski-imati-zenski-glas\\\/\",\"url\":\"https:\\\/\\\/radioljubuski.ba\\\/index.php\\\/2021\\\/04\\\/06\\\/appleova-virtualna-asistentica-siri-vise-nece-automatski-imati-zenski-glas\\\/\",\"name\":\"Appleova virtualna asistentica Siri vi\u0161e ne\u0107e automatski imati \u017eenski glas - RADIO LJUBU\u0160KI\",\"isPartOf\":{\"@id\":\"https:\\\/\\\/radioljubuski.ba\\\/#website\"},\"primaryImageOfPage\":{\"@id\":\"https:\\\/\\\/radioljubuski.ba\\\/index.php\\\/2021\\\/04\\\/06\\\/appleova-virtualna-asistentica-siri-vise-nece-automatski-imati-zenski-glas\\\/#primaryimage\"},\"image\":{\"@id\":\"https:\\\/\\\/radioljubuski.ba\\\/index.php\\\/2021\\\/04\\\/06\\\/appleova-virtualna-asistentica-siri-vise-nece-automatski-imati-zenski-glas\\\/#primaryimage\"},\"thumbnailUrl\":\"https:\\\/\\\/radioljubuski.ba\\\/wp-content\\\/uploads\\\/2021\\\/04\\\/rcnNOfl0_apple.jpg\",\"datePublished\":\"2021-04-06T22:40:59+00:00\",\"dateModified\":\"2021-04-06T22:41:00+00:00\",\"breadcrumb\":{\"@id\":\"https:\\\/\\\/radioljubuski.ba\\\/index.php\\\/2021\\\/04\\\/06\\\/appleova-virtualna-asistentica-siri-vise-nece-automatski-imati-zenski-glas\\\/#breadcrumb\"},\"inLanguage\":\"hr\",\"potentialAction\":[{\"@type\":\"ReadAction\",\"target\":[\"https:\\\/\\\/radioljubuski.ba\\\/index.php\\\/2021\\\/04\\\/06\\\/appleova-virtualna-asistentica-siri-vise-nece-automatski-imati-zenski-glas\\\/\"]}]},{\"@type\":\"ImageObject\",\"inLanguage\":\"hr\",\"@id\":\"https:\\\/\\\/radioljubuski.ba\\\/index.php\\\/2021\\\/04\\\/06\\\/appleova-virtualna-asistentica-siri-vise-nece-automatski-imati-zenski-glas\\\/#primaryimage\",\"url\":\"https:\\\/\\\/radioljubuski.ba\\\/wp-content\\\/uploads\\\/2021\\\/04\\\/rcnNOfl0_apple.jpg\",\"contentUrl\":\"https:\\\/\\\/radioljubuski.ba\\\/wp-content\\\/uploads\\\/2021\\\/04\\\/rcnNOfl0_apple.jpg\",\"width\":1000,\"height\":625},{\"@type\":\"BreadcrumbList\",\"@id\":\"https:\\\/\\\/radioljubuski.ba\\\/index.php\\\/2021\\\/04\\\/06\\\/appleova-virtualna-asistentica-siri-vise-nece-automatski-imati-zenski-glas\\\/#breadcrumb\",\"itemListElement\":[{\"@type\":\"ListItem\",\"position\":1,\"name\":\"Po\u010detna stranica\",\"item\":\"https:\\\/\\\/radioljubuski.ba\\\/\"},{\"@type\":\"ListItem\",\"position\":2,\"name\":\"Appleova virtualna asistentica Siri vi\u0161e ne\u0107e automatski imati \u017eenski glas\"}]},{\"@type\":\"WebSite\",\"@id\":\"https:\\\/\\\/radioljubuski.ba\\\/#website\",\"url\":\"https:\\\/\\\/radioljubuski.ba\\\/\",\"name\":\"Radio Ljubu\u0161ki\",\"description\":\"Sun\u010dana frekvencija Hercegovine\",\"publisher\":{\"@id\":\"https:\\\/\\\/radioljubuski.ba\\\/#organization\"},\"potentialAction\":[{\"@type\":\"SearchAction\",\"target\":{\"@type\":\"EntryPoint\",\"urlTemplate\":\"https:\\\/\\\/radioljubuski.ba\\\/?s={search_term_string}\"},\"query-input\":{\"@type\":\"PropertyValueSpecification\",\"valueRequired\":true,\"valueName\":\"search_term_string\"}}],\"inLanguage\":\"hr\"},{\"@type\":\"Organization\",\"@id\":\"https:\\\/\\\/radioljubuski.ba\\\/#organization\",\"name\":\"Radio Ljubu\u0161ki\",\"url\":\"https:\\\/\\\/radioljubuski.ba\\\/\",\"logo\":{\"@type\":\"ImageObject\",\"inLanguage\":\"hr\",\"@id\":\"https:\\\/\\\/radioljubuski.ba\\\/#\\\/schema\\\/logo\\\/image\\\/\",\"url\":\"https:\\\/\\\/radioljubuski.ba\\\/wp-content\\\/uploads\\\/2021\\\/02\\\/cropped-Radio_Ljubuski_logo1.jpg\",\"contentUrl\":\"https:\\\/\\\/radioljubuski.ba\\\/wp-content\\\/uploads\\\/2021\\\/02\\\/cropped-Radio_Ljubuski_logo1.jpg\",\"width\":512,\"height\":512,\"caption\":\"Radio Ljubu\u0161ki\"},\"image\":{\"@id\":\"https:\\\/\\\/radioljubuski.ba\\\/#\\\/schema\\\/logo\\\/image\\\/\"},\"sameAs\":[\"https:\\\/\\\/www.facebook.com\\\/Radiio-Ljubuski-1490835324566332\",\"https:\\\/\\\/x.com\\\/radioljubuski\",\"https:\\\/\\\/hr.linkedin.com\\\/company\\\/radio-ljubuski\",\"https:\\\/\\\/www.youtube.com\\\/channel\\\/UCHYaeO_n0Db3tjNGudGpXyw\"]},{\"@type\":\"Person\",\"@id\":\"https:\\\/\\\/radioljubuski.ba\\\/#\\\/schema\\\/person\\\/19fc700381a780f69665d7956c469e3b\",\"name\":\"Radio Ljubu\u0161ki\"}]}<\/script>\n<!-- \/ Yoast SEO plugin. -->","yoast_head_json":{"title":"Appleova virtualna asistentica Siri vi\u0161e ne\u0107e automatski imati \u017eenski glas - RADIO LJUBU\u0160KI","robots":{"index":"index","follow":"follow","max-snippet":"max-snippet:-1","max-image-preview":"max-image-preview:large","max-video-preview":"max-video-preview:-1"},"canonical":"https:\/\/radioljubuski.ba\/index.php\/2021\/04\/06\/appleova-virtualna-asistentica-siri-vise-nece-automatski-imati-zenski-glas\/","og_locale":"hr_HR","og_type":"article","og_title":"Appleova virtualna asistentica Siri vi\u0161e ne\u0107e automatski imati \u017eenski glas - RADIO LJUBU\u0160KI","og_description":"Appleova virtualna asistentica Siri, ovjekovje\u010dena u mnogim filmovima i televizijskim serijama, ne\u0107e vi\u0161e automatski imati \u017eenski glas, objavila je ta tvrtka, a prenosi CNN. Korisnicima mobilnih ure\u0111aja bit \u0107e ponu\u0111en izbor razli\u010ditih glasova kada odabiru postavke za virtualnog pomo\u0107nika. Apple sada nudi izbor izme\u0111u mu\u0161kog i \u017eenskog glasa, kao i \u0161est razli\u010ditih naglasaka, me\u0111u kojima [&hellip;]","og_url":"https:\/\/radioljubuski.ba\/index.php\/2021\/04\/06\/appleova-virtualna-asistentica-siri-vise-nece-automatski-imati-zenski-glas\/","og_site_name":"RADIO LJUBU\u0160KI","article_publisher":"https:\/\/www.facebook.com\/Radiio-Ljubuski-1490835324566332","article_published_time":"2021-04-06T22:40:59+00:00","article_modified_time":"2021-04-06T22:41:00+00:00","og_image":[{"width":1000,"height":625,"url":"https:\/\/radioljubuski.ba\/wp-content\/uploads\/2021\/04\/rcnNOfl0_apple.jpg","type":"image\/jpeg"}],"author":"Radio Ljubu\u0161ki","twitter_card":"summary_large_image","twitter_creator":"@radioljubuski","twitter_site":"@radioljubuski","twitter_misc":{"Napisao\/la":"Radio Ljubu\u0161ki","Procijenjeno vrijeme \u010ditanja":"1 minuta"},"schema":{"@context":"https:\/\/schema.org","@graph":[{"@type":"Article","@id":"https:\/\/radioljubuski.ba\/index.php\/2021\/04\/06\/appleova-virtualna-asistentica-siri-vise-nece-automatski-imati-zenski-glas\/#article","isPartOf":{"@id":"https:\/\/radioljubuski.ba\/index.php\/2021\/04\/06\/appleova-virtualna-asistentica-siri-vise-nece-automatski-imati-zenski-glas\/"},"author":{"name":"Radio Ljubu\u0161ki","@id":"https:\/\/radioljubuski.ba\/#\/schema\/person\/19fc700381a780f69665d7956c469e3b"},"headline":"Appleova virtualna asistentica Siri vi\u0161e ne\u0107e automatski imati \u017eenski glas","datePublished":"2021-04-06T22:40:59+00:00","dateModified":"2021-04-06T22:41:00+00:00","mainEntityOfPage":{"@id":"https:\/\/radioljubuski.ba\/index.php\/2021\/04\/06\/appleova-virtualna-asistentica-siri-vise-nece-automatski-imati-zenski-glas\/"},"wordCount":253,"publisher":{"@id":"https:\/\/radioljubuski.ba\/#organization"},"image":{"@id":"https:\/\/radioljubuski.ba\/index.php\/2021\/04\/06\/appleova-virtualna-asistentica-siri-vise-nece-automatski-imati-zenski-glas\/#primaryimage"},"thumbnailUrl":"https:\/\/radioljubuski.ba\/wp-content\/uploads\/2021\/04\/rcnNOfl0_apple.jpg","articleSection":["BIH i regija"],"inLanguage":"hr"},{"@type":"WebPage","@id":"https:\/\/radioljubuski.ba\/index.php\/2021\/04\/06\/appleova-virtualna-asistentica-siri-vise-nece-automatski-imati-zenski-glas\/","url":"https:\/\/radioljubuski.ba\/index.php\/2021\/04\/06\/appleova-virtualna-asistentica-siri-vise-nece-automatski-imati-zenski-glas\/","name":"Appleova virtualna asistentica Siri vi\u0161e ne\u0107e automatski imati \u017eenski glas - RADIO LJUBU\u0160KI","isPartOf":{"@id":"https:\/\/radioljubuski.ba\/#website"},"primaryImageOfPage":{"@id":"https:\/\/radioljubuski.ba\/index.php\/2021\/04\/06\/appleova-virtualna-asistentica-siri-vise-nece-automatski-imati-zenski-glas\/#primaryimage"},"image":{"@id":"https:\/\/radioljubuski.ba\/index.php\/2021\/04\/06\/appleova-virtualna-asistentica-siri-vise-nece-automatski-imati-zenski-glas\/#primaryimage"},"thumbnailUrl":"https:\/\/radioljubuski.ba\/wp-content\/uploads\/2021\/04\/rcnNOfl0_apple.jpg","datePublished":"2021-04-06T22:40:59+00:00","dateModified":"2021-04-06T22:41:00+00:00","breadcrumb":{"@id":"https:\/\/radioljubuski.ba\/index.php\/2021\/04\/06\/appleova-virtualna-asistentica-siri-vise-nece-automatski-imati-zenski-glas\/#breadcrumb"},"inLanguage":"hr","potentialAction":[{"@type":"ReadAction","target":["https:\/\/radioljubuski.ba\/index.php\/2021\/04\/06\/appleova-virtualna-asistentica-siri-vise-nece-automatski-imati-zenski-glas\/"]}]},{"@type":"ImageObject","inLanguage":"hr","@id":"https:\/\/radioljubuski.ba\/index.php\/2021\/04\/06\/appleova-virtualna-asistentica-siri-vise-nece-automatski-imati-zenski-glas\/#primaryimage","url":"https:\/\/radioljubuski.ba\/wp-content\/uploads\/2021\/04\/rcnNOfl0_apple.jpg","contentUrl":"https:\/\/radioljubuski.ba\/wp-content\/uploads\/2021\/04\/rcnNOfl0_apple.jpg","width":1000,"height":625},{"@type":"BreadcrumbList","@id":"https:\/\/radioljubuski.ba\/index.php\/2021\/04\/06\/appleova-virtualna-asistentica-siri-vise-nece-automatski-imati-zenski-glas\/#breadcrumb","itemListElement":[{"@type":"ListItem","position":1,"name":"Po\u010detna stranica","item":"https:\/\/radioljubuski.ba\/"},{"@type":"ListItem","position":2,"name":"Appleova virtualna asistentica Siri vi\u0161e ne\u0107e automatski imati \u017eenski glas"}]},{"@type":"WebSite","@id":"https:\/\/radioljubuski.ba\/#website","url":"https:\/\/radioljubuski.ba\/","name":"Radio Ljubu\u0161ki","description":"Sun\u010dana frekvencija Hercegovine","publisher":{"@id":"https:\/\/radioljubuski.ba\/#organization"},"potentialAction":[{"@type":"SearchAction","target":{"@type":"EntryPoint","urlTemplate":"https:\/\/radioljubuski.ba\/?s={search_term_string}"},"query-input":{"@type":"PropertyValueSpecification","valueRequired":true,"valueName":"search_term_string"}}],"inLanguage":"hr"},{"@type":"Organization","@id":"https:\/\/radioljubuski.ba\/#organization","name":"Radio Ljubu\u0161ki","url":"https:\/\/radioljubuski.ba\/","logo":{"@type":"ImageObject","inLanguage":"hr","@id":"https:\/\/radioljubuski.ba\/#\/schema\/logo\/image\/","url":"https:\/\/radioljubuski.ba\/wp-content\/uploads\/2021\/02\/cropped-Radio_Ljubuski_logo1.jpg","contentUrl":"https:\/\/radioljubuski.ba\/wp-content\/uploads\/2021\/02\/cropped-Radio_Ljubuski_logo1.jpg","width":512,"height":512,"caption":"Radio Ljubu\u0161ki"},"image":{"@id":"https:\/\/radioljubuski.ba\/#\/schema\/logo\/image\/"},"sameAs":["https:\/\/www.facebook.com\/Radiio-Ljubuski-1490835324566332","https:\/\/x.com\/radioljubuski","https:\/\/hr.linkedin.com\/company\/radio-ljubuski","https:\/\/www.youtube.com\/channel\/UCHYaeO_n0Db3tjNGudGpXyw"]},{"@type":"Person","@id":"https:\/\/radioljubuski.ba\/#\/schema\/person\/19fc700381a780f69665d7956c469e3b","name":"Radio Ljubu\u0161ki"}]}},"_links":{"self":[{"href":"https:\/\/radioljubuski.ba\/index.php\/wp-json\/wp\/v2\/posts\/10331","targetHints":{"allow":["GET"]}}],"collection":[{"href":"https:\/\/radioljubuski.ba\/index.php\/wp-json\/wp\/v2\/posts"}],"about":[{"href":"https:\/\/radioljubuski.ba\/index.php\/wp-json\/wp\/v2\/types\/post"}],"author":[{"embeddable":true,"href":"https:\/\/radioljubuski.ba\/index.php\/wp-json\/wp\/v2\/users\/2"}],"replies":[{"embeddable":true,"href":"https:\/\/radioljubuski.ba\/index.php\/wp-json\/wp\/v2\/comments?post=10331"}],"version-history":[{"count":1,"href":"https:\/\/radioljubuski.ba\/index.php\/wp-json\/wp\/v2\/posts\/10331\/revisions"}],"predecessor-version":[{"id":10333,"href":"https:\/\/radioljubuski.ba\/index.php\/wp-json\/wp\/v2\/posts\/10331\/revisions\/10333"}],"wp:featuredmedia":[{"embeddable":true,"href":"https:\/\/radioljubuski.ba\/index.php\/wp-json\/wp\/v2\/media\/10332"}],"wp:attachment":[{"href":"https:\/\/radioljubuski.ba\/index.php\/wp-json\/wp\/v2\/media?parent=10331"}],"wp:term":[{"taxonomy":"category","embeddable":true,"href":"https:\/\/radioljubuski.ba\/index.php\/wp-json\/wp\/v2\/categories?post=10331"},{"taxonomy":"post_tag","embeddable":true,"href":"https:\/\/radioljubuski.ba\/index.php\/wp-json\/wp\/v2\/tags?post=10331"}],"curies":[{"name":"wp","href":"https:\/\/api.w.org\/{rel}","templated":true}]}}