{"id":103588,"date":"2021-12-29T11:29:07","date_gmt":"2021-12-29T10:29:07","guid":{"rendered":"https:\/\/radioljubuski.ba\/?p=103588"},"modified":"2021-12-29T11:29:08","modified_gmt":"2021-12-29T10:29:08","slug":"hajduk-kaznjen-novcano-i-jednom-utakmicom-bez-gledatelja","status":"publish","type":"post","link":"https:\/\/radioljubuski.ba\/index.php\/2021\/12\/29\/hajduk-kaznjen-novcano-i-jednom-utakmicom-bez-gledatelja\/","title":{"rendered":"Hajduk ka\u017enjen nov\u010dano i jednom utakmicom bez gledatelja"},"content":{"rendered":"\n<p>Disciplinski sudac HT prve lige Alan Klako\u010der donio je odluke o kaznama iz 20. kola HNL-a.<\/p>\n\n\n\n<p>Najo\u0161trije je ka\u017enjen Hajduk s nov\u010danom kaznom od 70.000 kuna i jednom utakmicom bez gledatelja zbog kori\u0161tenja pirotehni\u010dkih sredstava (\u010dl. 67. DP HNS-a) i diskriminiraju\u0107eg pona\u0161anja doma\u0107ih navija\u010da (\u010dl. 88. DP HNS-a) tijekom utakmice Hajduk &#8211; Osijek.<\/p>\n\n\n\n<p>&#8211; Doma\u0107a navija\u010dka skupina Torcida, smje\u0161tena na sjevernoj tribini (6548 pripadnika), pet minuta prije po\u010detka utakmice, a za vrijeme koreografije bacanja traka rola papira ispred iste tribine, pale jednu baklju, dvije svjetle\u0107e dimne bljeskalice, jednu rasprskavaju\u0107u pirotehni\u010dku raketu, te \u0161est dimnih kutija koje su pravile dim naran\u010daste boje, a od kojih je jedna gorjela i u prvoj minuti utakmice. Tako\u0111er, u 38. minuti pale jednu dimnu kutiju, u 41. minuti tri baklje, od 51. do 53. minute pale tri baklje, od kojih su dvije ba\u010dene na prostor ispred iste tribine. Od 56. do 58. minute pale tri baklje, od kojih su dvije ba\u010dene na prostor ispred iste tribine, te od 62. do 63. minute pale devet baklji i \u010detiri svjetle\u0107e dimne bljeskalice, koje su sve dogorjele na istoj tribini, te u 64. minuti bacaju jedan topovski udar, a od 65. do 69. minute pale oko 25 baklji, \u010detiri svjetle\u0107e dimne bljeskalice, od kojih su \u010detiri baklje ba\u010dene u teren za igru, kojom prilikom se igra nije prekidala, a osam baklji je ba\u010deno u prostor ispred iste tribine. U 74. minuti zapaljena je jedna baklja, u 75. minuti dvije baklje, u 83. i 88. minuti zapaljene su po jedna baklja i sve su dogorjele na istoj tribini. U 21. i 70. minuti cijeli stadion uzvikuje: \u201cCigane, Cigane\u201c na suda\u010dku odluku prilikom dodjele opomene. Tako\u0111er, u 76. minuti na tribini istok se pali jedna dimna kutija koja je pravila dim naran\u010daste boje, stoji u obja\u0161njenju odluke.<\/p>\n\n\n\n<p>Me\u0111u ka\u017enjenim klubovima su jo\u0161 HNK Hrvatski dragovoljac i GNK Dinamo.<\/p>\n\n\n\n<p>&#8211; HNK Hrvatski dragovoljac ka\u017enjen je sa 7.000 kuna zbog kori\u0161tenja pirotehni\u010dkih sredstava (\u010dl. 67. DP HNS-a) gostuju\u0107ih navija\u010da tijekom utakmice Hrvatski dragovoljac &#8211; Dinamo. Gostuju\u0107a navija\u010dka skupina je u 29. minuti zapalila jednu baklju koja je dogorjela na tribini. U razdoblju od 61. do 63. minute gostuju\u0107i navija\u010di pale 13 baklji, od kojih su tri baklje dogorjele na tribini, a 10 su ubacili u teren za igru, zbog \u010dega je sudac prekinuo igru u trajanju od dvije minute. GNK Dinamo ka\u017enjen je s 12.000 kuna zbog kori\u0161tenja pirotehni\u010dkih sredstava (\u010dl. 67. DP HNS-a) gostuju\u0107ih navija\u010da tijekom utakmice Hrvatski dragovoljac &#8211; Dinamo, objavila je Prva HNL.<\/p>\n\n\n\n<p>Trener Osijeka Nenad Bjelica ka\u017enjen je s 1.000 kuna uslijed isklju\u010denja zbog nedoli\u010dnog pona\u0161anja (\u010dl. 53.a DP HNS-a) tijekom utakmice Hajduk &#8211; Osijek. Bjelica je nakon dobivenog \u017eutog kartona nastavio energi\u010dno prigovarati glavnom sucu i krenuo u sva\u0111u s igra\u010dima Hajduka pa je dobio izravni crveni karton.<\/p>\n\n\n\n<p>Izvor:pogled.ba<\/p>\n","protected":false},"excerpt":{"rendered":"<p>Disciplinski sudac HT prve lige Alan Klako\u010der donio je odluke o kaznama iz 20. kola HNL-a. Najo\u0161trije je ka\u017enjen Hajduk s nov\u010danom kaznom od 70.000 kuna i jednom utakmicom bez gledatelja zbog kori\u0161tenja pirotehni\u010dkih sredstava (\u010dl. 67. DP HNS-a) i diskriminiraju\u0107eg pona\u0161anja doma\u0107ih navija\u010da (\u010dl. 88. DP HNS-a) tijekom utakmice Hajduk &#8211; Osijek. &#8211; Doma\u0107a [&hellip;]<\/p>\n","protected":false},"author":2,"featured_media":103589,"comment_status":"closed","ping_status":"closed","sticky":false,"template":"","format":"standard","meta":{"h5ap_radio_sources":[],"footnotes":""},"categories":[7],"tags":[],"class_list":["post-103588","post","type-post","status-publish","format-standard","has-post-thumbnail","hentry","category-sport"],"yoast_head":"<!-- This site is optimized with the Yoast SEO plugin v27.4 - https:\/\/yoast.com\/product\/yoast-seo-wordpress\/ -->\n<title>Hajduk ka\u017enjen nov\u010dano i jednom utakmicom bez gledatelja - RADIO LJUBU\u0160KI<\/title>\n<meta name=\"robots\" content=\"index, follow, max-snippet:-1, max-image-preview:large, max-video-preview:-1\" \/>\n<link rel=\"canonical\" href=\"https:\/\/radioljubuski.ba\/index.php\/2021\/12\/29\/hajduk-kaznjen-novcano-i-jednom-utakmicom-bez-gledatelja\/\" \/>\n<meta property=\"og:locale\" content=\"hr_HR\" \/>\n<meta property=\"og:type\" content=\"article\" \/>\n<meta property=\"og:title\" content=\"Hajduk ka\u017enjen nov\u010dano i jednom utakmicom bez gledatelja - RADIO LJUBU\u0160KI\" \/>\n<meta property=\"og:description\" content=\"Disciplinski sudac HT prve lige Alan Klako\u010der donio je odluke o kaznama iz 20. kola HNL-a. Najo\u0161trije je ka\u017enjen Hajduk s nov\u010danom kaznom od 70.000 kuna i jednom utakmicom bez gledatelja zbog kori\u0161tenja pirotehni\u010dkih sredstava (\u010dl. 67. DP HNS-a) i diskriminiraju\u0107eg pona\u0161anja doma\u0107ih navija\u010da (\u010dl. 88. DP HNS-a) tijekom utakmice Hajduk &#8211; Osijek. &#8211; Doma\u0107a [&hellip;]\" \/>\n<meta property=\"og:url\" content=\"https:\/\/radioljubuski.ba\/index.php\/2021\/12\/29\/hajduk-kaznjen-novcano-i-jednom-utakmicom-bez-gledatelja\/\" \/>\n<meta property=\"og:site_name\" content=\"RADIO LJUBU\u0160KI\" \/>\n<meta property=\"article:publisher\" content=\"https:\/\/www.facebook.com\/Radiio-Ljubuski-1490835324566332\" \/>\n<meta property=\"article:published_time\" content=\"2021-12-29T10:29:07+00:00\" \/>\n<meta property=\"article:modified_time\" content=\"2021-12-29T10:29:08+00:00\" \/>\n<meta property=\"og:image\" content=\"https:\/\/radioljubuski.ba\/wp-content\/uploads\/2021\/12\/kLxncjhi_hajduk1.jpg\" \/>\n\t<meta property=\"og:image:width\" content=\"1000\" \/>\n\t<meta property=\"og:image:height\" content=\"625\" \/>\n\t<meta property=\"og:image:type\" content=\"image\/jpeg\" \/>\n<meta name=\"author\" content=\"Radio Ljubu\u0161ki\" \/>\n<meta name=\"twitter:card\" content=\"summary_large_image\" \/>\n<meta name=\"twitter:creator\" content=\"@radioljubuski\" \/>\n<meta name=\"twitter:site\" content=\"@radioljubuski\" \/>\n<meta name=\"twitter:label1\" content=\"Napisao\/la\" \/>\n\t<meta name=\"twitter:data1\" content=\"Radio Ljubu\u0161ki\" \/>\n\t<meta name=\"twitter:label2\" content=\"Procijenjeno vrijeme \u010ditanja\" \/>\n\t<meta name=\"twitter:data2\" content=\"2 minute\" \/>\n<script type=\"application\/ld+json\" class=\"yoast-schema-graph\">{\"@context\":\"https:\\\/\\\/schema.org\",\"@graph\":[{\"@type\":\"Article\",\"@id\":\"https:\\\/\\\/radioljubuski.ba\\\/index.php\\\/2021\\\/12\\\/29\\\/hajduk-kaznjen-novcano-i-jednom-utakmicom-bez-gledatelja\\\/#article\",\"isPartOf\":{\"@id\":\"https:\\\/\\\/radioljubuski.ba\\\/index.php\\\/2021\\\/12\\\/29\\\/hajduk-kaznjen-novcano-i-jednom-utakmicom-bez-gledatelja\\\/\"},\"author\":{\"name\":\"Radio Ljubu\u0161ki\",\"@id\":\"https:\\\/\\\/radioljubuski.ba\\\/#\\\/schema\\\/person\\\/19fc700381a780f69665d7956c469e3b\"},\"headline\":\"Hajduk ka\u017enjen nov\u010dano i jednom utakmicom bez gledatelja\",\"datePublished\":\"2021-12-29T10:29:07+00:00\",\"dateModified\":\"2021-12-29T10:29:08+00:00\",\"mainEntityOfPage\":{\"@id\":\"https:\\\/\\\/radioljubuski.ba\\\/index.php\\\/2021\\\/12\\\/29\\\/hajduk-kaznjen-novcano-i-jednom-utakmicom-bez-gledatelja\\\/\"},\"wordCount\":492,\"publisher\":{\"@id\":\"https:\\\/\\\/radioljubuski.ba\\\/#organization\"},\"image\":{\"@id\":\"https:\\\/\\\/radioljubuski.ba\\\/index.php\\\/2021\\\/12\\\/29\\\/hajduk-kaznjen-novcano-i-jednom-utakmicom-bez-gledatelja\\\/#primaryimage\"},\"thumbnailUrl\":\"https:\\\/\\\/radioljubuski.ba\\\/wp-content\\\/uploads\\\/2021\\\/12\\\/kLxncjhi_hajduk1.jpg\",\"articleSection\":[\"\u0160port\"],\"inLanguage\":\"hr\"},{\"@type\":\"WebPage\",\"@id\":\"https:\\\/\\\/radioljubuski.ba\\\/index.php\\\/2021\\\/12\\\/29\\\/hajduk-kaznjen-novcano-i-jednom-utakmicom-bez-gledatelja\\\/\",\"url\":\"https:\\\/\\\/radioljubuski.ba\\\/index.php\\\/2021\\\/12\\\/29\\\/hajduk-kaznjen-novcano-i-jednom-utakmicom-bez-gledatelja\\\/\",\"name\":\"Hajduk ka\u017enjen nov\u010dano i jednom utakmicom bez gledatelja - RADIO LJUBU\u0160KI\",\"isPartOf\":{\"@id\":\"https:\\\/\\\/radioljubuski.ba\\\/#website\"},\"primaryImageOfPage\":{\"@id\":\"https:\\\/\\\/radioljubuski.ba\\\/index.php\\\/2021\\\/12\\\/29\\\/hajduk-kaznjen-novcano-i-jednom-utakmicom-bez-gledatelja\\\/#primaryimage\"},\"image\":{\"@id\":\"https:\\\/\\\/radioljubuski.ba\\\/index.php\\\/2021\\\/12\\\/29\\\/hajduk-kaznjen-novcano-i-jednom-utakmicom-bez-gledatelja\\\/#primaryimage\"},\"thumbnailUrl\":\"https:\\\/\\\/radioljubuski.ba\\\/wp-content\\\/uploads\\\/2021\\\/12\\\/kLxncjhi_hajduk1.jpg\",\"datePublished\":\"2021-12-29T10:29:07+00:00\",\"dateModified\":\"2021-12-29T10:29:08+00:00\",\"breadcrumb\":{\"@id\":\"https:\\\/\\\/radioljubuski.ba\\\/index.php\\\/2021\\\/12\\\/29\\\/hajduk-kaznjen-novcano-i-jednom-utakmicom-bez-gledatelja\\\/#breadcrumb\"},\"inLanguage\":\"hr\",\"potentialAction\":[{\"@type\":\"ReadAction\",\"target\":[\"https:\\\/\\\/radioljubuski.ba\\\/index.php\\\/2021\\\/12\\\/29\\\/hajduk-kaznjen-novcano-i-jednom-utakmicom-bez-gledatelja\\\/\"]}]},{\"@type\":\"ImageObject\",\"inLanguage\":\"hr\",\"@id\":\"https:\\\/\\\/radioljubuski.ba\\\/index.php\\\/2021\\\/12\\\/29\\\/hajduk-kaznjen-novcano-i-jednom-utakmicom-bez-gledatelja\\\/#primaryimage\",\"url\":\"https:\\\/\\\/radioljubuski.ba\\\/wp-content\\\/uploads\\\/2021\\\/12\\\/kLxncjhi_hajduk1.jpg\",\"contentUrl\":\"https:\\\/\\\/radioljubuski.ba\\\/wp-content\\\/uploads\\\/2021\\\/12\\\/kLxncjhi_hajduk1.jpg\",\"width\":1000,\"height\":625},{\"@type\":\"BreadcrumbList\",\"@id\":\"https:\\\/\\\/radioljubuski.ba\\\/index.php\\\/2021\\\/12\\\/29\\\/hajduk-kaznjen-novcano-i-jednom-utakmicom-bez-gledatelja\\\/#breadcrumb\",\"itemListElement\":[{\"@type\":\"ListItem\",\"position\":1,\"name\":\"Po\u010detna stranica\",\"item\":\"https:\\\/\\\/radioljubuski.ba\\\/\"},{\"@type\":\"ListItem\",\"position\":2,\"name\":\"Hajduk ka\u017enjen nov\u010dano i jednom utakmicom bez gledatelja\"}]},{\"@type\":\"WebSite\",\"@id\":\"https:\\\/\\\/radioljubuski.ba\\\/#website\",\"url\":\"https:\\\/\\\/radioljubuski.ba\\\/\",\"name\":\"Radio Ljubu\u0161ki\",\"description\":\"Sun\u010dana frekvencija Hercegovine\",\"publisher\":{\"@id\":\"https:\\\/\\\/radioljubuski.ba\\\/#organization\"},\"potentialAction\":[{\"@type\":\"SearchAction\",\"target\":{\"@type\":\"EntryPoint\",\"urlTemplate\":\"https:\\\/\\\/radioljubuski.ba\\\/?s={search_term_string}\"},\"query-input\":{\"@type\":\"PropertyValueSpecification\",\"valueRequired\":true,\"valueName\":\"search_term_string\"}}],\"inLanguage\":\"hr\"},{\"@type\":\"Organization\",\"@id\":\"https:\\\/\\\/radioljubuski.ba\\\/#organization\",\"name\":\"Radio Ljubu\u0161ki\",\"url\":\"https:\\\/\\\/radioljubuski.ba\\\/\",\"logo\":{\"@type\":\"ImageObject\",\"inLanguage\":\"hr\",\"@id\":\"https:\\\/\\\/radioljubuski.ba\\\/#\\\/schema\\\/logo\\\/image\\\/\",\"url\":\"https:\\\/\\\/radioljubuski.ba\\\/wp-content\\\/uploads\\\/2021\\\/02\\\/cropped-Radio_Ljubuski_logo1.jpg\",\"contentUrl\":\"https:\\\/\\\/radioljubuski.ba\\\/wp-content\\\/uploads\\\/2021\\\/02\\\/cropped-Radio_Ljubuski_logo1.jpg\",\"width\":512,\"height\":512,\"caption\":\"Radio Ljubu\u0161ki\"},\"image\":{\"@id\":\"https:\\\/\\\/radioljubuski.ba\\\/#\\\/schema\\\/logo\\\/image\\\/\"},\"sameAs\":[\"https:\\\/\\\/www.facebook.com\\\/Radiio-Ljubuski-1490835324566332\",\"https:\\\/\\\/x.com\\\/radioljubuski\",\"https:\\\/\\\/hr.linkedin.com\\\/company\\\/radio-ljubuski\",\"https:\\\/\\\/www.youtube.com\\\/channel\\\/UCHYaeO_n0Db3tjNGudGpXyw\"]},{\"@type\":\"Person\",\"@id\":\"https:\\\/\\\/radioljubuski.ba\\\/#\\\/schema\\\/person\\\/19fc700381a780f69665d7956c469e3b\",\"name\":\"Radio Ljubu\u0161ki\"}]}<\/script>\n<!-- \/ Yoast SEO plugin. -->","yoast_head_json":{"title":"Hajduk ka\u017enjen nov\u010dano i jednom utakmicom bez gledatelja - RADIO LJUBU\u0160KI","robots":{"index":"index","follow":"follow","max-snippet":"max-snippet:-1","max-image-preview":"max-image-preview:large","max-video-preview":"max-video-preview:-1"},"canonical":"https:\/\/radioljubuski.ba\/index.php\/2021\/12\/29\/hajduk-kaznjen-novcano-i-jednom-utakmicom-bez-gledatelja\/","og_locale":"hr_HR","og_type":"article","og_title":"Hajduk ka\u017enjen nov\u010dano i jednom utakmicom bez gledatelja - RADIO LJUBU\u0160KI","og_description":"Disciplinski sudac HT prve lige Alan Klako\u010der donio je odluke o kaznama iz 20. kola HNL-a. Najo\u0161trije je ka\u017enjen Hajduk s nov\u010danom kaznom od 70.000 kuna i jednom utakmicom bez gledatelja zbog kori\u0161tenja pirotehni\u010dkih sredstava (\u010dl. 67. DP HNS-a) i diskriminiraju\u0107eg pona\u0161anja doma\u0107ih navija\u010da (\u010dl. 88. DP HNS-a) tijekom utakmice Hajduk &#8211; Osijek. &#8211; Doma\u0107a [&hellip;]","og_url":"https:\/\/radioljubuski.ba\/index.php\/2021\/12\/29\/hajduk-kaznjen-novcano-i-jednom-utakmicom-bez-gledatelja\/","og_site_name":"RADIO LJUBU\u0160KI","article_publisher":"https:\/\/www.facebook.com\/Radiio-Ljubuski-1490835324566332","article_published_time":"2021-12-29T10:29:07+00:00","article_modified_time":"2021-12-29T10:29:08+00:00","og_image":[{"width":1000,"height":625,"url":"https:\/\/radioljubuski.ba\/wp-content\/uploads\/2021\/12\/kLxncjhi_hajduk1.jpg","type":"image\/jpeg"}],"author":"Radio Ljubu\u0161ki","twitter_card":"summary_large_image","twitter_creator":"@radioljubuski","twitter_site":"@radioljubuski","twitter_misc":{"Napisao\/la":"Radio Ljubu\u0161ki","Procijenjeno vrijeme \u010ditanja":"2 minute"},"schema":{"@context":"https:\/\/schema.org","@graph":[{"@type":"Article","@id":"https:\/\/radioljubuski.ba\/index.php\/2021\/12\/29\/hajduk-kaznjen-novcano-i-jednom-utakmicom-bez-gledatelja\/#article","isPartOf":{"@id":"https:\/\/radioljubuski.ba\/index.php\/2021\/12\/29\/hajduk-kaznjen-novcano-i-jednom-utakmicom-bez-gledatelja\/"},"author":{"name":"Radio Ljubu\u0161ki","@id":"https:\/\/radioljubuski.ba\/#\/schema\/person\/19fc700381a780f69665d7956c469e3b"},"headline":"Hajduk ka\u017enjen nov\u010dano i jednom utakmicom bez gledatelja","datePublished":"2021-12-29T10:29:07+00:00","dateModified":"2021-12-29T10:29:08+00:00","mainEntityOfPage":{"@id":"https:\/\/radioljubuski.ba\/index.php\/2021\/12\/29\/hajduk-kaznjen-novcano-i-jednom-utakmicom-bez-gledatelja\/"},"wordCount":492,"publisher":{"@id":"https:\/\/radioljubuski.ba\/#organization"},"image":{"@id":"https:\/\/radioljubuski.ba\/index.php\/2021\/12\/29\/hajduk-kaznjen-novcano-i-jednom-utakmicom-bez-gledatelja\/#primaryimage"},"thumbnailUrl":"https:\/\/radioljubuski.ba\/wp-content\/uploads\/2021\/12\/kLxncjhi_hajduk1.jpg","articleSection":["\u0160port"],"inLanguage":"hr"},{"@type":"WebPage","@id":"https:\/\/radioljubuski.ba\/index.php\/2021\/12\/29\/hajduk-kaznjen-novcano-i-jednom-utakmicom-bez-gledatelja\/","url":"https:\/\/radioljubuski.ba\/index.php\/2021\/12\/29\/hajduk-kaznjen-novcano-i-jednom-utakmicom-bez-gledatelja\/","name":"Hajduk ka\u017enjen nov\u010dano i jednom utakmicom bez gledatelja - RADIO LJUBU\u0160KI","isPartOf":{"@id":"https:\/\/radioljubuski.ba\/#website"},"primaryImageOfPage":{"@id":"https:\/\/radioljubuski.ba\/index.php\/2021\/12\/29\/hajduk-kaznjen-novcano-i-jednom-utakmicom-bez-gledatelja\/#primaryimage"},"image":{"@id":"https:\/\/radioljubuski.ba\/index.php\/2021\/12\/29\/hajduk-kaznjen-novcano-i-jednom-utakmicom-bez-gledatelja\/#primaryimage"},"thumbnailUrl":"https:\/\/radioljubuski.ba\/wp-content\/uploads\/2021\/12\/kLxncjhi_hajduk1.jpg","datePublished":"2021-12-29T10:29:07+00:00","dateModified":"2021-12-29T10:29:08+00:00","breadcrumb":{"@id":"https:\/\/radioljubuski.ba\/index.php\/2021\/12\/29\/hajduk-kaznjen-novcano-i-jednom-utakmicom-bez-gledatelja\/#breadcrumb"},"inLanguage":"hr","potentialAction":[{"@type":"ReadAction","target":["https:\/\/radioljubuski.ba\/index.php\/2021\/12\/29\/hajduk-kaznjen-novcano-i-jednom-utakmicom-bez-gledatelja\/"]}]},{"@type":"ImageObject","inLanguage":"hr","@id":"https:\/\/radioljubuski.ba\/index.php\/2021\/12\/29\/hajduk-kaznjen-novcano-i-jednom-utakmicom-bez-gledatelja\/#primaryimage","url":"https:\/\/radioljubuski.ba\/wp-content\/uploads\/2021\/12\/kLxncjhi_hajduk1.jpg","contentUrl":"https:\/\/radioljubuski.ba\/wp-content\/uploads\/2021\/12\/kLxncjhi_hajduk1.jpg","width":1000,"height":625},{"@type":"BreadcrumbList","@id":"https:\/\/radioljubuski.ba\/index.php\/2021\/12\/29\/hajduk-kaznjen-novcano-i-jednom-utakmicom-bez-gledatelja\/#breadcrumb","itemListElement":[{"@type":"ListItem","position":1,"name":"Po\u010detna stranica","item":"https:\/\/radioljubuski.ba\/"},{"@type":"ListItem","position":2,"name":"Hajduk ka\u017enjen nov\u010dano i jednom utakmicom bez gledatelja"}]},{"@type":"WebSite","@id":"https:\/\/radioljubuski.ba\/#website","url":"https:\/\/radioljubuski.ba\/","name":"Radio Ljubu\u0161ki","description":"Sun\u010dana frekvencija Hercegovine","publisher":{"@id":"https:\/\/radioljubuski.ba\/#organization"},"potentialAction":[{"@type":"SearchAction","target":{"@type":"EntryPoint","urlTemplate":"https:\/\/radioljubuski.ba\/?s={search_term_string}"},"query-input":{"@type":"PropertyValueSpecification","valueRequired":true,"valueName":"search_term_string"}}],"inLanguage":"hr"},{"@type":"Organization","@id":"https:\/\/radioljubuski.ba\/#organization","name":"Radio Ljubu\u0161ki","url":"https:\/\/radioljubuski.ba\/","logo":{"@type":"ImageObject","inLanguage":"hr","@id":"https:\/\/radioljubuski.ba\/#\/schema\/logo\/image\/","url":"https:\/\/radioljubuski.ba\/wp-content\/uploads\/2021\/02\/cropped-Radio_Ljubuski_logo1.jpg","contentUrl":"https:\/\/radioljubuski.ba\/wp-content\/uploads\/2021\/02\/cropped-Radio_Ljubuski_logo1.jpg","width":512,"height":512,"caption":"Radio Ljubu\u0161ki"},"image":{"@id":"https:\/\/radioljubuski.ba\/#\/schema\/logo\/image\/"},"sameAs":["https:\/\/www.facebook.com\/Radiio-Ljubuski-1490835324566332","https:\/\/x.com\/radioljubuski","https:\/\/hr.linkedin.com\/company\/radio-ljubuski","https:\/\/www.youtube.com\/channel\/UCHYaeO_n0Db3tjNGudGpXyw"]},{"@type":"Person","@id":"https:\/\/radioljubuski.ba\/#\/schema\/person\/19fc700381a780f69665d7956c469e3b","name":"Radio Ljubu\u0161ki"}]}},"_links":{"self":[{"href":"https:\/\/radioljubuski.ba\/index.php\/wp-json\/wp\/v2\/posts\/103588","targetHints":{"allow":["GET"]}}],"collection":[{"href":"https:\/\/radioljubuski.ba\/index.php\/wp-json\/wp\/v2\/posts"}],"about":[{"href":"https:\/\/radioljubuski.ba\/index.php\/wp-json\/wp\/v2\/types\/post"}],"author":[{"embeddable":true,"href":"https:\/\/radioljubuski.ba\/index.php\/wp-json\/wp\/v2\/users\/2"}],"replies":[{"embeddable":true,"href":"https:\/\/radioljubuski.ba\/index.php\/wp-json\/wp\/v2\/comments?post=103588"}],"version-history":[{"count":1,"href":"https:\/\/radioljubuski.ba\/index.php\/wp-json\/wp\/v2\/posts\/103588\/revisions"}],"predecessor-version":[{"id":103590,"href":"https:\/\/radioljubuski.ba\/index.php\/wp-json\/wp\/v2\/posts\/103588\/revisions\/103590"}],"wp:featuredmedia":[{"embeddable":true,"href":"https:\/\/radioljubuski.ba\/index.php\/wp-json\/wp\/v2\/media\/103589"}],"wp:attachment":[{"href":"https:\/\/radioljubuski.ba\/index.php\/wp-json\/wp\/v2\/media?parent=103588"}],"wp:term":[{"taxonomy":"category","embeddable":true,"href":"https:\/\/radioljubuski.ba\/index.php\/wp-json\/wp\/v2\/categories?post=103588"},{"taxonomy":"post_tag","embeddable":true,"href":"https:\/\/radioljubuski.ba\/index.php\/wp-json\/wp\/v2\/tags?post=103588"}],"curies":[{"name":"wp","href":"https:\/\/api.w.org\/{rel}","templated":true}]}}