{"id":103614,"date":"2021-12-29T11:48:28","date_gmt":"2021-12-29T10:48:28","guid":{"rendered":"https:\/\/radioljubuski.ba\/?p=103614"},"modified":"2021-12-29T11:48:29","modified_gmt":"2021-12-29T10:48:29","slug":"borna-pehar-nova-sahovska-nada-brotnja","status":"publish","type":"post","link":"https:\/\/radioljubuski.ba\/index.php\/2021\/12\/29\/borna-pehar-nova-sahovska-nada-brotnja\/","title":{"rendered":"Borna Pehar \u2013 nova \u0161ahovska nada Brotnja"},"content":{"rendered":"\n<p>\u0160ah je za mene puno vi\u0161e od igre. Po cijeli dan razmi\u0161ljam samo o njemu. Dok sam u \u0161koli, razmi\u0161ljam o njemu. Sve \u0161to radim bude mi jednostavnije jer imam vi\u0161e koncentracije, za razliku od nekih mojih vr\u0161njaka koji provode sate, dane, godine na mobitelu \u2013 a ja samo vje\u017ebam.<\/p>\n\n\n\n<p>Tek mu je dvanaest godina, a ve\u0107 se okitio s dva naslova dr\u017eavnog prvaka u \u0161ahu za dje\u010dake do te dobi. Nazivaju ga novom \u0161ahovskom nadom Hercegovine, to\u010dnije Brotnja, podru\u010dja dana\u0161nje Op\u0107ine \u010citluk, koje smatraju sportskim fenomenom svjetskih razmjera, s obzirom na uspjehe glasovitih sporta\u0161a s ovog podru\u010dja poput&nbsp;<strong>Ivana Dodiga<\/strong>,&nbsp;<strong>Marina \u010cili\u0107a<\/strong>,&nbsp;<strong>Zorana Planini\u0107a<\/strong>,&nbsp;<strong>Marina \u0160ege<\/strong>,&nbsp;<strong>Jelene Pehar<\/strong>\u2026<\/p>\n\n\n\n<p>Borna je \u010dlan \u0161ahovskog kluba Brotnjo koji djeluje u sklopu istoimenog, regionalnog sportskog saveza.&nbsp; U \u0161ahovsku plo\u010du zaljubio se jo\u0161 kao \u010detverogodi\u0161njak i od tada do danas strast prema ovome sportu iz dana u dan sve je ja\u010da, a prate ju brojni uspjesi. Ako je ne\u0161to u domu obitelji Pehar konstanta, onda je to \u0161ahovska plo\u010da na stolu u dnevnom boravku, gdjekoja figurica na podu na koju uvijek nagazi mama Tereza, ili otac Bornin za tom \u0161ahovskom plo\u010dom na stolu, dok Borna sjedi zavaljen na trosjedu i igra s ocem \u0161ah na pamet.<\/p>\n\n\n\n<p>Kad ga upitah je li \u0161ah za njega samo igra ili ne\u0161to puno vi\u0161e od toga, odgovorio mi je kako isti\u010dem u uvodu ovog \u010dlanka &#8220;\u0160ah je za mene puno vi\u0161e od igre. Po cijeli dan razmi\u0161ljam o njemu.&#8221;<\/p>\n\n\n\n<p>Ostali ga sportovi previ\u0161e ne zanimaju, iako je redovito na nekom terenu, uglavnom zbog kondicije jer, ka\u017ee, za vi\u0161esatne partije \u0161aha potrebna je i zavidna fizi\u010dka snaga da bi se ti umni napori mogli izdr\u017eati.<\/p>\n\n\n\n<figure class=\"wp-block-image\"><img decoding=\"async\" src=\"https:\/\/glashrvatske.hrt.hr\/_next\/image?url=https%3A%2F%2Fapi.hrt.hr%2Fmedia%2Ff9%2F8c%2F740x438-borna-pehar-foto-tanja-vucic-20211228110858.jpg&amp;w=1280&amp;q=90\" alt=\"Borna Pehar\"\/><\/figure>\n\n\n\n<h4 class=\"wp-block-heading\">Borna Pehar<\/h4>\n\n\n\n<h4 class=\"wp-block-heading\">Foto:&nbsp;Tanja Vu\u010di\u0107&nbsp;\/&nbsp;ustupljena fotografija<\/h4>\n\n\n\n<p><strong>&#8211; \u0160to je to u tom \u0161ahu da to tebe tako silno privla\u010di?<\/strong><\/p>\n\n\n\n<p>&#8211; Volim razmi\u0161ljati i volim da ima mnogo kombinacija pa onda izaberem jednu za koju mislim da je najbolja.<\/p>\n\n\n\n<p><strong>&#8211; A kako se to u\u010di? Jel ti sam sebi bude\u0161 i protivnik kad vje\u017eba\u0161? Kako to ide?<\/strong><\/p>\n\n\n\n<p>&#8211; A ne. Zapravo, trener mi \u0161alje ili partije ili nekakve probleme da rje\u0161avam.<\/p>\n\n\n\n<p><strong>&#8211; Koliko si uspje\u0161an u rje\u0161avanju tih problema?<\/strong><\/p>\n\n\n\n<p>&#8211; Dobar sam u rje\u0161avanju tih problema. Mislim, tako govori moj trener.<\/p>\n\n\n\n<p><strong>&#8211; Zna\u010di li to da si ti dobar matemati\u010dar kad tako dobro razumije\u0161 taj \u0161ah?<\/strong><\/p>\n\n\n\n<p>&#8211; Pa da, jesam.<\/p>\n\n\n\n<p><strong>&#8211; Kako ide \u0161kola, ako si vje\u010dito u nekim svojim \u0161ahovskim filmovima?<\/strong><\/p>\n\n\n\n<p>&#8211; Dobro. Mislim, ja \u010dak i u\u010dim. Nemam vremena za igru, ali zato sam i odli\u010dan u\u010denik.<\/p>\n\n\n\n<p><strong>&#8211; Sve stigne\u0161?<\/strong><\/p>\n\n\n\n<p>&#8211; Da.<\/p>\n\n\n\n<p><strong>&#8211; Rekao si mi da s trenerom igra\u0161 na daljinu. Igra\u0161 li jo\u0161 s nekim tako?<\/strong><\/p>\n\n\n\n<p>&#8211; Da, imam dosta prijatelja. Evo, imam iz Srbije, imam iz Bosne i Hercegovine\u2026<\/p>\n\n\n\n<p><strong>&#8211; Gdje si se sve natjecao?<\/strong><\/p>\n\n\n\n<p>&#8211; Mo\u017ee se re\u0107i da sam pro\u0161ao cijelu Bosnu i Hercegovinu i dosta Hrvatske. I ba\u0161 sam odigrao dosta turnira i dobrih partija. I vjerojatno bih kao najbolji turnir izdvojio turnir u \u010capljini.<\/p>\n\n\n\n<p><strong>&#8211; Kako si pro\u0161ao na tom turniru?<\/strong><\/p>\n\n\n\n<p>&#8211; Imao sam 5 bodova od 9, ali tu su bili ja\u010di igra\u010di kao, na primjer, velemajstori. I ba\u0161 bih izdvojio i jednog FIDE majstora koji ima iznimno ve\u0107i rejting od mene.<\/p>\n\n\n\n<p><strong>&#8211; I njega si dobio?<\/strong><\/p>\n\n\n\n<p>&#8211; Da.<\/p>\n\n\n\n<figure class=\"wp-block-image\"><img decoding=\"async\" src=\"https:\/\/glashrvatske.hrt.hr\/_next\/image?url=https%3A%2F%2Fapi.hrt.hr%2Fmedia%2Fe2%2F00%2F740x438-tanja-rau-borna-i-tereza-pehar-foto-tanja-vucic-20211228113244.jpg&amp;w=1280&amp;q=90\" alt=\"Tanja Rau, Borna Pehar i Tereza Pehar\"\/><\/figure>\n\n\n\n<h4 class=\"wp-block-heading\">Tanja Rau, Borna Pehar i Tereza Pehar<\/h4>\n\n\n\n<h4 class=\"wp-block-heading\">Foto:&nbsp;Tanja Vu\u010di\u0107&nbsp;\/&nbsp;ustupljena fotografija<\/h4>\n\n\n\n<p><strong>&#8211; A koga bi jo\u0161 \u017eelio pobijediti?<\/strong><\/p>\n\n\n\n<p>&#8211; Vjerojatno svog trenera Antu Brki\u0107a.<\/p>\n\n\n\n<p><strong>&#8211; Govorili smo o dobroj kondiciji za vi\u0161esatne partije. Zna\u010di, bilo ih je?<\/strong><\/p>\n\n\n\n<p>&#8211; Da. Na primjer, na Europskom \u0161ahovskom prvenstvu u Bratislavi 2019. Izgubio sam, ali sam svejedno pru\u017eao dobar otpor jer je igra\u010d bio dobar. I tamo sam imao 3 i pol bodova od mogu\u0107ih 9. Tad sam jo\u0161 bio klinac i igrao sam s Rusima, s jakim igra\u010dima, a ja nisam imao ni trenera. Oni su svi imali barem 3-4 trenera, a ja tad nisam imao ni\u0161ta. Samo sam do\u0161ao tamo da vidim kako je to. A sad je druga pri\u010da. Ve\u0107 se dosta pripremam za sljede\u0107e prvenstvo.<\/p>\n\n\n\n<p><strong>&#8211; \u0160to tvoji vr\u0161njaci ka\u017eu na taj tvoj hobi?<\/strong><\/p>\n\n\n\n<p>&#8211; Njima se \u010dak to i svi\u0111a jer i oni znaju da sam ja tada ba\u0161 popularan.<\/p>\n\n\n\n<figure class=\"wp-block-image\"><img decoding=\"async\" src=\"https:\/\/glashrvatske.hrt.hr\/_next\/image?url=https%3A%2F%2Fapi.hrt.hr%2Fmedia%2F7c%2F05%2F740x438-tereza-i-antonela-pehar-tanja-rau-i-borna-pehar-foto-tanja-vucic-20211228112814.jpg&amp;w=1280&amp;q=90\" alt=\"Tereza i Antonela Pehar, Tanja Rau i Borna Pehar\"\/><\/figure>\n\n\n\n<h4 class=\"wp-block-heading\">Tereza i Antonela Pehar, Tanja Rau i Borna Pehar<\/h4>\n\n\n\n<h4 class=\"wp-block-heading\">Foto:&nbsp;Tanja Vu\u010di\u0107&nbsp;\/&nbsp;ustupljena fotografija<\/h4>\n\n\n\n<p><strong>&#8211; Svi\u0111a mi se ovaj stakleni \u0161ahovski komplet, krasan je. To je poklon?<\/strong><\/p>\n\n\n\n<p>&#8211; Da. Od moje strine. Prvi put kad sam postao dr\u017eavni prvak do deset godina, 2019., mislila mi je to pokloniti, ali ipak nije se mogla ba\u0161 tako rastat od njega. Ali ove godine opet sam postao dr\u017eavni prvak i odlu\u010dila mi ga je dati.<\/p>\n\n\n\n<p><strong>&#8211; Tko ti je uzor?<\/strong><\/p>\n\n\n\n<p>&#8211; Imam ih dosta, ali sad bih izdvojio Jana Nepomnja\u0161\u010dija. On je ina\u010de ovogodi\u0161nji izaziva\u010d na svjetskom prvenstvu.<\/p>\n\n\n\n<p><strong>&#8211; Zna\u010di ti si budu\u0107i izaziva\u010d svjetskog prvaka?<\/strong><\/p>\n\n\n\n<p>&#8211; Da, volio bih biti.<\/p>\n\n\n\n<p><strong>&#8211; Koji su zapravo daljnji planovi?<\/strong><\/p>\n\n\n\n<p>&#8211; \u017delim postati velemajstor i zavr\u0161iti neki fakultet, imati posao i da mi \u0161ah bude zanimacija, ali da budem isto dobar.<\/p>\n\n\n\n<p><strong>&#8211; Od \u0161aha se ne mo\u017ee \u017eivjeti?<\/strong><\/p>\n\n\n\n<p>&#8211; Pa, te\u0161ko. Jedino ako u\u0111ete u top 30, 20. Tada mo\u017ee ne\u0161to, ali\u2026<\/p>\n\n\n\n<p><strong>&#8211; Je li to mo\u017eda neki tvoj krajnji cilj da u\u0111e\u0161 u tih top 20, 30?<\/strong><\/p>\n\n\n\n<p>&#8211; Cilj mi je u\u0107i u top 100, a kad u\u0111em u top 100 onda \u0107u postavljat sebi vi\u0161e ciljeve, rekao je Borna Pehar.<\/p>\n\n\n\n<p>Sljede\u0107i Bornin korak prema tome cilju je i Europsko prvenstvo u ubrzanom i brzopoteznom \u0161ahu za mlade koje se upravo odr\u017eava u Novom Sadu. Uz obitelj i Sportski savez Brotnjo, u sklopu kojega djeluje Bornin \u0161ahovski klub, potporu ovome mladome, posvema nadarenom Hrvatu u Hercegovini, uo\u010di odlaska na Europsko prvenstvo u Republiku Srbiju, iskazao je i\u00a0<a href=\"https:\/\/hrvatiizvanrh.gov.hr\/\" target=\"_blank\" rel=\"noreferrer noopener\">Sredi\u0161nji dr\u017eavni ured za Hrvate izvan Republike Hrvatske<\/a>.<\/p>\n\n\n\n<p><strong>Izvor: HRT<\/strong><\/p>\n","protected":false},"excerpt":{"rendered":"<p>\u0160ah je za mene puno vi\u0161e od igre. Po cijeli dan razmi\u0161ljam samo o njemu. Dok sam u \u0161koli, razmi\u0161ljam o njemu. Sve \u0161to radim bude mi jednostavnije jer imam vi\u0161e koncentracije, za razliku od nekih mojih vr\u0161njaka koji provode sate, dane, godine na mobitelu \u2013 a ja samo vje\u017ebam. Tek mu je dvanaest godina, [&hellip;]<\/p>\n","protected":false},"author":2,"featured_media":103616,"comment_status":"closed","ping_status":"closed","sticky":false,"template":"","format":"standard","meta":{"h5ap_radio_sources":[],"footnotes":""},"categories":[7],"tags":[],"class_list":["post-103614","post","type-post","status-publish","format-standard","has-post-thumbnail","hentry","category-sport"],"yoast_head":"<!-- This site is optimized with the Yoast SEO plugin v27.4 - https:\/\/yoast.com\/product\/yoast-seo-wordpress\/ -->\n<title>Borna Pehar \u2013 nova \u0161ahovska nada Brotnja - RADIO LJUBU\u0160KI<\/title>\n<meta name=\"robots\" content=\"index, follow, max-snippet:-1, max-image-preview:large, max-video-preview:-1\" \/>\n<link rel=\"canonical\" href=\"https:\/\/radioljubuski.ba\/index.php\/2021\/12\/29\/borna-pehar-nova-sahovska-nada-brotnja\/\" \/>\n<meta property=\"og:locale\" content=\"hr_HR\" \/>\n<meta property=\"og:type\" content=\"article\" \/>\n<meta property=\"og:title\" content=\"Borna Pehar \u2013 nova \u0161ahovska nada Brotnja - RADIO LJUBU\u0160KI\" \/>\n<meta property=\"og:description\" content=\"\u0160ah je za mene puno vi\u0161e od igre. Po cijeli dan razmi\u0161ljam samo o njemu. Dok sam u \u0161koli, razmi\u0161ljam o njemu. Sve \u0161to radim bude mi jednostavnije jer imam vi\u0161e koncentracije, za razliku od nekih mojih vr\u0161njaka koji provode sate, dane, godine na mobitelu \u2013 a ja samo vje\u017ebam. Tek mu je dvanaest godina, [&hellip;]\" \/>\n<meta property=\"og:url\" content=\"https:\/\/radioljubuski.ba\/index.php\/2021\/12\/29\/borna-pehar-nova-sahovska-nada-brotnja\/\" \/>\n<meta property=\"og:site_name\" content=\"RADIO LJUBU\u0160KI\" \/>\n<meta property=\"article:publisher\" content=\"https:\/\/www.facebook.com\/Radiio-Ljubuski-1490835324566332\" \/>\n<meta property=\"article:published_time\" content=\"2021-12-29T10:48:28+00:00\" \/>\n<meta property=\"article:modified_time\" content=\"2021-12-29T10:48:29+00:00\" \/>\n<meta property=\"og:image\" content=\"https:\/\/radioljubuski.ba\/wp-content\/uploads\/2021\/12\/borna-pehar.jpg\" \/>\n\t<meta property=\"og:image:width\" content=\"779\" \/>\n\t<meta property=\"og:image:height\" content=\"392\" \/>\n\t<meta property=\"og:image:type\" content=\"image\/jpeg\" \/>\n<meta name=\"author\" content=\"Radio Ljubu\u0161ki\" \/>\n<meta name=\"twitter:card\" content=\"summary_large_image\" \/>\n<meta name=\"twitter:creator\" content=\"@radioljubuski\" \/>\n<meta name=\"twitter:site\" content=\"@radioljubuski\" \/>\n<meta name=\"twitter:label1\" content=\"Napisao\/la\" \/>\n\t<meta name=\"twitter:data1\" content=\"Radio Ljubu\u0161ki\" \/>\n\t<meta name=\"twitter:label2\" content=\"Procijenjeno vrijeme \u010ditanja\" \/>\n\t<meta name=\"twitter:data2\" content=\"5 minuta\" \/>\n<script type=\"application\/ld+json\" class=\"yoast-schema-graph\">{\"@context\":\"https:\\\/\\\/schema.org\",\"@graph\":[{\"@type\":\"Article\",\"@id\":\"https:\\\/\\\/radioljubuski.ba\\\/index.php\\\/2021\\\/12\\\/29\\\/borna-pehar-nova-sahovska-nada-brotnja\\\/#article\",\"isPartOf\":{\"@id\":\"https:\\\/\\\/radioljubuski.ba\\\/index.php\\\/2021\\\/12\\\/29\\\/borna-pehar-nova-sahovska-nada-brotnja\\\/\"},\"author\":{\"name\":\"Radio Ljubu\u0161ki\",\"@id\":\"https:\\\/\\\/radioljubuski.ba\\\/#\\\/schema\\\/person\\\/19fc700381a780f69665d7956c469e3b\"},\"headline\":\"Borna Pehar \u2013 nova \u0161ahovska nada Brotnja\",\"datePublished\":\"2021-12-29T10:48:28+00:00\",\"dateModified\":\"2021-12-29T10:48:29+00:00\",\"mainEntityOfPage\":{\"@id\":\"https:\\\/\\\/radioljubuski.ba\\\/index.php\\\/2021\\\/12\\\/29\\\/borna-pehar-nova-sahovska-nada-brotnja\\\/\"},\"wordCount\":1051,\"publisher\":{\"@id\":\"https:\\\/\\\/radioljubuski.ba\\\/#organization\"},\"image\":{\"@id\":\"https:\\\/\\\/radioljubuski.ba\\\/index.php\\\/2021\\\/12\\\/29\\\/borna-pehar-nova-sahovska-nada-brotnja\\\/#primaryimage\"},\"thumbnailUrl\":\"https:\\\/\\\/radioljubuski.ba\\\/wp-content\\\/uploads\\\/2021\\\/12\\\/borna-pehar.jpg\",\"articleSection\":[\"\u0160port\"],\"inLanguage\":\"hr\"},{\"@type\":\"WebPage\",\"@id\":\"https:\\\/\\\/radioljubuski.ba\\\/index.php\\\/2021\\\/12\\\/29\\\/borna-pehar-nova-sahovska-nada-brotnja\\\/\",\"url\":\"https:\\\/\\\/radioljubuski.ba\\\/index.php\\\/2021\\\/12\\\/29\\\/borna-pehar-nova-sahovska-nada-brotnja\\\/\",\"name\":\"Borna Pehar \u2013 nova \u0161ahovska nada Brotnja - RADIO LJUBU\u0160KI\",\"isPartOf\":{\"@id\":\"https:\\\/\\\/radioljubuski.ba\\\/#website\"},\"primaryImageOfPage\":{\"@id\":\"https:\\\/\\\/radioljubuski.ba\\\/index.php\\\/2021\\\/12\\\/29\\\/borna-pehar-nova-sahovska-nada-brotnja\\\/#primaryimage\"},\"image\":{\"@id\":\"https:\\\/\\\/radioljubuski.ba\\\/index.php\\\/2021\\\/12\\\/29\\\/borna-pehar-nova-sahovska-nada-brotnja\\\/#primaryimage\"},\"thumbnailUrl\":\"https:\\\/\\\/radioljubuski.ba\\\/wp-content\\\/uploads\\\/2021\\\/12\\\/borna-pehar.jpg\",\"datePublished\":\"2021-12-29T10:48:28+00:00\",\"dateModified\":\"2021-12-29T10:48:29+00:00\",\"breadcrumb\":{\"@id\":\"https:\\\/\\\/radioljubuski.ba\\\/index.php\\\/2021\\\/12\\\/29\\\/borna-pehar-nova-sahovska-nada-brotnja\\\/#breadcrumb\"},\"inLanguage\":\"hr\",\"potentialAction\":[{\"@type\":\"ReadAction\",\"target\":[\"https:\\\/\\\/radioljubuski.ba\\\/index.php\\\/2021\\\/12\\\/29\\\/borna-pehar-nova-sahovska-nada-brotnja\\\/\"]}]},{\"@type\":\"ImageObject\",\"inLanguage\":\"hr\",\"@id\":\"https:\\\/\\\/radioljubuski.ba\\\/index.php\\\/2021\\\/12\\\/29\\\/borna-pehar-nova-sahovska-nada-brotnja\\\/#primaryimage\",\"url\":\"https:\\\/\\\/radioljubuski.ba\\\/wp-content\\\/uploads\\\/2021\\\/12\\\/borna-pehar.jpg\",\"contentUrl\":\"https:\\\/\\\/radioljubuski.ba\\\/wp-content\\\/uploads\\\/2021\\\/12\\\/borna-pehar.jpg\",\"width\":779,\"height\":392},{\"@type\":\"BreadcrumbList\",\"@id\":\"https:\\\/\\\/radioljubuski.ba\\\/index.php\\\/2021\\\/12\\\/29\\\/borna-pehar-nova-sahovska-nada-brotnja\\\/#breadcrumb\",\"itemListElement\":[{\"@type\":\"ListItem\",\"position\":1,\"name\":\"Po\u010detna stranica\",\"item\":\"https:\\\/\\\/radioljubuski.ba\\\/\"},{\"@type\":\"ListItem\",\"position\":2,\"name\":\"Borna Pehar \u2013 nova \u0161ahovska nada Brotnja\"}]},{\"@type\":\"WebSite\",\"@id\":\"https:\\\/\\\/radioljubuski.ba\\\/#website\",\"url\":\"https:\\\/\\\/radioljubuski.ba\\\/\",\"name\":\"Radio Ljubu\u0161ki\",\"description\":\"Sun\u010dana frekvencija Hercegovine\",\"publisher\":{\"@id\":\"https:\\\/\\\/radioljubuski.ba\\\/#organization\"},\"potentialAction\":[{\"@type\":\"SearchAction\",\"target\":{\"@type\":\"EntryPoint\",\"urlTemplate\":\"https:\\\/\\\/radioljubuski.ba\\\/?s={search_term_string}\"},\"query-input\":{\"@type\":\"PropertyValueSpecification\",\"valueRequired\":true,\"valueName\":\"search_term_string\"}}],\"inLanguage\":\"hr\"},{\"@type\":\"Organization\",\"@id\":\"https:\\\/\\\/radioljubuski.ba\\\/#organization\",\"name\":\"Radio Ljubu\u0161ki\",\"url\":\"https:\\\/\\\/radioljubuski.ba\\\/\",\"logo\":{\"@type\":\"ImageObject\",\"inLanguage\":\"hr\",\"@id\":\"https:\\\/\\\/radioljubuski.ba\\\/#\\\/schema\\\/logo\\\/image\\\/\",\"url\":\"https:\\\/\\\/radioljubuski.ba\\\/wp-content\\\/uploads\\\/2021\\\/02\\\/cropped-Radio_Ljubuski_logo1.jpg\",\"contentUrl\":\"https:\\\/\\\/radioljubuski.ba\\\/wp-content\\\/uploads\\\/2021\\\/02\\\/cropped-Radio_Ljubuski_logo1.jpg\",\"width\":512,\"height\":512,\"caption\":\"Radio Ljubu\u0161ki\"},\"image\":{\"@id\":\"https:\\\/\\\/radioljubuski.ba\\\/#\\\/schema\\\/logo\\\/image\\\/\"},\"sameAs\":[\"https:\\\/\\\/www.facebook.com\\\/Radiio-Ljubuski-1490835324566332\",\"https:\\\/\\\/x.com\\\/radioljubuski\",\"https:\\\/\\\/hr.linkedin.com\\\/company\\\/radio-ljubuski\",\"https:\\\/\\\/www.youtube.com\\\/channel\\\/UCHYaeO_n0Db3tjNGudGpXyw\"]},{\"@type\":\"Person\",\"@id\":\"https:\\\/\\\/radioljubuski.ba\\\/#\\\/schema\\\/person\\\/19fc700381a780f69665d7956c469e3b\",\"name\":\"Radio Ljubu\u0161ki\"}]}<\/script>\n<!-- \/ Yoast SEO plugin. -->","yoast_head_json":{"title":"Borna Pehar \u2013 nova \u0161ahovska nada Brotnja - RADIO LJUBU\u0160KI","robots":{"index":"index","follow":"follow","max-snippet":"max-snippet:-1","max-image-preview":"max-image-preview:large","max-video-preview":"max-video-preview:-1"},"canonical":"https:\/\/radioljubuski.ba\/index.php\/2021\/12\/29\/borna-pehar-nova-sahovska-nada-brotnja\/","og_locale":"hr_HR","og_type":"article","og_title":"Borna Pehar \u2013 nova \u0161ahovska nada Brotnja - RADIO LJUBU\u0160KI","og_description":"\u0160ah je za mene puno vi\u0161e od igre. Po cijeli dan razmi\u0161ljam samo o njemu. Dok sam u \u0161koli, razmi\u0161ljam o njemu. Sve \u0161to radim bude mi jednostavnije jer imam vi\u0161e koncentracije, za razliku od nekih mojih vr\u0161njaka koji provode sate, dane, godine na mobitelu \u2013 a ja samo vje\u017ebam. Tek mu je dvanaest godina, [&hellip;]","og_url":"https:\/\/radioljubuski.ba\/index.php\/2021\/12\/29\/borna-pehar-nova-sahovska-nada-brotnja\/","og_site_name":"RADIO LJUBU\u0160KI","article_publisher":"https:\/\/www.facebook.com\/Radiio-Ljubuski-1490835324566332","article_published_time":"2021-12-29T10:48:28+00:00","article_modified_time":"2021-12-29T10:48:29+00:00","og_image":[{"width":779,"height":392,"url":"https:\/\/radioljubuski.ba\/wp-content\/uploads\/2021\/12\/borna-pehar.jpg","type":"image\/jpeg"}],"author":"Radio Ljubu\u0161ki","twitter_card":"summary_large_image","twitter_creator":"@radioljubuski","twitter_site":"@radioljubuski","twitter_misc":{"Napisao\/la":"Radio Ljubu\u0161ki","Procijenjeno vrijeme \u010ditanja":"5 minuta"},"schema":{"@context":"https:\/\/schema.org","@graph":[{"@type":"Article","@id":"https:\/\/radioljubuski.ba\/index.php\/2021\/12\/29\/borna-pehar-nova-sahovska-nada-brotnja\/#article","isPartOf":{"@id":"https:\/\/radioljubuski.ba\/index.php\/2021\/12\/29\/borna-pehar-nova-sahovska-nada-brotnja\/"},"author":{"name":"Radio Ljubu\u0161ki","@id":"https:\/\/radioljubuski.ba\/#\/schema\/person\/19fc700381a780f69665d7956c469e3b"},"headline":"Borna Pehar \u2013 nova \u0161ahovska nada Brotnja","datePublished":"2021-12-29T10:48:28+00:00","dateModified":"2021-12-29T10:48:29+00:00","mainEntityOfPage":{"@id":"https:\/\/radioljubuski.ba\/index.php\/2021\/12\/29\/borna-pehar-nova-sahovska-nada-brotnja\/"},"wordCount":1051,"publisher":{"@id":"https:\/\/radioljubuski.ba\/#organization"},"image":{"@id":"https:\/\/radioljubuski.ba\/index.php\/2021\/12\/29\/borna-pehar-nova-sahovska-nada-brotnja\/#primaryimage"},"thumbnailUrl":"https:\/\/radioljubuski.ba\/wp-content\/uploads\/2021\/12\/borna-pehar.jpg","articleSection":["\u0160port"],"inLanguage":"hr"},{"@type":"WebPage","@id":"https:\/\/radioljubuski.ba\/index.php\/2021\/12\/29\/borna-pehar-nova-sahovska-nada-brotnja\/","url":"https:\/\/radioljubuski.ba\/index.php\/2021\/12\/29\/borna-pehar-nova-sahovska-nada-brotnja\/","name":"Borna Pehar \u2013 nova \u0161ahovska nada Brotnja - RADIO LJUBU\u0160KI","isPartOf":{"@id":"https:\/\/radioljubuski.ba\/#website"},"primaryImageOfPage":{"@id":"https:\/\/radioljubuski.ba\/index.php\/2021\/12\/29\/borna-pehar-nova-sahovska-nada-brotnja\/#primaryimage"},"image":{"@id":"https:\/\/radioljubuski.ba\/index.php\/2021\/12\/29\/borna-pehar-nova-sahovska-nada-brotnja\/#primaryimage"},"thumbnailUrl":"https:\/\/radioljubuski.ba\/wp-content\/uploads\/2021\/12\/borna-pehar.jpg","datePublished":"2021-12-29T10:48:28+00:00","dateModified":"2021-12-29T10:48:29+00:00","breadcrumb":{"@id":"https:\/\/radioljubuski.ba\/index.php\/2021\/12\/29\/borna-pehar-nova-sahovska-nada-brotnja\/#breadcrumb"},"inLanguage":"hr","potentialAction":[{"@type":"ReadAction","target":["https:\/\/radioljubuski.ba\/index.php\/2021\/12\/29\/borna-pehar-nova-sahovska-nada-brotnja\/"]}]},{"@type":"ImageObject","inLanguage":"hr","@id":"https:\/\/radioljubuski.ba\/index.php\/2021\/12\/29\/borna-pehar-nova-sahovska-nada-brotnja\/#primaryimage","url":"https:\/\/radioljubuski.ba\/wp-content\/uploads\/2021\/12\/borna-pehar.jpg","contentUrl":"https:\/\/radioljubuski.ba\/wp-content\/uploads\/2021\/12\/borna-pehar.jpg","width":779,"height":392},{"@type":"BreadcrumbList","@id":"https:\/\/radioljubuski.ba\/index.php\/2021\/12\/29\/borna-pehar-nova-sahovska-nada-brotnja\/#breadcrumb","itemListElement":[{"@type":"ListItem","position":1,"name":"Po\u010detna stranica","item":"https:\/\/radioljubuski.ba\/"},{"@type":"ListItem","position":2,"name":"Borna Pehar \u2013 nova \u0161ahovska nada Brotnja"}]},{"@type":"WebSite","@id":"https:\/\/radioljubuski.ba\/#website","url":"https:\/\/radioljubuski.ba\/","name":"Radio Ljubu\u0161ki","description":"Sun\u010dana frekvencija Hercegovine","publisher":{"@id":"https:\/\/radioljubuski.ba\/#organization"},"potentialAction":[{"@type":"SearchAction","target":{"@type":"EntryPoint","urlTemplate":"https:\/\/radioljubuski.ba\/?s={search_term_string}"},"query-input":{"@type":"PropertyValueSpecification","valueRequired":true,"valueName":"search_term_string"}}],"inLanguage":"hr"},{"@type":"Organization","@id":"https:\/\/radioljubuski.ba\/#organization","name":"Radio Ljubu\u0161ki","url":"https:\/\/radioljubuski.ba\/","logo":{"@type":"ImageObject","inLanguage":"hr","@id":"https:\/\/radioljubuski.ba\/#\/schema\/logo\/image\/","url":"https:\/\/radioljubuski.ba\/wp-content\/uploads\/2021\/02\/cropped-Radio_Ljubuski_logo1.jpg","contentUrl":"https:\/\/radioljubuski.ba\/wp-content\/uploads\/2021\/02\/cropped-Radio_Ljubuski_logo1.jpg","width":512,"height":512,"caption":"Radio Ljubu\u0161ki"},"image":{"@id":"https:\/\/radioljubuski.ba\/#\/schema\/logo\/image\/"},"sameAs":["https:\/\/www.facebook.com\/Radiio-Ljubuski-1490835324566332","https:\/\/x.com\/radioljubuski","https:\/\/hr.linkedin.com\/company\/radio-ljubuski","https:\/\/www.youtube.com\/channel\/UCHYaeO_n0Db3tjNGudGpXyw"]},{"@type":"Person","@id":"https:\/\/radioljubuski.ba\/#\/schema\/person\/19fc700381a780f69665d7956c469e3b","name":"Radio Ljubu\u0161ki"}]}},"_links":{"self":[{"href":"https:\/\/radioljubuski.ba\/index.php\/wp-json\/wp\/v2\/posts\/103614","targetHints":{"allow":["GET"]}}],"collection":[{"href":"https:\/\/radioljubuski.ba\/index.php\/wp-json\/wp\/v2\/posts"}],"about":[{"href":"https:\/\/radioljubuski.ba\/index.php\/wp-json\/wp\/v2\/types\/post"}],"author":[{"embeddable":true,"href":"https:\/\/radioljubuski.ba\/index.php\/wp-json\/wp\/v2\/users\/2"}],"replies":[{"embeddable":true,"href":"https:\/\/radioljubuski.ba\/index.php\/wp-json\/wp\/v2\/comments?post=103614"}],"version-history":[{"count":1,"href":"https:\/\/radioljubuski.ba\/index.php\/wp-json\/wp\/v2\/posts\/103614\/revisions"}],"predecessor-version":[{"id":103617,"href":"https:\/\/radioljubuski.ba\/index.php\/wp-json\/wp\/v2\/posts\/103614\/revisions\/103617"}],"wp:featuredmedia":[{"embeddable":true,"href":"https:\/\/radioljubuski.ba\/index.php\/wp-json\/wp\/v2\/media\/103616"}],"wp:attachment":[{"href":"https:\/\/radioljubuski.ba\/index.php\/wp-json\/wp\/v2\/media?parent=103614"}],"wp:term":[{"taxonomy":"category","embeddable":true,"href":"https:\/\/radioljubuski.ba\/index.php\/wp-json\/wp\/v2\/categories?post=103614"},{"taxonomy":"post_tag","embeddable":true,"href":"https:\/\/radioljubuski.ba\/index.php\/wp-json\/wp\/v2\/tags?post=103614"}],"curies":[{"name":"wp","href":"https:\/\/api.w.org\/{rel}","templated":true}]}}