{"id":103644,"date":"2021-12-29T11:59:19","date_gmt":"2021-12-29T10:59:19","guid":{"rendered":"https:\/\/radioljubuski.ba\/?p=103644"},"modified":"2021-12-29T11:59:20","modified_gmt":"2021-12-29T10:59:20","slug":"samo-skandinavci-konzumiraju-vise-kave-od-bh-stanovnika-a-u-pandemiji-pojacana-potrosnja","status":"publish","type":"post","link":"https:\/\/radioljubuski.ba\/index.php\/2021\/12\/29\/samo-skandinavci-konzumiraju-vise-kave-od-bh-stanovnika-a-u-pandemiji-pojacana-potrosnja\/","title":{"rendered":"Samo Skandinavci konzumiraju vi\u0161e kave od bh. stanovnika, a u pandemiji poja\u010dana potro\u0161nja"},"content":{"rendered":"\n<p>Da kilogram kave poskupi na tisu\u0107u maraka, ljudi bi nekako do nje dolazili &#8211; pri\u010da ugostitelj u Mostaru, gdje se raspravlja o cijeni kave u BiH i najavama da u novoj godini kava poskupljuje drugi put u tri mjeseca te \u0107e i oni koji nisu bili pobornici poskupljenja kave morati razmisliti o tome. Naime, svjetska kriza prouzro\u010dena pandemijom, vremenske neprilike u zemljama u kojima se proizvodi, energenti \u010dija je cijena rasla&#8230; &#8211; sve to utjecalo je i na poskupljenje kave na svjetskom tr\u017ei\u0161tu, pi\u0161e Ve\u010dernji list BiH.<\/p>\n\n\n\n<p>Opskrba nije ugro\u017eena<\/p>\n\n\n\n<p>Ovih dana istaknuli su to i u pr\u017eionici kave Minea, kazav\u0161i kako se oko Nove godine sprema drugi val poskupljenja kave u protekla tri mjeseca.<\/p>\n\n\n\n<p>&#8211; Kava je burzovna roba i na njezinu cijenu utje\u010de i kretanje dolara, a poskupljenje se dogodilo i zbog pada uroda u Brazilu, kao i zbog enormnog rasta cijena prijevoza &#8211; otkrili su. U hercegova\u010dkim tvrtkama u kojima smo se raspitivali za situaciju doznajemo da imaju dovoljno zaliha. &#8211; Onaj tko ozbiljno prati situaciju, zna da je ovo o\u010dekivano. Ove godine kupili smo dovoljne koli\u010dine kave kako bismo mogli premostiti krizna vremena jer smo ve\u0107 tada imali poskupljenje prijevoza, a otvoreno se govorilo i o poskupljenjima koja sada imamo. Opskrba kavom nije ugro\u017eena, a dramati\u010dnog rasta cijena nema. Neke ne\u0107e ni rasti &#8211; pri\u010daju nam u jednoj veleprodaji. Kada je BiH u pitanju, ovda\u0161nji stanovnik u prosjeku potro\u0161i 6,1 kilogram kave godi\u0161nje, a jo\u0161 smo daleko od Skandinavaca koji su u svjetskom vrhu. Primjerice, Finac godi\u0161nje potro\u0161i 12 kilograma kave, a slijede stanovnici ostalih zemalja Skandinavije. No, ako vam se \u010dini da su nam daleko pobjegli, BiH je 11. u svijetu po ispijanju kave po stanovniku. &#8211; U Europi su najve\u0107i kavopije Finci, dok u jugoisto\u010dnoj Europi i na Balkanu kava posjeduje kultni status okupljanja mladih. Kava je u manjem ili ve\u0107em obujmu pi\u0107e masovne uporabe, dio jutarnjega rituala, poslovnog sastanka ili upoznavanja, a nezamjenjiv je napitak koji spaja vi\u0161estruko kulture istoka i zapada, sjevera i juga i kao takva forma bri\u0161e granice mjesta prostora i vremena. Kava nije samo napitak, ona je vi\u0161e od napitka &#8211; napisao je u svom radu Ivan Vrlji\u0107. A u BiH je, sude\u0107i po mnogim \u010dimbenicima, ispijanje kave u pandemiji vi\u0161estruko poraslo. Zamislite, sve &#8220;lockdowne&#8221;, poslove na daljinu, odlaske na selo i sve novine koje nam je doba koronavirusa donijelo. Iako su kafi\u0107i i restorani bili zatvoreni ili im je bilo skra\u0107eno radno vrijeme ili su pak bili ograni\u010deni brojem gostiju, od kave se nije odustajalo. \u010cim je situacija postala bolja, ljudi su napunili kafi\u0107e i naru\u010dili svoj omiljeni napitak. Tako\u0111er, u doba pandemije porasla je i prodaja aparata za kavu, tako da je, uz tradicionalnu tursku, mnogima omiljen postao espresso, bilo ujutro ili poslijepodne i nave\u010der. Vrhunska kava napravi se u nekoliko poteza.<\/p>\n\n\n\n<p>Dan po\u010dinje nakon kave<\/p>\n\n\n\n<p>U istra\u017eivanju jedne agencije na uzorku od 120 ljudi, veliki broj anketiranih pove\u0107ao je konzumaciju kave. &#8211; Konzumacija kave u na\u0161oj je kulturi vi\u0161e od ispijanja napitka s kofeinom, to je ritual koji se prenosi generacijama i nezamjenjiv je dio svakodnevice. Ispijanje kave potro\u0161a\u010dima daje iskustvo susreta sa samim sobom i drugima, rituali ispijanja oblikuju arhitekturu svakog njihova dana. Dan po\u010dinje tek nakon dobre jutarnje kave koja usmjerava fokus na dnevne izazove i &#8220;optimizira temperaturu na radnu&#8221;. Rituale vezane uz konzumaciju kave potro\u0161a\u010di njeguju bez obzira na pandemiju. Daju im utjehu, poznatost, strukturu i ulijevaju dozu sigurnosti, \u0161to je posebno va\u017eno u vrijeme ugroze i nesigurnosti &#8211; navedeno je u istra\u017eivanju. Pa ako i do\u0111e do novog poskupljenja koje se najavljuje, od kave se ne\u0107e odustati.<\/p>\n\n\n\n<p>Izvor:vecernji.ba<\/p>\n","protected":false},"excerpt":{"rendered":"<p>Da kilogram kave poskupi na tisu\u0107u maraka, ljudi bi nekako do nje dolazili &#8211; pri\u010da ugostitelj u Mostaru, gdje se raspravlja o cijeni kave u BiH i najavama da u novoj godini kava poskupljuje drugi put u tri mjeseca te \u0107e i oni koji nisu bili pobornici poskupljenja kave morati razmisliti o tome. Naime, svjetska [&hellip;]<\/p>\n","protected":false},"author":2,"featured_media":103645,"comment_status":"closed","ping_status":"closed","sticky":false,"template":"","format":"standard","meta":{"h5ap_radio_sources":[],"footnotes":""},"categories":[1],"tags":[],"class_list":["post-103644","post","type-post","status-publish","format-standard","has-post-thumbnail","hentry","category-bihiregija"],"yoast_head":"<!-- This site is optimized with the Yoast SEO plugin v27.5 - https:\/\/yoast.com\/product\/yoast-seo-wordpress\/ -->\n<title>Samo Skandinavci konzumiraju vi\u0161e kave od bh. stanovnika, a u pandemiji poja\u010dana potro\u0161nja - RADIO LJUBU\u0160KI<\/title>\n<meta name=\"robots\" content=\"index, follow, max-snippet:-1, max-image-preview:large, max-video-preview:-1\" \/>\n<link rel=\"canonical\" href=\"https:\/\/radioljubuski.ba\/index.php\/2021\/12\/29\/samo-skandinavci-konzumiraju-vise-kave-od-bh-stanovnika-a-u-pandemiji-pojacana-potrosnja\/\" \/>\n<meta property=\"og:locale\" content=\"hr_HR\" \/>\n<meta property=\"og:type\" content=\"article\" \/>\n<meta property=\"og:title\" content=\"Samo Skandinavci konzumiraju vi\u0161e kave od bh. stanovnika, a u pandemiji poja\u010dana potro\u0161nja - RADIO LJUBU\u0160KI\" \/>\n<meta property=\"og:description\" content=\"Da kilogram kave poskupi na tisu\u0107u maraka, ljudi bi nekako do nje dolazili &#8211; pri\u010da ugostitelj u Mostaru, gdje se raspravlja o cijeni kave u BiH i najavama da u novoj godini kava poskupljuje drugi put u tri mjeseca te \u0107e i oni koji nisu bili pobornici poskupljenja kave morati razmisliti o tome. Naime, svjetska [&hellip;]\" \/>\n<meta property=\"og:url\" content=\"https:\/\/radioljubuski.ba\/index.php\/2021\/12\/29\/samo-skandinavci-konzumiraju-vise-kave-od-bh-stanovnika-a-u-pandemiji-pojacana-potrosnja\/\" \/>\n<meta property=\"og:site_name\" content=\"RADIO LJUBU\u0160KI\" \/>\n<meta property=\"article:publisher\" content=\"https:\/\/www.facebook.com\/Radiio-Ljubuski-1490835324566332\" \/>\n<meta property=\"article:published_time\" content=\"2021-12-29T10:59:19+00:00\" \/>\n<meta property=\"article:modified_time\" content=\"2021-12-29T10:59:20+00:00\" \/>\n<meta property=\"og:image\" content=\"https:\/\/radioljubuski.ba\/wp-content\/uploads\/2021\/12\/7-2021-12-28-20-57-29-BU3ERgKO_kava1kava.jpg\" \/>\n\t<meta property=\"og:image:width\" content=\"1000\" \/>\n\t<meta property=\"og:image:height\" content=\"625\" \/>\n\t<meta property=\"og:image:type\" content=\"image\/jpeg\" \/>\n<meta name=\"author\" content=\"Radio Ljubu\u0161ki\" \/>\n<meta name=\"twitter:card\" content=\"summary_large_image\" \/>\n<meta name=\"twitter:creator\" content=\"@radioljubuski\" \/>\n<meta name=\"twitter:site\" content=\"@radioljubuski\" \/>\n<meta name=\"twitter:label1\" content=\"Napisao\/la\" \/>\n\t<meta name=\"twitter:data1\" content=\"Radio Ljubu\u0161ki\" \/>\n\t<meta name=\"twitter:label2\" content=\"Procijenjeno vrijeme \u010ditanja\" \/>\n\t<meta name=\"twitter:data2\" content=\"3 minute\" \/>\n<script type=\"application\/ld+json\" class=\"yoast-schema-graph\">{\"@context\":\"https:\\\/\\\/schema.org\",\"@graph\":[{\"@type\":\"Article\",\"@id\":\"https:\\\/\\\/radioljubuski.ba\\\/index.php\\\/2021\\\/12\\\/29\\\/samo-skandinavci-konzumiraju-vise-kave-od-bh-stanovnika-a-u-pandemiji-pojacana-potrosnja\\\/#article\",\"isPartOf\":{\"@id\":\"https:\\\/\\\/radioljubuski.ba\\\/index.php\\\/2021\\\/12\\\/29\\\/samo-skandinavci-konzumiraju-vise-kave-od-bh-stanovnika-a-u-pandemiji-pojacana-potrosnja\\\/\"},\"author\":{\"name\":\"Radio Ljubu\u0161ki\",\"@id\":\"https:\\\/\\\/radioljubuski.ba\\\/#\\\/schema\\\/person\\\/19fc700381a780f69665d7956c469e3b\"},\"headline\":\"Samo Skandinavci konzumiraju vi\u0161e kave od bh. stanovnika, a u pandemiji poja\u010dana potro\u0161nja\",\"datePublished\":\"2021-12-29T10:59:19+00:00\",\"dateModified\":\"2021-12-29T10:59:20+00:00\",\"mainEntityOfPage\":{\"@id\":\"https:\\\/\\\/radioljubuski.ba\\\/index.php\\\/2021\\\/12\\\/29\\\/samo-skandinavci-konzumiraju-vise-kave-od-bh-stanovnika-a-u-pandemiji-pojacana-potrosnja\\\/\"},\"wordCount\":663,\"publisher\":{\"@id\":\"https:\\\/\\\/radioljubuski.ba\\\/#organization\"},\"image\":{\"@id\":\"https:\\\/\\\/radioljubuski.ba\\\/index.php\\\/2021\\\/12\\\/29\\\/samo-skandinavci-konzumiraju-vise-kave-od-bh-stanovnika-a-u-pandemiji-pojacana-potrosnja\\\/#primaryimage\"},\"thumbnailUrl\":\"https:\\\/\\\/radioljubuski.ba\\\/wp-content\\\/uploads\\\/2021\\\/12\\\/7-2021-12-28-20-57-29-BU3ERgKO_kava1kava.jpg\",\"articleSection\":[\"BIH i regija\"],\"inLanguage\":\"hr\"},{\"@type\":\"WebPage\",\"@id\":\"https:\\\/\\\/radioljubuski.ba\\\/index.php\\\/2021\\\/12\\\/29\\\/samo-skandinavci-konzumiraju-vise-kave-od-bh-stanovnika-a-u-pandemiji-pojacana-potrosnja\\\/\",\"url\":\"https:\\\/\\\/radioljubuski.ba\\\/index.php\\\/2021\\\/12\\\/29\\\/samo-skandinavci-konzumiraju-vise-kave-od-bh-stanovnika-a-u-pandemiji-pojacana-potrosnja\\\/\",\"name\":\"Samo Skandinavci konzumiraju vi\u0161e kave od bh. stanovnika, a u pandemiji poja\u010dana potro\u0161nja - RADIO LJUBU\u0160KI\",\"isPartOf\":{\"@id\":\"https:\\\/\\\/radioljubuski.ba\\\/#website\"},\"primaryImageOfPage\":{\"@id\":\"https:\\\/\\\/radioljubuski.ba\\\/index.php\\\/2021\\\/12\\\/29\\\/samo-skandinavci-konzumiraju-vise-kave-od-bh-stanovnika-a-u-pandemiji-pojacana-potrosnja\\\/#primaryimage\"},\"image\":{\"@id\":\"https:\\\/\\\/radioljubuski.ba\\\/index.php\\\/2021\\\/12\\\/29\\\/samo-skandinavci-konzumiraju-vise-kave-od-bh-stanovnika-a-u-pandemiji-pojacana-potrosnja\\\/#primaryimage\"},\"thumbnailUrl\":\"https:\\\/\\\/radioljubuski.ba\\\/wp-content\\\/uploads\\\/2021\\\/12\\\/7-2021-12-28-20-57-29-BU3ERgKO_kava1kava.jpg\",\"datePublished\":\"2021-12-29T10:59:19+00:00\",\"dateModified\":\"2021-12-29T10:59:20+00:00\",\"breadcrumb\":{\"@id\":\"https:\\\/\\\/radioljubuski.ba\\\/index.php\\\/2021\\\/12\\\/29\\\/samo-skandinavci-konzumiraju-vise-kave-od-bh-stanovnika-a-u-pandemiji-pojacana-potrosnja\\\/#breadcrumb\"},\"inLanguage\":\"hr\",\"potentialAction\":[{\"@type\":\"ReadAction\",\"target\":[\"https:\\\/\\\/radioljubuski.ba\\\/index.php\\\/2021\\\/12\\\/29\\\/samo-skandinavci-konzumiraju-vise-kave-od-bh-stanovnika-a-u-pandemiji-pojacana-potrosnja\\\/\"]}]},{\"@type\":\"ImageObject\",\"inLanguage\":\"hr\",\"@id\":\"https:\\\/\\\/radioljubuski.ba\\\/index.php\\\/2021\\\/12\\\/29\\\/samo-skandinavci-konzumiraju-vise-kave-od-bh-stanovnika-a-u-pandemiji-pojacana-potrosnja\\\/#primaryimage\",\"url\":\"https:\\\/\\\/radioljubuski.ba\\\/wp-content\\\/uploads\\\/2021\\\/12\\\/7-2021-12-28-20-57-29-BU3ERgKO_kava1kava.jpg\",\"contentUrl\":\"https:\\\/\\\/radioljubuski.ba\\\/wp-content\\\/uploads\\\/2021\\\/12\\\/7-2021-12-28-20-57-29-BU3ERgKO_kava1kava.jpg\",\"width\":1000,\"height\":625},{\"@type\":\"BreadcrumbList\",\"@id\":\"https:\\\/\\\/radioljubuski.ba\\\/index.php\\\/2021\\\/12\\\/29\\\/samo-skandinavci-konzumiraju-vise-kave-od-bh-stanovnika-a-u-pandemiji-pojacana-potrosnja\\\/#breadcrumb\",\"itemListElement\":[{\"@type\":\"ListItem\",\"position\":1,\"name\":\"Po\u010detna stranica\",\"item\":\"https:\\\/\\\/radioljubuski.ba\\\/\"},{\"@type\":\"ListItem\",\"position\":2,\"name\":\"Samo Skandinavci konzumiraju vi\u0161e kave od bh. stanovnika, a u pandemiji poja\u010dana potro\u0161nja\"}]},{\"@type\":\"WebSite\",\"@id\":\"https:\\\/\\\/radioljubuski.ba\\\/#website\",\"url\":\"https:\\\/\\\/radioljubuski.ba\\\/\",\"name\":\"Radio Ljubu\u0161ki\",\"description\":\"Sun\u010dana frekvencija Hercegovine\",\"publisher\":{\"@id\":\"https:\\\/\\\/radioljubuski.ba\\\/#organization\"},\"potentialAction\":[{\"@type\":\"SearchAction\",\"target\":{\"@type\":\"EntryPoint\",\"urlTemplate\":\"https:\\\/\\\/radioljubuski.ba\\\/?s={search_term_string}\"},\"query-input\":{\"@type\":\"PropertyValueSpecification\",\"valueRequired\":true,\"valueName\":\"search_term_string\"}}],\"inLanguage\":\"hr\"},{\"@type\":\"Organization\",\"@id\":\"https:\\\/\\\/radioljubuski.ba\\\/#organization\",\"name\":\"Radio Ljubu\u0161ki\",\"url\":\"https:\\\/\\\/radioljubuski.ba\\\/\",\"logo\":{\"@type\":\"ImageObject\",\"inLanguage\":\"hr\",\"@id\":\"https:\\\/\\\/radioljubuski.ba\\\/#\\\/schema\\\/logo\\\/image\\\/\",\"url\":\"https:\\\/\\\/radioljubuski.ba\\\/wp-content\\\/uploads\\\/2021\\\/02\\\/cropped-Radio_Ljubuski_logo1.jpg\",\"contentUrl\":\"https:\\\/\\\/radioljubuski.ba\\\/wp-content\\\/uploads\\\/2021\\\/02\\\/cropped-Radio_Ljubuski_logo1.jpg\",\"width\":512,\"height\":512,\"caption\":\"Radio Ljubu\u0161ki\"},\"image\":{\"@id\":\"https:\\\/\\\/radioljubuski.ba\\\/#\\\/schema\\\/logo\\\/image\\\/\"},\"sameAs\":[\"https:\\\/\\\/www.facebook.com\\\/Radiio-Ljubuski-1490835324566332\",\"https:\\\/\\\/x.com\\\/radioljubuski\",\"https:\\\/\\\/hr.linkedin.com\\\/company\\\/radio-ljubuski\",\"https:\\\/\\\/www.youtube.com\\\/channel\\\/UCHYaeO_n0Db3tjNGudGpXyw\"]},{\"@type\":\"Person\",\"@id\":\"https:\\\/\\\/radioljubuski.ba\\\/#\\\/schema\\\/person\\\/19fc700381a780f69665d7956c469e3b\",\"name\":\"Radio Ljubu\u0161ki\"}]}<\/script>\n<!-- \/ Yoast SEO plugin. -->","yoast_head_json":{"title":"Samo Skandinavci konzumiraju vi\u0161e kave od bh. stanovnika, a u pandemiji poja\u010dana potro\u0161nja - RADIO LJUBU\u0160KI","robots":{"index":"index","follow":"follow","max-snippet":"max-snippet:-1","max-image-preview":"max-image-preview:large","max-video-preview":"max-video-preview:-1"},"canonical":"https:\/\/radioljubuski.ba\/index.php\/2021\/12\/29\/samo-skandinavci-konzumiraju-vise-kave-od-bh-stanovnika-a-u-pandemiji-pojacana-potrosnja\/","og_locale":"hr_HR","og_type":"article","og_title":"Samo Skandinavci konzumiraju vi\u0161e kave od bh. stanovnika, a u pandemiji poja\u010dana potro\u0161nja - RADIO LJUBU\u0160KI","og_description":"Da kilogram kave poskupi na tisu\u0107u maraka, ljudi bi nekako do nje dolazili &#8211; pri\u010da ugostitelj u Mostaru, gdje se raspravlja o cijeni kave u BiH i najavama da u novoj godini kava poskupljuje drugi put u tri mjeseca te \u0107e i oni koji nisu bili pobornici poskupljenja kave morati razmisliti o tome. Naime, svjetska [&hellip;]","og_url":"https:\/\/radioljubuski.ba\/index.php\/2021\/12\/29\/samo-skandinavci-konzumiraju-vise-kave-od-bh-stanovnika-a-u-pandemiji-pojacana-potrosnja\/","og_site_name":"RADIO LJUBU\u0160KI","article_publisher":"https:\/\/www.facebook.com\/Radiio-Ljubuski-1490835324566332","article_published_time":"2021-12-29T10:59:19+00:00","article_modified_time":"2021-12-29T10:59:20+00:00","og_image":[{"width":1000,"height":625,"url":"https:\/\/radioljubuski.ba\/wp-content\/uploads\/2021\/12\/7-2021-12-28-20-57-29-BU3ERgKO_kava1kava.jpg","type":"image\/jpeg"}],"author":"Radio Ljubu\u0161ki","twitter_card":"summary_large_image","twitter_creator":"@radioljubuski","twitter_site":"@radioljubuski","twitter_misc":{"Napisao\/la":"Radio Ljubu\u0161ki","Procijenjeno vrijeme \u010ditanja":"3 minute"},"schema":{"@context":"https:\/\/schema.org","@graph":[{"@type":"Article","@id":"https:\/\/radioljubuski.ba\/index.php\/2021\/12\/29\/samo-skandinavci-konzumiraju-vise-kave-od-bh-stanovnika-a-u-pandemiji-pojacana-potrosnja\/#article","isPartOf":{"@id":"https:\/\/radioljubuski.ba\/index.php\/2021\/12\/29\/samo-skandinavci-konzumiraju-vise-kave-od-bh-stanovnika-a-u-pandemiji-pojacana-potrosnja\/"},"author":{"name":"Radio Ljubu\u0161ki","@id":"https:\/\/radioljubuski.ba\/#\/schema\/person\/19fc700381a780f69665d7956c469e3b"},"headline":"Samo Skandinavci konzumiraju vi\u0161e kave od bh. stanovnika, a u pandemiji poja\u010dana potro\u0161nja","datePublished":"2021-12-29T10:59:19+00:00","dateModified":"2021-12-29T10:59:20+00:00","mainEntityOfPage":{"@id":"https:\/\/radioljubuski.ba\/index.php\/2021\/12\/29\/samo-skandinavci-konzumiraju-vise-kave-od-bh-stanovnika-a-u-pandemiji-pojacana-potrosnja\/"},"wordCount":663,"publisher":{"@id":"https:\/\/radioljubuski.ba\/#organization"},"image":{"@id":"https:\/\/radioljubuski.ba\/index.php\/2021\/12\/29\/samo-skandinavci-konzumiraju-vise-kave-od-bh-stanovnika-a-u-pandemiji-pojacana-potrosnja\/#primaryimage"},"thumbnailUrl":"https:\/\/radioljubuski.ba\/wp-content\/uploads\/2021\/12\/7-2021-12-28-20-57-29-BU3ERgKO_kava1kava.jpg","articleSection":["BIH i regija"],"inLanguage":"hr"},{"@type":"WebPage","@id":"https:\/\/radioljubuski.ba\/index.php\/2021\/12\/29\/samo-skandinavci-konzumiraju-vise-kave-od-bh-stanovnika-a-u-pandemiji-pojacana-potrosnja\/","url":"https:\/\/radioljubuski.ba\/index.php\/2021\/12\/29\/samo-skandinavci-konzumiraju-vise-kave-od-bh-stanovnika-a-u-pandemiji-pojacana-potrosnja\/","name":"Samo Skandinavci konzumiraju vi\u0161e kave od bh. stanovnika, a u pandemiji poja\u010dana potro\u0161nja - RADIO LJUBU\u0160KI","isPartOf":{"@id":"https:\/\/radioljubuski.ba\/#website"},"primaryImageOfPage":{"@id":"https:\/\/radioljubuski.ba\/index.php\/2021\/12\/29\/samo-skandinavci-konzumiraju-vise-kave-od-bh-stanovnika-a-u-pandemiji-pojacana-potrosnja\/#primaryimage"},"image":{"@id":"https:\/\/radioljubuski.ba\/index.php\/2021\/12\/29\/samo-skandinavci-konzumiraju-vise-kave-od-bh-stanovnika-a-u-pandemiji-pojacana-potrosnja\/#primaryimage"},"thumbnailUrl":"https:\/\/radioljubuski.ba\/wp-content\/uploads\/2021\/12\/7-2021-12-28-20-57-29-BU3ERgKO_kava1kava.jpg","datePublished":"2021-12-29T10:59:19+00:00","dateModified":"2021-12-29T10:59:20+00:00","breadcrumb":{"@id":"https:\/\/radioljubuski.ba\/index.php\/2021\/12\/29\/samo-skandinavci-konzumiraju-vise-kave-od-bh-stanovnika-a-u-pandemiji-pojacana-potrosnja\/#breadcrumb"},"inLanguage":"hr","potentialAction":[{"@type":"ReadAction","target":["https:\/\/radioljubuski.ba\/index.php\/2021\/12\/29\/samo-skandinavci-konzumiraju-vise-kave-od-bh-stanovnika-a-u-pandemiji-pojacana-potrosnja\/"]}]},{"@type":"ImageObject","inLanguage":"hr","@id":"https:\/\/radioljubuski.ba\/index.php\/2021\/12\/29\/samo-skandinavci-konzumiraju-vise-kave-od-bh-stanovnika-a-u-pandemiji-pojacana-potrosnja\/#primaryimage","url":"https:\/\/radioljubuski.ba\/wp-content\/uploads\/2021\/12\/7-2021-12-28-20-57-29-BU3ERgKO_kava1kava.jpg","contentUrl":"https:\/\/radioljubuski.ba\/wp-content\/uploads\/2021\/12\/7-2021-12-28-20-57-29-BU3ERgKO_kava1kava.jpg","width":1000,"height":625},{"@type":"BreadcrumbList","@id":"https:\/\/radioljubuski.ba\/index.php\/2021\/12\/29\/samo-skandinavci-konzumiraju-vise-kave-od-bh-stanovnika-a-u-pandemiji-pojacana-potrosnja\/#breadcrumb","itemListElement":[{"@type":"ListItem","position":1,"name":"Po\u010detna stranica","item":"https:\/\/radioljubuski.ba\/"},{"@type":"ListItem","position":2,"name":"Samo Skandinavci konzumiraju vi\u0161e kave od bh. stanovnika, a u pandemiji poja\u010dana potro\u0161nja"}]},{"@type":"WebSite","@id":"https:\/\/radioljubuski.ba\/#website","url":"https:\/\/radioljubuski.ba\/","name":"Radio Ljubu\u0161ki","description":"Sun\u010dana frekvencija Hercegovine","publisher":{"@id":"https:\/\/radioljubuski.ba\/#organization"},"potentialAction":[{"@type":"SearchAction","target":{"@type":"EntryPoint","urlTemplate":"https:\/\/radioljubuski.ba\/?s={search_term_string}"},"query-input":{"@type":"PropertyValueSpecification","valueRequired":true,"valueName":"search_term_string"}}],"inLanguage":"hr"},{"@type":"Organization","@id":"https:\/\/radioljubuski.ba\/#organization","name":"Radio Ljubu\u0161ki","url":"https:\/\/radioljubuski.ba\/","logo":{"@type":"ImageObject","inLanguage":"hr","@id":"https:\/\/radioljubuski.ba\/#\/schema\/logo\/image\/","url":"https:\/\/radioljubuski.ba\/wp-content\/uploads\/2021\/02\/cropped-Radio_Ljubuski_logo1.jpg","contentUrl":"https:\/\/radioljubuski.ba\/wp-content\/uploads\/2021\/02\/cropped-Radio_Ljubuski_logo1.jpg","width":512,"height":512,"caption":"Radio Ljubu\u0161ki"},"image":{"@id":"https:\/\/radioljubuski.ba\/#\/schema\/logo\/image\/"},"sameAs":["https:\/\/www.facebook.com\/Radiio-Ljubuski-1490835324566332","https:\/\/x.com\/radioljubuski","https:\/\/hr.linkedin.com\/company\/radio-ljubuski","https:\/\/www.youtube.com\/channel\/UCHYaeO_n0Db3tjNGudGpXyw"]},{"@type":"Person","@id":"https:\/\/radioljubuski.ba\/#\/schema\/person\/19fc700381a780f69665d7956c469e3b","name":"Radio Ljubu\u0161ki"}]}},"_links":{"self":[{"href":"https:\/\/radioljubuski.ba\/index.php\/wp-json\/wp\/v2\/posts\/103644","targetHints":{"allow":["GET"]}}],"collection":[{"href":"https:\/\/radioljubuski.ba\/index.php\/wp-json\/wp\/v2\/posts"}],"about":[{"href":"https:\/\/radioljubuski.ba\/index.php\/wp-json\/wp\/v2\/types\/post"}],"author":[{"embeddable":true,"href":"https:\/\/radioljubuski.ba\/index.php\/wp-json\/wp\/v2\/users\/2"}],"replies":[{"embeddable":true,"href":"https:\/\/radioljubuski.ba\/index.php\/wp-json\/wp\/v2\/comments?post=103644"}],"version-history":[{"count":1,"href":"https:\/\/radioljubuski.ba\/index.php\/wp-json\/wp\/v2\/posts\/103644\/revisions"}],"predecessor-version":[{"id":103646,"href":"https:\/\/radioljubuski.ba\/index.php\/wp-json\/wp\/v2\/posts\/103644\/revisions\/103646"}],"wp:featuredmedia":[{"embeddable":true,"href":"https:\/\/radioljubuski.ba\/index.php\/wp-json\/wp\/v2\/media\/103645"}],"wp:attachment":[{"href":"https:\/\/radioljubuski.ba\/index.php\/wp-json\/wp\/v2\/media?parent=103644"}],"wp:term":[{"taxonomy":"category","embeddable":true,"href":"https:\/\/radioljubuski.ba\/index.php\/wp-json\/wp\/v2\/categories?post=103644"},{"taxonomy":"post_tag","embeddable":true,"href":"https:\/\/radioljubuski.ba\/index.php\/wp-json\/wp\/v2\/tags?post=103644"}],"curies":[{"name":"wp","href":"https:\/\/api.w.org\/{rel}","templated":true}]}}