{"id":103662,"date":"2021-12-29T12:06:51","date_gmt":"2021-12-29T11:06:51","guid":{"rendered":"https:\/\/radioljubuski.ba\/?p=103662"},"modified":"2021-12-29T12:06:52","modified_gmt":"2021-12-29T11:06:52","slug":"rukometni-all-star-danas-u-mostaru-stizu-karacic-maric-sego","status":"publish","type":"post","link":"https:\/\/radioljubuski.ba\/index.php\/2021\/12\/29\/rukometni-all-star-danas-u-mostaru-stizu-karacic-maric-sego\/","title":{"rendered":"Rukometni All-Star danas u Mostaru: Sti\u017eu Kara\u010di\u0107, Mari\u0107, \u0160ego&#8230;"},"content":{"rendered":"\n<p>Mostar \u0107e danas od 17 sati ugostiti prvi Rukometni All-Star spektakl na kojem su svoj dolazak potvrdila gotovo sva velika rukometna imena koja su u pro\u0161losti branila boje kluba.<\/p>\n\n\n\n<p>Igor Kara\u010di\u0107, Marino Mari\u0107, Marin \u0160ego, Filip Vistorop, Marijan Mari\u0107, Fahrudin Meli\u0107, Darko Martinovi\u0107, Bernard Mandari\u0107 i brojna druga imena danas \u0107e me\u0111usobno odmjeriti snage u dvorani na Bijelom Brijegu.<\/p>\n\n\n\n<p>\u010cetiri ekipe, \u010detiri generacije, \u0107e kroz polufinale tra\u017eiti put u finale. Utakmice \u0107e se igrati u skra\u0107enom formatu, 2&#215;10 minuta, a raspored je sljede\u0107i:<\/p>\n\n\n\n<p>17:00 HMRK Zrinjski Mostar &#8211; SportPlus All-Stars (predvo\u0111eni Igorom Kara\u010di\u0107em)<br>17:40 Katarina All-Stars (predvo\u0111eni Darkom Martinovi\u0107em) &#8211; GP Barbari\u0107 All-Stars (predvo\u0111eni Bernardom Mandari\u0107em)<\/p>\n\n\n\n<p>Finale \u0107e biti na rasporedu u 18:30. Ulaznice se danas do 12 sati mogu nabaviti po cijeni od 10 KM u Caffe barovima Mlije\u010dni i Monte Carlo te od 15:30 na ulazu u dvoranu na Bijelom Brijegu. Posjetitelje o\u010dekuje i bogata tombola u kojoj mogu osvojiti dresove dana\u0161njih aktera te slikanje s igra\u010dima.<\/p>\n\n\n\n<p>Za sve one koji nisu u mogu\u0107nosti prisustvovati doga\u0111aju, omogu\u0107en je i prijenos u\u017eivo putem YouTube-a na <a href=\"https:\/\/www.youtube.com\/watch?v=Zm2s7gWKjhY\">LINKU<\/a>.<\/p>\n\n\n\n<p>Sav prihod od utakmice ide u svrhu promocije rukometa u gradu Mostaru te ja\u010danju HMRK Zrinjski Mostar. Organizatori se zahvaljuju svim medijima, akterima i sponzorima koji su omogu\u0107ili odr\u017eavanje ovakvog doga\u0111aja u na\u0161em gradu.<\/p>\n\n\n\n<p>Izvor:pogled.ba<\/p>\n","protected":false},"excerpt":{"rendered":"<p>Mostar \u0107e danas od 17 sati ugostiti prvi Rukometni All-Star spektakl na kojem su svoj dolazak potvrdila gotovo sva velika rukometna imena koja su u pro\u0161losti branila boje kluba. Igor Kara\u010di\u0107, Marino Mari\u0107, Marin \u0160ego, Filip Vistorop, Marijan Mari\u0107, Fahrudin Meli\u0107, Darko Martinovi\u0107, Bernard Mandari\u0107 i brojna druga imena danas \u0107e me\u0111usobno odmjeriti snage u [&hellip;]<\/p>\n","protected":false},"author":2,"featured_media":103663,"comment_status":"closed","ping_status":"closed","sticky":false,"template":"","format":"standard","meta":{"h5ap_radio_sources":[],"footnotes":""},"categories":[7],"tags":[],"class_list":["post-103662","post","type-post","status-publish","format-standard","has-post-thumbnail","hentry","category-sport"],"yoast_head":"<!-- This site is optimized with the Yoast SEO plugin v27.4 - https:\/\/yoast.com\/product\/yoast-seo-wordpress\/ -->\n<title>Rukometni All-Star danas u Mostaru: Sti\u017eu Kara\u010di\u0107, Mari\u0107, \u0160ego... - RADIO LJUBU\u0160KI<\/title>\n<meta name=\"robots\" content=\"index, follow, max-snippet:-1, max-image-preview:large, max-video-preview:-1\" \/>\n<link rel=\"canonical\" href=\"https:\/\/radioljubuski.ba\/index.php\/2021\/12\/29\/rukometni-all-star-danas-u-mostaru-stizu-karacic-maric-sego\/\" \/>\n<meta property=\"og:locale\" content=\"hr_HR\" \/>\n<meta property=\"og:type\" content=\"article\" \/>\n<meta property=\"og:title\" content=\"Rukometni All-Star danas u Mostaru: Sti\u017eu Kara\u010di\u0107, Mari\u0107, \u0160ego... - RADIO LJUBU\u0160KI\" \/>\n<meta property=\"og:description\" content=\"Mostar \u0107e danas od 17 sati ugostiti prvi Rukometni All-Star spektakl na kojem su svoj dolazak potvrdila gotovo sva velika rukometna imena koja su u pro\u0161losti branila boje kluba. Igor Kara\u010di\u0107, Marino Mari\u0107, Marin \u0160ego, Filip Vistorop, Marijan Mari\u0107, Fahrudin Meli\u0107, Darko Martinovi\u0107, Bernard Mandari\u0107 i brojna druga imena danas \u0107e me\u0111usobno odmjeriti snage u [&hellip;]\" \/>\n<meta property=\"og:url\" content=\"https:\/\/radioljubuski.ba\/index.php\/2021\/12\/29\/rukometni-all-star-danas-u-mostaru-stizu-karacic-maric-sego\/\" \/>\n<meta property=\"og:site_name\" content=\"RADIO LJUBU\u0160KI\" \/>\n<meta property=\"article:publisher\" content=\"https:\/\/www.facebook.com\/Radiio-Ljubuski-1490835324566332\" \/>\n<meta property=\"article:published_time\" content=\"2021-12-29T11:06:51+00:00\" \/>\n<meta property=\"article:modified_time\" content=\"2021-12-29T11:06:52+00:00\" \/>\n<meta property=\"og:image\" content=\"https:\/\/radioljubuski.ba\/wp-content\/uploads\/2021\/12\/3-2021-12-29-08-01-03-RUKOMET.jpg\" \/>\n\t<meta property=\"og:image:width\" content=\"1000\" \/>\n\t<meta property=\"og:image:height\" content=\"625\" \/>\n\t<meta property=\"og:image:type\" content=\"image\/jpeg\" \/>\n<meta name=\"author\" content=\"Radio Ljubu\u0161ki\" \/>\n<meta name=\"twitter:card\" content=\"summary_large_image\" \/>\n<meta name=\"twitter:creator\" content=\"@radioljubuski\" \/>\n<meta name=\"twitter:site\" content=\"@radioljubuski\" \/>\n<meta name=\"twitter:label1\" content=\"Napisao\/la\" \/>\n\t<meta name=\"twitter:data1\" content=\"Radio Ljubu\u0161ki\" \/>\n\t<meta name=\"twitter:label2\" content=\"Procijenjeno vrijeme \u010ditanja\" \/>\n\t<meta name=\"twitter:data2\" content=\"1 minuta\" \/>\n<script type=\"application\/ld+json\" class=\"yoast-schema-graph\">{\"@context\":\"https:\\\/\\\/schema.org\",\"@graph\":[{\"@type\":\"Article\",\"@id\":\"https:\\\/\\\/radioljubuski.ba\\\/index.php\\\/2021\\\/12\\\/29\\\/rukometni-all-star-danas-u-mostaru-stizu-karacic-maric-sego\\\/#article\",\"isPartOf\":{\"@id\":\"https:\\\/\\\/radioljubuski.ba\\\/index.php\\\/2021\\\/12\\\/29\\\/rukometni-all-star-danas-u-mostaru-stizu-karacic-maric-sego\\\/\"},\"author\":{\"name\":\"Radio Ljubu\u0161ki\",\"@id\":\"https:\\\/\\\/radioljubuski.ba\\\/#\\\/schema\\\/person\\\/19fc700381a780f69665d7956c469e3b\"},\"headline\":\"Rukometni All-Star danas u Mostaru: Sti\u017eu Kara\u010di\u0107, Mari\u0107, \u0160ego&#8230;\",\"datePublished\":\"2021-12-29T11:06:51+00:00\",\"dateModified\":\"2021-12-29T11:06:52+00:00\",\"mainEntityOfPage\":{\"@id\":\"https:\\\/\\\/radioljubuski.ba\\\/index.php\\\/2021\\\/12\\\/29\\\/rukometni-all-star-danas-u-mostaru-stizu-karacic-maric-sego\\\/\"},\"wordCount\":244,\"publisher\":{\"@id\":\"https:\\\/\\\/radioljubuski.ba\\\/#organization\"},\"image\":{\"@id\":\"https:\\\/\\\/radioljubuski.ba\\\/index.php\\\/2021\\\/12\\\/29\\\/rukometni-all-star-danas-u-mostaru-stizu-karacic-maric-sego\\\/#primaryimage\"},\"thumbnailUrl\":\"https:\\\/\\\/radioljubuski.ba\\\/wp-content\\\/uploads\\\/2021\\\/12\\\/3-2021-12-29-08-01-03-RUKOMET.jpg\",\"articleSection\":[\"\u0160port\"],\"inLanguage\":\"hr\"},{\"@type\":\"WebPage\",\"@id\":\"https:\\\/\\\/radioljubuski.ba\\\/index.php\\\/2021\\\/12\\\/29\\\/rukometni-all-star-danas-u-mostaru-stizu-karacic-maric-sego\\\/\",\"url\":\"https:\\\/\\\/radioljubuski.ba\\\/index.php\\\/2021\\\/12\\\/29\\\/rukometni-all-star-danas-u-mostaru-stizu-karacic-maric-sego\\\/\",\"name\":\"Rukometni All-Star danas u Mostaru: Sti\u017eu Kara\u010di\u0107, Mari\u0107, \u0160ego... - RADIO LJUBU\u0160KI\",\"isPartOf\":{\"@id\":\"https:\\\/\\\/radioljubuski.ba\\\/#website\"},\"primaryImageOfPage\":{\"@id\":\"https:\\\/\\\/radioljubuski.ba\\\/index.php\\\/2021\\\/12\\\/29\\\/rukometni-all-star-danas-u-mostaru-stizu-karacic-maric-sego\\\/#primaryimage\"},\"image\":{\"@id\":\"https:\\\/\\\/radioljubuski.ba\\\/index.php\\\/2021\\\/12\\\/29\\\/rukometni-all-star-danas-u-mostaru-stizu-karacic-maric-sego\\\/#primaryimage\"},\"thumbnailUrl\":\"https:\\\/\\\/radioljubuski.ba\\\/wp-content\\\/uploads\\\/2021\\\/12\\\/3-2021-12-29-08-01-03-RUKOMET.jpg\",\"datePublished\":\"2021-12-29T11:06:51+00:00\",\"dateModified\":\"2021-12-29T11:06:52+00:00\",\"breadcrumb\":{\"@id\":\"https:\\\/\\\/radioljubuski.ba\\\/index.php\\\/2021\\\/12\\\/29\\\/rukometni-all-star-danas-u-mostaru-stizu-karacic-maric-sego\\\/#breadcrumb\"},\"inLanguage\":\"hr\",\"potentialAction\":[{\"@type\":\"ReadAction\",\"target\":[\"https:\\\/\\\/radioljubuski.ba\\\/index.php\\\/2021\\\/12\\\/29\\\/rukometni-all-star-danas-u-mostaru-stizu-karacic-maric-sego\\\/\"]}]},{\"@type\":\"ImageObject\",\"inLanguage\":\"hr\",\"@id\":\"https:\\\/\\\/radioljubuski.ba\\\/index.php\\\/2021\\\/12\\\/29\\\/rukometni-all-star-danas-u-mostaru-stizu-karacic-maric-sego\\\/#primaryimage\",\"url\":\"https:\\\/\\\/radioljubuski.ba\\\/wp-content\\\/uploads\\\/2021\\\/12\\\/3-2021-12-29-08-01-03-RUKOMET.jpg\",\"contentUrl\":\"https:\\\/\\\/radioljubuski.ba\\\/wp-content\\\/uploads\\\/2021\\\/12\\\/3-2021-12-29-08-01-03-RUKOMET.jpg\",\"width\":1000,\"height\":625},{\"@type\":\"BreadcrumbList\",\"@id\":\"https:\\\/\\\/radioljubuski.ba\\\/index.php\\\/2021\\\/12\\\/29\\\/rukometni-all-star-danas-u-mostaru-stizu-karacic-maric-sego\\\/#breadcrumb\",\"itemListElement\":[{\"@type\":\"ListItem\",\"position\":1,\"name\":\"Po\u010detna stranica\",\"item\":\"https:\\\/\\\/radioljubuski.ba\\\/\"},{\"@type\":\"ListItem\",\"position\":2,\"name\":\"Rukometni All-Star danas u Mostaru: Sti\u017eu Kara\u010di\u0107, Mari\u0107, \u0160ego&#8230;\"}]},{\"@type\":\"WebSite\",\"@id\":\"https:\\\/\\\/radioljubuski.ba\\\/#website\",\"url\":\"https:\\\/\\\/radioljubuski.ba\\\/\",\"name\":\"Radio Ljubu\u0161ki\",\"description\":\"Sun\u010dana frekvencija Hercegovine\",\"publisher\":{\"@id\":\"https:\\\/\\\/radioljubuski.ba\\\/#organization\"},\"potentialAction\":[{\"@type\":\"SearchAction\",\"target\":{\"@type\":\"EntryPoint\",\"urlTemplate\":\"https:\\\/\\\/radioljubuski.ba\\\/?s={search_term_string}\"},\"query-input\":{\"@type\":\"PropertyValueSpecification\",\"valueRequired\":true,\"valueName\":\"search_term_string\"}}],\"inLanguage\":\"hr\"},{\"@type\":\"Organization\",\"@id\":\"https:\\\/\\\/radioljubuski.ba\\\/#organization\",\"name\":\"Radio Ljubu\u0161ki\",\"url\":\"https:\\\/\\\/radioljubuski.ba\\\/\",\"logo\":{\"@type\":\"ImageObject\",\"inLanguage\":\"hr\",\"@id\":\"https:\\\/\\\/radioljubuski.ba\\\/#\\\/schema\\\/logo\\\/image\\\/\",\"url\":\"https:\\\/\\\/radioljubuski.ba\\\/wp-content\\\/uploads\\\/2021\\\/02\\\/cropped-Radio_Ljubuski_logo1.jpg\",\"contentUrl\":\"https:\\\/\\\/radioljubuski.ba\\\/wp-content\\\/uploads\\\/2021\\\/02\\\/cropped-Radio_Ljubuski_logo1.jpg\",\"width\":512,\"height\":512,\"caption\":\"Radio Ljubu\u0161ki\"},\"image\":{\"@id\":\"https:\\\/\\\/radioljubuski.ba\\\/#\\\/schema\\\/logo\\\/image\\\/\"},\"sameAs\":[\"https:\\\/\\\/www.facebook.com\\\/Radiio-Ljubuski-1490835324566332\",\"https:\\\/\\\/x.com\\\/radioljubuski\",\"https:\\\/\\\/hr.linkedin.com\\\/company\\\/radio-ljubuski\",\"https:\\\/\\\/www.youtube.com\\\/channel\\\/UCHYaeO_n0Db3tjNGudGpXyw\"]},{\"@type\":\"Person\",\"@id\":\"https:\\\/\\\/radioljubuski.ba\\\/#\\\/schema\\\/person\\\/19fc700381a780f69665d7956c469e3b\",\"name\":\"Radio Ljubu\u0161ki\"}]}<\/script>\n<!-- \/ Yoast SEO plugin. -->","yoast_head_json":{"title":"Rukometni All-Star danas u Mostaru: Sti\u017eu Kara\u010di\u0107, Mari\u0107, \u0160ego... - RADIO LJUBU\u0160KI","robots":{"index":"index","follow":"follow","max-snippet":"max-snippet:-1","max-image-preview":"max-image-preview:large","max-video-preview":"max-video-preview:-1"},"canonical":"https:\/\/radioljubuski.ba\/index.php\/2021\/12\/29\/rukometni-all-star-danas-u-mostaru-stizu-karacic-maric-sego\/","og_locale":"hr_HR","og_type":"article","og_title":"Rukometni All-Star danas u Mostaru: Sti\u017eu Kara\u010di\u0107, Mari\u0107, \u0160ego... - RADIO LJUBU\u0160KI","og_description":"Mostar \u0107e danas od 17 sati ugostiti prvi Rukometni All-Star spektakl na kojem su svoj dolazak potvrdila gotovo sva velika rukometna imena koja su u pro\u0161losti branila boje kluba. Igor Kara\u010di\u0107, Marino Mari\u0107, Marin \u0160ego, Filip Vistorop, Marijan Mari\u0107, Fahrudin Meli\u0107, Darko Martinovi\u0107, Bernard Mandari\u0107 i brojna druga imena danas \u0107e me\u0111usobno odmjeriti snage u [&hellip;]","og_url":"https:\/\/radioljubuski.ba\/index.php\/2021\/12\/29\/rukometni-all-star-danas-u-mostaru-stizu-karacic-maric-sego\/","og_site_name":"RADIO LJUBU\u0160KI","article_publisher":"https:\/\/www.facebook.com\/Radiio-Ljubuski-1490835324566332","article_published_time":"2021-12-29T11:06:51+00:00","article_modified_time":"2021-12-29T11:06:52+00:00","og_image":[{"width":1000,"height":625,"url":"https:\/\/radioljubuski.ba\/wp-content\/uploads\/2021\/12\/3-2021-12-29-08-01-03-RUKOMET.jpg","type":"image\/jpeg"}],"author":"Radio Ljubu\u0161ki","twitter_card":"summary_large_image","twitter_creator":"@radioljubuski","twitter_site":"@radioljubuski","twitter_misc":{"Napisao\/la":"Radio Ljubu\u0161ki","Procijenjeno vrijeme \u010ditanja":"1 minuta"},"schema":{"@context":"https:\/\/schema.org","@graph":[{"@type":"Article","@id":"https:\/\/radioljubuski.ba\/index.php\/2021\/12\/29\/rukometni-all-star-danas-u-mostaru-stizu-karacic-maric-sego\/#article","isPartOf":{"@id":"https:\/\/radioljubuski.ba\/index.php\/2021\/12\/29\/rukometni-all-star-danas-u-mostaru-stizu-karacic-maric-sego\/"},"author":{"name":"Radio Ljubu\u0161ki","@id":"https:\/\/radioljubuski.ba\/#\/schema\/person\/19fc700381a780f69665d7956c469e3b"},"headline":"Rukometni All-Star danas u Mostaru: Sti\u017eu Kara\u010di\u0107, Mari\u0107, \u0160ego&#8230;","datePublished":"2021-12-29T11:06:51+00:00","dateModified":"2021-12-29T11:06:52+00:00","mainEntityOfPage":{"@id":"https:\/\/radioljubuski.ba\/index.php\/2021\/12\/29\/rukometni-all-star-danas-u-mostaru-stizu-karacic-maric-sego\/"},"wordCount":244,"publisher":{"@id":"https:\/\/radioljubuski.ba\/#organization"},"image":{"@id":"https:\/\/radioljubuski.ba\/index.php\/2021\/12\/29\/rukometni-all-star-danas-u-mostaru-stizu-karacic-maric-sego\/#primaryimage"},"thumbnailUrl":"https:\/\/radioljubuski.ba\/wp-content\/uploads\/2021\/12\/3-2021-12-29-08-01-03-RUKOMET.jpg","articleSection":["\u0160port"],"inLanguage":"hr"},{"@type":"WebPage","@id":"https:\/\/radioljubuski.ba\/index.php\/2021\/12\/29\/rukometni-all-star-danas-u-mostaru-stizu-karacic-maric-sego\/","url":"https:\/\/radioljubuski.ba\/index.php\/2021\/12\/29\/rukometni-all-star-danas-u-mostaru-stizu-karacic-maric-sego\/","name":"Rukometni All-Star danas u Mostaru: Sti\u017eu Kara\u010di\u0107, Mari\u0107, \u0160ego... - RADIO LJUBU\u0160KI","isPartOf":{"@id":"https:\/\/radioljubuski.ba\/#website"},"primaryImageOfPage":{"@id":"https:\/\/radioljubuski.ba\/index.php\/2021\/12\/29\/rukometni-all-star-danas-u-mostaru-stizu-karacic-maric-sego\/#primaryimage"},"image":{"@id":"https:\/\/radioljubuski.ba\/index.php\/2021\/12\/29\/rukometni-all-star-danas-u-mostaru-stizu-karacic-maric-sego\/#primaryimage"},"thumbnailUrl":"https:\/\/radioljubuski.ba\/wp-content\/uploads\/2021\/12\/3-2021-12-29-08-01-03-RUKOMET.jpg","datePublished":"2021-12-29T11:06:51+00:00","dateModified":"2021-12-29T11:06:52+00:00","breadcrumb":{"@id":"https:\/\/radioljubuski.ba\/index.php\/2021\/12\/29\/rukometni-all-star-danas-u-mostaru-stizu-karacic-maric-sego\/#breadcrumb"},"inLanguage":"hr","potentialAction":[{"@type":"ReadAction","target":["https:\/\/radioljubuski.ba\/index.php\/2021\/12\/29\/rukometni-all-star-danas-u-mostaru-stizu-karacic-maric-sego\/"]}]},{"@type":"ImageObject","inLanguage":"hr","@id":"https:\/\/radioljubuski.ba\/index.php\/2021\/12\/29\/rukometni-all-star-danas-u-mostaru-stizu-karacic-maric-sego\/#primaryimage","url":"https:\/\/radioljubuski.ba\/wp-content\/uploads\/2021\/12\/3-2021-12-29-08-01-03-RUKOMET.jpg","contentUrl":"https:\/\/radioljubuski.ba\/wp-content\/uploads\/2021\/12\/3-2021-12-29-08-01-03-RUKOMET.jpg","width":1000,"height":625},{"@type":"BreadcrumbList","@id":"https:\/\/radioljubuski.ba\/index.php\/2021\/12\/29\/rukometni-all-star-danas-u-mostaru-stizu-karacic-maric-sego\/#breadcrumb","itemListElement":[{"@type":"ListItem","position":1,"name":"Po\u010detna stranica","item":"https:\/\/radioljubuski.ba\/"},{"@type":"ListItem","position":2,"name":"Rukometni All-Star danas u Mostaru: Sti\u017eu Kara\u010di\u0107, Mari\u0107, \u0160ego&#8230;"}]},{"@type":"WebSite","@id":"https:\/\/radioljubuski.ba\/#website","url":"https:\/\/radioljubuski.ba\/","name":"Radio Ljubu\u0161ki","description":"Sun\u010dana frekvencija Hercegovine","publisher":{"@id":"https:\/\/radioljubuski.ba\/#organization"},"potentialAction":[{"@type":"SearchAction","target":{"@type":"EntryPoint","urlTemplate":"https:\/\/radioljubuski.ba\/?s={search_term_string}"},"query-input":{"@type":"PropertyValueSpecification","valueRequired":true,"valueName":"search_term_string"}}],"inLanguage":"hr"},{"@type":"Organization","@id":"https:\/\/radioljubuski.ba\/#organization","name":"Radio Ljubu\u0161ki","url":"https:\/\/radioljubuski.ba\/","logo":{"@type":"ImageObject","inLanguage":"hr","@id":"https:\/\/radioljubuski.ba\/#\/schema\/logo\/image\/","url":"https:\/\/radioljubuski.ba\/wp-content\/uploads\/2021\/02\/cropped-Radio_Ljubuski_logo1.jpg","contentUrl":"https:\/\/radioljubuski.ba\/wp-content\/uploads\/2021\/02\/cropped-Radio_Ljubuski_logo1.jpg","width":512,"height":512,"caption":"Radio Ljubu\u0161ki"},"image":{"@id":"https:\/\/radioljubuski.ba\/#\/schema\/logo\/image\/"},"sameAs":["https:\/\/www.facebook.com\/Radiio-Ljubuski-1490835324566332","https:\/\/x.com\/radioljubuski","https:\/\/hr.linkedin.com\/company\/radio-ljubuski","https:\/\/www.youtube.com\/channel\/UCHYaeO_n0Db3tjNGudGpXyw"]},{"@type":"Person","@id":"https:\/\/radioljubuski.ba\/#\/schema\/person\/19fc700381a780f69665d7956c469e3b","name":"Radio Ljubu\u0161ki"}]}},"_links":{"self":[{"href":"https:\/\/radioljubuski.ba\/index.php\/wp-json\/wp\/v2\/posts\/103662","targetHints":{"allow":["GET"]}}],"collection":[{"href":"https:\/\/radioljubuski.ba\/index.php\/wp-json\/wp\/v2\/posts"}],"about":[{"href":"https:\/\/radioljubuski.ba\/index.php\/wp-json\/wp\/v2\/types\/post"}],"author":[{"embeddable":true,"href":"https:\/\/radioljubuski.ba\/index.php\/wp-json\/wp\/v2\/users\/2"}],"replies":[{"embeddable":true,"href":"https:\/\/radioljubuski.ba\/index.php\/wp-json\/wp\/v2\/comments?post=103662"}],"version-history":[{"count":1,"href":"https:\/\/radioljubuski.ba\/index.php\/wp-json\/wp\/v2\/posts\/103662\/revisions"}],"predecessor-version":[{"id":103664,"href":"https:\/\/radioljubuski.ba\/index.php\/wp-json\/wp\/v2\/posts\/103662\/revisions\/103664"}],"wp:featuredmedia":[{"embeddable":true,"href":"https:\/\/radioljubuski.ba\/index.php\/wp-json\/wp\/v2\/media\/103663"}],"wp:attachment":[{"href":"https:\/\/radioljubuski.ba\/index.php\/wp-json\/wp\/v2\/media?parent=103662"}],"wp:term":[{"taxonomy":"category","embeddable":true,"href":"https:\/\/radioljubuski.ba\/index.php\/wp-json\/wp\/v2\/categories?post=103662"},{"taxonomy":"post_tag","embeddable":true,"href":"https:\/\/radioljubuski.ba\/index.php\/wp-json\/wp\/v2\/tags?post=103662"}],"curies":[{"name":"wp","href":"https:\/\/api.w.org\/{rel}","templated":true}]}}