{"id":103667,"date":"2021-12-29T12:10:36","date_gmt":"2021-12-29T11:10:36","guid":{"rendered":"https:\/\/radioljubuski.ba\/?p=103667"},"modified":"2021-12-29T12:10:37","modified_gmt":"2021-12-29T11:10:37","slug":"dodik-bez-treceg-entiteta-nema-bih-hrvati-trebaju-autenticnog-predstavnika","status":"publish","type":"post","link":"https:\/\/radioljubuski.ba\/index.php\/2021\/12\/29\/dodik-bez-treceg-entiteta-nema-bih-hrvati-trebaju-autenticnog-predstavnika\/","title":{"rendered":"Dodik: Bez tre\u0107eg entiteta nema BiH, Hrvati trebaju autenti\u010dnog predstavnika"},"content":{"rendered":"\n<p>Bosna i Hercegovina pro\u017eivljava najte\u017eu politi\u010dku krizu od potpisivanja Daytonskog mirovnog sporazuma. Pregovori o izmjeni spornog izbornog zakona nisu donijeli nikakav napredak. Na njima najvi\u0161e ustraju Hrvati, koji tra\u017ee da sami mogu birati svoje politi\u010dke predstavnike. Biv\u0161i visoki predstavnik me\u0111unarodne zajednice <strong>Valentin Inzko<\/strong> nametanjem izmjena Kaznenog zakona kojima se ka\u017enjava svako negiranje genocida i ratnih zlo\u010dina na kraju svog mandata izazvao je veliko nezadovoljstvo vodstva Republike Srpske, koje se povuklo iz dr\u017eavnih institucija. Uz to, \u010delnik bosanskih Srba<strong> Milorad Dodik <\/strong>prijeti da \u0107e zabraniti djelovanje dr\u017eavnog suda i tu\u017eiteljstva BiH na teritoriju Republike Srpske te preuzeti ovlasti za imenovanje sudaca i tu\u017eitelja. U Sarajevu su odmah takve zahtjeve ocijenili kao ru\u0161enje dr\u017eave i korak prema izdvajanju entiteta iz BiH. Dodik pak tvrdi da je sve u skladu s Daytonskim sporazumom. S \u010delnikom bosanskih Srba za HTV-ov Dnevnik razgovarao je <strong>Igor Rotim<\/strong>.<\/p>\n\n\n\n<p>Upitan mo\u017ee li se odluka o de facto izlasku iz ustavnopravnog poretka BiH, koju je donio 10. prosinca, dovr\u0161iti bez novoga rata, Dodik je za HTV-ov sredi\u0161nji Dnevnik rekao da rat kao opcija nije previ\u0111en.<br><br>&#8211; To nije izlazak iz ustavnopravnog poretka, to je povratak ustavnopravnom poretku. Kad \u010ditate ustav, onda \u0107ete vidjeti da je to primjena, mi smo posve\u0107eni primjeni ustava i ustavnopravnog poretka. Bilo je mnogo devijacija u BiH. BiH nije uspjela da za\u017eivi svo ovo vrijeme. Bez obzira na bezo\u010dno kr\u0161enje ustava koje \u010dine stranci koji dr\u017ee BiH kao jedinu koloniju u Europi, rekao je Dodik.<\/p>\n\n\n\n<p><br>&#8211; BiH nije dato previ\u0161e ustavom tako da joj se ni\u0161ta ni ne oduzima. BiH se vra\u0107a u ustavni poredak. Uzeto je Republici Srpskoj, uzeto je Federaciji, uzeto je konstitutivnim narodima, sve da bi se promovirala neka zajedni\u010dka institucija koja nikad nije dala rezultate, ustvrdio je.<br><br>Me\u0111unarodna zajednica je kriti\u010dna prema ovom potezu. Najavljuju se sankcije.&nbsp;<br><br>&#8211; Ima mnogo ljudi koji razumiju situaciju, \u010dak i oni koji prijete sankcijama, oni vrlo dobro razumiju. Zato i prijete sankcijama jer nemaju drugi odgovor, nemaju ustavnopravni odgovor, tako da ne mogu ni\u0161ta drugo u\u010diniti nego da pukom silom zadr\u017ee postoje\u0107e kr\u0161enje ustavnog poretka u BiH, rekao je Dodik.<br><br>Politi\u010dka kriza po\u010dela je nakon odluke prethodnog visokog predstavnika o sankcioniranju negiranja genocida. Upitan \u0161to je sporno u toj odluci te za\u0161to ne priznaje da je u Srebrenici po\u010dinjen genocid, Dodik je odgovorio:<br><br>&#8211; Sporno je da neizabrani stranac u bilo kojoj zemlji, a pogotovo u me\u0111unarodno priznatoj kao \u0161to je BiH, mo\u017ee nametati bilo kakav zakon. Takav visoki predstavnik u liku nekoliko figura je nametnuo 140 zakona u BiH. I djelovalo je da to ne\u0107e vi\u0161e \u010diniti, no onda je Inzko vratio staru praksu nametanja zakona. To je su\u0161tina \u0161to se nas ti\u010de, neizabrani stranac name\u0107e zakone. Naravno da imamo problema i sa su\u0161tinom, a su\u0161tina je stvar rasprave koja bi se trebala dogoditi u Parlamentu, da se o njoj eventualno razgovara, ali to se nikad nije dogodilo, rekao je Dodik, dodav\u0161i kako ima onih koji tvrde da se u Srebrenici dogodio genocid i onih koji tvrde da nije.<br><br><strong>&#8220;BiH je maligno oboljela. Ona nema \u0161anse uspjeti&#8221;<\/strong><br><br>Institucije BiH su blokirane. Posljednja sjednica Predsjedni\u0161tva BiH bila je na rubu fizi\u010dkog sukoba. Ima li prostora za izgradnju zajedni\u010dke dr\u017eave po mjeri sva tri naroda?<br><br>&#8211; Ne \u017eelim se pridru\u017eiti mnogim iluzionistima koji poku\u0161avaju odr\u017eati tu neku imaginarnu pri\u010du o BiH. Ona je imala \u0161ansu po\u0161tuju\u0107i prije svega konstitutivne narode &#8211; to su Srbi, Hrvati i Bo\u0161njaci &#8211; i njihova prava da se izraze na nivou BiH. To se ve\u0107 20 godina ru\u0161i. I tako je BiH maligno oboljela. Ona nema \u0161anse uspjeti. Pogotovo kada u ovom trenutku vidite da imate dva naroda koja izra\u017eavaju nezadovoljstvo trenutnim stanjem u BiH, to su Srbi, mi, i Hrvati, koji su s pravom ljuti na ovakav sustav u kojem se preglasavaju. To\u010dno onoliko glasova koliko Kom\u0161i\u0107u treba da pobijedi autenti\u010dnog hrvatskog predstavnika. Zbog broja Hrvata ovdje, hrvatskog izbornog tijela, Muslimani imaju taj komoditet da izaberu svog Hrvata po volji. Sve \u0161to je protiv Hrvatske, hrvatskog naroda i hrvatskih interesa u BiH, tu prednja\u010di <strong>\u017deljko Kom\u0161i\u0107<\/strong>. Ja sam spreman da to posvjedo\u010dim svagdje na svijetu. To nije fer prema konstitutivnim narodima. Treba dozvoliti Hrvatima da izaberu svoga autenti\u010dnog predstavnika, ja se zala\u017eem za takvu politiku, i to bi moglo dati nekakvu \u0161ansu BiH. Ovako, nema \u0161anse, poru\u010dio je.<br><br>Upitan koliko je vjerojatno da se do prolje\u0107a donese novi izborni zakon, Dodik je odgovorio kako misli da to nije mogu\u0107e.<br><br>&#8211; To radimo od 2011. godine. Pa sad, ako netko zaista u sebi ima toliko optimizma da misli da je mogu\u0107e, evo ja \u0107u biti realist, mislim da nije mogu\u0107e, rekao je Dodik.<\/p>\n\n\n\n<p>&#8211; Muslimani su sebe zarobili u tvrdnji kako to zna\u010di, ako se da pravo da Hrvati izabiru svoga, hrvatskog predstavnika u Predsjedni\u0161tvo, da to zna\u010di tre\u0107i entitet, a oni su navodno protiv tre\u0107eg entiteta. A ja opet mislim da bez tre\u0107eg entiteta nema nikakve Bosne i Hercegovine. Ja mislim da bi to bilo fer. I sve se mo\u017ee dogovoriti. Ali Muslimani imaju namjeru da preglasaju, i to <strong>Bakir Izetbegovi\u0107<\/strong> otvoreno govori kada ka\u017ee, ne samo u Predsjedni\u0161tvu, sad i u Domu naroda, to zna\u010di da ih nema kao politi\u010dkog naroda, zaklju\u010dio je Dodik.<\/p>\n\n\n\n<div style=\"width: 640px;\" class=\"wp-video\"><video class=\"wp-video-shortcode\" id=\"video-103667-1\" width=\"640\" height=\"360\" preload=\"metadata\" controls=\"controls\"><source type=\"video\/mp4\" src=\"https:\/\/api.hrt.hr\/media\/1b\/7f\/tvd2-interwiev-dodik1-20211228191657.mp4?_=1\" \/><a href=\"https:\/\/api.hrt.hr\/media\/1b\/7f\/tvd2-interwiev-dodik1-20211228191657.mp4\">https:\/\/api.hrt.hr\/media\/1b\/7f\/tvd2-interwiev-dodik1-20211228191657.mp4<\/a><\/video><\/div>\n\n\n\n<p>Izvor:hrt.hr<\/p>\n","protected":false},"excerpt":{"rendered":"<p>Bosna i Hercegovina pro\u017eivljava najte\u017eu politi\u010dku krizu od potpisivanja Daytonskog mirovnog sporazuma. Pregovori o izmjeni spornog izbornog zakona nisu donijeli nikakav napredak. Na njima najvi\u0161e ustraju Hrvati, koji tra\u017ee da sami mogu birati svoje politi\u010dke predstavnike. Biv\u0161i visoki predstavnik me\u0111unarodne zajednice Valentin Inzko nametanjem izmjena Kaznenog zakona kojima se ka\u017enjava svako negiranje genocida i ratnih [&hellip;]<\/p>\n","protected":false},"author":2,"featured_media":103668,"comment_status":"closed","ping_status":"closed","sticky":false,"template":"","format":"standard","meta":{"h5ap_radio_sources":[],"footnotes":""},"categories":[1],"tags":[],"class_list":["post-103667","post","type-post","status-publish","format-standard","has-post-thumbnail","hentry","category-bihiregija"],"yoast_head":"<!-- This site is optimized with the Yoast SEO plugin v27.5 - https:\/\/yoast.com\/product\/yoast-seo-wordpress\/ -->\n<title>Dodik: Bez tre\u0107eg entiteta nema BiH, Hrvati trebaju autenti\u010dnog predstavnika - RADIO LJUBU\u0160KI<\/title>\n<meta name=\"robots\" content=\"index, follow, max-snippet:-1, max-image-preview:large, max-video-preview:-1\" \/>\n<link rel=\"canonical\" href=\"https:\/\/radioljubuski.ba\/index.php\/2021\/12\/29\/dodik-bez-treceg-entiteta-nema-bih-hrvati-trebaju-autenticnog-predstavnika\/\" \/>\n<meta property=\"og:locale\" content=\"hr_HR\" \/>\n<meta property=\"og:type\" content=\"article\" \/>\n<meta property=\"og:title\" content=\"Dodik: Bez tre\u0107eg entiteta nema BiH, Hrvati trebaju autenti\u010dnog predstavnika - RADIO LJUBU\u0160KI\" \/>\n<meta property=\"og:description\" content=\"Bosna i Hercegovina pro\u017eivljava najte\u017eu politi\u010dku krizu od potpisivanja Daytonskog mirovnog sporazuma. Pregovori o izmjeni spornog izbornog zakona nisu donijeli nikakav napredak. Na njima najvi\u0161e ustraju Hrvati, koji tra\u017ee da sami mogu birati svoje politi\u010dke predstavnike. Biv\u0161i visoki predstavnik me\u0111unarodne zajednice Valentin Inzko nametanjem izmjena Kaznenog zakona kojima se ka\u017enjava svako negiranje genocida i ratnih [&hellip;]\" \/>\n<meta property=\"og:url\" content=\"https:\/\/radioljubuski.ba\/index.php\/2021\/12\/29\/dodik-bez-treceg-entiteta-nema-bih-hrvati-trebaju-autenticnog-predstavnika\/\" \/>\n<meta property=\"og:site_name\" content=\"RADIO LJUBU\u0160KI\" \/>\n<meta property=\"article:publisher\" content=\"https:\/\/www.facebook.com\/Radiio-Ljubuski-1490835324566332\" \/>\n<meta property=\"article:published_time\" content=\"2021-12-29T11:10:36+00:00\" \/>\n<meta property=\"article:modified_time\" content=\"2021-12-29T11:10:37+00:00\" \/>\n<meta property=\"og:image\" content=\"https:\/\/radioljubuski.ba\/wp-content\/uploads\/2021\/12\/873x400-7.jpg\" \/>\n\t<meta property=\"og:image:width\" content=\"750\" \/>\n\t<meta property=\"og:image:height\" content=\"465\" \/>\n\t<meta property=\"og:image:type\" content=\"image\/jpeg\" \/>\n<meta name=\"author\" content=\"Radio Ljubu\u0161ki\" \/>\n<meta name=\"twitter:card\" content=\"summary_large_image\" \/>\n<meta name=\"twitter:creator\" content=\"@radioljubuski\" \/>\n<meta name=\"twitter:site\" content=\"@radioljubuski\" \/>\n<meta name=\"twitter:label1\" content=\"Napisao\/la\" \/>\n\t<meta name=\"twitter:data1\" content=\"Radio Ljubu\u0161ki\" \/>\n\t<meta name=\"twitter:label2\" content=\"Procijenjeno vrijeme \u010ditanja\" \/>\n\t<meta name=\"twitter:data2\" content=\"4 minute\" \/>\n<script type=\"application\/ld+json\" class=\"yoast-schema-graph\">{\"@context\":\"https:\\\/\\\/schema.org\",\"@graph\":[{\"@type\":\"Article\",\"@id\":\"https:\\\/\\\/radioljubuski.ba\\\/index.php\\\/2021\\\/12\\\/29\\\/dodik-bez-treceg-entiteta-nema-bih-hrvati-trebaju-autenticnog-predstavnika\\\/#article\",\"isPartOf\":{\"@id\":\"https:\\\/\\\/radioljubuski.ba\\\/index.php\\\/2021\\\/12\\\/29\\\/dodik-bez-treceg-entiteta-nema-bih-hrvati-trebaju-autenticnog-predstavnika\\\/\"},\"author\":{\"name\":\"Radio Ljubu\u0161ki\",\"@id\":\"https:\\\/\\\/radioljubuski.ba\\\/#\\\/schema\\\/person\\\/19fc700381a780f69665d7956c469e3b\"},\"headline\":\"Dodik: Bez tre\u0107eg entiteta nema BiH, Hrvati trebaju autenti\u010dnog predstavnika\",\"datePublished\":\"2021-12-29T11:10:36+00:00\",\"dateModified\":\"2021-12-29T11:10:37+00:00\",\"mainEntityOfPage\":{\"@id\":\"https:\\\/\\\/radioljubuski.ba\\\/index.php\\\/2021\\\/12\\\/29\\\/dodik-bez-treceg-entiteta-nema-bih-hrvati-trebaju-autenticnog-predstavnika\\\/\"},\"wordCount\":967,\"publisher\":{\"@id\":\"https:\\\/\\\/radioljubuski.ba\\\/#organization\"},\"image\":{\"@id\":\"https:\\\/\\\/radioljubuski.ba\\\/index.php\\\/2021\\\/12\\\/29\\\/dodik-bez-treceg-entiteta-nema-bih-hrvati-trebaju-autenticnog-predstavnika\\\/#primaryimage\"},\"thumbnailUrl\":\"https:\\\/\\\/radioljubuski.ba\\\/wp-content\\\/uploads\\\/2021\\\/12\\\/873x400-7.jpg\",\"articleSection\":[\"BIH i regija\"],\"inLanguage\":\"hr\"},{\"@type\":\"WebPage\",\"@id\":\"https:\\\/\\\/radioljubuski.ba\\\/index.php\\\/2021\\\/12\\\/29\\\/dodik-bez-treceg-entiteta-nema-bih-hrvati-trebaju-autenticnog-predstavnika\\\/\",\"url\":\"https:\\\/\\\/radioljubuski.ba\\\/index.php\\\/2021\\\/12\\\/29\\\/dodik-bez-treceg-entiteta-nema-bih-hrvati-trebaju-autenticnog-predstavnika\\\/\",\"name\":\"Dodik: Bez tre\u0107eg entiteta nema BiH, Hrvati trebaju autenti\u010dnog predstavnika - RADIO LJUBU\u0160KI\",\"isPartOf\":{\"@id\":\"https:\\\/\\\/radioljubuski.ba\\\/#website\"},\"primaryImageOfPage\":{\"@id\":\"https:\\\/\\\/radioljubuski.ba\\\/index.php\\\/2021\\\/12\\\/29\\\/dodik-bez-treceg-entiteta-nema-bih-hrvati-trebaju-autenticnog-predstavnika\\\/#primaryimage\"},\"image\":{\"@id\":\"https:\\\/\\\/radioljubuski.ba\\\/index.php\\\/2021\\\/12\\\/29\\\/dodik-bez-treceg-entiteta-nema-bih-hrvati-trebaju-autenticnog-predstavnika\\\/#primaryimage\"},\"thumbnailUrl\":\"https:\\\/\\\/radioljubuski.ba\\\/wp-content\\\/uploads\\\/2021\\\/12\\\/873x400-7.jpg\",\"datePublished\":\"2021-12-29T11:10:36+00:00\",\"dateModified\":\"2021-12-29T11:10:37+00:00\",\"breadcrumb\":{\"@id\":\"https:\\\/\\\/radioljubuski.ba\\\/index.php\\\/2021\\\/12\\\/29\\\/dodik-bez-treceg-entiteta-nema-bih-hrvati-trebaju-autenticnog-predstavnika\\\/#breadcrumb\"},\"inLanguage\":\"hr\",\"potentialAction\":[{\"@type\":\"ReadAction\",\"target\":[\"https:\\\/\\\/radioljubuski.ba\\\/index.php\\\/2021\\\/12\\\/29\\\/dodik-bez-treceg-entiteta-nema-bih-hrvati-trebaju-autenticnog-predstavnika\\\/\"]}]},{\"@type\":\"ImageObject\",\"inLanguage\":\"hr\",\"@id\":\"https:\\\/\\\/radioljubuski.ba\\\/index.php\\\/2021\\\/12\\\/29\\\/dodik-bez-treceg-entiteta-nema-bih-hrvati-trebaju-autenticnog-predstavnika\\\/#primaryimage\",\"url\":\"https:\\\/\\\/radioljubuski.ba\\\/wp-content\\\/uploads\\\/2021\\\/12\\\/873x400-7.jpg\",\"contentUrl\":\"https:\\\/\\\/radioljubuski.ba\\\/wp-content\\\/uploads\\\/2021\\\/12\\\/873x400-7.jpg\",\"width\":750,\"height\":465},{\"@type\":\"BreadcrumbList\",\"@id\":\"https:\\\/\\\/radioljubuski.ba\\\/index.php\\\/2021\\\/12\\\/29\\\/dodik-bez-treceg-entiteta-nema-bih-hrvati-trebaju-autenticnog-predstavnika\\\/#breadcrumb\",\"itemListElement\":[{\"@type\":\"ListItem\",\"position\":1,\"name\":\"Po\u010detna stranica\",\"item\":\"https:\\\/\\\/radioljubuski.ba\\\/\"},{\"@type\":\"ListItem\",\"position\":2,\"name\":\"Dodik: Bez tre\u0107eg entiteta nema BiH, Hrvati trebaju autenti\u010dnog predstavnika\"}]},{\"@type\":\"WebSite\",\"@id\":\"https:\\\/\\\/radioljubuski.ba\\\/#website\",\"url\":\"https:\\\/\\\/radioljubuski.ba\\\/\",\"name\":\"Radio Ljubu\u0161ki\",\"description\":\"Sun\u010dana frekvencija Hercegovine\",\"publisher\":{\"@id\":\"https:\\\/\\\/radioljubuski.ba\\\/#organization\"},\"potentialAction\":[{\"@type\":\"SearchAction\",\"target\":{\"@type\":\"EntryPoint\",\"urlTemplate\":\"https:\\\/\\\/radioljubuski.ba\\\/?s={search_term_string}\"},\"query-input\":{\"@type\":\"PropertyValueSpecification\",\"valueRequired\":true,\"valueName\":\"search_term_string\"}}],\"inLanguage\":\"hr\"},{\"@type\":\"Organization\",\"@id\":\"https:\\\/\\\/radioljubuski.ba\\\/#organization\",\"name\":\"Radio Ljubu\u0161ki\",\"url\":\"https:\\\/\\\/radioljubuski.ba\\\/\",\"logo\":{\"@type\":\"ImageObject\",\"inLanguage\":\"hr\",\"@id\":\"https:\\\/\\\/radioljubuski.ba\\\/#\\\/schema\\\/logo\\\/image\\\/\",\"url\":\"https:\\\/\\\/radioljubuski.ba\\\/wp-content\\\/uploads\\\/2021\\\/02\\\/cropped-Radio_Ljubuski_logo1.jpg\",\"contentUrl\":\"https:\\\/\\\/radioljubuski.ba\\\/wp-content\\\/uploads\\\/2021\\\/02\\\/cropped-Radio_Ljubuski_logo1.jpg\",\"width\":512,\"height\":512,\"caption\":\"Radio Ljubu\u0161ki\"},\"image\":{\"@id\":\"https:\\\/\\\/radioljubuski.ba\\\/#\\\/schema\\\/logo\\\/image\\\/\"},\"sameAs\":[\"https:\\\/\\\/www.facebook.com\\\/Radiio-Ljubuski-1490835324566332\",\"https:\\\/\\\/x.com\\\/radioljubuski\",\"https:\\\/\\\/hr.linkedin.com\\\/company\\\/radio-ljubuski\",\"https:\\\/\\\/www.youtube.com\\\/channel\\\/UCHYaeO_n0Db3tjNGudGpXyw\"]},{\"@type\":\"Person\",\"@id\":\"https:\\\/\\\/radioljubuski.ba\\\/#\\\/schema\\\/person\\\/19fc700381a780f69665d7956c469e3b\",\"name\":\"Radio Ljubu\u0161ki\"}]}<\/script>\n<!-- \/ Yoast SEO plugin. -->","yoast_head_json":{"title":"Dodik: Bez tre\u0107eg entiteta nema BiH, Hrvati trebaju autenti\u010dnog predstavnika - RADIO LJUBU\u0160KI","robots":{"index":"index","follow":"follow","max-snippet":"max-snippet:-1","max-image-preview":"max-image-preview:large","max-video-preview":"max-video-preview:-1"},"canonical":"https:\/\/radioljubuski.ba\/index.php\/2021\/12\/29\/dodik-bez-treceg-entiteta-nema-bih-hrvati-trebaju-autenticnog-predstavnika\/","og_locale":"hr_HR","og_type":"article","og_title":"Dodik: Bez tre\u0107eg entiteta nema BiH, Hrvati trebaju autenti\u010dnog predstavnika - RADIO LJUBU\u0160KI","og_description":"Bosna i Hercegovina pro\u017eivljava najte\u017eu politi\u010dku krizu od potpisivanja Daytonskog mirovnog sporazuma. Pregovori o izmjeni spornog izbornog zakona nisu donijeli nikakav napredak. Na njima najvi\u0161e ustraju Hrvati, koji tra\u017ee da sami mogu birati svoje politi\u010dke predstavnike. Biv\u0161i visoki predstavnik me\u0111unarodne zajednice Valentin Inzko nametanjem izmjena Kaznenog zakona kojima se ka\u017enjava svako negiranje genocida i ratnih [&hellip;]","og_url":"https:\/\/radioljubuski.ba\/index.php\/2021\/12\/29\/dodik-bez-treceg-entiteta-nema-bih-hrvati-trebaju-autenticnog-predstavnika\/","og_site_name":"RADIO LJUBU\u0160KI","article_publisher":"https:\/\/www.facebook.com\/Radiio-Ljubuski-1490835324566332","article_published_time":"2021-12-29T11:10:36+00:00","article_modified_time":"2021-12-29T11:10:37+00:00","og_image":[{"width":750,"height":465,"url":"https:\/\/radioljubuski.ba\/wp-content\/uploads\/2021\/12\/873x400-7.jpg","type":"image\/jpeg"}],"author":"Radio Ljubu\u0161ki","twitter_card":"summary_large_image","twitter_creator":"@radioljubuski","twitter_site":"@radioljubuski","twitter_misc":{"Napisao\/la":"Radio Ljubu\u0161ki","Procijenjeno vrijeme \u010ditanja":"4 minute"},"schema":{"@context":"https:\/\/schema.org","@graph":[{"@type":"Article","@id":"https:\/\/radioljubuski.ba\/index.php\/2021\/12\/29\/dodik-bez-treceg-entiteta-nema-bih-hrvati-trebaju-autenticnog-predstavnika\/#article","isPartOf":{"@id":"https:\/\/radioljubuski.ba\/index.php\/2021\/12\/29\/dodik-bez-treceg-entiteta-nema-bih-hrvati-trebaju-autenticnog-predstavnika\/"},"author":{"name":"Radio Ljubu\u0161ki","@id":"https:\/\/radioljubuski.ba\/#\/schema\/person\/19fc700381a780f69665d7956c469e3b"},"headline":"Dodik: Bez tre\u0107eg entiteta nema BiH, Hrvati trebaju autenti\u010dnog predstavnika","datePublished":"2021-12-29T11:10:36+00:00","dateModified":"2021-12-29T11:10:37+00:00","mainEntityOfPage":{"@id":"https:\/\/radioljubuski.ba\/index.php\/2021\/12\/29\/dodik-bez-treceg-entiteta-nema-bih-hrvati-trebaju-autenticnog-predstavnika\/"},"wordCount":967,"publisher":{"@id":"https:\/\/radioljubuski.ba\/#organization"},"image":{"@id":"https:\/\/radioljubuski.ba\/index.php\/2021\/12\/29\/dodik-bez-treceg-entiteta-nema-bih-hrvati-trebaju-autenticnog-predstavnika\/#primaryimage"},"thumbnailUrl":"https:\/\/radioljubuski.ba\/wp-content\/uploads\/2021\/12\/873x400-7.jpg","articleSection":["BIH i regija"],"inLanguage":"hr"},{"@type":"WebPage","@id":"https:\/\/radioljubuski.ba\/index.php\/2021\/12\/29\/dodik-bez-treceg-entiteta-nema-bih-hrvati-trebaju-autenticnog-predstavnika\/","url":"https:\/\/radioljubuski.ba\/index.php\/2021\/12\/29\/dodik-bez-treceg-entiteta-nema-bih-hrvati-trebaju-autenticnog-predstavnika\/","name":"Dodik: Bez tre\u0107eg entiteta nema BiH, Hrvati trebaju autenti\u010dnog predstavnika - RADIO LJUBU\u0160KI","isPartOf":{"@id":"https:\/\/radioljubuski.ba\/#website"},"primaryImageOfPage":{"@id":"https:\/\/radioljubuski.ba\/index.php\/2021\/12\/29\/dodik-bez-treceg-entiteta-nema-bih-hrvati-trebaju-autenticnog-predstavnika\/#primaryimage"},"image":{"@id":"https:\/\/radioljubuski.ba\/index.php\/2021\/12\/29\/dodik-bez-treceg-entiteta-nema-bih-hrvati-trebaju-autenticnog-predstavnika\/#primaryimage"},"thumbnailUrl":"https:\/\/radioljubuski.ba\/wp-content\/uploads\/2021\/12\/873x400-7.jpg","datePublished":"2021-12-29T11:10:36+00:00","dateModified":"2021-12-29T11:10:37+00:00","breadcrumb":{"@id":"https:\/\/radioljubuski.ba\/index.php\/2021\/12\/29\/dodik-bez-treceg-entiteta-nema-bih-hrvati-trebaju-autenticnog-predstavnika\/#breadcrumb"},"inLanguage":"hr","potentialAction":[{"@type":"ReadAction","target":["https:\/\/radioljubuski.ba\/index.php\/2021\/12\/29\/dodik-bez-treceg-entiteta-nema-bih-hrvati-trebaju-autenticnog-predstavnika\/"]}]},{"@type":"ImageObject","inLanguage":"hr","@id":"https:\/\/radioljubuski.ba\/index.php\/2021\/12\/29\/dodik-bez-treceg-entiteta-nema-bih-hrvati-trebaju-autenticnog-predstavnika\/#primaryimage","url":"https:\/\/radioljubuski.ba\/wp-content\/uploads\/2021\/12\/873x400-7.jpg","contentUrl":"https:\/\/radioljubuski.ba\/wp-content\/uploads\/2021\/12\/873x400-7.jpg","width":750,"height":465},{"@type":"BreadcrumbList","@id":"https:\/\/radioljubuski.ba\/index.php\/2021\/12\/29\/dodik-bez-treceg-entiteta-nema-bih-hrvati-trebaju-autenticnog-predstavnika\/#breadcrumb","itemListElement":[{"@type":"ListItem","position":1,"name":"Po\u010detna stranica","item":"https:\/\/radioljubuski.ba\/"},{"@type":"ListItem","position":2,"name":"Dodik: Bez tre\u0107eg entiteta nema BiH, Hrvati trebaju autenti\u010dnog predstavnika"}]},{"@type":"WebSite","@id":"https:\/\/radioljubuski.ba\/#website","url":"https:\/\/radioljubuski.ba\/","name":"Radio Ljubu\u0161ki","description":"Sun\u010dana frekvencija Hercegovine","publisher":{"@id":"https:\/\/radioljubuski.ba\/#organization"},"potentialAction":[{"@type":"SearchAction","target":{"@type":"EntryPoint","urlTemplate":"https:\/\/radioljubuski.ba\/?s={search_term_string}"},"query-input":{"@type":"PropertyValueSpecification","valueRequired":true,"valueName":"search_term_string"}}],"inLanguage":"hr"},{"@type":"Organization","@id":"https:\/\/radioljubuski.ba\/#organization","name":"Radio Ljubu\u0161ki","url":"https:\/\/radioljubuski.ba\/","logo":{"@type":"ImageObject","inLanguage":"hr","@id":"https:\/\/radioljubuski.ba\/#\/schema\/logo\/image\/","url":"https:\/\/radioljubuski.ba\/wp-content\/uploads\/2021\/02\/cropped-Radio_Ljubuski_logo1.jpg","contentUrl":"https:\/\/radioljubuski.ba\/wp-content\/uploads\/2021\/02\/cropped-Radio_Ljubuski_logo1.jpg","width":512,"height":512,"caption":"Radio Ljubu\u0161ki"},"image":{"@id":"https:\/\/radioljubuski.ba\/#\/schema\/logo\/image\/"},"sameAs":["https:\/\/www.facebook.com\/Radiio-Ljubuski-1490835324566332","https:\/\/x.com\/radioljubuski","https:\/\/hr.linkedin.com\/company\/radio-ljubuski","https:\/\/www.youtube.com\/channel\/UCHYaeO_n0Db3tjNGudGpXyw"]},{"@type":"Person","@id":"https:\/\/radioljubuski.ba\/#\/schema\/person\/19fc700381a780f69665d7956c469e3b","name":"Radio Ljubu\u0161ki"}]}},"_links":{"self":[{"href":"https:\/\/radioljubuski.ba\/index.php\/wp-json\/wp\/v2\/posts\/103667","targetHints":{"allow":["GET"]}}],"collection":[{"href":"https:\/\/radioljubuski.ba\/index.php\/wp-json\/wp\/v2\/posts"}],"about":[{"href":"https:\/\/radioljubuski.ba\/index.php\/wp-json\/wp\/v2\/types\/post"}],"author":[{"embeddable":true,"href":"https:\/\/radioljubuski.ba\/index.php\/wp-json\/wp\/v2\/users\/2"}],"replies":[{"embeddable":true,"href":"https:\/\/radioljubuski.ba\/index.php\/wp-json\/wp\/v2\/comments?post=103667"}],"version-history":[{"count":1,"href":"https:\/\/radioljubuski.ba\/index.php\/wp-json\/wp\/v2\/posts\/103667\/revisions"}],"predecessor-version":[{"id":103669,"href":"https:\/\/radioljubuski.ba\/index.php\/wp-json\/wp\/v2\/posts\/103667\/revisions\/103669"}],"wp:featuredmedia":[{"embeddable":true,"href":"https:\/\/radioljubuski.ba\/index.php\/wp-json\/wp\/v2\/media\/103668"}],"wp:attachment":[{"href":"https:\/\/radioljubuski.ba\/index.php\/wp-json\/wp\/v2\/media?parent=103667"}],"wp:term":[{"taxonomy":"category","embeddable":true,"href":"https:\/\/radioljubuski.ba\/index.php\/wp-json\/wp\/v2\/categories?post=103667"},{"taxonomy":"post_tag","embeddable":true,"href":"https:\/\/radioljubuski.ba\/index.php\/wp-json\/wp\/v2\/tags?post=103667"}],"curies":[{"name":"wp","href":"https:\/\/api.w.org\/{rel}","templated":true}]}}