{"id":103670,"date":"2021-12-29T13:13:25","date_gmt":"2021-12-29T12:13:25","guid":{"rendered":"https:\/\/radioljubuski.ba\/?p=103670"},"modified":"2021-12-29T13:13:27","modified_gmt":"2021-12-29T12:13:27","slug":"jelena-trivic-i-sluzbeno-kandidat-oporbe-za-predsjednicu-rs","status":"publish","type":"post","link":"https:\/\/radioljubuski.ba\/index.php\/2021\/12\/29\/jelena-trivic-i-sluzbeno-kandidat-oporbe-za-predsjednicu-rs\/","title":{"rendered":"Jelena Trivi\u0107 i slu\u017ebeno kandidat oporbe za predsjednicu RS"},"content":{"rendered":"\n<p><strong>Prof. dr Jelena Trivi\u0107 bit \u0107e kandidat oporbe za predsjednicu Republike Srpske.<\/strong><\/p>\n\n\n\n<p>Kako javlja BNTV, ovo \u0107e danas priop\u0107iti predsjednik PDP-a Branislav Borenovi\u0107 u Banjoj Luci, nakon sjednice Predsjedni\u0161tva te stranke.<\/p>\n\n\n\n<p>Jelena Trivi\u0107, ro\u0111ena je 8.8.1983. godine u Banjoj Luci.<\/p>\n\n\n\n<p>Zavr\u0161ila je Ekonomski fakultet u Banjoj Luci, master studije zavr\u0161ila je na Ekonomskom fakultetu Sveu\u010dili\u0161tau Bolonji, a doktorirala na Ekonomskom fakultetu&nbsp; u Beogradu.<\/p>\n\n\n\n<p>Od 2007. godine zaposlena je na Ekonomskom fakultetu u Banja Luci, trenutno u zvanju izvanrednog profesora.<\/p>\n\n\n\n<p>U Partiji demokratskog progresa aktivni je \u010dlan od velja\u010de 2016. godine i zastupnica je sada\u0161njeg saziva Narodne skup\u0161tine.<\/p>\n\n\n\n<p>Udana je i majka dva sina.<\/p>\n\n\n\n<p>Aktivno govori engleski i talijanski jezik.<\/p>\n\n\n\n<p>Op\u0107i izbori u BiH trebali bi se odr\u017eati u listopadu sljede\u0107e godine kada \u0107e gra\u0111ani birati predsjednika Republike Srpske i srpskog \u010dlana u Predsjedni\u0161tvu BiH, kao i novi saziv skup\u0161tina u RS i F BiH, \u017eupanijama i BiH.<\/p>\n\n\n\n<p>Po ranijem dogovoru oporbenih stranaka, kandidata za srpskog \u010dlana u Predsjedni\u0161tvu BiH treba predlo\u017eiti SDS, podsje\u0107a BNTV.<\/p>\n\n\n\n<p>\/HMS\/<\/p>\n","protected":false},"excerpt":{"rendered":"<p>Prof. dr Jelena Trivi\u0107 bit \u0107e kandidat oporbe za predsjednicu Republike Srpske. Kako javlja BNTV, ovo \u0107e danas priop\u0107iti predsjednik PDP-a Branislav Borenovi\u0107 u Banjoj Luci, nakon sjednice Predsjedni\u0161tva te stranke. Jelena Trivi\u0107, ro\u0111ena je 8.8.1983. godine u Banjoj Luci. Zavr\u0161ila je Ekonomski fakultet u Banjoj Luci, master studije zavr\u0161ila je na Ekonomskom fakultetu Sveu\u010dili\u0161tau [&hellip;]<\/p>\n","protected":false},"author":2,"featured_media":103671,"comment_status":"closed","ping_status":"closed","sticky":false,"template":"","format":"standard","meta":{"h5ap_radio_sources":[],"footnotes":""},"categories":[1],"tags":[],"class_list":["post-103670","post","type-post","status-publish","format-standard","has-post-thumbnail","hentry","category-bihiregija"],"yoast_head":"<!-- This site is optimized with the Yoast SEO plugin v27.5 - https:\/\/yoast.com\/product\/yoast-seo-wordpress\/ -->\n<title>Jelena Trivi\u0107 i slu\u017ebeno kandidat oporbe za predsjednicu RS - RADIO LJUBU\u0160KI<\/title>\n<meta name=\"robots\" content=\"index, follow, max-snippet:-1, max-image-preview:large, max-video-preview:-1\" \/>\n<link rel=\"canonical\" href=\"https:\/\/radioljubuski.ba\/index.php\/2021\/12\/29\/jelena-trivic-i-sluzbeno-kandidat-oporbe-za-predsjednicu-rs\/\" \/>\n<meta property=\"og:locale\" content=\"hr_HR\" \/>\n<meta property=\"og:type\" content=\"article\" \/>\n<meta property=\"og:title\" content=\"Jelena Trivi\u0107 i slu\u017ebeno kandidat oporbe za predsjednicu RS - RADIO LJUBU\u0160KI\" \/>\n<meta property=\"og:description\" content=\"Prof. dr Jelena Trivi\u0107 bit \u0107e kandidat oporbe za predsjednicu Republike Srpske. Kako javlja BNTV, ovo \u0107e danas priop\u0107iti predsjednik PDP-a Branislav Borenovi\u0107 u Banjoj Luci, nakon sjednice Predsjedni\u0161tva te stranke. Jelena Trivi\u0107, ro\u0111ena je 8.8.1983. godine u Banjoj Luci. Zavr\u0161ila je Ekonomski fakultet u Banjoj Luci, master studije zavr\u0161ila je na Ekonomskom fakultetu Sveu\u010dili\u0161tau [&hellip;]\" \/>\n<meta property=\"og:url\" content=\"https:\/\/radioljubuski.ba\/index.php\/2021\/12\/29\/jelena-trivic-i-sluzbeno-kandidat-oporbe-za-predsjednicu-rs\/\" \/>\n<meta property=\"og:site_name\" content=\"RADIO LJUBU\u0160KI\" \/>\n<meta property=\"article:publisher\" content=\"https:\/\/www.facebook.com\/Radiio-Ljubuski-1490835324566332\" \/>\n<meta property=\"article:published_time\" content=\"2021-12-29T12:13:25+00:00\" \/>\n<meta property=\"article:modified_time\" content=\"2021-12-29T12:13:27+00:00\" \/>\n<meta property=\"og:image\" content=\"https:\/\/radioljubuski.ba\/wp-content\/uploads\/2021\/12\/jelena_trivic.png\" \/>\n\t<meta property=\"og:image:width\" content=\"840\" \/>\n\t<meta property=\"og:image:height\" content=\"470\" \/>\n\t<meta property=\"og:image:type\" content=\"image\/png\" \/>\n<meta name=\"author\" content=\"Radio Ljubu\u0161ki\" \/>\n<meta name=\"twitter:card\" content=\"summary_large_image\" \/>\n<meta name=\"twitter:creator\" content=\"@radioljubuski\" \/>\n<meta name=\"twitter:site\" content=\"@radioljubuski\" \/>\n<meta name=\"twitter:label1\" content=\"Napisao\/la\" \/>\n\t<meta name=\"twitter:data1\" content=\"Radio Ljubu\u0161ki\" \/>\n\t<meta name=\"twitter:label2\" content=\"Procijenjeno vrijeme \u010ditanja\" \/>\n\t<meta name=\"twitter:data2\" content=\"1 minuta\" \/>\n<script type=\"application\/ld+json\" class=\"yoast-schema-graph\">{\"@context\":\"https:\\\/\\\/schema.org\",\"@graph\":[{\"@type\":\"Article\",\"@id\":\"https:\\\/\\\/radioljubuski.ba\\\/index.php\\\/2021\\\/12\\\/29\\\/jelena-trivic-i-sluzbeno-kandidat-oporbe-za-predsjednicu-rs\\\/#article\",\"isPartOf\":{\"@id\":\"https:\\\/\\\/radioljubuski.ba\\\/index.php\\\/2021\\\/12\\\/29\\\/jelena-trivic-i-sluzbeno-kandidat-oporbe-za-predsjednicu-rs\\\/\"},\"author\":{\"name\":\"Radio Ljubu\u0161ki\",\"@id\":\"https:\\\/\\\/radioljubuski.ba\\\/#\\\/schema\\\/person\\\/19fc700381a780f69665d7956c469e3b\"},\"headline\":\"Jelena Trivi\u0107 i slu\u017ebeno kandidat oporbe za predsjednicu RS\",\"datePublished\":\"2021-12-29T12:13:25+00:00\",\"dateModified\":\"2021-12-29T12:13:27+00:00\",\"mainEntityOfPage\":{\"@id\":\"https:\\\/\\\/radioljubuski.ba\\\/index.php\\\/2021\\\/12\\\/29\\\/jelena-trivic-i-sluzbeno-kandidat-oporbe-za-predsjednicu-rs\\\/\"},\"wordCount\":192,\"publisher\":{\"@id\":\"https:\\\/\\\/radioljubuski.ba\\\/#organization\"},\"image\":{\"@id\":\"https:\\\/\\\/radioljubuski.ba\\\/index.php\\\/2021\\\/12\\\/29\\\/jelena-trivic-i-sluzbeno-kandidat-oporbe-za-predsjednicu-rs\\\/#primaryimage\"},\"thumbnailUrl\":\"https:\\\/\\\/radioljubuski.ba\\\/wp-content\\\/uploads\\\/2021\\\/12\\\/jelena_trivic.png\",\"articleSection\":[\"BIH i regija\"],\"inLanguage\":\"hr\"},{\"@type\":\"WebPage\",\"@id\":\"https:\\\/\\\/radioljubuski.ba\\\/index.php\\\/2021\\\/12\\\/29\\\/jelena-trivic-i-sluzbeno-kandidat-oporbe-za-predsjednicu-rs\\\/\",\"url\":\"https:\\\/\\\/radioljubuski.ba\\\/index.php\\\/2021\\\/12\\\/29\\\/jelena-trivic-i-sluzbeno-kandidat-oporbe-za-predsjednicu-rs\\\/\",\"name\":\"Jelena Trivi\u0107 i slu\u017ebeno kandidat oporbe za predsjednicu RS - RADIO LJUBU\u0160KI\",\"isPartOf\":{\"@id\":\"https:\\\/\\\/radioljubuski.ba\\\/#website\"},\"primaryImageOfPage\":{\"@id\":\"https:\\\/\\\/radioljubuski.ba\\\/index.php\\\/2021\\\/12\\\/29\\\/jelena-trivic-i-sluzbeno-kandidat-oporbe-za-predsjednicu-rs\\\/#primaryimage\"},\"image\":{\"@id\":\"https:\\\/\\\/radioljubuski.ba\\\/index.php\\\/2021\\\/12\\\/29\\\/jelena-trivic-i-sluzbeno-kandidat-oporbe-za-predsjednicu-rs\\\/#primaryimage\"},\"thumbnailUrl\":\"https:\\\/\\\/radioljubuski.ba\\\/wp-content\\\/uploads\\\/2021\\\/12\\\/jelena_trivic.png\",\"datePublished\":\"2021-12-29T12:13:25+00:00\",\"dateModified\":\"2021-12-29T12:13:27+00:00\",\"breadcrumb\":{\"@id\":\"https:\\\/\\\/radioljubuski.ba\\\/index.php\\\/2021\\\/12\\\/29\\\/jelena-trivic-i-sluzbeno-kandidat-oporbe-za-predsjednicu-rs\\\/#breadcrumb\"},\"inLanguage\":\"hr\",\"potentialAction\":[{\"@type\":\"ReadAction\",\"target\":[\"https:\\\/\\\/radioljubuski.ba\\\/index.php\\\/2021\\\/12\\\/29\\\/jelena-trivic-i-sluzbeno-kandidat-oporbe-za-predsjednicu-rs\\\/\"]}]},{\"@type\":\"ImageObject\",\"inLanguage\":\"hr\",\"@id\":\"https:\\\/\\\/radioljubuski.ba\\\/index.php\\\/2021\\\/12\\\/29\\\/jelena-trivic-i-sluzbeno-kandidat-oporbe-za-predsjednicu-rs\\\/#primaryimage\",\"url\":\"https:\\\/\\\/radioljubuski.ba\\\/wp-content\\\/uploads\\\/2021\\\/12\\\/jelena_trivic.png\",\"contentUrl\":\"https:\\\/\\\/radioljubuski.ba\\\/wp-content\\\/uploads\\\/2021\\\/12\\\/jelena_trivic.png\",\"width\":840,\"height\":470},{\"@type\":\"BreadcrumbList\",\"@id\":\"https:\\\/\\\/radioljubuski.ba\\\/index.php\\\/2021\\\/12\\\/29\\\/jelena-trivic-i-sluzbeno-kandidat-oporbe-za-predsjednicu-rs\\\/#breadcrumb\",\"itemListElement\":[{\"@type\":\"ListItem\",\"position\":1,\"name\":\"Po\u010detna stranica\",\"item\":\"https:\\\/\\\/radioljubuski.ba\\\/\"},{\"@type\":\"ListItem\",\"position\":2,\"name\":\"Jelena Trivi\u0107 i slu\u017ebeno kandidat oporbe za predsjednicu RS\"}]},{\"@type\":\"WebSite\",\"@id\":\"https:\\\/\\\/radioljubuski.ba\\\/#website\",\"url\":\"https:\\\/\\\/radioljubuski.ba\\\/\",\"name\":\"Radio Ljubu\u0161ki\",\"description\":\"Sun\u010dana frekvencija Hercegovine\",\"publisher\":{\"@id\":\"https:\\\/\\\/radioljubuski.ba\\\/#organization\"},\"potentialAction\":[{\"@type\":\"SearchAction\",\"target\":{\"@type\":\"EntryPoint\",\"urlTemplate\":\"https:\\\/\\\/radioljubuski.ba\\\/?s={search_term_string}\"},\"query-input\":{\"@type\":\"PropertyValueSpecification\",\"valueRequired\":true,\"valueName\":\"search_term_string\"}}],\"inLanguage\":\"hr\"},{\"@type\":\"Organization\",\"@id\":\"https:\\\/\\\/radioljubuski.ba\\\/#organization\",\"name\":\"Radio Ljubu\u0161ki\",\"url\":\"https:\\\/\\\/radioljubuski.ba\\\/\",\"logo\":{\"@type\":\"ImageObject\",\"inLanguage\":\"hr\",\"@id\":\"https:\\\/\\\/radioljubuski.ba\\\/#\\\/schema\\\/logo\\\/image\\\/\",\"url\":\"https:\\\/\\\/radioljubuski.ba\\\/wp-content\\\/uploads\\\/2021\\\/02\\\/cropped-Radio_Ljubuski_logo1.jpg\",\"contentUrl\":\"https:\\\/\\\/radioljubuski.ba\\\/wp-content\\\/uploads\\\/2021\\\/02\\\/cropped-Radio_Ljubuski_logo1.jpg\",\"width\":512,\"height\":512,\"caption\":\"Radio Ljubu\u0161ki\"},\"image\":{\"@id\":\"https:\\\/\\\/radioljubuski.ba\\\/#\\\/schema\\\/logo\\\/image\\\/\"},\"sameAs\":[\"https:\\\/\\\/www.facebook.com\\\/Radiio-Ljubuski-1490835324566332\",\"https:\\\/\\\/x.com\\\/radioljubuski\",\"https:\\\/\\\/hr.linkedin.com\\\/company\\\/radio-ljubuski\",\"https:\\\/\\\/www.youtube.com\\\/channel\\\/UCHYaeO_n0Db3tjNGudGpXyw\"]},{\"@type\":\"Person\",\"@id\":\"https:\\\/\\\/radioljubuski.ba\\\/#\\\/schema\\\/person\\\/19fc700381a780f69665d7956c469e3b\",\"name\":\"Radio Ljubu\u0161ki\"}]}<\/script>\n<!-- \/ Yoast SEO plugin. -->","yoast_head_json":{"title":"Jelena Trivi\u0107 i slu\u017ebeno kandidat oporbe za predsjednicu RS - RADIO LJUBU\u0160KI","robots":{"index":"index","follow":"follow","max-snippet":"max-snippet:-1","max-image-preview":"max-image-preview:large","max-video-preview":"max-video-preview:-1"},"canonical":"https:\/\/radioljubuski.ba\/index.php\/2021\/12\/29\/jelena-trivic-i-sluzbeno-kandidat-oporbe-za-predsjednicu-rs\/","og_locale":"hr_HR","og_type":"article","og_title":"Jelena Trivi\u0107 i slu\u017ebeno kandidat oporbe za predsjednicu RS - RADIO LJUBU\u0160KI","og_description":"Prof. dr Jelena Trivi\u0107 bit \u0107e kandidat oporbe za predsjednicu Republike Srpske. Kako javlja BNTV, ovo \u0107e danas priop\u0107iti predsjednik PDP-a Branislav Borenovi\u0107 u Banjoj Luci, nakon sjednice Predsjedni\u0161tva te stranke. Jelena Trivi\u0107, ro\u0111ena je 8.8.1983. godine u Banjoj Luci. Zavr\u0161ila je Ekonomski fakultet u Banjoj Luci, master studije zavr\u0161ila je na Ekonomskom fakultetu Sveu\u010dili\u0161tau [&hellip;]","og_url":"https:\/\/radioljubuski.ba\/index.php\/2021\/12\/29\/jelena-trivic-i-sluzbeno-kandidat-oporbe-za-predsjednicu-rs\/","og_site_name":"RADIO LJUBU\u0160KI","article_publisher":"https:\/\/www.facebook.com\/Radiio-Ljubuski-1490835324566332","article_published_time":"2021-12-29T12:13:25+00:00","article_modified_time":"2021-12-29T12:13:27+00:00","og_image":[{"width":840,"height":470,"url":"https:\/\/radioljubuski.ba\/wp-content\/uploads\/2021\/12\/jelena_trivic.png","type":"image\/png"}],"author":"Radio Ljubu\u0161ki","twitter_card":"summary_large_image","twitter_creator":"@radioljubuski","twitter_site":"@radioljubuski","twitter_misc":{"Napisao\/la":"Radio Ljubu\u0161ki","Procijenjeno vrijeme \u010ditanja":"1 minuta"},"schema":{"@context":"https:\/\/schema.org","@graph":[{"@type":"Article","@id":"https:\/\/radioljubuski.ba\/index.php\/2021\/12\/29\/jelena-trivic-i-sluzbeno-kandidat-oporbe-za-predsjednicu-rs\/#article","isPartOf":{"@id":"https:\/\/radioljubuski.ba\/index.php\/2021\/12\/29\/jelena-trivic-i-sluzbeno-kandidat-oporbe-za-predsjednicu-rs\/"},"author":{"name":"Radio Ljubu\u0161ki","@id":"https:\/\/radioljubuski.ba\/#\/schema\/person\/19fc700381a780f69665d7956c469e3b"},"headline":"Jelena Trivi\u0107 i slu\u017ebeno kandidat oporbe za predsjednicu RS","datePublished":"2021-12-29T12:13:25+00:00","dateModified":"2021-12-29T12:13:27+00:00","mainEntityOfPage":{"@id":"https:\/\/radioljubuski.ba\/index.php\/2021\/12\/29\/jelena-trivic-i-sluzbeno-kandidat-oporbe-za-predsjednicu-rs\/"},"wordCount":192,"publisher":{"@id":"https:\/\/radioljubuski.ba\/#organization"},"image":{"@id":"https:\/\/radioljubuski.ba\/index.php\/2021\/12\/29\/jelena-trivic-i-sluzbeno-kandidat-oporbe-za-predsjednicu-rs\/#primaryimage"},"thumbnailUrl":"https:\/\/radioljubuski.ba\/wp-content\/uploads\/2021\/12\/jelena_trivic.png","articleSection":["BIH i regija"],"inLanguage":"hr"},{"@type":"WebPage","@id":"https:\/\/radioljubuski.ba\/index.php\/2021\/12\/29\/jelena-trivic-i-sluzbeno-kandidat-oporbe-za-predsjednicu-rs\/","url":"https:\/\/radioljubuski.ba\/index.php\/2021\/12\/29\/jelena-trivic-i-sluzbeno-kandidat-oporbe-za-predsjednicu-rs\/","name":"Jelena Trivi\u0107 i slu\u017ebeno kandidat oporbe za predsjednicu RS - RADIO LJUBU\u0160KI","isPartOf":{"@id":"https:\/\/radioljubuski.ba\/#website"},"primaryImageOfPage":{"@id":"https:\/\/radioljubuski.ba\/index.php\/2021\/12\/29\/jelena-trivic-i-sluzbeno-kandidat-oporbe-za-predsjednicu-rs\/#primaryimage"},"image":{"@id":"https:\/\/radioljubuski.ba\/index.php\/2021\/12\/29\/jelena-trivic-i-sluzbeno-kandidat-oporbe-za-predsjednicu-rs\/#primaryimage"},"thumbnailUrl":"https:\/\/radioljubuski.ba\/wp-content\/uploads\/2021\/12\/jelena_trivic.png","datePublished":"2021-12-29T12:13:25+00:00","dateModified":"2021-12-29T12:13:27+00:00","breadcrumb":{"@id":"https:\/\/radioljubuski.ba\/index.php\/2021\/12\/29\/jelena-trivic-i-sluzbeno-kandidat-oporbe-za-predsjednicu-rs\/#breadcrumb"},"inLanguage":"hr","potentialAction":[{"@type":"ReadAction","target":["https:\/\/radioljubuski.ba\/index.php\/2021\/12\/29\/jelena-trivic-i-sluzbeno-kandidat-oporbe-za-predsjednicu-rs\/"]}]},{"@type":"ImageObject","inLanguage":"hr","@id":"https:\/\/radioljubuski.ba\/index.php\/2021\/12\/29\/jelena-trivic-i-sluzbeno-kandidat-oporbe-za-predsjednicu-rs\/#primaryimage","url":"https:\/\/radioljubuski.ba\/wp-content\/uploads\/2021\/12\/jelena_trivic.png","contentUrl":"https:\/\/radioljubuski.ba\/wp-content\/uploads\/2021\/12\/jelena_trivic.png","width":840,"height":470},{"@type":"BreadcrumbList","@id":"https:\/\/radioljubuski.ba\/index.php\/2021\/12\/29\/jelena-trivic-i-sluzbeno-kandidat-oporbe-za-predsjednicu-rs\/#breadcrumb","itemListElement":[{"@type":"ListItem","position":1,"name":"Po\u010detna stranica","item":"https:\/\/radioljubuski.ba\/"},{"@type":"ListItem","position":2,"name":"Jelena Trivi\u0107 i slu\u017ebeno kandidat oporbe za predsjednicu RS"}]},{"@type":"WebSite","@id":"https:\/\/radioljubuski.ba\/#website","url":"https:\/\/radioljubuski.ba\/","name":"Radio Ljubu\u0161ki","description":"Sun\u010dana frekvencija Hercegovine","publisher":{"@id":"https:\/\/radioljubuski.ba\/#organization"},"potentialAction":[{"@type":"SearchAction","target":{"@type":"EntryPoint","urlTemplate":"https:\/\/radioljubuski.ba\/?s={search_term_string}"},"query-input":{"@type":"PropertyValueSpecification","valueRequired":true,"valueName":"search_term_string"}}],"inLanguage":"hr"},{"@type":"Organization","@id":"https:\/\/radioljubuski.ba\/#organization","name":"Radio Ljubu\u0161ki","url":"https:\/\/radioljubuski.ba\/","logo":{"@type":"ImageObject","inLanguage":"hr","@id":"https:\/\/radioljubuski.ba\/#\/schema\/logo\/image\/","url":"https:\/\/radioljubuski.ba\/wp-content\/uploads\/2021\/02\/cropped-Radio_Ljubuski_logo1.jpg","contentUrl":"https:\/\/radioljubuski.ba\/wp-content\/uploads\/2021\/02\/cropped-Radio_Ljubuski_logo1.jpg","width":512,"height":512,"caption":"Radio Ljubu\u0161ki"},"image":{"@id":"https:\/\/radioljubuski.ba\/#\/schema\/logo\/image\/"},"sameAs":["https:\/\/www.facebook.com\/Radiio-Ljubuski-1490835324566332","https:\/\/x.com\/radioljubuski","https:\/\/hr.linkedin.com\/company\/radio-ljubuski","https:\/\/www.youtube.com\/channel\/UCHYaeO_n0Db3tjNGudGpXyw"]},{"@type":"Person","@id":"https:\/\/radioljubuski.ba\/#\/schema\/person\/19fc700381a780f69665d7956c469e3b","name":"Radio Ljubu\u0161ki"}]}},"_links":{"self":[{"href":"https:\/\/radioljubuski.ba\/index.php\/wp-json\/wp\/v2\/posts\/103670","targetHints":{"allow":["GET"]}}],"collection":[{"href":"https:\/\/radioljubuski.ba\/index.php\/wp-json\/wp\/v2\/posts"}],"about":[{"href":"https:\/\/radioljubuski.ba\/index.php\/wp-json\/wp\/v2\/types\/post"}],"author":[{"embeddable":true,"href":"https:\/\/radioljubuski.ba\/index.php\/wp-json\/wp\/v2\/users\/2"}],"replies":[{"embeddable":true,"href":"https:\/\/radioljubuski.ba\/index.php\/wp-json\/wp\/v2\/comments?post=103670"}],"version-history":[{"count":1,"href":"https:\/\/radioljubuski.ba\/index.php\/wp-json\/wp\/v2\/posts\/103670\/revisions"}],"predecessor-version":[{"id":103672,"href":"https:\/\/radioljubuski.ba\/index.php\/wp-json\/wp\/v2\/posts\/103670\/revisions\/103672"}],"wp:featuredmedia":[{"embeddable":true,"href":"https:\/\/radioljubuski.ba\/index.php\/wp-json\/wp\/v2\/media\/103671"}],"wp:attachment":[{"href":"https:\/\/radioljubuski.ba\/index.php\/wp-json\/wp\/v2\/media?parent=103670"}],"wp:term":[{"taxonomy":"category","embeddable":true,"href":"https:\/\/radioljubuski.ba\/index.php\/wp-json\/wp\/v2\/categories?post=103670"},{"taxonomy":"post_tag","embeddable":true,"href":"https:\/\/radioljubuski.ba\/index.php\/wp-json\/wp\/v2\/tags?post=103670"}],"curies":[{"name":"wp","href":"https:\/\/api.w.org\/{rel}","templated":true}]}}