{"id":103673,"date":"2021-12-29T13:14:56","date_gmt":"2021-12-29T12:14:56","guid":{"rendered":"https:\/\/radioljubuski.ba\/?p=103673"},"modified":"2021-12-29T13:14:57","modified_gmt":"2021-12-29T12:14:57","slug":"kinezi-grade-tri-hodroelektrane-u-rs-kod-foce","status":"publish","type":"post","link":"https:\/\/radioljubuski.ba\/index.php\/2021\/12\/29\/kinezi-grade-tri-hodroelektrane-u-rs-kod-foce\/","title":{"rendered":"Kinezi grade tri hodroelektrane u RS, kod Fo\u010de"},"content":{"rendered":"\n<p><strong>U Fo\u010di je ozna\u010den po\u010detak radova na izgradnji energetskog sustava Hidroelektrane Bistrica, koji \u0107e se sastojati od tri stepenasto raspore\u0111ene elektrane B1, B2a i B3.<\/strong><\/p>\n\n\n\n<p>Hidroelektrane se grade u donjem toku rijeke Bistrice, uz magistralni put Fo\u010da-Sarajevo, a svaka \u0107e se sastojati od brane, dovodnog tunela, cjevovoda i strojarnice.<\/p>\n\n\n\n<p>Ukupna instalirana snaga ovog sustava je 39 megavata s ukupnom godi\u0161njom proizvodnjom 152 gigavat sati elektri\u010dne energije.<\/p>\n\n\n\n<p>Cijena izvedbenog ugovora je 103 milijuna eura, a investitori su poduze\u0107e Hidroelektrane Bistrica i poduze\u0107e Hidroelektrane na Drini, koje je ve\u0107inski vlasnik.<\/p>\n\n\n\n<p>Nov\u010danu podr\u0161ku pru\u017eit \u0107e i Elektroprivreda Republike Srpske, javlja RTRS.<\/p>\n\n\n\n<p>Izvo\u0111a\u010d radova je Kineska nacionalna aerotehnolo\u0161ka korporacija za me\u0111unarodni in\u017eenjering \u2013 AVIK.<\/p>\n\n\n\n<p>Na sve\u010danosti je istaknuto da je po\u010detkom gradnje HE Bistrica otvoreno jo\u0161 jedno poglavlje izgradnje velikih energetskih objekata koji \u0107e u budu\u0107nosti doprinijeti pobolj\u0161anoj opskrbi elektri\u010dnom energijom i dati doprinos rastu BDP-a u Republici Srpskoj.<\/p>\n\n\n\n<p>Predvi\u0111eno je da sve tri hidroelektrane na rijeci Bistrici kod Fo\u010de na mre\u017ei budu najkasnije za \u010detiri godine.<\/p>\n\n\n\n<p>Predsjednik Vlade Republike Srpske Radovan Vi\u0161kovi\u0107 izjavio je da se ide ka tome da Srpska u narednom razdoblju bude prepoznata kao energetski lider na ovim prostorima.<\/p>\n\n\n\n<p>\u2013 Mi taj status \u017eelimo, \u017eelimo i\u0107i jo\u0161 br\u017ee u taj razvoj i vidimo tu \u0161ansu Republike Srpske, upravo u \u010distoj, zelenoj, ekolo\u0161koj energiji. Time \u0107emo napraviti benefite za sve gra\u0111ane Republike Srpske u financijskom dijelu, ali i zna\u010dajno doprinijeti o\u010duvanju \u017eivotne sredine \u2013 rekao je Vi\u0161kovi\u0107.<\/p>\n\n\n\n<p>Ministar energetike i rudarstva Republike Srpske Petar \u0110oki\u0107 izjavio je danas da je po\u010detak izgradnje hidroelektrane Bistrica u Fo\u010di divan dar uz 30. ro\u0111endan Republike Srpske.<\/p>\n\n\n\n<p>\u2013 Ni\u0161ta ljep\u0161e za jednu dr\u017eavu nego da slavi uspjehe i rezulate ostvarene u vrlo intenzivnom radu vlasti Republike Srpske \u2013 rekao je \u0110oki\u0107 na sve\u010danosti i istaknuo koliko je u ovom projektu bilo va\u017eno vizionarstvo i podr\u0161ka predsjednika Vlade Srpske Radovana Vi\u0161kovi\u0107a.<\/p>\n\n\n\n<p>Prema njegovim rije\u010dima, ogromnu va\u017enost u ovom projektu imaju mati\u010dno poduze\u0107e Elektroprivreda Republike Srpske i Hidroelektrana Drina.<\/p>\n\n\n\n<p>Vr\u0161itelj du\u017enosti direktora hidroelektrane Bistrica Dejan Pavlovi\u0107 istaknuo je da \u0107e budu\u0107i sustav od tri elektrane, \u010dija je gradnja danas ozna\u010dena u Fo\u010di, oja\u010dati fo\u010danski kraj i donijeti bolji \u017eivotni standard ovoj lokalnoj zajednici i cijeloj Republici Srpskoj.<\/p>\n\n\n\n<p>Po\u010detku radova, na lokaciji koja se nalazi izme\u0111u Fo\u010de i Miljevine, osim premijera Vi\u0161kovi\u0107a i ministra \u0110oki\u0107a nazo\u010dili su ministri u Vladi RS, te predstavnici Veleposlanstva NR Kine u BiH.<\/p>\n\n\n\n<p>\/HMS\/<\/p>\n","protected":false},"excerpt":{"rendered":"<p>U Fo\u010di je ozna\u010den po\u010detak radova na izgradnji energetskog sustava Hidroelektrane Bistrica, koji \u0107e se sastojati od tri stepenasto raspore\u0111ene elektrane B1, B2a i B3. Hidroelektrane se grade u donjem toku rijeke Bistrice, uz magistralni put Fo\u010da-Sarajevo, a svaka \u0107e se sastojati od brane, dovodnog tunela, cjevovoda i strojarnice. Ukupna instalirana snaga ovog sustava je [&hellip;]<\/p>\n","protected":false},"author":2,"featured_media":103674,"comment_status":"closed","ping_status":"closed","sticky":false,"template":"","format":"standard","meta":{"h5ap_radio_sources":[],"footnotes":""},"categories":[1],"tags":[],"class_list":["post-103673","post","type-post","status-publish","format-standard","has-post-thumbnail","hentry","category-bihiregija"],"yoast_head":"<!-- This site is optimized with the Yoast SEO plugin v27.5 - https:\/\/yoast.com\/product\/yoast-seo-wordpress\/ -->\n<title>Kinezi grade tri hodroelektrane u RS, kod Fo\u010de - RADIO LJUBU\u0160KI<\/title>\n<meta name=\"robots\" content=\"index, follow, max-snippet:-1, max-image-preview:large, max-video-preview:-1\" \/>\n<link rel=\"canonical\" href=\"https:\/\/radioljubuski.ba\/index.php\/2021\/12\/29\/kinezi-grade-tri-hodroelektrane-u-rs-kod-foce\/\" \/>\n<meta property=\"og:locale\" content=\"hr_HR\" \/>\n<meta property=\"og:type\" content=\"article\" \/>\n<meta property=\"og:title\" content=\"Kinezi grade tri hodroelektrane u RS, kod Fo\u010de - RADIO LJUBU\u0160KI\" \/>\n<meta property=\"og:description\" content=\"U Fo\u010di je ozna\u010den po\u010detak radova na izgradnji energetskog sustava Hidroelektrane Bistrica, koji \u0107e se sastojati od tri stepenasto raspore\u0111ene elektrane B1, B2a i B3. Hidroelektrane se grade u donjem toku rijeke Bistrice, uz magistralni put Fo\u010da-Sarajevo, a svaka \u0107e se sastojati od brane, dovodnog tunela, cjevovoda i strojarnice. Ukupna instalirana snaga ovog sustava je [&hellip;]\" \/>\n<meta property=\"og:url\" content=\"https:\/\/radioljubuski.ba\/index.php\/2021\/12\/29\/kinezi-grade-tri-hodroelektrane-u-rs-kod-foce\/\" \/>\n<meta property=\"og:site_name\" content=\"RADIO LJUBU\u0160KI\" \/>\n<meta property=\"article:publisher\" content=\"https:\/\/www.facebook.com\/Radiio-Ljubuski-1490835324566332\" \/>\n<meta property=\"article:published_time\" content=\"2021-12-29T12:14:56+00:00\" \/>\n<meta property=\"article:modified_time\" content=\"2021-12-29T12:14:57+00:00\" \/>\n<meta property=\"og:image\" content=\"https:\/\/radioljubuski.ba\/wp-content\/uploads\/2021\/12\/rs-elektrane1.jpg\" \/>\n\t<meta property=\"og:image:width\" content=\"658\" \/>\n\t<meta property=\"og:image:height\" content=\"494\" \/>\n\t<meta property=\"og:image:type\" content=\"image\/jpeg\" \/>\n<meta name=\"author\" content=\"Radio Ljubu\u0161ki\" \/>\n<meta name=\"twitter:card\" content=\"summary_large_image\" \/>\n<meta name=\"twitter:creator\" content=\"@radioljubuski\" \/>\n<meta name=\"twitter:site\" content=\"@radioljubuski\" \/>\n<meta name=\"twitter:label1\" content=\"Napisao\/la\" \/>\n\t<meta name=\"twitter:data1\" content=\"Radio Ljubu\u0161ki\" \/>\n\t<meta name=\"twitter:label2\" content=\"Procijenjeno vrijeme \u010ditanja\" \/>\n\t<meta name=\"twitter:data2\" content=\"2 minute\" \/>\n<script type=\"application\/ld+json\" class=\"yoast-schema-graph\">{\"@context\":\"https:\\\/\\\/schema.org\",\"@graph\":[{\"@type\":\"Article\",\"@id\":\"https:\\\/\\\/radioljubuski.ba\\\/index.php\\\/2021\\\/12\\\/29\\\/kinezi-grade-tri-hodroelektrane-u-rs-kod-foce\\\/#article\",\"isPartOf\":{\"@id\":\"https:\\\/\\\/radioljubuski.ba\\\/index.php\\\/2021\\\/12\\\/29\\\/kinezi-grade-tri-hodroelektrane-u-rs-kod-foce\\\/\"},\"author\":{\"name\":\"Radio Ljubu\u0161ki\",\"@id\":\"https:\\\/\\\/radioljubuski.ba\\\/#\\\/schema\\\/person\\\/19fc700381a780f69665d7956c469e3b\"},\"headline\":\"Kinezi grade tri hodroelektrane u RS, kod Fo\u010de\",\"datePublished\":\"2021-12-29T12:14:56+00:00\",\"dateModified\":\"2021-12-29T12:14:57+00:00\",\"mainEntityOfPage\":{\"@id\":\"https:\\\/\\\/radioljubuski.ba\\\/index.php\\\/2021\\\/12\\\/29\\\/kinezi-grade-tri-hodroelektrane-u-rs-kod-foce\\\/\"},\"wordCount\":454,\"publisher\":{\"@id\":\"https:\\\/\\\/radioljubuski.ba\\\/#organization\"},\"image\":{\"@id\":\"https:\\\/\\\/radioljubuski.ba\\\/index.php\\\/2021\\\/12\\\/29\\\/kinezi-grade-tri-hodroelektrane-u-rs-kod-foce\\\/#primaryimage\"},\"thumbnailUrl\":\"https:\\\/\\\/radioljubuski.ba\\\/wp-content\\\/uploads\\\/2021\\\/12\\\/rs-elektrane1.jpg\",\"articleSection\":[\"BIH i regija\"],\"inLanguage\":\"hr\"},{\"@type\":\"WebPage\",\"@id\":\"https:\\\/\\\/radioljubuski.ba\\\/index.php\\\/2021\\\/12\\\/29\\\/kinezi-grade-tri-hodroelektrane-u-rs-kod-foce\\\/\",\"url\":\"https:\\\/\\\/radioljubuski.ba\\\/index.php\\\/2021\\\/12\\\/29\\\/kinezi-grade-tri-hodroelektrane-u-rs-kod-foce\\\/\",\"name\":\"Kinezi grade tri hodroelektrane u RS, kod Fo\u010de - RADIO LJUBU\u0160KI\",\"isPartOf\":{\"@id\":\"https:\\\/\\\/radioljubuski.ba\\\/#website\"},\"primaryImageOfPage\":{\"@id\":\"https:\\\/\\\/radioljubuski.ba\\\/index.php\\\/2021\\\/12\\\/29\\\/kinezi-grade-tri-hodroelektrane-u-rs-kod-foce\\\/#primaryimage\"},\"image\":{\"@id\":\"https:\\\/\\\/radioljubuski.ba\\\/index.php\\\/2021\\\/12\\\/29\\\/kinezi-grade-tri-hodroelektrane-u-rs-kod-foce\\\/#primaryimage\"},\"thumbnailUrl\":\"https:\\\/\\\/radioljubuski.ba\\\/wp-content\\\/uploads\\\/2021\\\/12\\\/rs-elektrane1.jpg\",\"datePublished\":\"2021-12-29T12:14:56+00:00\",\"dateModified\":\"2021-12-29T12:14:57+00:00\",\"breadcrumb\":{\"@id\":\"https:\\\/\\\/radioljubuski.ba\\\/index.php\\\/2021\\\/12\\\/29\\\/kinezi-grade-tri-hodroelektrane-u-rs-kod-foce\\\/#breadcrumb\"},\"inLanguage\":\"hr\",\"potentialAction\":[{\"@type\":\"ReadAction\",\"target\":[\"https:\\\/\\\/radioljubuski.ba\\\/index.php\\\/2021\\\/12\\\/29\\\/kinezi-grade-tri-hodroelektrane-u-rs-kod-foce\\\/\"]}]},{\"@type\":\"ImageObject\",\"inLanguage\":\"hr\",\"@id\":\"https:\\\/\\\/radioljubuski.ba\\\/index.php\\\/2021\\\/12\\\/29\\\/kinezi-grade-tri-hodroelektrane-u-rs-kod-foce\\\/#primaryimage\",\"url\":\"https:\\\/\\\/radioljubuski.ba\\\/wp-content\\\/uploads\\\/2021\\\/12\\\/rs-elektrane1.jpg\",\"contentUrl\":\"https:\\\/\\\/radioljubuski.ba\\\/wp-content\\\/uploads\\\/2021\\\/12\\\/rs-elektrane1.jpg\",\"width\":658,\"height\":494},{\"@type\":\"BreadcrumbList\",\"@id\":\"https:\\\/\\\/radioljubuski.ba\\\/index.php\\\/2021\\\/12\\\/29\\\/kinezi-grade-tri-hodroelektrane-u-rs-kod-foce\\\/#breadcrumb\",\"itemListElement\":[{\"@type\":\"ListItem\",\"position\":1,\"name\":\"Po\u010detna stranica\",\"item\":\"https:\\\/\\\/radioljubuski.ba\\\/\"},{\"@type\":\"ListItem\",\"position\":2,\"name\":\"Kinezi grade tri hodroelektrane u RS, kod Fo\u010de\"}]},{\"@type\":\"WebSite\",\"@id\":\"https:\\\/\\\/radioljubuski.ba\\\/#website\",\"url\":\"https:\\\/\\\/radioljubuski.ba\\\/\",\"name\":\"Radio Ljubu\u0161ki\",\"description\":\"Sun\u010dana frekvencija Hercegovine\",\"publisher\":{\"@id\":\"https:\\\/\\\/radioljubuski.ba\\\/#organization\"},\"potentialAction\":[{\"@type\":\"SearchAction\",\"target\":{\"@type\":\"EntryPoint\",\"urlTemplate\":\"https:\\\/\\\/radioljubuski.ba\\\/?s={search_term_string}\"},\"query-input\":{\"@type\":\"PropertyValueSpecification\",\"valueRequired\":true,\"valueName\":\"search_term_string\"}}],\"inLanguage\":\"hr\"},{\"@type\":\"Organization\",\"@id\":\"https:\\\/\\\/radioljubuski.ba\\\/#organization\",\"name\":\"Radio Ljubu\u0161ki\",\"url\":\"https:\\\/\\\/radioljubuski.ba\\\/\",\"logo\":{\"@type\":\"ImageObject\",\"inLanguage\":\"hr\",\"@id\":\"https:\\\/\\\/radioljubuski.ba\\\/#\\\/schema\\\/logo\\\/image\\\/\",\"url\":\"https:\\\/\\\/radioljubuski.ba\\\/wp-content\\\/uploads\\\/2021\\\/02\\\/cropped-Radio_Ljubuski_logo1.jpg\",\"contentUrl\":\"https:\\\/\\\/radioljubuski.ba\\\/wp-content\\\/uploads\\\/2021\\\/02\\\/cropped-Radio_Ljubuski_logo1.jpg\",\"width\":512,\"height\":512,\"caption\":\"Radio Ljubu\u0161ki\"},\"image\":{\"@id\":\"https:\\\/\\\/radioljubuski.ba\\\/#\\\/schema\\\/logo\\\/image\\\/\"},\"sameAs\":[\"https:\\\/\\\/www.facebook.com\\\/Radiio-Ljubuski-1490835324566332\",\"https:\\\/\\\/x.com\\\/radioljubuski\",\"https:\\\/\\\/hr.linkedin.com\\\/company\\\/radio-ljubuski\",\"https:\\\/\\\/www.youtube.com\\\/channel\\\/UCHYaeO_n0Db3tjNGudGpXyw\"]},{\"@type\":\"Person\",\"@id\":\"https:\\\/\\\/radioljubuski.ba\\\/#\\\/schema\\\/person\\\/19fc700381a780f69665d7956c469e3b\",\"name\":\"Radio Ljubu\u0161ki\"}]}<\/script>\n<!-- \/ Yoast SEO plugin. -->","yoast_head_json":{"title":"Kinezi grade tri hodroelektrane u RS, kod Fo\u010de - RADIO LJUBU\u0160KI","robots":{"index":"index","follow":"follow","max-snippet":"max-snippet:-1","max-image-preview":"max-image-preview:large","max-video-preview":"max-video-preview:-1"},"canonical":"https:\/\/radioljubuski.ba\/index.php\/2021\/12\/29\/kinezi-grade-tri-hodroelektrane-u-rs-kod-foce\/","og_locale":"hr_HR","og_type":"article","og_title":"Kinezi grade tri hodroelektrane u RS, kod Fo\u010de - RADIO LJUBU\u0160KI","og_description":"U Fo\u010di je ozna\u010den po\u010detak radova na izgradnji energetskog sustava Hidroelektrane Bistrica, koji \u0107e se sastojati od tri stepenasto raspore\u0111ene elektrane B1, B2a i B3. Hidroelektrane se grade u donjem toku rijeke Bistrice, uz magistralni put Fo\u010da-Sarajevo, a svaka \u0107e se sastojati od brane, dovodnog tunela, cjevovoda i strojarnice. Ukupna instalirana snaga ovog sustava je [&hellip;]","og_url":"https:\/\/radioljubuski.ba\/index.php\/2021\/12\/29\/kinezi-grade-tri-hodroelektrane-u-rs-kod-foce\/","og_site_name":"RADIO LJUBU\u0160KI","article_publisher":"https:\/\/www.facebook.com\/Radiio-Ljubuski-1490835324566332","article_published_time":"2021-12-29T12:14:56+00:00","article_modified_time":"2021-12-29T12:14:57+00:00","og_image":[{"width":658,"height":494,"url":"https:\/\/radioljubuski.ba\/wp-content\/uploads\/2021\/12\/rs-elektrane1.jpg","type":"image\/jpeg"}],"author":"Radio Ljubu\u0161ki","twitter_card":"summary_large_image","twitter_creator":"@radioljubuski","twitter_site":"@radioljubuski","twitter_misc":{"Napisao\/la":"Radio Ljubu\u0161ki","Procijenjeno vrijeme \u010ditanja":"2 minute"},"schema":{"@context":"https:\/\/schema.org","@graph":[{"@type":"Article","@id":"https:\/\/radioljubuski.ba\/index.php\/2021\/12\/29\/kinezi-grade-tri-hodroelektrane-u-rs-kod-foce\/#article","isPartOf":{"@id":"https:\/\/radioljubuski.ba\/index.php\/2021\/12\/29\/kinezi-grade-tri-hodroelektrane-u-rs-kod-foce\/"},"author":{"name":"Radio Ljubu\u0161ki","@id":"https:\/\/radioljubuski.ba\/#\/schema\/person\/19fc700381a780f69665d7956c469e3b"},"headline":"Kinezi grade tri hodroelektrane u RS, kod Fo\u010de","datePublished":"2021-12-29T12:14:56+00:00","dateModified":"2021-12-29T12:14:57+00:00","mainEntityOfPage":{"@id":"https:\/\/radioljubuski.ba\/index.php\/2021\/12\/29\/kinezi-grade-tri-hodroelektrane-u-rs-kod-foce\/"},"wordCount":454,"publisher":{"@id":"https:\/\/radioljubuski.ba\/#organization"},"image":{"@id":"https:\/\/radioljubuski.ba\/index.php\/2021\/12\/29\/kinezi-grade-tri-hodroelektrane-u-rs-kod-foce\/#primaryimage"},"thumbnailUrl":"https:\/\/radioljubuski.ba\/wp-content\/uploads\/2021\/12\/rs-elektrane1.jpg","articleSection":["BIH i regija"],"inLanguage":"hr"},{"@type":"WebPage","@id":"https:\/\/radioljubuski.ba\/index.php\/2021\/12\/29\/kinezi-grade-tri-hodroelektrane-u-rs-kod-foce\/","url":"https:\/\/radioljubuski.ba\/index.php\/2021\/12\/29\/kinezi-grade-tri-hodroelektrane-u-rs-kod-foce\/","name":"Kinezi grade tri hodroelektrane u RS, kod Fo\u010de - RADIO LJUBU\u0160KI","isPartOf":{"@id":"https:\/\/radioljubuski.ba\/#website"},"primaryImageOfPage":{"@id":"https:\/\/radioljubuski.ba\/index.php\/2021\/12\/29\/kinezi-grade-tri-hodroelektrane-u-rs-kod-foce\/#primaryimage"},"image":{"@id":"https:\/\/radioljubuski.ba\/index.php\/2021\/12\/29\/kinezi-grade-tri-hodroelektrane-u-rs-kod-foce\/#primaryimage"},"thumbnailUrl":"https:\/\/radioljubuski.ba\/wp-content\/uploads\/2021\/12\/rs-elektrane1.jpg","datePublished":"2021-12-29T12:14:56+00:00","dateModified":"2021-12-29T12:14:57+00:00","breadcrumb":{"@id":"https:\/\/radioljubuski.ba\/index.php\/2021\/12\/29\/kinezi-grade-tri-hodroelektrane-u-rs-kod-foce\/#breadcrumb"},"inLanguage":"hr","potentialAction":[{"@type":"ReadAction","target":["https:\/\/radioljubuski.ba\/index.php\/2021\/12\/29\/kinezi-grade-tri-hodroelektrane-u-rs-kod-foce\/"]}]},{"@type":"ImageObject","inLanguage":"hr","@id":"https:\/\/radioljubuski.ba\/index.php\/2021\/12\/29\/kinezi-grade-tri-hodroelektrane-u-rs-kod-foce\/#primaryimage","url":"https:\/\/radioljubuski.ba\/wp-content\/uploads\/2021\/12\/rs-elektrane1.jpg","contentUrl":"https:\/\/radioljubuski.ba\/wp-content\/uploads\/2021\/12\/rs-elektrane1.jpg","width":658,"height":494},{"@type":"BreadcrumbList","@id":"https:\/\/radioljubuski.ba\/index.php\/2021\/12\/29\/kinezi-grade-tri-hodroelektrane-u-rs-kod-foce\/#breadcrumb","itemListElement":[{"@type":"ListItem","position":1,"name":"Po\u010detna stranica","item":"https:\/\/radioljubuski.ba\/"},{"@type":"ListItem","position":2,"name":"Kinezi grade tri hodroelektrane u RS, kod Fo\u010de"}]},{"@type":"WebSite","@id":"https:\/\/radioljubuski.ba\/#website","url":"https:\/\/radioljubuski.ba\/","name":"Radio Ljubu\u0161ki","description":"Sun\u010dana frekvencija Hercegovine","publisher":{"@id":"https:\/\/radioljubuski.ba\/#organization"},"potentialAction":[{"@type":"SearchAction","target":{"@type":"EntryPoint","urlTemplate":"https:\/\/radioljubuski.ba\/?s={search_term_string}"},"query-input":{"@type":"PropertyValueSpecification","valueRequired":true,"valueName":"search_term_string"}}],"inLanguage":"hr"},{"@type":"Organization","@id":"https:\/\/radioljubuski.ba\/#organization","name":"Radio Ljubu\u0161ki","url":"https:\/\/radioljubuski.ba\/","logo":{"@type":"ImageObject","inLanguage":"hr","@id":"https:\/\/radioljubuski.ba\/#\/schema\/logo\/image\/","url":"https:\/\/radioljubuski.ba\/wp-content\/uploads\/2021\/02\/cropped-Radio_Ljubuski_logo1.jpg","contentUrl":"https:\/\/radioljubuski.ba\/wp-content\/uploads\/2021\/02\/cropped-Radio_Ljubuski_logo1.jpg","width":512,"height":512,"caption":"Radio Ljubu\u0161ki"},"image":{"@id":"https:\/\/radioljubuski.ba\/#\/schema\/logo\/image\/"},"sameAs":["https:\/\/www.facebook.com\/Radiio-Ljubuski-1490835324566332","https:\/\/x.com\/radioljubuski","https:\/\/hr.linkedin.com\/company\/radio-ljubuski","https:\/\/www.youtube.com\/channel\/UCHYaeO_n0Db3tjNGudGpXyw"]},{"@type":"Person","@id":"https:\/\/radioljubuski.ba\/#\/schema\/person\/19fc700381a780f69665d7956c469e3b","name":"Radio Ljubu\u0161ki"}]}},"_links":{"self":[{"href":"https:\/\/radioljubuski.ba\/index.php\/wp-json\/wp\/v2\/posts\/103673","targetHints":{"allow":["GET"]}}],"collection":[{"href":"https:\/\/radioljubuski.ba\/index.php\/wp-json\/wp\/v2\/posts"}],"about":[{"href":"https:\/\/radioljubuski.ba\/index.php\/wp-json\/wp\/v2\/types\/post"}],"author":[{"embeddable":true,"href":"https:\/\/radioljubuski.ba\/index.php\/wp-json\/wp\/v2\/users\/2"}],"replies":[{"embeddable":true,"href":"https:\/\/radioljubuski.ba\/index.php\/wp-json\/wp\/v2\/comments?post=103673"}],"version-history":[{"count":1,"href":"https:\/\/radioljubuski.ba\/index.php\/wp-json\/wp\/v2\/posts\/103673\/revisions"}],"predecessor-version":[{"id":103675,"href":"https:\/\/radioljubuski.ba\/index.php\/wp-json\/wp\/v2\/posts\/103673\/revisions\/103675"}],"wp:featuredmedia":[{"embeddable":true,"href":"https:\/\/radioljubuski.ba\/index.php\/wp-json\/wp\/v2\/media\/103674"}],"wp:attachment":[{"href":"https:\/\/radioljubuski.ba\/index.php\/wp-json\/wp\/v2\/media?parent=103673"}],"wp:term":[{"taxonomy":"category","embeddable":true,"href":"https:\/\/radioljubuski.ba\/index.php\/wp-json\/wp\/v2\/categories?post=103673"},{"taxonomy":"post_tag","embeddable":true,"href":"https:\/\/radioljubuski.ba\/index.php\/wp-json\/wp\/v2\/tags?post=103673"}],"curies":[{"name":"wp","href":"https:\/\/api.w.org\/{rel}","templated":true}]}}