{"id":103677,"date":"2021-12-29T13:16:23","date_gmt":"2021-12-29T12:16:23","guid":{"rendered":"https:\/\/radioljubuski.ba\/?p=103677"},"modified":"2021-12-29T13:16:24","modified_gmt":"2021-12-29T12:16:24","slug":"turkovic-obmanula-izrael-o-negiranju-holokausta-u-bih","status":"publish","type":"post","link":"https:\/\/radioljubuski.ba\/index.php\/2021\/12\/29\/turkovic-obmanula-izrael-o-negiranju-holokausta-u-bih\/","title":{"rendered":"Turkovi\u0107 obmanula Izrael o negiranju holokausta u BiH"},"content":{"rendered":"\n<p><strong>Ministrica vanjskih poslova BiH iz SDA Bisera Turkovi\u0107 uputila je pismo izraelskom kolegi Yairu Lapidu posve krivotvore\u0107i poteze vode\u0107e hrvatske i srpske stranke u BiH \u2013 HDZ-a BiH i SNSD-a oko izmjena Kaznenoga zakona koje se ti\u010du negiranja ratnih zlo\u010dina, holokausta i genocida, pi\u0161e <a href=\"https:\/\/www.vecernji.ba\/vijesti\/turkovic-obmanula-izrael-o-negiranju-holokausta-u-bih-1550967\">Ve\u010dernji list BiH<\/a>.<\/strong><\/p>\n\n\n\n<p>Umjesto cijeloga konteksta uz koji je bio vezan i predsjednik njezine stranke SDA Bakir Izetbegovi\u0107, krajnje manipulativno Turkovi\u0107 je uputila pismo zlorabe\u0107i i ministarsku poziciju i iznose\u0107i osobne stavove te informacije.<\/p>\n\n\n\n<p><strong>Privatni stavovi<\/strong><\/p>\n\n\n\n<p>Ministar vanjskih poslova predstavlja dr\u017eavu, a stavovi koje je ona iznijela ne odra\u017eavaju mi\u0161ljenje ni tre\u0107ine ove zemlje. U pismu su najprije iznesene neistine kako su SNSD i HDZ BiH sklopili \u201csporazum\u2026 za uklanjanje izmjena i dopuna Kaznenog zakona kojima bi se legaliziralo negiranje holokausta, kao i genocida u Srebrenici\u201d.<\/p>\n\n\n\n<p>\u201cUkidanje zakona koji kriminaliziraju poricanje ratnih zlo\u010dina, genocida i holokausta postavilo bi opasan presedan koji bi imao te\u0161ke posljedice kakvima smo svjedo\u010dili 1940-ih i 1990-ih. Stoga Vas pozivam da pozovete me\u0111unarodnu zajednicu i upotrijebite svoje bilateralne kanale kako biste osigurali da se takav vrlo opasan i neprihvatljiv potez ne dogodi. \u0160utjeti na ovaj potez bilo bi sinonim za pristajanje na \u2018kona\u010dno rje\u0161enje&#8217;\u201d, napisala je ministrica Turkovi\u0107.<\/p>\n\n\n\n<p>Dalje je dodala kako su \u201cnapori SNSD-a na \u010delu s Miloradom Dodikom i HDZ-a na \u010delu s Draganom \u010covi\u0107em u bosanskohercegova\u010dkom Parlamentu na uklanjanju izmjena i dopuna Kaznenog zakona jednaki negiranju holokausta\u201d. Zatim je u isti kontekst stavila holokaust i genocid u Srebrenici.<\/p>\n\n\n\n<p>\u201cNegatori holokausta, kao i oni koji negiraju genocid u Srebrenici, koriste se istim eklatantnim metodama \u2013 minimiziranjem doga\u0111aja do potpunog poricanja i kona\u010dno do veli\u010danja osu\u0111enih ratnih zlo\u010dinaca\u201d, navela je u pismu.<\/p>\n\n\n\n<p>Pri tome je ministrica Turkovi\u0107 o\u010dito svjesno presko\u010dila kako je izmjene ovoga zakona nametnuo odlaze\u0107i visoki predstavnik Valentin Inzko, oko \u010dega nije imao potporu me\u0111unarodne zajednice anga\u017eirane u BiH.<\/p>\n\n\n\n<p><strong>Izetbegovi\u0107 sve znao<\/strong><\/p>\n\n\n\n<p>Ta je odluka bila okida\u010d da se BiH danas nalazi u potpunoj blokadi s paraliziranim institucijama i najavom mogu\u0107e secesije. A kada se zna da je sam Izetbegovi\u0107 nazo\u010dio ve\u010deri na kojoj su se s predstavnicima EU-a i SAD-a dogovarala tri scenarija deblokade institucija BiH, a jedan je i pokretanje inicijative za povla\u010denje Inzkova zakona te dono\u0161enje novoga, svari postaju krajnje transparentne kao jedna velika manipulacija bo\u0161nja\u010dke potpredsjednice Vije\u0107a ministara BiH.<\/p>\n\n\n\n<p>\/HMS\/<\/p>\n","protected":false},"excerpt":{"rendered":"<p>Ministrica vanjskih poslova BiH iz SDA Bisera Turkovi\u0107 uputila je pismo izraelskom kolegi Yairu Lapidu posve krivotvore\u0107i poteze vode\u0107e hrvatske i srpske stranke u BiH \u2013 HDZ-a BiH i SNSD-a oko izmjena Kaznenoga zakona koje se ti\u010du negiranja ratnih zlo\u010dina, holokausta i genocida, pi\u0161e Ve\u010dernji list BiH. Umjesto cijeloga konteksta uz koji je bio vezan [&hellip;]<\/p>\n","protected":false},"author":2,"featured_media":103678,"comment_status":"closed","ping_status":"closed","sticky":false,"template":"","format":"standard","meta":{"h5ap_radio_sources":[],"footnotes":""},"categories":[1],"tags":[],"class_list":["post-103677","post","type-post","status-publish","format-standard","has-post-thumbnail","hentry","category-bihiregija"],"yoast_head":"<!-- This site is optimized with the Yoast SEO plugin v27.5 - https:\/\/yoast.com\/product\/yoast-seo-wordpress\/ -->\n<title>Turkovi\u0107 obmanula Izrael o negiranju holokausta u BiH - RADIO LJUBU\u0160KI<\/title>\n<meta name=\"robots\" content=\"index, follow, max-snippet:-1, max-image-preview:large, max-video-preview:-1\" \/>\n<link rel=\"canonical\" href=\"https:\/\/radioljubuski.ba\/index.php\/2021\/12\/29\/turkovic-obmanula-izrael-o-negiranju-holokausta-u-bih\/\" \/>\n<meta property=\"og:locale\" content=\"hr_HR\" \/>\n<meta property=\"og:type\" content=\"article\" \/>\n<meta property=\"og:title\" content=\"Turkovi\u0107 obmanula Izrael o negiranju holokausta u BiH - RADIO LJUBU\u0160KI\" \/>\n<meta property=\"og:description\" content=\"Ministrica vanjskih poslova BiH iz SDA Bisera Turkovi\u0107 uputila je pismo izraelskom kolegi Yairu Lapidu posve krivotvore\u0107i poteze vode\u0107e hrvatske i srpske stranke u BiH \u2013 HDZ-a BiH i SNSD-a oko izmjena Kaznenoga zakona koje se ti\u010du negiranja ratnih zlo\u010dina, holokausta i genocida, pi\u0161e Ve\u010dernji list BiH. Umjesto cijeloga konteksta uz koji je bio vezan [&hellip;]\" \/>\n<meta property=\"og:url\" content=\"https:\/\/radioljubuski.ba\/index.php\/2021\/12\/29\/turkovic-obmanula-izrael-o-negiranju-holokausta-u-bih\/\" \/>\n<meta property=\"og:site_name\" content=\"RADIO LJUBU\u0160KI\" \/>\n<meta property=\"article:publisher\" content=\"https:\/\/www.facebook.com\/Radiio-Ljubuski-1490835324566332\" \/>\n<meta property=\"article:published_time\" content=\"2021-12-29T12:16:23+00:00\" \/>\n<meta property=\"article:modified_time\" content=\"2021-12-29T12:16:24+00:00\" \/>\n<meta property=\"og:image\" content=\"https:\/\/radioljubuski.ba\/wp-content\/uploads\/2021\/12\/TURKOVIC-ISRAEL.jpg\" \/>\n\t<meta property=\"og:image:width\" content=\"672\" \/>\n\t<meta property=\"og:image:height\" content=\"369\" \/>\n\t<meta property=\"og:image:type\" content=\"image\/jpeg\" \/>\n<meta name=\"author\" content=\"Radio Ljubu\u0161ki\" \/>\n<meta name=\"twitter:card\" content=\"summary_large_image\" \/>\n<meta name=\"twitter:creator\" content=\"@radioljubuski\" \/>\n<meta name=\"twitter:site\" content=\"@radioljubuski\" \/>\n<meta name=\"twitter:label1\" content=\"Napisao\/la\" \/>\n\t<meta name=\"twitter:data1\" content=\"Radio Ljubu\u0161ki\" \/>\n\t<meta name=\"twitter:label2\" content=\"Procijenjeno vrijeme \u010ditanja\" \/>\n\t<meta name=\"twitter:data2\" content=\"2 minute\" \/>\n<script type=\"application\/ld+json\" class=\"yoast-schema-graph\">{\"@context\":\"https:\\\/\\\/schema.org\",\"@graph\":[{\"@type\":\"Article\",\"@id\":\"https:\\\/\\\/radioljubuski.ba\\\/index.php\\\/2021\\\/12\\\/29\\\/turkovic-obmanula-izrael-o-negiranju-holokausta-u-bih\\\/#article\",\"isPartOf\":{\"@id\":\"https:\\\/\\\/radioljubuski.ba\\\/index.php\\\/2021\\\/12\\\/29\\\/turkovic-obmanula-izrael-o-negiranju-holokausta-u-bih\\\/\"},\"author\":{\"name\":\"Radio Ljubu\u0161ki\",\"@id\":\"https:\\\/\\\/radioljubuski.ba\\\/#\\\/schema\\\/person\\\/19fc700381a780f69665d7956c469e3b\"},\"headline\":\"Turkovi\u0107 obmanula Izrael o negiranju holokausta u BiH\",\"datePublished\":\"2021-12-29T12:16:23+00:00\",\"dateModified\":\"2021-12-29T12:16:24+00:00\",\"mainEntityOfPage\":{\"@id\":\"https:\\\/\\\/radioljubuski.ba\\\/index.php\\\/2021\\\/12\\\/29\\\/turkovic-obmanula-izrael-o-negiranju-holokausta-u-bih\\\/\"},\"wordCount\":419,\"publisher\":{\"@id\":\"https:\\\/\\\/radioljubuski.ba\\\/#organization\"},\"image\":{\"@id\":\"https:\\\/\\\/radioljubuski.ba\\\/index.php\\\/2021\\\/12\\\/29\\\/turkovic-obmanula-izrael-o-negiranju-holokausta-u-bih\\\/#primaryimage\"},\"thumbnailUrl\":\"https:\\\/\\\/radioljubuski.ba\\\/wp-content\\\/uploads\\\/2021\\\/12\\\/TURKOVIC-ISRAEL.jpg\",\"articleSection\":[\"BIH i regija\"],\"inLanguage\":\"hr\"},{\"@type\":\"WebPage\",\"@id\":\"https:\\\/\\\/radioljubuski.ba\\\/index.php\\\/2021\\\/12\\\/29\\\/turkovic-obmanula-izrael-o-negiranju-holokausta-u-bih\\\/\",\"url\":\"https:\\\/\\\/radioljubuski.ba\\\/index.php\\\/2021\\\/12\\\/29\\\/turkovic-obmanula-izrael-o-negiranju-holokausta-u-bih\\\/\",\"name\":\"Turkovi\u0107 obmanula Izrael o negiranju holokausta u BiH - RADIO LJUBU\u0160KI\",\"isPartOf\":{\"@id\":\"https:\\\/\\\/radioljubuski.ba\\\/#website\"},\"primaryImageOfPage\":{\"@id\":\"https:\\\/\\\/radioljubuski.ba\\\/index.php\\\/2021\\\/12\\\/29\\\/turkovic-obmanula-izrael-o-negiranju-holokausta-u-bih\\\/#primaryimage\"},\"image\":{\"@id\":\"https:\\\/\\\/radioljubuski.ba\\\/index.php\\\/2021\\\/12\\\/29\\\/turkovic-obmanula-izrael-o-negiranju-holokausta-u-bih\\\/#primaryimage\"},\"thumbnailUrl\":\"https:\\\/\\\/radioljubuski.ba\\\/wp-content\\\/uploads\\\/2021\\\/12\\\/TURKOVIC-ISRAEL.jpg\",\"datePublished\":\"2021-12-29T12:16:23+00:00\",\"dateModified\":\"2021-12-29T12:16:24+00:00\",\"breadcrumb\":{\"@id\":\"https:\\\/\\\/radioljubuski.ba\\\/index.php\\\/2021\\\/12\\\/29\\\/turkovic-obmanula-izrael-o-negiranju-holokausta-u-bih\\\/#breadcrumb\"},\"inLanguage\":\"hr\",\"potentialAction\":[{\"@type\":\"ReadAction\",\"target\":[\"https:\\\/\\\/radioljubuski.ba\\\/index.php\\\/2021\\\/12\\\/29\\\/turkovic-obmanula-izrael-o-negiranju-holokausta-u-bih\\\/\"]}]},{\"@type\":\"ImageObject\",\"inLanguage\":\"hr\",\"@id\":\"https:\\\/\\\/radioljubuski.ba\\\/index.php\\\/2021\\\/12\\\/29\\\/turkovic-obmanula-izrael-o-negiranju-holokausta-u-bih\\\/#primaryimage\",\"url\":\"https:\\\/\\\/radioljubuski.ba\\\/wp-content\\\/uploads\\\/2021\\\/12\\\/TURKOVIC-ISRAEL.jpg\",\"contentUrl\":\"https:\\\/\\\/radioljubuski.ba\\\/wp-content\\\/uploads\\\/2021\\\/12\\\/TURKOVIC-ISRAEL.jpg\",\"width\":672,\"height\":369},{\"@type\":\"BreadcrumbList\",\"@id\":\"https:\\\/\\\/radioljubuski.ba\\\/index.php\\\/2021\\\/12\\\/29\\\/turkovic-obmanula-izrael-o-negiranju-holokausta-u-bih\\\/#breadcrumb\",\"itemListElement\":[{\"@type\":\"ListItem\",\"position\":1,\"name\":\"Po\u010detna stranica\",\"item\":\"https:\\\/\\\/radioljubuski.ba\\\/\"},{\"@type\":\"ListItem\",\"position\":2,\"name\":\"Turkovi\u0107 obmanula Izrael o negiranju holokausta u BiH\"}]},{\"@type\":\"WebSite\",\"@id\":\"https:\\\/\\\/radioljubuski.ba\\\/#website\",\"url\":\"https:\\\/\\\/radioljubuski.ba\\\/\",\"name\":\"Radio Ljubu\u0161ki\",\"description\":\"Sun\u010dana frekvencija Hercegovine\",\"publisher\":{\"@id\":\"https:\\\/\\\/radioljubuski.ba\\\/#organization\"},\"potentialAction\":[{\"@type\":\"SearchAction\",\"target\":{\"@type\":\"EntryPoint\",\"urlTemplate\":\"https:\\\/\\\/radioljubuski.ba\\\/?s={search_term_string}\"},\"query-input\":{\"@type\":\"PropertyValueSpecification\",\"valueRequired\":true,\"valueName\":\"search_term_string\"}}],\"inLanguage\":\"hr\"},{\"@type\":\"Organization\",\"@id\":\"https:\\\/\\\/radioljubuski.ba\\\/#organization\",\"name\":\"Radio Ljubu\u0161ki\",\"url\":\"https:\\\/\\\/radioljubuski.ba\\\/\",\"logo\":{\"@type\":\"ImageObject\",\"inLanguage\":\"hr\",\"@id\":\"https:\\\/\\\/radioljubuski.ba\\\/#\\\/schema\\\/logo\\\/image\\\/\",\"url\":\"https:\\\/\\\/radioljubuski.ba\\\/wp-content\\\/uploads\\\/2021\\\/02\\\/cropped-Radio_Ljubuski_logo1.jpg\",\"contentUrl\":\"https:\\\/\\\/radioljubuski.ba\\\/wp-content\\\/uploads\\\/2021\\\/02\\\/cropped-Radio_Ljubuski_logo1.jpg\",\"width\":512,\"height\":512,\"caption\":\"Radio Ljubu\u0161ki\"},\"image\":{\"@id\":\"https:\\\/\\\/radioljubuski.ba\\\/#\\\/schema\\\/logo\\\/image\\\/\"},\"sameAs\":[\"https:\\\/\\\/www.facebook.com\\\/Radiio-Ljubuski-1490835324566332\",\"https:\\\/\\\/x.com\\\/radioljubuski\",\"https:\\\/\\\/hr.linkedin.com\\\/company\\\/radio-ljubuski\",\"https:\\\/\\\/www.youtube.com\\\/channel\\\/UCHYaeO_n0Db3tjNGudGpXyw\"]},{\"@type\":\"Person\",\"@id\":\"https:\\\/\\\/radioljubuski.ba\\\/#\\\/schema\\\/person\\\/19fc700381a780f69665d7956c469e3b\",\"name\":\"Radio Ljubu\u0161ki\"}]}<\/script>\n<!-- \/ Yoast SEO plugin. -->","yoast_head_json":{"title":"Turkovi\u0107 obmanula Izrael o negiranju holokausta u BiH - RADIO LJUBU\u0160KI","robots":{"index":"index","follow":"follow","max-snippet":"max-snippet:-1","max-image-preview":"max-image-preview:large","max-video-preview":"max-video-preview:-1"},"canonical":"https:\/\/radioljubuski.ba\/index.php\/2021\/12\/29\/turkovic-obmanula-izrael-o-negiranju-holokausta-u-bih\/","og_locale":"hr_HR","og_type":"article","og_title":"Turkovi\u0107 obmanula Izrael o negiranju holokausta u BiH - RADIO LJUBU\u0160KI","og_description":"Ministrica vanjskih poslova BiH iz SDA Bisera Turkovi\u0107 uputila je pismo izraelskom kolegi Yairu Lapidu posve krivotvore\u0107i poteze vode\u0107e hrvatske i srpske stranke u BiH \u2013 HDZ-a BiH i SNSD-a oko izmjena Kaznenoga zakona koje se ti\u010du negiranja ratnih zlo\u010dina, holokausta i genocida, pi\u0161e Ve\u010dernji list BiH. Umjesto cijeloga konteksta uz koji je bio vezan [&hellip;]","og_url":"https:\/\/radioljubuski.ba\/index.php\/2021\/12\/29\/turkovic-obmanula-izrael-o-negiranju-holokausta-u-bih\/","og_site_name":"RADIO LJUBU\u0160KI","article_publisher":"https:\/\/www.facebook.com\/Radiio-Ljubuski-1490835324566332","article_published_time":"2021-12-29T12:16:23+00:00","article_modified_time":"2021-12-29T12:16:24+00:00","og_image":[{"width":672,"height":369,"url":"https:\/\/radioljubuski.ba\/wp-content\/uploads\/2021\/12\/TURKOVIC-ISRAEL.jpg","type":"image\/jpeg"}],"author":"Radio Ljubu\u0161ki","twitter_card":"summary_large_image","twitter_creator":"@radioljubuski","twitter_site":"@radioljubuski","twitter_misc":{"Napisao\/la":"Radio Ljubu\u0161ki","Procijenjeno vrijeme \u010ditanja":"2 minute"},"schema":{"@context":"https:\/\/schema.org","@graph":[{"@type":"Article","@id":"https:\/\/radioljubuski.ba\/index.php\/2021\/12\/29\/turkovic-obmanula-izrael-o-negiranju-holokausta-u-bih\/#article","isPartOf":{"@id":"https:\/\/radioljubuski.ba\/index.php\/2021\/12\/29\/turkovic-obmanula-izrael-o-negiranju-holokausta-u-bih\/"},"author":{"name":"Radio Ljubu\u0161ki","@id":"https:\/\/radioljubuski.ba\/#\/schema\/person\/19fc700381a780f69665d7956c469e3b"},"headline":"Turkovi\u0107 obmanula Izrael o negiranju holokausta u BiH","datePublished":"2021-12-29T12:16:23+00:00","dateModified":"2021-12-29T12:16:24+00:00","mainEntityOfPage":{"@id":"https:\/\/radioljubuski.ba\/index.php\/2021\/12\/29\/turkovic-obmanula-izrael-o-negiranju-holokausta-u-bih\/"},"wordCount":419,"publisher":{"@id":"https:\/\/radioljubuski.ba\/#organization"},"image":{"@id":"https:\/\/radioljubuski.ba\/index.php\/2021\/12\/29\/turkovic-obmanula-izrael-o-negiranju-holokausta-u-bih\/#primaryimage"},"thumbnailUrl":"https:\/\/radioljubuski.ba\/wp-content\/uploads\/2021\/12\/TURKOVIC-ISRAEL.jpg","articleSection":["BIH i regija"],"inLanguage":"hr"},{"@type":"WebPage","@id":"https:\/\/radioljubuski.ba\/index.php\/2021\/12\/29\/turkovic-obmanula-izrael-o-negiranju-holokausta-u-bih\/","url":"https:\/\/radioljubuski.ba\/index.php\/2021\/12\/29\/turkovic-obmanula-izrael-o-negiranju-holokausta-u-bih\/","name":"Turkovi\u0107 obmanula Izrael o negiranju holokausta u BiH - RADIO LJUBU\u0160KI","isPartOf":{"@id":"https:\/\/radioljubuski.ba\/#website"},"primaryImageOfPage":{"@id":"https:\/\/radioljubuski.ba\/index.php\/2021\/12\/29\/turkovic-obmanula-izrael-o-negiranju-holokausta-u-bih\/#primaryimage"},"image":{"@id":"https:\/\/radioljubuski.ba\/index.php\/2021\/12\/29\/turkovic-obmanula-izrael-o-negiranju-holokausta-u-bih\/#primaryimage"},"thumbnailUrl":"https:\/\/radioljubuski.ba\/wp-content\/uploads\/2021\/12\/TURKOVIC-ISRAEL.jpg","datePublished":"2021-12-29T12:16:23+00:00","dateModified":"2021-12-29T12:16:24+00:00","breadcrumb":{"@id":"https:\/\/radioljubuski.ba\/index.php\/2021\/12\/29\/turkovic-obmanula-izrael-o-negiranju-holokausta-u-bih\/#breadcrumb"},"inLanguage":"hr","potentialAction":[{"@type":"ReadAction","target":["https:\/\/radioljubuski.ba\/index.php\/2021\/12\/29\/turkovic-obmanula-izrael-o-negiranju-holokausta-u-bih\/"]}]},{"@type":"ImageObject","inLanguage":"hr","@id":"https:\/\/radioljubuski.ba\/index.php\/2021\/12\/29\/turkovic-obmanula-izrael-o-negiranju-holokausta-u-bih\/#primaryimage","url":"https:\/\/radioljubuski.ba\/wp-content\/uploads\/2021\/12\/TURKOVIC-ISRAEL.jpg","contentUrl":"https:\/\/radioljubuski.ba\/wp-content\/uploads\/2021\/12\/TURKOVIC-ISRAEL.jpg","width":672,"height":369},{"@type":"BreadcrumbList","@id":"https:\/\/radioljubuski.ba\/index.php\/2021\/12\/29\/turkovic-obmanula-izrael-o-negiranju-holokausta-u-bih\/#breadcrumb","itemListElement":[{"@type":"ListItem","position":1,"name":"Po\u010detna stranica","item":"https:\/\/radioljubuski.ba\/"},{"@type":"ListItem","position":2,"name":"Turkovi\u0107 obmanula Izrael o negiranju holokausta u BiH"}]},{"@type":"WebSite","@id":"https:\/\/radioljubuski.ba\/#website","url":"https:\/\/radioljubuski.ba\/","name":"Radio Ljubu\u0161ki","description":"Sun\u010dana frekvencija Hercegovine","publisher":{"@id":"https:\/\/radioljubuski.ba\/#organization"},"potentialAction":[{"@type":"SearchAction","target":{"@type":"EntryPoint","urlTemplate":"https:\/\/radioljubuski.ba\/?s={search_term_string}"},"query-input":{"@type":"PropertyValueSpecification","valueRequired":true,"valueName":"search_term_string"}}],"inLanguage":"hr"},{"@type":"Organization","@id":"https:\/\/radioljubuski.ba\/#organization","name":"Radio Ljubu\u0161ki","url":"https:\/\/radioljubuski.ba\/","logo":{"@type":"ImageObject","inLanguage":"hr","@id":"https:\/\/radioljubuski.ba\/#\/schema\/logo\/image\/","url":"https:\/\/radioljubuski.ba\/wp-content\/uploads\/2021\/02\/cropped-Radio_Ljubuski_logo1.jpg","contentUrl":"https:\/\/radioljubuski.ba\/wp-content\/uploads\/2021\/02\/cropped-Radio_Ljubuski_logo1.jpg","width":512,"height":512,"caption":"Radio Ljubu\u0161ki"},"image":{"@id":"https:\/\/radioljubuski.ba\/#\/schema\/logo\/image\/"},"sameAs":["https:\/\/www.facebook.com\/Radiio-Ljubuski-1490835324566332","https:\/\/x.com\/radioljubuski","https:\/\/hr.linkedin.com\/company\/radio-ljubuski","https:\/\/www.youtube.com\/channel\/UCHYaeO_n0Db3tjNGudGpXyw"]},{"@type":"Person","@id":"https:\/\/radioljubuski.ba\/#\/schema\/person\/19fc700381a780f69665d7956c469e3b","name":"Radio Ljubu\u0161ki"}]}},"_links":{"self":[{"href":"https:\/\/radioljubuski.ba\/index.php\/wp-json\/wp\/v2\/posts\/103677","targetHints":{"allow":["GET"]}}],"collection":[{"href":"https:\/\/radioljubuski.ba\/index.php\/wp-json\/wp\/v2\/posts"}],"about":[{"href":"https:\/\/radioljubuski.ba\/index.php\/wp-json\/wp\/v2\/types\/post"}],"author":[{"embeddable":true,"href":"https:\/\/radioljubuski.ba\/index.php\/wp-json\/wp\/v2\/users\/2"}],"replies":[{"embeddable":true,"href":"https:\/\/radioljubuski.ba\/index.php\/wp-json\/wp\/v2\/comments?post=103677"}],"version-history":[{"count":1,"href":"https:\/\/radioljubuski.ba\/index.php\/wp-json\/wp\/v2\/posts\/103677\/revisions"}],"predecessor-version":[{"id":103679,"href":"https:\/\/radioljubuski.ba\/index.php\/wp-json\/wp\/v2\/posts\/103677\/revisions\/103679"}],"wp:featuredmedia":[{"embeddable":true,"href":"https:\/\/radioljubuski.ba\/index.php\/wp-json\/wp\/v2\/media\/103678"}],"wp:attachment":[{"href":"https:\/\/radioljubuski.ba\/index.php\/wp-json\/wp\/v2\/media?parent=103677"}],"wp:term":[{"taxonomy":"category","embeddable":true,"href":"https:\/\/radioljubuski.ba\/index.php\/wp-json\/wp\/v2\/categories?post=103677"},{"taxonomy":"post_tag","embeddable":true,"href":"https:\/\/radioljubuski.ba\/index.php\/wp-json\/wp\/v2\/tags?post=103677"}],"curies":[{"name":"wp","href":"https:\/\/api.w.org\/{rel}","templated":true}]}}