{"id":103680,"date":"2021-12-29T13:19:15","date_gmt":"2021-12-29T12:19:15","guid":{"rendered":"https:\/\/radioljubuski.ba\/?p=103680"},"modified":"2021-12-29T13:19:16","modified_gmt":"2021-12-29T12:19:16","slug":"u-zenici-postavljen-pa-prefarban-bilboard-protiv-jelke-djeda-mraza-i-nove-godine","status":"publish","type":"post","link":"https:\/\/radioljubuski.ba\/index.php\/2021\/12\/29\/u-zenici-postavljen-pa-prefarban-bilboard-protiv-jelke-djeda-mraza-i-nove-godine\/","title":{"rendered":"U Zenici postavljen, pa prefarban, bilboard protiv \u201cJelke, Djeda Mraza i Nove godine\u201d"},"content":{"rendered":"\n<p><strong>U Zenici je postavljen bilboard sa porukom \u201cJelka, Djeda Mraz i Nova godina nisu dio islama i tradicije Bo\u0161njaka\u201d.<\/strong><\/p>\n\n\n\n<iframe loading=\"lazy\" src=\"https:\/\/www.facebook.com\/plugins\/post.php?href=https%3A%2F%2Fwww.facebook.com%2FIvanPetrovicNezavisniKandidat%2Fposts%2F329266862533041&#038;show_text=true&#038;width=500\" width=\"500\" height=\"602\" style=\"border:none;overflow:hidden\" scrolling=\"no\" frameborder=\"0\" allowfullscreen=\"true\" allow=\"autoplay; clipboard-write; encrypted-media; picture-in-picture; web-share\"><\/iframe>\n\n\n\n<p>Za sada nije poznato tko stoji iza ovog bilboarda, koji je postavljen ispred Tr\u017enog centra, ali su mjesecima unazad na sli\u010dnim lokacijama postavljani i drugi bilboardi vjerskog karaktera, prenose sarajevski mediji.<\/p>\n\n\n\n<p>Bilboard u Zenici je postavljen nakon \u0161to je ju\u010der op\u0107inska organizacija SDA izrazila nezadovoljstvo zbog postavljanja plakata u Bu\u017eimu na kojem se \u010destita Bo\u017ei\u0107 i Nova godina.<\/p>\n\n\n\n<blockquote class=\"twitter-tweet\"><p lang=\"und\" dir=\"ltr\">Evo update iz <a href=\"https:\/\/twitter.com\/hashtag\/Zenica?src=hash&amp;ref_src=twsrc%5Etfw\">#Zenica<\/a> \ud83d\udc4f\ud83d\udcaa frisko! <a href=\"https:\/\/t.co\/y2ao6Wgc4s\">pic.twitter.com\/y2ao6Wgc4s<\/a><\/p>&mdash; Mahir Vra\u017eali\u0107 (@Mahir_Vrazalic) <a href=\"https:\/\/twitter.com\/Mahir_Vrazalic\/status\/1475958898221895680?ref_src=twsrc%5Etfw\">December 28, 2021<\/a><\/blockquote> <script async src=\"https:\/\/platform.twitter.com\/widgets.js\" charset=\"utf-8\"><\/script> \n\n\n\n<p>Reklamni plakat u Zenici na kojem je bilo napisano \u201cjelka, Djed Mraz i Nova godina nisu dio tradicije Bo\u0161njaka\u201d jutros je prefarban.<\/p>\n\n\n\n<p>Ova informacija uz fotografiju panoa objavljena je na Twitteru i na njoj su vidljivi mu\u0161karci kako bijelom bojom kre\u010de navedeni plakat, prenosi N1.<\/p>\n\n\n\n<p>\u201cEvo update iz Zenice. Fri\u0161ko\u201d, napisano je u navedenom tweetu uz emotikone aplauza.<\/p>\n\n\n\n<p>Ispod njega su se nizali drugi tweetovi kao odgovor, uglavnom osu\u0111uju\u0107i, gdje su se mnogi zapitali zbog \u010dega se to radi te je li time ugro\u017eena ljudska sloboda.<\/p>\n\n\n\n<p>\u201cPotpuno je pogre\u0161no skinuti bilboard u Bu\u017eimu i prefarbati bilboard u Zenici. U ovoj zemlji sloboda govora i izra\u017eavanja je zagarantovana. Da li to uvodimo Cancel kulturu u javni narativ?\u201d, zapitala se jedna od korisnica Twittera.<\/p>\n\n\n\n<blockquote class=\"twitter-tweet\"><p lang=\"und\" dir=\"ltr\">Potpuno je pogre\u0161no skinuti bilboard u Bu\u017eimu i prefarbati bilboard u Zenici. U ovoj zemlji sloboda govora i izra\u017eavanja je zagarantovana. Da li to uvodimo <a href=\"https:\/\/twitter.com\/hashtag\/CancelCulture?src=hash&amp;ref_src=twsrc%5Etfw\">#CancelCulture<\/a> u javni narativ? \ud83e\udd14 <a href=\"https:\/\/t.co\/bMrMq9xoip\">https:\/\/t.co\/bMrMq9xoip<\/a><\/p>&mdash; igbala skalonja (@iggyscully) <a href=\"https:\/\/twitter.com\/iggyscully\/status\/1476061347599237122?ref_src=twsrc%5Etfw\">December 29, 2021<\/a><\/blockquote> <script async src=\"https:\/\/platform.twitter.com\/widgets.js\" charset=\"utf-8\"><\/script> \n\n\n\n<p>\/HMS\/<\/p>\n","protected":false},"excerpt":{"rendered":"<p>U Zenici je postavljen bilboard sa porukom \u201cJelka, Djeda Mraz i Nova godina nisu dio islama i tradicije Bo\u0161njaka\u201d. Za sada nije poznato tko stoji iza ovog bilboarda, koji je postavljen ispred Tr\u017enog centra, ali su mjesecima unazad na sli\u010dnim lokacijama postavljani i drugi bilboardi vjerskog karaktera, prenose sarajevski mediji. Bilboard u Zenici je postavljen [&hellip;]<\/p>\n","protected":false},"author":2,"featured_media":103681,"comment_status":"closed","ping_status":"closed","sticky":false,"template":"","format":"standard","meta":{"h5ap_radio_sources":[],"footnotes":""},"categories":[1],"tags":[],"class_list":["post-103680","post","type-post","status-publish","format-standard","has-post-thumbnail","hentry","category-bihiregija"],"yoast_head":"<!-- This site is optimized with the Yoast SEO plugin v27.5 - https:\/\/yoast.com\/product\/yoast-seo-wordpress\/ -->\n<title>U Zenici postavljen, pa prefarban, bilboard protiv \u201cJelke, Djeda Mraza i Nove godine\u201d - RADIO LJUBU\u0160KI<\/title>\n<meta name=\"robots\" content=\"index, follow, max-snippet:-1, max-image-preview:large, max-video-preview:-1\" \/>\n<link rel=\"canonical\" href=\"https:\/\/radioljubuski.ba\/index.php\/2021\/12\/29\/u-zenici-postavljen-pa-prefarban-bilboard-protiv-jelke-djeda-mraza-i-nove-godine\/\" \/>\n<meta property=\"og:locale\" content=\"hr_HR\" \/>\n<meta property=\"og:type\" content=\"article\" \/>\n<meta property=\"og:title\" content=\"U Zenici postavljen, pa prefarban, bilboard protiv \u201cJelke, Djeda Mraza i Nove godine\u201d - RADIO LJUBU\u0160KI\" \/>\n<meta property=\"og:description\" content=\"U Zenici je postavljen bilboard sa porukom \u201cJelka, Djeda Mraz i Nova godina nisu dio islama i tradicije Bo\u0161njaka\u201d. Za sada nije poznato tko stoji iza ovog bilboarda, koji je postavljen ispred Tr\u017enog centra, ali su mjesecima unazad na sli\u010dnim lokacijama postavljani i drugi bilboardi vjerskog karaktera, prenose sarajevski mediji. Bilboard u Zenici je postavljen [&hellip;]\" \/>\n<meta property=\"og:url\" content=\"https:\/\/radioljubuski.ba\/index.php\/2021\/12\/29\/u-zenici-postavljen-pa-prefarban-bilboard-protiv-jelke-djeda-mraza-i-nove-godine\/\" \/>\n<meta property=\"og:site_name\" content=\"RADIO LJUBU\u0160KI\" \/>\n<meta property=\"article:publisher\" content=\"https:\/\/www.facebook.com\/Radiio-Ljubuski-1490835324566332\" \/>\n<meta property=\"article:published_time\" content=\"2021-12-29T12:19:15+00:00\" \/>\n<meta property=\"article:modified_time\" content=\"2021-12-29T12:19:16+00:00\" \/>\n<meta property=\"og:image\" content=\"https:\/\/radioljubuski.ba\/wp-content\/uploads\/2021\/12\/bilbord-zenica.jpg\" \/>\n\t<meta property=\"og:image:width\" content=\"1024\" \/>\n\t<meta property=\"og:image:height\" content=\"547\" \/>\n\t<meta property=\"og:image:type\" content=\"image\/jpeg\" \/>\n<meta name=\"author\" content=\"Radio Ljubu\u0161ki\" \/>\n<meta name=\"twitter:card\" content=\"summary_large_image\" \/>\n<meta name=\"twitter:creator\" content=\"@radioljubuski\" \/>\n<meta name=\"twitter:site\" content=\"@radioljubuski\" \/>\n<meta name=\"twitter:label1\" content=\"Napisao\/la\" \/>\n\t<meta name=\"twitter:data1\" content=\"Radio Ljubu\u0161ki\" \/>\n\t<meta name=\"twitter:label2\" content=\"Procijenjeno vrijeme \u010ditanja\" \/>\n\t<meta name=\"twitter:data2\" content=\"2 minute\" \/>\n<script type=\"application\/ld+json\" class=\"yoast-schema-graph\">{\"@context\":\"https:\\\/\\\/schema.org\",\"@graph\":[{\"@type\":\"Article\",\"@id\":\"https:\\\/\\\/radioljubuski.ba\\\/index.php\\\/2021\\\/12\\\/29\\\/u-zenici-postavljen-pa-prefarban-bilboard-protiv-jelke-djeda-mraza-i-nove-godine\\\/#article\",\"isPartOf\":{\"@id\":\"https:\\\/\\\/radioljubuski.ba\\\/index.php\\\/2021\\\/12\\\/29\\\/u-zenici-postavljen-pa-prefarban-bilboard-protiv-jelke-djeda-mraza-i-nove-godine\\\/\"},\"author\":{\"name\":\"Radio Ljubu\u0161ki\",\"@id\":\"https:\\\/\\\/radioljubuski.ba\\\/#\\\/schema\\\/person\\\/19fc700381a780f69665d7956c469e3b\"},\"headline\":\"U Zenici postavljen, pa prefarban, bilboard protiv \u201cJelke, Djeda Mraza i Nove godine\u201d\",\"datePublished\":\"2021-12-29T12:19:15+00:00\",\"dateModified\":\"2021-12-29T12:19:16+00:00\",\"mainEntityOfPage\":{\"@id\":\"https:\\\/\\\/radioljubuski.ba\\\/index.php\\\/2021\\\/12\\\/29\\\/u-zenici-postavljen-pa-prefarban-bilboard-protiv-jelke-djeda-mraza-i-nove-godine\\\/\"},\"wordCount\":291,\"publisher\":{\"@id\":\"https:\\\/\\\/radioljubuski.ba\\\/#organization\"},\"image\":{\"@id\":\"https:\\\/\\\/radioljubuski.ba\\\/index.php\\\/2021\\\/12\\\/29\\\/u-zenici-postavljen-pa-prefarban-bilboard-protiv-jelke-djeda-mraza-i-nove-godine\\\/#primaryimage\"},\"thumbnailUrl\":\"https:\\\/\\\/radioljubuski.ba\\\/wp-content\\\/uploads\\\/2021\\\/12\\\/bilbord-zenica.jpg\",\"articleSection\":[\"BIH i regija\"],\"inLanguage\":\"hr\"},{\"@type\":\"WebPage\",\"@id\":\"https:\\\/\\\/radioljubuski.ba\\\/index.php\\\/2021\\\/12\\\/29\\\/u-zenici-postavljen-pa-prefarban-bilboard-protiv-jelke-djeda-mraza-i-nove-godine\\\/\",\"url\":\"https:\\\/\\\/radioljubuski.ba\\\/index.php\\\/2021\\\/12\\\/29\\\/u-zenici-postavljen-pa-prefarban-bilboard-protiv-jelke-djeda-mraza-i-nove-godine\\\/\",\"name\":\"U Zenici postavljen, pa prefarban, bilboard protiv \u201cJelke, Djeda Mraza i Nove godine\u201d - RADIO LJUBU\u0160KI\",\"isPartOf\":{\"@id\":\"https:\\\/\\\/radioljubuski.ba\\\/#website\"},\"primaryImageOfPage\":{\"@id\":\"https:\\\/\\\/radioljubuski.ba\\\/index.php\\\/2021\\\/12\\\/29\\\/u-zenici-postavljen-pa-prefarban-bilboard-protiv-jelke-djeda-mraza-i-nove-godine\\\/#primaryimage\"},\"image\":{\"@id\":\"https:\\\/\\\/radioljubuski.ba\\\/index.php\\\/2021\\\/12\\\/29\\\/u-zenici-postavljen-pa-prefarban-bilboard-protiv-jelke-djeda-mraza-i-nove-godine\\\/#primaryimage\"},\"thumbnailUrl\":\"https:\\\/\\\/radioljubuski.ba\\\/wp-content\\\/uploads\\\/2021\\\/12\\\/bilbord-zenica.jpg\",\"datePublished\":\"2021-12-29T12:19:15+00:00\",\"dateModified\":\"2021-12-29T12:19:16+00:00\",\"breadcrumb\":{\"@id\":\"https:\\\/\\\/radioljubuski.ba\\\/index.php\\\/2021\\\/12\\\/29\\\/u-zenici-postavljen-pa-prefarban-bilboard-protiv-jelke-djeda-mraza-i-nove-godine\\\/#breadcrumb\"},\"inLanguage\":\"hr\",\"potentialAction\":[{\"@type\":\"ReadAction\",\"target\":[\"https:\\\/\\\/radioljubuski.ba\\\/index.php\\\/2021\\\/12\\\/29\\\/u-zenici-postavljen-pa-prefarban-bilboard-protiv-jelke-djeda-mraza-i-nove-godine\\\/\"]}]},{\"@type\":\"ImageObject\",\"inLanguage\":\"hr\",\"@id\":\"https:\\\/\\\/radioljubuski.ba\\\/index.php\\\/2021\\\/12\\\/29\\\/u-zenici-postavljen-pa-prefarban-bilboard-protiv-jelke-djeda-mraza-i-nove-godine\\\/#primaryimage\",\"url\":\"https:\\\/\\\/radioljubuski.ba\\\/wp-content\\\/uploads\\\/2021\\\/12\\\/bilbord-zenica.jpg\",\"contentUrl\":\"https:\\\/\\\/radioljubuski.ba\\\/wp-content\\\/uploads\\\/2021\\\/12\\\/bilbord-zenica.jpg\",\"width\":1024,\"height\":547},{\"@type\":\"BreadcrumbList\",\"@id\":\"https:\\\/\\\/radioljubuski.ba\\\/index.php\\\/2021\\\/12\\\/29\\\/u-zenici-postavljen-pa-prefarban-bilboard-protiv-jelke-djeda-mraza-i-nove-godine\\\/#breadcrumb\",\"itemListElement\":[{\"@type\":\"ListItem\",\"position\":1,\"name\":\"Po\u010detna stranica\",\"item\":\"https:\\\/\\\/radioljubuski.ba\\\/\"},{\"@type\":\"ListItem\",\"position\":2,\"name\":\"U Zenici postavljen, pa prefarban, bilboard protiv \u201cJelke, Djeda Mraza i Nove godine\u201d\"}]},{\"@type\":\"WebSite\",\"@id\":\"https:\\\/\\\/radioljubuski.ba\\\/#website\",\"url\":\"https:\\\/\\\/radioljubuski.ba\\\/\",\"name\":\"Radio Ljubu\u0161ki\",\"description\":\"Sun\u010dana frekvencija Hercegovine\",\"publisher\":{\"@id\":\"https:\\\/\\\/radioljubuski.ba\\\/#organization\"},\"potentialAction\":[{\"@type\":\"SearchAction\",\"target\":{\"@type\":\"EntryPoint\",\"urlTemplate\":\"https:\\\/\\\/radioljubuski.ba\\\/?s={search_term_string}\"},\"query-input\":{\"@type\":\"PropertyValueSpecification\",\"valueRequired\":true,\"valueName\":\"search_term_string\"}}],\"inLanguage\":\"hr\"},{\"@type\":\"Organization\",\"@id\":\"https:\\\/\\\/radioljubuski.ba\\\/#organization\",\"name\":\"Radio Ljubu\u0161ki\",\"url\":\"https:\\\/\\\/radioljubuski.ba\\\/\",\"logo\":{\"@type\":\"ImageObject\",\"inLanguage\":\"hr\",\"@id\":\"https:\\\/\\\/radioljubuski.ba\\\/#\\\/schema\\\/logo\\\/image\\\/\",\"url\":\"https:\\\/\\\/radioljubuski.ba\\\/wp-content\\\/uploads\\\/2021\\\/02\\\/cropped-Radio_Ljubuski_logo1.jpg\",\"contentUrl\":\"https:\\\/\\\/radioljubuski.ba\\\/wp-content\\\/uploads\\\/2021\\\/02\\\/cropped-Radio_Ljubuski_logo1.jpg\",\"width\":512,\"height\":512,\"caption\":\"Radio Ljubu\u0161ki\"},\"image\":{\"@id\":\"https:\\\/\\\/radioljubuski.ba\\\/#\\\/schema\\\/logo\\\/image\\\/\"},\"sameAs\":[\"https:\\\/\\\/www.facebook.com\\\/Radiio-Ljubuski-1490835324566332\",\"https:\\\/\\\/x.com\\\/radioljubuski\",\"https:\\\/\\\/hr.linkedin.com\\\/company\\\/radio-ljubuski\",\"https:\\\/\\\/www.youtube.com\\\/channel\\\/UCHYaeO_n0Db3tjNGudGpXyw\"]},{\"@type\":\"Person\",\"@id\":\"https:\\\/\\\/radioljubuski.ba\\\/#\\\/schema\\\/person\\\/19fc700381a780f69665d7956c469e3b\",\"name\":\"Radio Ljubu\u0161ki\"}]}<\/script>\n<!-- \/ Yoast SEO plugin. -->","yoast_head_json":{"title":"U Zenici postavljen, pa prefarban, bilboard protiv \u201cJelke, Djeda Mraza i Nove godine\u201d - RADIO LJUBU\u0160KI","robots":{"index":"index","follow":"follow","max-snippet":"max-snippet:-1","max-image-preview":"max-image-preview:large","max-video-preview":"max-video-preview:-1"},"canonical":"https:\/\/radioljubuski.ba\/index.php\/2021\/12\/29\/u-zenici-postavljen-pa-prefarban-bilboard-protiv-jelke-djeda-mraza-i-nove-godine\/","og_locale":"hr_HR","og_type":"article","og_title":"U Zenici postavljen, pa prefarban, bilboard protiv \u201cJelke, Djeda Mraza i Nove godine\u201d - RADIO LJUBU\u0160KI","og_description":"U Zenici je postavljen bilboard sa porukom \u201cJelka, Djeda Mraz i Nova godina nisu dio islama i tradicije Bo\u0161njaka\u201d. Za sada nije poznato tko stoji iza ovog bilboarda, koji je postavljen ispred Tr\u017enog centra, ali su mjesecima unazad na sli\u010dnim lokacijama postavljani i drugi bilboardi vjerskog karaktera, prenose sarajevski mediji. Bilboard u Zenici je postavljen [&hellip;]","og_url":"https:\/\/radioljubuski.ba\/index.php\/2021\/12\/29\/u-zenici-postavljen-pa-prefarban-bilboard-protiv-jelke-djeda-mraza-i-nove-godine\/","og_site_name":"RADIO LJUBU\u0160KI","article_publisher":"https:\/\/www.facebook.com\/Radiio-Ljubuski-1490835324566332","article_published_time":"2021-12-29T12:19:15+00:00","article_modified_time":"2021-12-29T12:19:16+00:00","og_image":[{"width":1024,"height":547,"url":"https:\/\/radioljubuski.ba\/wp-content\/uploads\/2021\/12\/bilbord-zenica.jpg","type":"image\/jpeg"}],"author":"Radio Ljubu\u0161ki","twitter_card":"summary_large_image","twitter_creator":"@radioljubuski","twitter_site":"@radioljubuski","twitter_misc":{"Napisao\/la":"Radio Ljubu\u0161ki","Procijenjeno vrijeme \u010ditanja":"2 minute"},"schema":{"@context":"https:\/\/schema.org","@graph":[{"@type":"Article","@id":"https:\/\/radioljubuski.ba\/index.php\/2021\/12\/29\/u-zenici-postavljen-pa-prefarban-bilboard-protiv-jelke-djeda-mraza-i-nove-godine\/#article","isPartOf":{"@id":"https:\/\/radioljubuski.ba\/index.php\/2021\/12\/29\/u-zenici-postavljen-pa-prefarban-bilboard-protiv-jelke-djeda-mraza-i-nove-godine\/"},"author":{"name":"Radio Ljubu\u0161ki","@id":"https:\/\/radioljubuski.ba\/#\/schema\/person\/19fc700381a780f69665d7956c469e3b"},"headline":"U Zenici postavljen, pa prefarban, bilboard protiv \u201cJelke, Djeda Mraza i Nove godine\u201d","datePublished":"2021-12-29T12:19:15+00:00","dateModified":"2021-12-29T12:19:16+00:00","mainEntityOfPage":{"@id":"https:\/\/radioljubuski.ba\/index.php\/2021\/12\/29\/u-zenici-postavljen-pa-prefarban-bilboard-protiv-jelke-djeda-mraza-i-nove-godine\/"},"wordCount":291,"publisher":{"@id":"https:\/\/radioljubuski.ba\/#organization"},"image":{"@id":"https:\/\/radioljubuski.ba\/index.php\/2021\/12\/29\/u-zenici-postavljen-pa-prefarban-bilboard-protiv-jelke-djeda-mraza-i-nove-godine\/#primaryimage"},"thumbnailUrl":"https:\/\/radioljubuski.ba\/wp-content\/uploads\/2021\/12\/bilbord-zenica.jpg","articleSection":["BIH i regija"],"inLanguage":"hr"},{"@type":"WebPage","@id":"https:\/\/radioljubuski.ba\/index.php\/2021\/12\/29\/u-zenici-postavljen-pa-prefarban-bilboard-protiv-jelke-djeda-mraza-i-nove-godine\/","url":"https:\/\/radioljubuski.ba\/index.php\/2021\/12\/29\/u-zenici-postavljen-pa-prefarban-bilboard-protiv-jelke-djeda-mraza-i-nove-godine\/","name":"U Zenici postavljen, pa prefarban, bilboard protiv \u201cJelke, Djeda Mraza i Nove godine\u201d - RADIO LJUBU\u0160KI","isPartOf":{"@id":"https:\/\/radioljubuski.ba\/#website"},"primaryImageOfPage":{"@id":"https:\/\/radioljubuski.ba\/index.php\/2021\/12\/29\/u-zenici-postavljen-pa-prefarban-bilboard-protiv-jelke-djeda-mraza-i-nove-godine\/#primaryimage"},"image":{"@id":"https:\/\/radioljubuski.ba\/index.php\/2021\/12\/29\/u-zenici-postavljen-pa-prefarban-bilboard-protiv-jelke-djeda-mraza-i-nove-godine\/#primaryimage"},"thumbnailUrl":"https:\/\/radioljubuski.ba\/wp-content\/uploads\/2021\/12\/bilbord-zenica.jpg","datePublished":"2021-12-29T12:19:15+00:00","dateModified":"2021-12-29T12:19:16+00:00","breadcrumb":{"@id":"https:\/\/radioljubuski.ba\/index.php\/2021\/12\/29\/u-zenici-postavljen-pa-prefarban-bilboard-protiv-jelke-djeda-mraza-i-nove-godine\/#breadcrumb"},"inLanguage":"hr","potentialAction":[{"@type":"ReadAction","target":["https:\/\/radioljubuski.ba\/index.php\/2021\/12\/29\/u-zenici-postavljen-pa-prefarban-bilboard-protiv-jelke-djeda-mraza-i-nove-godine\/"]}]},{"@type":"ImageObject","inLanguage":"hr","@id":"https:\/\/radioljubuski.ba\/index.php\/2021\/12\/29\/u-zenici-postavljen-pa-prefarban-bilboard-protiv-jelke-djeda-mraza-i-nove-godine\/#primaryimage","url":"https:\/\/radioljubuski.ba\/wp-content\/uploads\/2021\/12\/bilbord-zenica.jpg","contentUrl":"https:\/\/radioljubuski.ba\/wp-content\/uploads\/2021\/12\/bilbord-zenica.jpg","width":1024,"height":547},{"@type":"BreadcrumbList","@id":"https:\/\/radioljubuski.ba\/index.php\/2021\/12\/29\/u-zenici-postavljen-pa-prefarban-bilboard-protiv-jelke-djeda-mraza-i-nove-godine\/#breadcrumb","itemListElement":[{"@type":"ListItem","position":1,"name":"Po\u010detna stranica","item":"https:\/\/radioljubuski.ba\/"},{"@type":"ListItem","position":2,"name":"U Zenici postavljen, pa prefarban, bilboard protiv \u201cJelke, Djeda Mraza i Nove godine\u201d"}]},{"@type":"WebSite","@id":"https:\/\/radioljubuski.ba\/#website","url":"https:\/\/radioljubuski.ba\/","name":"Radio Ljubu\u0161ki","description":"Sun\u010dana frekvencija Hercegovine","publisher":{"@id":"https:\/\/radioljubuski.ba\/#organization"},"potentialAction":[{"@type":"SearchAction","target":{"@type":"EntryPoint","urlTemplate":"https:\/\/radioljubuski.ba\/?s={search_term_string}"},"query-input":{"@type":"PropertyValueSpecification","valueRequired":true,"valueName":"search_term_string"}}],"inLanguage":"hr"},{"@type":"Organization","@id":"https:\/\/radioljubuski.ba\/#organization","name":"Radio Ljubu\u0161ki","url":"https:\/\/radioljubuski.ba\/","logo":{"@type":"ImageObject","inLanguage":"hr","@id":"https:\/\/radioljubuski.ba\/#\/schema\/logo\/image\/","url":"https:\/\/radioljubuski.ba\/wp-content\/uploads\/2021\/02\/cropped-Radio_Ljubuski_logo1.jpg","contentUrl":"https:\/\/radioljubuski.ba\/wp-content\/uploads\/2021\/02\/cropped-Radio_Ljubuski_logo1.jpg","width":512,"height":512,"caption":"Radio Ljubu\u0161ki"},"image":{"@id":"https:\/\/radioljubuski.ba\/#\/schema\/logo\/image\/"},"sameAs":["https:\/\/www.facebook.com\/Radiio-Ljubuski-1490835324566332","https:\/\/x.com\/radioljubuski","https:\/\/hr.linkedin.com\/company\/radio-ljubuski","https:\/\/www.youtube.com\/channel\/UCHYaeO_n0Db3tjNGudGpXyw"]},{"@type":"Person","@id":"https:\/\/radioljubuski.ba\/#\/schema\/person\/19fc700381a780f69665d7956c469e3b","name":"Radio Ljubu\u0161ki"}]}},"_links":{"self":[{"href":"https:\/\/radioljubuski.ba\/index.php\/wp-json\/wp\/v2\/posts\/103680","targetHints":{"allow":["GET"]}}],"collection":[{"href":"https:\/\/radioljubuski.ba\/index.php\/wp-json\/wp\/v2\/posts"}],"about":[{"href":"https:\/\/radioljubuski.ba\/index.php\/wp-json\/wp\/v2\/types\/post"}],"author":[{"embeddable":true,"href":"https:\/\/radioljubuski.ba\/index.php\/wp-json\/wp\/v2\/users\/2"}],"replies":[{"embeddable":true,"href":"https:\/\/radioljubuski.ba\/index.php\/wp-json\/wp\/v2\/comments?post=103680"}],"version-history":[{"count":1,"href":"https:\/\/radioljubuski.ba\/index.php\/wp-json\/wp\/v2\/posts\/103680\/revisions"}],"predecessor-version":[{"id":103682,"href":"https:\/\/radioljubuski.ba\/index.php\/wp-json\/wp\/v2\/posts\/103680\/revisions\/103682"}],"wp:featuredmedia":[{"embeddable":true,"href":"https:\/\/radioljubuski.ba\/index.php\/wp-json\/wp\/v2\/media\/103681"}],"wp:attachment":[{"href":"https:\/\/radioljubuski.ba\/index.php\/wp-json\/wp\/v2\/media?parent=103680"}],"wp:term":[{"taxonomy":"category","embeddable":true,"href":"https:\/\/radioljubuski.ba\/index.php\/wp-json\/wp\/v2\/categories?post=103680"},{"taxonomy":"post_tag","embeddable":true,"href":"https:\/\/radioljubuski.ba\/index.php\/wp-json\/wp\/v2\/tags?post=103680"}],"curies":[{"name":"wp","href":"https:\/\/api.w.org\/{rel}","templated":true}]}}