{"id":103683,"date":"2021-12-29T13:22:25","date_gmt":"2021-12-29T12:22:25","guid":{"rendered":"https:\/\/radioljubuski.ba\/?p=103683"},"modified":"2021-12-29T13:22:25","modified_gmt":"2021-12-29T12:22:25","slug":"tegeltija-zaposleni-u-institucijama-nece-ostati-bez-placa","status":"publish","type":"post","link":"https:\/\/radioljubuski.ba\/index.php\/2021\/12\/29\/tegeltija-zaposleni-u-institucijama-nece-ostati-bez-placa\/","title":{"rendered":"Tegeltija: Zaposleni u institucijama ne\u0107e ostati bez pla\u0107a"},"content":{"rendered":"\n<p><strong>\u2013 Vije\u0107e ministara donijet \u0107e sutra odluku o privremenom financiranju institucija BiH i me\u0111unarodnih obaveza za prvi kvartal 2022. godine, \u010dime se stavlja to\u010dka na spekulacije da bi vi\u0161e od 20.000 zaposlenih u zajedni\u010dkim institucijama ve\u0107 u sije\u010dnju moglo ostati bez posla i naknada, potvrdio je predsjedatelj VM BiH Zoran Tegeltija.<\/strong><\/p>\n\n\n\n<p>Tegeltija je za \u201cEuroBlic\u201d istaknuo da zaposleni u institucijama BiH ne trebaju brinuti jer \u0107e se ta to\u010dka na\u0107i na dnevnom redu ve\u0107 sutra.<\/p>\n\n\n\n<p>\u201cI ranije smo pojasnili da \u0107e srpski predstavnici u institucijama BiH sudjelovati u dono\u0161enju samo onih odluka koje su u interesu gra\u0111ana. Kako ne bi doveli u pitanje primanja velikog broja zaposlenih odobrit \u0107emo odluku o privremenom financiranju za naredni kvartal 2022. godine\u201d, objasnio je Tegeltija.<\/p>\n\n\n\n<p>On se nada da \u0107e za razliku od ove godine, u 2022. godini biti usvojen prora\u010dun BiH i da vi\u0161e ne\u0107e biti potrebno donositi odluke o privremenom financiranju.<\/p>\n\n\n\n<p>Tegeltija je izrazio \u017ealjenje \u0161to prora\u010dun za 2021. godinu nije usvojen, podsjetiv\u0161i da je Vije\u0107e ministara u ovoj godini utvrdio dva nacrta prora\u010duna institucija za 2021. Jedan od tih nacrta je Predsjedni\u0161tvo BiH vratilo na doradu, a drugi je jo\u0161 u parlamentarnoj proceduri.<\/p>\n\n\n\n<p>Tegeltija je naveo da su drugi nacrt uskladili s instrukcijama iz Predsjedni\u0161tva BiH i uputili u parlamentarnu proceduru gdje se i dalje nalazi.<\/p>\n\n\n\n<p>S obzirom na to da ne postoji ni realno vrijeme kada se mo\u017ee usvojiti taj prora\u010dun, niti postoji politi\u010dka suglasnost, kako je rekao Tegeltija, jasno je da prora\u010dun za 2021. godinu ne\u0107e biti ni usvojen.<\/p>\n\n\n\n<p>Prora\u010dun zajedni\u010dkih institucija, naveo je, u najve\u0107oj mjeri se odnosi na teku\u0107e poslovanje i osobna primanja zaposlenih, a relativno mali dio sredstava se izdvaja za kapitalna ulaganja i podr\u0161ke kroz odre\u0111ene grantove i transfere nevladinom sektoru, sportskim, kulturnim i drugim institucijama.<\/p>\n\n\n\n<p>Tegeltija je naveo da \u0107e te institucije zbog toga \u0161to prora\u010dun za 2021. godinu nije usvojen ostati bez tih sredstava.<\/p>\n\n\n\n<p>\u201cMe\u0111utim, naj\u017ealije mi je \u010dinjenice da zbog neusvajanja prora\u010duna ne\u0107emo mo\u0107i pomo\u0107i zdravstvenom sektoru ni u Republici Srpskoj ni u Federaciji FBiH. Podsjetit \u0107u da smo u prora\u010dunu za 2021. godinu planirali izdvojiti gotovo 30 milijuna KM za izravnu pomo\u0107 zdravstvenom sektoru, koji trpi ogromne tro\u0161kove kao posljedica borbe protiv covida\u201d, istaknuo je Tegeltija.<\/p>\n\n\n\n<p>\/HMS\/<\/p>\n","protected":false},"excerpt":{"rendered":"<p>\u2013 Vije\u0107e ministara donijet \u0107e sutra odluku o privremenom financiranju institucija BiH i me\u0111unarodnih obaveza za prvi kvartal 2022. godine, \u010dime se stavlja to\u010dka na spekulacije da bi vi\u0161e od 20.000 zaposlenih u zajedni\u010dkim institucijama ve\u0107 u sije\u010dnju moglo ostati bez posla i naknada, potvrdio je predsjedatelj VM BiH Zoran Tegeltija. Tegeltija je za \u201cEuroBlic\u201d [&hellip;]<\/p>\n","protected":false},"author":2,"featured_media":103684,"comment_status":"closed","ping_status":"closed","sticky":false,"template":"","format":"standard","meta":{"h5ap_radio_sources":[],"footnotes":""},"categories":[1],"tags":[],"class_list":["post-103683","post","type-post","status-publish","format-standard","has-post-thumbnail","hentry","category-bihiregija"],"yoast_head":"<!-- This site is optimized with the Yoast SEO plugin v27.5 - https:\/\/yoast.com\/product\/yoast-seo-wordpress\/ -->\n<title>Tegeltija: Zaposleni u institucijama ne\u0107e ostati bez pla\u0107a - RADIO LJUBU\u0160KI<\/title>\n<meta name=\"robots\" content=\"index, follow, max-snippet:-1, max-image-preview:large, max-video-preview:-1\" \/>\n<link rel=\"canonical\" href=\"https:\/\/radioljubuski.ba\/index.php\/2021\/12\/29\/tegeltija-zaposleni-u-institucijama-nece-ostati-bez-placa\/\" \/>\n<meta property=\"og:locale\" content=\"hr_HR\" \/>\n<meta property=\"og:type\" content=\"article\" \/>\n<meta property=\"og:title\" content=\"Tegeltija: Zaposleni u institucijama ne\u0107e ostati bez pla\u0107a - RADIO LJUBU\u0160KI\" \/>\n<meta property=\"og:description\" content=\"\u2013 Vije\u0107e ministara donijet \u0107e sutra odluku o privremenom financiranju institucija BiH i me\u0111unarodnih obaveza za prvi kvartal 2022. godine, \u010dime se stavlja to\u010dka na spekulacije da bi vi\u0161e od 20.000 zaposlenih u zajedni\u010dkim institucijama ve\u0107 u sije\u010dnju moglo ostati bez posla i naknada, potvrdio je predsjedatelj VM BiH Zoran Tegeltija. Tegeltija je za \u201cEuroBlic\u201d [&hellip;]\" \/>\n<meta property=\"og:url\" content=\"https:\/\/radioljubuski.ba\/index.php\/2021\/12\/29\/tegeltija-zaposleni-u-institucijama-nece-ostati-bez-placa\/\" \/>\n<meta property=\"og:site_name\" content=\"RADIO LJUBU\u0160KI\" \/>\n<meta property=\"article:publisher\" content=\"https:\/\/www.facebook.com\/Radiio-Ljubuski-1490835324566332\" \/>\n<meta property=\"article:published_time\" content=\"2021-12-29T12:22:25+00:00\" \/>\n<meta property=\"og:image\" content=\"https:\/\/radioljubuski.ba\/wp-content\/uploads\/2021\/12\/tegeltija1.jpg\" \/>\n\t<meta property=\"og:image:width\" content=\"750\" \/>\n\t<meta property=\"og:image:height\" content=\"465\" \/>\n\t<meta property=\"og:image:type\" content=\"image\/jpeg\" \/>\n<meta name=\"author\" content=\"Radio Ljubu\u0161ki\" \/>\n<meta name=\"twitter:card\" content=\"summary_large_image\" \/>\n<meta name=\"twitter:creator\" content=\"@radioljubuski\" \/>\n<meta name=\"twitter:site\" content=\"@radioljubuski\" \/>\n<meta name=\"twitter:label1\" content=\"Napisao\/la\" \/>\n\t<meta name=\"twitter:data1\" content=\"Radio Ljubu\u0161ki\" \/>\n\t<meta name=\"twitter:label2\" content=\"Procijenjeno vrijeme \u010ditanja\" \/>\n\t<meta name=\"twitter:data2\" content=\"2 minute\" \/>\n<script type=\"application\/ld+json\" class=\"yoast-schema-graph\">{\"@context\":\"https:\\\/\\\/schema.org\",\"@graph\":[{\"@type\":\"Article\",\"@id\":\"https:\\\/\\\/radioljubuski.ba\\\/index.php\\\/2021\\\/12\\\/29\\\/tegeltija-zaposleni-u-institucijama-nece-ostati-bez-placa\\\/#article\",\"isPartOf\":{\"@id\":\"https:\\\/\\\/radioljubuski.ba\\\/index.php\\\/2021\\\/12\\\/29\\\/tegeltija-zaposleni-u-institucijama-nece-ostati-bez-placa\\\/\"},\"author\":{\"name\":\"Radio Ljubu\u0161ki\",\"@id\":\"https:\\\/\\\/radioljubuski.ba\\\/#\\\/schema\\\/person\\\/19fc700381a780f69665d7956c469e3b\"},\"headline\":\"Tegeltija: Zaposleni u institucijama ne\u0107e ostati bez pla\u0107a\",\"datePublished\":\"2021-12-29T12:22:25+00:00\",\"mainEntityOfPage\":{\"@id\":\"https:\\\/\\\/radioljubuski.ba\\\/index.php\\\/2021\\\/12\\\/29\\\/tegeltija-zaposleni-u-institucijama-nece-ostati-bez-placa\\\/\"},\"wordCount\":404,\"publisher\":{\"@id\":\"https:\\\/\\\/radioljubuski.ba\\\/#organization\"},\"image\":{\"@id\":\"https:\\\/\\\/radioljubuski.ba\\\/index.php\\\/2021\\\/12\\\/29\\\/tegeltija-zaposleni-u-institucijama-nece-ostati-bez-placa\\\/#primaryimage\"},\"thumbnailUrl\":\"https:\\\/\\\/radioljubuski.ba\\\/wp-content\\\/uploads\\\/2021\\\/12\\\/tegeltija1.jpg\",\"articleSection\":[\"BIH i regija\"],\"inLanguage\":\"hr\"},{\"@type\":\"WebPage\",\"@id\":\"https:\\\/\\\/radioljubuski.ba\\\/index.php\\\/2021\\\/12\\\/29\\\/tegeltija-zaposleni-u-institucijama-nece-ostati-bez-placa\\\/\",\"url\":\"https:\\\/\\\/radioljubuski.ba\\\/index.php\\\/2021\\\/12\\\/29\\\/tegeltija-zaposleni-u-institucijama-nece-ostati-bez-placa\\\/\",\"name\":\"Tegeltija: Zaposleni u institucijama ne\u0107e ostati bez pla\u0107a - RADIO LJUBU\u0160KI\",\"isPartOf\":{\"@id\":\"https:\\\/\\\/radioljubuski.ba\\\/#website\"},\"primaryImageOfPage\":{\"@id\":\"https:\\\/\\\/radioljubuski.ba\\\/index.php\\\/2021\\\/12\\\/29\\\/tegeltija-zaposleni-u-institucijama-nece-ostati-bez-placa\\\/#primaryimage\"},\"image\":{\"@id\":\"https:\\\/\\\/radioljubuski.ba\\\/index.php\\\/2021\\\/12\\\/29\\\/tegeltija-zaposleni-u-institucijama-nece-ostati-bez-placa\\\/#primaryimage\"},\"thumbnailUrl\":\"https:\\\/\\\/radioljubuski.ba\\\/wp-content\\\/uploads\\\/2021\\\/12\\\/tegeltija1.jpg\",\"datePublished\":\"2021-12-29T12:22:25+00:00\",\"breadcrumb\":{\"@id\":\"https:\\\/\\\/radioljubuski.ba\\\/index.php\\\/2021\\\/12\\\/29\\\/tegeltija-zaposleni-u-institucijama-nece-ostati-bez-placa\\\/#breadcrumb\"},\"inLanguage\":\"hr\",\"potentialAction\":[{\"@type\":\"ReadAction\",\"target\":[\"https:\\\/\\\/radioljubuski.ba\\\/index.php\\\/2021\\\/12\\\/29\\\/tegeltija-zaposleni-u-institucijama-nece-ostati-bez-placa\\\/\"]}]},{\"@type\":\"ImageObject\",\"inLanguage\":\"hr\",\"@id\":\"https:\\\/\\\/radioljubuski.ba\\\/index.php\\\/2021\\\/12\\\/29\\\/tegeltija-zaposleni-u-institucijama-nece-ostati-bez-placa\\\/#primaryimage\",\"url\":\"https:\\\/\\\/radioljubuski.ba\\\/wp-content\\\/uploads\\\/2021\\\/12\\\/tegeltija1.jpg\",\"contentUrl\":\"https:\\\/\\\/radioljubuski.ba\\\/wp-content\\\/uploads\\\/2021\\\/12\\\/tegeltija1.jpg\",\"width\":750,\"height\":465},{\"@type\":\"BreadcrumbList\",\"@id\":\"https:\\\/\\\/radioljubuski.ba\\\/index.php\\\/2021\\\/12\\\/29\\\/tegeltija-zaposleni-u-institucijama-nece-ostati-bez-placa\\\/#breadcrumb\",\"itemListElement\":[{\"@type\":\"ListItem\",\"position\":1,\"name\":\"Po\u010detna stranica\",\"item\":\"https:\\\/\\\/radioljubuski.ba\\\/\"},{\"@type\":\"ListItem\",\"position\":2,\"name\":\"Tegeltija: Zaposleni u institucijama ne\u0107e ostati bez pla\u0107a\"}]},{\"@type\":\"WebSite\",\"@id\":\"https:\\\/\\\/radioljubuski.ba\\\/#website\",\"url\":\"https:\\\/\\\/radioljubuski.ba\\\/\",\"name\":\"Radio Ljubu\u0161ki\",\"description\":\"Sun\u010dana frekvencija Hercegovine\",\"publisher\":{\"@id\":\"https:\\\/\\\/radioljubuski.ba\\\/#organization\"},\"potentialAction\":[{\"@type\":\"SearchAction\",\"target\":{\"@type\":\"EntryPoint\",\"urlTemplate\":\"https:\\\/\\\/radioljubuski.ba\\\/?s={search_term_string}\"},\"query-input\":{\"@type\":\"PropertyValueSpecification\",\"valueRequired\":true,\"valueName\":\"search_term_string\"}}],\"inLanguage\":\"hr\"},{\"@type\":\"Organization\",\"@id\":\"https:\\\/\\\/radioljubuski.ba\\\/#organization\",\"name\":\"Radio Ljubu\u0161ki\",\"url\":\"https:\\\/\\\/radioljubuski.ba\\\/\",\"logo\":{\"@type\":\"ImageObject\",\"inLanguage\":\"hr\",\"@id\":\"https:\\\/\\\/radioljubuski.ba\\\/#\\\/schema\\\/logo\\\/image\\\/\",\"url\":\"https:\\\/\\\/radioljubuski.ba\\\/wp-content\\\/uploads\\\/2021\\\/02\\\/cropped-Radio_Ljubuski_logo1.jpg\",\"contentUrl\":\"https:\\\/\\\/radioljubuski.ba\\\/wp-content\\\/uploads\\\/2021\\\/02\\\/cropped-Radio_Ljubuski_logo1.jpg\",\"width\":512,\"height\":512,\"caption\":\"Radio Ljubu\u0161ki\"},\"image\":{\"@id\":\"https:\\\/\\\/radioljubuski.ba\\\/#\\\/schema\\\/logo\\\/image\\\/\"},\"sameAs\":[\"https:\\\/\\\/www.facebook.com\\\/Radiio-Ljubuski-1490835324566332\",\"https:\\\/\\\/x.com\\\/radioljubuski\",\"https:\\\/\\\/hr.linkedin.com\\\/company\\\/radio-ljubuski\",\"https:\\\/\\\/www.youtube.com\\\/channel\\\/UCHYaeO_n0Db3tjNGudGpXyw\"]},{\"@type\":\"Person\",\"@id\":\"https:\\\/\\\/radioljubuski.ba\\\/#\\\/schema\\\/person\\\/19fc700381a780f69665d7956c469e3b\",\"name\":\"Radio Ljubu\u0161ki\"}]}<\/script>\n<!-- \/ Yoast SEO plugin. -->","yoast_head_json":{"title":"Tegeltija: Zaposleni u institucijama ne\u0107e ostati bez pla\u0107a - RADIO LJUBU\u0160KI","robots":{"index":"index","follow":"follow","max-snippet":"max-snippet:-1","max-image-preview":"max-image-preview:large","max-video-preview":"max-video-preview:-1"},"canonical":"https:\/\/radioljubuski.ba\/index.php\/2021\/12\/29\/tegeltija-zaposleni-u-institucijama-nece-ostati-bez-placa\/","og_locale":"hr_HR","og_type":"article","og_title":"Tegeltija: Zaposleni u institucijama ne\u0107e ostati bez pla\u0107a - RADIO LJUBU\u0160KI","og_description":"\u2013 Vije\u0107e ministara donijet \u0107e sutra odluku o privremenom financiranju institucija BiH i me\u0111unarodnih obaveza za prvi kvartal 2022. godine, \u010dime se stavlja to\u010dka na spekulacije da bi vi\u0161e od 20.000 zaposlenih u zajedni\u010dkim institucijama ve\u0107 u sije\u010dnju moglo ostati bez posla i naknada, potvrdio je predsjedatelj VM BiH Zoran Tegeltija. Tegeltija je za \u201cEuroBlic\u201d [&hellip;]","og_url":"https:\/\/radioljubuski.ba\/index.php\/2021\/12\/29\/tegeltija-zaposleni-u-institucijama-nece-ostati-bez-placa\/","og_site_name":"RADIO LJUBU\u0160KI","article_publisher":"https:\/\/www.facebook.com\/Radiio-Ljubuski-1490835324566332","article_published_time":"2021-12-29T12:22:25+00:00","og_image":[{"width":750,"height":465,"url":"https:\/\/radioljubuski.ba\/wp-content\/uploads\/2021\/12\/tegeltija1.jpg","type":"image\/jpeg"}],"author":"Radio Ljubu\u0161ki","twitter_card":"summary_large_image","twitter_creator":"@radioljubuski","twitter_site":"@radioljubuski","twitter_misc":{"Napisao\/la":"Radio Ljubu\u0161ki","Procijenjeno vrijeme \u010ditanja":"2 minute"},"schema":{"@context":"https:\/\/schema.org","@graph":[{"@type":"Article","@id":"https:\/\/radioljubuski.ba\/index.php\/2021\/12\/29\/tegeltija-zaposleni-u-institucijama-nece-ostati-bez-placa\/#article","isPartOf":{"@id":"https:\/\/radioljubuski.ba\/index.php\/2021\/12\/29\/tegeltija-zaposleni-u-institucijama-nece-ostati-bez-placa\/"},"author":{"name":"Radio Ljubu\u0161ki","@id":"https:\/\/radioljubuski.ba\/#\/schema\/person\/19fc700381a780f69665d7956c469e3b"},"headline":"Tegeltija: Zaposleni u institucijama ne\u0107e ostati bez pla\u0107a","datePublished":"2021-12-29T12:22:25+00:00","mainEntityOfPage":{"@id":"https:\/\/radioljubuski.ba\/index.php\/2021\/12\/29\/tegeltija-zaposleni-u-institucijama-nece-ostati-bez-placa\/"},"wordCount":404,"publisher":{"@id":"https:\/\/radioljubuski.ba\/#organization"},"image":{"@id":"https:\/\/radioljubuski.ba\/index.php\/2021\/12\/29\/tegeltija-zaposleni-u-institucijama-nece-ostati-bez-placa\/#primaryimage"},"thumbnailUrl":"https:\/\/radioljubuski.ba\/wp-content\/uploads\/2021\/12\/tegeltija1.jpg","articleSection":["BIH i regija"],"inLanguage":"hr"},{"@type":"WebPage","@id":"https:\/\/radioljubuski.ba\/index.php\/2021\/12\/29\/tegeltija-zaposleni-u-institucijama-nece-ostati-bez-placa\/","url":"https:\/\/radioljubuski.ba\/index.php\/2021\/12\/29\/tegeltija-zaposleni-u-institucijama-nece-ostati-bez-placa\/","name":"Tegeltija: Zaposleni u institucijama ne\u0107e ostati bez pla\u0107a - RADIO LJUBU\u0160KI","isPartOf":{"@id":"https:\/\/radioljubuski.ba\/#website"},"primaryImageOfPage":{"@id":"https:\/\/radioljubuski.ba\/index.php\/2021\/12\/29\/tegeltija-zaposleni-u-institucijama-nece-ostati-bez-placa\/#primaryimage"},"image":{"@id":"https:\/\/radioljubuski.ba\/index.php\/2021\/12\/29\/tegeltija-zaposleni-u-institucijama-nece-ostati-bez-placa\/#primaryimage"},"thumbnailUrl":"https:\/\/radioljubuski.ba\/wp-content\/uploads\/2021\/12\/tegeltija1.jpg","datePublished":"2021-12-29T12:22:25+00:00","breadcrumb":{"@id":"https:\/\/radioljubuski.ba\/index.php\/2021\/12\/29\/tegeltija-zaposleni-u-institucijama-nece-ostati-bez-placa\/#breadcrumb"},"inLanguage":"hr","potentialAction":[{"@type":"ReadAction","target":["https:\/\/radioljubuski.ba\/index.php\/2021\/12\/29\/tegeltija-zaposleni-u-institucijama-nece-ostati-bez-placa\/"]}]},{"@type":"ImageObject","inLanguage":"hr","@id":"https:\/\/radioljubuski.ba\/index.php\/2021\/12\/29\/tegeltija-zaposleni-u-institucijama-nece-ostati-bez-placa\/#primaryimage","url":"https:\/\/radioljubuski.ba\/wp-content\/uploads\/2021\/12\/tegeltija1.jpg","contentUrl":"https:\/\/radioljubuski.ba\/wp-content\/uploads\/2021\/12\/tegeltija1.jpg","width":750,"height":465},{"@type":"BreadcrumbList","@id":"https:\/\/radioljubuski.ba\/index.php\/2021\/12\/29\/tegeltija-zaposleni-u-institucijama-nece-ostati-bez-placa\/#breadcrumb","itemListElement":[{"@type":"ListItem","position":1,"name":"Po\u010detna stranica","item":"https:\/\/radioljubuski.ba\/"},{"@type":"ListItem","position":2,"name":"Tegeltija: Zaposleni u institucijama ne\u0107e ostati bez pla\u0107a"}]},{"@type":"WebSite","@id":"https:\/\/radioljubuski.ba\/#website","url":"https:\/\/radioljubuski.ba\/","name":"Radio Ljubu\u0161ki","description":"Sun\u010dana frekvencija Hercegovine","publisher":{"@id":"https:\/\/radioljubuski.ba\/#organization"},"potentialAction":[{"@type":"SearchAction","target":{"@type":"EntryPoint","urlTemplate":"https:\/\/radioljubuski.ba\/?s={search_term_string}"},"query-input":{"@type":"PropertyValueSpecification","valueRequired":true,"valueName":"search_term_string"}}],"inLanguage":"hr"},{"@type":"Organization","@id":"https:\/\/radioljubuski.ba\/#organization","name":"Radio Ljubu\u0161ki","url":"https:\/\/radioljubuski.ba\/","logo":{"@type":"ImageObject","inLanguage":"hr","@id":"https:\/\/radioljubuski.ba\/#\/schema\/logo\/image\/","url":"https:\/\/radioljubuski.ba\/wp-content\/uploads\/2021\/02\/cropped-Radio_Ljubuski_logo1.jpg","contentUrl":"https:\/\/radioljubuski.ba\/wp-content\/uploads\/2021\/02\/cropped-Radio_Ljubuski_logo1.jpg","width":512,"height":512,"caption":"Radio Ljubu\u0161ki"},"image":{"@id":"https:\/\/radioljubuski.ba\/#\/schema\/logo\/image\/"},"sameAs":["https:\/\/www.facebook.com\/Radiio-Ljubuski-1490835324566332","https:\/\/x.com\/radioljubuski","https:\/\/hr.linkedin.com\/company\/radio-ljubuski","https:\/\/www.youtube.com\/channel\/UCHYaeO_n0Db3tjNGudGpXyw"]},{"@type":"Person","@id":"https:\/\/radioljubuski.ba\/#\/schema\/person\/19fc700381a780f69665d7956c469e3b","name":"Radio Ljubu\u0161ki"}]}},"_links":{"self":[{"href":"https:\/\/radioljubuski.ba\/index.php\/wp-json\/wp\/v2\/posts\/103683","targetHints":{"allow":["GET"]}}],"collection":[{"href":"https:\/\/radioljubuski.ba\/index.php\/wp-json\/wp\/v2\/posts"}],"about":[{"href":"https:\/\/radioljubuski.ba\/index.php\/wp-json\/wp\/v2\/types\/post"}],"author":[{"embeddable":true,"href":"https:\/\/radioljubuski.ba\/index.php\/wp-json\/wp\/v2\/users\/2"}],"replies":[{"embeddable":true,"href":"https:\/\/radioljubuski.ba\/index.php\/wp-json\/wp\/v2\/comments?post=103683"}],"version-history":[{"count":1,"href":"https:\/\/radioljubuski.ba\/index.php\/wp-json\/wp\/v2\/posts\/103683\/revisions"}],"predecessor-version":[{"id":103685,"href":"https:\/\/radioljubuski.ba\/index.php\/wp-json\/wp\/v2\/posts\/103683\/revisions\/103685"}],"wp:featuredmedia":[{"embeddable":true,"href":"https:\/\/radioljubuski.ba\/index.php\/wp-json\/wp\/v2\/media\/103684"}],"wp:attachment":[{"href":"https:\/\/radioljubuski.ba\/index.php\/wp-json\/wp\/v2\/media?parent=103683"}],"wp:term":[{"taxonomy":"category","embeddable":true,"href":"https:\/\/radioljubuski.ba\/index.php\/wp-json\/wp\/v2\/categories?post=103683"},{"taxonomy":"post_tag","embeddable":true,"href":"https:\/\/radioljubuski.ba\/index.php\/wp-json\/wp\/v2\/tags?post=103683"}],"curies":[{"name":"wp","href":"https:\/\/api.w.org\/{rel}","templated":true}]}}