{"id":103689,"date":"2021-12-29T13:25:26","date_gmt":"2021-12-29T12:25:26","guid":{"rendered":"https:\/\/radioljubuski.ba\/?p=103689"},"modified":"2021-12-29T13:25:28","modified_gmt":"2021-12-29T12:25:28","slug":"raspudic-moguc-je-i-rat-i-raspad-bih-ukidanje-konstitutivnosti-naroda-je-zlocinacka-politika","status":"publish","type":"post","link":"https:\/\/radioljubuski.ba\/index.php\/2021\/12\/29\/raspudic-moguc-je-i-rat-i-raspad-bih-ukidanje-konstitutivnosti-naroda-je-zlocinacka-politika\/","title":{"rendered":"Raspudi\u0107: Mogu\u0107 je i rat i raspad BiH, ukidanje konstitutivnosti naroda je zlo\u010dina\u010dka politika"},"content":{"rendered":"\n<p><strong>\u201eMogu\u0107 je i rat i raspad BiH\u201c, kazao je zastupnik Mosta u Hrvatskom saboru Nino Raspudi\u0107 za Kompas RTV-a Herceg-Bosne i objasnio kako nas povijest u\u010di da nikad nikakve opcije ne treba isklju\u010diti, ali da ono \u0161to je doista najvrjednije, gdje se nikada ne\u0107e pogrije\u0161iti, je politika mira i pravde.<\/strong><\/p>\n\n\n\n<iframe loading=\"lazy\" title=\"RTV HB| Raspudi\u0107 za Kompas:Mogu\u0107 je i rat i raspad BiH, nema dijaloga s onima koji pozivaju na sukob\" width=\"640\" height=\"360\" src=\"https:\/\/www.youtube.com\/embed\/c8per5vFG7M?feature=oembed\" frameborder=\"0\" allow=\"accelerometer; autoplay; clipboard-write; encrypted-media; gyroscope; picture-in-picture; web-share\" referrerpolicy=\"strict-origin-when-cross-origin\" allowfullscreen><\/iframe>\n\n\n\n<p>\u201eNe mo\u017ee se voditi dijalog s onima koji pozivaju na sukob. Ono eventualno za\u0161to to vrijedi ponavljati je obra\u0107ati se bo\u0161nja\u010dkoj javnosti, bira\u010dima tih stranaka jer su i oni slu\u0111eni ovakvom politikom, a politi\u010dkoj klasi poput Izetbegovi\u0107a ili ovih jo\u0161 ekstremnijih tobo\u017ee gra\u0111anskih stranaka obja\u0161njavanje je gubljenje vremena\u201c, rekao je Raspudi\u0107.<\/p>\n\n\n\n<p>Poku\u0161aje ukidanja konstitutivnosti naroda ocijenio je zlo\u010dina\u010dkom politikom. \u201eZlo\u010dina\u010dka, jer demontira samu bit Daytonskog mirovnog sporazuma\u201c.<\/p>\n\n\n\n<p>Na upit urednika i voditelja Miroslava Vasilja \u0161to ukoliko ne do\u0111e do izmjena Izbornog zakona Raspudi\u0107 je naveo kako to mo\u017ee biti i svojevrsna prilika. \u201eTreba u\u010diniti sve da do toga ne do\u0111e, nije to u na\u0161im rukama. Moramo nastojati izbje\u0107i udar glavom u zid. Me\u0111utim, ako on i do\u0111e nije kraj svijeta mo\u017ee poslu\u017eiti za neko otrije\u017enjenje, ali definitivno nazad nema.\u201c<\/p>\n\n\n\n<p>Naglasio je kako je moralna prednost Hrvata u BiH \u0161to za sebe doista ne tra\u017ee ni\u0161ta \u0161to ne bi dali drugim narodima. \u201eNi jedan Hrvat u BiH ne ma\u0161ta o tome da on odredi tko \u0107e predstavljati Bo\u0161njake ili Srbe u Predsjedni\u0161tvu ili Domu naroda. Onda to daje i moralnu te\u017einu zahtjevu na temelju onoga \u0161to stoji u Ustavu, odnosno Aneksu \u010detiri mirovnog sporazuma \u2013 da tra\u017ei\u0161 za sebe ono \u0161to ti pripada\u201c, rekao je Raspudi\u0107.<\/p>\n\n\n\n<p>Ukoliko ne do\u0111e do izmjena Izbornog zakona smatra da se Republika Hrvatska ne treba postavljati na na\u010din da legitimnim predstavnicima Hrvata govori \u0161to bi trebali \u010diniti.<\/p>\n\n\n\n<p>\u201eHrvatska treba dati maksimalnu potporu interesima Hrvata u BiH onako kako ih artikuliraju njihovi legitimni predstavnici. Hrvatski narodni sabor bi \u017eurno, koliko je danas, trebao zapo\u010deti s ozbiljnim zasjedanjem i napraviti strategiju \u0161to ako do promjene Izbornog zakona ne do\u0111e\u201c, objasnio je Raspudi\u0107.<\/p>\n\n\n\n<p>Da je on u nekoj od hrvatskih stranaka u BiH ka\u017ee ve\u0107 bi danas po\u010deo razgovore i tra\u017eio \u0161to \u0161iri konsenzus me\u0111u hrvatskim politi\u010dkim strankama i \u0161iroj zainteresiranoj javnosti za bojkot izbora.<\/p>\n\n\n\n<p>\/HMS\/<\/p>\n","protected":false},"excerpt":{"rendered":"<p>\u201eMogu\u0107 je i rat i raspad BiH\u201c, kazao je zastupnik Mosta u Hrvatskom saboru Nino Raspudi\u0107 za Kompas RTV-a Herceg-Bosne i objasnio kako nas povijest u\u010di da nikad nikakve opcije ne treba isklju\u010diti, ali da ono \u0161to je doista najvrjednije, gdje se nikada ne\u0107e pogrije\u0161iti, je politika mira i pravde. \u201eNe mo\u017ee se voditi dijalog [&hellip;]<\/p>\n","protected":false},"author":2,"featured_media":103690,"comment_status":"closed","ping_status":"closed","sticky":false,"template":"","format":"standard","meta":{"h5ap_radio_sources":[],"footnotes":""},"categories":[1],"tags":[],"class_list":["post-103689","post","type-post","status-publish","format-standard","has-post-thumbnail","hentry","category-bihiregija"],"yoast_head":"<!-- This site is optimized with the Yoast SEO plugin v27.5 - https:\/\/yoast.com\/product\/yoast-seo-wordpress\/ -->\n<title>Raspudi\u0107: Mogu\u0107 je i rat i raspad BiH, ukidanje konstitutivnosti naroda je zlo\u010dina\u010dka politika - RADIO LJUBU\u0160KI<\/title>\n<meta name=\"robots\" content=\"index, follow, max-snippet:-1, max-image-preview:large, max-video-preview:-1\" \/>\n<link rel=\"canonical\" href=\"https:\/\/radioljubuski.ba\/index.php\/2021\/12\/29\/raspudic-moguc-je-i-rat-i-raspad-bih-ukidanje-konstitutivnosti-naroda-je-zlocinacka-politika\/\" \/>\n<meta property=\"og:locale\" content=\"hr_HR\" \/>\n<meta property=\"og:type\" content=\"article\" \/>\n<meta property=\"og:title\" content=\"Raspudi\u0107: Mogu\u0107 je i rat i raspad BiH, ukidanje konstitutivnosti naroda je zlo\u010dina\u010dka politika - RADIO LJUBU\u0160KI\" \/>\n<meta property=\"og:description\" content=\"\u201eMogu\u0107 je i rat i raspad BiH\u201c, kazao je zastupnik Mosta u Hrvatskom saboru Nino Raspudi\u0107 za Kompas RTV-a Herceg-Bosne i objasnio kako nas povijest u\u010di da nikad nikakve opcije ne treba isklju\u010diti, ali da ono \u0161to je doista najvrjednije, gdje se nikada ne\u0107e pogrije\u0161iti, je politika mira i pravde. \u201eNe mo\u017ee se voditi dijalog [&hellip;]\" \/>\n<meta property=\"og:url\" content=\"https:\/\/radioljubuski.ba\/index.php\/2021\/12\/29\/raspudic-moguc-je-i-rat-i-raspad-bih-ukidanje-konstitutivnosti-naroda-je-zlocinacka-politika\/\" \/>\n<meta property=\"og:site_name\" content=\"RADIO LJUBU\u0160KI\" \/>\n<meta property=\"article:publisher\" content=\"https:\/\/www.facebook.com\/Radiio-Ljubuski-1490835324566332\" \/>\n<meta property=\"article:published_time\" content=\"2021-12-29T12:25:26+00:00\" \/>\n<meta property=\"article:modified_time\" content=\"2021-12-29T12:25:28+00:00\" \/>\n<meta property=\"og:image\" content=\"https:\/\/radioljubuski.ba\/wp-content\/uploads\/2021\/12\/RASPUDIC-I-VASILJ-660x330-1.jpg\" \/>\n\t<meta property=\"og:image:width\" content=\"660\" \/>\n\t<meta property=\"og:image:height\" content=\"330\" \/>\n\t<meta property=\"og:image:type\" content=\"image\/jpeg\" \/>\n<meta name=\"author\" content=\"Radio Ljubu\u0161ki\" \/>\n<meta name=\"twitter:card\" content=\"summary_large_image\" \/>\n<meta name=\"twitter:creator\" content=\"@radioljubuski\" \/>\n<meta name=\"twitter:site\" content=\"@radioljubuski\" \/>\n<meta name=\"twitter:label1\" content=\"Napisao\/la\" \/>\n\t<meta name=\"twitter:data1\" content=\"Radio Ljubu\u0161ki\" \/>\n\t<meta name=\"twitter:label2\" content=\"Procijenjeno vrijeme \u010ditanja\" \/>\n\t<meta name=\"twitter:data2\" content=\"2 minute\" \/>\n<script type=\"application\/ld+json\" class=\"yoast-schema-graph\">{\"@context\":\"https:\\\/\\\/schema.org\",\"@graph\":[{\"@type\":\"Article\",\"@id\":\"https:\\\/\\\/radioljubuski.ba\\\/index.php\\\/2021\\\/12\\\/29\\\/raspudic-moguc-je-i-rat-i-raspad-bih-ukidanje-konstitutivnosti-naroda-je-zlocinacka-politika\\\/#article\",\"isPartOf\":{\"@id\":\"https:\\\/\\\/radioljubuski.ba\\\/index.php\\\/2021\\\/12\\\/29\\\/raspudic-moguc-je-i-rat-i-raspad-bih-ukidanje-konstitutivnosti-naroda-je-zlocinacka-politika\\\/\"},\"author\":{\"name\":\"Radio Ljubu\u0161ki\",\"@id\":\"https:\\\/\\\/radioljubuski.ba\\\/#\\\/schema\\\/person\\\/19fc700381a780f69665d7956c469e3b\"},\"headline\":\"Raspudi\u0107: Mogu\u0107 je i rat i raspad BiH, ukidanje konstitutivnosti naroda je zlo\u010dina\u010dka politika\",\"datePublished\":\"2021-12-29T12:25:26+00:00\",\"dateModified\":\"2021-12-29T12:25:28+00:00\",\"mainEntityOfPage\":{\"@id\":\"https:\\\/\\\/radioljubuski.ba\\\/index.php\\\/2021\\\/12\\\/29\\\/raspudic-moguc-je-i-rat-i-raspad-bih-ukidanje-konstitutivnosti-naroda-je-zlocinacka-politika\\\/\"},\"wordCount\":430,\"publisher\":{\"@id\":\"https:\\\/\\\/radioljubuski.ba\\\/#organization\"},\"image\":{\"@id\":\"https:\\\/\\\/radioljubuski.ba\\\/index.php\\\/2021\\\/12\\\/29\\\/raspudic-moguc-je-i-rat-i-raspad-bih-ukidanje-konstitutivnosti-naroda-je-zlocinacka-politika\\\/#primaryimage\"},\"thumbnailUrl\":\"https:\\\/\\\/radioljubuski.ba\\\/wp-content\\\/uploads\\\/2021\\\/12\\\/RASPUDIC-I-VASILJ-660x330-1.jpg\",\"articleSection\":[\"BIH i regija\"],\"inLanguage\":\"hr\"},{\"@type\":\"WebPage\",\"@id\":\"https:\\\/\\\/radioljubuski.ba\\\/index.php\\\/2021\\\/12\\\/29\\\/raspudic-moguc-je-i-rat-i-raspad-bih-ukidanje-konstitutivnosti-naroda-je-zlocinacka-politika\\\/\",\"url\":\"https:\\\/\\\/radioljubuski.ba\\\/index.php\\\/2021\\\/12\\\/29\\\/raspudic-moguc-je-i-rat-i-raspad-bih-ukidanje-konstitutivnosti-naroda-je-zlocinacka-politika\\\/\",\"name\":\"Raspudi\u0107: Mogu\u0107 je i rat i raspad BiH, ukidanje konstitutivnosti naroda je zlo\u010dina\u010dka politika - RADIO LJUBU\u0160KI\",\"isPartOf\":{\"@id\":\"https:\\\/\\\/radioljubuski.ba\\\/#website\"},\"primaryImageOfPage\":{\"@id\":\"https:\\\/\\\/radioljubuski.ba\\\/index.php\\\/2021\\\/12\\\/29\\\/raspudic-moguc-je-i-rat-i-raspad-bih-ukidanje-konstitutivnosti-naroda-je-zlocinacka-politika\\\/#primaryimage\"},\"image\":{\"@id\":\"https:\\\/\\\/radioljubuski.ba\\\/index.php\\\/2021\\\/12\\\/29\\\/raspudic-moguc-je-i-rat-i-raspad-bih-ukidanje-konstitutivnosti-naroda-je-zlocinacka-politika\\\/#primaryimage\"},\"thumbnailUrl\":\"https:\\\/\\\/radioljubuski.ba\\\/wp-content\\\/uploads\\\/2021\\\/12\\\/RASPUDIC-I-VASILJ-660x330-1.jpg\",\"datePublished\":\"2021-12-29T12:25:26+00:00\",\"dateModified\":\"2021-12-29T12:25:28+00:00\",\"breadcrumb\":{\"@id\":\"https:\\\/\\\/radioljubuski.ba\\\/index.php\\\/2021\\\/12\\\/29\\\/raspudic-moguc-je-i-rat-i-raspad-bih-ukidanje-konstitutivnosti-naroda-je-zlocinacka-politika\\\/#breadcrumb\"},\"inLanguage\":\"hr\",\"potentialAction\":[{\"@type\":\"ReadAction\",\"target\":[\"https:\\\/\\\/radioljubuski.ba\\\/index.php\\\/2021\\\/12\\\/29\\\/raspudic-moguc-je-i-rat-i-raspad-bih-ukidanje-konstitutivnosti-naroda-je-zlocinacka-politika\\\/\"]}]},{\"@type\":\"ImageObject\",\"inLanguage\":\"hr\",\"@id\":\"https:\\\/\\\/radioljubuski.ba\\\/index.php\\\/2021\\\/12\\\/29\\\/raspudic-moguc-je-i-rat-i-raspad-bih-ukidanje-konstitutivnosti-naroda-je-zlocinacka-politika\\\/#primaryimage\",\"url\":\"https:\\\/\\\/radioljubuski.ba\\\/wp-content\\\/uploads\\\/2021\\\/12\\\/RASPUDIC-I-VASILJ-660x330-1.jpg\",\"contentUrl\":\"https:\\\/\\\/radioljubuski.ba\\\/wp-content\\\/uploads\\\/2021\\\/12\\\/RASPUDIC-I-VASILJ-660x330-1.jpg\",\"width\":660,\"height\":330},{\"@type\":\"BreadcrumbList\",\"@id\":\"https:\\\/\\\/radioljubuski.ba\\\/index.php\\\/2021\\\/12\\\/29\\\/raspudic-moguc-je-i-rat-i-raspad-bih-ukidanje-konstitutivnosti-naroda-je-zlocinacka-politika\\\/#breadcrumb\",\"itemListElement\":[{\"@type\":\"ListItem\",\"position\":1,\"name\":\"Po\u010detna stranica\",\"item\":\"https:\\\/\\\/radioljubuski.ba\\\/\"},{\"@type\":\"ListItem\",\"position\":2,\"name\":\"Raspudi\u0107: Mogu\u0107 je i rat i raspad BiH, ukidanje konstitutivnosti naroda je zlo\u010dina\u010dka politika\"}]},{\"@type\":\"WebSite\",\"@id\":\"https:\\\/\\\/radioljubuski.ba\\\/#website\",\"url\":\"https:\\\/\\\/radioljubuski.ba\\\/\",\"name\":\"Radio Ljubu\u0161ki\",\"description\":\"Sun\u010dana frekvencija Hercegovine\",\"publisher\":{\"@id\":\"https:\\\/\\\/radioljubuski.ba\\\/#organization\"},\"potentialAction\":[{\"@type\":\"SearchAction\",\"target\":{\"@type\":\"EntryPoint\",\"urlTemplate\":\"https:\\\/\\\/radioljubuski.ba\\\/?s={search_term_string}\"},\"query-input\":{\"@type\":\"PropertyValueSpecification\",\"valueRequired\":true,\"valueName\":\"search_term_string\"}}],\"inLanguage\":\"hr\"},{\"@type\":\"Organization\",\"@id\":\"https:\\\/\\\/radioljubuski.ba\\\/#organization\",\"name\":\"Radio Ljubu\u0161ki\",\"url\":\"https:\\\/\\\/radioljubuski.ba\\\/\",\"logo\":{\"@type\":\"ImageObject\",\"inLanguage\":\"hr\",\"@id\":\"https:\\\/\\\/radioljubuski.ba\\\/#\\\/schema\\\/logo\\\/image\\\/\",\"url\":\"https:\\\/\\\/radioljubuski.ba\\\/wp-content\\\/uploads\\\/2021\\\/02\\\/cropped-Radio_Ljubuski_logo1.jpg\",\"contentUrl\":\"https:\\\/\\\/radioljubuski.ba\\\/wp-content\\\/uploads\\\/2021\\\/02\\\/cropped-Radio_Ljubuski_logo1.jpg\",\"width\":512,\"height\":512,\"caption\":\"Radio Ljubu\u0161ki\"},\"image\":{\"@id\":\"https:\\\/\\\/radioljubuski.ba\\\/#\\\/schema\\\/logo\\\/image\\\/\"},\"sameAs\":[\"https:\\\/\\\/www.facebook.com\\\/Radiio-Ljubuski-1490835324566332\",\"https:\\\/\\\/x.com\\\/radioljubuski\",\"https:\\\/\\\/hr.linkedin.com\\\/company\\\/radio-ljubuski\",\"https:\\\/\\\/www.youtube.com\\\/channel\\\/UCHYaeO_n0Db3tjNGudGpXyw\"]},{\"@type\":\"Person\",\"@id\":\"https:\\\/\\\/radioljubuski.ba\\\/#\\\/schema\\\/person\\\/19fc700381a780f69665d7956c469e3b\",\"name\":\"Radio Ljubu\u0161ki\"}]}<\/script>\n<!-- \/ Yoast SEO plugin. -->","yoast_head_json":{"title":"Raspudi\u0107: Mogu\u0107 je i rat i raspad BiH, ukidanje konstitutivnosti naroda je zlo\u010dina\u010dka politika - RADIO LJUBU\u0160KI","robots":{"index":"index","follow":"follow","max-snippet":"max-snippet:-1","max-image-preview":"max-image-preview:large","max-video-preview":"max-video-preview:-1"},"canonical":"https:\/\/radioljubuski.ba\/index.php\/2021\/12\/29\/raspudic-moguc-je-i-rat-i-raspad-bih-ukidanje-konstitutivnosti-naroda-je-zlocinacka-politika\/","og_locale":"hr_HR","og_type":"article","og_title":"Raspudi\u0107: Mogu\u0107 je i rat i raspad BiH, ukidanje konstitutivnosti naroda je zlo\u010dina\u010dka politika - RADIO LJUBU\u0160KI","og_description":"\u201eMogu\u0107 je i rat i raspad BiH\u201c, kazao je zastupnik Mosta u Hrvatskom saboru Nino Raspudi\u0107 za Kompas RTV-a Herceg-Bosne i objasnio kako nas povijest u\u010di da nikad nikakve opcije ne treba isklju\u010diti, ali da ono \u0161to je doista najvrjednije, gdje se nikada ne\u0107e pogrije\u0161iti, je politika mira i pravde. \u201eNe mo\u017ee se voditi dijalog [&hellip;]","og_url":"https:\/\/radioljubuski.ba\/index.php\/2021\/12\/29\/raspudic-moguc-je-i-rat-i-raspad-bih-ukidanje-konstitutivnosti-naroda-je-zlocinacka-politika\/","og_site_name":"RADIO LJUBU\u0160KI","article_publisher":"https:\/\/www.facebook.com\/Radiio-Ljubuski-1490835324566332","article_published_time":"2021-12-29T12:25:26+00:00","article_modified_time":"2021-12-29T12:25:28+00:00","og_image":[{"width":660,"height":330,"url":"https:\/\/radioljubuski.ba\/wp-content\/uploads\/2021\/12\/RASPUDIC-I-VASILJ-660x330-1.jpg","type":"image\/jpeg"}],"author":"Radio Ljubu\u0161ki","twitter_card":"summary_large_image","twitter_creator":"@radioljubuski","twitter_site":"@radioljubuski","twitter_misc":{"Napisao\/la":"Radio Ljubu\u0161ki","Procijenjeno vrijeme \u010ditanja":"2 minute"},"schema":{"@context":"https:\/\/schema.org","@graph":[{"@type":"Article","@id":"https:\/\/radioljubuski.ba\/index.php\/2021\/12\/29\/raspudic-moguc-je-i-rat-i-raspad-bih-ukidanje-konstitutivnosti-naroda-je-zlocinacka-politika\/#article","isPartOf":{"@id":"https:\/\/radioljubuski.ba\/index.php\/2021\/12\/29\/raspudic-moguc-je-i-rat-i-raspad-bih-ukidanje-konstitutivnosti-naroda-je-zlocinacka-politika\/"},"author":{"name":"Radio Ljubu\u0161ki","@id":"https:\/\/radioljubuski.ba\/#\/schema\/person\/19fc700381a780f69665d7956c469e3b"},"headline":"Raspudi\u0107: Mogu\u0107 je i rat i raspad BiH, ukidanje konstitutivnosti naroda je zlo\u010dina\u010dka politika","datePublished":"2021-12-29T12:25:26+00:00","dateModified":"2021-12-29T12:25:28+00:00","mainEntityOfPage":{"@id":"https:\/\/radioljubuski.ba\/index.php\/2021\/12\/29\/raspudic-moguc-je-i-rat-i-raspad-bih-ukidanje-konstitutivnosti-naroda-je-zlocinacka-politika\/"},"wordCount":430,"publisher":{"@id":"https:\/\/radioljubuski.ba\/#organization"},"image":{"@id":"https:\/\/radioljubuski.ba\/index.php\/2021\/12\/29\/raspudic-moguc-je-i-rat-i-raspad-bih-ukidanje-konstitutivnosti-naroda-je-zlocinacka-politika\/#primaryimage"},"thumbnailUrl":"https:\/\/radioljubuski.ba\/wp-content\/uploads\/2021\/12\/RASPUDIC-I-VASILJ-660x330-1.jpg","articleSection":["BIH i regija"],"inLanguage":"hr"},{"@type":"WebPage","@id":"https:\/\/radioljubuski.ba\/index.php\/2021\/12\/29\/raspudic-moguc-je-i-rat-i-raspad-bih-ukidanje-konstitutivnosti-naroda-je-zlocinacka-politika\/","url":"https:\/\/radioljubuski.ba\/index.php\/2021\/12\/29\/raspudic-moguc-je-i-rat-i-raspad-bih-ukidanje-konstitutivnosti-naroda-je-zlocinacka-politika\/","name":"Raspudi\u0107: Mogu\u0107 je i rat i raspad BiH, ukidanje konstitutivnosti naroda je zlo\u010dina\u010dka politika - RADIO LJUBU\u0160KI","isPartOf":{"@id":"https:\/\/radioljubuski.ba\/#website"},"primaryImageOfPage":{"@id":"https:\/\/radioljubuski.ba\/index.php\/2021\/12\/29\/raspudic-moguc-je-i-rat-i-raspad-bih-ukidanje-konstitutivnosti-naroda-je-zlocinacka-politika\/#primaryimage"},"image":{"@id":"https:\/\/radioljubuski.ba\/index.php\/2021\/12\/29\/raspudic-moguc-je-i-rat-i-raspad-bih-ukidanje-konstitutivnosti-naroda-je-zlocinacka-politika\/#primaryimage"},"thumbnailUrl":"https:\/\/radioljubuski.ba\/wp-content\/uploads\/2021\/12\/RASPUDIC-I-VASILJ-660x330-1.jpg","datePublished":"2021-12-29T12:25:26+00:00","dateModified":"2021-12-29T12:25:28+00:00","breadcrumb":{"@id":"https:\/\/radioljubuski.ba\/index.php\/2021\/12\/29\/raspudic-moguc-je-i-rat-i-raspad-bih-ukidanje-konstitutivnosti-naroda-je-zlocinacka-politika\/#breadcrumb"},"inLanguage":"hr","potentialAction":[{"@type":"ReadAction","target":["https:\/\/radioljubuski.ba\/index.php\/2021\/12\/29\/raspudic-moguc-je-i-rat-i-raspad-bih-ukidanje-konstitutivnosti-naroda-je-zlocinacka-politika\/"]}]},{"@type":"ImageObject","inLanguage":"hr","@id":"https:\/\/radioljubuski.ba\/index.php\/2021\/12\/29\/raspudic-moguc-je-i-rat-i-raspad-bih-ukidanje-konstitutivnosti-naroda-je-zlocinacka-politika\/#primaryimage","url":"https:\/\/radioljubuski.ba\/wp-content\/uploads\/2021\/12\/RASPUDIC-I-VASILJ-660x330-1.jpg","contentUrl":"https:\/\/radioljubuski.ba\/wp-content\/uploads\/2021\/12\/RASPUDIC-I-VASILJ-660x330-1.jpg","width":660,"height":330},{"@type":"BreadcrumbList","@id":"https:\/\/radioljubuski.ba\/index.php\/2021\/12\/29\/raspudic-moguc-je-i-rat-i-raspad-bih-ukidanje-konstitutivnosti-naroda-je-zlocinacka-politika\/#breadcrumb","itemListElement":[{"@type":"ListItem","position":1,"name":"Po\u010detna stranica","item":"https:\/\/radioljubuski.ba\/"},{"@type":"ListItem","position":2,"name":"Raspudi\u0107: Mogu\u0107 je i rat i raspad BiH, ukidanje konstitutivnosti naroda je zlo\u010dina\u010dka politika"}]},{"@type":"WebSite","@id":"https:\/\/radioljubuski.ba\/#website","url":"https:\/\/radioljubuski.ba\/","name":"Radio Ljubu\u0161ki","description":"Sun\u010dana frekvencija Hercegovine","publisher":{"@id":"https:\/\/radioljubuski.ba\/#organization"},"potentialAction":[{"@type":"SearchAction","target":{"@type":"EntryPoint","urlTemplate":"https:\/\/radioljubuski.ba\/?s={search_term_string}"},"query-input":{"@type":"PropertyValueSpecification","valueRequired":true,"valueName":"search_term_string"}}],"inLanguage":"hr"},{"@type":"Organization","@id":"https:\/\/radioljubuski.ba\/#organization","name":"Radio Ljubu\u0161ki","url":"https:\/\/radioljubuski.ba\/","logo":{"@type":"ImageObject","inLanguage":"hr","@id":"https:\/\/radioljubuski.ba\/#\/schema\/logo\/image\/","url":"https:\/\/radioljubuski.ba\/wp-content\/uploads\/2021\/02\/cropped-Radio_Ljubuski_logo1.jpg","contentUrl":"https:\/\/radioljubuski.ba\/wp-content\/uploads\/2021\/02\/cropped-Radio_Ljubuski_logo1.jpg","width":512,"height":512,"caption":"Radio Ljubu\u0161ki"},"image":{"@id":"https:\/\/radioljubuski.ba\/#\/schema\/logo\/image\/"},"sameAs":["https:\/\/www.facebook.com\/Radiio-Ljubuski-1490835324566332","https:\/\/x.com\/radioljubuski","https:\/\/hr.linkedin.com\/company\/radio-ljubuski","https:\/\/www.youtube.com\/channel\/UCHYaeO_n0Db3tjNGudGpXyw"]},{"@type":"Person","@id":"https:\/\/radioljubuski.ba\/#\/schema\/person\/19fc700381a780f69665d7956c469e3b","name":"Radio Ljubu\u0161ki"}]}},"_links":{"self":[{"href":"https:\/\/radioljubuski.ba\/index.php\/wp-json\/wp\/v2\/posts\/103689","targetHints":{"allow":["GET"]}}],"collection":[{"href":"https:\/\/radioljubuski.ba\/index.php\/wp-json\/wp\/v2\/posts"}],"about":[{"href":"https:\/\/radioljubuski.ba\/index.php\/wp-json\/wp\/v2\/types\/post"}],"author":[{"embeddable":true,"href":"https:\/\/radioljubuski.ba\/index.php\/wp-json\/wp\/v2\/users\/2"}],"replies":[{"embeddable":true,"href":"https:\/\/radioljubuski.ba\/index.php\/wp-json\/wp\/v2\/comments?post=103689"}],"version-history":[{"count":1,"href":"https:\/\/radioljubuski.ba\/index.php\/wp-json\/wp\/v2\/posts\/103689\/revisions"}],"predecessor-version":[{"id":103691,"href":"https:\/\/radioljubuski.ba\/index.php\/wp-json\/wp\/v2\/posts\/103689\/revisions\/103691"}],"wp:featuredmedia":[{"embeddable":true,"href":"https:\/\/radioljubuski.ba\/index.php\/wp-json\/wp\/v2\/media\/103690"}],"wp:attachment":[{"href":"https:\/\/radioljubuski.ba\/index.php\/wp-json\/wp\/v2\/media?parent=103689"}],"wp:term":[{"taxonomy":"category","embeddable":true,"href":"https:\/\/radioljubuski.ba\/index.php\/wp-json\/wp\/v2\/categories?post=103689"},{"taxonomy":"post_tag","embeddable":true,"href":"https:\/\/radioljubuski.ba\/index.php\/wp-json\/wp\/v2\/tags?post=103689"}],"curies":[{"name":"wp","href":"https:\/\/api.w.org\/{rel}","templated":true}]}}