{"id":103694,"date":"2021-12-29T13:27:33","date_gmt":"2021-12-29T12:27:33","guid":{"rendered":"https:\/\/radioljubuski.ba\/?p=103694"},"modified":"2021-12-29T13:27:34","modified_gmt":"2021-12-29T12:27:34","slug":"podignute-optuznice-protiv-9-pripadnika-vojske-rs-zbog-ubojstva-100-bosnjaka-u-zijemljima-kod-nevesinja","status":"publish","type":"post","link":"https:\/\/radioljubuski.ba\/index.php\/2021\/12\/29\/podignute-optuznice-protiv-9-pripadnika-vojske-rs-zbog-ubojstva-100-bosnjaka-u-zijemljima-kod-nevesinja\/","title":{"rendered":"Podignute optu\u017enice protiv 9 pripadnika Vojske RS zbog ubojstva 100 Bo\u0161njaka u Zijemljima kod Nevesinja"},"content":{"rendered":"\n<p><strong>Tu\u017eitelj Posebnog odjela za ratne zlo\u010dine, podigao je optu\u017enicu protiv ukupno 9 optu\u017eenih, koji se terete za ratni zlo\u010din po\u010dinjen u mjestu Zijemlje, izme\u0111u Nevesinja i Mostara, u ljeto 1992. godine, priop\u0107eno je iz Tu\u017eiteljstva Bosne i Hercegovine.<\/strong><\/p>\n\n\n\n<p>Optu\u017eeni su nekada\u0161nji zapovjednici i pripadnici VRS, a terete se zlo\u010din nad \u017ertvama bo\u0161nja\u010dke nacionalnosti s podru\u010dja Nevesinja, odnosno ubojstvo oko 100 \u017ertava, me\u0111u kojima je bilo vi\u0161e desetina \u017eena, osoba starije \u017eivotne dobi, kao i djece starosti od 15 dana do 2 godine \u017eivora.<\/p>\n\n\n\n<p>\u201cU po\u010dinjenom zlo\u010dinu ubijene su gotovo cjelokupne obitelji Ploski\u0107, \u0160ipkovi\u0107, Ali\u010di\u0107, Aliba\u0161i\u0107, Mahini\u0107, Brajevi\u0107, \u010copelj i druge. Posmrtni ostaci 49 osoba su prona\u0111eni, dok se za posmrtnim ostacima 47 \u017ertava jo\u0161 uvijek traga\u201d, naveli su iz Tu\u017eiteljstva BiH.<\/p>\n\n\n\n<p>Navode optu\u017enice Tu\u017eiteljstvo BiH \u0107e dokazivati pozivanjem 88 svjedoka, od \u010dega \u0107e 8 svjedo\u010diti uz dodijeljene mjere za\u0161tite, jednog stru\u010dnog vje\u0161taka i prilaganjem 116 materijalnih dokaza.<\/p>\n\n\n\n<p>Optu\u017eeni su:<\/p>\n\n\n\n<p>Kandi\u0107 Zdravko, ro\u0111en 1957. godine u Mostaru<br>\u0110ur\u0111i\u0107 Dragan, ro\u0111en 1967. godine u Doboju<br>Ivani\u0161evi\u0107 Dragan, zv. \u201cPaki\u201d ro\u0111en 1963. godine u Nevesinju<br>Do\u0161lo Goran, ro\u0111en 1967. godine u Mostaru<br>Trifkovi\u0107 Milan, ro\u0111en 1967. godine u Mostaru<br>Kandi\u0107 Sini\u0161a, ro\u0111en 1970. godine u Mostaru<br>A\u0107imovi\u0107 Daragoslav, zv. \u201cGaga\u201d ro\u0111en 1970. godine u Mostaru<br>Kandi\u0107 Mladen, zv. \u201cFaca\u201d, ro\u0111en 1962. godine u Mostaru<br>Antelj Damir, ro\u0111en 1967. godine u Mostaru.<\/p>\n\n\n\n<p>\/HMS\/<\/p>\n","protected":false},"excerpt":{"rendered":"<p>Tu\u017eitelj Posebnog odjela za ratne zlo\u010dine, podigao je optu\u017enicu protiv ukupno 9 optu\u017eenih, koji se terete za ratni zlo\u010din po\u010dinjen u mjestu Zijemlje, izme\u0111u Nevesinja i Mostara, u ljeto 1992. godine, priop\u0107eno je iz Tu\u017eiteljstva Bosne i Hercegovine. Optu\u017eeni su nekada\u0161nji zapovjednici i pripadnici VRS, a terete se zlo\u010din nad \u017ertvama bo\u0161nja\u010dke nacionalnosti s podru\u010dja [&hellip;]<\/p>\n","protected":false},"author":2,"featured_media":103697,"comment_status":"closed","ping_status":"closed","sticky":false,"template":"","format":"standard","meta":{"h5ap_radio_sources":[],"footnotes":""},"categories":[1],"tags":[],"class_list":["post-103694","post","type-post","status-publish","format-standard","has-post-thumbnail","hentry","category-bihiregija"],"yoast_head":"<!-- This site is optimized with the Yoast SEO plugin v27.5 - https:\/\/yoast.com\/product\/yoast-seo-wordpress\/ -->\n<title>Podignute optu\u017enice protiv 9 pripadnika Vojske RS zbog ubojstva 100 Bo\u0161njaka u Zijemljima kod Nevesinja - RADIO LJUBU\u0160KI<\/title>\n<meta name=\"robots\" content=\"index, follow, max-snippet:-1, max-image-preview:large, max-video-preview:-1\" \/>\n<link rel=\"canonical\" href=\"https:\/\/radioljubuski.ba\/index.php\/2021\/12\/29\/podignute-optuznice-protiv-9-pripadnika-vojske-rs-zbog-ubojstva-100-bosnjaka-u-zijemljima-kod-nevesinja\/\" \/>\n<meta property=\"og:locale\" content=\"hr_HR\" \/>\n<meta property=\"og:type\" content=\"article\" \/>\n<meta property=\"og:title\" content=\"Podignute optu\u017enice protiv 9 pripadnika Vojske RS zbog ubojstva 100 Bo\u0161njaka u Zijemljima kod Nevesinja - RADIO LJUBU\u0160KI\" \/>\n<meta property=\"og:description\" content=\"Tu\u017eitelj Posebnog odjela za ratne zlo\u010dine, podigao je optu\u017enicu protiv ukupno 9 optu\u017eenih, koji se terete za ratni zlo\u010din po\u010dinjen u mjestu Zijemlje, izme\u0111u Nevesinja i Mostara, u ljeto 1992. godine, priop\u0107eno je iz Tu\u017eiteljstva Bosne i Hercegovine. Optu\u017eeni su nekada\u0161nji zapovjednici i pripadnici VRS, a terete se zlo\u010din nad \u017ertvama bo\u0161nja\u010dke nacionalnosti s podru\u010dja [&hellip;]\" \/>\n<meta property=\"og:url\" content=\"https:\/\/radioljubuski.ba\/index.php\/2021\/12\/29\/podignute-optuznice-protiv-9-pripadnika-vojske-rs-zbog-ubojstva-100-bosnjaka-u-zijemljima-kod-nevesinja\/\" \/>\n<meta property=\"og:site_name\" content=\"RADIO LJUBU\u0160KI\" \/>\n<meta property=\"article:publisher\" content=\"https:\/\/www.facebook.com\/Radiio-Ljubuski-1490835324566332\" \/>\n<meta property=\"article:published_time\" content=\"2021-12-29T12:27:33+00:00\" \/>\n<meta property=\"article:modified_time\" content=\"2021-12-29T12:27:34+00:00\" \/>\n<meta property=\"og:image\" content=\"https:\/\/radioljubuski.ba\/wp-content\/uploads\/2021\/12\/zijemlja.jpg\" \/>\n\t<meta property=\"og:image:width\" content=\"400\" \/>\n\t<meta property=\"og:image:height\" content=\"265\" \/>\n\t<meta property=\"og:image:type\" content=\"image\/jpeg\" \/>\n<meta name=\"author\" content=\"Radio Ljubu\u0161ki\" \/>\n<meta name=\"twitter:card\" content=\"summary_large_image\" \/>\n<meta name=\"twitter:creator\" content=\"@radioljubuski\" \/>\n<meta name=\"twitter:site\" content=\"@radioljubuski\" \/>\n<meta name=\"twitter:label1\" content=\"Napisao\/la\" \/>\n\t<meta name=\"twitter:data1\" content=\"Radio Ljubu\u0161ki\" \/>\n\t<meta name=\"twitter:label2\" content=\"Procijenjeno vrijeme \u010ditanja\" \/>\n\t<meta name=\"twitter:data2\" content=\"1 minuta\" \/>\n<script type=\"application\/ld+json\" class=\"yoast-schema-graph\">{\"@context\":\"https:\\\/\\\/schema.org\",\"@graph\":[{\"@type\":\"Article\",\"@id\":\"https:\\\/\\\/radioljubuski.ba\\\/index.php\\\/2021\\\/12\\\/29\\\/podignute-optuznice-protiv-9-pripadnika-vojske-rs-zbog-ubojstva-100-bosnjaka-u-zijemljima-kod-nevesinja\\\/#article\",\"isPartOf\":{\"@id\":\"https:\\\/\\\/radioljubuski.ba\\\/index.php\\\/2021\\\/12\\\/29\\\/podignute-optuznice-protiv-9-pripadnika-vojske-rs-zbog-ubojstva-100-bosnjaka-u-zijemljima-kod-nevesinja\\\/\"},\"author\":{\"name\":\"Radio Ljubu\u0161ki\",\"@id\":\"https:\\\/\\\/radioljubuski.ba\\\/#\\\/schema\\\/person\\\/19fc700381a780f69665d7956c469e3b\"},\"headline\":\"Podignute optu\u017enice protiv 9 pripadnika Vojske RS zbog ubojstva 100 Bo\u0161njaka u Zijemljima kod Nevesinja\",\"datePublished\":\"2021-12-29T12:27:33+00:00\",\"dateModified\":\"2021-12-29T12:27:34+00:00\",\"mainEntityOfPage\":{\"@id\":\"https:\\\/\\\/radioljubuski.ba\\\/index.php\\\/2021\\\/12\\\/29\\\/podignute-optuznice-protiv-9-pripadnika-vojske-rs-zbog-ubojstva-100-bosnjaka-u-zijemljima-kod-nevesinja\\\/\"},\"wordCount\":252,\"publisher\":{\"@id\":\"https:\\\/\\\/radioljubuski.ba\\\/#organization\"},\"image\":{\"@id\":\"https:\\\/\\\/radioljubuski.ba\\\/index.php\\\/2021\\\/12\\\/29\\\/podignute-optuznice-protiv-9-pripadnika-vojske-rs-zbog-ubojstva-100-bosnjaka-u-zijemljima-kod-nevesinja\\\/#primaryimage\"},\"thumbnailUrl\":\"https:\\\/\\\/radioljubuski.ba\\\/wp-content\\\/uploads\\\/2021\\\/12\\\/zijemlja.jpg\",\"articleSection\":[\"BIH i regija\"],\"inLanguage\":\"hr\"},{\"@type\":\"WebPage\",\"@id\":\"https:\\\/\\\/radioljubuski.ba\\\/index.php\\\/2021\\\/12\\\/29\\\/podignute-optuznice-protiv-9-pripadnika-vojske-rs-zbog-ubojstva-100-bosnjaka-u-zijemljima-kod-nevesinja\\\/\",\"url\":\"https:\\\/\\\/radioljubuski.ba\\\/index.php\\\/2021\\\/12\\\/29\\\/podignute-optuznice-protiv-9-pripadnika-vojske-rs-zbog-ubojstva-100-bosnjaka-u-zijemljima-kod-nevesinja\\\/\",\"name\":\"Podignute optu\u017enice protiv 9 pripadnika Vojske RS zbog ubojstva 100 Bo\u0161njaka u Zijemljima kod Nevesinja - RADIO LJUBU\u0160KI\",\"isPartOf\":{\"@id\":\"https:\\\/\\\/radioljubuski.ba\\\/#website\"},\"primaryImageOfPage\":{\"@id\":\"https:\\\/\\\/radioljubuski.ba\\\/index.php\\\/2021\\\/12\\\/29\\\/podignute-optuznice-protiv-9-pripadnika-vojske-rs-zbog-ubojstva-100-bosnjaka-u-zijemljima-kod-nevesinja\\\/#primaryimage\"},\"image\":{\"@id\":\"https:\\\/\\\/radioljubuski.ba\\\/index.php\\\/2021\\\/12\\\/29\\\/podignute-optuznice-protiv-9-pripadnika-vojske-rs-zbog-ubojstva-100-bosnjaka-u-zijemljima-kod-nevesinja\\\/#primaryimage\"},\"thumbnailUrl\":\"https:\\\/\\\/radioljubuski.ba\\\/wp-content\\\/uploads\\\/2021\\\/12\\\/zijemlja.jpg\",\"datePublished\":\"2021-12-29T12:27:33+00:00\",\"dateModified\":\"2021-12-29T12:27:34+00:00\",\"breadcrumb\":{\"@id\":\"https:\\\/\\\/radioljubuski.ba\\\/index.php\\\/2021\\\/12\\\/29\\\/podignute-optuznice-protiv-9-pripadnika-vojske-rs-zbog-ubojstva-100-bosnjaka-u-zijemljima-kod-nevesinja\\\/#breadcrumb\"},\"inLanguage\":\"hr\",\"potentialAction\":[{\"@type\":\"ReadAction\",\"target\":[\"https:\\\/\\\/radioljubuski.ba\\\/index.php\\\/2021\\\/12\\\/29\\\/podignute-optuznice-protiv-9-pripadnika-vojske-rs-zbog-ubojstva-100-bosnjaka-u-zijemljima-kod-nevesinja\\\/\"]}]},{\"@type\":\"ImageObject\",\"inLanguage\":\"hr\",\"@id\":\"https:\\\/\\\/radioljubuski.ba\\\/index.php\\\/2021\\\/12\\\/29\\\/podignute-optuznice-protiv-9-pripadnika-vojske-rs-zbog-ubojstva-100-bosnjaka-u-zijemljima-kod-nevesinja\\\/#primaryimage\",\"url\":\"https:\\\/\\\/radioljubuski.ba\\\/wp-content\\\/uploads\\\/2021\\\/12\\\/zijemlja.jpg\",\"contentUrl\":\"https:\\\/\\\/radioljubuski.ba\\\/wp-content\\\/uploads\\\/2021\\\/12\\\/zijemlja.jpg\",\"width\":400,\"height\":265},{\"@type\":\"BreadcrumbList\",\"@id\":\"https:\\\/\\\/radioljubuski.ba\\\/index.php\\\/2021\\\/12\\\/29\\\/podignute-optuznice-protiv-9-pripadnika-vojske-rs-zbog-ubojstva-100-bosnjaka-u-zijemljima-kod-nevesinja\\\/#breadcrumb\",\"itemListElement\":[{\"@type\":\"ListItem\",\"position\":1,\"name\":\"Po\u010detna stranica\",\"item\":\"https:\\\/\\\/radioljubuski.ba\\\/\"},{\"@type\":\"ListItem\",\"position\":2,\"name\":\"Podignute optu\u017enice protiv 9 pripadnika Vojske RS zbog ubojstva 100 Bo\u0161njaka u Zijemljima kod Nevesinja\"}]},{\"@type\":\"WebSite\",\"@id\":\"https:\\\/\\\/radioljubuski.ba\\\/#website\",\"url\":\"https:\\\/\\\/radioljubuski.ba\\\/\",\"name\":\"Radio Ljubu\u0161ki\",\"description\":\"Sun\u010dana frekvencija Hercegovine\",\"publisher\":{\"@id\":\"https:\\\/\\\/radioljubuski.ba\\\/#organization\"},\"potentialAction\":[{\"@type\":\"SearchAction\",\"target\":{\"@type\":\"EntryPoint\",\"urlTemplate\":\"https:\\\/\\\/radioljubuski.ba\\\/?s={search_term_string}\"},\"query-input\":{\"@type\":\"PropertyValueSpecification\",\"valueRequired\":true,\"valueName\":\"search_term_string\"}}],\"inLanguage\":\"hr\"},{\"@type\":\"Organization\",\"@id\":\"https:\\\/\\\/radioljubuski.ba\\\/#organization\",\"name\":\"Radio Ljubu\u0161ki\",\"url\":\"https:\\\/\\\/radioljubuski.ba\\\/\",\"logo\":{\"@type\":\"ImageObject\",\"inLanguage\":\"hr\",\"@id\":\"https:\\\/\\\/radioljubuski.ba\\\/#\\\/schema\\\/logo\\\/image\\\/\",\"url\":\"https:\\\/\\\/radioljubuski.ba\\\/wp-content\\\/uploads\\\/2021\\\/02\\\/cropped-Radio_Ljubuski_logo1.jpg\",\"contentUrl\":\"https:\\\/\\\/radioljubuski.ba\\\/wp-content\\\/uploads\\\/2021\\\/02\\\/cropped-Radio_Ljubuski_logo1.jpg\",\"width\":512,\"height\":512,\"caption\":\"Radio Ljubu\u0161ki\"},\"image\":{\"@id\":\"https:\\\/\\\/radioljubuski.ba\\\/#\\\/schema\\\/logo\\\/image\\\/\"},\"sameAs\":[\"https:\\\/\\\/www.facebook.com\\\/Radiio-Ljubuski-1490835324566332\",\"https:\\\/\\\/x.com\\\/radioljubuski\",\"https:\\\/\\\/hr.linkedin.com\\\/company\\\/radio-ljubuski\",\"https:\\\/\\\/www.youtube.com\\\/channel\\\/UCHYaeO_n0Db3tjNGudGpXyw\"]},{\"@type\":\"Person\",\"@id\":\"https:\\\/\\\/radioljubuski.ba\\\/#\\\/schema\\\/person\\\/19fc700381a780f69665d7956c469e3b\",\"name\":\"Radio Ljubu\u0161ki\"}]}<\/script>\n<!-- \/ Yoast SEO plugin. -->","yoast_head_json":{"title":"Podignute optu\u017enice protiv 9 pripadnika Vojske RS zbog ubojstva 100 Bo\u0161njaka u Zijemljima kod Nevesinja - RADIO LJUBU\u0160KI","robots":{"index":"index","follow":"follow","max-snippet":"max-snippet:-1","max-image-preview":"max-image-preview:large","max-video-preview":"max-video-preview:-1"},"canonical":"https:\/\/radioljubuski.ba\/index.php\/2021\/12\/29\/podignute-optuznice-protiv-9-pripadnika-vojske-rs-zbog-ubojstva-100-bosnjaka-u-zijemljima-kod-nevesinja\/","og_locale":"hr_HR","og_type":"article","og_title":"Podignute optu\u017enice protiv 9 pripadnika Vojske RS zbog ubojstva 100 Bo\u0161njaka u Zijemljima kod Nevesinja - RADIO LJUBU\u0160KI","og_description":"Tu\u017eitelj Posebnog odjela za ratne zlo\u010dine, podigao je optu\u017enicu protiv ukupno 9 optu\u017eenih, koji se terete za ratni zlo\u010din po\u010dinjen u mjestu Zijemlje, izme\u0111u Nevesinja i Mostara, u ljeto 1992. godine, priop\u0107eno je iz Tu\u017eiteljstva Bosne i Hercegovine. Optu\u017eeni su nekada\u0161nji zapovjednici i pripadnici VRS, a terete se zlo\u010din nad \u017ertvama bo\u0161nja\u010dke nacionalnosti s podru\u010dja [&hellip;]","og_url":"https:\/\/radioljubuski.ba\/index.php\/2021\/12\/29\/podignute-optuznice-protiv-9-pripadnika-vojske-rs-zbog-ubojstva-100-bosnjaka-u-zijemljima-kod-nevesinja\/","og_site_name":"RADIO LJUBU\u0160KI","article_publisher":"https:\/\/www.facebook.com\/Radiio-Ljubuski-1490835324566332","article_published_time":"2021-12-29T12:27:33+00:00","article_modified_time":"2021-12-29T12:27:34+00:00","og_image":[{"width":400,"height":265,"url":"https:\/\/radioljubuski.ba\/wp-content\/uploads\/2021\/12\/zijemlja.jpg","type":"image\/jpeg"}],"author":"Radio Ljubu\u0161ki","twitter_card":"summary_large_image","twitter_creator":"@radioljubuski","twitter_site":"@radioljubuski","twitter_misc":{"Napisao\/la":"Radio Ljubu\u0161ki","Procijenjeno vrijeme \u010ditanja":"1 minuta"},"schema":{"@context":"https:\/\/schema.org","@graph":[{"@type":"Article","@id":"https:\/\/radioljubuski.ba\/index.php\/2021\/12\/29\/podignute-optuznice-protiv-9-pripadnika-vojske-rs-zbog-ubojstva-100-bosnjaka-u-zijemljima-kod-nevesinja\/#article","isPartOf":{"@id":"https:\/\/radioljubuski.ba\/index.php\/2021\/12\/29\/podignute-optuznice-protiv-9-pripadnika-vojske-rs-zbog-ubojstva-100-bosnjaka-u-zijemljima-kod-nevesinja\/"},"author":{"name":"Radio Ljubu\u0161ki","@id":"https:\/\/radioljubuski.ba\/#\/schema\/person\/19fc700381a780f69665d7956c469e3b"},"headline":"Podignute optu\u017enice protiv 9 pripadnika Vojske RS zbog ubojstva 100 Bo\u0161njaka u Zijemljima kod Nevesinja","datePublished":"2021-12-29T12:27:33+00:00","dateModified":"2021-12-29T12:27:34+00:00","mainEntityOfPage":{"@id":"https:\/\/radioljubuski.ba\/index.php\/2021\/12\/29\/podignute-optuznice-protiv-9-pripadnika-vojske-rs-zbog-ubojstva-100-bosnjaka-u-zijemljima-kod-nevesinja\/"},"wordCount":252,"publisher":{"@id":"https:\/\/radioljubuski.ba\/#organization"},"image":{"@id":"https:\/\/radioljubuski.ba\/index.php\/2021\/12\/29\/podignute-optuznice-protiv-9-pripadnika-vojske-rs-zbog-ubojstva-100-bosnjaka-u-zijemljima-kod-nevesinja\/#primaryimage"},"thumbnailUrl":"https:\/\/radioljubuski.ba\/wp-content\/uploads\/2021\/12\/zijemlja.jpg","articleSection":["BIH i regija"],"inLanguage":"hr"},{"@type":"WebPage","@id":"https:\/\/radioljubuski.ba\/index.php\/2021\/12\/29\/podignute-optuznice-protiv-9-pripadnika-vojske-rs-zbog-ubojstva-100-bosnjaka-u-zijemljima-kod-nevesinja\/","url":"https:\/\/radioljubuski.ba\/index.php\/2021\/12\/29\/podignute-optuznice-protiv-9-pripadnika-vojske-rs-zbog-ubojstva-100-bosnjaka-u-zijemljima-kod-nevesinja\/","name":"Podignute optu\u017enice protiv 9 pripadnika Vojske RS zbog ubojstva 100 Bo\u0161njaka u Zijemljima kod Nevesinja - RADIO LJUBU\u0160KI","isPartOf":{"@id":"https:\/\/radioljubuski.ba\/#website"},"primaryImageOfPage":{"@id":"https:\/\/radioljubuski.ba\/index.php\/2021\/12\/29\/podignute-optuznice-protiv-9-pripadnika-vojske-rs-zbog-ubojstva-100-bosnjaka-u-zijemljima-kod-nevesinja\/#primaryimage"},"image":{"@id":"https:\/\/radioljubuski.ba\/index.php\/2021\/12\/29\/podignute-optuznice-protiv-9-pripadnika-vojske-rs-zbog-ubojstva-100-bosnjaka-u-zijemljima-kod-nevesinja\/#primaryimage"},"thumbnailUrl":"https:\/\/radioljubuski.ba\/wp-content\/uploads\/2021\/12\/zijemlja.jpg","datePublished":"2021-12-29T12:27:33+00:00","dateModified":"2021-12-29T12:27:34+00:00","breadcrumb":{"@id":"https:\/\/radioljubuski.ba\/index.php\/2021\/12\/29\/podignute-optuznice-protiv-9-pripadnika-vojske-rs-zbog-ubojstva-100-bosnjaka-u-zijemljima-kod-nevesinja\/#breadcrumb"},"inLanguage":"hr","potentialAction":[{"@type":"ReadAction","target":["https:\/\/radioljubuski.ba\/index.php\/2021\/12\/29\/podignute-optuznice-protiv-9-pripadnika-vojske-rs-zbog-ubojstva-100-bosnjaka-u-zijemljima-kod-nevesinja\/"]}]},{"@type":"ImageObject","inLanguage":"hr","@id":"https:\/\/radioljubuski.ba\/index.php\/2021\/12\/29\/podignute-optuznice-protiv-9-pripadnika-vojske-rs-zbog-ubojstva-100-bosnjaka-u-zijemljima-kod-nevesinja\/#primaryimage","url":"https:\/\/radioljubuski.ba\/wp-content\/uploads\/2021\/12\/zijemlja.jpg","contentUrl":"https:\/\/radioljubuski.ba\/wp-content\/uploads\/2021\/12\/zijemlja.jpg","width":400,"height":265},{"@type":"BreadcrumbList","@id":"https:\/\/radioljubuski.ba\/index.php\/2021\/12\/29\/podignute-optuznice-protiv-9-pripadnika-vojske-rs-zbog-ubojstva-100-bosnjaka-u-zijemljima-kod-nevesinja\/#breadcrumb","itemListElement":[{"@type":"ListItem","position":1,"name":"Po\u010detna stranica","item":"https:\/\/radioljubuski.ba\/"},{"@type":"ListItem","position":2,"name":"Podignute optu\u017enice protiv 9 pripadnika Vojske RS zbog ubojstva 100 Bo\u0161njaka u Zijemljima kod Nevesinja"}]},{"@type":"WebSite","@id":"https:\/\/radioljubuski.ba\/#website","url":"https:\/\/radioljubuski.ba\/","name":"Radio Ljubu\u0161ki","description":"Sun\u010dana frekvencija Hercegovine","publisher":{"@id":"https:\/\/radioljubuski.ba\/#organization"},"potentialAction":[{"@type":"SearchAction","target":{"@type":"EntryPoint","urlTemplate":"https:\/\/radioljubuski.ba\/?s={search_term_string}"},"query-input":{"@type":"PropertyValueSpecification","valueRequired":true,"valueName":"search_term_string"}}],"inLanguage":"hr"},{"@type":"Organization","@id":"https:\/\/radioljubuski.ba\/#organization","name":"Radio Ljubu\u0161ki","url":"https:\/\/radioljubuski.ba\/","logo":{"@type":"ImageObject","inLanguage":"hr","@id":"https:\/\/radioljubuski.ba\/#\/schema\/logo\/image\/","url":"https:\/\/radioljubuski.ba\/wp-content\/uploads\/2021\/02\/cropped-Radio_Ljubuski_logo1.jpg","contentUrl":"https:\/\/radioljubuski.ba\/wp-content\/uploads\/2021\/02\/cropped-Radio_Ljubuski_logo1.jpg","width":512,"height":512,"caption":"Radio Ljubu\u0161ki"},"image":{"@id":"https:\/\/radioljubuski.ba\/#\/schema\/logo\/image\/"},"sameAs":["https:\/\/www.facebook.com\/Radiio-Ljubuski-1490835324566332","https:\/\/x.com\/radioljubuski","https:\/\/hr.linkedin.com\/company\/radio-ljubuski","https:\/\/www.youtube.com\/channel\/UCHYaeO_n0Db3tjNGudGpXyw"]},{"@type":"Person","@id":"https:\/\/radioljubuski.ba\/#\/schema\/person\/19fc700381a780f69665d7956c469e3b","name":"Radio Ljubu\u0161ki"}]}},"_links":{"self":[{"href":"https:\/\/radioljubuski.ba\/index.php\/wp-json\/wp\/v2\/posts\/103694","targetHints":{"allow":["GET"]}}],"collection":[{"href":"https:\/\/radioljubuski.ba\/index.php\/wp-json\/wp\/v2\/posts"}],"about":[{"href":"https:\/\/radioljubuski.ba\/index.php\/wp-json\/wp\/v2\/types\/post"}],"author":[{"embeddable":true,"href":"https:\/\/radioljubuski.ba\/index.php\/wp-json\/wp\/v2\/users\/2"}],"replies":[{"embeddable":true,"href":"https:\/\/radioljubuski.ba\/index.php\/wp-json\/wp\/v2\/comments?post=103694"}],"version-history":[{"count":1,"href":"https:\/\/radioljubuski.ba\/index.php\/wp-json\/wp\/v2\/posts\/103694\/revisions"}],"predecessor-version":[{"id":103698,"href":"https:\/\/radioljubuski.ba\/index.php\/wp-json\/wp\/v2\/posts\/103694\/revisions\/103698"}],"wp:featuredmedia":[{"embeddable":true,"href":"https:\/\/radioljubuski.ba\/index.php\/wp-json\/wp\/v2\/media\/103697"}],"wp:attachment":[{"href":"https:\/\/radioljubuski.ba\/index.php\/wp-json\/wp\/v2\/media?parent=103694"}],"wp:term":[{"taxonomy":"category","embeddable":true,"href":"https:\/\/radioljubuski.ba\/index.php\/wp-json\/wp\/v2\/categories?post=103694"},{"taxonomy":"post_tag","embeddable":true,"href":"https:\/\/radioljubuski.ba\/index.php\/wp-json\/wp\/v2\/tags?post=103694"}],"curies":[{"name":"wp","href":"https:\/\/api.w.org\/{rel}","templated":true}]}}