{"id":103732,"date":"2021-12-29T13:46:24","date_gmt":"2021-12-29T12:46:24","guid":{"rendered":"https:\/\/radioljubuski.ba\/?p=103732"},"modified":"2021-12-29T13:46:24","modified_gmt":"2021-12-29T12:46:24","slug":"klopp-nakon-poraza-od-leicestera-nemam-objasnjenje","status":"publish","type":"post","link":"https:\/\/radioljubuski.ba\/index.php\/2021\/12\/29\/klopp-nakon-poraza-od-leicestera-nemam-objasnjenje\/","title":{"rendered":"Klopp nakon poraza od Leicestera: Nemam obja\u0161njenje"},"content":{"rendered":"\n<p>Menad\u017eer Liverpoola Juergen Klopp priznao je nakon ju\u010dera\u0161njeg poraza 1:0 od Leicester Cityja da \u0107e njegova mom\u010dad te\u0161ko dosti\u0107i Manchester City.<\/p>\n\n\n\n<p>\u2013 Ovo je bila zaslu\u017eena pobjeda Leicestera u jednoj \u010dudnoj utakmici. Nismo bili dovoljno dobri, no imali smo svoje prilike. Na\u0161e odluke su bile lo\u0161e, mo\u017eda je nedostajalo malo sre\u0107e. Tako je kako je. Nemam obja\u0161njenje za na\u0161e lo\u0161e igre, rekao je i nastavio:<\/p>\n\n\n\n<p>\u2013 Velika je razlika izme\u0111u nas i Cityja. No u ovom trenutku to nije moj problem. Ako budemo igrali na\u0161 normalan nogomet, imamo \u0161anse vi\u0161e pobje\u0111ivati pa \u0161to bude, zaklju\u010dio je.<\/p>\n\n\n\n<p>Manchester City je vode\u0107i na ljestvici Premier lige s 47 bodova, a drugi Liverpool ima 41 bod, kao i tre\u0107eplasirani Chelsea. \u010cetvrti je Arsenal s 35 bodova, pi\u0161e HRT.<\/p>\n\n\n\n<p><em>Izvor: narod.hr\/HRT<\/em><\/p>\n","protected":false},"excerpt":{"rendered":"<p>Menad\u017eer Liverpoola Juergen Klopp priznao je nakon ju\u010dera\u0161njeg poraza 1:0 od Leicester Cityja da \u0107e njegova mom\u010dad te\u0161ko dosti\u0107i Manchester City. \u2013 Ovo je bila zaslu\u017eena pobjeda Leicestera u jednoj \u010dudnoj utakmici. Nismo bili dovoljno dobri, no imali smo svoje prilike. Na\u0161e odluke su bile lo\u0161e, mo\u017eda je nedostajalo malo sre\u0107e. Tako je kako je. [&hellip;]<\/p>\n","protected":false},"author":2,"featured_media":56621,"comment_status":"closed","ping_status":"closed","sticky":false,"template":"","format":"standard","meta":{"h5ap_radio_sources":[],"footnotes":""},"categories":[7],"tags":[],"class_list":["post-103732","post","type-post","status-publish","format-standard","has-post-thumbnail","hentry","category-sport"],"yoast_head":"<!-- This site is optimized with the Yoast SEO plugin v27.4 - https:\/\/yoast.com\/product\/yoast-seo-wordpress\/ -->\n<title>Klopp nakon poraza od Leicestera: Nemam obja\u0161njenje - RADIO LJUBU\u0160KI<\/title>\n<meta name=\"robots\" content=\"index, follow, max-snippet:-1, max-image-preview:large, max-video-preview:-1\" \/>\n<link rel=\"canonical\" href=\"https:\/\/radioljubuski.ba\/index.php\/2021\/12\/29\/klopp-nakon-poraza-od-leicestera-nemam-objasnjenje\/\" \/>\n<meta property=\"og:locale\" content=\"hr_HR\" \/>\n<meta property=\"og:type\" content=\"article\" \/>\n<meta property=\"og:title\" content=\"Klopp nakon poraza od Leicestera: Nemam obja\u0161njenje - RADIO LJUBU\u0160KI\" \/>\n<meta property=\"og:description\" content=\"Menad\u017eer Liverpoola Juergen Klopp priznao je nakon ju\u010dera\u0161njeg poraza 1:0 od Leicester Cityja da \u0107e njegova mom\u010dad te\u0161ko dosti\u0107i Manchester City. \u2013 Ovo je bila zaslu\u017eena pobjeda Leicestera u jednoj \u010dudnoj utakmici. Nismo bili dovoljno dobri, no imali smo svoje prilike. Na\u0161e odluke su bile lo\u0161e, mo\u017eda je nedostajalo malo sre\u0107e. Tako je kako je. [&hellip;]\" \/>\n<meta property=\"og:url\" content=\"https:\/\/radioljubuski.ba\/index.php\/2021\/12\/29\/klopp-nakon-poraza-od-leicestera-nemam-objasnjenje\/\" \/>\n<meta property=\"og:site_name\" content=\"RADIO LJUBU\u0160KI\" \/>\n<meta property=\"article:publisher\" content=\"https:\/\/www.facebook.com\/Radiio-Ljubuski-1490835324566332\" \/>\n<meta property=\"article:published_time\" content=\"2021-12-29T12:46:24+00:00\" \/>\n<meta property=\"og:image\" content=\"https:\/\/radioljubuski.ba\/wp-content\/uploads\/2021\/08\/H20180917000504-696x457-1.jpg\" \/>\n\t<meta property=\"og:image:width\" content=\"696\" \/>\n\t<meta property=\"og:image:height\" content=\"457\" \/>\n\t<meta property=\"og:image:type\" content=\"image\/jpeg\" \/>\n<meta name=\"author\" content=\"Radio Ljubu\u0161ki\" \/>\n<meta name=\"twitter:card\" content=\"summary_large_image\" \/>\n<meta name=\"twitter:creator\" content=\"@radioljubuski\" \/>\n<meta name=\"twitter:site\" content=\"@radioljubuski\" \/>\n<meta name=\"twitter:label1\" content=\"Napisao\/la\" \/>\n\t<meta name=\"twitter:data1\" content=\"Radio Ljubu\u0161ki\" \/>\n\t<meta name=\"twitter:label2\" content=\"Procijenjeno vrijeme \u010ditanja\" \/>\n\t<meta name=\"twitter:data2\" content=\"1 minuta\" \/>\n<script type=\"application\/ld+json\" class=\"yoast-schema-graph\">{\"@context\":\"https:\\\/\\\/schema.org\",\"@graph\":[{\"@type\":\"Article\",\"@id\":\"https:\\\/\\\/radioljubuski.ba\\\/index.php\\\/2021\\\/12\\\/29\\\/klopp-nakon-poraza-od-leicestera-nemam-objasnjenje\\\/#article\",\"isPartOf\":{\"@id\":\"https:\\\/\\\/radioljubuski.ba\\\/index.php\\\/2021\\\/12\\\/29\\\/klopp-nakon-poraza-od-leicestera-nemam-objasnjenje\\\/\"},\"author\":{\"name\":\"Radio Ljubu\u0161ki\",\"@id\":\"https:\\\/\\\/radioljubuski.ba\\\/#\\\/schema\\\/person\\\/19fc700381a780f69665d7956c469e3b\"},\"headline\":\"Klopp nakon poraza od Leicestera: Nemam obja\u0161njenje\",\"datePublished\":\"2021-12-29T12:46:24+00:00\",\"mainEntityOfPage\":{\"@id\":\"https:\\\/\\\/radioljubuski.ba\\\/index.php\\\/2021\\\/12\\\/29\\\/klopp-nakon-poraza-od-leicestera-nemam-objasnjenje\\\/\"},\"wordCount\":152,\"publisher\":{\"@id\":\"https:\\\/\\\/radioljubuski.ba\\\/#organization\"},\"image\":{\"@id\":\"https:\\\/\\\/radioljubuski.ba\\\/index.php\\\/2021\\\/12\\\/29\\\/klopp-nakon-poraza-od-leicestera-nemam-objasnjenje\\\/#primaryimage\"},\"thumbnailUrl\":\"https:\\\/\\\/radioljubuski.ba\\\/wp-content\\\/uploads\\\/2021\\\/08\\\/H20180917000504-696x457-1.jpg\",\"articleSection\":[\"\u0160port\"],\"inLanguage\":\"hr\"},{\"@type\":\"WebPage\",\"@id\":\"https:\\\/\\\/radioljubuski.ba\\\/index.php\\\/2021\\\/12\\\/29\\\/klopp-nakon-poraza-od-leicestera-nemam-objasnjenje\\\/\",\"url\":\"https:\\\/\\\/radioljubuski.ba\\\/index.php\\\/2021\\\/12\\\/29\\\/klopp-nakon-poraza-od-leicestera-nemam-objasnjenje\\\/\",\"name\":\"Klopp nakon poraza od Leicestera: Nemam obja\u0161njenje - RADIO LJUBU\u0160KI\",\"isPartOf\":{\"@id\":\"https:\\\/\\\/radioljubuski.ba\\\/#website\"},\"primaryImageOfPage\":{\"@id\":\"https:\\\/\\\/radioljubuski.ba\\\/index.php\\\/2021\\\/12\\\/29\\\/klopp-nakon-poraza-od-leicestera-nemam-objasnjenje\\\/#primaryimage\"},\"image\":{\"@id\":\"https:\\\/\\\/radioljubuski.ba\\\/index.php\\\/2021\\\/12\\\/29\\\/klopp-nakon-poraza-od-leicestera-nemam-objasnjenje\\\/#primaryimage\"},\"thumbnailUrl\":\"https:\\\/\\\/radioljubuski.ba\\\/wp-content\\\/uploads\\\/2021\\\/08\\\/H20180917000504-696x457-1.jpg\",\"datePublished\":\"2021-12-29T12:46:24+00:00\",\"breadcrumb\":{\"@id\":\"https:\\\/\\\/radioljubuski.ba\\\/index.php\\\/2021\\\/12\\\/29\\\/klopp-nakon-poraza-od-leicestera-nemam-objasnjenje\\\/#breadcrumb\"},\"inLanguage\":\"hr\",\"potentialAction\":[{\"@type\":\"ReadAction\",\"target\":[\"https:\\\/\\\/radioljubuski.ba\\\/index.php\\\/2021\\\/12\\\/29\\\/klopp-nakon-poraza-od-leicestera-nemam-objasnjenje\\\/\"]}]},{\"@type\":\"ImageObject\",\"inLanguage\":\"hr\",\"@id\":\"https:\\\/\\\/radioljubuski.ba\\\/index.php\\\/2021\\\/12\\\/29\\\/klopp-nakon-poraza-od-leicestera-nemam-objasnjenje\\\/#primaryimage\",\"url\":\"https:\\\/\\\/radioljubuski.ba\\\/wp-content\\\/uploads\\\/2021\\\/08\\\/H20180917000504-696x457-1.jpg\",\"contentUrl\":\"https:\\\/\\\/radioljubuski.ba\\\/wp-content\\\/uploads\\\/2021\\\/08\\\/H20180917000504-696x457-1.jpg\",\"width\":696,\"height\":457,\"caption\":\"epa07027115 Liverpool's manager Juergen Klopp attends a press conference held at Anfield in Liverpool, Britain, 17 September 2018. Liverpool FC will face Paris Saint-Germain FC in a UEFA Champions League Group C soccer match on the 18 September. EPA\\\/PETER POWELL\"},{\"@type\":\"BreadcrumbList\",\"@id\":\"https:\\\/\\\/radioljubuski.ba\\\/index.php\\\/2021\\\/12\\\/29\\\/klopp-nakon-poraza-od-leicestera-nemam-objasnjenje\\\/#breadcrumb\",\"itemListElement\":[{\"@type\":\"ListItem\",\"position\":1,\"name\":\"Po\u010detna stranica\",\"item\":\"https:\\\/\\\/radioljubuski.ba\\\/\"},{\"@type\":\"ListItem\",\"position\":2,\"name\":\"Klopp nakon poraza od Leicestera: Nemam obja\u0161njenje\"}]},{\"@type\":\"WebSite\",\"@id\":\"https:\\\/\\\/radioljubuski.ba\\\/#website\",\"url\":\"https:\\\/\\\/radioljubuski.ba\\\/\",\"name\":\"Radio Ljubu\u0161ki\",\"description\":\"Sun\u010dana frekvencija Hercegovine\",\"publisher\":{\"@id\":\"https:\\\/\\\/radioljubuski.ba\\\/#organization\"},\"potentialAction\":[{\"@type\":\"SearchAction\",\"target\":{\"@type\":\"EntryPoint\",\"urlTemplate\":\"https:\\\/\\\/radioljubuski.ba\\\/?s={search_term_string}\"},\"query-input\":{\"@type\":\"PropertyValueSpecification\",\"valueRequired\":true,\"valueName\":\"search_term_string\"}}],\"inLanguage\":\"hr\"},{\"@type\":\"Organization\",\"@id\":\"https:\\\/\\\/radioljubuski.ba\\\/#organization\",\"name\":\"Radio Ljubu\u0161ki\",\"url\":\"https:\\\/\\\/radioljubuski.ba\\\/\",\"logo\":{\"@type\":\"ImageObject\",\"inLanguage\":\"hr\",\"@id\":\"https:\\\/\\\/radioljubuski.ba\\\/#\\\/schema\\\/logo\\\/image\\\/\",\"url\":\"https:\\\/\\\/radioljubuski.ba\\\/wp-content\\\/uploads\\\/2021\\\/02\\\/cropped-Radio_Ljubuski_logo1.jpg\",\"contentUrl\":\"https:\\\/\\\/radioljubuski.ba\\\/wp-content\\\/uploads\\\/2021\\\/02\\\/cropped-Radio_Ljubuski_logo1.jpg\",\"width\":512,\"height\":512,\"caption\":\"Radio Ljubu\u0161ki\"},\"image\":{\"@id\":\"https:\\\/\\\/radioljubuski.ba\\\/#\\\/schema\\\/logo\\\/image\\\/\"},\"sameAs\":[\"https:\\\/\\\/www.facebook.com\\\/Radiio-Ljubuski-1490835324566332\",\"https:\\\/\\\/x.com\\\/radioljubuski\",\"https:\\\/\\\/hr.linkedin.com\\\/company\\\/radio-ljubuski\",\"https:\\\/\\\/www.youtube.com\\\/channel\\\/UCHYaeO_n0Db3tjNGudGpXyw\"]},{\"@type\":\"Person\",\"@id\":\"https:\\\/\\\/radioljubuski.ba\\\/#\\\/schema\\\/person\\\/19fc700381a780f69665d7956c469e3b\",\"name\":\"Radio Ljubu\u0161ki\"}]}<\/script>\n<!-- \/ Yoast SEO plugin. -->","yoast_head_json":{"title":"Klopp nakon poraza od Leicestera: Nemam obja\u0161njenje - RADIO LJUBU\u0160KI","robots":{"index":"index","follow":"follow","max-snippet":"max-snippet:-1","max-image-preview":"max-image-preview:large","max-video-preview":"max-video-preview:-1"},"canonical":"https:\/\/radioljubuski.ba\/index.php\/2021\/12\/29\/klopp-nakon-poraza-od-leicestera-nemam-objasnjenje\/","og_locale":"hr_HR","og_type":"article","og_title":"Klopp nakon poraza od Leicestera: Nemam obja\u0161njenje - RADIO LJUBU\u0160KI","og_description":"Menad\u017eer Liverpoola Juergen Klopp priznao je nakon ju\u010dera\u0161njeg poraza 1:0 od Leicester Cityja da \u0107e njegova mom\u010dad te\u0161ko dosti\u0107i Manchester City. \u2013 Ovo je bila zaslu\u017eena pobjeda Leicestera u jednoj \u010dudnoj utakmici. Nismo bili dovoljno dobri, no imali smo svoje prilike. Na\u0161e odluke su bile lo\u0161e, mo\u017eda je nedostajalo malo sre\u0107e. Tako je kako je. [&hellip;]","og_url":"https:\/\/radioljubuski.ba\/index.php\/2021\/12\/29\/klopp-nakon-poraza-od-leicestera-nemam-objasnjenje\/","og_site_name":"RADIO LJUBU\u0160KI","article_publisher":"https:\/\/www.facebook.com\/Radiio-Ljubuski-1490835324566332","article_published_time":"2021-12-29T12:46:24+00:00","og_image":[{"width":696,"height":457,"url":"https:\/\/radioljubuski.ba\/wp-content\/uploads\/2021\/08\/H20180917000504-696x457-1.jpg","type":"image\/jpeg"}],"author":"Radio Ljubu\u0161ki","twitter_card":"summary_large_image","twitter_creator":"@radioljubuski","twitter_site":"@radioljubuski","twitter_misc":{"Napisao\/la":"Radio Ljubu\u0161ki","Procijenjeno vrijeme \u010ditanja":"1 minuta"},"schema":{"@context":"https:\/\/schema.org","@graph":[{"@type":"Article","@id":"https:\/\/radioljubuski.ba\/index.php\/2021\/12\/29\/klopp-nakon-poraza-od-leicestera-nemam-objasnjenje\/#article","isPartOf":{"@id":"https:\/\/radioljubuski.ba\/index.php\/2021\/12\/29\/klopp-nakon-poraza-od-leicestera-nemam-objasnjenje\/"},"author":{"name":"Radio Ljubu\u0161ki","@id":"https:\/\/radioljubuski.ba\/#\/schema\/person\/19fc700381a780f69665d7956c469e3b"},"headline":"Klopp nakon poraza od Leicestera: Nemam obja\u0161njenje","datePublished":"2021-12-29T12:46:24+00:00","mainEntityOfPage":{"@id":"https:\/\/radioljubuski.ba\/index.php\/2021\/12\/29\/klopp-nakon-poraza-od-leicestera-nemam-objasnjenje\/"},"wordCount":152,"publisher":{"@id":"https:\/\/radioljubuski.ba\/#organization"},"image":{"@id":"https:\/\/radioljubuski.ba\/index.php\/2021\/12\/29\/klopp-nakon-poraza-od-leicestera-nemam-objasnjenje\/#primaryimage"},"thumbnailUrl":"https:\/\/radioljubuski.ba\/wp-content\/uploads\/2021\/08\/H20180917000504-696x457-1.jpg","articleSection":["\u0160port"],"inLanguage":"hr"},{"@type":"WebPage","@id":"https:\/\/radioljubuski.ba\/index.php\/2021\/12\/29\/klopp-nakon-poraza-od-leicestera-nemam-objasnjenje\/","url":"https:\/\/radioljubuski.ba\/index.php\/2021\/12\/29\/klopp-nakon-poraza-od-leicestera-nemam-objasnjenje\/","name":"Klopp nakon poraza od Leicestera: Nemam obja\u0161njenje - RADIO LJUBU\u0160KI","isPartOf":{"@id":"https:\/\/radioljubuski.ba\/#website"},"primaryImageOfPage":{"@id":"https:\/\/radioljubuski.ba\/index.php\/2021\/12\/29\/klopp-nakon-poraza-od-leicestera-nemam-objasnjenje\/#primaryimage"},"image":{"@id":"https:\/\/radioljubuski.ba\/index.php\/2021\/12\/29\/klopp-nakon-poraza-od-leicestera-nemam-objasnjenje\/#primaryimage"},"thumbnailUrl":"https:\/\/radioljubuski.ba\/wp-content\/uploads\/2021\/08\/H20180917000504-696x457-1.jpg","datePublished":"2021-12-29T12:46:24+00:00","breadcrumb":{"@id":"https:\/\/radioljubuski.ba\/index.php\/2021\/12\/29\/klopp-nakon-poraza-od-leicestera-nemam-objasnjenje\/#breadcrumb"},"inLanguage":"hr","potentialAction":[{"@type":"ReadAction","target":["https:\/\/radioljubuski.ba\/index.php\/2021\/12\/29\/klopp-nakon-poraza-od-leicestera-nemam-objasnjenje\/"]}]},{"@type":"ImageObject","inLanguage":"hr","@id":"https:\/\/radioljubuski.ba\/index.php\/2021\/12\/29\/klopp-nakon-poraza-od-leicestera-nemam-objasnjenje\/#primaryimage","url":"https:\/\/radioljubuski.ba\/wp-content\/uploads\/2021\/08\/H20180917000504-696x457-1.jpg","contentUrl":"https:\/\/radioljubuski.ba\/wp-content\/uploads\/2021\/08\/H20180917000504-696x457-1.jpg","width":696,"height":457,"caption":"epa07027115 Liverpool's manager Juergen Klopp attends a press conference held at Anfield in Liverpool, Britain, 17 September 2018. Liverpool FC will face Paris Saint-Germain FC in a UEFA Champions League Group C soccer match on the 18 September. EPA\/PETER POWELL"},{"@type":"BreadcrumbList","@id":"https:\/\/radioljubuski.ba\/index.php\/2021\/12\/29\/klopp-nakon-poraza-od-leicestera-nemam-objasnjenje\/#breadcrumb","itemListElement":[{"@type":"ListItem","position":1,"name":"Po\u010detna stranica","item":"https:\/\/radioljubuski.ba\/"},{"@type":"ListItem","position":2,"name":"Klopp nakon poraza od Leicestera: Nemam obja\u0161njenje"}]},{"@type":"WebSite","@id":"https:\/\/radioljubuski.ba\/#website","url":"https:\/\/radioljubuski.ba\/","name":"Radio Ljubu\u0161ki","description":"Sun\u010dana frekvencija Hercegovine","publisher":{"@id":"https:\/\/radioljubuski.ba\/#organization"},"potentialAction":[{"@type":"SearchAction","target":{"@type":"EntryPoint","urlTemplate":"https:\/\/radioljubuski.ba\/?s={search_term_string}"},"query-input":{"@type":"PropertyValueSpecification","valueRequired":true,"valueName":"search_term_string"}}],"inLanguage":"hr"},{"@type":"Organization","@id":"https:\/\/radioljubuski.ba\/#organization","name":"Radio Ljubu\u0161ki","url":"https:\/\/radioljubuski.ba\/","logo":{"@type":"ImageObject","inLanguage":"hr","@id":"https:\/\/radioljubuski.ba\/#\/schema\/logo\/image\/","url":"https:\/\/radioljubuski.ba\/wp-content\/uploads\/2021\/02\/cropped-Radio_Ljubuski_logo1.jpg","contentUrl":"https:\/\/radioljubuski.ba\/wp-content\/uploads\/2021\/02\/cropped-Radio_Ljubuski_logo1.jpg","width":512,"height":512,"caption":"Radio Ljubu\u0161ki"},"image":{"@id":"https:\/\/radioljubuski.ba\/#\/schema\/logo\/image\/"},"sameAs":["https:\/\/www.facebook.com\/Radiio-Ljubuski-1490835324566332","https:\/\/x.com\/radioljubuski","https:\/\/hr.linkedin.com\/company\/radio-ljubuski","https:\/\/www.youtube.com\/channel\/UCHYaeO_n0Db3tjNGudGpXyw"]},{"@type":"Person","@id":"https:\/\/radioljubuski.ba\/#\/schema\/person\/19fc700381a780f69665d7956c469e3b","name":"Radio Ljubu\u0161ki"}]}},"_links":{"self":[{"href":"https:\/\/radioljubuski.ba\/index.php\/wp-json\/wp\/v2\/posts\/103732","targetHints":{"allow":["GET"]}}],"collection":[{"href":"https:\/\/radioljubuski.ba\/index.php\/wp-json\/wp\/v2\/posts"}],"about":[{"href":"https:\/\/radioljubuski.ba\/index.php\/wp-json\/wp\/v2\/types\/post"}],"author":[{"embeddable":true,"href":"https:\/\/radioljubuski.ba\/index.php\/wp-json\/wp\/v2\/users\/2"}],"replies":[{"embeddable":true,"href":"https:\/\/radioljubuski.ba\/index.php\/wp-json\/wp\/v2\/comments?post=103732"}],"version-history":[{"count":1,"href":"https:\/\/radioljubuski.ba\/index.php\/wp-json\/wp\/v2\/posts\/103732\/revisions"}],"predecessor-version":[{"id":103733,"href":"https:\/\/radioljubuski.ba\/index.php\/wp-json\/wp\/v2\/posts\/103732\/revisions\/103733"}],"wp:featuredmedia":[{"embeddable":true,"href":"https:\/\/radioljubuski.ba\/index.php\/wp-json\/wp\/v2\/media\/56621"}],"wp:attachment":[{"href":"https:\/\/radioljubuski.ba\/index.php\/wp-json\/wp\/v2\/media?parent=103732"}],"wp:term":[{"taxonomy":"category","embeddable":true,"href":"https:\/\/radioljubuski.ba\/index.php\/wp-json\/wp\/v2\/categories?post=103732"},{"taxonomy":"post_tag","embeddable":true,"href":"https:\/\/radioljubuski.ba\/index.php\/wp-json\/wp\/v2\/tags?post=103732"}],"curies":[{"name":"wp","href":"https:\/\/api.w.org\/{rel}","templated":true}]}}