{"id":103786,"date":"2021-12-29T14:29:05","date_gmt":"2021-12-29T13:29:05","guid":{"rendered":"https:\/\/radioljubuski.ba\/?p=103786"},"modified":"2021-12-29T14:29:06","modified_gmt":"2021-12-29T13:29:06","slug":"bozinovic-borit-cemo-se-za-naseg-pokojnog-ketu","status":"publish","type":"post","link":"https:\/\/radioljubuski.ba\/index.php\/2021\/12\/29\/bozinovic-borit-cemo-se-za-naseg-pokojnog-ketu\/","title":{"rendered":"Bo\u017einovi\u0107: Borit \u0107emo se za na\u0161eg pokojnog Ketu"},"content":{"rendered":"\n<p>Ekipe Poliklinike Milojevi\u0107 i Kre\u0161imir Keta Bandi\u0107 izborile su finale jubilarnog, 50. izdanja malonogometnog turnira &#8220;Kutija \u0161ibica&#8221; u Zagrebu.<\/p>\n\n\n\n<p>Poliklinika Milojevi\u0107 opravdala je ulogu favorita te je u polufinalu svladala Keraterm Centroplinomont s 4-2.<\/p>\n\n\n\n<p>&#8211; Utakmica je bila \u010dvrsta i prava, kako i dolikuje polufinalu 50. jubilarne Kutije \u0161ibica. Mislim da smo potpuno dominirali tijekom prvog poluvremena, \u0161to je pokazao i rezultat od 2:0, a drugo smo tako\u0111er odli\u010dno otvorili te poveli s 3:0. Ali evo, na\u0161 protivnik je dokazao da na Kutiji nikad nije gotovo sve do samog kraja. Zabili su nam dva gola i unijeli nervozu u na\u0161e redove te su na kraju probali izjedna\u010diti i dovesti do preokreta s igra\u010dem vi\u0161e. Mi smo se dobro branili te smo 13 sekundi prije kraja uspjeli rije\u0161iti utakmicu, zabiv\u0161i posljednji pogodak. U\u0161li smo u toliko \u017eeljeno finale i nadamo se najboljem, izjavio je Mateo Mu\u017ear, igra\u010d Poliklinike Milojevi\u0107.<\/p>\n\n\n\n<p>Mostarski Kre\u0161imir Keta Bandi\u0107 boljim je izvo\u0111enjem sedmeraca bio bolji s 9-8 (4-4) od favorizirane ekipe Juicy Maraske za koju je nastupio niz hrvatskih, slovenskih i BiH futsal reprezentativaca. Apsolutni junak dvoboja bio je i zasad najbolji igra\u010d Kutije Josip Bo\u017einovi\u0107, koji je u dvoboju zabio tri gola, a bio je i precizan u raspucavanju kada je pogodio jo\u0161 \u010detiri puta.&nbsp;<\/p>\n\n\n\n<p>&#8211; Samopouzdanja imam i mislim da sam u ovom trenutku mogao pucati do sutra, a da ne bih pogrije\u0161io. Borit \u0107emo se za na\u0161eg pokojnog Ketu jer sutra je novi dan i nova utakmica, protiv jake futsal mom\u010dadi sa sjajnim pojedincima. Ipak, danas smo pokazali da mo\u017eemo iznenaditi i odnijeti taj trofej ku\u0107i, izjavio je Josip Bo\u017einovi\u0107, \u010diju je mom\u010dad publika nagradila gromoglasnim navijanjem, prenosi <a href=\"https:\/\/sport.hrt.hr\/hrvatski-nogomet\/finalne-utakmice-jubilarne-50-kutije-sibica-uzivo-na-hrt-u-4357883\">HRT<\/a>.<\/p>\n\n\n\n<p>&#8211; O\u010dito je publika prepoznala u nama to neko prijateljsko okupljanje i zajedni\u0161tvo i nadam se da \u0107e nas podr\u017eati i finalu, iako igramo protiv doma\u0107e ekipe, dodao je Bo\u017einovi\u0107.<\/p>\n\n\n\n<p>U 15 sati igra se utakmica za tre\u0107e mjesto seniora, izme\u0111u mom\u010dadi Keraterm Centropolinomont i Juicy Maraske, dok je u 16 sati na rasporedu finale 5. turnira za \u017eene, u kojem \u0107e se susresti ekipe Michieli Tomi\u0107 i \u017dMNK MC Plus \u2013 Agram. U18.30 sati na red dolazi i finalni susret veterana koji \u0107e igrati Senjak Hoteli Matan i Promotionplay-Domograd, a potom i veliko finale senior, kada na teren izlaze mom\u010dadi Poliklinike Milojevi\u0107 te Kre\u0161imir Keta Bandi\u0107. Po\u010detak ove utakmice predvi\u0111en je za 19.30 sati.<\/p>\n\n\n\n<p>Izvor:pogled.ba\/hrt.hr<\/p>\n","protected":false},"excerpt":{"rendered":"<p>Ekipe Poliklinike Milojevi\u0107 i Kre\u0161imir Keta Bandi\u0107 izborile su finale jubilarnog, 50. izdanja malonogometnog turnira &#8220;Kutija \u0161ibica&#8221; u Zagrebu. Poliklinika Milojevi\u0107 opravdala je ulogu favorita te je u polufinalu svladala Keraterm Centroplinomont s 4-2. &#8211; Utakmica je bila \u010dvrsta i prava, kako i dolikuje polufinalu 50. jubilarne Kutije \u0161ibica. Mislim da smo potpuno dominirali tijekom [&hellip;]<\/p>\n","protected":false},"author":2,"featured_media":103787,"comment_status":"closed","ping_status":"closed","sticky":false,"template":"","format":"standard","meta":{"h5ap_radio_sources":[],"footnotes":""},"categories":[7],"tags":[],"class_list":["post-103786","post","type-post","status-publish","format-standard","has-post-thumbnail","hentry","category-sport"],"yoast_head":"<!-- This site is optimized with the Yoast SEO plugin v27.4 - https:\/\/yoast.com\/product\/yoast-seo-wordpress\/ -->\n<title>Bo\u017einovi\u0107: Borit \u0107emo se za na\u0161eg pokojnog Ketu - RADIO LJUBU\u0160KI<\/title>\n<meta name=\"robots\" content=\"index, follow, max-snippet:-1, max-image-preview:large, max-video-preview:-1\" \/>\n<link rel=\"canonical\" href=\"https:\/\/radioljubuski.ba\/index.php\/2021\/12\/29\/bozinovic-borit-cemo-se-za-naseg-pokojnog-ketu\/\" \/>\n<meta property=\"og:locale\" content=\"hr_HR\" \/>\n<meta property=\"og:type\" content=\"article\" \/>\n<meta property=\"og:title\" content=\"Bo\u017einovi\u0107: Borit \u0107emo se za na\u0161eg pokojnog Ketu - RADIO LJUBU\u0160KI\" \/>\n<meta property=\"og:description\" content=\"Ekipe Poliklinike Milojevi\u0107 i Kre\u0161imir Keta Bandi\u0107 izborile su finale jubilarnog, 50. izdanja malonogometnog turnira &#8220;Kutija \u0161ibica&#8221; u Zagrebu. Poliklinika Milojevi\u0107 opravdala je ulogu favorita te je u polufinalu svladala Keraterm Centroplinomont s 4-2. &#8211; Utakmica je bila \u010dvrsta i prava, kako i dolikuje polufinalu 50. jubilarne Kutije \u0161ibica. Mislim da smo potpuno dominirali tijekom [&hellip;]\" \/>\n<meta property=\"og:url\" content=\"https:\/\/radioljubuski.ba\/index.php\/2021\/12\/29\/bozinovic-borit-cemo-se-za-naseg-pokojnog-ketu\/\" \/>\n<meta property=\"og:site_name\" content=\"RADIO LJUBU\u0160KI\" \/>\n<meta property=\"article:publisher\" content=\"https:\/\/www.facebook.com\/Radiio-Ljubuski-1490835324566332\" \/>\n<meta property=\"article:published_time\" content=\"2021-12-29T13:29:05+00:00\" \/>\n<meta property=\"article:modified_time\" content=\"2021-12-29T13:29:06+00:00\" \/>\n<meta property=\"og:image\" content=\"https:\/\/radioljubuski.ba\/wp-content\/uploads\/2021\/12\/3-2021-12-29-11-43-29-bozinovic.png\" \/>\n\t<meta property=\"og:image:width\" content=\"1000\" \/>\n\t<meta property=\"og:image:height\" content=\"625\" \/>\n\t<meta property=\"og:image:type\" content=\"image\/png\" \/>\n<meta name=\"author\" content=\"Radio Ljubu\u0161ki\" \/>\n<meta name=\"twitter:card\" content=\"summary_large_image\" \/>\n<meta name=\"twitter:creator\" content=\"@radioljubuski\" \/>\n<meta name=\"twitter:site\" content=\"@radioljubuski\" \/>\n<meta name=\"twitter:label1\" content=\"Napisao\/la\" \/>\n\t<meta name=\"twitter:data1\" content=\"Radio Ljubu\u0161ki\" \/>\n\t<meta name=\"twitter:label2\" content=\"Procijenjeno vrijeme \u010ditanja\" \/>\n\t<meta name=\"twitter:data2\" content=\"2 minute\" \/>\n<script type=\"application\/ld+json\" class=\"yoast-schema-graph\">{\"@context\":\"https:\\\/\\\/schema.org\",\"@graph\":[{\"@type\":\"Article\",\"@id\":\"https:\\\/\\\/radioljubuski.ba\\\/index.php\\\/2021\\\/12\\\/29\\\/bozinovic-borit-cemo-se-za-naseg-pokojnog-ketu\\\/#article\",\"isPartOf\":{\"@id\":\"https:\\\/\\\/radioljubuski.ba\\\/index.php\\\/2021\\\/12\\\/29\\\/bozinovic-borit-cemo-se-za-naseg-pokojnog-ketu\\\/\"},\"author\":{\"name\":\"Radio Ljubu\u0161ki\",\"@id\":\"https:\\\/\\\/radioljubuski.ba\\\/#\\\/schema\\\/person\\\/19fc700381a780f69665d7956c469e3b\"},\"headline\":\"Bo\u017einovi\u0107: Borit \u0107emo se za na\u0161eg pokojnog Ketu\",\"datePublished\":\"2021-12-29T13:29:05+00:00\",\"dateModified\":\"2021-12-29T13:29:06+00:00\",\"mainEntityOfPage\":{\"@id\":\"https:\\\/\\\/radioljubuski.ba\\\/index.php\\\/2021\\\/12\\\/29\\\/bozinovic-borit-cemo-se-za-naseg-pokojnog-ketu\\\/\"},\"wordCount\":429,\"publisher\":{\"@id\":\"https:\\\/\\\/radioljubuski.ba\\\/#organization\"},\"image\":{\"@id\":\"https:\\\/\\\/radioljubuski.ba\\\/index.php\\\/2021\\\/12\\\/29\\\/bozinovic-borit-cemo-se-za-naseg-pokojnog-ketu\\\/#primaryimage\"},\"thumbnailUrl\":\"https:\\\/\\\/radioljubuski.ba\\\/wp-content\\\/uploads\\\/2021\\\/12\\\/3-2021-12-29-11-43-29-bozinovic.png\",\"articleSection\":[\"\u0160port\"],\"inLanguage\":\"hr\"},{\"@type\":\"WebPage\",\"@id\":\"https:\\\/\\\/radioljubuski.ba\\\/index.php\\\/2021\\\/12\\\/29\\\/bozinovic-borit-cemo-se-za-naseg-pokojnog-ketu\\\/\",\"url\":\"https:\\\/\\\/radioljubuski.ba\\\/index.php\\\/2021\\\/12\\\/29\\\/bozinovic-borit-cemo-se-za-naseg-pokojnog-ketu\\\/\",\"name\":\"Bo\u017einovi\u0107: Borit \u0107emo se za na\u0161eg pokojnog Ketu - RADIO LJUBU\u0160KI\",\"isPartOf\":{\"@id\":\"https:\\\/\\\/radioljubuski.ba\\\/#website\"},\"primaryImageOfPage\":{\"@id\":\"https:\\\/\\\/radioljubuski.ba\\\/index.php\\\/2021\\\/12\\\/29\\\/bozinovic-borit-cemo-se-za-naseg-pokojnog-ketu\\\/#primaryimage\"},\"image\":{\"@id\":\"https:\\\/\\\/radioljubuski.ba\\\/index.php\\\/2021\\\/12\\\/29\\\/bozinovic-borit-cemo-se-za-naseg-pokojnog-ketu\\\/#primaryimage\"},\"thumbnailUrl\":\"https:\\\/\\\/radioljubuski.ba\\\/wp-content\\\/uploads\\\/2021\\\/12\\\/3-2021-12-29-11-43-29-bozinovic.png\",\"datePublished\":\"2021-12-29T13:29:05+00:00\",\"dateModified\":\"2021-12-29T13:29:06+00:00\",\"breadcrumb\":{\"@id\":\"https:\\\/\\\/radioljubuski.ba\\\/index.php\\\/2021\\\/12\\\/29\\\/bozinovic-borit-cemo-se-za-naseg-pokojnog-ketu\\\/#breadcrumb\"},\"inLanguage\":\"hr\",\"potentialAction\":[{\"@type\":\"ReadAction\",\"target\":[\"https:\\\/\\\/radioljubuski.ba\\\/index.php\\\/2021\\\/12\\\/29\\\/bozinovic-borit-cemo-se-za-naseg-pokojnog-ketu\\\/\"]}]},{\"@type\":\"ImageObject\",\"inLanguage\":\"hr\",\"@id\":\"https:\\\/\\\/radioljubuski.ba\\\/index.php\\\/2021\\\/12\\\/29\\\/bozinovic-borit-cemo-se-za-naseg-pokojnog-ketu\\\/#primaryimage\",\"url\":\"https:\\\/\\\/radioljubuski.ba\\\/wp-content\\\/uploads\\\/2021\\\/12\\\/3-2021-12-29-11-43-29-bozinovic.png\",\"contentUrl\":\"https:\\\/\\\/radioljubuski.ba\\\/wp-content\\\/uploads\\\/2021\\\/12\\\/3-2021-12-29-11-43-29-bozinovic.png\",\"width\":1000,\"height\":625},{\"@type\":\"BreadcrumbList\",\"@id\":\"https:\\\/\\\/radioljubuski.ba\\\/index.php\\\/2021\\\/12\\\/29\\\/bozinovic-borit-cemo-se-za-naseg-pokojnog-ketu\\\/#breadcrumb\",\"itemListElement\":[{\"@type\":\"ListItem\",\"position\":1,\"name\":\"Po\u010detna stranica\",\"item\":\"https:\\\/\\\/radioljubuski.ba\\\/\"},{\"@type\":\"ListItem\",\"position\":2,\"name\":\"Bo\u017einovi\u0107: Borit \u0107emo se za na\u0161eg pokojnog Ketu\"}]},{\"@type\":\"WebSite\",\"@id\":\"https:\\\/\\\/radioljubuski.ba\\\/#website\",\"url\":\"https:\\\/\\\/radioljubuski.ba\\\/\",\"name\":\"Radio Ljubu\u0161ki\",\"description\":\"Sun\u010dana frekvencija Hercegovine\",\"publisher\":{\"@id\":\"https:\\\/\\\/radioljubuski.ba\\\/#organization\"},\"potentialAction\":[{\"@type\":\"SearchAction\",\"target\":{\"@type\":\"EntryPoint\",\"urlTemplate\":\"https:\\\/\\\/radioljubuski.ba\\\/?s={search_term_string}\"},\"query-input\":{\"@type\":\"PropertyValueSpecification\",\"valueRequired\":true,\"valueName\":\"search_term_string\"}}],\"inLanguage\":\"hr\"},{\"@type\":\"Organization\",\"@id\":\"https:\\\/\\\/radioljubuski.ba\\\/#organization\",\"name\":\"Radio Ljubu\u0161ki\",\"url\":\"https:\\\/\\\/radioljubuski.ba\\\/\",\"logo\":{\"@type\":\"ImageObject\",\"inLanguage\":\"hr\",\"@id\":\"https:\\\/\\\/radioljubuski.ba\\\/#\\\/schema\\\/logo\\\/image\\\/\",\"url\":\"https:\\\/\\\/radioljubuski.ba\\\/wp-content\\\/uploads\\\/2021\\\/02\\\/cropped-Radio_Ljubuski_logo1.jpg\",\"contentUrl\":\"https:\\\/\\\/radioljubuski.ba\\\/wp-content\\\/uploads\\\/2021\\\/02\\\/cropped-Radio_Ljubuski_logo1.jpg\",\"width\":512,\"height\":512,\"caption\":\"Radio Ljubu\u0161ki\"},\"image\":{\"@id\":\"https:\\\/\\\/radioljubuski.ba\\\/#\\\/schema\\\/logo\\\/image\\\/\"},\"sameAs\":[\"https:\\\/\\\/www.facebook.com\\\/Radiio-Ljubuski-1490835324566332\",\"https:\\\/\\\/x.com\\\/radioljubuski\",\"https:\\\/\\\/hr.linkedin.com\\\/company\\\/radio-ljubuski\",\"https:\\\/\\\/www.youtube.com\\\/channel\\\/UCHYaeO_n0Db3tjNGudGpXyw\"]},{\"@type\":\"Person\",\"@id\":\"https:\\\/\\\/radioljubuski.ba\\\/#\\\/schema\\\/person\\\/19fc700381a780f69665d7956c469e3b\",\"name\":\"Radio Ljubu\u0161ki\"}]}<\/script>\n<!-- \/ Yoast SEO plugin. -->","yoast_head_json":{"title":"Bo\u017einovi\u0107: Borit \u0107emo se za na\u0161eg pokojnog Ketu - RADIO LJUBU\u0160KI","robots":{"index":"index","follow":"follow","max-snippet":"max-snippet:-1","max-image-preview":"max-image-preview:large","max-video-preview":"max-video-preview:-1"},"canonical":"https:\/\/radioljubuski.ba\/index.php\/2021\/12\/29\/bozinovic-borit-cemo-se-za-naseg-pokojnog-ketu\/","og_locale":"hr_HR","og_type":"article","og_title":"Bo\u017einovi\u0107: Borit \u0107emo se za na\u0161eg pokojnog Ketu - RADIO LJUBU\u0160KI","og_description":"Ekipe Poliklinike Milojevi\u0107 i Kre\u0161imir Keta Bandi\u0107 izborile su finale jubilarnog, 50. izdanja malonogometnog turnira &#8220;Kutija \u0161ibica&#8221; u Zagrebu. Poliklinika Milojevi\u0107 opravdala je ulogu favorita te je u polufinalu svladala Keraterm Centroplinomont s 4-2. &#8211; Utakmica je bila \u010dvrsta i prava, kako i dolikuje polufinalu 50. jubilarne Kutije \u0161ibica. Mislim da smo potpuno dominirali tijekom [&hellip;]","og_url":"https:\/\/radioljubuski.ba\/index.php\/2021\/12\/29\/bozinovic-borit-cemo-se-za-naseg-pokojnog-ketu\/","og_site_name":"RADIO LJUBU\u0160KI","article_publisher":"https:\/\/www.facebook.com\/Radiio-Ljubuski-1490835324566332","article_published_time":"2021-12-29T13:29:05+00:00","article_modified_time":"2021-12-29T13:29:06+00:00","og_image":[{"width":1000,"height":625,"url":"https:\/\/radioljubuski.ba\/wp-content\/uploads\/2021\/12\/3-2021-12-29-11-43-29-bozinovic.png","type":"image\/png"}],"author":"Radio Ljubu\u0161ki","twitter_card":"summary_large_image","twitter_creator":"@radioljubuski","twitter_site":"@radioljubuski","twitter_misc":{"Napisao\/la":"Radio Ljubu\u0161ki","Procijenjeno vrijeme \u010ditanja":"2 minute"},"schema":{"@context":"https:\/\/schema.org","@graph":[{"@type":"Article","@id":"https:\/\/radioljubuski.ba\/index.php\/2021\/12\/29\/bozinovic-borit-cemo-se-za-naseg-pokojnog-ketu\/#article","isPartOf":{"@id":"https:\/\/radioljubuski.ba\/index.php\/2021\/12\/29\/bozinovic-borit-cemo-se-za-naseg-pokojnog-ketu\/"},"author":{"name":"Radio Ljubu\u0161ki","@id":"https:\/\/radioljubuski.ba\/#\/schema\/person\/19fc700381a780f69665d7956c469e3b"},"headline":"Bo\u017einovi\u0107: Borit \u0107emo se za na\u0161eg pokojnog Ketu","datePublished":"2021-12-29T13:29:05+00:00","dateModified":"2021-12-29T13:29:06+00:00","mainEntityOfPage":{"@id":"https:\/\/radioljubuski.ba\/index.php\/2021\/12\/29\/bozinovic-borit-cemo-se-za-naseg-pokojnog-ketu\/"},"wordCount":429,"publisher":{"@id":"https:\/\/radioljubuski.ba\/#organization"},"image":{"@id":"https:\/\/radioljubuski.ba\/index.php\/2021\/12\/29\/bozinovic-borit-cemo-se-za-naseg-pokojnog-ketu\/#primaryimage"},"thumbnailUrl":"https:\/\/radioljubuski.ba\/wp-content\/uploads\/2021\/12\/3-2021-12-29-11-43-29-bozinovic.png","articleSection":["\u0160port"],"inLanguage":"hr"},{"@type":"WebPage","@id":"https:\/\/radioljubuski.ba\/index.php\/2021\/12\/29\/bozinovic-borit-cemo-se-za-naseg-pokojnog-ketu\/","url":"https:\/\/radioljubuski.ba\/index.php\/2021\/12\/29\/bozinovic-borit-cemo-se-za-naseg-pokojnog-ketu\/","name":"Bo\u017einovi\u0107: Borit \u0107emo se za na\u0161eg pokojnog Ketu - RADIO LJUBU\u0160KI","isPartOf":{"@id":"https:\/\/radioljubuski.ba\/#website"},"primaryImageOfPage":{"@id":"https:\/\/radioljubuski.ba\/index.php\/2021\/12\/29\/bozinovic-borit-cemo-se-za-naseg-pokojnog-ketu\/#primaryimage"},"image":{"@id":"https:\/\/radioljubuski.ba\/index.php\/2021\/12\/29\/bozinovic-borit-cemo-se-za-naseg-pokojnog-ketu\/#primaryimage"},"thumbnailUrl":"https:\/\/radioljubuski.ba\/wp-content\/uploads\/2021\/12\/3-2021-12-29-11-43-29-bozinovic.png","datePublished":"2021-12-29T13:29:05+00:00","dateModified":"2021-12-29T13:29:06+00:00","breadcrumb":{"@id":"https:\/\/radioljubuski.ba\/index.php\/2021\/12\/29\/bozinovic-borit-cemo-se-za-naseg-pokojnog-ketu\/#breadcrumb"},"inLanguage":"hr","potentialAction":[{"@type":"ReadAction","target":["https:\/\/radioljubuski.ba\/index.php\/2021\/12\/29\/bozinovic-borit-cemo-se-za-naseg-pokojnog-ketu\/"]}]},{"@type":"ImageObject","inLanguage":"hr","@id":"https:\/\/radioljubuski.ba\/index.php\/2021\/12\/29\/bozinovic-borit-cemo-se-za-naseg-pokojnog-ketu\/#primaryimage","url":"https:\/\/radioljubuski.ba\/wp-content\/uploads\/2021\/12\/3-2021-12-29-11-43-29-bozinovic.png","contentUrl":"https:\/\/radioljubuski.ba\/wp-content\/uploads\/2021\/12\/3-2021-12-29-11-43-29-bozinovic.png","width":1000,"height":625},{"@type":"BreadcrumbList","@id":"https:\/\/radioljubuski.ba\/index.php\/2021\/12\/29\/bozinovic-borit-cemo-se-za-naseg-pokojnog-ketu\/#breadcrumb","itemListElement":[{"@type":"ListItem","position":1,"name":"Po\u010detna stranica","item":"https:\/\/radioljubuski.ba\/"},{"@type":"ListItem","position":2,"name":"Bo\u017einovi\u0107: Borit \u0107emo se za na\u0161eg pokojnog Ketu"}]},{"@type":"WebSite","@id":"https:\/\/radioljubuski.ba\/#website","url":"https:\/\/radioljubuski.ba\/","name":"Radio Ljubu\u0161ki","description":"Sun\u010dana frekvencija Hercegovine","publisher":{"@id":"https:\/\/radioljubuski.ba\/#organization"},"potentialAction":[{"@type":"SearchAction","target":{"@type":"EntryPoint","urlTemplate":"https:\/\/radioljubuski.ba\/?s={search_term_string}"},"query-input":{"@type":"PropertyValueSpecification","valueRequired":true,"valueName":"search_term_string"}}],"inLanguage":"hr"},{"@type":"Organization","@id":"https:\/\/radioljubuski.ba\/#organization","name":"Radio Ljubu\u0161ki","url":"https:\/\/radioljubuski.ba\/","logo":{"@type":"ImageObject","inLanguage":"hr","@id":"https:\/\/radioljubuski.ba\/#\/schema\/logo\/image\/","url":"https:\/\/radioljubuski.ba\/wp-content\/uploads\/2021\/02\/cropped-Radio_Ljubuski_logo1.jpg","contentUrl":"https:\/\/radioljubuski.ba\/wp-content\/uploads\/2021\/02\/cropped-Radio_Ljubuski_logo1.jpg","width":512,"height":512,"caption":"Radio Ljubu\u0161ki"},"image":{"@id":"https:\/\/radioljubuski.ba\/#\/schema\/logo\/image\/"},"sameAs":["https:\/\/www.facebook.com\/Radiio-Ljubuski-1490835324566332","https:\/\/x.com\/radioljubuski","https:\/\/hr.linkedin.com\/company\/radio-ljubuski","https:\/\/www.youtube.com\/channel\/UCHYaeO_n0Db3tjNGudGpXyw"]},{"@type":"Person","@id":"https:\/\/radioljubuski.ba\/#\/schema\/person\/19fc700381a780f69665d7956c469e3b","name":"Radio Ljubu\u0161ki"}]}},"_links":{"self":[{"href":"https:\/\/radioljubuski.ba\/index.php\/wp-json\/wp\/v2\/posts\/103786","targetHints":{"allow":["GET"]}}],"collection":[{"href":"https:\/\/radioljubuski.ba\/index.php\/wp-json\/wp\/v2\/posts"}],"about":[{"href":"https:\/\/radioljubuski.ba\/index.php\/wp-json\/wp\/v2\/types\/post"}],"author":[{"embeddable":true,"href":"https:\/\/radioljubuski.ba\/index.php\/wp-json\/wp\/v2\/users\/2"}],"replies":[{"embeddable":true,"href":"https:\/\/radioljubuski.ba\/index.php\/wp-json\/wp\/v2\/comments?post=103786"}],"version-history":[{"count":1,"href":"https:\/\/radioljubuski.ba\/index.php\/wp-json\/wp\/v2\/posts\/103786\/revisions"}],"predecessor-version":[{"id":103788,"href":"https:\/\/radioljubuski.ba\/index.php\/wp-json\/wp\/v2\/posts\/103786\/revisions\/103788"}],"wp:featuredmedia":[{"embeddable":true,"href":"https:\/\/radioljubuski.ba\/index.php\/wp-json\/wp\/v2\/media\/103787"}],"wp:attachment":[{"href":"https:\/\/radioljubuski.ba\/index.php\/wp-json\/wp\/v2\/media?parent=103786"}],"wp:term":[{"taxonomy":"category","embeddable":true,"href":"https:\/\/radioljubuski.ba\/index.php\/wp-json\/wp\/v2\/categories?post=103786"},{"taxonomy":"post_tag","embeddable":true,"href":"https:\/\/radioljubuski.ba\/index.php\/wp-json\/wp\/v2\/tags?post=103786"}],"curies":[{"name":"wp","href":"https:\/\/api.w.org\/{rel}","templated":true}]}}