{"id":103817,"date":"2021-12-29T15:11:22","date_gmt":"2021-12-29T14:11:22","guid":{"rendered":"https:\/\/radioljubuski.ba\/?p=103817"},"modified":"2021-12-29T15:11:23","modified_gmt":"2021-12-29T14:11:23","slug":"uprava-za-neizravno-oporezivanje-postala-punoljetna","status":"publish","type":"post","link":"https:\/\/radioljubuski.ba\/index.php\/2021\/12\/29\/uprava-za-neizravno-oporezivanje-postala-punoljetna\/","title":{"rendered":"Uprava za neizravno oporezivanje &#8216;postala punoljetna&#8217;"},"content":{"rendered":"\n<p>Uprava za neizravno oporezivanje obilje\u017eila je danas u Banjoj Luci 18. godi\u0161njicu postojanja. Sve prethodne godine, pa i ovu 2021. godinu, Uprava je dokazala da je &nbsp;klju\u010dna institucija za fisklanu stabilnost svih nivoa vlasti u Bosni i Hercegovini, navodi se u priop\u0107enju.<\/p>\n\n\n\n<p>Zaklju\u010dno sa dana\u0161njim danom Uprava za neizravno oporezivanje prikupila je na Jedinstveni ra\u010dun 8 milijardi i 372 milijuna KM, \u0161to je vi\u0161e za \u010dak 1 milijardu i 143 milijuna KM u odnosu na pro\u0161lu 2020. godinu, odnosno vi\u0161e za 386 milijuna KM u odnosu na ranije rekordnu 2019. godinu.&nbsp;<\/p>\n\n\n\n<p>\u201cOvo je prvi put od uspostave UNO da je prikupljeno vi\u0161e od 8 milijardi KM, to\u010dnije do kraja godine \u0107e biti prikupljeno i raspore\u0111eno ne\u0161to vi\u0161e od 8,4 milijarde KM. Iako smo posljednjih mjeseci vrlo \u010desto neosnovano napadani, na\u0161i rezultati potvr\u0111uju da je Uprava najbolja institucija u Bosni i Hercegovini. Sve razine vlasti funkcioniraju bez problema zahvalju\u0107i prihodima koje je prikupila UNO. Sav vi\u0161ak prikupljenih prihoda je raspore\u0111en entitetima i Br\u010dko distriktu, dok su institucije BiH dobile isto novca kao svih prethodnih godina\u201d, rekao je na sve\u010danosti dr. Miro D\u017eakula director UNO.<\/p>\n\n\n\n<p>Direktor D\u017eakula je dodao da sve slu\u017ebenike u UNO ostvareni rezultati i obavezuju da svaki zaposleni i u narednoj godini maksimalno ozbiljno pristupi svakom poslovnom procesu kako bi rezultati bili jo\u0161 bolji, ali da se svakako u 2022. godini mora pobolj\u0161ati status slu\u017ebenika Uprave i njihova primanja zato \u0161to to ova institucija i njeni zaposleni &nbsp;zaslu\u017euju. &nbsp;&nbsp;<\/p>\n\n\n\n<p>Na skromnoj sve\u010danosti i ove godine su dijeljene nagrade najboljim slu\u017ebenicima u Upravi. Za radnika godine progla\u0161en je \u0161ef carinske ispostave Bijeljina Ned\u017ead \u0160e\u010di\u0107, dok je nagradu za posebnu pomo\u0107 i doprinos razvoju Uprave ove godine dobila Dijana Sikima ispred Delegacije Europske unije u BiH za veliku pomo\u0107 koju je EU pru\u017eila UNO sve prethodne godine.<\/p>\n\n\n\n<p>Izvor:pogled.ba<\/p>\n","protected":false},"excerpt":{"rendered":"<p>Uprava za neizravno oporezivanje obilje\u017eila je danas u Banjoj Luci 18. godi\u0161njicu postojanja. Sve prethodne godine, pa i ovu 2021. godinu, Uprava je dokazala da je &nbsp;klju\u010dna institucija za fisklanu stabilnost svih nivoa vlasti u Bosni i Hercegovini, navodi se u priop\u0107enju. Zaklju\u010dno sa dana\u0161njim danom Uprava za neizravno oporezivanje prikupila je na Jedinstveni ra\u010dun [&hellip;]<\/p>\n","protected":false},"author":2,"featured_media":103818,"comment_status":"closed","ping_status":"closed","sticky":false,"template":"","format":"standard","meta":{"h5ap_radio_sources":[],"footnotes":""},"categories":[1],"tags":[],"class_list":["post-103817","post","type-post","status-publish","format-standard","has-post-thumbnail","hentry","category-bihiregija"],"yoast_head":"<!-- This site is optimized with the Yoast SEO plugin v27.5 - https:\/\/yoast.com\/product\/yoast-seo-wordpress\/ -->\n<title>Uprava za neizravno oporezivanje &#039;postala punoljetna&#039; - RADIO LJUBU\u0160KI<\/title>\n<meta name=\"robots\" content=\"index, follow, max-snippet:-1, max-image-preview:large, max-video-preview:-1\" \/>\n<link rel=\"canonical\" href=\"https:\/\/radioljubuski.ba\/index.php\/2021\/12\/29\/uprava-za-neizravno-oporezivanje-postala-punoljetna\/\" \/>\n<meta property=\"og:locale\" content=\"hr_HR\" \/>\n<meta property=\"og:type\" content=\"article\" \/>\n<meta property=\"og:title\" content=\"Uprava za neizravno oporezivanje &#039;postala punoljetna&#039; - RADIO LJUBU\u0160KI\" \/>\n<meta property=\"og:description\" content=\"Uprava za neizravno oporezivanje obilje\u017eila je danas u Banjoj Luci 18. godi\u0161njicu postojanja. Sve prethodne godine, pa i ovu 2021. godinu, Uprava je dokazala da je &nbsp;klju\u010dna institucija za fisklanu stabilnost svih nivoa vlasti u Bosni i Hercegovini, navodi se u priop\u0107enju. Zaklju\u010dno sa dana\u0161njim danom Uprava za neizravno oporezivanje prikupila je na Jedinstveni ra\u010dun [&hellip;]\" \/>\n<meta property=\"og:url\" content=\"https:\/\/radioljubuski.ba\/index.php\/2021\/12\/29\/uprava-za-neizravno-oporezivanje-postala-punoljetna\/\" \/>\n<meta property=\"og:site_name\" content=\"RADIO LJUBU\u0160KI\" \/>\n<meta property=\"article:publisher\" content=\"https:\/\/www.facebook.com\/Radiio-Ljubuski-1490835324566332\" \/>\n<meta property=\"article:published_time\" content=\"2021-12-29T14:11:22+00:00\" \/>\n<meta property=\"article:modified_time\" content=\"2021-12-29T14:11:23+00:00\" \/>\n<meta property=\"og:image\" content=\"https:\/\/radioljubuski.ba\/wp-content\/uploads\/2021\/12\/8-2021-12-29-13-51-10-Dan-UINO-2021.jpg\" \/>\n\t<meta property=\"og:image:width\" content=\"1000\" \/>\n\t<meta property=\"og:image:height\" content=\"625\" \/>\n\t<meta property=\"og:image:type\" content=\"image\/jpeg\" \/>\n<meta name=\"author\" content=\"Radio Ljubu\u0161ki\" \/>\n<meta name=\"twitter:card\" content=\"summary_large_image\" \/>\n<meta name=\"twitter:creator\" content=\"@radioljubuski\" \/>\n<meta name=\"twitter:site\" content=\"@radioljubuski\" \/>\n<meta name=\"twitter:label1\" content=\"Napisao\/la\" \/>\n\t<meta name=\"twitter:data1\" content=\"Radio Ljubu\u0161ki\" \/>\n\t<meta name=\"twitter:label2\" content=\"Procijenjeno vrijeme \u010ditanja\" \/>\n\t<meta name=\"twitter:data2\" content=\"2 minute\" \/>\n<script type=\"application\/ld+json\" class=\"yoast-schema-graph\">{\"@context\":\"https:\\\/\\\/schema.org\",\"@graph\":[{\"@type\":\"Article\",\"@id\":\"https:\\\/\\\/radioljubuski.ba\\\/index.php\\\/2021\\\/12\\\/29\\\/uprava-za-neizravno-oporezivanje-postala-punoljetna\\\/#article\",\"isPartOf\":{\"@id\":\"https:\\\/\\\/radioljubuski.ba\\\/index.php\\\/2021\\\/12\\\/29\\\/uprava-za-neizravno-oporezivanje-postala-punoljetna\\\/\"},\"author\":{\"name\":\"Radio Ljubu\u0161ki\",\"@id\":\"https:\\\/\\\/radioljubuski.ba\\\/#\\\/schema\\\/person\\\/19fc700381a780f69665d7956c469e3b\"},\"headline\":\"Uprava za neizravno oporezivanje &#8216;postala punoljetna&#8217;\",\"datePublished\":\"2021-12-29T14:11:22+00:00\",\"dateModified\":\"2021-12-29T14:11:23+00:00\",\"mainEntityOfPage\":{\"@id\":\"https:\\\/\\\/radioljubuski.ba\\\/index.php\\\/2021\\\/12\\\/29\\\/uprava-za-neizravno-oporezivanje-postala-punoljetna\\\/\"},\"wordCount\":331,\"publisher\":{\"@id\":\"https:\\\/\\\/radioljubuski.ba\\\/#organization\"},\"image\":{\"@id\":\"https:\\\/\\\/radioljubuski.ba\\\/index.php\\\/2021\\\/12\\\/29\\\/uprava-za-neizravno-oporezivanje-postala-punoljetna\\\/#primaryimage\"},\"thumbnailUrl\":\"https:\\\/\\\/radioljubuski.ba\\\/wp-content\\\/uploads\\\/2021\\\/12\\\/8-2021-12-29-13-51-10-Dan-UINO-2021.jpg\",\"articleSection\":[\"BIH i regija\"],\"inLanguage\":\"hr\"},{\"@type\":\"WebPage\",\"@id\":\"https:\\\/\\\/radioljubuski.ba\\\/index.php\\\/2021\\\/12\\\/29\\\/uprava-za-neizravno-oporezivanje-postala-punoljetna\\\/\",\"url\":\"https:\\\/\\\/radioljubuski.ba\\\/index.php\\\/2021\\\/12\\\/29\\\/uprava-za-neizravno-oporezivanje-postala-punoljetna\\\/\",\"name\":\"Uprava za neizravno oporezivanje 'postala punoljetna' - RADIO LJUBU\u0160KI\",\"isPartOf\":{\"@id\":\"https:\\\/\\\/radioljubuski.ba\\\/#website\"},\"primaryImageOfPage\":{\"@id\":\"https:\\\/\\\/radioljubuski.ba\\\/index.php\\\/2021\\\/12\\\/29\\\/uprava-za-neizravno-oporezivanje-postala-punoljetna\\\/#primaryimage\"},\"image\":{\"@id\":\"https:\\\/\\\/radioljubuski.ba\\\/index.php\\\/2021\\\/12\\\/29\\\/uprava-za-neizravno-oporezivanje-postala-punoljetna\\\/#primaryimage\"},\"thumbnailUrl\":\"https:\\\/\\\/radioljubuski.ba\\\/wp-content\\\/uploads\\\/2021\\\/12\\\/8-2021-12-29-13-51-10-Dan-UINO-2021.jpg\",\"datePublished\":\"2021-12-29T14:11:22+00:00\",\"dateModified\":\"2021-12-29T14:11:23+00:00\",\"breadcrumb\":{\"@id\":\"https:\\\/\\\/radioljubuski.ba\\\/index.php\\\/2021\\\/12\\\/29\\\/uprava-za-neizravno-oporezivanje-postala-punoljetna\\\/#breadcrumb\"},\"inLanguage\":\"hr\",\"potentialAction\":[{\"@type\":\"ReadAction\",\"target\":[\"https:\\\/\\\/radioljubuski.ba\\\/index.php\\\/2021\\\/12\\\/29\\\/uprava-za-neizravno-oporezivanje-postala-punoljetna\\\/\"]}]},{\"@type\":\"ImageObject\",\"inLanguage\":\"hr\",\"@id\":\"https:\\\/\\\/radioljubuski.ba\\\/index.php\\\/2021\\\/12\\\/29\\\/uprava-za-neizravno-oporezivanje-postala-punoljetna\\\/#primaryimage\",\"url\":\"https:\\\/\\\/radioljubuski.ba\\\/wp-content\\\/uploads\\\/2021\\\/12\\\/8-2021-12-29-13-51-10-Dan-UINO-2021.jpg\",\"contentUrl\":\"https:\\\/\\\/radioljubuski.ba\\\/wp-content\\\/uploads\\\/2021\\\/12\\\/8-2021-12-29-13-51-10-Dan-UINO-2021.jpg\",\"width\":1000,\"height\":625},{\"@type\":\"BreadcrumbList\",\"@id\":\"https:\\\/\\\/radioljubuski.ba\\\/index.php\\\/2021\\\/12\\\/29\\\/uprava-za-neizravno-oporezivanje-postala-punoljetna\\\/#breadcrumb\",\"itemListElement\":[{\"@type\":\"ListItem\",\"position\":1,\"name\":\"Po\u010detna stranica\",\"item\":\"https:\\\/\\\/radioljubuski.ba\\\/\"},{\"@type\":\"ListItem\",\"position\":2,\"name\":\"Uprava za neizravno oporezivanje &#8216;postala punoljetna&#8217;\"}]},{\"@type\":\"WebSite\",\"@id\":\"https:\\\/\\\/radioljubuski.ba\\\/#website\",\"url\":\"https:\\\/\\\/radioljubuski.ba\\\/\",\"name\":\"Radio Ljubu\u0161ki\",\"description\":\"Sun\u010dana frekvencija Hercegovine\",\"publisher\":{\"@id\":\"https:\\\/\\\/radioljubuski.ba\\\/#organization\"},\"potentialAction\":[{\"@type\":\"SearchAction\",\"target\":{\"@type\":\"EntryPoint\",\"urlTemplate\":\"https:\\\/\\\/radioljubuski.ba\\\/?s={search_term_string}\"},\"query-input\":{\"@type\":\"PropertyValueSpecification\",\"valueRequired\":true,\"valueName\":\"search_term_string\"}}],\"inLanguage\":\"hr\"},{\"@type\":\"Organization\",\"@id\":\"https:\\\/\\\/radioljubuski.ba\\\/#organization\",\"name\":\"Radio Ljubu\u0161ki\",\"url\":\"https:\\\/\\\/radioljubuski.ba\\\/\",\"logo\":{\"@type\":\"ImageObject\",\"inLanguage\":\"hr\",\"@id\":\"https:\\\/\\\/radioljubuski.ba\\\/#\\\/schema\\\/logo\\\/image\\\/\",\"url\":\"https:\\\/\\\/radioljubuski.ba\\\/wp-content\\\/uploads\\\/2021\\\/02\\\/cropped-Radio_Ljubuski_logo1.jpg\",\"contentUrl\":\"https:\\\/\\\/radioljubuski.ba\\\/wp-content\\\/uploads\\\/2021\\\/02\\\/cropped-Radio_Ljubuski_logo1.jpg\",\"width\":512,\"height\":512,\"caption\":\"Radio Ljubu\u0161ki\"},\"image\":{\"@id\":\"https:\\\/\\\/radioljubuski.ba\\\/#\\\/schema\\\/logo\\\/image\\\/\"},\"sameAs\":[\"https:\\\/\\\/www.facebook.com\\\/Radiio-Ljubuski-1490835324566332\",\"https:\\\/\\\/x.com\\\/radioljubuski\",\"https:\\\/\\\/hr.linkedin.com\\\/company\\\/radio-ljubuski\",\"https:\\\/\\\/www.youtube.com\\\/channel\\\/UCHYaeO_n0Db3tjNGudGpXyw\"]},{\"@type\":\"Person\",\"@id\":\"https:\\\/\\\/radioljubuski.ba\\\/#\\\/schema\\\/person\\\/19fc700381a780f69665d7956c469e3b\",\"name\":\"Radio Ljubu\u0161ki\"}]}<\/script>\n<!-- \/ Yoast SEO plugin. -->","yoast_head_json":{"title":"Uprava za neizravno oporezivanje 'postala punoljetna' - RADIO LJUBU\u0160KI","robots":{"index":"index","follow":"follow","max-snippet":"max-snippet:-1","max-image-preview":"max-image-preview:large","max-video-preview":"max-video-preview:-1"},"canonical":"https:\/\/radioljubuski.ba\/index.php\/2021\/12\/29\/uprava-za-neizravno-oporezivanje-postala-punoljetna\/","og_locale":"hr_HR","og_type":"article","og_title":"Uprava za neizravno oporezivanje 'postala punoljetna' - RADIO LJUBU\u0160KI","og_description":"Uprava za neizravno oporezivanje obilje\u017eila je danas u Banjoj Luci 18. godi\u0161njicu postojanja. Sve prethodne godine, pa i ovu 2021. godinu, Uprava je dokazala da je &nbsp;klju\u010dna institucija za fisklanu stabilnost svih nivoa vlasti u Bosni i Hercegovini, navodi se u priop\u0107enju. Zaklju\u010dno sa dana\u0161njim danom Uprava za neizravno oporezivanje prikupila je na Jedinstveni ra\u010dun [&hellip;]","og_url":"https:\/\/radioljubuski.ba\/index.php\/2021\/12\/29\/uprava-za-neizravno-oporezivanje-postala-punoljetna\/","og_site_name":"RADIO LJUBU\u0160KI","article_publisher":"https:\/\/www.facebook.com\/Radiio-Ljubuski-1490835324566332","article_published_time":"2021-12-29T14:11:22+00:00","article_modified_time":"2021-12-29T14:11:23+00:00","og_image":[{"width":1000,"height":625,"url":"https:\/\/radioljubuski.ba\/wp-content\/uploads\/2021\/12\/8-2021-12-29-13-51-10-Dan-UINO-2021.jpg","type":"image\/jpeg"}],"author":"Radio Ljubu\u0161ki","twitter_card":"summary_large_image","twitter_creator":"@radioljubuski","twitter_site":"@radioljubuski","twitter_misc":{"Napisao\/la":"Radio Ljubu\u0161ki","Procijenjeno vrijeme \u010ditanja":"2 minute"},"schema":{"@context":"https:\/\/schema.org","@graph":[{"@type":"Article","@id":"https:\/\/radioljubuski.ba\/index.php\/2021\/12\/29\/uprava-za-neizravno-oporezivanje-postala-punoljetna\/#article","isPartOf":{"@id":"https:\/\/radioljubuski.ba\/index.php\/2021\/12\/29\/uprava-za-neizravno-oporezivanje-postala-punoljetna\/"},"author":{"name":"Radio Ljubu\u0161ki","@id":"https:\/\/radioljubuski.ba\/#\/schema\/person\/19fc700381a780f69665d7956c469e3b"},"headline":"Uprava za neizravno oporezivanje &#8216;postala punoljetna&#8217;","datePublished":"2021-12-29T14:11:22+00:00","dateModified":"2021-12-29T14:11:23+00:00","mainEntityOfPage":{"@id":"https:\/\/radioljubuski.ba\/index.php\/2021\/12\/29\/uprava-za-neizravno-oporezivanje-postala-punoljetna\/"},"wordCount":331,"publisher":{"@id":"https:\/\/radioljubuski.ba\/#organization"},"image":{"@id":"https:\/\/radioljubuski.ba\/index.php\/2021\/12\/29\/uprava-za-neizravno-oporezivanje-postala-punoljetna\/#primaryimage"},"thumbnailUrl":"https:\/\/radioljubuski.ba\/wp-content\/uploads\/2021\/12\/8-2021-12-29-13-51-10-Dan-UINO-2021.jpg","articleSection":["BIH i regija"],"inLanguage":"hr"},{"@type":"WebPage","@id":"https:\/\/radioljubuski.ba\/index.php\/2021\/12\/29\/uprava-za-neizravno-oporezivanje-postala-punoljetna\/","url":"https:\/\/radioljubuski.ba\/index.php\/2021\/12\/29\/uprava-za-neizravno-oporezivanje-postala-punoljetna\/","name":"Uprava za neizravno oporezivanje 'postala punoljetna' - RADIO LJUBU\u0160KI","isPartOf":{"@id":"https:\/\/radioljubuski.ba\/#website"},"primaryImageOfPage":{"@id":"https:\/\/radioljubuski.ba\/index.php\/2021\/12\/29\/uprava-za-neizravno-oporezivanje-postala-punoljetna\/#primaryimage"},"image":{"@id":"https:\/\/radioljubuski.ba\/index.php\/2021\/12\/29\/uprava-za-neizravno-oporezivanje-postala-punoljetna\/#primaryimage"},"thumbnailUrl":"https:\/\/radioljubuski.ba\/wp-content\/uploads\/2021\/12\/8-2021-12-29-13-51-10-Dan-UINO-2021.jpg","datePublished":"2021-12-29T14:11:22+00:00","dateModified":"2021-12-29T14:11:23+00:00","breadcrumb":{"@id":"https:\/\/radioljubuski.ba\/index.php\/2021\/12\/29\/uprava-za-neizravno-oporezivanje-postala-punoljetna\/#breadcrumb"},"inLanguage":"hr","potentialAction":[{"@type":"ReadAction","target":["https:\/\/radioljubuski.ba\/index.php\/2021\/12\/29\/uprava-za-neizravno-oporezivanje-postala-punoljetna\/"]}]},{"@type":"ImageObject","inLanguage":"hr","@id":"https:\/\/radioljubuski.ba\/index.php\/2021\/12\/29\/uprava-za-neizravno-oporezivanje-postala-punoljetna\/#primaryimage","url":"https:\/\/radioljubuski.ba\/wp-content\/uploads\/2021\/12\/8-2021-12-29-13-51-10-Dan-UINO-2021.jpg","contentUrl":"https:\/\/radioljubuski.ba\/wp-content\/uploads\/2021\/12\/8-2021-12-29-13-51-10-Dan-UINO-2021.jpg","width":1000,"height":625},{"@type":"BreadcrumbList","@id":"https:\/\/radioljubuski.ba\/index.php\/2021\/12\/29\/uprava-za-neizravno-oporezivanje-postala-punoljetna\/#breadcrumb","itemListElement":[{"@type":"ListItem","position":1,"name":"Po\u010detna stranica","item":"https:\/\/radioljubuski.ba\/"},{"@type":"ListItem","position":2,"name":"Uprava za neizravno oporezivanje &#8216;postala punoljetna&#8217;"}]},{"@type":"WebSite","@id":"https:\/\/radioljubuski.ba\/#website","url":"https:\/\/radioljubuski.ba\/","name":"Radio Ljubu\u0161ki","description":"Sun\u010dana frekvencija Hercegovine","publisher":{"@id":"https:\/\/radioljubuski.ba\/#organization"},"potentialAction":[{"@type":"SearchAction","target":{"@type":"EntryPoint","urlTemplate":"https:\/\/radioljubuski.ba\/?s={search_term_string}"},"query-input":{"@type":"PropertyValueSpecification","valueRequired":true,"valueName":"search_term_string"}}],"inLanguage":"hr"},{"@type":"Organization","@id":"https:\/\/radioljubuski.ba\/#organization","name":"Radio Ljubu\u0161ki","url":"https:\/\/radioljubuski.ba\/","logo":{"@type":"ImageObject","inLanguage":"hr","@id":"https:\/\/radioljubuski.ba\/#\/schema\/logo\/image\/","url":"https:\/\/radioljubuski.ba\/wp-content\/uploads\/2021\/02\/cropped-Radio_Ljubuski_logo1.jpg","contentUrl":"https:\/\/radioljubuski.ba\/wp-content\/uploads\/2021\/02\/cropped-Radio_Ljubuski_logo1.jpg","width":512,"height":512,"caption":"Radio Ljubu\u0161ki"},"image":{"@id":"https:\/\/radioljubuski.ba\/#\/schema\/logo\/image\/"},"sameAs":["https:\/\/www.facebook.com\/Radiio-Ljubuski-1490835324566332","https:\/\/x.com\/radioljubuski","https:\/\/hr.linkedin.com\/company\/radio-ljubuski","https:\/\/www.youtube.com\/channel\/UCHYaeO_n0Db3tjNGudGpXyw"]},{"@type":"Person","@id":"https:\/\/radioljubuski.ba\/#\/schema\/person\/19fc700381a780f69665d7956c469e3b","name":"Radio Ljubu\u0161ki"}]}},"_links":{"self":[{"href":"https:\/\/radioljubuski.ba\/index.php\/wp-json\/wp\/v2\/posts\/103817","targetHints":{"allow":["GET"]}}],"collection":[{"href":"https:\/\/radioljubuski.ba\/index.php\/wp-json\/wp\/v2\/posts"}],"about":[{"href":"https:\/\/radioljubuski.ba\/index.php\/wp-json\/wp\/v2\/types\/post"}],"author":[{"embeddable":true,"href":"https:\/\/radioljubuski.ba\/index.php\/wp-json\/wp\/v2\/users\/2"}],"replies":[{"embeddable":true,"href":"https:\/\/radioljubuski.ba\/index.php\/wp-json\/wp\/v2\/comments?post=103817"}],"version-history":[{"count":1,"href":"https:\/\/radioljubuski.ba\/index.php\/wp-json\/wp\/v2\/posts\/103817\/revisions"}],"predecessor-version":[{"id":103819,"href":"https:\/\/radioljubuski.ba\/index.php\/wp-json\/wp\/v2\/posts\/103817\/revisions\/103819"}],"wp:featuredmedia":[{"embeddable":true,"href":"https:\/\/radioljubuski.ba\/index.php\/wp-json\/wp\/v2\/media\/103818"}],"wp:attachment":[{"href":"https:\/\/radioljubuski.ba\/index.php\/wp-json\/wp\/v2\/media?parent=103817"}],"wp:term":[{"taxonomy":"category","embeddable":true,"href":"https:\/\/radioljubuski.ba\/index.php\/wp-json\/wp\/v2\/categories?post=103817"},{"taxonomy":"post_tag","embeddable":true,"href":"https:\/\/radioljubuski.ba\/index.php\/wp-json\/wp\/v2\/tags?post=103817"}],"curies":[{"name":"wp","href":"https:\/\/api.w.org\/{rel}","templated":true}]}}