{"id":103823,"date":"2021-12-29T15:14:37","date_gmt":"2021-12-29T14:14:37","guid":{"rendered":"https:\/\/radioljubuski.ba\/?p=103823"},"modified":"2021-12-29T15:14:37","modified_gmt":"2021-12-29T14:14:37","slug":"cerkez-u-narednih-mjesec-dva-ocekuje-se-dominacija-omikrona-u-odnosu-na-deltu","status":"publish","type":"post","link":"https:\/\/radioljubuski.ba\/index.php\/2021\/12\/29\/cerkez-u-narednih-mjesec-dva-ocekuje-se-dominacija-omikrona-u-odnosu-na-deltu\/","title":{"rendered":"\u010cerkez: U narednih mjesec-dva o\u010dekuje se dominacija omikrona u odnosu na deltu"},"content":{"rendered":"\n<p>Pomo\u0107nik federalnog ministra zdravstva Goran \u010cerkez potvrdio je da je od danas omikron soj koronavirusa prisutan u BiH navode\u0107i da je od 100 uzoraka testiranih na Klini\u010dkom centru Univerziteta u Sarajevu, 10 pozitivnih na omikron soj.<\/p>\n\n\n\n<p>&#8211; U narednom periodu ovo \u0107e se potvrditi sekvencioniranjem. Nakon tri do \u010detiri dana imat \u0107emo, nakon ura\u0111enog sekvenciniranja, potvrdu da se radi o omikronu. U narednih mjesec-dva o\u010dekuje se dominacija omikrona u odnosu na deltu &#8211; rekao je \u010cerkez.<\/p>\n\n\n\n<p>Ka\u017ee da pojava omikrona nije neo\u010dekivana jer se prepostavljalo i ranije da postoji cirkuliranje virusa, te je bilo pitanje vremena kada \u0107e se pojaviti i u BiH.<\/p>\n\n\n\n<p>&#8211; Za sada mo\u017eemo potvrditi da se omikron zna\u010dajno brzo \u0161iri. Prema posljednjim informacijama, deset puta se br\u017ee \u0161iri od delta, \u0161to zna\u010di da o\u010dekujemo br\u017ee \u0161irenje virusa. Nadamo se da \u0107e svi savjesno postupati nositi maske, dr\u017eati distancu i biti dru\u0161tveno odgovorni u ovom trenutku da ne napravimo veliki priliv prema bolnicama &#8211; poru\u010dio je \u010cerkez.<\/p>\n\n\n\n<p>Isti\u010de da se jo\u0161 ne mo\u017ee govoriti koliko je omikron te\u017ee klini\u010dke slike s obzirom na to da se s znanstvene strane puno toga ispituje i dokazuje.<\/p>\n\n\n\n<p>&#8211; Me\u0111utim izgleda da su simptomi bla\u017ei i da uglavnom ide kao glavobolja, curenje nosa, grlobolja. Prema tome za o\u010dekivati je da i BiH kroz naredno vrijeme nau\u010di vi\u0161e. Omikron ne zahtijeva neke posebne mjere. Mjere koje su va\u017eile za spre\u010davanje delte va\u017ee i za omikron i to je veoma jasno. Ovo je dobro vrijeme da pozovemo sve gra\u0111ane da se vakcini\u0161u sa tre\u0107om dozom. Preporuka je svih relevatnih institucija da se tre\u0107a doza prima nakon tri mjeseca od druge doze. To je po\u017eeljno jer je sigurno ja\u010da za\u0161tita kada imate sve tri doze &#8211; kazao je \u010cerkez.<\/p>\n\n\n\n<p>Dodao je da je ina\u010de situacija u vezi koronavirusa u ve\u0107ini \u017eupanija dosta stabilna, a bilje\u017ei se mali porast zara\u017eenih u Hercegova\u010dko-neretvanskoj, Sarajevskoj i Bosanskopodrinjskoj \u017eupaniji.<\/p>\n\n\n\n<p>Izvor.pogled.ba<\/p>\n","protected":false},"excerpt":{"rendered":"<p>Pomo\u0107nik federalnog ministra zdravstva Goran \u010cerkez potvrdio je da je od danas omikron soj koronavirusa prisutan u BiH navode\u0107i da je od 100 uzoraka testiranih na Klini\u010dkom centru Univerziteta u Sarajevu, 10 pozitivnih na omikron soj. &#8211; U narednom periodu ovo \u0107e se potvrditi sekvencioniranjem. Nakon tri do \u010detiri dana imat \u0107emo, nakon ura\u0111enog sekvenciniranja, [&hellip;]<\/p>\n","protected":false},"author":2,"featured_media":7512,"comment_status":"closed","ping_status":"closed","sticky":false,"template":"","format":"standard","meta":{"h5ap_radio_sources":[],"footnotes":""},"categories":[1],"tags":[],"class_list":["post-103823","post","type-post","status-publish","format-standard","has-post-thumbnail","hentry","category-bihiregija"],"yoast_head":"<!-- This site is optimized with the Yoast SEO plugin v27.5 - https:\/\/yoast.com\/product\/yoast-seo-wordpress\/ -->\n<title>\u010cerkez: U narednih mjesec-dva o\u010dekuje se dominacija omikrona u odnosu na deltu - RADIO LJUBU\u0160KI<\/title>\n<meta name=\"robots\" content=\"index, follow, max-snippet:-1, max-image-preview:large, max-video-preview:-1\" \/>\n<link rel=\"canonical\" href=\"https:\/\/radioljubuski.ba\/index.php\/2021\/12\/29\/cerkez-u-narednih-mjesec-dva-ocekuje-se-dominacija-omikrona-u-odnosu-na-deltu\/\" \/>\n<meta property=\"og:locale\" content=\"hr_HR\" \/>\n<meta property=\"og:type\" content=\"article\" \/>\n<meta property=\"og:title\" content=\"\u010cerkez: U narednih mjesec-dva o\u010dekuje se dominacija omikrona u odnosu na deltu - RADIO LJUBU\u0160KI\" \/>\n<meta property=\"og:description\" content=\"Pomo\u0107nik federalnog ministra zdravstva Goran \u010cerkez potvrdio je da je od danas omikron soj koronavirusa prisutan u BiH navode\u0107i da je od 100 uzoraka testiranih na Klini\u010dkom centru Univerziteta u Sarajevu, 10 pozitivnih na omikron soj. &#8211; U narednom periodu ovo \u0107e se potvrditi sekvencioniranjem. Nakon tri do \u010detiri dana imat \u0107emo, nakon ura\u0111enog sekvenciniranja, [&hellip;]\" \/>\n<meta property=\"og:url\" content=\"https:\/\/radioljubuski.ba\/index.php\/2021\/12\/29\/cerkez-u-narednih-mjesec-dva-ocekuje-se-dominacija-omikrona-u-odnosu-na-deltu\/\" \/>\n<meta property=\"og:site_name\" content=\"RADIO LJUBU\u0160KI\" \/>\n<meta property=\"article:publisher\" content=\"https:\/\/www.facebook.com\/Radiio-Ljubuski-1490835324566332\" \/>\n<meta property=\"article:published_time\" content=\"2021-12-29T14:14:37+00:00\" \/>\n<meta property=\"og:image\" content=\"https:\/\/radioljubuski.ba\/wp-content\/uploads\/2021\/03\/TQFJD8yx_cerkez.jpg\" \/>\n\t<meta property=\"og:image:width\" content=\"1000\" \/>\n\t<meta property=\"og:image:height\" content=\"625\" \/>\n\t<meta property=\"og:image:type\" content=\"image\/jpeg\" \/>\n<meta name=\"author\" content=\"Radio Ljubu\u0161ki\" \/>\n<meta name=\"twitter:card\" content=\"summary_large_image\" \/>\n<meta name=\"twitter:creator\" content=\"@radioljubuski\" \/>\n<meta name=\"twitter:site\" content=\"@radioljubuski\" \/>\n<meta name=\"twitter:label1\" content=\"Napisao\/la\" \/>\n\t<meta name=\"twitter:data1\" content=\"Radio Ljubu\u0161ki\" \/>\n\t<meta name=\"twitter:label2\" content=\"Procijenjeno vrijeme \u010ditanja\" \/>\n\t<meta name=\"twitter:data2\" content=\"2 minute\" \/>\n<script type=\"application\/ld+json\" class=\"yoast-schema-graph\">{\"@context\":\"https:\\\/\\\/schema.org\",\"@graph\":[{\"@type\":\"Article\",\"@id\":\"https:\\\/\\\/radioljubuski.ba\\\/index.php\\\/2021\\\/12\\\/29\\\/cerkez-u-narednih-mjesec-dva-ocekuje-se-dominacija-omikrona-u-odnosu-na-deltu\\\/#article\",\"isPartOf\":{\"@id\":\"https:\\\/\\\/radioljubuski.ba\\\/index.php\\\/2021\\\/12\\\/29\\\/cerkez-u-narednih-mjesec-dva-ocekuje-se-dominacija-omikrona-u-odnosu-na-deltu\\\/\"},\"author\":{\"name\":\"Radio Ljubu\u0161ki\",\"@id\":\"https:\\\/\\\/radioljubuski.ba\\\/#\\\/schema\\\/person\\\/19fc700381a780f69665d7956c469e3b\"},\"headline\":\"\u010cerkez: U narednih mjesec-dva o\u010dekuje se dominacija omikrona u odnosu na deltu\",\"datePublished\":\"2021-12-29T14:14:37+00:00\",\"mainEntityOfPage\":{\"@id\":\"https:\\\/\\\/radioljubuski.ba\\\/index.php\\\/2021\\\/12\\\/29\\\/cerkez-u-narednih-mjesec-dva-ocekuje-se-dominacija-omikrona-u-odnosu-na-deltu\\\/\"},\"wordCount\":365,\"publisher\":{\"@id\":\"https:\\\/\\\/radioljubuski.ba\\\/#organization\"},\"image\":{\"@id\":\"https:\\\/\\\/radioljubuski.ba\\\/index.php\\\/2021\\\/12\\\/29\\\/cerkez-u-narednih-mjesec-dva-ocekuje-se-dominacija-omikrona-u-odnosu-na-deltu\\\/#primaryimage\"},\"thumbnailUrl\":\"https:\\\/\\\/radioljubuski.ba\\\/wp-content\\\/uploads\\\/2021\\\/03\\\/TQFJD8yx_cerkez.jpg\",\"articleSection\":[\"BIH i regija\"],\"inLanguage\":\"hr\"},{\"@type\":\"WebPage\",\"@id\":\"https:\\\/\\\/radioljubuski.ba\\\/index.php\\\/2021\\\/12\\\/29\\\/cerkez-u-narednih-mjesec-dva-ocekuje-se-dominacija-omikrona-u-odnosu-na-deltu\\\/\",\"url\":\"https:\\\/\\\/radioljubuski.ba\\\/index.php\\\/2021\\\/12\\\/29\\\/cerkez-u-narednih-mjesec-dva-ocekuje-se-dominacija-omikrona-u-odnosu-na-deltu\\\/\",\"name\":\"\u010cerkez: U narednih mjesec-dva o\u010dekuje se dominacija omikrona u odnosu na deltu - RADIO LJUBU\u0160KI\",\"isPartOf\":{\"@id\":\"https:\\\/\\\/radioljubuski.ba\\\/#website\"},\"primaryImageOfPage\":{\"@id\":\"https:\\\/\\\/radioljubuski.ba\\\/index.php\\\/2021\\\/12\\\/29\\\/cerkez-u-narednih-mjesec-dva-ocekuje-se-dominacija-omikrona-u-odnosu-na-deltu\\\/#primaryimage\"},\"image\":{\"@id\":\"https:\\\/\\\/radioljubuski.ba\\\/index.php\\\/2021\\\/12\\\/29\\\/cerkez-u-narednih-mjesec-dva-ocekuje-se-dominacija-omikrona-u-odnosu-na-deltu\\\/#primaryimage\"},\"thumbnailUrl\":\"https:\\\/\\\/radioljubuski.ba\\\/wp-content\\\/uploads\\\/2021\\\/03\\\/TQFJD8yx_cerkez.jpg\",\"datePublished\":\"2021-12-29T14:14:37+00:00\",\"breadcrumb\":{\"@id\":\"https:\\\/\\\/radioljubuski.ba\\\/index.php\\\/2021\\\/12\\\/29\\\/cerkez-u-narednih-mjesec-dva-ocekuje-se-dominacija-omikrona-u-odnosu-na-deltu\\\/#breadcrumb\"},\"inLanguage\":\"hr\",\"potentialAction\":[{\"@type\":\"ReadAction\",\"target\":[\"https:\\\/\\\/radioljubuski.ba\\\/index.php\\\/2021\\\/12\\\/29\\\/cerkez-u-narednih-mjesec-dva-ocekuje-se-dominacija-omikrona-u-odnosu-na-deltu\\\/\"]}]},{\"@type\":\"ImageObject\",\"inLanguage\":\"hr\",\"@id\":\"https:\\\/\\\/radioljubuski.ba\\\/index.php\\\/2021\\\/12\\\/29\\\/cerkez-u-narednih-mjesec-dva-ocekuje-se-dominacija-omikrona-u-odnosu-na-deltu\\\/#primaryimage\",\"url\":\"https:\\\/\\\/radioljubuski.ba\\\/wp-content\\\/uploads\\\/2021\\\/03\\\/TQFJD8yx_cerkez.jpg\",\"contentUrl\":\"https:\\\/\\\/radioljubuski.ba\\\/wp-content\\\/uploads\\\/2021\\\/03\\\/TQFJD8yx_cerkez.jpg\",\"width\":1000,\"height\":625},{\"@type\":\"BreadcrumbList\",\"@id\":\"https:\\\/\\\/radioljubuski.ba\\\/index.php\\\/2021\\\/12\\\/29\\\/cerkez-u-narednih-mjesec-dva-ocekuje-se-dominacija-omikrona-u-odnosu-na-deltu\\\/#breadcrumb\",\"itemListElement\":[{\"@type\":\"ListItem\",\"position\":1,\"name\":\"Po\u010detna stranica\",\"item\":\"https:\\\/\\\/radioljubuski.ba\\\/\"},{\"@type\":\"ListItem\",\"position\":2,\"name\":\"\u010cerkez: U narednih mjesec-dva o\u010dekuje se dominacija omikrona u odnosu na deltu\"}]},{\"@type\":\"WebSite\",\"@id\":\"https:\\\/\\\/radioljubuski.ba\\\/#website\",\"url\":\"https:\\\/\\\/radioljubuski.ba\\\/\",\"name\":\"Radio Ljubu\u0161ki\",\"description\":\"Sun\u010dana frekvencija Hercegovine\",\"publisher\":{\"@id\":\"https:\\\/\\\/radioljubuski.ba\\\/#organization\"},\"potentialAction\":[{\"@type\":\"SearchAction\",\"target\":{\"@type\":\"EntryPoint\",\"urlTemplate\":\"https:\\\/\\\/radioljubuski.ba\\\/?s={search_term_string}\"},\"query-input\":{\"@type\":\"PropertyValueSpecification\",\"valueRequired\":true,\"valueName\":\"search_term_string\"}}],\"inLanguage\":\"hr\"},{\"@type\":\"Organization\",\"@id\":\"https:\\\/\\\/radioljubuski.ba\\\/#organization\",\"name\":\"Radio Ljubu\u0161ki\",\"url\":\"https:\\\/\\\/radioljubuski.ba\\\/\",\"logo\":{\"@type\":\"ImageObject\",\"inLanguage\":\"hr\",\"@id\":\"https:\\\/\\\/radioljubuski.ba\\\/#\\\/schema\\\/logo\\\/image\\\/\",\"url\":\"https:\\\/\\\/radioljubuski.ba\\\/wp-content\\\/uploads\\\/2021\\\/02\\\/cropped-Radio_Ljubuski_logo1.jpg\",\"contentUrl\":\"https:\\\/\\\/radioljubuski.ba\\\/wp-content\\\/uploads\\\/2021\\\/02\\\/cropped-Radio_Ljubuski_logo1.jpg\",\"width\":512,\"height\":512,\"caption\":\"Radio Ljubu\u0161ki\"},\"image\":{\"@id\":\"https:\\\/\\\/radioljubuski.ba\\\/#\\\/schema\\\/logo\\\/image\\\/\"},\"sameAs\":[\"https:\\\/\\\/www.facebook.com\\\/Radiio-Ljubuski-1490835324566332\",\"https:\\\/\\\/x.com\\\/radioljubuski\",\"https:\\\/\\\/hr.linkedin.com\\\/company\\\/radio-ljubuski\",\"https:\\\/\\\/www.youtube.com\\\/channel\\\/UCHYaeO_n0Db3tjNGudGpXyw\"]},{\"@type\":\"Person\",\"@id\":\"https:\\\/\\\/radioljubuski.ba\\\/#\\\/schema\\\/person\\\/19fc700381a780f69665d7956c469e3b\",\"name\":\"Radio Ljubu\u0161ki\"}]}<\/script>\n<!-- \/ Yoast SEO plugin. -->","yoast_head_json":{"title":"\u010cerkez: U narednih mjesec-dva o\u010dekuje se dominacija omikrona u odnosu na deltu - RADIO LJUBU\u0160KI","robots":{"index":"index","follow":"follow","max-snippet":"max-snippet:-1","max-image-preview":"max-image-preview:large","max-video-preview":"max-video-preview:-1"},"canonical":"https:\/\/radioljubuski.ba\/index.php\/2021\/12\/29\/cerkez-u-narednih-mjesec-dva-ocekuje-se-dominacija-omikrona-u-odnosu-na-deltu\/","og_locale":"hr_HR","og_type":"article","og_title":"\u010cerkez: U narednih mjesec-dva o\u010dekuje se dominacija omikrona u odnosu na deltu - RADIO LJUBU\u0160KI","og_description":"Pomo\u0107nik federalnog ministra zdravstva Goran \u010cerkez potvrdio je da je od danas omikron soj koronavirusa prisutan u BiH navode\u0107i da je od 100 uzoraka testiranih na Klini\u010dkom centru Univerziteta u Sarajevu, 10 pozitivnih na omikron soj. &#8211; U narednom periodu ovo \u0107e se potvrditi sekvencioniranjem. Nakon tri do \u010detiri dana imat \u0107emo, nakon ura\u0111enog sekvenciniranja, [&hellip;]","og_url":"https:\/\/radioljubuski.ba\/index.php\/2021\/12\/29\/cerkez-u-narednih-mjesec-dva-ocekuje-se-dominacija-omikrona-u-odnosu-na-deltu\/","og_site_name":"RADIO LJUBU\u0160KI","article_publisher":"https:\/\/www.facebook.com\/Radiio-Ljubuski-1490835324566332","article_published_time":"2021-12-29T14:14:37+00:00","og_image":[{"width":1000,"height":625,"url":"https:\/\/radioljubuski.ba\/wp-content\/uploads\/2021\/03\/TQFJD8yx_cerkez.jpg","type":"image\/jpeg"}],"author":"Radio Ljubu\u0161ki","twitter_card":"summary_large_image","twitter_creator":"@radioljubuski","twitter_site":"@radioljubuski","twitter_misc":{"Napisao\/la":"Radio Ljubu\u0161ki","Procijenjeno vrijeme \u010ditanja":"2 minute"},"schema":{"@context":"https:\/\/schema.org","@graph":[{"@type":"Article","@id":"https:\/\/radioljubuski.ba\/index.php\/2021\/12\/29\/cerkez-u-narednih-mjesec-dva-ocekuje-se-dominacija-omikrona-u-odnosu-na-deltu\/#article","isPartOf":{"@id":"https:\/\/radioljubuski.ba\/index.php\/2021\/12\/29\/cerkez-u-narednih-mjesec-dva-ocekuje-se-dominacija-omikrona-u-odnosu-na-deltu\/"},"author":{"name":"Radio Ljubu\u0161ki","@id":"https:\/\/radioljubuski.ba\/#\/schema\/person\/19fc700381a780f69665d7956c469e3b"},"headline":"\u010cerkez: U narednih mjesec-dva o\u010dekuje se dominacija omikrona u odnosu na deltu","datePublished":"2021-12-29T14:14:37+00:00","mainEntityOfPage":{"@id":"https:\/\/radioljubuski.ba\/index.php\/2021\/12\/29\/cerkez-u-narednih-mjesec-dva-ocekuje-se-dominacija-omikrona-u-odnosu-na-deltu\/"},"wordCount":365,"publisher":{"@id":"https:\/\/radioljubuski.ba\/#organization"},"image":{"@id":"https:\/\/radioljubuski.ba\/index.php\/2021\/12\/29\/cerkez-u-narednih-mjesec-dva-ocekuje-se-dominacija-omikrona-u-odnosu-na-deltu\/#primaryimage"},"thumbnailUrl":"https:\/\/radioljubuski.ba\/wp-content\/uploads\/2021\/03\/TQFJD8yx_cerkez.jpg","articleSection":["BIH i regija"],"inLanguage":"hr"},{"@type":"WebPage","@id":"https:\/\/radioljubuski.ba\/index.php\/2021\/12\/29\/cerkez-u-narednih-mjesec-dva-ocekuje-se-dominacija-omikrona-u-odnosu-na-deltu\/","url":"https:\/\/radioljubuski.ba\/index.php\/2021\/12\/29\/cerkez-u-narednih-mjesec-dva-ocekuje-se-dominacija-omikrona-u-odnosu-na-deltu\/","name":"\u010cerkez: U narednih mjesec-dva o\u010dekuje se dominacija omikrona u odnosu na deltu - RADIO LJUBU\u0160KI","isPartOf":{"@id":"https:\/\/radioljubuski.ba\/#website"},"primaryImageOfPage":{"@id":"https:\/\/radioljubuski.ba\/index.php\/2021\/12\/29\/cerkez-u-narednih-mjesec-dva-ocekuje-se-dominacija-omikrona-u-odnosu-na-deltu\/#primaryimage"},"image":{"@id":"https:\/\/radioljubuski.ba\/index.php\/2021\/12\/29\/cerkez-u-narednih-mjesec-dva-ocekuje-se-dominacija-omikrona-u-odnosu-na-deltu\/#primaryimage"},"thumbnailUrl":"https:\/\/radioljubuski.ba\/wp-content\/uploads\/2021\/03\/TQFJD8yx_cerkez.jpg","datePublished":"2021-12-29T14:14:37+00:00","breadcrumb":{"@id":"https:\/\/radioljubuski.ba\/index.php\/2021\/12\/29\/cerkez-u-narednih-mjesec-dva-ocekuje-se-dominacija-omikrona-u-odnosu-na-deltu\/#breadcrumb"},"inLanguage":"hr","potentialAction":[{"@type":"ReadAction","target":["https:\/\/radioljubuski.ba\/index.php\/2021\/12\/29\/cerkez-u-narednih-mjesec-dva-ocekuje-se-dominacija-omikrona-u-odnosu-na-deltu\/"]}]},{"@type":"ImageObject","inLanguage":"hr","@id":"https:\/\/radioljubuski.ba\/index.php\/2021\/12\/29\/cerkez-u-narednih-mjesec-dva-ocekuje-se-dominacija-omikrona-u-odnosu-na-deltu\/#primaryimage","url":"https:\/\/radioljubuski.ba\/wp-content\/uploads\/2021\/03\/TQFJD8yx_cerkez.jpg","contentUrl":"https:\/\/radioljubuski.ba\/wp-content\/uploads\/2021\/03\/TQFJD8yx_cerkez.jpg","width":1000,"height":625},{"@type":"BreadcrumbList","@id":"https:\/\/radioljubuski.ba\/index.php\/2021\/12\/29\/cerkez-u-narednih-mjesec-dva-ocekuje-se-dominacija-omikrona-u-odnosu-na-deltu\/#breadcrumb","itemListElement":[{"@type":"ListItem","position":1,"name":"Po\u010detna stranica","item":"https:\/\/radioljubuski.ba\/"},{"@type":"ListItem","position":2,"name":"\u010cerkez: U narednih mjesec-dva o\u010dekuje se dominacija omikrona u odnosu na deltu"}]},{"@type":"WebSite","@id":"https:\/\/radioljubuski.ba\/#website","url":"https:\/\/radioljubuski.ba\/","name":"Radio Ljubu\u0161ki","description":"Sun\u010dana frekvencija Hercegovine","publisher":{"@id":"https:\/\/radioljubuski.ba\/#organization"},"potentialAction":[{"@type":"SearchAction","target":{"@type":"EntryPoint","urlTemplate":"https:\/\/radioljubuski.ba\/?s={search_term_string}"},"query-input":{"@type":"PropertyValueSpecification","valueRequired":true,"valueName":"search_term_string"}}],"inLanguage":"hr"},{"@type":"Organization","@id":"https:\/\/radioljubuski.ba\/#organization","name":"Radio Ljubu\u0161ki","url":"https:\/\/radioljubuski.ba\/","logo":{"@type":"ImageObject","inLanguage":"hr","@id":"https:\/\/radioljubuski.ba\/#\/schema\/logo\/image\/","url":"https:\/\/radioljubuski.ba\/wp-content\/uploads\/2021\/02\/cropped-Radio_Ljubuski_logo1.jpg","contentUrl":"https:\/\/radioljubuski.ba\/wp-content\/uploads\/2021\/02\/cropped-Radio_Ljubuski_logo1.jpg","width":512,"height":512,"caption":"Radio Ljubu\u0161ki"},"image":{"@id":"https:\/\/radioljubuski.ba\/#\/schema\/logo\/image\/"},"sameAs":["https:\/\/www.facebook.com\/Radiio-Ljubuski-1490835324566332","https:\/\/x.com\/radioljubuski","https:\/\/hr.linkedin.com\/company\/radio-ljubuski","https:\/\/www.youtube.com\/channel\/UCHYaeO_n0Db3tjNGudGpXyw"]},{"@type":"Person","@id":"https:\/\/radioljubuski.ba\/#\/schema\/person\/19fc700381a780f69665d7956c469e3b","name":"Radio Ljubu\u0161ki"}]}},"_links":{"self":[{"href":"https:\/\/radioljubuski.ba\/index.php\/wp-json\/wp\/v2\/posts\/103823","targetHints":{"allow":["GET"]}}],"collection":[{"href":"https:\/\/radioljubuski.ba\/index.php\/wp-json\/wp\/v2\/posts"}],"about":[{"href":"https:\/\/radioljubuski.ba\/index.php\/wp-json\/wp\/v2\/types\/post"}],"author":[{"embeddable":true,"href":"https:\/\/radioljubuski.ba\/index.php\/wp-json\/wp\/v2\/users\/2"}],"replies":[{"embeddable":true,"href":"https:\/\/radioljubuski.ba\/index.php\/wp-json\/wp\/v2\/comments?post=103823"}],"version-history":[{"count":1,"href":"https:\/\/radioljubuski.ba\/index.php\/wp-json\/wp\/v2\/posts\/103823\/revisions"}],"predecessor-version":[{"id":103824,"href":"https:\/\/radioljubuski.ba\/index.php\/wp-json\/wp\/v2\/posts\/103823\/revisions\/103824"}],"wp:featuredmedia":[{"embeddable":true,"href":"https:\/\/radioljubuski.ba\/index.php\/wp-json\/wp\/v2\/media\/7512"}],"wp:attachment":[{"href":"https:\/\/radioljubuski.ba\/index.php\/wp-json\/wp\/v2\/media?parent=103823"}],"wp:term":[{"taxonomy":"category","embeddable":true,"href":"https:\/\/radioljubuski.ba\/index.php\/wp-json\/wp\/v2\/categories?post=103823"},{"taxonomy":"post_tag","embeddable":true,"href":"https:\/\/radioljubuski.ba\/index.php\/wp-json\/wp\/v2\/tags?post=103823"}],"curies":[{"name":"wp","href":"https:\/\/api.w.org\/{rel}","templated":true}]}}