{"id":103904,"date":"2021-12-30T11:24:18","date_gmt":"2021-12-30T10:24:18","guid":{"rendered":"https:\/\/radioljubuski.ba\/?p=103904"},"modified":"2021-12-30T11:24:19","modified_gmt":"2021-12-30T10:24:19","slug":"institut-za-zdravlje-pedijatrijske-bolnice-bambino-gesu-u-vlasnistvu-svete-stolice-preporucio-cijepljenje-djece","status":"publish","type":"post","link":"https:\/\/radioljubuski.ba\/index.php\/2021\/12\/30\/institut-za-zdravlje-pedijatrijske-bolnice-bambino-gesu-u-vlasnistvu-svete-stolice-preporucio-cijepljenje-djece\/","title":{"rendered":"Institut za zdravlje pedijatrijske bolnice Bambino Ges\u00f9 u vlasni\u0161tvu Svete Stolice preporu\u010dio cijepljenje djece"},"content":{"rendered":"\n<p>\u201cCijepljenje protiv COVID-19 \u0161titi djecu od zaraze, a prije svega od bolesti koja mo\u017ee nastupiti navodi se u A scuola di salute (hrv. U \u0161koli zdravlja), digitalnom \u010dasopisu koji ure\u0111uje Institut za zdravlje pedijatrijske bolnice Bambino Ges\u00f9 u vlasni\u0161tvu Svete Stolice, koji vodi prof. Alberto G. Ugazio. U novome broju, koji se mo\u017ee prona\u0107i online na <a href=\"https:\/\/www.ospedalebambinogesu.it\/\">www.ospedalebambinogesu.it<\/a> (PDF format na talijanskom), pronalaz stru\u010dnjaci su odgovarali na nedoumice i pitanja roditelja na temu cijepljenja, s posebnim osvrtom na dobnu skupinu izme\u0111u 5 i 11 godina.<\/p>\n\n\n\n<p>Lije\u010dnici isti\u010du da, iako djeca i mladi obolijevaju rje\u0111e od odraslih, postoji mogu\u0107nost da se to dogodi i da virus prenesu na druge. \u201cSigurnost i djelotvornost cjepiva \u2013 ponavljaju stru\u010dnjaci \u2013 tako\u0111er je pa\u017eljivo pra\u0107ena u studijama u dobnoj skupini od 5 do 11 godina\u201d.<\/p>\n\n\n\n<p>U novom broju A scuola di salute obra\u0111uju se razli\u010dite teme: kako novo cjepivo djeluje na djecu i kako op\u0107enito djeluju mRNA cjepiva, u\u010dinkovitost za\u0161tite od virusa i njegovih varijanti, u\u010dinci bolesti na djecu, od MIS-C do Long-Covida, uloga djece u imunitetu skupine, kako funkcionira testiranje cjepiva i kako se osigurava sigurnost, koja su druga cjepiva koja se proizvode za djecu izme\u0111u 5 i 11 godina.<\/p>\n\n\n\n<p>Na koncu, tu je i popis odgovora na naj\u010de\u0161\u0107e postavljana pitanja roditelja. \u201cCijepljenje je ve\u0107 dugo naju\u010dinkovitija i najsigurnija preventivna medicinska mjera protiv zaraznih bolesti \u2013 obja\u0161njava profesor Alberto G. Ugazio \u2013 Nova cjepiva protiv SARSCoV-2 koronavirusa, koja se temelje na potpuno inovativnim tehnologijama, rezultat su istra\u017eivanja bez presedana u ljudskoj povijesti. U manje od dvije godine identificirana su, testirana i kori\u0161tena cjepiva koja su omogu\u0107ila suzbijanje jedne od najgorih pandemija posljednjih stolje\u0107a\u201d.<\/p>\n\n\n\n<p>Ravnateljica pedijatrijske bolnice Bambino Ges\u00f9 Mariella Enoc isti\u010de da je \u201cbitno u\u010diniti sve kako bi \u0161kole ostale otvorene u nadolaze\u0107im mjesecima, da se nastava odvija redovito. Djeca, osobito najmla\u0111a i najkrhkija, posljednjih mjeseci previ\u0161e su patila zbog uvjeta zatvaranja. Me\u0111utim, moramo nastaviti s cijepljenjem maloljetnika kako bismo ih za\u0161titili od bolesti i sprije\u010dili \u0161irenje virusa\u201d, rekla je za Vatican News.<\/p>\n\n\n\n<p>Izvor.pogled.ba<\/p>\n","protected":false},"excerpt":{"rendered":"<p>\u201cCijepljenje protiv COVID-19 \u0161titi djecu od zaraze, a prije svega od bolesti koja mo\u017ee nastupiti navodi se u A scuola di salute (hrv. U \u0161koli zdravlja), digitalnom \u010dasopisu koji ure\u0111uje Institut za zdravlje pedijatrijske bolnice Bambino Ges\u00f9 u vlasni\u0161tvu Svete Stolice, koji vodi prof. Alberto G. Ugazio. U novome broju, koji se mo\u017ee prona\u0107i online [&hellip;]<\/p>\n","protected":false},"author":2,"featured_media":99551,"comment_status":"closed","ping_status":"closed","sticky":false,"template":"","format":"standard","meta":{"h5ap_radio_sources":[],"footnotes":""},"categories":[1],"tags":[],"class_list":["post-103904","post","type-post","status-publish","format-standard","has-post-thumbnail","hentry","category-bihiregija"],"yoast_head":"<!-- This site is optimized with the Yoast SEO plugin v27.5 - https:\/\/yoast.com\/product\/yoast-seo-wordpress\/ -->\n<title>Institut za zdravlje pedijatrijske bolnice Bambino Ges\u00f9 u vlasni\u0161tvu Svete Stolice preporu\u010dio cijepljenje djece - RADIO LJUBU\u0160KI<\/title>\n<meta name=\"robots\" content=\"index, follow, max-snippet:-1, max-image-preview:large, max-video-preview:-1\" \/>\n<link rel=\"canonical\" href=\"https:\/\/radioljubuski.ba\/index.php\/2021\/12\/30\/institut-za-zdravlje-pedijatrijske-bolnice-bambino-gesu-u-vlasnistvu-svete-stolice-preporucio-cijepljenje-djece\/\" \/>\n<meta property=\"og:locale\" content=\"hr_HR\" \/>\n<meta property=\"og:type\" content=\"article\" \/>\n<meta property=\"og:title\" content=\"Institut za zdravlje pedijatrijske bolnice Bambino Ges\u00f9 u vlasni\u0161tvu Svete Stolice preporu\u010dio cijepljenje djece - RADIO LJUBU\u0160KI\" \/>\n<meta property=\"og:description\" content=\"\u201cCijepljenje protiv COVID-19 \u0161titi djecu od zaraze, a prije svega od bolesti koja mo\u017ee nastupiti navodi se u A scuola di salute (hrv. U \u0161koli zdravlja), digitalnom \u010dasopisu koji ure\u0111uje Institut za zdravlje pedijatrijske bolnice Bambino Ges\u00f9 u vlasni\u0161tvu Svete Stolice, koji vodi prof. Alberto G. Ugazio. U novome broju, koji se mo\u017ee prona\u0107i online [&hellip;]\" \/>\n<meta property=\"og:url\" content=\"https:\/\/radioljubuski.ba\/index.php\/2021\/12\/30\/institut-za-zdravlje-pedijatrijske-bolnice-bambino-gesu-u-vlasnistvu-svete-stolice-preporucio-cijepljenje-djece\/\" \/>\n<meta property=\"og:site_name\" content=\"RADIO LJUBU\u0160KI\" \/>\n<meta property=\"article:publisher\" content=\"https:\/\/www.facebook.com\/Radiio-Ljubuski-1490835324566332\" \/>\n<meta property=\"article:published_time\" content=\"2021-12-30T10:24:18+00:00\" \/>\n<meta property=\"article:modified_time\" content=\"2021-12-30T10:24:19+00:00\" \/>\n<meta property=\"og:image\" content=\"https:\/\/radioljubuski.ba\/wp-content\/uploads\/2021\/12\/8-2021-11-30-11-44-49-CJEPIVO-CIJEPLJENJE.jpg\" \/>\n\t<meta property=\"og:image:width\" content=\"1000\" \/>\n\t<meta property=\"og:image:height\" content=\"625\" \/>\n\t<meta property=\"og:image:type\" content=\"image\/jpeg\" \/>\n<meta name=\"author\" content=\"Radio Ljubu\u0161ki\" \/>\n<meta name=\"twitter:card\" content=\"summary_large_image\" \/>\n<meta name=\"twitter:creator\" content=\"@radioljubuski\" \/>\n<meta name=\"twitter:site\" content=\"@radioljubuski\" \/>\n<meta name=\"twitter:label1\" content=\"Napisao\/la\" \/>\n\t<meta name=\"twitter:data1\" content=\"Radio Ljubu\u0161ki\" \/>\n\t<meta name=\"twitter:label2\" content=\"Procijenjeno vrijeme \u010ditanja\" \/>\n\t<meta name=\"twitter:data2\" content=\"2 minute\" \/>\n<script type=\"application\/ld+json\" class=\"yoast-schema-graph\">{\"@context\":\"https:\\\/\\\/schema.org\",\"@graph\":[{\"@type\":\"Article\",\"@id\":\"https:\\\/\\\/radioljubuski.ba\\\/index.php\\\/2021\\\/12\\\/30\\\/institut-za-zdravlje-pedijatrijske-bolnice-bambino-gesu-u-vlasnistvu-svete-stolice-preporucio-cijepljenje-djece\\\/#article\",\"isPartOf\":{\"@id\":\"https:\\\/\\\/radioljubuski.ba\\\/index.php\\\/2021\\\/12\\\/30\\\/institut-za-zdravlje-pedijatrijske-bolnice-bambino-gesu-u-vlasnistvu-svete-stolice-preporucio-cijepljenje-djece\\\/\"},\"author\":{\"name\":\"Radio Ljubu\u0161ki\",\"@id\":\"https:\\\/\\\/radioljubuski.ba\\\/#\\\/schema\\\/person\\\/19fc700381a780f69665d7956c469e3b\"},\"headline\":\"Institut za zdravlje pedijatrijske bolnice Bambino Ges\u00f9 u vlasni\u0161tvu Svete Stolice preporu\u010dio cijepljenje djece\",\"datePublished\":\"2021-12-30T10:24:18+00:00\",\"dateModified\":\"2021-12-30T10:24:19+00:00\",\"mainEntityOfPage\":{\"@id\":\"https:\\\/\\\/radioljubuski.ba\\\/index.php\\\/2021\\\/12\\\/30\\\/institut-za-zdravlje-pedijatrijske-bolnice-bambino-gesu-u-vlasnistvu-svete-stolice-preporucio-cijepljenje-djece\\\/\"},\"wordCount\":377,\"publisher\":{\"@id\":\"https:\\\/\\\/radioljubuski.ba\\\/#organization\"},\"image\":{\"@id\":\"https:\\\/\\\/radioljubuski.ba\\\/index.php\\\/2021\\\/12\\\/30\\\/institut-za-zdravlje-pedijatrijske-bolnice-bambino-gesu-u-vlasnistvu-svete-stolice-preporucio-cijepljenje-djece\\\/#primaryimage\"},\"thumbnailUrl\":\"https:\\\/\\\/radioljubuski.ba\\\/wp-content\\\/uploads\\\/2021\\\/12\\\/8-2021-11-30-11-44-49-CJEPIVO-CIJEPLJENJE.jpg\",\"articleSection\":[\"BIH i regija\"],\"inLanguage\":\"hr\"},{\"@type\":\"WebPage\",\"@id\":\"https:\\\/\\\/radioljubuski.ba\\\/index.php\\\/2021\\\/12\\\/30\\\/institut-za-zdravlje-pedijatrijske-bolnice-bambino-gesu-u-vlasnistvu-svete-stolice-preporucio-cijepljenje-djece\\\/\",\"url\":\"https:\\\/\\\/radioljubuski.ba\\\/index.php\\\/2021\\\/12\\\/30\\\/institut-za-zdravlje-pedijatrijske-bolnice-bambino-gesu-u-vlasnistvu-svete-stolice-preporucio-cijepljenje-djece\\\/\",\"name\":\"Institut za zdravlje pedijatrijske bolnice Bambino Ges\u00f9 u vlasni\u0161tvu Svete Stolice preporu\u010dio cijepljenje djece - RADIO LJUBU\u0160KI\",\"isPartOf\":{\"@id\":\"https:\\\/\\\/radioljubuski.ba\\\/#website\"},\"primaryImageOfPage\":{\"@id\":\"https:\\\/\\\/radioljubuski.ba\\\/index.php\\\/2021\\\/12\\\/30\\\/institut-za-zdravlje-pedijatrijske-bolnice-bambino-gesu-u-vlasnistvu-svete-stolice-preporucio-cijepljenje-djece\\\/#primaryimage\"},\"image\":{\"@id\":\"https:\\\/\\\/radioljubuski.ba\\\/index.php\\\/2021\\\/12\\\/30\\\/institut-za-zdravlje-pedijatrijske-bolnice-bambino-gesu-u-vlasnistvu-svete-stolice-preporucio-cijepljenje-djece\\\/#primaryimage\"},\"thumbnailUrl\":\"https:\\\/\\\/radioljubuski.ba\\\/wp-content\\\/uploads\\\/2021\\\/12\\\/8-2021-11-30-11-44-49-CJEPIVO-CIJEPLJENJE.jpg\",\"datePublished\":\"2021-12-30T10:24:18+00:00\",\"dateModified\":\"2021-12-30T10:24:19+00:00\",\"breadcrumb\":{\"@id\":\"https:\\\/\\\/radioljubuski.ba\\\/index.php\\\/2021\\\/12\\\/30\\\/institut-za-zdravlje-pedijatrijske-bolnice-bambino-gesu-u-vlasnistvu-svete-stolice-preporucio-cijepljenje-djece\\\/#breadcrumb\"},\"inLanguage\":\"hr\",\"potentialAction\":[{\"@type\":\"ReadAction\",\"target\":[\"https:\\\/\\\/radioljubuski.ba\\\/index.php\\\/2021\\\/12\\\/30\\\/institut-za-zdravlje-pedijatrijske-bolnice-bambino-gesu-u-vlasnistvu-svete-stolice-preporucio-cijepljenje-djece\\\/\"]}]},{\"@type\":\"ImageObject\",\"inLanguage\":\"hr\",\"@id\":\"https:\\\/\\\/radioljubuski.ba\\\/index.php\\\/2021\\\/12\\\/30\\\/institut-za-zdravlje-pedijatrijske-bolnice-bambino-gesu-u-vlasnistvu-svete-stolice-preporucio-cijepljenje-djece\\\/#primaryimage\",\"url\":\"https:\\\/\\\/radioljubuski.ba\\\/wp-content\\\/uploads\\\/2021\\\/12\\\/8-2021-11-30-11-44-49-CJEPIVO-CIJEPLJENJE.jpg\",\"contentUrl\":\"https:\\\/\\\/radioljubuski.ba\\\/wp-content\\\/uploads\\\/2021\\\/12\\\/8-2021-11-30-11-44-49-CJEPIVO-CIJEPLJENJE.jpg\",\"width\":1000,\"height\":625},{\"@type\":\"BreadcrumbList\",\"@id\":\"https:\\\/\\\/radioljubuski.ba\\\/index.php\\\/2021\\\/12\\\/30\\\/institut-za-zdravlje-pedijatrijske-bolnice-bambino-gesu-u-vlasnistvu-svete-stolice-preporucio-cijepljenje-djece\\\/#breadcrumb\",\"itemListElement\":[{\"@type\":\"ListItem\",\"position\":1,\"name\":\"Po\u010detna stranica\",\"item\":\"https:\\\/\\\/radioljubuski.ba\\\/\"},{\"@type\":\"ListItem\",\"position\":2,\"name\":\"Institut za zdravlje pedijatrijske bolnice Bambino Ges\u00f9 u vlasni\u0161tvu Svete Stolice preporu\u010dio cijepljenje djece\"}]},{\"@type\":\"WebSite\",\"@id\":\"https:\\\/\\\/radioljubuski.ba\\\/#website\",\"url\":\"https:\\\/\\\/radioljubuski.ba\\\/\",\"name\":\"Radio Ljubu\u0161ki\",\"description\":\"Sun\u010dana frekvencija Hercegovine\",\"publisher\":{\"@id\":\"https:\\\/\\\/radioljubuski.ba\\\/#organization\"},\"potentialAction\":[{\"@type\":\"SearchAction\",\"target\":{\"@type\":\"EntryPoint\",\"urlTemplate\":\"https:\\\/\\\/radioljubuski.ba\\\/?s={search_term_string}\"},\"query-input\":{\"@type\":\"PropertyValueSpecification\",\"valueRequired\":true,\"valueName\":\"search_term_string\"}}],\"inLanguage\":\"hr\"},{\"@type\":\"Organization\",\"@id\":\"https:\\\/\\\/radioljubuski.ba\\\/#organization\",\"name\":\"Radio Ljubu\u0161ki\",\"url\":\"https:\\\/\\\/radioljubuski.ba\\\/\",\"logo\":{\"@type\":\"ImageObject\",\"inLanguage\":\"hr\",\"@id\":\"https:\\\/\\\/radioljubuski.ba\\\/#\\\/schema\\\/logo\\\/image\\\/\",\"url\":\"https:\\\/\\\/radioljubuski.ba\\\/wp-content\\\/uploads\\\/2021\\\/02\\\/cropped-Radio_Ljubuski_logo1.jpg\",\"contentUrl\":\"https:\\\/\\\/radioljubuski.ba\\\/wp-content\\\/uploads\\\/2021\\\/02\\\/cropped-Radio_Ljubuski_logo1.jpg\",\"width\":512,\"height\":512,\"caption\":\"Radio Ljubu\u0161ki\"},\"image\":{\"@id\":\"https:\\\/\\\/radioljubuski.ba\\\/#\\\/schema\\\/logo\\\/image\\\/\"},\"sameAs\":[\"https:\\\/\\\/www.facebook.com\\\/Radiio-Ljubuski-1490835324566332\",\"https:\\\/\\\/x.com\\\/radioljubuski\",\"https:\\\/\\\/hr.linkedin.com\\\/company\\\/radio-ljubuski\",\"https:\\\/\\\/www.youtube.com\\\/channel\\\/UCHYaeO_n0Db3tjNGudGpXyw\"]},{\"@type\":\"Person\",\"@id\":\"https:\\\/\\\/radioljubuski.ba\\\/#\\\/schema\\\/person\\\/19fc700381a780f69665d7956c469e3b\",\"name\":\"Radio Ljubu\u0161ki\"}]}<\/script>\n<!-- \/ Yoast SEO plugin. -->","yoast_head_json":{"title":"Institut za zdravlje pedijatrijske bolnice Bambino Ges\u00f9 u vlasni\u0161tvu Svete Stolice preporu\u010dio cijepljenje djece - RADIO LJUBU\u0160KI","robots":{"index":"index","follow":"follow","max-snippet":"max-snippet:-1","max-image-preview":"max-image-preview:large","max-video-preview":"max-video-preview:-1"},"canonical":"https:\/\/radioljubuski.ba\/index.php\/2021\/12\/30\/institut-za-zdravlje-pedijatrijske-bolnice-bambino-gesu-u-vlasnistvu-svete-stolice-preporucio-cijepljenje-djece\/","og_locale":"hr_HR","og_type":"article","og_title":"Institut za zdravlje pedijatrijske bolnice Bambino Ges\u00f9 u vlasni\u0161tvu Svete Stolice preporu\u010dio cijepljenje djece - RADIO LJUBU\u0160KI","og_description":"\u201cCijepljenje protiv COVID-19 \u0161titi djecu od zaraze, a prije svega od bolesti koja mo\u017ee nastupiti navodi se u A scuola di salute (hrv. U \u0161koli zdravlja), digitalnom \u010dasopisu koji ure\u0111uje Institut za zdravlje pedijatrijske bolnice Bambino Ges\u00f9 u vlasni\u0161tvu Svete Stolice, koji vodi prof. Alberto G. Ugazio. U novome broju, koji se mo\u017ee prona\u0107i online [&hellip;]","og_url":"https:\/\/radioljubuski.ba\/index.php\/2021\/12\/30\/institut-za-zdravlje-pedijatrijske-bolnice-bambino-gesu-u-vlasnistvu-svete-stolice-preporucio-cijepljenje-djece\/","og_site_name":"RADIO LJUBU\u0160KI","article_publisher":"https:\/\/www.facebook.com\/Radiio-Ljubuski-1490835324566332","article_published_time":"2021-12-30T10:24:18+00:00","article_modified_time":"2021-12-30T10:24:19+00:00","og_image":[{"width":1000,"height":625,"url":"https:\/\/radioljubuski.ba\/wp-content\/uploads\/2021\/12\/8-2021-11-30-11-44-49-CJEPIVO-CIJEPLJENJE.jpg","type":"image\/jpeg"}],"author":"Radio Ljubu\u0161ki","twitter_card":"summary_large_image","twitter_creator":"@radioljubuski","twitter_site":"@radioljubuski","twitter_misc":{"Napisao\/la":"Radio Ljubu\u0161ki","Procijenjeno vrijeme \u010ditanja":"2 minute"},"schema":{"@context":"https:\/\/schema.org","@graph":[{"@type":"Article","@id":"https:\/\/radioljubuski.ba\/index.php\/2021\/12\/30\/institut-za-zdravlje-pedijatrijske-bolnice-bambino-gesu-u-vlasnistvu-svete-stolice-preporucio-cijepljenje-djece\/#article","isPartOf":{"@id":"https:\/\/radioljubuski.ba\/index.php\/2021\/12\/30\/institut-za-zdravlje-pedijatrijske-bolnice-bambino-gesu-u-vlasnistvu-svete-stolice-preporucio-cijepljenje-djece\/"},"author":{"name":"Radio Ljubu\u0161ki","@id":"https:\/\/radioljubuski.ba\/#\/schema\/person\/19fc700381a780f69665d7956c469e3b"},"headline":"Institut za zdravlje pedijatrijske bolnice Bambino Ges\u00f9 u vlasni\u0161tvu Svete Stolice preporu\u010dio cijepljenje djece","datePublished":"2021-12-30T10:24:18+00:00","dateModified":"2021-12-30T10:24:19+00:00","mainEntityOfPage":{"@id":"https:\/\/radioljubuski.ba\/index.php\/2021\/12\/30\/institut-za-zdravlje-pedijatrijske-bolnice-bambino-gesu-u-vlasnistvu-svete-stolice-preporucio-cijepljenje-djece\/"},"wordCount":377,"publisher":{"@id":"https:\/\/radioljubuski.ba\/#organization"},"image":{"@id":"https:\/\/radioljubuski.ba\/index.php\/2021\/12\/30\/institut-za-zdravlje-pedijatrijske-bolnice-bambino-gesu-u-vlasnistvu-svete-stolice-preporucio-cijepljenje-djece\/#primaryimage"},"thumbnailUrl":"https:\/\/radioljubuski.ba\/wp-content\/uploads\/2021\/12\/8-2021-11-30-11-44-49-CJEPIVO-CIJEPLJENJE.jpg","articleSection":["BIH i regija"],"inLanguage":"hr"},{"@type":"WebPage","@id":"https:\/\/radioljubuski.ba\/index.php\/2021\/12\/30\/institut-za-zdravlje-pedijatrijske-bolnice-bambino-gesu-u-vlasnistvu-svete-stolice-preporucio-cijepljenje-djece\/","url":"https:\/\/radioljubuski.ba\/index.php\/2021\/12\/30\/institut-za-zdravlje-pedijatrijske-bolnice-bambino-gesu-u-vlasnistvu-svete-stolice-preporucio-cijepljenje-djece\/","name":"Institut za zdravlje pedijatrijske bolnice Bambino Ges\u00f9 u vlasni\u0161tvu Svete Stolice preporu\u010dio cijepljenje djece - RADIO LJUBU\u0160KI","isPartOf":{"@id":"https:\/\/radioljubuski.ba\/#website"},"primaryImageOfPage":{"@id":"https:\/\/radioljubuski.ba\/index.php\/2021\/12\/30\/institut-za-zdravlje-pedijatrijske-bolnice-bambino-gesu-u-vlasnistvu-svete-stolice-preporucio-cijepljenje-djece\/#primaryimage"},"image":{"@id":"https:\/\/radioljubuski.ba\/index.php\/2021\/12\/30\/institut-za-zdravlje-pedijatrijske-bolnice-bambino-gesu-u-vlasnistvu-svete-stolice-preporucio-cijepljenje-djece\/#primaryimage"},"thumbnailUrl":"https:\/\/radioljubuski.ba\/wp-content\/uploads\/2021\/12\/8-2021-11-30-11-44-49-CJEPIVO-CIJEPLJENJE.jpg","datePublished":"2021-12-30T10:24:18+00:00","dateModified":"2021-12-30T10:24:19+00:00","breadcrumb":{"@id":"https:\/\/radioljubuski.ba\/index.php\/2021\/12\/30\/institut-za-zdravlje-pedijatrijske-bolnice-bambino-gesu-u-vlasnistvu-svete-stolice-preporucio-cijepljenje-djece\/#breadcrumb"},"inLanguage":"hr","potentialAction":[{"@type":"ReadAction","target":["https:\/\/radioljubuski.ba\/index.php\/2021\/12\/30\/institut-za-zdravlje-pedijatrijske-bolnice-bambino-gesu-u-vlasnistvu-svete-stolice-preporucio-cijepljenje-djece\/"]}]},{"@type":"ImageObject","inLanguage":"hr","@id":"https:\/\/radioljubuski.ba\/index.php\/2021\/12\/30\/institut-za-zdravlje-pedijatrijske-bolnice-bambino-gesu-u-vlasnistvu-svete-stolice-preporucio-cijepljenje-djece\/#primaryimage","url":"https:\/\/radioljubuski.ba\/wp-content\/uploads\/2021\/12\/8-2021-11-30-11-44-49-CJEPIVO-CIJEPLJENJE.jpg","contentUrl":"https:\/\/radioljubuski.ba\/wp-content\/uploads\/2021\/12\/8-2021-11-30-11-44-49-CJEPIVO-CIJEPLJENJE.jpg","width":1000,"height":625},{"@type":"BreadcrumbList","@id":"https:\/\/radioljubuski.ba\/index.php\/2021\/12\/30\/institut-za-zdravlje-pedijatrijske-bolnice-bambino-gesu-u-vlasnistvu-svete-stolice-preporucio-cijepljenje-djece\/#breadcrumb","itemListElement":[{"@type":"ListItem","position":1,"name":"Po\u010detna stranica","item":"https:\/\/radioljubuski.ba\/"},{"@type":"ListItem","position":2,"name":"Institut za zdravlje pedijatrijske bolnice Bambino Ges\u00f9 u vlasni\u0161tvu Svete Stolice preporu\u010dio cijepljenje djece"}]},{"@type":"WebSite","@id":"https:\/\/radioljubuski.ba\/#website","url":"https:\/\/radioljubuski.ba\/","name":"Radio Ljubu\u0161ki","description":"Sun\u010dana frekvencija Hercegovine","publisher":{"@id":"https:\/\/radioljubuski.ba\/#organization"},"potentialAction":[{"@type":"SearchAction","target":{"@type":"EntryPoint","urlTemplate":"https:\/\/radioljubuski.ba\/?s={search_term_string}"},"query-input":{"@type":"PropertyValueSpecification","valueRequired":true,"valueName":"search_term_string"}}],"inLanguage":"hr"},{"@type":"Organization","@id":"https:\/\/radioljubuski.ba\/#organization","name":"Radio Ljubu\u0161ki","url":"https:\/\/radioljubuski.ba\/","logo":{"@type":"ImageObject","inLanguage":"hr","@id":"https:\/\/radioljubuski.ba\/#\/schema\/logo\/image\/","url":"https:\/\/radioljubuski.ba\/wp-content\/uploads\/2021\/02\/cropped-Radio_Ljubuski_logo1.jpg","contentUrl":"https:\/\/radioljubuski.ba\/wp-content\/uploads\/2021\/02\/cropped-Radio_Ljubuski_logo1.jpg","width":512,"height":512,"caption":"Radio Ljubu\u0161ki"},"image":{"@id":"https:\/\/radioljubuski.ba\/#\/schema\/logo\/image\/"},"sameAs":["https:\/\/www.facebook.com\/Radiio-Ljubuski-1490835324566332","https:\/\/x.com\/radioljubuski","https:\/\/hr.linkedin.com\/company\/radio-ljubuski","https:\/\/www.youtube.com\/channel\/UCHYaeO_n0Db3tjNGudGpXyw"]},{"@type":"Person","@id":"https:\/\/radioljubuski.ba\/#\/schema\/person\/19fc700381a780f69665d7956c469e3b","name":"Radio Ljubu\u0161ki"}]}},"_links":{"self":[{"href":"https:\/\/radioljubuski.ba\/index.php\/wp-json\/wp\/v2\/posts\/103904","targetHints":{"allow":["GET"]}}],"collection":[{"href":"https:\/\/radioljubuski.ba\/index.php\/wp-json\/wp\/v2\/posts"}],"about":[{"href":"https:\/\/radioljubuski.ba\/index.php\/wp-json\/wp\/v2\/types\/post"}],"author":[{"embeddable":true,"href":"https:\/\/radioljubuski.ba\/index.php\/wp-json\/wp\/v2\/users\/2"}],"replies":[{"embeddable":true,"href":"https:\/\/radioljubuski.ba\/index.php\/wp-json\/wp\/v2\/comments?post=103904"}],"version-history":[{"count":1,"href":"https:\/\/radioljubuski.ba\/index.php\/wp-json\/wp\/v2\/posts\/103904\/revisions"}],"predecessor-version":[{"id":103905,"href":"https:\/\/radioljubuski.ba\/index.php\/wp-json\/wp\/v2\/posts\/103904\/revisions\/103905"}],"wp:featuredmedia":[{"embeddable":true,"href":"https:\/\/radioljubuski.ba\/index.php\/wp-json\/wp\/v2\/media\/99551"}],"wp:attachment":[{"href":"https:\/\/radioljubuski.ba\/index.php\/wp-json\/wp\/v2\/media?parent=103904"}],"wp:term":[{"taxonomy":"category","embeddable":true,"href":"https:\/\/radioljubuski.ba\/index.php\/wp-json\/wp\/v2\/categories?post=103904"},{"taxonomy":"post_tag","embeddable":true,"href":"https:\/\/radioljubuski.ba\/index.php\/wp-json\/wp\/v2\/tags?post=103904"}],"curies":[{"name":"wp","href":"https:\/\/api.w.org\/{rel}","templated":true}]}}