{"id":103908,"date":"2021-12-30T11:26:24","date_gmt":"2021-12-30T10:26:24","guid":{"rendered":"https:\/\/radioljubuski.ba\/?p=103908"},"modified":"2021-12-30T11:26:25","modified_gmt":"2021-12-30T10:26:25","slug":"tomislav-martinovic-amandmanima-zelimo-sprijeciti-veliki-rast-cijena-elektricne-energije-zastupnicki-dom-treba-potvrditi-ono-sto-je-usvojio-dom-naroda","status":"publish","type":"post","link":"https:\/\/radioljubuski.ba\/index.php\/2021\/12\/30\/tomislav-martinovic-amandmanima-zelimo-sprijeciti-veliki-rast-cijena-elektricne-energije-zastupnicki-dom-treba-potvrditi-ono-sto-je-usvojio-dom-naroda\/","title":{"rendered":"Tomislav Martinovi\u0107: Amandmanima \u017eelimo sprije\u010diti veliki rast cijena elektri\u010dne energije, Zastupni\u010dki dom treba potvrditi ono \u0161to je usvojio Dom naroda"},"content":{"rendered":"\n<p>Prijedlog zakona o dopuni Zakona o elektri\u010dnoj energiji u Federaciji BiH na dana\u0161njoj sjednici Doma naroda Federacije BiH kroz amandmane do\u017eivio je promjene, a izaslanici su usvojili akt u kojem se Vladi Federacije BiH nala\u017ee ograni\u010davanje rasta cijena elektri\u010dne energije koje sada mo\u017ee biti maksimalno 20 posto, a ne \u010dak 200 ili 300 posto za gospodarstvo kako je prvotno planirano.&nbsp;<\/p>\n\n\n\n<p>S obzirom da su samo izaslanici SDA bili protiv ovih amandmana, dodatno poja\u0161njenje o tome \u0161to je usvojeno na sjednici smo zatra\u017eili od predsjedavaju\u0107eg Doma naroda FBIH Tomislava Martinovi\u0107a.<\/p>\n\n\n\n<p>-Namjera je bila da se sprije\u010de enormna poskupljenja koja su najavljena. \u017deljeli smo pomo\u0107i gospodarstvu koje je ve\u0107 poslalo jasno poruku kako ne\u0107e podnijeti velika pove\u0107anja cijena elektri\u010dne energije. Sada je na Zastupni\u010dkom domu da prihvati ono \u0161to je usvojio Dom naroda i imaju dva dana da sazovu sjednicu i donesu odluku jer rok je 31. prosinac &#8211; rekao je Martinovi\u0107 za Pogled.ba.<\/p>\n\n\n\n<p>Dodao je kako nema informaciju ho\u0107e li Zastupni\u010dki dom u roku 48 sati uspjeti sazvati sjednicu i potvrditi ono \u0161to je danas usvojio Dom naroda.&nbsp;<\/p>\n\n\n\n<p>-Nadam se da \u0107e to uraditi i poslati jasnu poruku kako stoje uz sve one koji \u0107e vjerojatno ostati bez posla i tvrtki jer ne mogu podnijeti najavljena poskupljenja elektri\u010dne energije &#8211; zaklju\u010dio je Martinovi\u0107 u izjavi za Pogled.ba.<\/p>\n\n\n\n<p>U prijevodu, sada je sve na SDA. Naime, predsjedavaju\u0107i Zastupni\u010dkog doma dolazi iz ove stranke, a s obzirom da su izaslanici u Domu naroda iz SDA glasovali protiv spomenutih amandmana, ostaje za vidjeti ho\u0107e li ova stranka blokirati o\u010dekivanu sjednicu i tako omogu\u0107iti da najavljena poskupljenja stupe na snagu.&nbsp;<\/p>\n\n\n\n<p>Ako se to dogodi, javnosti bi trebalo biti jasno kako je SDA isklju\u010divi krivac za pove\u0107anja cijena elektri\u010dne energije. Imaju 48 sati da poka\u017eu kako \u017eele pomo\u0107i onima koji su ve\u0107 najavili ga\u0161enje tvrtki zbog velikog rasta cijena elektri\u010dne energije. Ili to mo\u017eda ne spada u njihov &#8216;patriotizam&#8217;?<\/p>\n\n\n\n<p>Izvor:pogled.ba<\/p>\n","protected":false},"excerpt":{"rendered":"<p>Prijedlog zakona o dopuni Zakona o elektri\u010dnoj energiji u Federaciji BiH na dana\u0161njoj sjednici Doma naroda Federacije BiH kroz amandmane do\u017eivio je promjene, a izaslanici su usvojili akt u kojem se Vladi Federacije BiH nala\u017ee ograni\u010davanje rasta cijena elektri\u010dne energije koje sada mo\u017ee biti maksimalno 20 posto, a ne \u010dak 200 ili 300 posto za [&hellip;]<\/p>\n","protected":false},"author":2,"featured_media":74802,"comment_status":"closed","ping_status":"closed","sticky":false,"template":"","format":"standard","meta":{"h5ap_radio_sources":[],"footnotes":""},"categories":[1],"tags":[],"class_list":["post-103908","post","type-post","status-publish","format-standard","has-post-thumbnail","hentry","category-bihiregija"],"yoast_head":"<!-- This site is optimized with the Yoast SEO plugin v27.5 - https:\/\/yoast.com\/product\/yoast-seo-wordpress\/ -->\n<title>Tomislav Martinovi\u0107: Amandmanima \u017eelimo sprije\u010diti veliki rast cijena elektri\u010dne energije, Zastupni\u010dki dom treba potvrditi ono \u0161to je usvojio Dom naroda - RADIO LJUBU\u0160KI<\/title>\n<meta name=\"robots\" content=\"index, follow, max-snippet:-1, max-image-preview:large, max-video-preview:-1\" \/>\n<link rel=\"canonical\" href=\"https:\/\/radioljubuski.ba\/index.php\/2021\/12\/30\/tomislav-martinovic-amandmanima-zelimo-sprijeciti-veliki-rast-cijena-elektricne-energije-zastupnicki-dom-treba-potvrditi-ono-sto-je-usvojio-dom-naroda\/\" \/>\n<meta property=\"og:locale\" content=\"hr_HR\" \/>\n<meta property=\"og:type\" content=\"article\" \/>\n<meta property=\"og:title\" content=\"Tomislav Martinovi\u0107: Amandmanima \u017eelimo sprije\u010diti veliki rast cijena elektri\u010dne energije, Zastupni\u010dki dom treba potvrditi ono \u0161to je usvojio Dom naroda - RADIO LJUBU\u0160KI\" \/>\n<meta property=\"og:description\" content=\"Prijedlog zakona o dopuni Zakona o elektri\u010dnoj energiji u Federaciji BiH na dana\u0161njoj sjednici Doma naroda Federacije BiH kroz amandmane do\u017eivio je promjene, a izaslanici su usvojili akt u kojem se Vladi Federacije BiH nala\u017ee ograni\u010davanje rasta cijena elektri\u010dne energije koje sada mo\u017ee biti maksimalno 20 posto, a ne \u010dak 200 ili 300 posto za [&hellip;]\" \/>\n<meta property=\"og:url\" content=\"https:\/\/radioljubuski.ba\/index.php\/2021\/12\/30\/tomislav-martinovic-amandmanima-zelimo-sprijeciti-veliki-rast-cijena-elektricne-energije-zastupnicki-dom-treba-potvrditi-ono-sto-je-usvojio-dom-naroda\/\" \/>\n<meta property=\"og:site_name\" content=\"RADIO LJUBU\u0160KI\" \/>\n<meta property=\"article:publisher\" content=\"https:\/\/www.facebook.com\/Radiio-Ljubuski-1490835324566332\" \/>\n<meta property=\"article:published_time\" content=\"2021-12-30T10:26:24+00:00\" \/>\n<meta property=\"article:modified_time\" content=\"2021-12-30T10:26:25+00:00\" \/>\n<meta property=\"og:image\" content=\"https:\/\/radioljubuski.ba\/wp-content\/uploads\/2021\/10\/7-2021-04-30-16-33-06-Tomislav_Martinovic_300421-1.jpg\" \/>\n\t<meta property=\"og:image:width\" content=\"1000\" \/>\n\t<meta property=\"og:image:height\" content=\"625\" \/>\n\t<meta property=\"og:image:type\" content=\"image\/jpeg\" \/>\n<meta name=\"author\" content=\"Radio Ljubu\u0161ki\" \/>\n<meta name=\"twitter:card\" content=\"summary_large_image\" \/>\n<meta name=\"twitter:creator\" content=\"@radioljubuski\" \/>\n<meta name=\"twitter:site\" content=\"@radioljubuski\" \/>\n<meta name=\"twitter:label1\" content=\"Napisao\/la\" \/>\n\t<meta name=\"twitter:data1\" content=\"Radio Ljubu\u0161ki\" \/>\n\t<meta name=\"twitter:label2\" content=\"Procijenjeno vrijeme \u010ditanja\" \/>\n\t<meta name=\"twitter:data2\" content=\"2 minute\" \/>\n<script type=\"application\/ld+json\" class=\"yoast-schema-graph\">{\"@context\":\"https:\\\/\\\/schema.org\",\"@graph\":[{\"@type\":\"Article\",\"@id\":\"https:\\\/\\\/radioljubuski.ba\\\/index.php\\\/2021\\\/12\\\/30\\\/tomislav-martinovic-amandmanima-zelimo-sprijeciti-veliki-rast-cijena-elektricne-energije-zastupnicki-dom-treba-potvrditi-ono-sto-je-usvojio-dom-naroda\\\/#article\",\"isPartOf\":{\"@id\":\"https:\\\/\\\/radioljubuski.ba\\\/index.php\\\/2021\\\/12\\\/30\\\/tomislav-martinovic-amandmanima-zelimo-sprijeciti-veliki-rast-cijena-elektricne-energije-zastupnicki-dom-treba-potvrditi-ono-sto-je-usvojio-dom-naroda\\\/\"},\"author\":{\"name\":\"Radio Ljubu\u0161ki\",\"@id\":\"https:\\\/\\\/radioljubuski.ba\\\/#\\\/schema\\\/person\\\/19fc700381a780f69665d7956c469e3b\"},\"headline\":\"Tomislav Martinovi\u0107: Amandmanima \u017eelimo sprije\u010diti veliki rast cijena elektri\u010dne energije, Zastupni\u010dki dom treba potvrditi ono \u0161to je usvojio Dom naroda\",\"datePublished\":\"2021-12-30T10:26:24+00:00\",\"dateModified\":\"2021-12-30T10:26:25+00:00\",\"mainEntityOfPage\":{\"@id\":\"https:\\\/\\\/radioljubuski.ba\\\/index.php\\\/2021\\\/12\\\/30\\\/tomislav-martinovic-amandmanima-zelimo-sprijeciti-veliki-rast-cijena-elektricne-energije-zastupnicki-dom-treba-potvrditi-ono-sto-je-usvojio-dom-naroda\\\/\"},\"wordCount\":372,\"publisher\":{\"@id\":\"https:\\\/\\\/radioljubuski.ba\\\/#organization\"},\"image\":{\"@id\":\"https:\\\/\\\/radioljubuski.ba\\\/index.php\\\/2021\\\/12\\\/30\\\/tomislav-martinovic-amandmanima-zelimo-sprijeciti-veliki-rast-cijena-elektricne-energije-zastupnicki-dom-treba-potvrditi-ono-sto-je-usvojio-dom-naroda\\\/#primaryimage\"},\"thumbnailUrl\":\"https:\\\/\\\/radioljubuski.ba\\\/wp-content\\\/uploads\\\/2021\\\/10\\\/7-2021-04-30-16-33-06-Tomislav_Martinovic_300421-1.jpg\",\"articleSection\":[\"BIH i regija\"],\"inLanguage\":\"hr\"},{\"@type\":\"WebPage\",\"@id\":\"https:\\\/\\\/radioljubuski.ba\\\/index.php\\\/2021\\\/12\\\/30\\\/tomislav-martinovic-amandmanima-zelimo-sprijeciti-veliki-rast-cijena-elektricne-energije-zastupnicki-dom-treba-potvrditi-ono-sto-je-usvojio-dom-naroda\\\/\",\"url\":\"https:\\\/\\\/radioljubuski.ba\\\/index.php\\\/2021\\\/12\\\/30\\\/tomislav-martinovic-amandmanima-zelimo-sprijeciti-veliki-rast-cijena-elektricne-energije-zastupnicki-dom-treba-potvrditi-ono-sto-je-usvojio-dom-naroda\\\/\",\"name\":\"Tomislav Martinovi\u0107: Amandmanima \u017eelimo sprije\u010diti veliki rast cijena elektri\u010dne energije, Zastupni\u010dki dom treba potvrditi ono \u0161to je usvojio Dom naroda - RADIO LJUBU\u0160KI\",\"isPartOf\":{\"@id\":\"https:\\\/\\\/radioljubuski.ba\\\/#website\"},\"primaryImageOfPage\":{\"@id\":\"https:\\\/\\\/radioljubuski.ba\\\/index.php\\\/2021\\\/12\\\/30\\\/tomislav-martinovic-amandmanima-zelimo-sprijeciti-veliki-rast-cijena-elektricne-energije-zastupnicki-dom-treba-potvrditi-ono-sto-je-usvojio-dom-naroda\\\/#primaryimage\"},\"image\":{\"@id\":\"https:\\\/\\\/radioljubuski.ba\\\/index.php\\\/2021\\\/12\\\/30\\\/tomislav-martinovic-amandmanima-zelimo-sprijeciti-veliki-rast-cijena-elektricne-energije-zastupnicki-dom-treba-potvrditi-ono-sto-je-usvojio-dom-naroda\\\/#primaryimage\"},\"thumbnailUrl\":\"https:\\\/\\\/radioljubuski.ba\\\/wp-content\\\/uploads\\\/2021\\\/10\\\/7-2021-04-30-16-33-06-Tomislav_Martinovic_300421-1.jpg\",\"datePublished\":\"2021-12-30T10:26:24+00:00\",\"dateModified\":\"2021-12-30T10:26:25+00:00\",\"breadcrumb\":{\"@id\":\"https:\\\/\\\/radioljubuski.ba\\\/index.php\\\/2021\\\/12\\\/30\\\/tomislav-martinovic-amandmanima-zelimo-sprijeciti-veliki-rast-cijena-elektricne-energije-zastupnicki-dom-treba-potvrditi-ono-sto-je-usvojio-dom-naroda\\\/#breadcrumb\"},\"inLanguage\":\"hr\",\"potentialAction\":[{\"@type\":\"ReadAction\",\"target\":[\"https:\\\/\\\/radioljubuski.ba\\\/index.php\\\/2021\\\/12\\\/30\\\/tomislav-martinovic-amandmanima-zelimo-sprijeciti-veliki-rast-cijena-elektricne-energije-zastupnicki-dom-treba-potvrditi-ono-sto-je-usvojio-dom-naroda\\\/\"]}]},{\"@type\":\"ImageObject\",\"inLanguage\":\"hr\",\"@id\":\"https:\\\/\\\/radioljubuski.ba\\\/index.php\\\/2021\\\/12\\\/30\\\/tomislav-martinovic-amandmanima-zelimo-sprijeciti-veliki-rast-cijena-elektricne-energije-zastupnicki-dom-treba-potvrditi-ono-sto-je-usvojio-dom-naroda\\\/#primaryimage\",\"url\":\"https:\\\/\\\/radioljubuski.ba\\\/wp-content\\\/uploads\\\/2021\\\/10\\\/7-2021-04-30-16-33-06-Tomislav_Martinovic_300421-1.jpg\",\"contentUrl\":\"https:\\\/\\\/radioljubuski.ba\\\/wp-content\\\/uploads\\\/2021\\\/10\\\/7-2021-04-30-16-33-06-Tomislav_Martinovic_300421-1.jpg\",\"width\":1000,\"height\":625},{\"@type\":\"BreadcrumbList\",\"@id\":\"https:\\\/\\\/radioljubuski.ba\\\/index.php\\\/2021\\\/12\\\/30\\\/tomislav-martinovic-amandmanima-zelimo-sprijeciti-veliki-rast-cijena-elektricne-energije-zastupnicki-dom-treba-potvrditi-ono-sto-je-usvojio-dom-naroda\\\/#breadcrumb\",\"itemListElement\":[{\"@type\":\"ListItem\",\"position\":1,\"name\":\"Po\u010detna stranica\",\"item\":\"https:\\\/\\\/radioljubuski.ba\\\/\"},{\"@type\":\"ListItem\",\"position\":2,\"name\":\"Tomislav Martinovi\u0107: Amandmanima \u017eelimo sprije\u010diti veliki rast cijena elektri\u010dne energije, Zastupni\u010dki dom treba potvrditi ono \u0161to je usvojio Dom naroda\"}]},{\"@type\":\"WebSite\",\"@id\":\"https:\\\/\\\/radioljubuski.ba\\\/#website\",\"url\":\"https:\\\/\\\/radioljubuski.ba\\\/\",\"name\":\"Radio Ljubu\u0161ki\",\"description\":\"Sun\u010dana frekvencija Hercegovine\",\"publisher\":{\"@id\":\"https:\\\/\\\/radioljubuski.ba\\\/#organization\"},\"potentialAction\":[{\"@type\":\"SearchAction\",\"target\":{\"@type\":\"EntryPoint\",\"urlTemplate\":\"https:\\\/\\\/radioljubuski.ba\\\/?s={search_term_string}\"},\"query-input\":{\"@type\":\"PropertyValueSpecification\",\"valueRequired\":true,\"valueName\":\"search_term_string\"}}],\"inLanguage\":\"hr\"},{\"@type\":\"Organization\",\"@id\":\"https:\\\/\\\/radioljubuski.ba\\\/#organization\",\"name\":\"Radio Ljubu\u0161ki\",\"url\":\"https:\\\/\\\/radioljubuski.ba\\\/\",\"logo\":{\"@type\":\"ImageObject\",\"inLanguage\":\"hr\",\"@id\":\"https:\\\/\\\/radioljubuski.ba\\\/#\\\/schema\\\/logo\\\/image\\\/\",\"url\":\"https:\\\/\\\/radioljubuski.ba\\\/wp-content\\\/uploads\\\/2021\\\/02\\\/cropped-Radio_Ljubuski_logo1.jpg\",\"contentUrl\":\"https:\\\/\\\/radioljubuski.ba\\\/wp-content\\\/uploads\\\/2021\\\/02\\\/cropped-Radio_Ljubuski_logo1.jpg\",\"width\":512,\"height\":512,\"caption\":\"Radio Ljubu\u0161ki\"},\"image\":{\"@id\":\"https:\\\/\\\/radioljubuski.ba\\\/#\\\/schema\\\/logo\\\/image\\\/\"},\"sameAs\":[\"https:\\\/\\\/www.facebook.com\\\/Radiio-Ljubuski-1490835324566332\",\"https:\\\/\\\/x.com\\\/radioljubuski\",\"https:\\\/\\\/hr.linkedin.com\\\/company\\\/radio-ljubuski\",\"https:\\\/\\\/www.youtube.com\\\/channel\\\/UCHYaeO_n0Db3tjNGudGpXyw\"]},{\"@type\":\"Person\",\"@id\":\"https:\\\/\\\/radioljubuski.ba\\\/#\\\/schema\\\/person\\\/19fc700381a780f69665d7956c469e3b\",\"name\":\"Radio Ljubu\u0161ki\"}]}<\/script>\n<!-- \/ Yoast SEO plugin. -->","yoast_head_json":{"title":"Tomislav Martinovi\u0107: Amandmanima \u017eelimo sprije\u010diti veliki rast cijena elektri\u010dne energije, Zastupni\u010dki dom treba potvrditi ono \u0161to je usvojio Dom naroda - RADIO LJUBU\u0160KI","robots":{"index":"index","follow":"follow","max-snippet":"max-snippet:-1","max-image-preview":"max-image-preview:large","max-video-preview":"max-video-preview:-1"},"canonical":"https:\/\/radioljubuski.ba\/index.php\/2021\/12\/30\/tomislav-martinovic-amandmanima-zelimo-sprijeciti-veliki-rast-cijena-elektricne-energije-zastupnicki-dom-treba-potvrditi-ono-sto-je-usvojio-dom-naroda\/","og_locale":"hr_HR","og_type":"article","og_title":"Tomislav Martinovi\u0107: Amandmanima \u017eelimo sprije\u010diti veliki rast cijena elektri\u010dne energije, Zastupni\u010dki dom treba potvrditi ono \u0161to je usvojio Dom naroda - RADIO LJUBU\u0160KI","og_description":"Prijedlog zakona o dopuni Zakona o elektri\u010dnoj energiji u Federaciji BiH na dana\u0161njoj sjednici Doma naroda Federacije BiH kroz amandmane do\u017eivio je promjene, a izaslanici su usvojili akt u kojem se Vladi Federacije BiH nala\u017ee ograni\u010davanje rasta cijena elektri\u010dne energije koje sada mo\u017ee biti maksimalno 20 posto, a ne \u010dak 200 ili 300 posto za [&hellip;]","og_url":"https:\/\/radioljubuski.ba\/index.php\/2021\/12\/30\/tomislav-martinovic-amandmanima-zelimo-sprijeciti-veliki-rast-cijena-elektricne-energije-zastupnicki-dom-treba-potvrditi-ono-sto-je-usvojio-dom-naroda\/","og_site_name":"RADIO LJUBU\u0160KI","article_publisher":"https:\/\/www.facebook.com\/Radiio-Ljubuski-1490835324566332","article_published_time":"2021-12-30T10:26:24+00:00","article_modified_time":"2021-12-30T10:26:25+00:00","og_image":[{"width":1000,"height":625,"url":"https:\/\/radioljubuski.ba\/wp-content\/uploads\/2021\/10\/7-2021-04-30-16-33-06-Tomislav_Martinovic_300421-1.jpg","type":"image\/jpeg"}],"author":"Radio Ljubu\u0161ki","twitter_card":"summary_large_image","twitter_creator":"@radioljubuski","twitter_site":"@radioljubuski","twitter_misc":{"Napisao\/la":"Radio Ljubu\u0161ki","Procijenjeno vrijeme \u010ditanja":"2 minute"},"schema":{"@context":"https:\/\/schema.org","@graph":[{"@type":"Article","@id":"https:\/\/radioljubuski.ba\/index.php\/2021\/12\/30\/tomislav-martinovic-amandmanima-zelimo-sprijeciti-veliki-rast-cijena-elektricne-energije-zastupnicki-dom-treba-potvrditi-ono-sto-je-usvojio-dom-naroda\/#article","isPartOf":{"@id":"https:\/\/radioljubuski.ba\/index.php\/2021\/12\/30\/tomislav-martinovic-amandmanima-zelimo-sprijeciti-veliki-rast-cijena-elektricne-energije-zastupnicki-dom-treba-potvrditi-ono-sto-je-usvojio-dom-naroda\/"},"author":{"name":"Radio Ljubu\u0161ki","@id":"https:\/\/radioljubuski.ba\/#\/schema\/person\/19fc700381a780f69665d7956c469e3b"},"headline":"Tomislav Martinovi\u0107: Amandmanima \u017eelimo sprije\u010diti veliki rast cijena elektri\u010dne energije, Zastupni\u010dki dom treba potvrditi ono \u0161to je usvojio Dom naroda","datePublished":"2021-12-30T10:26:24+00:00","dateModified":"2021-12-30T10:26:25+00:00","mainEntityOfPage":{"@id":"https:\/\/radioljubuski.ba\/index.php\/2021\/12\/30\/tomislav-martinovic-amandmanima-zelimo-sprijeciti-veliki-rast-cijena-elektricne-energije-zastupnicki-dom-treba-potvrditi-ono-sto-je-usvojio-dom-naroda\/"},"wordCount":372,"publisher":{"@id":"https:\/\/radioljubuski.ba\/#organization"},"image":{"@id":"https:\/\/radioljubuski.ba\/index.php\/2021\/12\/30\/tomislav-martinovic-amandmanima-zelimo-sprijeciti-veliki-rast-cijena-elektricne-energije-zastupnicki-dom-treba-potvrditi-ono-sto-je-usvojio-dom-naroda\/#primaryimage"},"thumbnailUrl":"https:\/\/radioljubuski.ba\/wp-content\/uploads\/2021\/10\/7-2021-04-30-16-33-06-Tomislav_Martinovic_300421-1.jpg","articleSection":["BIH i regija"],"inLanguage":"hr"},{"@type":"WebPage","@id":"https:\/\/radioljubuski.ba\/index.php\/2021\/12\/30\/tomislav-martinovic-amandmanima-zelimo-sprijeciti-veliki-rast-cijena-elektricne-energije-zastupnicki-dom-treba-potvrditi-ono-sto-je-usvojio-dom-naroda\/","url":"https:\/\/radioljubuski.ba\/index.php\/2021\/12\/30\/tomislav-martinovic-amandmanima-zelimo-sprijeciti-veliki-rast-cijena-elektricne-energije-zastupnicki-dom-treba-potvrditi-ono-sto-je-usvojio-dom-naroda\/","name":"Tomislav Martinovi\u0107: Amandmanima \u017eelimo sprije\u010diti veliki rast cijena elektri\u010dne energije, Zastupni\u010dki dom treba potvrditi ono \u0161to je usvojio Dom naroda - RADIO LJUBU\u0160KI","isPartOf":{"@id":"https:\/\/radioljubuski.ba\/#website"},"primaryImageOfPage":{"@id":"https:\/\/radioljubuski.ba\/index.php\/2021\/12\/30\/tomislav-martinovic-amandmanima-zelimo-sprijeciti-veliki-rast-cijena-elektricne-energije-zastupnicki-dom-treba-potvrditi-ono-sto-je-usvojio-dom-naroda\/#primaryimage"},"image":{"@id":"https:\/\/radioljubuski.ba\/index.php\/2021\/12\/30\/tomislav-martinovic-amandmanima-zelimo-sprijeciti-veliki-rast-cijena-elektricne-energije-zastupnicki-dom-treba-potvrditi-ono-sto-je-usvojio-dom-naroda\/#primaryimage"},"thumbnailUrl":"https:\/\/radioljubuski.ba\/wp-content\/uploads\/2021\/10\/7-2021-04-30-16-33-06-Tomislav_Martinovic_300421-1.jpg","datePublished":"2021-12-30T10:26:24+00:00","dateModified":"2021-12-30T10:26:25+00:00","breadcrumb":{"@id":"https:\/\/radioljubuski.ba\/index.php\/2021\/12\/30\/tomislav-martinovic-amandmanima-zelimo-sprijeciti-veliki-rast-cijena-elektricne-energije-zastupnicki-dom-treba-potvrditi-ono-sto-je-usvojio-dom-naroda\/#breadcrumb"},"inLanguage":"hr","potentialAction":[{"@type":"ReadAction","target":["https:\/\/radioljubuski.ba\/index.php\/2021\/12\/30\/tomislav-martinovic-amandmanima-zelimo-sprijeciti-veliki-rast-cijena-elektricne-energije-zastupnicki-dom-treba-potvrditi-ono-sto-je-usvojio-dom-naroda\/"]}]},{"@type":"ImageObject","inLanguage":"hr","@id":"https:\/\/radioljubuski.ba\/index.php\/2021\/12\/30\/tomislav-martinovic-amandmanima-zelimo-sprijeciti-veliki-rast-cijena-elektricne-energije-zastupnicki-dom-treba-potvrditi-ono-sto-je-usvojio-dom-naroda\/#primaryimage","url":"https:\/\/radioljubuski.ba\/wp-content\/uploads\/2021\/10\/7-2021-04-30-16-33-06-Tomislav_Martinovic_300421-1.jpg","contentUrl":"https:\/\/radioljubuski.ba\/wp-content\/uploads\/2021\/10\/7-2021-04-30-16-33-06-Tomislav_Martinovic_300421-1.jpg","width":1000,"height":625},{"@type":"BreadcrumbList","@id":"https:\/\/radioljubuski.ba\/index.php\/2021\/12\/30\/tomislav-martinovic-amandmanima-zelimo-sprijeciti-veliki-rast-cijena-elektricne-energije-zastupnicki-dom-treba-potvrditi-ono-sto-je-usvojio-dom-naroda\/#breadcrumb","itemListElement":[{"@type":"ListItem","position":1,"name":"Po\u010detna stranica","item":"https:\/\/radioljubuski.ba\/"},{"@type":"ListItem","position":2,"name":"Tomislav Martinovi\u0107: Amandmanima \u017eelimo sprije\u010diti veliki rast cijena elektri\u010dne energije, Zastupni\u010dki dom treba potvrditi ono \u0161to je usvojio Dom naroda"}]},{"@type":"WebSite","@id":"https:\/\/radioljubuski.ba\/#website","url":"https:\/\/radioljubuski.ba\/","name":"Radio Ljubu\u0161ki","description":"Sun\u010dana frekvencija Hercegovine","publisher":{"@id":"https:\/\/radioljubuski.ba\/#organization"},"potentialAction":[{"@type":"SearchAction","target":{"@type":"EntryPoint","urlTemplate":"https:\/\/radioljubuski.ba\/?s={search_term_string}"},"query-input":{"@type":"PropertyValueSpecification","valueRequired":true,"valueName":"search_term_string"}}],"inLanguage":"hr"},{"@type":"Organization","@id":"https:\/\/radioljubuski.ba\/#organization","name":"Radio Ljubu\u0161ki","url":"https:\/\/radioljubuski.ba\/","logo":{"@type":"ImageObject","inLanguage":"hr","@id":"https:\/\/radioljubuski.ba\/#\/schema\/logo\/image\/","url":"https:\/\/radioljubuski.ba\/wp-content\/uploads\/2021\/02\/cropped-Radio_Ljubuski_logo1.jpg","contentUrl":"https:\/\/radioljubuski.ba\/wp-content\/uploads\/2021\/02\/cropped-Radio_Ljubuski_logo1.jpg","width":512,"height":512,"caption":"Radio Ljubu\u0161ki"},"image":{"@id":"https:\/\/radioljubuski.ba\/#\/schema\/logo\/image\/"},"sameAs":["https:\/\/www.facebook.com\/Radiio-Ljubuski-1490835324566332","https:\/\/x.com\/radioljubuski","https:\/\/hr.linkedin.com\/company\/radio-ljubuski","https:\/\/www.youtube.com\/channel\/UCHYaeO_n0Db3tjNGudGpXyw"]},{"@type":"Person","@id":"https:\/\/radioljubuski.ba\/#\/schema\/person\/19fc700381a780f69665d7956c469e3b","name":"Radio Ljubu\u0161ki"}]}},"_links":{"self":[{"href":"https:\/\/radioljubuski.ba\/index.php\/wp-json\/wp\/v2\/posts\/103908","targetHints":{"allow":["GET"]}}],"collection":[{"href":"https:\/\/radioljubuski.ba\/index.php\/wp-json\/wp\/v2\/posts"}],"about":[{"href":"https:\/\/radioljubuski.ba\/index.php\/wp-json\/wp\/v2\/types\/post"}],"author":[{"embeddable":true,"href":"https:\/\/radioljubuski.ba\/index.php\/wp-json\/wp\/v2\/users\/2"}],"replies":[{"embeddable":true,"href":"https:\/\/radioljubuski.ba\/index.php\/wp-json\/wp\/v2\/comments?post=103908"}],"version-history":[{"count":1,"href":"https:\/\/radioljubuski.ba\/index.php\/wp-json\/wp\/v2\/posts\/103908\/revisions"}],"predecessor-version":[{"id":103909,"href":"https:\/\/radioljubuski.ba\/index.php\/wp-json\/wp\/v2\/posts\/103908\/revisions\/103909"}],"wp:featuredmedia":[{"embeddable":true,"href":"https:\/\/radioljubuski.ba\/index.php\/wp-json\/wp\/v2\/media\/74802"}],"wp:attachment":[{"href":"https:\/\/radioljubuski.ba\/index.php\/wp-json\/wp\/v2\/media?parent=103908"}],"wp:term":[{"taxonomy":"category","embeddable":true,"href":"https:\/\/radioljubuski.ba\/index.php\/wp-json\/wp\/v2\/categories?post=103908"},{"taxonomy":"post_tag","embeddable":true,"href":"https:\/\/radioljubuski.ba\/index.php\/wp-json\/wp\/v2\/tags?post=103908"}],"curies":[{"name":"wp","href":"https:\/\/api.w.org\/{rel}","templated":true}]}}