{"id":103910,"date":"2021-12-30T11:27:36","date_gmt":"2021-12-30T10:27:36","guid":{"rendered":"https:\/\/radioljubuski.ba\/?p=103910"},"modified":"2021-12-30T11:27:37","modified_gmt":"2021-12-30T10:27:37","slug":"britanski-drzavni-tajnik-korona-mjere-naveo-kao-opasnost-za-nacionalnu-sigurnost-ubrzavaju-radikalizaciju-ljudi","status":"publish","type":"post","link":"https:\/\/radioljubuski.ba\/index.php\/2021\/12\/30\/britanski-drzavni-tajnik-korona-mjere-naveo-kao-opasnost-za-nacionalnu-sigurnost-ubrzavaju-radikalizaciju-ljudi\/","title":{"rendered":"Britanski dr\u017eavni tajnik korona mjere naveo kao opasnost za nacionalnu sigurnost: \u2018Ubrzavaju radikalizaciju ljudi\u2018"},"content":{"rendered":"\n<p>Dr\u017eavni tajnik za sigurnost u Ministarstvu unutarnjih poslova Velike Britanije Damian Hinds rekao je u nedavnom razgovoru za <a href=\"https:\/\/www.telegraph.co.uk\/politics\/2021\/12\/26\/exclusive-lockdown-may-have-sent-would-be-terrorists-dark-journey\/\">The Telegraph<\/a> da je tijekom posljednjih godina uo\u010dio da globalne teroristi\u010dke organizacije vi\u0161e nisu glavni organizatori napada na teritoriju Velike Britanije te da je porastao broj samousmjerenih aktera koji ne djeluju unutar velikih organizacija.<\/p>\n\n\n\n<p>Hinds je dodao i da je mogu\u0107e da su zatvaranja (lockdowni) kojima se nastojalo sprije\u010diti \u0161irenje koronavirusa SARS-CoV-2 dovela do pogor\u0161anja tog trenda.<\/p>\n\n\n\n<p>Hinds ka\u017ee da teroristi\u010dke skupine poput tzv. Islamske dr\u017eave i Al-Qaide jo\u0161 uvijek predstavljaju prijetnju sigurnosti, ali da samostalni akteri vi\u0161e nisu toliko &#8211; samostalni. Oni mogu, ka\u017ee, pri\u010dati sa svojim prijateljima i obitelji te istomi\u0161ljenicima.Mogu\u0107e je da su vi\u0161e ili manje stroge epidemiolo\u0161ke mjere koje su uvedene tijekom protekle dvije godine kako bi se stalo na kraj pandemiji, a koje su dovele do toga da su brojni ljudi mnogo vremena provodili u sami u svojim domovima, kumovale pove\u0107anju broja radikala.<\/p>\n\n\n\n<p>&#8211; Kada imate vi\u0161e ljudi koji provode vrijeme u svojim spava\u0107im sobama i pred svojim ra\u010dunalima, jasno je i logi\u010dno da \u0107e se pove\u0107ati broj osoba koje \u0107e se otisnuti na to mra\u010dno putovanje. Kao \u0161to znate, materijali koji su ljudima dostupni preko interneta i ljudi koji se kre\u0107u u tim online krugovima mogu zna\u010dajno ubrzati radikalizaciju &#8211; rekao je Hinds.<\/p>\n\n\n\n<p>Dr\u017eavni tajnik takve aktere ne voli opisivati kao &#8220;vukove samotnjake&#8221;. Vi\u0161e voli re\u0107i da se o &#8220;samoinicijativnim&#8221; pojedincima.<\/p>\n\n\n\n<p>Britanski policajci i obavje\u0161tajci omeli su od o\u017eujka 2017. do danas 32 teroristi\u010dka plana koji su bili dospjeli do &#8220;kasne faze planiranja&#8221;. The Telegraph pi\u0161e da je broj ometenih planova porastao u prosincu, \u0161to zna\u010di da su aktivnosti policije i obavje\u0161tajaca bile uspje\u0161ne. Hinds ka\u017ee da se nada da \u0107e omesti i sve budu\u0107e planove, ali da je takvo \u0161to nemogu\u0107e garantirati.<\/p>\n\n\n\n<p>Ne prijete Britaniji, me\u0111utim, samo teroristi. Sve je vi\u0161e i geopoliti\u010dkih previranja. Kao najve\u0107e prijetnje Ujedinjenom Kraljevstvu, Hinds je izdvojio Kinu, Rusiju i Iran. S njim se sla\u017ee i direktor Tajne obavje\u0161tajne slu\u017ebe Velike Britanije Richard Moore, koji je pro\u0161log mjeseca u razgovoru za BBC iste zemlje istaknuo kao najopasnije za Otok.<\/p>\n\n\n\n<p>&#8211; Te tri zemlje imaju ljudstvo, zauzimaju zna\u010dajan dio kiberneti\u010dkog prostora i prilagodljive su. Mogu izvoditi, a i izvode, informacijske operacije. Djeluju na vi\u0161e na\u010dina. Mislim, te\u0161ko vam mogu dati potpuni popis njihovih sposobnosti jer potencijalno ima mnogo &#8211; rekao je Hinds.<\/p>\n\n\n\n<p>Drugim rije\u010dima &#8211; imaju \u0161pijune na terenu, izvode kiberneti\u010dke napade, vojska im je u stanju pripravnosti, a mogu se upustiti i u dezinformacijske kampanje.<\/p>\n\n\n\n<p>Hinds ka\u017ee da se zakonski okvir unutar kojeg djeluje obavje\u0161tajna zajednica upravo zbog toga mora osuvremeniti.<\/p>\n\n\n\n<p>Dr\u017eavni je tajnik dodao se Sjeverna Koreja name\u0107e kao \u010detvrta neprijateljska sila koja prijeti Britancima.<\/p>\n\n\n\n<p>Odnosi Velike Britanije sa zemljama s popisa prijetnji prili\u010dno su komplicirani, pogotovo s Kinom. Premijer Velike Britanije Boris Johnson rekao je da \u0107e London nastaviti odr\u017eavati trgovinske odnose s Kinom, ali i da \u0107e nastaviti prozivati Peking zbog kr\u0161enja ljudskih prava. Dodao je i da ne\u0107e dopustiti da Kina do\u0111e u doticaj s klju\u010dnim sektorima britanskog gospodarstva.<\/p>\n\n\n\n<p>Hinds je rekao i da ga brine uspon desnog ekstremizma u Britaniji.<\/p>\n\n\n\n<p>&#8211; Sve vi\u0161e mladih ljudi koje stavljamo na popis programa Prevent (eng. onemogu\u0107iti), programa kojim nastojim onemogu\u0107iti da se ranjive osobe uvu\u010de u ekstremizam, povezano je s ekstremnom desnicom &#8211; rekao je Hinds.<\/p>\n\n\n\n<p>Dr\u017eavni je tajnik dodao da islamisti\u010dki terorizam ostaje potentna prijetnja.<\/p>\n\n\n\n<p>&#8211; Uz to, imamo podosta ljudi koje se mo\u017ee opisati kao nestabilne osobe nejasne ideologije. U kontaktu su s raznim ideologijama i raznim grupama. Ideologije nekih od tih grupa \u010dak su me\u0111usobno isklju\u010dive. Zaista su razli\u010dite &#8211; ustvrdio je Hinds.<\/p>\n\n\n\n<p>Vlada je bila naru\u010dila evaluaciju Preventa. Neki akteri tra\u017ee da se program dodatno rafinira dok drugi tra\u017ee da se potpuno promijeni.<\/p>\n\n\n\n<p>Hinds je u razgovoru za <a href=\"https:\/\/www.telegraph.co.uk\/politics\/2021\/12\/26\/exclusive-lockdown-may-have-sent-would-be-terrorists-dark-journey\/\">The Telegraph<\/a> stao u obranu Preventa te konstatirao da javnost ne zna i ne mo\u017ee znati za sve uspjehe tog programa, koji je danas poprili\u010dna operacija.<\/p>\n\n\n\n<p>Dr\u017eavni se tajnik osvrnuo i na situaciju u Afganistanu.<\/p>\n\n\n\n<p>&#8211; Moramo vidjeti \u0161to \u0107e se tamo doga\u0111ati u budu\u0107nosti. Ta je dr\u017eava prije bila izvor velikih rizika i moramo na to paziti &#8211; zaklju\u010dio je Hinds.<\/p>\n\n\n\n<p>Izvor:pogled.ba<\/p>\n","protected":false},"excerpt":{"rendered":"<p>Dr\u017eavni tajnik za sigurnost u Ministarstvu unutarnjih poslova Velike Britanije Damian Hinds rekao je u nedavnom razgovoru za The Telegraph da je tijekom posljednjih godina uo\u010dio da globalne teroristi\u010dke organizacije vi\u0161e nisu glavni organizatori napada na teritoriju Velike Britanije te da je porastao broj samousmjerenih aktera koji ne djeluju unutar velikih organizacija. Hinds je dodao [&hellip;]<\/p>\n","protected":false},"author":2,"featured_media":101909,"comment_status":"closed","ping_status":"closed","sticky":false,"template":"","format":"standard","meta":{"h5ap_radio_sources":[],"footnotes":""},"categories":[1],"tags":[],"class_list":["post-103910","post","type-post","status-publish","format-standard","has-post-thumbnail","hentry","category-bihiregija"],"yoast_head":"<!-- This site is optimized with the Yoast SEO plugin v27.5 - https:\/\/yoast.com\/product\/yoast-seo-wordpress\/ -->\n<title>Britanski dr\u017eavni tajnik korona mjere naveo kao opasnost za nacionalnu sigurnost: \u2018Ubrzavaju radikalizaciju ljudi\u2018 - RADIO LJUBU\u0160KI<\/title>\n<meta name=\"robots\" content=\"index, follow, max-snippet:-1, max-image-preview:large, max-video-preview:-1\" \/>\n<link rel=\"canonical\" href=\"https:\/\/radioljubuski.ba\/index.php\/2021\/12\/30\/britanski-drzavni-tajnik-korona-mjere-naveo-kao-opasnost-za-nacionalnu-sigurnost-ubrzavaju-radikalizaciju-ljudi\/\" \/>\n<meta property=\"og:locale\" content=\"hr_HR\" \/>\n<meta property=\"og:type\" content=\"article\" \/>\n<meta property=\"og:title\" content=\"Britanski dr\u017eavni tajnik korona mjere naveo kao opasnost za nacionalnu sigurnost: \u2018Ubrzavaju radikalizaciju ljudi\u2018 - RADIO LJUBU\u0160KI\" \/>\n<meta property=\"og:description\" content=\"Dr\u017eavni tajnik za sigurnost u Ministarstvu unutarnjih poslova Velike Britanije Damian Hinds rekao je u nedavnom razgovoru za The Telegraph da je tijekom posljednjih godina uo\u010dio da globalne teroristi\u010dke organizacije vi\u0161e nisu glavni organizatori napada na teritoriju Velike Britanije te da je porastao broj samousmjerenih aktera koji ne djeluju unutar velikih organizacija. Hinds je dodao [&hellip;]\" \/>\n<meta property=\"og:url\" content=\"https:\/\/radioljubuski.ba\/index.php\/2021\/12\/30\/britanski-drzavni-tajnik-korona-mjere-naveo-kao-opasnost-za-nacionalnu-sigurnost-ubrzavaju-radikalizaciju-ljudi\/\" \/>\n<meta property=\"og:site_name\" content=\"RADIO LJUBU\u0160KI\" \/>\n<meta property=\"article:publisher\" content=\"https:\/\/www.facebook.com\/Radiio-Ljubuski-1490835324566332\" \/>\n<meta property=\"article:published_time\" content=\"2021-12-30T10:27:36+00:00\" \/>\n<meta property=\"article:modified_time\" content=\"2021-12-30T10:27:37+00:00\" \/>\n<meta property=\"og:image\" content=\"https:\/\/radioljubuski.ba\/wp-content\/uploads\/2021\/12\/8-2021-12-20-13-04-35-britanija.jpg\" \/>\n\t<meta property=\"og:image:width\" content=\"1000\" \/>\n\t<meta property=\"og:image:height\" content=\"625\" \/>\n\t<meta property=\"og:image:type\" content=\"image\/jpeg\" \/>\n<meta name=\"author\" content=\"Radio Ljubu\u0161ki\" \/>\n<meta name=\"twitter:card\" content=\"summary_large_image\" \/>\n<meta name=\"twitter:creator\" content=\"@radioljubuski\" \/>\n<meta name=\"twitter:site\" content=\"@radioljubuski\" \/>\n<meta name=\"twitter:label1\" content=\"Napisao\/la\" \/>\n\t<meta name=\"twitter:data1\" content=\"Radio Ljubu\u0161ki\" \/>\n\t<meta name=\"twitter:label2\" content=\"Procijenjeno vrijeme \u010ditanja\" \/>\n\t<meta name=\"twitter:data2\" content=\"3 minute\" \/>\n<script type=\"application\/ld+json\" class=\"yoast-schema-graph\">{\"@context\":\"https:\\\/\\\/schema.org\",\"@graph\":[{\"@type\":\"Article\",\"@id\":\"https:\\\/\\\/radioljubuski.ba\\\/index.php\\\/2021\\\/12\\\/30\\\/britanski-drzavni-tajnik-korona-mjere-naveo-kao-opasnost-za-nacionalnu-sigurnost-ubrzavaju-radikalizaciju-ljudi\\\/#article\",\"isPartOf\":{\"@id\":\"https:\\\/\\\/radioljubuski.ba\\\/index.php\\\/2021\\\/12\\\/30\\\/britanski-drzavni-tajnik-korona-mjere-naveo-kao-opasnost-za-nacionalnu-sigurnost-ubrzavaju-radikalizaciju-ljudi\\\/\"},\"author\":{\"name\":\"Radio Ljubu\u0161ki\",\"@id\":\"https:\\\/\\\/radioljubuski.ba\\\/#\\\/schema\\\/person\\\/19fc700381a780f69665d7956c469e3b\"},\"headline\":\"Britanski dr\u017eavni tajnik korona mjere naveo kao opasnost za nacionalnu sigurnost: \u2018Ubrzavaju radikalizaciju ljudi\u2018\",\"datePublished\":\"2021-12-30T10:27:36+00:00\",\"dateModified\":\"2021-12-30T10:27:37+00:00\",\"mainEntityOfPage\":{\"@id\":\"https:\\\/\\\/radioljubuski.ba\\\/index.php\\\/2021\\\/12\\\/30\\\/britanski-drzavni-tajnik-korona-mjere-naveo-kao-opasnost-za-nacionalnu-sigurnost-ubrzavaju-radikalizaciju-ljudi\\\/\"},\"wordCount\":787,\"publisher\":{\"@id\":\"https:\\\/\\\/radioljubuski.ba\\\/#organization\"},\"image\":{\"@id\":\"https:\\\/\\\/radioljubuski.ba\\\/index.php\\\/2021\\\/12\\\/30\\\/britanski-drzavni-tajnik-korona-mjere-naveo-kao-opasnost-za-nacionalnu-sigurnost-ubrzavaju-radikalizaciju-ljudi\\\/#primaryimage\"},\"thumbnailUrl\":\"https:\\\/\\\/radioljubuski.ba\\\/wp-content\\\/uploads\\\/2021\\\/12\\\/8-2021-12-20-13-04-35-britanija.jpg\",\"articleSection\":[\"BIH i regija\"],\"inLanguage\":\"hr\"},{\"@type\":\"WebPage\",\"@id\":\"https:\\\/\\\/radioljubuski.ba\\\/index.php\\\/2021\\\/12\\\/30\\\/britanski-drzavni-tajnik-korona-mjere-naveo-kao-opasnost-za-nacionalnu-sigurnost-ubrzavaju-radikalizaciju-ljudi\\\/\",\"url\":\"https:\\\/\\\/radioljubuski.ba\\\/index.php\\\/2021\\\/12\\\/30\\\/britanski-drzavni-tajnik-korona-mjere-naveo-kao-opasnost-za-nacionalnu-sigurnost-ubrzavaju-radikalizaciju-ljudi\\\/\",\"name\":\"Britanski dr\u017eavni tajnik korona mjere naveo kao opasnost za nacionalnu sigurnost: \u2018Ubrzavaju radikalizaciju ljudi\u2018 - RADIO LJUBU\u0160KI\",\"isPartOf\":{\"@id\":\"https:\\\/\\\/radioljubuski.ba\\\/#website\"},\"primaryImageOfPage\":{\"@id\":\"https:\\\/\\\/radioljubuski.ba\\\/index.php\\\/2021\\\/12\\\/30\\\/britanski-drzavni-tajnik-korona-mjere-naveo-kao-opasnost-za-nacionalnu-sigurnost-ubrzavaju-radikalizaciju-ljudi\\\/#primaryimage\"},\"image\":{\"@id\":\"https:\\\/\\\/radioljubuski.ba\\\/index.php\\\/2021\\\/12\\\/30\\\/britanski-drzavni-tajnik-korona-mjere-naveo-kao-opasnost-za-nacionalnu-sigurnost-ubrzavaju-radikalizaciju-ljudi\\\/#primaryimage\"},\"thumbnailUrl\":\"https:\\\/\\\/radioljubuski.ba\\\/wp-content\\\/uploads\\\/2021\\\/12\\\/8-2021-12-20-13-04-35-britanija.jpg\",\"datePublished\":\"2021-12-30T10:27:36+00:00\",\"dateModified\":\"2021-12-30T10:27:37+00:00\",\"breadcrumb\":{\"@id\":\"https:\\\/\\\/radioljubuski.ba\\\/index.php\\\/2021\\\/12\\\/30\\\/britanski-drzavni-tajnik-korona-mjere-naveo-kao-opasnost-za-nacionalnu-sigurnost-ubrzavaju-radikalizaciju-ljudi\\\/#breadcrumb\"},\"inLanguage\":\"hr\",\"potentialAction\":[{\"@type\":\"ReadAction\",\"target\":[\"https:\\\/\\\/radioljubuski.ba\\\/index.php\\\/2021\\\/12\\\/30\\\/britanski-drzavni-tajnik-korona-mjere-naveo-kao-opasnost-za-nacionalnu-sigurnost-ubrzavaju-radikalizaciju-ljudi\\\/\"]}]},{\"@type\":\"ImageObject\",\"inLanguage\":\"hr\",\"@id\":\"https:\\\/\\\/radioljubuski.ba\\\/index.php\\\/2021\\\/12\\\/30\\\/britanski-drzavni-tajnik-korona-mjere-naveo-kao-opasnost-za-nacionalnu-sigurnost-ubrzavaju-radikalizaciju-ljudi\\\/#primaryimage\",\"url\":\"https:\\\/\\\/radioljubuski.ba\\\/wp-content\\\/uploads\\\/2021\\\/12\\\/8-2021-12-20-13-04-35-britanija.jpg\",\"contentUrl\":\"https:\\\/\\\/radioljubuski.ba\\\/wp-content\\\/uploads\\\/2021\\\/12\\\/8-2021-12-20-13-04-35-britanija.jpg\",\"width\":1000,\"height\":625},{\"@type\":\"BreadcrumbList\",\"@id\":\"https:\\\/\\\/radioljubuski.ba\\\/index.php\\\/2021\\\/12\\\/30\\\/britanski-drzavni-tajnik-korona-mjere-naveo-kao-opasnost-za-nacionalnu-sigurnost-ubrzavaju-radikalizaciju-ljudi\\\/#breadcrumb\",\"itemListElement\":[{\"@type\":\"ListItem\",\"position\":1,\"name\":\"Po\u010detna stranica\",\"item\":\"https:\\\/\\\/radioljubuski.ba\\\/\"},{\"@type\":\"ListItem\",\"position\":2,\"name\":\"Britanski dr\u017eavni tajnik korona mjere naveo kao opasnost za nacionalnu sigurnost: \u2018Ubrzavaju radikalizaciju ljudi\u2018\"}]},{\"@type\":\"WebSite\",\"@id\":\"https:\\\/\\\/radioljubuski.ba\\\/#website\",\"url\":\"https:\\\/\\\/radioljubuski.ba\\\/\",\"name\":\"Radio Ljubu\u0161ki\",\"description\":\"Sun\u010dana frekvencija Hercegovine\",\"publisher\":{\"@id\":\"https:\\\/\\\/radioljubuski.ba\\\/#organization\"},\"potentialAction\":[{\"@type\":\"SearchAction\",\"target\":{\"@type\":\"EntryPoint\",\"urlTemplate\":\"https:\\\/\\\/radioljubuski.ba\\\/?s={search_term_string}\"},\"query-input\":{\"@type\":\"PropertyValueSpecification\",\"valueRequired\":true,\"valueName\":\"search_term_string\"}}],\"inLanguage\":\"hr\"},{\"@type\":\"Organization\",\"@id\":\"https:\\\/\\\/radioljubuski.ba\\\/#organization\",\"name\":\"Radio Ljubu\u0161ki\",\"url\":\"https:\\\/\\\/radioljubuski.ba\\\/\",\"logo\":{\"@type\":\"ImageObject\",\"inLanguage\":\"hr\",\"@id\":\"https:\\\/\\\/radioljubuski.ba\\\/#\\\/schema\\\/logo\\\/image\\\/\",\"url\":\"https:\\\/\\\/radioljubuski.ba\\\/wp-content\\\/uploads\\\/2021\\\/02\\\/cropped-Radio_Ljubuski_logo1.jpg\",\"contentUrl\":\"https:\\\/\\\/radioljubuski.ba\\\/wp-content\\\/uploads\\\/2021\\\/02\\\/cropped-Radio_Ljubuski_logo1.jpg\",\"width\":512,\"height\":512,\"caption\":\"Radio Ljubu\u0161ki\"},\"image\":{\"@id\":\"https:\\\/\\\/radioljubuski.ba\\\/#\\\/schema\\\/logo\\\/image\\\/\"},\"sameAs\":[\"https:\\\/\\\/www.facebook.com\\\/Radiio-Ljubuski-1490835324566332\",\"https:\\\/\\\/x.com\\\/radioljubuski\",\"https:\\\/\\\/hr.linkedin.com\\\/company\\\/radio-ljubuski\",\"https:\\\/\\\/www.youtube.com\\\/channel\\\/UCHYaeO_n0Db3tjNGudGpXyw\"]},{\"@type\":\"Person\",\"@id\":\"https:\\\/\\\/radioljubuski.ba\\\/#\\\/schema\\\/person\\\/19fc700381a780f69665d7956c469e3b\",\"name\":\"Radio Ljubu\u0161ki\"}]}<\/script>\n<!-- \/ Yoast SEO plugin. -->","yoast_head_json":{"title":"Britanski dr\u017eavni tajnik korona mjere naveo kao opasnost za nacionalnu sigurnost: \u2018Ubrzavaju radikalizaciju ljudi\u2018 - RADIO LJUBU\u0160KI","robots":{"index":"index","follow":"follow","max-snippet":"max-snippet:-1","max-image-preview":"max-image-preview:large","max-video-preview":"max-video-preview:-1"},"canonical":"https:\/\/radioljubuski.ba\/index.php\/2021\/12\/30\/britanski-drzavni-tajnik-korona-mjere-naveo-kao-opasnost-za-nacionalnu-sigurnost-ubrzavaju-radikalizaciju-ljudi\/","og_locale":"hr_HR","og_type":"article","og_title":"Britanski dr\u017eavni tajnik korona mjere naveo kao opasnost za nacionalnu sigurnost: \u2018Ubrzavaju radikalizaciju ljudi\u2018 - RADIO LJUBU\u0160KI","og_description":"Dr\u017eavni tajnik za sigurnost u Ministarstvu unutarnjih poslova Velike Britanije Damian Hinds rekao je u nedavnom razgovoru za The Telegraph da je tijekom posljednjih godina uo\u010dio da globalne teroristi\u010dke organizacije vi\u0161e nisu glavni organizatori napada na teritoriju Velike Britanije te da je porastao broj samousmjerenih aktera koji ne djeluju unutar velikih organizacija. Hinds je dodao [&hellip;]","og_url":"https:\/\/radioljubuski.ba\/index.php\/2021\/12\/30\/britanski-drzavni-tajnik-korona-mjere-naveo-kao-opasnost-za-nacionalnu-sigurnost-ubrzavaju-radikalizaciju-ljudi\/","og_site_name":"RADIO LJUBU\u0160KI","article_publisher":"https:\/\/www.facebook.com\/Radiio-Ljubuski-1490835324566332","article_published_time":"2021-12-30T10:27:36+00:00","article_modified_time":"2021-12-30T10:27:37+00:00","og_image":[{"width":1000,"height":625,"url":"https:\/\/radioljubuski.ba\/wp-content\/uploads\/2021\/12\/8-2021-12-20-13-04-35-britanija.jpg","type":"image\/jpeg"}],"author":"Radio Ljubu\u0161ki","twitter_card":"summary_large_image","twitter_creator":"@radioljubuski","twitter_site":"@radioljubuski","twitter_misc":{"Napisao\/la":"Radio Ljubu\u0161ki","Procijenjeno vrijeme \u010ditanja":"3 minute"},"schema":{"@context":"https:\/\/schema.org","@graph":[{"@type":"Article","@id":"https:\/\/radioljubuski.ba\/index.php\/2021\/12\/30\/britanski-drzavni-tajnik-korona-mjere-naveo-kao-opasnost-za-nacionalnu-sigurnost-ubrzavaju-radikalizaciju-ljudi\/#article","isPartOf":{"@id":"https:\/\/radioljubuski.ba\/index.php\/2021\/12\/30\/britanski-drzavni-tajnik-korona-mjere-naveo-kao-opasnost-za-nacionalnu-sigurnost-ubrzavaju-radikalizaciju-ljudi\/"},"author":{"name":"Radio Ljubu\u0161ki","@id":"https:\/\/radioljubuski.ba\/#\/schema\/person\/19fc700381a780f69665d7956c469e3b"},"headline":"Britanski dr\u017eavni tajnik korona mjere naveo kao opasnost za nacionalnu sigurnost: \u2018Ubrzavaju radikalizaciju ljudi\u2018","datePublished":"2021-12-30T10:27:36+00:00","dateModified":"2021-12-30T10:27:37+00:00","mainEntityOfPage":{"@id":"https:\/\/radioljubuski.ba\/index.php\/2021\/12\/30\/britanski-drzavni-tajnik-korona-mjere-naveo-kao-opasnost-za-nacionalnu-sigurnost-ubrzavaju-radikalizaciju-ljudi\/"},"wordCount":787,"publisher":{"@id":"https:\/\/radioljubuski.ba\/#organization"},"image":{"@id":"https:\/\/radioljubuski.ba\/index.php\/2021\/12\/30\/britanski-drzavni-tajnik-korona-mjere-naveo-kao-opasnost-za-nacionalnu-sigurnost-ubrzavaju-radikalizaciju-ljudi\/#primaryimage"},"thumbnailUrl":"https:\/\/radioljubuski.ba\/wp-content\/uploads\/2021\/12\/8-2021-12-20-13-04-35-britanija.jpg","articleSection":["BIH i regija"],"inLanguage":"hr"},{"@type":"WebPage","@id":"https:\/\/radioljubuski.ba\/index.php\/2021\/12\/30\/britanski-drzavni-tajnik-korona-mjere-naveo-kao-opasnost-za-nacionalnu-sigurnost-ubrzavaju-radikalizaciju-ljudi\/","url":"https:\/\/radioljubuski.ba\/index.php\/2021\/12\/30\/britanski-drzavni-tajnik-korona-mjere-naveo-kao-opasnost-za-nacionalnu-sigurnost-ubrzavaju-radikalizaciju-ljudi\/","name":"Britanski dr\u017eavni tajnik korona mjere naveo kao opasnost za nacionalnu sigurnost: \u2018Ubrzavaju radikalizaciju ljudi\u2018 - RADIO LJUBU\u0160KI","isPartOf":{"@id":"https:\/\/radioljubuski.ba\/#website"},"primaryImageOfPage":{"@id":"https:\/\/radioljubuski.ba\/index.php\/2021\/12\/30\/britanski-drzavni-tajnik-korona-mjere-naveo-kao-opasnost-za-nacionalnu-sigurnost-ubrzavaju-radikalizaciju-ljudi\/#primaryimage"},"image":{"@id":"https:\/\/radioljubuski.ba\/index.php\/2021\/12\/30\/britanski-drzavni-tajnik-korona-mjere-naveo-kao-opasnost-za-nacionalnu-sigurnost-ubrzavaju-radikalizaciju-ljudi\/#primaryimage"},"thumbnailUrl":"https:\/\/radioljubuski.ba\/wp-content\/uploads\/2021\/12\/8-2021-12-20-13-04-35-britanija.jpg","datePublished":"2021-12-30T10:27:36+00:00","dateModified":"2021-12-30T10:27:37+00:00","breadcrumb":{"@id":"https:\/\/radioljubuski.ba\/index.php\/2021\/12\/30\/britanski-drzavni-tajnik-korona-mjere-naveo-kao-opasnost-za-nacionalnu-sigurnost-ubrzavaju-radikalizaciju-ljudi\/#breadcrumb"},"inLanguage":"hr","potentialAction":[{"@type":"ReadAction","target":["https:\/\/radioljubuski.ba\/index.php\/2021\/12\/30\/britanski-drzavni-tajnik-korona-mjere-naveo-kao-opasnost-za-nacionalnu-sigurnost-ubrzavaju-radikalizaciju-ljudi\/"]}]},{"@type":"ImageObject","inLanguage":"hr","@id":"https:\/\/radioljubuski.ba\/index.php\/2021\/12\/30\/britanski-drzavni-tajnik-korona-mjere-naveo-kao-opasnost-za-nacionalnu-sigurnost-ubrzavaju-radikalizaciju-ljudi\/#primaryimage","url":"https:\/\/radioljubuski.ba\/wp-content\/uploads\/2021\/12\/8-2021-12-20-13-04-35-britanija.jpg","contentUrl":"https:\/\/radioljubuski.ba\/wp-content\/uploads\/2021\/12\/8-2021-12-20-13-04-35-britanija.jpg","width":1000,"height":625},{"@type":"BreadcrumbList","@id":"https:\/\/radioljubuski.ba\/index.php\/2021\/12\/30\/britanski-drzavni-tajnik-korona-mjere-naveo-kao-opasnost-za-nacionalnu-sigurnost-ubrzavaju-radikalizaciju-ljudi\/#breadcrumb","itemListElement":[{"@type":"ListItem","position":1,"name":"Po\u010detna stranica","item":"https:\/\/radioljubuski.ba\/"},{"@type":"ListItem","position":2,"name":"Britanski dr\u017eavni tajnik korona mjere naveo kao opasnost za nacionalnu sigurnost: \u2018Ubrzavaju radikalizaciju ljudi\u2018"}]},{"@type":"WebSite","@id":"https:\/\/radioljubuski.ba\/#website","url":"https:\/\/radioljubuski.ba\/","name":"Radio Ljubu\u0161ki","description":"Sun\u010dana frekvencija Hercegovine","publisher":{"@id":"https:\/\/radioljubuski.ba\/#organization"},"potentialAction":[{"@type":"SearchAction","target":{"@type":"EntryPoint","urlTemplate":"https:\/\/radioljubuski.ba\/?s={search_term_string}"},"query-input":{"@type":"PropertyValueSpecification","valueRequired":true,"valueName":"search_term_string"}}],"inLanguage":"hr"},{"@type":"Organization","@id":"https:\/\/radioljubuski.ba\/#organization","name":"Radio Ljubu\u0161ki","url":"https:\/\/radioljubuski.ba\/","logo":{"@type":"ImageObject","inLanguage":"hr","@id":"https:\/\/radioljubuski.ba\/#\/schema\/logo\/image\/","url":"https:\/\/radioljubuski.ba\/wp-content\/uploads\/2021\/02\/cropped-Radio_Ljubuski_logo1.jpg","contentUrl":"https:\/\/radioljubuski.ba\/wp-content\/uploads\/2021\/02\/cropped-Radio_Ljubuski_logo1.jpg","width":512,"height":512,"caption":"Radio Ljubu\u0161ki"},"image":{"@id":"https:\/\/radioljubuski.ba\/#\/schema\/logo\/image\/"},"sameAs":["https:\/\/www.facebook.com\/Radiio-Ljubuski-1490835324566332","https:\/\/x.com\/radioljubuski","https:\/\/hr.linkedin.com\/company\/radio-ljubuski","https:\/\/www.youtube.com\/channel\/UCHYaeO_n0Db3tjNGudGpXyw"]},{"@type":"Person","@id":"https:\/\/radioljubuski.ba\/#\/schema\/person\/19fc700381a780f69665d7956c469e3b","name":"Radio Ljubu\u0161ki"}]}},"_links":{"self":[{"href":"https:\/\/radioljubuski.ba\/index.php\/wp-json\/wp\/v2\/posts\/103910","targetHints":{"allow":["GET"]}}],"collection":[{"href":"https:\/\/radioljubuski.ba\/index.php\/wp-json\/wp\/v2\/posts"}],"about":[{"href":"https:\/\/radioljubuski.ba\/index.php\/wp-json\/wp\/v2\/types\/post"}],"author":[{"embeddable":true,"href":"https:\/\/radioljubuski.ba\/index.php\/wp-json\/wp\/v2\/users\/2"}],"replies":[{"embeddable":true,"href":"https:\/\/radioljubuski.ba\/index.php\/wp-json\/wp\/v2\/comments?post=103910"}],"version-history":[{"count":1,"href":"https:\/\/radioljubuski.ba\/index.php\/wp-json\/wp\/v2\/posts\/103910\/revisions"}],"predecessor-version":[{"id":103911,"href":"https:\/\/radioljubuski.ba\/index.php\/wp-json\/wp\/v2\/posts\/103910\/revisions\/103911"}],"wp:featuredmedia":[{"embeddable":true,"href":"https:\/\/radioljubuski.ba\/index.php\/wp-json\/wp\/v2\/media\/101909"}],"wp:attachment":[{"href":"https:\/\/radioljubuski.ba\/index.php\/wp-json\/wp\/v2\/media?parent=103910"}],"wp:term":[{"taxonomy":"category","embeddable":true,"href":"https:\/\/radioljubuski.ba\/index.php\/wp-json\/wp\/v2\/categories?post=103910"},{"taxonomy":"post_tag","embeddable":true,"href":"https:\/\/radioljubuski.ba\/index.php\/wp-json\/wp\/v2\/tags?post=103910"}],"curies":[{"name":"wp","href":"https:\/\/api.w.org\/{rel}","templated":true}]}}