{"id":103918,"date":"2021-12-30T11:34:49","date_gmt":"2021-12-30T10:34:49","guid":{"rendered":"https:\/\/radioljubuski.ba\/?p=103918"},"modified":"2021-12-30T11:34:50","modified_gmt":"2021-12-30T10:34:50","slug":"omikron-ne-moze-izbjeci-t-stanice-time-se-sprecava-u-vecini-slucajeva-tezi-oblik-bolesti","status":"publish","type":"post","link":"https:\/\/radioljubuski.ba\/index.php\/2021\/12\/30\/omikron-ne-moze-izbjeci-t-stanice-time-se-sprecava-u-vecini-slucajeva-tezi-oblik-bolesti\/","title":{"rendered":"Omikron ne mo\u017ee izbje\u0107i T stanice, time se spre\u010dava u ve\u0107ini slu\u010dajeva te\u017ei oblik bolesti"},"content":{"rendered":"\n<p>Brojne mutacije omikrona poma\u017eu mu da izbjegne antitijela, prvu liniju obrane organizma od infekcije.<\/p>\n\n\n\n<p>Znanstvenici pretpostavljaju da bi i ostale komponente imunosnog odgovora i dalje ciljale omikron, no dosad za to nema dokaza.&nbsp;<\/p>\n\n\n\n<p>U eksperimentima in vitro (u epruvetama), istra\u017eiva\u010di iz Ju\u017enoafri\u010dke Republike izlo\u017eili su T stanicama kopije virusa dobrovoljaca koji su primili cjepiva Johnson&amp;Johnsona ili Pfizer\/BioNTecha, kao i onih koji nisu bili cijepljeni, no razvili su vlastite T stanice nakon infekcije ranijom varijantom koronavirusa.<\/p>\n\n\n\n<p>-Unato\u010d brojnim mutacijama omikrona i smanjenoj osjetljivosti na neutraliziraju\u0107a antitijela, ve\u0107ina odgovora T stanica, izazvana cijepljenjem ili prirodnom infekcijom, unakrsno je prepoznala varijantu, objavili su istra\u017eiva\u010di u utorak na internetskoj stranici medRxiv. Studija jo\u0161 treba pro\u0107i stru\u010dnu recenziju.<\/p>\n\n\n\n<p>-Dobro o\u010duvan imunitet T stanica na omikron vjerojatno \u0107e pridonijeti za\u0161titi od te\u0161kog oblika COVID-a, \u0161to ide u prilog onomu \u0161to su ju\u017enoafri\u010dki lije\u010dnici pretpostavljali u po\u010detku kada ve\u0107ina pacijenata zara\u017eena omikronom nije razvila te\u017ei oblik bolesti, kazali su znanstvenici.&nbsp;<\/p>\n\n\n\n<p>&#8220;T&#8221; je oznaka za timus, organ ili prsnu \u017elijezdu koja jo\u0161 u ranom djetinjstvu igra va\u017enu ulogu u regulaciji imunosnog sustava, a upravo se ondje stvaraju T-limfociti \u010dija je uloga prvenstveno za\u0161tita od infekcija.<\/p>\n\n\n\n<p>Izvor:pogled.ba<\/p>\n","protected":false},"excerpt":{"rendered":"<p>Brojne mutacije omikrona poma\u017eu mu da izbjegne antitijela, prvu liniju obrane organizma od infekcije. Znanstvenici pretpostavljaju da bi i ostale komponente imunosnog odgovora i dalje ciljale omikron, no dosad za to nema dokaza.&nbsp; U eksperimentima in vitro (u epruvetama), istra\u017eiva\u010di iz Ju\u017enoafri\u010dke Republike izlo\u017eili su T stanicama kopije virusa dobrovoljaca koji su primili cjepiva Johnson&amp;Johnsona [&hellip;]<\/p>\n","protected":false},"author":2,"featured_media":98228,"comment_status":"closed","ping_status":"closed","sticky":false,"template":"","format":"standard","meta":{"h5ap_radio_sources":[],"footnotes":""},"categories":[1],"tags":[],"class_list":["post-103918","post","type-post","status-publish","format-standard","has-post-thumbnail","hentry","category-bihiregija"],"yoast_head":"<!-- This site is optimized with the Yoast SEO plugin v27.5 - https:\/\/yoast.com\/product\/yoast-seo-wordpress\/ -->\n<title>Omikron ne mo\u017ee izbje\u0107i T stanice, time se spre\u010dava u ve\u0107ini slu\u010dajeva te\u017ei oblik bolesti - RADIO LJUBU\u0160KI<\/title>\n<meta name=\"robots\" content=\"index, follow, max-snippet:-1, max-image-preview:large, max-video-preview:-1\" \/>\n<link rel=\"canonical\" href=\"https:\/\/radioljubuski.ba\/index.php\/2021\/12\/30\/omikron-ne-moze-izbjeci-t-stanice-time-se-sprecava-u-vecini-slucajeva-tezi-oblik-bolesti\/\" \/>\n<meta property=\"og:locale\" content=\"hr_HR\" \/>\n<meta property=\"og:type\" content=\"article\" \/>\n<meta property=\"og:title\" content=\"Omikron ne mo\u017ee izbje\u0107i T stanice, time se spre\u010dava u ve\u0107ini slu\u010dajeva te\u017ei oblik bolesti - RADIO LJUBU\u0160KI\" \/>\n<meta property=\"og:description\" content=\"Brojne mutacije omikrona poma\u017eu mu da izbjegne antitijela, prvu liniju obrane organizma od infekcije. Znanstvenici pretpostavljaju da bi i ostale komponente imunosnog odgovora i dalje ciljale omikron, no dosad za to nema dokaza.&nbsp; U eksperimentima in vitro (u epruvetama), istra\u017eiva\u010di iz Ju\u017enoafri\u010dke Republike izlo\u017eili su T stanicama kopije virusa dobrovoljaca koji su primili cjepiva Johnson&amp;Johnsona [&hellip;]\" \/>\n<meta property=\"og:url\" content=\"https:\/\/radioljubuski.ba\/index.php\/2021\/12\/30\/omikron-ne-moze-izbjeci-t-stanice-time-se-sprecava-u-vecini-slucajeva-tezi-oblik-bolesti\/\" \/>\n<meta property=\"og:site_name\" content=\"RADIO LJUBU\u0160KI\" \/>\n<meta property=\"article:publisher\" content=\"https:\/\/www.facebook.com\/Radiio-Ljubuski-1490835324566332\" \/>\n<meta property=\"article:published_time\" content=\"2021-12-30T10:34:49+00:00\" \/>\n<meta property=\"article:modified_time\" content=\"2021-12-30T10:34:50+00:00\" \/>\n<meta property=\"og:image\" content=\"https:\/\/radioljubuski.ba\/wp-content\/uploads\/2021\/12\/omikron-2.jpg\" \/>\n\t<meta property=\"og:image:width\" content=\"1280\" \/>\n\t<meta property=\"og:image:height\" content=\"795\" \/>\n\t<meta property=\"og:image:type\" content=\"image\/jpeg\" \/>\n<meta name=\"author\" content=\"Radio Ljubu\u0161ki\" \/>\n<meta name=\"twitter:card\" content=\"summary_large_image\" \/>\n<meta name=\"twitter:creator\" content=\"@radioljubuski\" \/>\n<meta name=\"twitter:site\" content=\"@radioljubuski\" \/>\n<meta name=\"twitter:label1\" content=\"Napisao\/la\" \/>\n\t<meta name=\"twitter:data1\" content=\"Radio Ljubu\u0161ki\" \/>\n\t<meta name=\"twitter:label2\" content=\"Procijenjeno vrijeme \u010ditanja\" \/>\n\t<meta name=\"twitter:data2\" content=\"1 minuta\" \/>\n<script type=\"application\/ld+json\" class=\"yoast-schema-graph\">{\"@context\":\"https:\\\/\\\/schema.org\",\"@graph\":[{\"@type\":\"Article\",\"@id\":\"https:\\\/\\\/radioljubuski.ba\\\/index.php\\\/2021\\\/12\\\/30\\\/omikron-ne-moze-izbjeci-t-stanice-time-se-sprecava-u-vecini-slucajeva-tezi-oblik-bolesti\\\/#article\",\"isPartOf\":{\"@id\":\"https:\\\/\\\/radioljubuski.ba\\\/index.php\\\/2021\\\/12\\\/30\\\/omikron-ne-moze-izbjeci-t-stanice-time-se-sprecava-u-vecini-slucajeva-tezi-oblik-bolesti\\\/\"},\"author\":{\"name\":\"Radio Ljubu\u0161ki\",\"@id\":\"https:\\\/\\\/radioljubuski.ba\\\/#\\\/schema\\\/person\\\/19fc700381a780f69665d7956c469e3b\"},\"headline\":\"Omikron ne mo\u017ee izbje\u0107i T stanice, time se spre\u010dava u ve\u0107ini slu\u010dajeva te\u017ei oblik bolesti\",\"datePublished\":\"2021-12-30T10:34:49+00:00\",\"dateModified\":\"2021-12-30T10:34:50+00:00\",\"mainEntityOfPage\":{\"@id\":\"https:\\\/\\\/radioljubuski.ba\\\/index.php\\\/2021\\\/12\\\/30\\\/omikron-ne-moze-izbjeci-t-stanice-time-se-sprecava-u-vecini-slucajeva-tezi-oblik-bolesti\\\/\"},\"wordCount\":240,\"publisher\":{\"@id\":\"https:\\\/\\\/radioljubuski.ba\\\/#organization\"},\"image\":{\"@id\":\"https:\\\/\\\/radioljubuski.ba\\\/index.php\\\/2021\\\/12\\\/30\\\/omikron-ne-moze-izbjeci-t-stanice-time-se-sprecava-u-vecini-slucajeva-tezi-oblik-bolesti\\\/#primaryimage\"},\"thumbnailUrl\":\"https:\\\/\\\/radioljubuski.ba\\\/wp-content\\\/uploads\\\/2021\\\/12\\\/omikron-2.jpg\",\"articleSection\":[\"BIH i regija\"],\"inLanguage\":\"hr\"},{\"@type\":\"WebPage\",\"@id\":\"https:\\\/\\\/radioljubuski.ba\\\/index.php\\\/2021\\\/12\\\/30\\\/omikron-ne-moze-izbjeci-t-stanice-time-se-sprecava-u-vecini-slucajeva-tezi-oblik-bolesti\\\/\",\"url\":\"https:\\\/\\\/radioljubuski.ba\\\/index.php\\\/2021\\\/12\\\/30\\\/omikron-ne-moze-izbjeci-t-stanice-time-se-sprecava-u-vecini-slucajeva-tezi-oblik-bolesti\\\/\",\"name\":\"Omikron ne mo\u017ee izbje\u0107i T stanice, time se spre\u010dava u ve\u0107ini slu\u010dajeva te\u017ei oblik bolesti - RADIO LJUBU\u0160KI\",\"isPartOf\":{\"@id\":\"https:\\\/\\\/radioljubuski.ba\\\/#website\"},\"primaryImageOfPage\":{\"@id\":\"https:\\\/\\\/radioljubuski.ba\\\/index.php\\\/2021\\\/12\\\/30\\\/omikron-ne-moze-izbjeci-t-stanice-time-se-sprecava-u-vecini-slucajeva-tezi-oblik-bolesti\\\/#primaryimage\"},\"image\":{\"@id\":\"https:\\\/\\\/radioljubuski.ba\\\/index.php\\\/2021\\\/12\\\/30\\\/omikron-ne-moze-izbjeci-t-stanice-time-se-sprecava-u-vecini-slucajeva-tezi-oblik-bolesti\\\/#primaryimage\"},\"thumbnailUrl\":\"https:\\\/\\\/radioljubuski.ba\\\/wp-content\\\/uploads\\\/2021\\\/12\\\/omikron-2.jpg\",\"datePublished\":\"2021-12-30T10:34:49+00:00\",\"dateModified\":\"2021-12-30T10:34:50+00:00\",\"breadcrumb\":{\"@id\":\"https:\\\/\\\/radioljubuski.ba\\\/index.php\\\/2021\\\/12\\\/30\\\/omikron-ne-moze-izbjeci-t-stanice-time-se-sprecava-u-vecini-slucajeva-tezi-oblik-bolesti\\\/#breadcrumb\"},\"inLanguage\":\"hr\",\"potentialAction\":[{\"@type\":\"ReadAction\",\"target\":[\"https:\\\/\\\/radioljubuski.ba\\\/index.php\\\/2021\\\/12\\\/30\\\/omikron-ne-moze-izbjeci-t-stanice-time-se-sprecava-u-vecini-slucajeva-tezi-oblik-bolesti\\\/\"]}]},{\"@type\":\"ImageObject\",\"inLanguage\":\"hr\",\"@id\":\"https:\\\/\\\/radioljubuski.ba\\\/index.php\\\/2021\\\/12\\\/30\\\/omikron-ne-moze-izbjeci-t-stanice-time-se-sprecava-u-vecini-slucajeva-tezi-oblik-bolesti\\\/#primaryimage\",\"url\":\"https:\\\/\\\/radioljubuski.ba\\\/wp-content\\\/uploads\\\/2021\\\/12\\\/omikron-2.jpg\",\"contentUrl\":\"https:\\\/\\\/radioljubuski.ba\\\/wp-content\\\/uploads\\\/2021\\\/12\\\/omikron-2.jpg\",\"width\":1280,\"height\":795},{\"@type\":\"BreadcrumbList\",\"@id\":\"https:\\\/\\\/radioljubuski.ba\\\/index.php\\\/2021\\\/12\\\/30\\\/omikron-ne-moze-izbjeci-t-stanice-time-se-sprecava-u-vecini-slucajeva-tezi-oblik-bolesti\\\/#breadcrumb\",\"itemListElement\":[{\"@type\":\"ListItem\",\"position\":1,\"name\":\"Po\u010detna stranica\",\"item\":\"https:\\\/\\\/radioljubuski.ba\\\/\"},{\"@type\":\"ListItem\",\"position\":2,\"name\":\"Omikron ne mo\u017ee izbje\u0107i T stanice, time se spre\u010dava u ve\u0107ini slu\u010dajeva te\u017ei oblik bolesti\"}]},{\"@type\":\"WebSite\",\"@id\":\"https:\\\/\\\/radioljubuski.ba\\\/#website\",\"url\":\"https:\\\/\\\/radioljubuski.ba\\\/\",\"name\":\"Radio Ljubu\u0161ki\",\"description\":\"Sun\u010dana frekvencija Hercegovine\",\"publisher\":{\"@id\":\"https:\\\/\\\/radioljubuski.ba\\\/#organization\"},\"potentialAction\":[{\"@type\":\"SearchAction\",\"target\":{\"@type\":\"EntryPoint\",\"urlTemplate\":\"https:\\\/\\\/radioljubuski.ba\\\/?s={search_term_string}\"},\"query-input\":{\"@type\":\"PropertyValueSpecification\",\"valueRequired\":true,\"valueName\":\"search_term_string\"}}],\"inLanguage\":\"hr\"},{\"@type\":\"Organization\",\"@id\":\"https:\\\/\\\/radioljubuski.ba\\\/#organization\",\"name\":\"Radio Ljubu\u0161ki\",\"url\":\"https:\\\/\\\/radioljubuski.ba\\\/\",\"logo\":{\"@type\":\"ImageObject\",\"inLanguage\":\"hr\",\"@id\":\"https:\\\/\\\/radioljubuski.ba\\\/#\\\/schema\\\/logo\\\/image\\\/\",\"url\":\"https:\\\/\\\/radioljubuski.ba\\\/wp-content\\\/uploads\\\/2021\\\/02\\\/cropped-Radio_Ljubuski_logo1.jpg\",\"contentUrl\":\"https:\\\/\\\/radioljubuski.ba\\\/wp-content\\\/uploads\\\/2021\\\/02\\\/cropped-Radio_Ljubuski_logo1.jpg\",\"width\":512,\"height\":512,\"caption\":\"Radio Ljubu\u0161ki\"},\"image\":{\"@id\":\"https:\\\/\\\/radioljubuski.ba\\\/#\\\/schema\\\/logo\\\/image\\\/\"},\"sameAs\":[\"https:\\\/\\\/www.facebook.com\\\/Radiio-Ljubuski-1490835324566332\",\"https:\\\/\\\/x.com\\\/radioljubuski\",\"https:\\\/\\\/hr.linkedin.com\\\/company\\\/radio-ljubuski\",\"https:\\\/\\\/www.youtube.com\\\/channel\\\/UCHYaeO_n0Db3tjNGudGpXyw\"]},{\"@type\":\"Person\",\"@id\":\"https:\\\/\\\/radioljubuski.ba\\\/#\\\/schema\\\/person\\\/19fc700381a780f69665d7956c469e3b\",\"name\":\"Radio Ljubu\u0161ki\"}]}<\/script>\n<!-- \/ Yoast SEO plugin. -->","yoast_head_json":{"title":"Omikron ne mo\u017ee izbje\u0107i T stanice, time se spre\u010dava u ve\u0107ini slu\u010dajeva te\u017ei oblik bolesti - RADIO LJUBU\u0160KI","robots":{"index":"index","follow":"follow","max-snippet":"max-snippet:-1","max-image-preview":"max-image-preview:large","max-video-preview":"max-video-preview:-1"},"canonical":"https:\/\/radioljubuski.ba\/index.php\/2021\/12\/30\/omikron-ne-moze-izbjeci-t-stanice-time-se-sprecava-u-vecini-slucajeva-tezi-oblik-bolesti\/","og_locale":"hr_HR","og_type":"article","og_title":"Omikron ne mo\u017ee izbje\u0107i T stanice, time se spre\u010dava u ve\u0107ini slu\u010dajeva te\u017ei oblik bolesti - RADIO LJUBU\u0160KI","og_description":"Brojne mutacije omikrona poma\u017eu mu da izbjegne antitijela, prvu liniju obrane organizma od infekcije. Znanstvenici pretpostavljaju da bi i ostale komponente imunosnog odgovora i dalje ciljale omikron, no dosad za to nema dokaza.&nbsp; U eksperimentima in vitro (u epruvetama), istra\u017eiva\u010di iz Ju\u017enoafri\u010dke Republike izlo\u017eili su T stanicama kopije virusa dobrovoljaca koji su primili cjepiva Johnson&amp;Johnsona [&hellip;]","og_url":"https:\/\/radioljubuski.ba\/index.php\/2021\/12\/30\/omikron-ne-moze-izbjeci-t-stanice-time-se-sprecava-u-vecini-slucajeva-tezi-oblik-bolesti\/","og_site_name":"RADIO LJUBU\u0160KI","article_publisher":"https:\/\/www.facebook.com\/Radiio-Ljubuski-1490835324566332","article_published_time":"2021-12-30T10:34:49+00:00","article_modified_time":"2021-12-30T10:34:50+00:00","og_image":[{"width":1280,"height":795,"url":"https:\/\/radioljubuski.ba\/wp-content\/uploads\/2021\/12\/omikron-2.jpg","type":"image\/jpeg"}],"author":"Radio Ljubu\u0161ki","twitter_card":"summary_large_image","twitter_creator":"@radioljubuski","twitter_site":"@radioljubuski","twitter_misc":{"Napisao\/la":"Radio Ljubu\u0161ki","Procijenjeno vrijeme \u010ditanja":"1 minuta"},"schema":{"@context":"https:\/\/schema.org","@graph":[{"@type":"Article","@id":"https:\/\/radioljubuski.ba\/index.php\/2021\/12\/30\/omikron-ne-moze-izbjeci-t-stanice-time-se-sprecava-u-vecini-slucajeva-tezi-oblik-bolesti\/#article","isPartOf":{"@id":"https:\/\/radioljubuski.ba\/index.php\/2021\/12\/30\/omikron-ne-moze-izbjeci-t-stanice-time-se-sprecava-u-vecini-slucajeva-tezi-oblik-bolesti\/"},"author":{"name":"Radio Ljubu\u0161ki","@id":"https:\/\/radioljubuski.ba\/#\/schema\/person\/19fc700381a780f69665d7956c469e3b"},"headline":"Omikron ne mo\u017ee izbje\u0107i T stanice, time se spre\u010dava u ve\u0107ini slu\u010dajeva te\u017ei oblik bolesti","datePublished":"2021-12-30T10:34:49+00:00","dateModified":"2021-12-30T10:34:50+00:00","mainEntityOfPage":{"@id":"https:\/\/radioljubuski.ba\/index.php\/2021\/12\/30\/omikron-ne-moze-izbjeci-t-stanice-time-se-sprecava-u-vecini-slucajeva-tezi-oblik-bolesti\/"},"wordCount":240,"publisher":{"@id":"https:\/\/radioljubuski.ba\/#organization"},"image":{"@id":"https:\/\/radioljubuski.ba\/index.php\/2021\/12\/30\/omikron-ne-moze-izbjeci-t-stanice-time-se-sprecava-u-vecini-slucajeva-tezi-oblik-bolesti\/#primaryimage"},"thumbnailUrl":"https:\/\/radioljubuski.ba\/wp-content\/uploads\/2021\/12\/omikron-2.jpg","articleSection":["BIH i regija"],"inLanguage":"hr"},{"@type":"WebPage","@id":"https:\/\/radioljubuski.ba\/index.php\/2021\/12\/30\/omikron-ne-moze-izbjeci-t-stanice-time-se-sprecava-u-vecini-slucajeva-tezi-oblik-bolesti\/","url":"https:\/\/radioljubuski.ba\/index.php\/2021\/12\/30\/omikron-ne-moze-izbjeci-t-stanice-time-se-sprecava-u-vecini-slucajeva-tezi-oblik-bolesti\/","name":"Omikron ne mo\u017ee izbje\u0107i T stanice, time se spre\u010dava u ve\u0107ini slu\u010dajeva te\u017ei oblik bolesti - RADIO LJUBU\u0160KI","isPartOf":{"@id":"https:\/\/radioljubuski.ba\/#website"},"primaryImageOfPage":{"@id":"https:\/\/radioljubuski.ba\/index.php\/2021\/12\/30\/omikron-ne-moze-izbjeci-t-stanice-time-se-sprecava-u-vecini-slucajeva-tezi-oblik-bolesti\/#primaryimage"},"image":{"@id":"https:\/\/radioljubuski.ba\/index.php\/2021\/12\/30\/omikron-ne-moze-izbjeci-t-stanice-time-se-sprecava-u-vecini-slucajeva-tezi-oblik-bolesti\/#primaryimage"},"thumbnailUrl":"https:\/\/radioljubuski.ba\/wp-content\/uploads\/2021\/12\/omikron-2.jpg","datePublished":"2021-12-30T10:34:49+00:00","dateModified":"2021-12-30T10:34:50+00:00","breadcrumb":{"@id":"https:\/\/radioljubuski.ba\/index.php\/2021\/12\/30\/omikron-ne-moze-izbjeci-t-stanice-time-se-sprecava-u-vecini-slucajeva-tezi-oblik-bolesti\/#breadcrumb"},"inLanguage":"hr","potentialAction":[{"@type":"ReadAction","target":["https:\/\/radioljubuski.ba\/index.php\/2021\/12\/30\/omikron-ne-moze-izbjeci-t-stanice-time-se-sprecava-u-vecini-slucajeva-tezi-oblik-bolesti\/"]}]},{"@type":"ImageObject","inLanguage":"hr","@id":"https:\/\/radioljubuski.ba\/index.php\/2021\/12\/30\/omikron-ne-moze-izbjeci-t-stanice-time-se-sprecava-u-vecini-slucajeva-tezi-oblik-bolesti\/#primaryimage","url":"https:\/\/radioljubuski.ba\/wp-content\/uploads\/2021\/12\/omikron-2.jpg","contentUrl":"https:\/\/radioljubuski.ba\/wp-content\/uploads\/2021\/12\/omikron-2.jpg","width":1280,"height":795},{"@type":"BreadcrumbList","@id":"https:\/\/radioljubuski.ba\/index.php\/2021\/12\/30\/omikron-ne-moze-izbjeci-t-stanice-time-se-sprecava-u-vecini-slucajeva-tezi-oblik-bolesti\/#breadcrumb","itemListElement":[{"@type":"ListItem","position":1,"name":"Po\u010detna stranica","item":"https:\/\/radioljubuski.ba\/"},{"@type":"ListItem","position":2,"name":"Omikron ne mo\u017ee izbje\u0107i T stanice, time se spre\u010dava u ve\u0107ini slu\u010dajeva te\u017ei oblik bolesti"}]},{"@type":"WebSite","@id":"https:\/\/radioljubuski.ba\/#website","url":"https:\/\/radioljubuski.ba\/","name":"Radio Ljubu\u0161ki","description":"Sun\u010dana frekvencija Hercegovine","publisher":{"@id":"https:\/\/radioljubuski.ba\/#organization"},"potentialAction":[{"@type":"SearchAction","target":{"@type":"EntryPoint","urlTemplate":"https:\/\/radioljubuski.ba\/?s={search_term_string}"},"query-input":{"@type":"PropertyValueSpecification","valueRequired":true,"valueName":"search_term_string"}}],"inLanguage":"hr"},{"@type":"Organization","@id":"https:\/\/radioljubuski.ba\/#organization","name":"Radio Ljubu\u0161ki","url":"https:\/\/radioljubuski.ba\/","logo":{"@type":"ImageObject","inLanguage":"hr","@id":"https:\/\/radioljubuski.ba\/#\/schema\/logo\/image\/","url":"https:\/\/radioljubuski.ba\/wp-content\/uploads\/2021\/02\/cropped-Radio_Ljubuski_logo1.jpg","contentUrl":"https:\/\/radioljubuski.ba\/wp-content\/uploads\/2021\/02\/cropped-Radio_Ljubuski_logo1.jpg","width":512,"height":512,"caption":"Radio Ljubu\u0161ki"},"image":{"@id":"https:\/\/radioljubuski.ba\/#\/schema\/logo\/image\/"},"sameAs":["https:\/\/www.facebook.com\/Radiio-Ljubuski-1490835324566332","https:\/\/x.com\/radioljubuski","https:\/\/hr.linkedin.com\/company\/radio-ljubuski","https:\/\/www.youtube.com\/channel\/UCHYaeO_n0Db3tjNGudGpXyw"]},{"@type":"Person","@id":"https:\/\/radioljubuski.ba\/#\/schema\/person\/19fc700381a780f69665d7956c469e3b","name":"Radio Ljubu\u0161ki"}]}},"_links":{"self":[{"href":"https:\/\/radioljubuski.ba\/index.php\/wp-json\/wp\/v2\/posts\/103918","targetHints":{"allow":["GET"]}}],"collection":[{"href":"https:\/\/radioljubuski.ba\/index.php\/wp-json\/wp\/v2\/posts"}],"about":[{"href":"https:\/\/radioljubuski.ba\/index.php\/wp-json\/wp\/v2\/types\/post"}],"author":[{"embeddable":true,"href":"https:\/\/radioljubuski.ba\/index.php\/wp-json\/wp\/v2\/users\/2"}],"replies":[{"embeddable":true,"href":"https:\/\/radioljubuski.ba\/index.php\/wp-json\/wp\/v2\/comments?post=103918"}],"version-history":[{"count":1,"href":"https:\/\/radioljubuski.ba\/index.php\/wp-json\/wp\/v2\/posts\/103918\/revisions"}],"predecessor-version":[{"id":103919,"href":"https:\/\/radioljubuski.ba\/index.php\/wp-json\/wp\/v2\/posts\/103918\/revisions\/103919"}],"wp:featuredmedia":[{"embeddable":true,"href":"https:\/\/radioljubuski.ba\/index.php\/wp-json\/wp\/v2\/media\/98228"}],"wp:attachment":[{"href":"https:\/\/radioljubuski.ba\/index.php\/wp-json\/wp\/v2\/media?parent=103918"}],"wp:term":[{"taxonomy":"category","embeddable":true,"href":"https:\/\/radioljubuski.ba\/index.php\/wp-json\/wp\/v2\/categories?post=103918"},{"taxonomy":"post_tag","embeddable":true,"href":"https:\/\/radioljubuski.ba\/index.php\/wp-json\/wp\/v2\/tags?post=103918"}],"curies":[{"name":"wp","href":"https:\/\/api.w.org\/{rel}","templated":true}]}}