{"id":103922,"date":"2021-12-30T11:37:40","date_gmt":"2021-12-30T10:37:40","guid":{"rendered":"https:\/\/radioljubuski.ba\/?p=103922"},"modified":"2021-12-30T11:37:41","modified_gmt":"2021-12-30T10:37:41","slug":"najbolji-hrvatski-pivot-ostaje-bez-rukometnog-eura-izbornik-horvat-ga-nema-u-svojim-planovima","status":"publish","type":"post","link":"https:\/\/radioljubuski.ba\/index.php\/2021\/12\/30\/najbolji-hrvatski-pivot-ostaje-bez-rukometnog-eura-izbornik-horvat-ga-nema-u-svojim-planovima\/","title":{"rendered":"Najbolji hrvatski pivot ostaje bez rukometnog Eura: Izbornik Horvat ga nema u svojim planovima"},"content":{"rendered":"\n<p><strong>Ostalo je 15 dana do po\u010detka Europskog rukometnog prvenstva 2022., a hrvatski rukometa\u0161i krenuli su s pripremama za natjecanje.<\/strong><\/p>\n\n\n\n<p>Izbornik <strong>Hrvoje Horvat <\/strong>napravio je ogromne promjene u reprezentaciji. \u017deli pomladiti kadar pa nije htio pozvati svoje ponajbolje igra\u010de. Na Euru ne\u0107e sigurno biti Igora Kara\u010di\u0107a, Manuela \u0160trleka, a kako saznajemo, i Marina Mari\u0107a najboljeg hrvatskog pivota. <strong>Marin \u0160ego<\/strong> je na \u010dekanju, ne zna se ho\u0107e li biti pozvan. Na Euru \u0107e braniti vjerojatno Pe\u0161i\u0107 i \u0160unji\u0107.<\/p>\n\n\n\n<p>Marino Mari\u0107 ima samo 31 godinu i igra u najja\u010doj ligi svijeta za Melsungen, no izbornik se na poziciji pivota odlu\u010dio za Marina \u0160ipi\u0107a, Nikolu Grahovca i Leona \u0160u\u0161nju jer \u017eeli pomladiti mom\u010dad.<\/p>\n\n\n\n<h2 class=\"wp-block-heading\">Mari\u0107 me\u0111u najboljima prije godinu dana<\/h2>\n\n\n\n<p>Hrvatska igra jako puno ovisi o raspolo\u017eenosti pivota. Na mnogim prvenstvima upravo je <strong>Marino Mari\u0107 <\/strong>bio taj koji je ponekad jedini vukao uz<strong> Domagoja Duvnjaka<\/strong> kada nam nije i\u0161ao vanjski \u0161ut i poku\u0161aji s krila, a na Euro idemo samo s jednom provjerenom opcijom, a to je <strong>Marin \u0160ipi\u0107.<\/strong> Pivot PPD Zagreba nedavno se tek vratio nakon operacije ramena i nije sigurno u kakvoj \u0107e formi do\u010dekati prvenstvo pa je i to upitno, pi\u0161e Gol.hr.<\/p>\n\n\n\n<p>Vjerojatno ne postoji ni logi\u010dno obja\u0161njenje zbog \u010dega nema Marina Mari\u0107a ba\u0161 iz tog razloga jer je hrvatski napad bio nezamisliv bez njega u pro\u0161losti. Igra u daleko najja\u010doj ligi i klubu od pozvanih kru\u017enih napada\u010da. Bio je tu i <strong>\u017deljko Musa<\/strong>, ali njega je tada\u0161nji izbornik <strong>Lino \u010cervar<\/strong> koristio samo u obrani gdje je bio odli\u010dan, no kako je igrao samo u jednom pravcu usporavao je hrvatski napad odlaze\u0107i na klupu.<\/p>\n\n\n\n<p>Horvat ima viziju brzog rukometa koji se danas igra u gotovo svim reprezentacijama pa \u017eeli \u0161to manje izmjena iz obrane u napad i zbog toga nije zvao Musu.<\/p>\n\n\n\n<p>\u010cak si i rijetko koja europska reprezentacija mo\u017ee priu\u0161titi izostanak pivota poput Marina Mari\u0107a, ali hrvatski izbornik se ipak odlu\u010dio za druge tri opcije.<\/p>\n\n\n\n<p>Hrvatska je na ovogodi\u0161njem Svjetskom prvenstvu u Egiptu jako podbacila i zavr\u0161ila tek na 15. mjestu, ali jedna od rijetkih svijetlih to\u010daka u igri Hrvatske bio je ba\u0161 Marino Mari\u0107. Japanu je zabio sedam, Angoli \u010detiri, Katru pet, Bahreinu \u010detiri i Danskoj \u0161est golova. U dvije utakmice na prvenstvu je bio najbolji strijelac, no sve je to palo u zaborav godinu dana nakon.<\/p>\n\n\n\n<h2 class=\"wp-block-heading\">Ho\u0107e li se izbornik predomisliti u sljede\u0107im danima?<\/h2>\n\n\n\n<p>Na zadnjem popisu objavljenom 26. prosinca nije bilo igra\u010da iz Bundeslige jer oni tek dolaze 1. sije\u010dnja, ali saznajemo kako Mari\u0107a ipak ne\u0107e biti na kona\u010dnom popisu.<\/p>\n\n\n\n<p>Do kona\u010dne objave popisa ostalo je jo\u0161 nekoliko dana pa Mari\u0107 mo\u017ee biti naknadno pozvan u slu\u010daju neke ozljede ili u slu\u010daju da izbornik promijeni mi\u0161ljenje.<\/p>\n\n\n\n<p>\/HMS\/<\/p>\n","protected":false},"excerpt":{"rendered":"<p>Ostalo je 15 dana do po\u010detka Europskog rukometnog prvenstva 2022., a hrvatski rukometa\u0161i krenuli su s pripremama za natjecanje. Izbornik Hrvoje Horvat napravio je ogromne promjene u reprezentaciji. \u017deli pomladiti kadar pa nije htio pozvati svoje ponajbolje igra\u010de. Na Euru ne\u0107e sigurno biti Igora Kara\u010di\u0107a, Manuela \u0160trleka, a kako saznajemo, i Marina Mari\u0107a najboljeg hrvatskog [&hellip;]<\/p>\n","protected":false},"author":2,"featured_media":103923,"comment_status":"closed","ping_status":"closed","sticky":false,"template":"","format":"standard","meta":{"h5ap_radio_sources":[],"footnotes":""},"categories":[7],"tags":[],"class_list":["post-103922","post","type-post","status-publish","format-standard","has-post-thumbnail","hentry","category-sport"],"yoast_head":"<!-- This site is optimized with the Yoast SEO plugin v27.4 - https:\/\/yoast.com\/product\/yoast-seo-wordpress\/ -->\n<title>Najbolji hrvatski pivot ostaje bez rukometnog Eura: Izbornik Horvat ga nema u svojim planovima - RADIO LJUBU\u0160KI<\/title>\n<meta name=\"robots\" content=\"index, follow, max-snippet:-1, max-image-preview:large, max-video-preview:-1\" \/>\n<link rel=\"canonical\" href=\"https:\/\/radioljubuski.ba\/index.php\/2021\/12\/30\/najbolji-hrvatski-pivot-ostaje-bez-rukometnog-eura-izbornik-horvat-ga-nema-u-svojim-planovima\/\" \/>\n<meta property=\"og:locale\" content=\"hr_HR\" \/>\n<meta property=\"og:type\" content=\"article\" \/>\n<meta property=\"og:title\" content=\"Najbolji hrvatski pivot ostaje bez rukometnog Eura: Izbornik Horvat ga nema u svojim planovima - RADIO LJUBU\u0160KI\" \/>\n<meta property=\"og:description\" content=\"Ostalo je 15 dana do po\u010detka Europskog rukometnog prvenstva 2022., a hrvatski rukometa\u0161i krenuli su s pripremama za natjecanje. Izbornik Hrvoje Horvat napravio je ogromne promjene u reprezentaciji. \u017deli pomladiti kadar pa nije htio pozvati svoje ponajbolje igra\u010de. Na Euru ne\u0107e sigurno biti Igora Kara\u010di\u0107a, Manuela \u0160trleka, a kako saznajemo, i Marina Mari\u0107a najboljeg hrvatskog [&hellip;]\" \/>\n<meta property=\"og:url\" content=\"https:\/\/radioljubuski.ba\/index.php\/2021\/12\/30\/najbolji-hrvatski-pivot-ostaje-bez-rukometnog-eura-izbornik-horvat-ga-nema-u-svojim-planovima\/\" \/>\n<meta property=\"og:site_name\" content=\"RADIO LJUBU\u0160KI\" \/>\n<meta property=\"article:publisher\" content=\"https:\/\/www.facebook.com\/Radiio-Ljubuski-1490835324566332\" \/>\n<meta property=\"article:published_time\" content=\"2021-12-30T10:37:40+00:00\" \/>\n<meta property=\"article:modified_time\" content=\"2021-12-30T10:37:41+00:00\" \/>\n<meta property=\"og:image\" content=\"https:\/\/radioljubuski.ba\/wp-content\/uploads\/2021\/12\/maric-1068x527-1.jpg\" \/>\n\t<meta property=\"og:image:width\" content=\"1068\" \/>\n\t<meta property=\"og:image:height\" content=\"527\" \/>\n\t<meta property=\"og:image:type\" content=\"image\/jpeg\" \/>\n<meta name=\"author\" content=\"Radio Ljubu\u0161ki\" \/>\n<meta name=\"twitter:card\" content=\"summary_large_image\" \/>\n<meta name=\"twitter:creator\" content=\"@radioljubuski\" \/>\n<meta name=\"twitter:site\" content=\"@radioljubuski\" \/>\n<meta name=\"twitter:label1\" content=\"Napisao\/la\" \/>\n\t<meta name=\"twitter:data1\" content=\"Radio Ljubu\u0161ki\" \/>\n\t<meta name=\"twitter:label2\" content=\"Procijenjeno vrijeme \u010ditanja\" \/>\n\t<meta name=\"twitter:data2\" content=\"2 minute\" \/>\n<script type=\"application\/ld+json\" class=\"yoast-schema-graph\">{\"@context\":\"https:\\\/\\\/schema.org\",\"@graph\":[{\"@type\":\"Article\",\"@id\":\"https:\\\/\\\/radioljubuski.ba\\\/index.php\\\/2021\\\/12\\\/30\\\/najbolji-hrvatski-pivot-ostaje-bez-rukometnog-eura-izbornik-horvat-ga-nema-u-svojim-planovima\\\/#article\",\"isPartOf\":{\"@id\":\"https:\\\/\\\/radioljubuski.ba\\\/index.php\\\/2021\\\/12\\\/30\\\/najbolji-hrvatski-pivot-ostaje-bez-rukometnog-eura-izbornik-horvat-ga-nema-u-svojim-planovima\\\/\"},\"author\":{\"name\":\"Radio Ljubu\u0161ki\",\"@id\":\"https:\\\/\\\/radioljubuski.ba\\\/#\\\/schema\\\/person\\\/19fc700381a780f69665d7956c469e3b\"},\"headline\":\"Najbolji hrvatski pivot ostaje bez rukometnog Eura: Izbornik Horvat ga nema u svojim planovima\",\"datePublished\":\"2021-12-30T10:37:40+00:00\",\"dateModified\":\"2021-12-30T10:37:41+00:00\",\"mainEntityOfPage\":{\"@id\":\"https:\\\/\\\/radioljubuski.ba\\\/index.php\\\/2021\\\/12\\\/30\\\/najbolji-hrvatski-pivot-ostaje-bez-rukometnog-eura-izbornik-horvat-ga-nema-u-svojim-planovima\\\/\"},\"wordCount\":497,\"publisher\":{\"@id\":\"https:\\\/\\\/radioljubuski.ba\\\/#organization\"},\"image\":{\"@id\":\"https:\\\/\\\/radioljubuski.ba\\\/index.php\\\/2021\\\/12\\\/30\\\/najbolji-hrvatski-pivot-ostaje-bez-rukometnog-eura-izbornik-horvat-ga-nema-u-svojim-planovima\\\/#primaryimage\"},\"thumbnailUrl\":\"https:\\\/\\\/radioljubuski.ba\\\/wp-content\\\/uploads\\\/2021\\\/12\\\/maric-1068x527-1.jpg\",\"articleSection\":[\"\u0160port\"],\"inLanguage\":\"hr\"},{\"@type\":\"WebPage\",\"@id\":\"https:\\\/\\\/radioljubuski.ba\\\/index.php\\\/2021\\\/12\\\/30\\\/najbolji-hrvatski-pivot-ostaje-bez-rukometnog-eura-izbornik-horvat-ga-nema-u-svojim-planovima\\\/\",\"url\":\"https:\\\/\\\/radioljubuski.ba\\\/index.php\\\/2021\\\/12\\\/30\\\/najbolji-hrvatski-pivot-ostaje-bez-rukometnog-eura-izbornik-horvat-ga-nema-u-svojim-planovima\\\/\",\"name\":\"Najbolji hrvatski pivot ostaje bez rukometnog Eura: Izbornik Horvat ga nema u svojim planovima - RADIO LJUBU\u0160KI\",\"isPartOf\":{\"@id\":\"https:\\\/\\\/radioljubuski.ba\\\/#website\"},\"primaryImageOfPage\":{\"@id\":\"https:\\\/\\\/radioljubuski.ba\\\/index.php\\\/2021\\\/12\\\/30\\\/najbolji-hrvatski-pivot-ostaje-bez-rukometnog-eura-izbornik-horvat-ga-nema-u-svojim-planovima\\\/#primaryimage\"},\"image\":{\"@id\":\"https:\\\/\\\/radioljubuski.ba\\\/index.php\\\/2021\\\/12\\\/30\\\/najbolji-hrvatski-pivot-ostaje-bez-rukometnog-eura-izbornik-horvat-ga-nema-u-svojim-planovima\\\/#primaryimage\"},\"thumbnailUrl\":\"https:\\\/\\\/radioljubuski.ba\\\/wp-content\\\/uploads\\\/2021\\\/12\\\/maric-1068x527-1.jpg\",\"datePublished\":\"2021-12-30T10:37:40+00:00\",\"dateModified\":\"2021-12-30T10:37:41+00:00\",\"breadcrumb\":{\"@id\":\"https:\\\/\\\/radioljubuski.ba\\\/index.php\\\/2021\\\/12\\\/30\\\/najbolji-hrvatski-pivot-ostaje-bez-rukometnog-eura-izbornik-horvat-ga-nema-u-svojim-planovima\\\/#breadcrumb\"},\"inLanguage\":\"hr\",\"potentialAction\":[{\"@type\":\"ReadAction\",\"target\":[\"https:\\\/\\\/radioljubuski.ba\\\/index.php\\\/2021\\\/12\\\/30\\\/najbolji-hrvatski-pivot-ostaje-bez-rukometnog-eura-izbornik-horvat-ga-nema-u-svojim-planovima\\\/\"]}]},{\"@type\":\"ImageObject\",\"inLanguage\":\"hr\",\"@id\":\"https:\\\/\\\/radioljubuski.ba\\\/index.php\\\/2021\\\/12\\\/30\\\/najbolji-hrvatski-pivot-ostaje-bez-rukometnog-eura-izbornik-horvat-ga-nema-u-svojim-planovima\\\/#primaryimage\",\"url\":\"https:\\\/\\\/radioljubuski.ba\\\/wp-content\\\/uploads\\\/2021\\\/12\\\/maric-1068x527-1.jpg\",\"contentUrl\":\"https:\\\/\\\/radioljubuski.ba\\\/wp-content\\\/uploads\\\/2021\\\/12\\\/maric-1068x527-1.jpg\",\"width\":1068,\"height\":527},{\"@type\":\"BreadcrumbList\",\"@id\":\"https:\\\/\\\/radioljubuski.ba\\\/index.php\\\/2021\\\/12\\\/30\\\/najbolji-hrvatski-pivot-ostaje-bez-rukometnog-eura-izbornik-horvat-ga-nema-u-svojim-planovima\\\/#breadcrumb\",\"itemListElement\":[{\"@type\":\"ListItem\",\"position\":1,\"name\":\"Po\u010detna stranica\",\"item\":\"https:\\\/\\\/radioljubuski.ba\\\/\"},{\"@type\":\"ListItem\",\"position\":2,\"name\":\"Najbolji hrvatski pivot ostaje bez rukometnog Eura: Izbornik Horvat ga nema u svojim planovima\"}]},{\"@type\":\"WebSite\",\"@id\":\"https:\\\/\\\/radioljubuski.ba\\\/#website\",\"url\":\"https:\\\/\\\/radioljubuski.ba\\\/\",\"name\":\"Radio Ljubu\u0161ki\",\"description\":\"Sun\u010dana frekvencija Hercegovine\",\"publisher\":{\"@id\":\"https:\\\/\\\/radioljubuski.ba\\\/#organization\"},\"potentialAction\":[{\"@type\":\"SearchAction\",\"target\":{\"@type\":\"EntryPoint\",\"urlTemplate\":\"https:\\\/\\\/radioljubuski.ba\\\/?s={search_term_string}\"},\"query-input\":{\"@type\":\"PropertyValueSpecification\",\"valueRequired\":true,\"valueName\":\"search_term_string\"}}],\"inLanguage\":\"hr\"},{\"@type\":\"Organization\",\"@id\":\"https:\\\/\\\/radioljubuski.ba\\\/#organization\",\"name\":\"Radio Ljubu\u0161ki\",\"url\":\"https:\\\/\\\/radioljubuski.ba\\\/\",\"logo\":{\"@type\":\"ImageObject\",\"inLanguage\":\"hr\",\"@id\":\"https:\\\/\\\/radioljubuski.ba\\\/#\\\/schema\\\/logo\\\/image\\\/\",\"url\":\"https:\\\/\\\/radioljubuski.ba\\\/wp-content\\\/uploads\\\/2021\\\/02\\\/cropped-Radio_Ljubuski_logo1.jpg\",\"contentUrl\":\"https:\\\/\\\/radioljubuski.ba\\\/wp-content\\\/uploads\\\/2021\\\/02\\\/cropped-Radio_Ljubuski_logo1.jpg\",\"width\":512,\"height\":512,\"caption\":\"Radio Ljubu\u0161ki\"},\"image\":{\"@id\":\"https:\\\/\\\/radioljubuski.ba\\\/#\\\/schema\\\/logo\\\/image\\\/\"},\"sameAs\":[\"https:\\\/\\\/www.facebook.com\\\/Radiio-Ljubuski-1490835324566332\",\"https:\\\/\\\/x.com\\\/radioljubuski\",\"https:\\\/\\\/hr.linkedin.com\\\/company\\\/radio-ljubuski\",\"https:\\\/\\\/www.youtube.com\\\/channel\\\/UCHYaeO_n0Db3tjNGudGpXyw\"]},{\"@type\":\"Person\",\"@id\":\"https:\\\/\\\/radioljubuski.ba\\\/#\\\/schema\\\/person\\\/19fc700381a780f69665d7956c469e3b\",\"name\":\"Radio Ljubu\u0161ki\"}]}<\/script>\n<!-- \/ Yoast SEO plugin. -->","yoast_head_json":{"title":"Najbolji hrvatski pivot ostaje bez rukometnog Eura: Izbornik Horvat ga nema u svojim planovima - RADIO LJUBU\u0160KI","robots":{"index":"index","follow":"follow","max-snippet":"max-snippet:-1","max-image-preview":"max-image-preview:large","max-video-preview":"max-video-preview:-1"},"canonical":"https:\/\/radioljubuski.ba\/index.php\/2021\/12\/30\/najbolji-hrvatski-pivot-ostaje-bez-rukometnog-eura-izbornik-horvat-ga-nema-u-svojim-planovima\/","og_locale":"hr_HR","og_type":"article","og_title":"Najbolji hrvatski pivot ostaje bez rukometnog Eura: Izbornik Horvat ga nema u svojim planovima - RADIO LJUBU\u0160KI","og_description":"Ostalo je 15 dana do po\u010detka Europskog rukometnog prvenstva 2022., a hrvatski rukometa\u0161i krenuli su s pripremama za natjecanje. Izbornik Hrvoje Horvat napravio je ogromne promjene u reprezentaciji. \u017deli pomladiti kadar pa nije htio pozvati svoje ponajbolje igra\u010de. Na Euru ne\u0107e sigurno biti Igora Kara\u010di\u0107a, Manuela \u0160trleka, a kako saznajemo, i Marina Mari\u0107a najboljeg hrvatskog [&hellip;]","og_url":"https:\/\/radioljubuski.ba\/index.php\/2021\/12\/30\/najbolji-hrvatski-pivot-ostaje-bez-rukometnog-eura-izbornik-horvat-ga-nema-u-svojim-planovima\/","og_site_name":"RADIO LJUBU\u0160KI","article_publisher":"https:\/\/www.facebook.com\/Radiio-Ljubuski-1490835324566332","article_published_time":"2021-12-30T10:37:40+00:00","article_modified_time":"2021-12-30T10:37:41+00:00","og_image":[{"width":1068,"height":527,"url":"https:\/\/radioljubuski.ba\/wp-content\/uploads\/2021\/12\/maric-1068x527-1.jpg","type":"image\/jpeg"}],"author":"Radio Ljubu\u0161ki","twitter_card":"summary_large_image","twitter_creator":"@radioljubuski","twitter_site":"@radioljubuski","twitter_misc":{"Napisao\/la":"Radio Ljubu\u0161ki","Procijenjeno vrijeme \u010ditanja":"2 minute"},"schema":{"@context":"https:\/\/schema.org","@graph":[{"@type":"Article","@id":"https:\/\/radioljubuski.ba\/index.php\/2021\/12\/30\/najbolji-hrvatski-pivot-ostaje-bez-rukometnog-eura-izbornik-horvat-ga-nema-u-svojim-planovima\/#article","isPartOf":{"@id":"https:\/\/radioljubuski.ba\/index.php\/2021\/12\/30\/najbolji-hrvatski-pivot-ostaje-bez-rukometnog-eura-izbornik-horvat-ga-nema-u-svojim-planovima\/"},"author":{"name":"Radio Ljubu\u0161ki","@id":"https:\/\/radioljubuski.ba\/#\/schema\/person\/19fc700381a780f69665d7956c469e3b"},"headline":"Najbolji hrvatski pivot ostaje bez rukometnog Eura: Izbornik Horvat ga nema u svojim planovima","datePublished":"2021-12-30T10:37:40+00:00","dateModified":"2021-12-30T10:37:41+00:00","mainEntityOfPage":{"@id":"https:\/\/radioljubuski.ba\/index.php\/2021\/12\/30\/najbolji-hrvatski-pivot-ostaje-bez-rukometnog-eura-izbornik-horvat-ga-nema-u-svojim-planovima\/"},"wordCount":497,"publisher":{"@id":"https:\/\/radioljubuski.ba\/#organization"},"image":{"@id":"https:\/\/radioljubuski.ba\/index.php\/2021\/12\/30\/najbolji-hrvatski-pivot-ostaje-bez-rukometnog-eura-izbornik-horvat-ga-nema-u-svojim-planovima\/#primaryimage"},"thumbnailUrl":"https:\/\/radioljubuski.ba\/wp-content\/uploads\/2021\/12\/maric-1068x527-1.jpg","articleSection":["\u0160port"],"inLanguage":"hr"},{"@type":"WebPage","@id":"https:\/\/radioljubuski.ba\/index.php\/2021\/12\/30\/najbolji-hrvatski-pivot-ostaje-bez-rukometnog-eura-izbornik-horvat-ga-nema-u-svojim-planovima\/","url":"https:\/\/radioljubuski.ba\/index.php\/2021\/12\/30\/najbolji-hrvatski-pivot-ostaje-bez-rukometnog-eura-izbornik-horvat-ga-nema-u-svojim-planovima\/","name":"Najbolji hrvatski pivot ostaje bez rukometnog Eura: Izbornik Horvat ga nema u svojim planovima - RADIO LJUBU\u0160KI","isPartOf":{"@id":"https:\/\/radioljubuski.ba\/#website"},"primaryImageOfPage":{"@id":"https:\/\/radioljubuski.ba\/index.php\/2021\/12\/30\/najbolji-hrvatski-pivot-ostaje-bez-rukometnog-eura-izbornik-horvat-ga-nema-u-svojim-planovima\/#primaryimage"},"image":{"@id":"https:\/\/radioljubuski.ba\/index.php\/2021\/12\/30\/najbolji-hrvatski-pivot-ostaje-bez-rukometnog-eura-izbornik-horvat-ga-nema-u-svojim-planovima\/#primaryimage"},"thumbnailUrl":"https:\/\/radioljubuski.ba\/wp-content\/uploads\/2021\/12\/maric-1068x527-1.jpg","datePublished":"2021-12-30T10:37:40+00:00","dateModified":"2021-12-30T10:37:41+00:00","breadcrumb":{"@id":"https:\/\/radioljubuski.ba\/index.php\/2021\/12\/30\/najbolji-hrvatski-pivot-ostaje-bez-rukometnog-eura-izbornik-horvat-ga-nema-u-svojim-planovima\/#breadcrumb"},"inLanguage":"hr","potentialAction":[{"@type":"ReadAction","target":["https:\/\/radioljubuski.ba\/index.php\/2021\/12\/30\/najbolji-hrvatski-pivot-ostaje-bez-rukometnog-eura-izbornik-horvat-ga-nema-u-svojim-planovima\/"]}]},{"@type":"ImageObject","inLanguage":"hr","@id":"https:\/\/radioljubuski.ba\/index.php\/2021\/12\/30\/najbolji-hrvatski-pivot-ostaje-bez-rukometnog-eura-izbornik-horvat-ga-nema-u-svojim-planovima\/#primaryimage","url":"https:\/\/radioljubuski.ba\/wp-content\/uploads\/2021\/12\/maric-1068x527-1.jpg","contentUrl":"https:\/\/radioljubuski.ba\/wp-content\/uploads\/2021\/12\/maric-1068x527-1.jpg","width":1068,"height":527},{"@type":"BreadcrumbList","@id":"https:\/\/radioljubuski.ba\/index.php\/2021\/12\/30\/najbolji-hrvatski-pivot-ostaje-bez-rukometnog-eura-izbornik-horvat-ga-nema-u-svojim-planovima\/#breadcrumb","itemListElement":[{"@type":"ListItem","position":1,"name":"Po\u010detna stranica","item":"https:\/\/radioljubuski.ba\/"},{"@type":"ListItem","position":2,"name":"Najbolji hrvatski pivot ostaje bez rukometnog Eura: Izbornik Horvat ga nema u svojim planovima"}]},{"@type":"WebSite","@id":"https:\/\/radioljubuski.ba\/#website","url":"https:\/\/radioljubuski.ba\/","name":"Radio Ljubu\u0161ki","description":"Sun\u010dana frekvencija Hercegovine","publisher":{"@id":"https:\/\/radioljubuski.ba\/#organization"},"potentialAction":[{"@type":"SearchAction","target":{"@type":"EntryPoint","urlTemplate":"https:\/\/radioljubuski.ba\/?s={search_term_string}"},"query-input":{"@type":"PropertyValueSpecification","valueRequired":true,"valueName":"search_term_string"}}],"inLanguage":"hr"},{"@type":"Organization","@id":"https:\/\/radioljubuski.ba\/#organization","name":"Radio Ljubu\u0161ki","url":"https:\/\/radioljubuski.ba\/","logo":{"@type":"ImageObject","inLanguage":"hr","@id":"https:\/\/radioljubuski.ba\/#\/schema\/logo\/image\/","url":"https:\/\/radioljubuski.ba\/wp-content\/uploads\/2021\/02\/cropped-Radio_Ljubuski_logo1.jpg","contentUrl":"https:\/\/radioljubuski.ba\/wp-content\/uploads\/2021\/02\/cropped-Radio_Ljubuski_logo1.jpg","width":512,"height":512,"caption":"Radio Ljubu\u0161ki"},"image":{"@id":"https:\/\/radioljubuski.ba\/#\/schema\/logo\/image\/"},"sameAs":["https:\/\/www.facebook.com\/Radiio-Ljubuski-1490835324566332","https:\/\/x.com\/radioljubuski","https:\/\/hr.linkedin.com\/company\/radio-ljubuski","https:\/\/www.youtube.com\/channel\/UCHYaeO_n0Db3tjNGudGpXyw"]},{"@type":"Person","@id":"https:\/\/radioljubuski.ba\/#\/schema\/person\/19fc700381a780f69665d7956c469e3b","name":"Radio Ljubu\u0161ki"}]}},"_links":{"self":[{"href":"https:\/\/radioljubuski.ba\/index.php\/wp-json\/wp\/v2\/posts\/103922","targetHints":{"allow":["GET"]}}],"collection":[{"href":"https:\/\/radioljubuski.ba\/index.php\/wp-json\/wp\/v2\/posts"}],"about":[{"href":"https:\/\/radioljubuski.ba\/index.php\/wp-json\/wp\/v2\/types\/post"}],"author":[{"embeddable":true,"href":"https:\/\/radioljubuski.ba\/index.php\/wp-json\/wp\/v2\/users\/2"}],"replies":[{"embeddable":true,"href":"https:\/\/radioljubuski.ba\/index.php\/wp-json\/wp\/v2\/comments?post=103922"}],"version-history":[{"count":1,"href":"https:\/\/radioljubuski.ba\/index.php\/wp-json\/wp\/v2\/posts\/103922\/revisions"}],"predecessor-version":[{"id":103924,"href":"https:\/\/radioljubuski.ba\/index.php\/wp-json\/wp\/v2\/posts\/103922\/revisions\/103924"}],"wp:featuredmedia":[{"embeddable":true,"href":"https:\/\/radioljubuski.ba\/index.php\/wp-json\/wp\/v2\/media\/103923"}],"wp:attachment":[{"href":"https:\/\/radioljubuski.ba\/index.php\/wp-json\/wp\/v2\/media?parent=103922"}],"wp:term":[{"taxonomy":"category","embeddable":true,"href":"https:\/\/radioljubuski.ba\/index.php\/wp-json\/wp\/v2\/categories?post=103922"},{"taxonomy":"post_tag","embeddable":true,"href":"https:\/\/radioljubuski.ba\/index.php\/wp-json\/wp\/v2\/tags?post=103922"}],"curies":[{"name":"wp","href":"https:\/\/api.w.org\/{rel}","templated":true}]}}